{"id":5705,"date":"2014-01-09T11:16:51","date_gmt":"2014-01-09T10:16:51","guid":{"rendered":"https:\/\/www.athome.lu\/blog\/services\/conseils\/?p=5705"},"modified":"2022-05-11T09:12:47","modified_gmt":"2022-05-11T07:12:47","slug":"bettembourg-entre-ville-campagne","status":"publish","type":"post","link":"https:\/\/www.athome.lu\/blog\/de\/marche-immobilier\/villes\/bettembourg-entre-ville-campagne\/","title":{"rendered":"Bettemburg, zwischen Stadt und Land"},"content":{"rendered":"<p style=\"text-align: justify;\">\n<p style=\"text-align: justify;\"><span style=\"color: #000000;\">Die beliebte Stadt Bettemburg verf\u00fcgt \u00fcber zahlreiche Vorteile, sowohl in wirtschaftlicher als auch in touristischer und \u00f6kologischer Hinsicht. Au\u00dferdem verf\u00fcgt es \u00fcber eine ideale Anbindung an die Hauptstadt.<\/span><\/p>\n<p style=\"text-align: justify;\"><span style=\"color: #000000;\">Die Stadt Bettemburg hat mehr als ein Wunder zu bieten. Die Gemeinde, die im Zentrum der s\u00fcdlichen Region des Landes liegt, ist weithin f\u00fcr ihren wunderbaren Park bekannt, der als touristisches Highlight des Gro\u00dfherzogtums gilt. Sie befindet sich im Herzen der gro\u00dfherzoglichen Landschaft und ist dennoch sehr nah an der Hauptstadt. Diese N\u00e4he ist nicht nur geografisch bedingt. Sie wird vor allem durch die Verbindungen von Bettemburg mit Luxemburg-Stadt und der gesamten Region aufrechterhalten. Die Stadt bietet nicht nur einen direkten Zugang zur A31, sondern ist auch einer der wichtigsten Eisenbahnknotenpunkte des Landes. Von Bettemburg aus gibt es schnelle Zugverbindungen in die Hauptstadt, aber auch nach Frankreich, Deutschland und Belgien.<\/span><\/p>\n<p style=\"text-align: justify;\"><span style=\"color: #000000;\">Es ist daher nicht verwunderlich, dass Bettemburg expandiert. Heute z\u00e4hlt die Stadt mehr als 10.000 Einwohner, die sich auf f\u00fcnf Ortschaften verteilen, und die Bev\u00f6lkerungszahl w\u00e4chst, ist aber unter Kontrolle. Die Gemeindebeh\u00f6rden bef\u00fcrworten ein moderates Bev\u00f6lkerungswachstum im Rahmen des Wohnungspakts, d.h. 1,5% pro Jahr.<\/span><\/p>\n<p style=\"text-align: justify;\"><span style=\"color: #000000;\">Bettemburg will eine gastfreundliche Stadt mit echtem Entwicklungspotenzial sein. In der Tat sind zehntausend Einwohner nicht gerade eine Stadt. Aber es ist auch nicht mehr wirklich das Land. Bettemburg positioniert sich also auf halbem Weg und setzt auf den gr\u00fcnen Tourismus, aber auch auf klar identifizierte Schwerpunkte der wirtschaftlichen Entwicklung.<\/span><\/p>\n<p style=\"text-align: justify;\"><span style=\"color: #000000;\"><b>Touristische St\u00e4rken<\/b><\/span><\/p>\n<p style=\"text-align: justify;\"><span style=\"color: #000000;\">Wenn man \u00fcber das touristische Potenzial von Bettemburg spricht, darf man den Parc merveilleux nicht unerw\u00e4hnt lassen. Und das aus gutem Grund, denn er ist nicht weniger als der einzige Freizeitpark im Gro\u00dfherzogtum Luxemburg. Jedes Jahr kommen rund 225.000 Besucher, um Tiere aus allen f\u00fcnf Kontinenten zu entdecken, die Spielpl\u00e4tze zu nutzen und die animierten M\u00e4rchen zu bewundern, die hier erz\u00e4hlt werden. Die touristische Anziehungskraft der Stadt reicht jedoch weit \u00fcber diesen Park hinaus. Hier wird die Verbindung zur Natur st\u00e4ndig gepflegt, zwischen kleinen G\u00e4rten und weitl\u00e4ufigen Landschaften. Einheimische und Besucher k\u00f6nnen sich dar\u00fcber hinaus an einem ausgezeichneten Netz von Waldspazierg\u00e4ngen erfreuen. Bettemburg ist von drei Naturschutzgebieten umringt.<\/span><\/p>\n<p style=\"text-align: justify;\"><span style=\"color: #000000;\">Dar\u00fcber hinaus verf\u00fcgt Bettemburg \u00fcber eine umfassende touristische Infrastruktur: Hallenbad mit Rutschen und Wellness (Saunen, T\u00fcrkisches Bad, Dampfbad), Hotels, zahlreiche Restaurants (franz\u00f6sisch, italienisch, chinesisch) und ein Kino, von denen sowohl Besucher als auch Einheimische profitieren.<\/span><\/p>\n<p style=\"text-align: justify;\"><span style=\"color: #000000;\"><b>Wachsen und dabei den geselligen Charakter bewahren<\/b><\/span><\/p>\n<p style=\"text-align: justify;\"><span style=\"color: #000000;\">Abgesehen vom Verkehr, der zu den Sto\u00dfzeiten manchmal stockend ist, hat Bettemburg den Anschein einer friedlichen Stadt. Zu beiden Seiten der Eisenbahnlinie, die die Stadt in zwei H\u00e4lften teilt, breitet sich die Stadt aus, strukturiert durch die Hauptstra\u00dfen und Handelswege, die sie durchziehen. \u00d6ffentliche Parks bieten den Einwohnern die M\u00f6glichkeit, sich im Herzen einer Stadt zu erholen, die die gr\u00fcnen Aspekte nie vernachl\u00e4ssigt hat.<\/span><\/p>\n<p style=\"text-align: justify;\"><span style=\"color: #000000;\">Wenn Bettemburg eine wachsende Stadt ist, werden regelm\u00e4\u00dfig neue Wohnungen geschaffen. Im Herzen von Bettemburg selbst will man diesen freundlichen Charakter bewahren, mit seinen Nebenstra\u00dfen, auf denen die Geschwindigkeit auf 30 km\/h begrenzt ist, aber vor allem durch die Bewahrung der st\u00e4dtebaulichen Merkmale der Stadt mit ihren H\u00e4usern und Geb\u00e4uden von h\u00f6chstens mittlerer Gr\u00f6\u00dfe. Bettemburg will dieses Image nicht opfern, indem es im Herzen der Stadt die Wohndichte erh\u00f6ht. Das ist erfreulich.<\/span><\/p>\n<p style=\"text-align: justify;\"><span style=\"color: #000000;\">Wenn Wohnraum geschaffen wird, dann vor allem am Stadtrand und in den anderen D\u00f6rfern der Gemeinde, wo es noch Bauland gibt. In den letzten Jahren gab es in der Gemeinde mehrere gro\u00dfe Bauprojekte, die es der Bev\u00f6lkerung unter anderem erm\u00f6glichten, die 10.000-Einwohner-Marke zu \u00fcberschreiten. Doch wie bereits erw\u00e4hnt, darf es, wenn es so weitergeht, nicht zu einem unkontrollierten Wachstum kommen. Gewiss, die Nachfrage ist vorhanden. Aber das Bev\u00f6lkerungswachstum erfordert ein \u00dcberdenken der Infrastrukturen f\u00fcr die Aufnahme und die Dienstleistungen f\u00fcr die Bev\u00f6lkerung, sowohl in der Stadt als auch in den D\u00f6rfern. &nbsp;<\/span><\/p>","protected":false},"excerpt":{"rendered":"<p>Tr\u00e8s appr\u00e9ci\u00e9e, Bettembourg dispose d\u2019atouts multiples, tant \u00e9conomiques que touristiques ou encore environnementaux. Et de connexions id\u00e9ales avec la capitale. La Ville de Bettembourg compte plus d\u2019une merveille. Si elle est connue, de partout, pour son parc merveilleux, haut lieu touristique du Grand-Duch\u00e9, la commune, situ\u00e9e au centre de la r\u00e9gion Sud du pays, s\u2019inscrit [&hellip;]<\/p>\n","protected":false},"author":17,"featured_media":7322,"comment_status":"closed","ping_status":"open","sticky":false,"template":"","format":"standard","meta":{"_acf_changed":false,"footnotes":""},"categories":[218],"tags":[98,90],"class_list":["post-5705","post","type-post","status-publish","format-standard","has-post-thumbnail","hentry","category-villes","tag-sud","tag-vie-quotidienne"],"acf":[],"yoast_head":"<!-- This site is optimized with the Yoast SEO plugin v27.4 - https:\/\/yoast.com\/product\/yoast-seo-wordpress\/ -->\n<title>Bettembourg, entre ville et campagne - atHome Blog<\/title>\n<meta name=\"robots\" content=\"index, follow, max-snippet:-1, max-image-preview:large, max-video-preview:-1\" \/>\n<link rel=\"canonical\" href=\"https:\/\/www.athome.lu\/blog\/de\/immobilien-markt\/stadte\/bettembourg-entre-ville-campagne\/\" \/>\n<meta property=\"og:locale\" content=\"de_DE\" \/>\n<meta property=\"og:type\" content=\"article\" \/>\n<meta property=\"og:title\" content=\"Bettembourg, entre ville et campagne - atHome Blog\" \/>\n<meta property=\"og:description\" content=\"Tr\u00e8s appr\u00e9ci\u00e9e, Bettembourg dispose d\u2019atouts multiples, tant \u00e9conomiques que touristiques ou encore environnementaux. Et de connexions id\u00e9ales avec la capitale. La Ville de Bettembourg compte plus d\u2019une merveille. Si elle est connue, de partout, pour son parc merveilleux, haut lieu touristique du Grand-Duch\u00e9, la commune, situ\u00e9e au centre de la r\u00e9gion Sud du pays, s\u2019inscrit [&hellip;]\" \/>\n<meta property=\"og:url\" content=\"https:\/\/www.athome.lu\/blog\/de\/immobilien-markt\/stadte\/bettembourg-entre-ville-campagne\/\" \/>\n<meta property=\"og:site_name\" content=\"atHome Blog\" \/>\n<meta property=\"article:publisher\" content=\"https:\/\/www.facebook.com\/atHome.lu\/\" \/>\n<meta property=\"article:published_time\" content=\"2014-01-09T10:16:51+00:00\" \/>\n<meta property=\"article:modified_time\" content=\"2022-05-11T07:12:47+00:00\" \/>\n<meta property=\"og:image\" content=\"https:\/\/www.athome.lu\/blog\/wp-content\/uploads\/2015\/10\/dossiers_a_la_une_1.jpg\" \/>\n\t<meta property=\"og:image:width\" content=\"2500\" \/>\n\t<meta property=\"og:image:height\" content=\"1726\" \/>\n\t<meta property=\"og:image:type\" content=\"image\/jpeg\" \/>\n<meta name=\"author\" content=\"Fanny Pimentel\" \/>\n<meta name=\"twitter:card\" content=\"summary_large_image\" \/>\n<meta name=\"twitter:creator\" content=\"@athomelu\" \/>\n<meta name=\"twitter:site\" content=\"@athomelu\" \/>\n<meta name=\"twitter:label1\" content=\"Verfasst von\" \/>\n\t<meta name=\"twitter:data1\" content=\"Fanny Pimentel\" \/>\n\t<meta name=\"twitter:label2\" content=\"Gesch\u00e4tzte Lesezeit\" \/>\n\t<meta name=\"twitter:data2\" content=\"4\u00a0Minuten\" \/>\n<script type=\"application\/ld+json\" class=\"yoast-schema-graph\">{\"@context\":\"https:\\\/\\\/schema.org\",\"@graph\":[{\"@type\":\"Article\",\"@id\":\"https:\\\/\\\/www.athome.lu\\\/blog\\\/marche-immobilier\\\/villes\\\/bettembourg-entre-ville-campagne\\\/#article\",\"isPartOf\":{\"@id\":\"https:\\\/\\\/www.athome.lu\\\/blog\\\/marche-immobilier\\\/villes\\\/bettembourg-entre-ville-campagne\\\/\"},\"author\":{\"name\":\"Fanny Pimentel\",\"@id\":\"https:\\\/\\\/www.athome.lu\\\/blog\\\/#\\\/schema\\\/person\\\/47f7a38089f837e792876ceddc4cb2dc\"},\"headline\":\"Bettembourg, entre ville et campagne\",\"datePublished\":\"2014-01-09T10:16:51+00:00\",\"dateModified\":\"2022-05-11T07:12:47+00:00\",\"mainEntityOfPage\":{\"@id\":\"https:\\\/\\\/www.athome.lu\\\/blog\\\/marche-immobilier\\\/villes\\\/bettembourg-entre-ville-campagne\\\/\"},\"wordCount\":735,\"image\":{\"@id\":\"https:\\\/\\\/www.athome.lu\\\/blog\\\/marche-immobilier\\\/villes\\\/bettembourg-entre-ville-campagne\\\/#primaryimage\"},\"thumbnailUrl\":\"https:\\\/\\\/www.athome.lu\\\/blog\\\/wp-content\\\/uploads\\\/2015\\\/10\\\/dossiers_a_la_une_1.jpg\",\"keywords\":[\"Sud\",\"Vie quotidienne\"],\"articleSection\":[\"Villes\"],\"inLanguage\":\"de\"},{\"@type\":\"WebPage\",\"@id\":\"https:\\\/\\\/www.athome.lu\\\/blog\\\/marche-immobilier\\\/villes\\\/bettembourg-entre-ville-campagne\\\/\",\"url\":\"https:\\\/\\\/www.athome.lu\\\/blog\\\/marche-immobilier\\\/villes\\\/bettembourg-entre-ville-campagne\\\/\",\"name\":\"Bettembourg, entre ville et campagne - atHome Blog\",\"isPartOf\":{\"@id\":\"https:\\\/\\\/www.athome.lu\\\/blog\\\/#website\"},\"primaryImageOfPage\":{\"@id\":\"https:\\\/\\\/www.athome.lu\\\/blog\\\/marche-immobilier\\\/villes\\\/bettembourg-entre-ville-campagne\\\/#primaryimage\"},\"image\":{\"@id\":\"https:\\\/\\\/www.athome.lu\\\/blog\\\/marche-immobilier\\\/villes\\\/bettembourg-entre-ville-campagne\\\/#primaryimage\"},\"thumbnailUrl\":\"https:\\\/\\\/www.athome.lu\\\/blog\\\/wp-content\\\/uploads\\\/2015\\\/10\\\/dossiers_a_la_une_1.jpg\",\"datePublished\":\"2014-01-09T10:16:51+00:00\",\"dateModified\":\"2022-05-11T07:12:47+00:00\",\"author\":{\"@id\":\"https:\\\/\\\/www.athome.lu\\\/blog\\\/#\\\/schema\\\/person\\\/47f7a38089f837e792876ceddc4cb2dc\"},\"breadcrumb\":{\"@id\":\"https:\\\/\\\/www.athome.lu\\\/blog\\\/marche-immobilier\\\/villes\\\/bettembourg-entre-ville-campagne\\\/#breadcrumb\"},\"inLanguage\":\"de\",\"potentialAction\":[{\"@type\":\"ReadAction\",\"target\":[\"https:\\\/\\\/www.athome.lu\\\/blog\\\/marche-immobilier\\\/villes\\\/bettembourg-entre-ville-campagne\\\/\"]}]},{\"@type\":\"ImageObject\",\"inLanguage\":\"de\",\"@id\":\"https:\\\/\\\/www.athome.lu\\\/blog\\\/marche-immobilier\\\/villes\\\/bettembourg-entre-ville-campagne\\\/#primaryimage\",\"url\":\"https:\\\/\\\/www.athome.lu\\\/blog\\\/wp-content\\\/uploads\\\/2015\\\/10\\\/dossiers_a_la_une_1.jpg\",\"contentUrl\":\"https:\\\/\\\/www.athome.lu\\\/blog\\\/wp-content\\\/uploads\\\/2015\\\/10\\\/dossiers_a_la_une_1.jpg\",\"width\":2500,\"height\":1726,\"caption\":\"Facade d'immeuble jardin et balcon appartement \u00e9tage vs rez de chauss\u00e9e\"},{\"@type\":\"BreadcrumbList\",\"@id\":\"https:\\\/\\\/www.athome.lu\\\/blog\\\/marche-immobilier\\\/villes\\\/bettembourg-entre-ville-campagne\\\/#breadcrumb\",\"itemListElement\":[{\"@type\":\"ListItem\",\"position\":1,\"name\":\"Accueil\",\"item\":\"https:\\\/\\\/www.athome.lu\\\/blog\\\/\"},{\"@type\":\"ListItem\",\"position\":2,\"name\":\"March\u00e9 immobilier\",\"item\":\"https:\\\/\\\/www.athome.lu\\\/blog\\\/category\\\/marche-immobilier\\\/\"},{\"@type\":\"ListItem\",\"position\":3,\"name\":\"Villes\",\"item\":\"https:\\\/\\\/www.athome.lu\\\/blog\\\/category\\\/marche-immobilier\\\/villes\\\/\"},{\"@type\":\"ListItem\",\"position\":4,\"name\":\"Bettembourg, entre ville et campagne\"}]},{\"@type\":\"WebSite\",\"@id\":\"https:\\\/\\\/www.athome.lu\\\/blog\\\/#website\",\"url\":\"https:\\\/\\\/www.athome.lu\\\/blog\\\/\",\"name\":\"atHome Blog\",\"description\":\"Annonces immobili\u00e8res au Luxembourg. Le portail immobilier n\u00b01 au Luxembourg.\",\"potentialAction\":[{\"@type\":\"SearchAction\",\"target\":{\"@type\":\"EntryPoint\",\"urlTemplate\":\"https:\\\/\\\/www.athome.lu\\\/blog\\\/?s={search_term_string}\"},\"query-input\":{\"@type\":\"PropertyValueSpecification\",\"valueRequired\":true,\"valueName\":\"search_term_string\"}}],\"inLanguage\":\"de\"},{\"@type\":\"Person\",\"@id\":\"https:\\\/\\\/www.athome.lu\\\/blog\\\/#\\\/schema\\\/person\\\/47f7a38089f837e792876ceddc4cb2dc\",\"name\":\"Fanny Pimentel\",\"image\":{\"@type\":\"ImageObject\",\"inLanguage\":\"de\",\"@id\":\"https:\\\/\\\/secure.gravatar.com\\\/avatar\\\/c60b27b93851dc9503f9cc9150e73dcb0a86ba6150657e5e4b11d988400bc633?s=96&d=mm&r=g\",\"url\":\"https:\\\/\\\/secure.gravatar.com\\\/avatar\\\/c60b27b93851dc9503f9cc9150e73dcb0a86ba6150657e5e4b11d988400bc633?s=96&d=mm&r=g\",\"contentUrl\":\"https:\\\/\\\/secure.gravatar.com\\\/avatar\\\/c60b27b93851dc9503f9cc9150e73dcb0a86ba6150657e5e4b11d988400bc633?s=96&d=mm&r=g\",\"caption\":\"Fanny Pimentel\"}}]}<\/script>\n<!-- \/ Yoast SEO plugin. -->","yoast_head_json":{"title":"Bettemburg, zwischen Stadt und Land - atHome Blog","robots":{"index":"index","follow":"follow","max-snippet":"max-snippet:-1","max-image-preview":"max-image-preview:large","max-video-preview":"max-video-preview:-1"},"canonical":"https:\/\/www.athome.lu\/blog\/de\/immobilien-markt\/stadte\/bettembourg-entre-ville-campagne\/","og_locale":"de_DE","og_type":"article","og_title":"Bettembourg, entre ville et campagne - atHome Blog","og_description":"Tr\u00e8s appr\u00e9ci\u00e9e, Bettembourg dispose d\u2019atouts multiples, tant \u00e9conomiques que touristiques ou encore environnementaux. Et de connexions id\u00e9ales avec la capitale. La Ville de Bettembourg compte plus d\u2019une merveille. Si elle est connue, de partout, pour son parc merveilleux, haut lieu touristique du Grand-Duch\u00e9, la commune, situ\u00e9e au centre de la r\u00e9gion Sud du pays, s\u2019inscrit [&hellip;]","og_url":"https:\/\/www.athome.lu\/blog\/de\/immobilien-markt\/stadte\/bettembourg-entre-ville-campagne\/","og_site_name":"atHome Blog","article_publisher":"https:\/\/www.facebook.com\/atHome.lu\/","article_published_time":"2014-01-09T10:16:51+00:00","article_modified_time":"2022-05-11T07:12:47+00:00","og_image":[{"width":2500,"height":1726,"url":"https:\/\/www.athome.lu\/blog\/wp-content\/uploads\/2015\/10\/dossiers_a_la_une_1.jpg","type":"image\/jpeg"}],"author":"Fanny Pimentel","twitter_card":"summary_large_image","twitter_creator":"@athomelu","twitter_site":"@athomelu","twitter_misc":{"Verfasst von":"Fanny Pimentel","Gesch\u00e4tzte Lesezeit":"4\u00a0Minuten"},"schema":{"@context":"https:\/\/schema.org","@graph":[{"@type":"Article","@id":"https:\/\/www.athome.lu\/blog\/marche-immobilier\/villes\/bettembourg-entre-ville-campagne\/#article","isPartOf":{"@id":"https:\/\/www.athome.lu\/blog\/marche-immobilier\/villes\/bettembourg-entre-ville-campagne\/"},"author":{"name":"Fanny Pimentel","@id":"https:\/\/www.athome.lu\/blog\/#\/schema\/person\/47f7a38089f837e792876ceddc4cb2dc"},"headline":"Bettembourg, entre ville et campagne","datePublished":"2014-01-09T10:16:51+00:00","dateModified":"2022-05-11T07:12:47+00:00","mainEntityOfPage":{"@id":"https:\/\/www.athome.lu\/blog\/marche-immobilier\/villes\/bettembourg-entre-ville-campagne\/"},"wordCount":735,"image":{"@id":"https:\/\/www.athome.lu\/blog\/marche-immobilier\/villes\/bettembourg-entre-ville-campagne\/#primaryimage"},"thumbnailUrl":"https:\/\/www.athome.lu\/blog\/wp-content\/uploads\/2015\/10\/dossiers_a_la_une_1.jpg","keywords":["Sud","Vie quotidienne"],"articleSection":["Villes"],"inLanguage":"de"},{"@type":"WebPage","@id":"https:\/\/www.athome.lu\/blog\/marche-immobilier\/villes\/bettembourg-entre-ville-campagne\/","url":"https:\/\/www.athome.lu\/blog\/marche-immobilier\/villes\/bettembourg-entre-ville-campagne\/","name":"Bettemburg, zwischen Stadt und Land - atHome Blog","isPartOf":{"@id":"https:\/\/www.athome.lu\/blog\/#website"},"primaryImageOfPage":{"@id":"https:\/\/www.athome.lu\/blog\/marche-immobilier\/villes\/bettembourg-entre-ville-campagne\/#primaryimage"},"image":{"@id":"https:\/\/www.athome.lu\/blog\/marche-immobilier\/villes\/bettembourg-entre-ville-campagne\/#primaryimage"},"thumbnailUrl":"https:\/\/www.athome.lu\/blog\/wp-content\/uploads\/2015\/10\/dossiers_a_la_une_1.jpg","datePublished":"2014-01-09T10:16:51+00:00","dateModified":"2022-05-11T07:12:47+00:00","author":{"@id":"https:\/\/www.athome.lu\/blog\/#\/schema\/person\/47f7a38089f837e792876ceddc4cb2dc"},"breadcrumb":{"@id":"https:\/\/www.athome.lu\/blog\/marche-immobilier\/villes\/bettembourg-entre-ville-campagne\/#breadcrumb"},"inLanguage":"de","potentialAction":[{"@type":"ReadAction","target":["https:\/\/www.athome.lu\/blog\/marche-immobilier\/villes\/bettembourg-entre-ville-campagne\/"]}]},{"@type":"ImageObject","inLanguage":"de","@id":"https:\/\/www.athome.lu\/blog\/marche-immobilier\/villes\/bettembourg-entre-ville-campagne\/#primaryimage","url":"https:\/\/www.athome.lu\/blog\/wp-content\/uploads\/2015\/10\/dossiers_a_la_une_1.jpg","contentUrl":"https:\/\/www.athome.lu\/blog\/wp-content\/uploads\/2015\/10\/dossiers_a_la_une_1.jpg","width":2500,"height":1726,"caption":"Facade d'immeuble jardin et balcon appartement \u00e9tage vs rez de chauss\u00e9e"},{"@type":"BreadcrumbList","@id":"https:\/\/www.athome.lu\/blog\/marche-immobilier\/villes\/bettembourg-entre-ville-campagne\/#breadcrumb","itemListElement":[{"@type":"ListItem","position":1,"name":"Accueil","item":"https:\/\/www.athome.lu\/blog\/"},{"@type":"ListItem","position":2,"name":"March\u00e9 immobilier","item":"https:\/\/www.athome.lu\/blog\/category\/marche-immobilier\/"},{"@type":"ListItem","position":3,"name":"Villes","item":"https:\/\/www.athome.lu\/blog\/category\/marche-immobilier\/villes\/"},{"@type":"ListItem","position":4,"name":"Bettembourg, entre ville et campagne"}]},{"@type":"WebSite","@id":"https:\/\/www.athome.lu\/blog\/#website","url":"https:\/\/www.athome.lu\/blog\/","name":"atHome Blog","description":"Immobilienanzeigen in Luxemburg. Das Immobilienportal Nr. 1 in Luxemburg.","potentialAction":[{"@type":"SearchAction","target":{"@type":"EntryPoint","urlTemplate":"https:\/\/www.athome.lu\/blog\/?s={search_term_string}"},"query-input":{"@type":"PropertyValueSpecification","valueRequired":true,"valueName":"search_term_string"}}],"inLanguage":"de"},{"@type":"Person","@id":"https:\/\/www.athome.lu\/blog\/#\/schema\/person\/47f7a38089f837e792876ceddc4cb2dc","name":"Fanny Pimentel","image":{"@type":"ImageObject","inLanguage":"de","@id":"https:\/\/secure.gravatar.com\/avatar\/c60b27b93851dc9503f9cc9150e73dcb0a86ba6150657e5e4b11d988400bc633?s=96&d=mm&r=g","url":"https:\/\/secure.gravatar.com\/avatar\/c60b27b93851dc9503f9cc9150e73dcb0a86ba6150657e5e4b11d988400bc633?s=96&d=mm&r=g","contentUrl":"https:\/\/secure.gravatar.com\/avatar\/c60b27b93851dc9503f9cc9150e73dcb0a86ba6150657e5e4b11d988400bc633?s=96&d=mm&r=g","caption":"Fanny Pimentel"}}]}},"featured_media_src_url":"https:\/\/www.athome.lu\/blog\/wp-content\/uploads\/2015\/10\/dossiers_a_la_une_1-1024x707.jpg","_links":{"self":[{"href":"https:\/\/www.athome.lu\/blog\/de\/wp-json\/wp\/v2\/posts\/5705","targetHints":{"allow":["GET"]}}],"collection":[{"href":"https:\/\/www.athome.lu\/blog\/de\/wp-json\/wp\/v2\/posts"}],"about":[{"href":"https:\/\/www.athome.lu\/blog\/de\/wp-json\/wp\/v2\/types\/post"}],"author":[{"embeddable":true,"href":"https:\/\/www.athome.lu\/blog\/de\/wp-json\/wp\/v2\/users\/17"}],"replies":[{"embeddable":true,"href":"https:\/\/www.athome.lu\/blog\/de\/wp-json\/wp\/v2\/comments?post=5705"}],"version-history":[{"count":3,"href":"https:\/\/www.athome.lu\/blog\/de\/wp-json\/wp\/v2\/posts\/5705\/revisions"}],"predecessor-version":[{"id":14758,"href":"https:\/\/www.athome.lu\/blog\/de\/wp-json\/wp\/v2\/posts\/5705\/revisions\/14758"}],"wp:featuredmedia":[{"embeddable":true,"href":"https:\/\/www.athome.lu\/blog\/de\/wp-json\/wp\/v2\/media\/7322"}],"wp:attachment":[{"href":"https:\/\/www.athome.lu\/blog\/de\/wp-json\/wp\/v2\/media?parent=5705"}],"wp:term":[{"taxonomy":"category","embeddable":true,"href":"https:\/\/www.athome.lu\/blog\/de\/wp-json\/wp\/v2\/categories?post=5705"},{"taxonomy":"post_tag","embeddable":true,"href":"https:\/\/www.athome.lu\/blog\/de\/wp-json\/wp\/v2\/tags?post=5705"}],"curies":[{"name":"wp","href":"https:\/\/api.w.org\/{rel}","templated":true}]}}