{"id":5949,"date":"2014-06-25T14:33:33","date_gmt":"2014-06-25T13:33:33","guid":{"rendered":"https:\/\/www.athome.lu\/blog\/services\/conseils\/?p=5949"},"modified":"2022-05-11T09:14:36","modified_gmt":"2022-05-11T07:14:36","slug":"create-space-of-detente-a-exterior","status":"publish","type":"post","link":"https:\/\/www.athome.lu\/blog\/de\/mon-logement\/meuble-decoration\/creer-espace-de-detente-a-lexterieur\/","title":{"rendered":"Einen Entspannungsraum im Freien schaffen"},"content":{"rendered":"<p><br><span style=\"color: #000000;\">Mit den sch\u00f6nen Tagen neigen wir dazu, Au\u00dfenh\u00f6fe, Terrassen und G\u00e4rten als Erweiterungen des Hauses zu betrachten. Und das ist auch richtig so! Um sie voll auszunutzen, entdecken Sie in diesem Artikel einige Dekorations- und Gestaltungstipps, mit denen Sie Ihre Au\u00dfenbereiche zu einladenden Lebensr\u00e4umen machen k\u00f6nnen.<\/span><\/p>\n\n\n\n<p><span style=\"color: #000000;\">&nbsp;<\/span><\/p>\n\n\n\n<h2 class=\"wp-block-heading\"><span style=\"color: #000000;\"><strong>Welche Art von Lebensraum im Freien?<\/strong><\/span><\/h2>\n\n\n\n<p><span style=\"color: #000000;\">Ein Innenhof, eine Pergola oder eine Terrasse sind eine ideale Alternative f\u00fcr einen Entspannungsraum und ideal f\u00fcr Grillfeste, Partys, Fr\u00fchst\u00fccke oder sogar um ein Buch zu lesen. Ein gepflasterter oder gefliester Hof, der von verschiedenen Pflanzen und Dekorationen umgeben ist, stellt ebenfalls eine Outdoor-Option f\u00fcr die Entspannung im Freien dar.<\/span><\/p>\n\n\n\n<h2 class=\"wp-block-heading\"><span style=\"color: #000000;\"><strong>Au\u00dfenbeleuchtung<\/strong><\/span><\/h2>\n\n\n\n<p><span style=\"color: #000000;\">Wenn Sie vorhaben, abends G\u00e4ste zu empfangen, spielt die Beleuchtung in Ihrem Wohnbereich im Freien eine wesentliche Rolle. Eine geschickte Auswahl an Lichtern hilft den Menschen nicht nur dabei, den Weg in Ihren Hof oder Garten zu finden, sondern schafft auch eine angenehme Atmosph\u00e4re. Die Au\u00dfenbeleuchtung kann dazu verwendet werden, die Details Ihres Gartens hervorzuheben und als Sicherheitsvorrichtung zu dienen.<\/span><\/p>\n\n\n\n<p><span style=\"color: #000000;\">F\u00fcr den kleinen Geldbeutel erzeugen Kerzen und Gartenfackeln ein sehr angenehmes, weiches und ged\u00e4mpftes Licht. Seien Sie jedoch vorsichtig, wenn Kinder anwesend sind, damit sich niemand verbrennt oder Ihr Haus in Brand ger\u00e4t.<\/span><\/p>\n\n\n\n<p><span style=\"color: #000000;\">H\u00f6henbeleuchtung kann verwendet werden, um Besonderheiten wie B\u00e4ume und Beete hervorzuheben, Anziehungspunkte zu schaffen und Ihrem Garten einen spektakul\u00e4ren Schatteneffekt zu verleihen. \"Brunnen\"-Lampen k\u00f6nnen direkt in Ihrem Rasen auf Bodenh\u00f6he platziert werden, ohne den Weg f\u00fcr Besucher zu versperren oder Gefahr zu laufen, von Rasenm\u00e4hern zerst\u00f6rt zu werden.<\/span><\/p>\n\n\n\n<p><span style=\"color: #000000;\">Lichter entlang der Wege erh\u00f6hen die Sicherheit, lassen W\u00e4nde im Dunkeln viel freundlicher wirken und m\u00e4rchenhafte Lichterketten in den B\u00e4umen bringen Leben und Farbe in Ihren Garten.<\/span><\/p>\n\n\n\n<p><span style=\"color: #000000;\">K\u00f6che, die f\u00fcr den Grill zust\u00e4ndig sind, ben\u00f6tigen eine starke Beleuchtung, um das Essen zu \u00fcberwachen. Es gibt sowohl Vertikal- als auch Bodenscheinwerfer. Sie k\u00f6nnen auch Grilllampen kaufen, die Sie im Inneren des Grills anbringen k\u00f6nnen.<\/span><\/p>\n\n\n\n<h2 class=\"wp-block-heading\"><span style=\"color: #000000;\"><strong><br>Heizung von au\u00dfen<\/strong><\/span><\/h2>\n\n\n\n<p><span style=\"color: #000000;\">Mit einer Au\u00dfenheizung k\u00f6nnen Sie Ihren Erholungsraum das ganze Jahr \u00fcber, oder zumindest mehrere Monate im Jahr, genie\u00dfen. Heizungen sind schnell zu einem wichtigen Bestandteil des Lebens im Freien geworden, und es gibt viele moderne und traditionelle M\u00f6glichkeiten, Ihre Terrasse, Ihren Hof oder Ihren Balkon zu beheizen.<\/span><\/p>\n\n\n\n<p><span style=\"color: #000000;\">Terrassenheizungen sieht man oft in Restaurants, aber es gibt sie auch f\u00fcr den Hausgebrauch. Sie sind sehr effizient. Sie arbeiten mit Strahlungsw\u00e4rme, die Personen und Gegenst\u00e4nde, aber nicht die Raumatmosph\u00e4re erw\u00e4rmt. Diese Au\u00dfenheizungen k\u00f6nnen mit Gas oder Strom betrieben werden.<\/span><\/p>\n\n\n\n<p><span style=\"color: #000000;\">Braseros sind im Grunde genommen Stahlk\u00f6rbe, in denen ein Brennstoff (meist Briketts) verbrannt wird, um W\u00e4rme zu erzeugen. Sie werden seit Jahrhunderten verwendet und sind preiswert in der Anschaffung und im Gebrauch, sollten aber au\u00dferhalb der Reichweite von Kindern aufbewahrt werden.<\/span><\/p>\n\n\n\n<p><span style=\"color: #000000;\">Kamine f\u00fcr den Au\u00dfenbereich k\u00f6nnen aus Eisen und Lehm gebaut werden. Die Version aus Lehm, die aus Mexiko stammt, wird allgemein als \"Chiminea\" bezeichnet. Outdoor-Kamine sind in der Anschaffung recht teuer, aber im Gebrauch sehr attraktiv und stellen hervorragende Heizk\u00f6rper dar.<\/span><\/p>\n\n\n\n<p>Pinterest-Bild: http:\/\/www.pinterest.com\/pin\/205476801721218216\/<\/p>","protected":false},"excerpt":{"rendered":"<p>Avec les beaux jours nous avons tendance \u00e0 consid\u00e9rer les cours ext\u00e9rieures, terrasses et jardins comme des extensions de la maison. Et justement&nbsp;! Pour en profiter pleinement d\u00e9couvrirez, dans cet article, quelques conseils de d\u00e9coration et d\u2019am\u00e9nagement pour faire de vos espaces ext\u00e9rieurs des lieux de vie accueillants. &nbsp; Quel type d\u2019espace de vie ext\u00e9rieur? [&hellip;]<\/p>\n","protected":false},"author":17,"featured_media":7415,"comment_status":"closed","ping_status":"open","sticky":false,"template":"","format":"standard","meta":{"_acf_changed":false,"footnotes":""},"categories":[210],"tags":[82,89],"class_list":["post-5949","post","type-post","status-publish","format-standard","has-post-thumbnail","hentry","category-meuble-decoration","tag-ameublement","tag-jardin-terrasse"],"acf":[],"yoast_head":"<!-- This site is optimized with the Yoast SEO plugin v27.4 - https:\/\/yoast.com\/product\/yoast-seo-wordpress\/ -->\n<title>\u25b7 Am\u00e9nagement Ext\u00e9rieur \u25b7\u25b7Quelques Astuces pour un Espace D\u00e9tente | atHome<\/title>\n<meta name=\"description\" content=\"D\u00e9couvrez dans cet article quelques conseils de d\u00e9coration et d\u2019am\u00e9nagement pour faire de vos ext\u00e9rieurs un espace 100% d\u00e9tente.\" \/>\n<meta name=\"robots\" content=\"index, follow, max-snippet:-1, max-image-preview:large, max-video-preview:-1\" \/>\n<link rel=\"canonical\" href=\"https:\/\/www.athome.lu\/blog\/de\/mein-haus\/deko-mobel\/create-space-of-detente-a-exterior\/\" \/>\n<meta property=\"og:locale\" content=\"de_DE\" \/>\n<meta property=\"og:type\" content=\"article\" \/>\n<meta property=\"og:title\" content=\"\u25b7 Am\u00e9nagement Ext\u00e9rieur \u25b7\u25b7Quelques Astuces pour un Espace D\u00e9tente | atHome\" \/>\n<meta property=\"og:description\" content=\"D\u00e9couvrez dans cet article quelques conseils de d\u00e9coration et d\u2019am\u00e9nagement pour faire de vos ext\u00e9rieurs un espace 100% d\u00e9tente.\" \/>\n<meta property=\"og:url\" content=\"https:\/\/www.athome.lu\/blog\/de\/mein-haus\/deko-mobel\/create-space-of-detente-a-exterior\/\" \/>\n<meta property=\"og:site_name\" content=\"atHome Blog\" \/>\n<meta property=\"article:publisher\" content=\"https:\/\/www.facebook.com\/atHome.lu\/\" \/>\n<meta property=\"article:published_time\" content=\"2014-06-25T13:33:33+00:00\" \/>\n<meta property=\"article:modified_time\" content=\"2022-05-11T07:14:36+00:00\" \/>\n<meta property=\"og:image\" content=\"https:\/\/www.athome.lu\/blog\/wp-content\/uploads\/2014\/06\/L80A8762.jpg\" \/>\n\t<meta property=\"og:image:width\" content=\"1200\" \/>\n\t<meta property=\"og:image:height\" content=\"800\" \/>\n\t<meta property=\"og:image:type\" content=\"image\/jpeg\" \/>\n<meta name=\"author\" content=\"Fanny Pimentel\" \/>\n<meta name=\"twitter:card\" content=\"summary_large_image\" \/>\n<meta name=\"twitter:title\" content=\"\u25b7 Am\u00e9nagement Ext\u00e9rieur \u25b7\u25b7Quelques Astuces pour un Espace D\u00e9tente | atHome\" \/>\n<meta name=\"twitter:description\" content=\"D\u00e9couvrez dans cet article quelques conseils de d\u00e9coration et d\u2019am\u00e9nagement pour faire de vos ext\u00e9rieurs un espace 100% d\u00e9tente.\" \/>\n<meta name=\"twitter:creator\" content=\"@athomelu\" \/>\n<meta name=\"twitter:site\" content=\"@athomelu\" \/>\n<meta name=\"twitter:label1\" content=\"Verfasst von\" \/>\n\t<meta name=\"twitter:data1\" content=\"Fanny Pimentel\" \/>\n\t<meta name=\"twitter:label2\" content=\"Gesch\u00e4tzte Lesezeit\" \/>\n\t<meta name=\"twitter:data2\" content=\"3\u00a0Minuten\" \/>\n<script type=\"application\/ld+json\" class=\"yoast-schema-graph\">{\"@context\":\"https:\\\/\\\/schema.org\",\"@graph\":[{\"@type\":\"Article\",\"@id\":\"https:\\\/\\\/www.athome.lu\\\/blog\\\/mon-logement\\\/meuble-decoration\\\/creer-espace-de-detente-a-lexterieur\\\/#article\",\"isPartOf\":{\"@id\":\"https:\\\/\\\/www.athome.lu\\\/blog\\\/mon-logement\\\/meuble-decoration\\\/creer-espace-de-detente-a-lexterieur\\\/\"},\"author\":{\"name\":\"Fanny Pimentel\",\"@id\":\"https:\\\/\\\/www.athome.lu\\\/blog\\\/#\\\/schema\\\/person\\\/47f7a38089f837e792876ceddc4cb2dc\"},\"headline\":\"Cr\u00e9er un espace de d\u00e9tente \u00e0 l\u2019ext\u00e9rieur\",\"datePublished\":\"2014-06-25T13:33:33+00:00\",\"dateModified\":\"2022-05-11T07:14:36+00:00\",\"mainEntityOfPage\":{\"@id\":\"https:\\\/\\\/www.athome.lu\\\/blog\\\/mon-logement\\\/meuble-decoration\\\/creer-espace-de-detente-a-lexterieur\\\/\"},\"wordCount\":655,\"image\":{\"@id\":\"https:\\\/\\\/www.athome.lu\\\/blog\\\/mon-logement\\\/meuble-decoration\\\/creer-espace-de-detente-a-lexterieur\\\/#primaryimage\"},\"thumbnailUrl\":\"https:\\\/\\\/www.athome.lu\\\/blog\\\/wp-content\\\/uploads\\\/2014\\\/06\\\/L80A8762.jpg\",\"keywords\":[\"Ameublement\",\"Jardin &amp; terrasse\"],\"articleSection\":[\"Meubler et D\u00e9corer\"],\"inLanguage\":\"de\"},{\"@type\":\"WebPage\",\"@id\":\"https:\\\/\\\/www.athome.lu\\\/blog\\\/mon-logement\\\/meuble-decoration\\\/creer-espace-de-detente-a-lexterieur\\\/\",\"url\":\"https:\\\/\\\/www.athome.lu\\\/blog\\\/mon-logement\\\/meuble-decoration\\\/creer-espace-de-detente-a-lexterieur\\\/\",\"name\":\"\u25b7 Am\u00e9nagement Ext\u00e9rieur \u25b7\u25b7Quelques Astuces pour un Espace D\u00e9tente | atHome\",\"isPartOf\":{\"@id\":\"https:\\\/\\\/www.athome.lu\\\/blog\\\/#website\"},\"primaryImageOfPage\":{\"@id\":\"https:\\\/\\\/www.athome.lu\\\/blog\\\/mon-logement\\\/meuble-decoration\\\/creer-espace-de-detente-a-lexterieur\\\/#primaryimage\"},\"image\":{\"@id\":\"https:\\\/\\\/www.athome.lu\\\/blog\\\/mon-logement\\\/meuble-decoration\\\/creer-espace-de-detente-a-lexterieur\\\/#primaryimage\"},\"thumbnailUrl\":\"https:\\\/\\\/www.athome.lu\\\/blog\\\/wp-content\\\/uploads\\\/2014\\\/06\\\/L80A8762.jpg\",\"datePublished\":\"2014-06-25T13:33:33+00:00\",\"dateModified\":\"2022-05-11T07:14:36+00:00\",\"author\":{\"@id\":\"https:\\\/\\\/www.athome.lu\\\/blog\\\/#\\\/schema\\\/person\\\/47f7a38089f837e792876ceddc4cb2dc\"},\"description\":\"D\u00e9couvrez dans cet article quelques conseils de d\u00e9coration et d\u2019am\u00e9nagement pour faire de vos ext\u00e9rieurs un espace 100% d\u00e9tente.\",\"breadcrumb\":{\"@id\":\"https:\\\/\\\/www.athome.lu\\\/blog\\\/mon-logement\\\/meuble-decoration\\\/creer-espace-de-detente-a-lexterieur\\\/#breadcrumb\"},\"inLanguage\":\"de\",\"potentialAction\":[{\"@type\":\"ReadAction\",\"target\":[\"https:\\\/\\\/www.athome.lu\\\/blog\\\/mon-logement\\\/meuble-decoration\\\/creer-espace-de-detente-a-lexterieur\\\/\"]}]},{\"@type\":\"ImageObject\",\"inLanguage\":\"de\",\"@id\":\"https:\\\/\\\/www.athome.lu\\\/blog\\\/mon-logement\\\/meuble-decoration\\\/creer-espace-de-detente-a-lexterieur\\\/#primaryimage\",\"url\":\"https:\\\/\\\/www.athome.lu\\\/blog\\\/wp-content\\\/uploads\\\/2014\\\/06\\\/L80A8762.jpg\",\"contentUrl\":\"https:\\\/\\\/www.athome.lu\\\/blog\\\/wp-content\\\/uploads\\\/2014\\\/06\\\/L80A8762.jpg\",\"width\":1200,\"height\":800,\"caption\":\"Maison de famille avec jardin amenagement exterieur\"},{\"@type\":\"BreadcrumbList\",\"@id\":\"https:\\\/\\\/www.athome.lu\\\/blog\\\/mon-logement\\\/meuble-decoration\\\/creer-espace-de-detente-a-lexterieur\\\/#breadcrumb\",\"itemListElement\":[{\"@type\":\"ListItem\",\"position\":1,\"name\":\"Accueil\",\"item\":\"https:\\\/\\\/www.athome.lu\\\/blog\\\/\"},{\"@type\":\"ListItem\",\"position\":2,\"name\":\"Mon logement\",\"item\":\"https:\\\/\\\/www.athome.lu\\\/blog\\\/de\\\/category\\\/mein-haus\\\/\"},{\"@type\":\"ListItem\",\"position\":3,\"name\":\"Meubler et D\u00e9corer\",\"item\":\"https:\\\/\\\/www.athome.lu\\\/blog\\\/de\\\/category\\\/mein-haus\\\/deko-mobel\\\/\"},{\"@type\":\"ListItem\",\"position\":4,\"name\":\"Cr\u00e9er un espace de d\u00e9tente \u00e0 l\u2019ext\u00e9rieur\"}]},{\"@type\":\"WebSite\",\"@id\":\"https:\\\/\\\/www.athome.lu\\\/blog\\\/#website\",\"url\":\"https:\\\/\\\/www.athome.lu\\\/blog\\\/\",\"name\":\"atHome Blog\",\"description\":\"Annonces immobili\u00e8res au Luxembourg. Le portail immobilier n\u00b01 au Luxembourg.\",\"potentialAction\":[{\"@type\":\"SearchAction\",\"target\":{\"@type\":\"EntryPoint\",\"urlTemplate\":\"https:\\\/\\\/www.athome.lu\\\/blog\\\/?s={search_term_string}\"},\"query-input\":{\"@type\":\"PropertyValueSpecification\",\"valueRequired\":true,\"valueName\":\"search_term_string\"}}],\"inLanguage\":\"de\"},{\"@type\":\"Person\",\"@id\":\"https:\\\/\\\/www.athome.lu\\\/blog\\\/#\\\/schema\\\/person\\\/47f7a38089f837e792876ceddc4cb2dc\",\"name\":\"Fanny Pimentel\",\"image\":{\"@type\":\"ImageObject\",\"inLanguage\":\"de\",\"@id\":\"https:\\\/\\\/secure.gravatar.com\\\/avatar\\\/c60b27b93851dc9503f9cc9150e73dcb0a86ba6150657e5e4b11d988400bc633?s=96&d=mm&r=g\",\"url\":\"https:\\\/\\\/secure.gravatar.com\\\/avatar\\\/c60b27b93851dc9503f9cc9150e73dcb0a86ba6150657e5e4b11d988400bc633?s=96&d=mm&r=g\",\"contentUrl\":\"https:\\\/\\\/secure.gravatar.com\\\/avatar\\\/c60b27b93851dc9503f9cc9150e73dcb0a86ba6150657e5e4b11d988400bc633?s=96&d=mm&r=g\",\"caption\":\"Fanny Pimentel\"}}]}<\/script>\n<!-- \/ Yoast SEO plugin. -->","yoast_head_json":{"title":"\u25b7 Au\u00dfengestaltung \u25b7\u25b7Ein paar Tipps f\u00fcr einen Entspannungsraum | atHome","description":"Entdecken Sie in diesem Artikel einige Dekorations- und Gestaltungstipps, um Ihre Au\u00dfenanlagen in einen entspannten 100%-Raum zu verwandeln.","robots":{"index":"index","follow":"follow","max-snippet":"max-snippet:-1","max-image-preview":"max-image-preview:large","max-video-preview":"max-video-preview:-1"},"canonical":"https:\/\/www.athome.lu\/blog\/de\/mein-haus\/deko-mobel\/create-space-of-detente-a-exterior\/","og_locale":"de_DE","og_type":"article","og_title":"\u25b7 Am\u00e9nagement Ext\u00e9rieur \u25b7\u25b7Quelques Astuces pour un Espace D\u00e9tente | atHome","og_description":"D\u00e9couvrez dans cet article quelques conseils de d\u00e9coration et d\u2019am\u00e9nagement pour faire de vos ext\u00e9rieurs un espace 100% d\u00e9tente.","og_url":"https:\/\/www.athome.lu\/blog\/de\/mein-haus\/deko-mobel\/create-space-of-detente-a-exterior\/","og_site_name":"atHome Blog","article_publisher":"https:\/\/www.facebook.com\/atHome.lu\/","article_published_time":"2014-06-25T13:33:33+00:00","article_modified_time":"2022-05-11T07:14:36+00:00","og_image":[{"width":1200,"height":800,"url":"https:\/\/www.athome.lu\/blog\/wp-content\/uploads\/2014\/06\/L80A8762.jpg","type":"image\/jpeg"}],"author":"Fanny Pimentel","twitter_card":"summary_large_image","twitter_title":"\u25b7 Am\u00e9nagement Ext\u00e9rieur \u25b7\u25b7Quelques Astuces pour un Espace D\u00e9tente | atHome","twitter_description":"D\u00e9couvrez dans cet article quelques conseils de d\u00e9coration et d\u2019am\u00e9nagement pour faire de vos ext\u00e9rieurs un espace 100% d\u00e9tente.","twitter_creator":"@athomelu","twitter_site":"@athomelu","twitter_misc":{"Verfasst von":"Fanny Pimentel","Gesch\u00e4tzte Lesezeit":"3\u00a0Minuten"},"schema":{"@context":"https:\/\/schema.org","@graph":[{"@type":"Article","@id":"https:\/\/www.athome.lu\/blog\/mon-logement\/meuble-decoration\/creer-espace-de-detente-a-lexterieur\/#article","isPartOf":{"@id":"https:\/\/www.athome.lu\/blog\/mon-logement\/meuble-decoration\/creer-espace-de-detente-a-lexterieur\/"},"author":{"name":"Fanny Pimentel","@id":"https:\/\/www.athome.lu\/blog\/#\/schema\/person\/47f7a38089f837e792876ceddc4cb2dc"},"headline":"Cr\u00e9er un espace de d\u00e9tente \u00e0 l\u2019ext\u00e9rieur","datePublished":"2014-06-25T13:33:33+00:00","dateModified":"2022-05-11T07:14:36+00:00","mainEntityOfPage":{"@id":"https:\/\/www.athome.lu\/blog\/mon-logement\/meuble-decoration\/creer-espace-de-detente-a-lexterieur\/"},"wordCount":655,"image":{"@id":"https:\/\/www.athome.lu\/blog\/mon-logement\/meuble-decoration\/creer-espace-de-detente-a-lexterieur\/#primaryimage"},"thumbnailUrl":"https:\/\/www.athome.lu\/blog\/wp-content\/uploads\/2014\/06\/L80A8762.jpg","keywords":["Ameublement","Jardin &amp; terrasse"],"articleSection":["Meubler et D\u00e9corer"],"inLanguage":"de"},{"@type":"WebPage","@id":"https:\/\/www.athome.lu\/blog\/mon-logement\/meuble-decoration\/creer-espace-de-detente-a-lexterieur\/","url":"https:\/\/www.athome.lu\/blog\/mon-logement\/meuble-decoration\/creer-espace-de-detente-a-lexterieur\/","name":"\u25b7 Au\u00dfengestaltung \u25b7\u25b7Ein paar Tipps f\u00fcr einen Entspannungsraum | atHome","isPartOf":{"@id":"https:\/\/www.athome.lu\/blog\/#website"},"primaryImageOfPage":{"@id":"https:\/\/www.athome.lu\/blog\/mon-logement\/meuble-decoration\/creer-espace-de-detente-a-lexterieur\/#primaryimage"},"image":{"@id":"https:\/\/www.athome.lu\/blog\/mon-logement\/meuble-decoration\/creer-espace-de-detente-a-lexterieur\/#primaryimage"},"thumbnailUrl":"https:\/\/www.athome.lu\/blog\/wp-content\/uploads\/2014\/06\/L80A8762.jpg","datePublished":"2014-06-25T13:33:33+00:00","dateModified":"2022-05-11T07:14:36+00:00","author":{"@id":"https:\/\/www.athome.lu\/blog\/#\/schema\/person\/47f7a38089f837e792876ceddc4cb2dc"},"description":"Entdecken Sie in diesem Artikel einige Dekorations- und Gestaltungstipps, um Ihre Au\u00dfenanlagen in einen entspannten 100%-Raum zu verwandeln.","breadcrumb":{"@id":"https:\/\/www.athome.lu\/blog\/mon-logement\/meuble-decoration\/creer-espace-de-detente-a-lexterieur\/#breadcrumb"},"inLanguage":"de","potentialAction":[{"@type":"ReadAction","target":["https:\/\/www.athome.lu\/blog\/mon-logement\/meuble-decoration\/creer-espace-de-detente-a-lexterieur\/"]}]},{"@type":"ImageObject","inLanguage":"de","@id":"https:\/\/www.athome.lu\/blog\/mon-logement\/meuble-decoration\/creer-espace-de-detente-a-lexterieur\/#primaryimage","url":"https:\/\/www.athome.lu\/blog\/wp-content\/uploads\/2014\/06\/L80A8762.jpg","contentUrl":"https:\/\/www.athome.lu\/blog\/wp-content\/uploads\/2014\/06\/L80A8762.jpg","width":1200,"height":800,"caption":"Maison de famille avec jardin amenagement exterieur"},{"@type":"BreadcrumbList","@id":"https:\/\/www.athome.lu\/blog\/mon-logement\/meuble-decoration\/creer-espace-de-detente-a-lexterieur\/#breadcrumb","itemListElement":[{"@type":"ListItem","position":1,"name":"Accueil","item":"https:\/\/www.athome.lu\/blog\/"},{"@type":"ListItem","position":2,"name":"Mon logement","item":"https:\/\/www.athome.lu\/blog\/de\/category\/mein-haus\/"},{"@type":"ListItem","position":3,"name":"Meubler et D\u00e9corer","item":"https:\/\/www.athome.lu\/blog\/de\/category\/mein-haus\/deko-mobel\/"},{"@type":"ListItem","position":4,"name":"Cr\u00e9er un espace de d\u00e9tente \u00e0 l\u2019ext\u00e9rieur"}]},{"@type":"WebSite","@id":"https:\/\/www.athome.lu\/blog\/#website","url":"https:\/\/www.athome.lu\/blog\/","name":"atHome Blog","description":"Immobilienanzeigen in Luxemburg. Das Immobilienportal Nr. 1 in Luxemburg.","potentialAction":[{"@type":"SearchAction","target":{"@type":"EntryPoint","urlTemplate":"https:\/\/www.athome.lu\/blog\/?s={search_term_string}"},"query-input":{"@type":"PropertyValueSpecification","valueRequired":true,"valueName":"search_term_string"}}],"inLanguage":"de"},{"@type":"Person","@id":"https:\/\/www.athome.lu\/blog\/#\/schema\/person\/47f7a38089f837e792876ceddc4cb2dc","name":"Fanny Pimentel","image":{"@type":"ImageObject","inLanguage":"de","@id":"https:\/\/secure.gravatar.com\/avatar\/c60b27b93851dc9503f9cc9150e73dcb0a86ba6150657e5e4b11d988400bc633?s=96&d=mm&r=g","url":"https:\/\/secure.gravatar.com\/avatar\/c60b27b93851dc9503f9cc9150e73dcb0a86ba6150657e5e4b11d988400bc633?s=96&d=mm&r=g","contentUrl":"https:\/\/secure.gravatar.com\/avatar\/c60b27b93851dc9503f9cc9150e73dcb0a86ba6150657e5e4b11d988400bc633?s=96&d=mm&r=g","caption":"Fanny Pimentel"}}]}},"featured_media_src_url":"https:\/\/www.athome.lu\/blog\/wp-content\/uploads\/2014\/06\/L80A8762-1024x683.jpg","_links":{"self":[{"href":"https:\/\/www.athome.lu\/blog\/de\/wp-json\/wp\/v2\/posts\/5949","targetHints":{"allow":["GET"]}}],"collection":[{"href":"https:\/\/www.athome.lu\/blog\/de\/wp-json\/wp\/v2\/posts"}],"about":[{"href":"https:\/\/www.athome.lu\/blog\/de\/wp-json\/wp\/v2\/types\/post"}],"author":[{"embeddable":true,"href":"https:\/\/www.athome.lu\/blog\/de\/wp-json\/wp\/v2\/users\/17"}],"replies":[{"embeddable":true,"href":"https:\/\/www.athome.lu\/blog\/de\/wp-json\/wp\/v2\/comments?post=5949"}],"version-history":[{"count":2,"href":"https:\/\/www.athome.lu\/blog\/de\/wp-json\/wp\/v2\/posts\/5949\/revisions"}],"predecessor-version":[{"id":14772,"href":"https:\/\/www.athome.lu\/blog\/de\/wp-json\/wp\/v2\/posts\/5949\/revisions\/14772"}],"wp:featuredmedia":[{"embeddable":true,"href":"https:\/\/www.athome.lu\/blog\/de\/wp-json\/wp\/v2\/media\/7415"}],"wp:attachment":[{"href":"https:\/\/www.athome.lu\/blog\/de\/wp-json\/wp\/v2\/media?parent=5949"}],"wp:term":[{"taxonomy":"category","embeddable":true,"href":"https:\/\/www.athome.lu\/blog\/de\/wp-json\/wp\/v2\/categories?post=5949"},{"taxonomy":"post_tag","embeddable":true,"href":"https:\/\/www.athome.lu\/blog\/de\/wp-json\/wp\/v2\/tags?post=5949"}],"curies":[{"name":"wp","href":"https:\/\/api.w.org\/{rel}","templated":true}]}}