{"id":5969,"date":"2015-09-17T11:38:45","date_gmt":"2015-09-17T10:38:45","guid":{"rendered":"https:\/\/www.athome.lu\/services\/conseils\/?p=5969"},"modified":"2022-05-11T09:29:12","modified_gmt":"2022-05-11T07:29:12","slug":"welche-farben-zu-den-teilen-des-hauses-geeignet-sind","status":"publish","type":"post","link":"https:\/\/www.athome.lu\/blog\/de\/mon-logement\/meuble-decoration\/quelles-sont-les-couleurs-adaptees-aux-pieces-de-la-maison\/","title":{"rendered":"Welche Farben eignen sich f\u00fcr welche R\u00e4ume im Haus?"},"content":{"rendered":"<p><span style=\"color: #000000;\">Wie Sie sicher wissen, k\u00f6nnen Farben die Stimmung und die Gef\u00fchle beeinflussen.  Lassen Sie uns gemeinsam einen Blick auf die richtigen Farben f\u00fcr verschiedene Arten von R\u00e4umen werfen.<\/span><\/p>\n\n\n\n<p><span style=\"color: #000000;\">Die Wissenschaft der Farben ist nicht erst seit gestern bekannt. Vor etwa 2000 Jahren setzten die alten Zivilisationen \u00c4gyptens und Chinas Farben bei Heilungsprozessen ein und studierten die Natur auf der Suche nach Signalen f\u00fcr ihre Verwendung im t\u00e4glichen Leben. Die Vorliebe f\u00fcr bestimmte Farben ist sehr individuell und es gibt zahlreiche psychologische Untersuchungen dar\u00fcber, ob bestimmte Charaktertypen bestimmte Farben besonders attraktiv finden. Denken Sie zu Hause bei Ihren W\u00e4nden oder M\u00f6beln \u00fcber die Natur und die Funktion eines Raumes nach, bevor Sie die Farben f\u00fcr Ihre Einrichtung ausw\u00e4hlen.<\/span><\/p>\n\n\n\n<h2 class=\"wp-block-heading\"><span style=\"color: #000000;\"><strong>Wei\u00df<\/strong><\/span><\/h2>\n\n\n\n<p><span style=\"color: #000000;\">Wei\u00df ist in Innenr\u00e4umen vorherrschend, entweder allein oder als Basis f\u00fcr andere helle Farben. Wie andere kalte Farben auch, l\u00e4sst Wei\u00df den Raum gr\u00f6\u00dfer erscheinen. Aus symbolischer Sicht verk\u00f6rpert Wei\u00df Reinheit und Unschuld. Im Bereich der Dekoration inspiriert sie Sauberkeit und Gef\u00fchle von Optimismus und Hoffnung.<br><strong><br>M\u00fcnzen:<\/strong> alle<\/span><\/p>\n\n\n\n<h2 class=\"wp-block-heading\"><span style=\"color: #000000;\"><strong>Rot<\/strong><\/span><\/h2>\n\n\n\n<p><span style=\"color: #000000;\">Rot nimmt unsere tiefsten Emotionen auf: Mut, Liebe, Wut, Leidenschaft und Gefahr. Diese vibrierende Farbe passt gut in Esszimmer, da sie eine lebhafte und formelle Farbe ist, die auch den Appetit anregen und die Verdauung f\u00f6rdern kann.<\/span><\/p>\n\n\n\n<p><span style=\"color: #000000;\">Andererseits erh\u00f6ht Rot Ihren Blutdruck und Ihre Herzfrequenz, seien Sie also vorsichtig, wenn Sie es im Schlafzimmer verwenden. Obwohl es die Leidenschaft anregt, kann es auch zu Nervosit\u00e4t und Schlaflosigkeit f\u00fchren.<\/span><\/p>\n\n\n\n<div class=\"wp-block-image\"><figure class=\"aligncenter\"><a href=\"https:\/\/www.athome.lu\/blog\/blog\/wp-content\/uploads\/2014\/07\/interieur-rouge.png\"><img decoding=\"async\" src=\"https:\/\/www.athome.lu\/blog\/blog\/wp-content\/uploads\/2014\/07\/interieur-rouge.png\" alt=\"Inneneinrichtung rot ideale Farbe f\u00fcr Esszimmer und K\u00fcche\" class=\"wp-image-5976\"\/><\/a><\/figure><\/div>\n\n\n\n<p><span style=\"color: #000000;\"><strong>St\u00fcck:<\/strong> Esszimmer, K\u00fcche<\/span><\/p>\n\n\n\n<h2 class=\"wp-block-heading\"><span style=\"color: #000000;\"><strong>Rose<\/strong><\/span><\/h2>\n\n\n\n<p><span style=\"color: #000000;\">Dieser h\u00fcbsche, bonbonfarbene Farbton weckt Emotionen. Oft wird Rosa mit Weiblichkeit und kleinen M\u00e4dchen in Verbindung gebracht und in Kinderzimmern verwendet.<\/span><\/p>\n\n\n\n<p><span style=\"color: #000000;\"><strong>St\u00fcck:<\/strong> M\u00e4dchenschlafzimmer<\/span><\/p>\n\n\n\n<h2 class=\"wp-block-heading\"><span style=\"color: #000000;\"><strong>Gelb<\/strong><\/span><\/h2>\n\n\n\n<p><span style=\"color: #000000;\">Gelb ist die fr\u00f6hlichste Farbe im Spektrum. Sie ist so fr\u00f6hlich, dass Seeleute, die allein um die Welt segeln, ihre Quartiere unter Deck gelb anmalen, um die Traurigkeit zu bek\u00e4mpfen. Gelb ist k\u00fchl, warm und fr\u00f6hlich. Es sch\u00e4rft das Ged\u00e4chtnis, regt zu Gespr\u00e4chen an und inspiriert zu Ideen und Kommunikation. Es kann die Verdauung f\u00f6rdern, den Appetit anregen und den Kreislauf in Schwung bringen.<\/span><\/p>\n\n\n\n<p><span style=\"color: #000000;\">In Verbindung mit seinen Partnern in der Prim\u00e4rskala, Blau und Rot, inspiriert Gelb eine kindliche Energie. Zusammen mit seiner Komplement\u00e4rfarbe Purpur, die sich auf der entgegengesetzten Seite des Farbrads befindet, suggeriert Gelb k\u00f6nigliche Formalit\u00e4t. Diese Farbe eignet sich gut f\u00fcr B\u00fcros oder Wohnzimmer, die wenig nat\u00fcrliches Licht erhalten.<\/span><\/p>\n\n\n\n<p><span style=\"color: #000000;\"><strong>St\u00fcck:<\/strong> Aufenthaltsr\u00e4ume<\/span><\/p>\n\n\n\n<h2 class=\"wp-block-heading\"><span style=\"color: #000000;\"><strong>Braun<\/strong><\/span><\/h2>\n\n\n\n<p><span style=\"color: #000000;\">Diese Farbe verleiht R\u00e4umen einen entspannten und nat\u00fcrlichen Touch. Wie die anderen Erdt\u00f6ne ist es eine w\u00e4rmende Farbe. Sie eignet sich gut f\u00fcr eine einzelne Wand, die hervorgehoben wird, aber achten Sie darauf, dass Sie es nicht \u00fcbertreiben, sonst wirkt der Raum stumpf und trist.<\/span><\/p>\n\n\n\n<p><span style=\"color: #000000;\"><strong>St\u00fcck:<\/strong> hervorgehobene Wand im Wohnzimmer<\/span><\/p>\n\n\n\n<h2 class=\"wp-block-heading\"><span style=\"color: #000000;\"><strong>Blau<\/strong><\/span><\/h2>\n\n\n\n<p><span style=\"color: #000000;\">Haben Sie den Blues? Daf\u00fcr k\u00f6nnen Sie Blau nicht verantwortlich machen, denn es wirkt erfrischend und ruhig. Dieser Klassiker passt au\u00dferdem zu allen Farben, von Wei\u00df bis Gelb oder Orange. Sie k\u00f6nnen Blau auch mit Gr\u00fcn kombinieren.<\/span><\/p>\n\n\n\n<p><span style=\"color: #000000;\">Blau steht f\u00fcr Autorit\u00e4t, Loyalit\u00e4t und Aufrichtigkeit. Es kann Emotionen wie Gelassenheit, Frieden und Traurigkeit anregen. Blau wird nachgesagt, dass es den Blutdruck und die Atemgeschwindigkeit senkt und entspannend wirkt.<\/span><\/p>\n\n\n\n<p><span style=\"color: #000000;\"><strong>St\u00fcck:<\/strong> Schlafzimmer<\/span><\/p>\n\n\n\n<p>\u00a0<\/p>\n\n\n<section id=\"section-3-14695\" class=\"ct-section\" ><div class=\"ct-section-inner-wrap\"><div id=\"div_block-4-14695\" class=\"ct-div-block\" ><div id=\"new_columns-7-14695\" class=\"ct-new-columns\" ><div id=\"div_block-8-14695\" class=\"ct-div-block\" ><div id=\"div_block-14-14695\" class=\"ct-div-block\" ><\/div><\/div><div id=\"div_block-9-14695\" class=\"ct-div-block\" ><h1 id=\"headline-11-14695\" class=\"ct-headline\">Wie hoch sind die Immobilienpreise derzeit?<\/h1><div id=\"text_block-12-14695\" class=\"ct-text-block\" >Die Preise verlangsamen sich. Die Zinss\u00e4tze steigen. Welche Trends sind in den kommenden Monaten zu erwarten?<\/div><a id=\"link_button-13-14695\" class=\"ct-link-button\" href=\"https:\/\/www.athome.lu\/blog\/blog\/marche-immobilier\/prix\/tendances-2022\/\" target=\"_blank\"  >Analyse lesen<\/a><\/div><\/div><\/div><\/div><\/section>\n\n\n<h2 class=\"wp-block-heading\"><span style=\"color: #000000;\"><strong>Violett<\/strong><\/span><\/h2>\n\n\n\n<p><span style=\"color: #000000;\">Teils tiefrot, teils k\u00fchlblau strahlt diese reiche Farbe Kultiviertheit aus. Violett verk\u00f6rpert einen k\u00f6niglichen, geheimnisvollen und majest\u00e4tischen Charakter. Sie f\u00f6rdert das Nachdenken, die Tr\u00e4umerei, die Kreativit\u00e4t und die Spiritualit\u00e4t.<\/span><\/p>\n\n\n\n<p><span style=\"color: #000000;\">Violett wird nachgesagt, dass es den Blutdruck senkt und die Verdauungsorgane und andere Organe beruhigt.<\/span><\/p>\n\n\n\n<p><span style=\"color: #000000;\">\u00c4hnlich wie Orange wirken auch Violettnuancen an hervorgehobenen W\u00e4nden sehr sch\u00f6n. Verwenden Sie in gr\u00f6\u00dferen R\u00e4umen ruhig auch hellere T\u00f6ne wie Mauve oder Flieder.<\/span><\/p>\n\n\n\n<p><span style=\"color: #000000;\"><strong>St\u00fcck:<\/strong> Schlafzimmer<\/span><\/p>\n\n\n\n<h2 class=\"wp-block-heading\"><span style=\"color: #000000;\"><strong>Gr\u00fcn<\/strong><\/span><\/h2>\n\n\n\n<p><span style=\"color: #000000;\">Gr\u00fcn ist eine helle, frische Farbe, die gut zu neutralen und kr\u00e4ftigen Farbt\u00f6nen passt. Es steht f\u00fcr die Natur, Fruchtbarkeit und Lust und f\u00f6rdert Kreativit\u00e4t und Frieden. Gr\u00fcn wird auch nachgesagt, dass es die Nerven beruhigt und Stress abbaut.<\/span><\/p>\n\n\n\n<p><span style=\"color: #000000;\">Als frische Farbe ist Gr\u00fcn ideal, um die Sonne und die W\u00e4rme des Nachmittags anzuziehen. Wegen seiner inspirierenden Wirkung macht es sich gut in der K\u00fcche. Wegen ihrer beruhigenden Eigenschaften eignet sie sich f\u00fcr Badezimmer oder Schlafzimmer.<\/span><\/p>\n\n\n\n<p><span style=\"color: #000000;\"><strong>St\u00fcck:<\/strong> Badezimmer oder Wohnzimmer<\/span><\/p>\n\n\n\n<h2 class=\"wp-block-heading\"><span style=\"color: #000000;\"><strong>Orange<\/strong><\/span><\/h2>\n\n\n\n<p><span style=\"color: #000000;\">Orange ist die ideale Farbe f\u00fcr den Winter, da sie warm und attraktiv ist. Die Farbe suggeriert Kraft und Aktivit\u00e4t und ist wie Gelb eine Farbe, die sich sehr gut kombinieren l\u00e4sst und eine Atmosph\u00e4re inspiriert, in der man sich am\u00fcsieren kann. Sie l\u00e4sst sich mit anderen Zitrusfarben als Kontrast oder mit Ocker- und Rost-Oranget\u00f6nen kombinieren, um die richtige Stimmung zu erzeugen und einen Raum zu erw\u00e4rmen.<\/span><\/p>\n\n\n\n<p><span style=\"color: #000000;\"><strong>St\u00fcck:<\/strong> Aufenthaltsr\u00e4ume<\/span><\/p>\n\n\n\n<h2 class=\"wp-block-heading\"><span style=\"color: #000000;\"><strong>Schwarz<\/strong><\/span><\/h2>\n\n\n\n<p><span style=\"color: #000000;\">Schwarz inspiriert unz\u00e4hlige emotionale und kulturelle Assoziationen. Aus symbolischer Sicht ist es die Farbe der Trauer. Schwarz verk\u00f6rpert auch das Geheimnisvolle, die Macht und die Kultiviertheit. Die Farbe kann deprimierend wirken und M\u00fcdigkeit hervorrufen. Andererseits symbolisiert Schwarz innere St\u00e4rke. Sie kann andere Farben hervorheben, wenn sie im Kontrast zu kr\u00e4ftigen T\u00f6nen verwendet wird.<\/span><\/p>\n\n\n\n<p><span style=\"color: #000000;\"><strong>M\u00fcnzen:<\/strong> sparsam zu verwenden, nur ber\u00fchrend.<\/span><\/p>","protected":false},"excerpt":{"rendered":"<p>Vous le savez certainement, les couleurs peuvent influer sur l\u2019humeur et les \u00e9motions. &nbsp;Examinons ensemble les couleurs adapt\u00e9es aux diff\u00e9rents types de pi\u00e8ces. La science des couleurs ne date pas d\u2019hier. Il y a environ 2000 ans, les civilisations d\u2019Egypte et de Chine anciennes utilisaient la couleur dans les processus de gu\u00e9rison et \u00e9tudiaient la [&hellip;]<\/p>\n","protected":false},"author":17,"featured_media":7414,"comment_status":"closed","ping_status":"open","sticky":false,"template":"","format":"standard","meta":{"_acf_changed":false,"footnotes":""},"categories":[210],"tags":[79,78],"class_list":["post-5969","post","type-post","status-publish","format-standard","has-post-thumbnail","hentry","category-meuble-decoration","tag-decoration","tag-renovation"],"acf":[],"yoast_head":"<!-- This site is optimized with the Yoast SEO plugin v27.4 - https:\/\/yoast.com\/product\/yoast-seo-wordpress\/ -->\n<title>\u25b7\u25b7 Quelle Couleur pour Quelle Pi\u00e8ce de Votre Maison ? ? | atHome<\/title>\n<meta name=\"description\" content=\"atHome vous aide \u00e0 d\u00e9finir la couleur id\u00e9ale pour chaque pi\u00e8ce de votre maison selon la nature et la fonction de la pi\u00e8ce en question.\" \/>\n<meta name=\"robots\" content=\"index, follow, max-snippet:-1, max-image-preview:large, max-video-preview:-1\" \/>\n<link rel=\"canonical\" href=\"https:\/\/www.athome.lu\/blog\/de\/mein-haus\/deko-mobel\/welche-farben-zu-den-teilen-des-hauses-geeignet-sind\/\" \/>\n<meta property=\"og:locale\" content=\"de_DE\" \/>\n<meta property=\"og:type\" content=\"article\" \/>\n<meta property=\"og:title\" content=\"\u25b7\u25b7 Quelle Couleur pour Quelle Pi\u00e8ce de Votre Maison ? ? | atHome\" \/>\n<meta property=\"og:description\" content=\"atHome vous aide \u00e0 d\u00e9finir la couleur id\u00e9ale pour chaque pi\u00e8ce de votre maison selon la nature et la fonction de la pi\u00e8ce en question.\" \/>\n<meta property=\"og:url\" content=\"https:\/\/www.athome.lu\/blog\/de\/mein-haus\/deko-mobel\/welche-farben-zu-den-teilen-des-hauses-geeignet-sind\/\" \/>\n<meta property=\"og:site_name\" content=\"atHome Blog\" \/>\n<meta property=\"article:publisher\" content=\"https:\/\/www.facebook.com\/atHome.lu\/\" \/>\n<meta property=\"article:published_time\" content=\"2015-09-17T10:38:45+00:00\" \/>\n<meta property=\"article:modified_time\" content=\"2022-05-11T07:29:12+00:00\" \/>\n<meta property=\"og:image\" content=\"https:\/\/www.athome.lu\/blog\/wp-content\/uploads\/2014\/07\/iStock_000020757342Medium.jpg\" \/>\n\t<meta property=\"og:image:width\" content=\"1200\" \/>\n\t<meta property=\"og:image:height\" content=\"907\" \/>\n\t<meta property=\"og:image:type\" content=\"image\/jpeg\" \/>\n<meta name=\"author\" content=\"Fanny Pimentel\" \/>\n<meta name=\"twitter:card\" content=\"summary_large_image\" \/>\n<meta name=\"twitter:title\" content=\"\u25b7\u25b7 Quelle Couleur pour Quelle Pi\u00e8ce de Votre Maison ? ? | atHome\" \/>\n<meta name=\"twitter:description\" content=\"atHome vous aide \u00e0 d\u00e9finir la couleur id\u00e9ale pour chaque pi\u00e8ce de votre maison selon la nature et la fonction de la pi\u00e8ce en question.\" \/>\n<meta name=\"twitter:creator\" content=\"@athomelu\" \/>\n<meta name=\"twitter:site\" content=\"@athomelu\" \/>\n<meta name=\"twitter:label1\" content=\"Verfasst von\" \/>\n\t<meta name=\"twitter:data1\" content=\"Fanny Pimentel\" \/>\n\t<meta name=\"twitter:label2\" content=\"Gesch\u00e4tzte Lesezeit\" \/>\n\t<meta name=\"twitter:data2\" content=\"5\u00a0Minuten\" \/>\n<script type=\"application\/ld+json\" class=\"yoast-schema-graph\">{\"@context\":\"https:\\\/\\\/schema.org\",\"@graph\":[{\"@type\":\"Article\",\"@id\":\"https:\\\/\\\/www.athome.lu\\\/blog\\\/mon-logement\\\/meuble-decoration\\\/quelles-sont-les-couleurs-adaptees-aux-pieces-de-la-maison\\\/#article\",\"isPartOf\":{\"@id\":\"https:\\\/\\\/www.athome.lu\\\/blog\\\/mon-logement\\\/meuble-decoration\\\/quelles-sont-les-couleurs-adaptees-aux-pieces-de-la-maison\\\/\"},\"author\":{\"name\":\"Fanny Pimentel\",\"@id\":\"https:\\\/\\\/www.athome.lu\\\/blog\\\/#\\\/schema\\\/person\\\/47f7a38089f837e792876ceddc4cb2dc\"},\"headline\":\"Quelles sont les couleurs adapt\u00e9es aux pi\u00e8ces de la maison\u00a0?\",\"datePublished\":\"2015-09-17T10:38:45+00:00\",\"dateModified\":\"2022-05-11T07:29:12+00:00\",\"mainEntityOfPage\":{\"@id\":\"https:\\\/\\\/www.athome.lu\\\/blog\\\/mon-logement\\\/meuble-decoration\\\/quelles-sont-les-couleurs-adaptees-aux-pieces-de-la-maison\\\/\"},\"wordCount\":1032,\"image\":{\"@id\":\"https:\\\/\\\/www.athome.lu\\\/blog\\\/mon-logement\\\/meuble-decoration\\\/quelles-sont-les-couleurs-adaptees-aux-pieces-de-la-maison\\\/#primaryimage\"},\"thumbnailUrl\":\"https:\\\/\\\/www.athome.lu\\\/blog\\\/wp-content\\\/uploads\\\/2014\\\/07\\\/iStock_000020757342Medium.jpg\",\"keywords\":[\"D\u00e9coration\",\"R\u00e9novation\"],\"articleSection\":[\"Meubler et D\u00e9corer\"],\"inLanguage\":\"de\"},{\"@type\":\"WebPage\",\"@id\":\"https:\\\/\\\/www.athome.lu\\\/blog\\\/mon-logement\\\/meuble-decoration\\\/quelles-sont-les-couleurs-adaptees-aux-pieces-de-la-maison\\\/\",\"url\":\"https:\\\/\\\/www.athome.lu\\\/blog\\\/mon-logement\\\/meuble-decoration\\\/quelles-sont-les-couleurs-adaptees-aux-pieces-de-la-maison\\\/\",\"name\":\"\u25b7\u25b7 Quelle Couleur pour Quelle Pi\u00e8ce de Votre Maison ? ? | atHome\",\"isPartOf\":{\"@id\":\"https:\\\/\\\/www.athome.lu\\\/blog\\\/#website\"},\"primaryImageOfPage\":{\"@id\":\"https:\\\/\\\/www.athome.lu\\\/blog\\\/mon-logement\\\/meuble-decoration\\\/quelles-sont-les-couleurs-adaptees-aux-pieces-de-la-maison\\\/#primaryimage\"},\"image\":{\"@id\":\"https:\\\/\\\/www.athome.lu\\\/blog\\\/mon-logement\\\/meuble-decoration\\\/quelles-sont-les-couleurs-adaptees-aux-pieces-de-la-maison\\\/#primaryimage\"},\"thumbnailUrl\":\"https:\\\/\\\/www.athome.lu\\\/blog\\\/wp-content\\\/uploads\\\/2014\\\/07\\\/iStock_000020757342Medium.jpg\",\"datePublished\":\"2015-09-17T10:38:45+00:00\",\"dateModified\":\"2022-05-11T07:29:12+00:00\",\"author\":{\"@id\":\"https:\\\/\\\/www.athome.lu\\\/blog\\\/#\\\/schema\\\/person\\\/47f7a38089f837e792876ceddc4cb2dc\"},\"description\":\"atHome vous aide \u00e0 d\u00e9finir la couleur id\u00e9ale pour chaque pi\u00e8ce de votre maison selon la nature et la fonction de la pi\u00e8ce en question.\",\"breadcrumb\":{\"@id\":\"https:\\\/\\\/www.athome.lu\\\/blog\\\/mon-logement\\\/meuble-decoration\\\/quelles-sont-les-couleurs-adaptees-aux-pieces-de-la-maison\\\/#breadcrumb\"},\"inLanguage\":\"de\",\"potentialAction\":[{\"@type\":\"ReadAction\",\"target\":[\"https:\\\/\\\/www.athome.lu\\\/blog\\\/mon-logement\\\/meuble-decoration\\\/quelles-sont-les-couleurs-adaptees-aux-pieces-de-la-maison\\\/\"]}]},{\"@type\":\"ImageObject\",\"inLanguage\":\"de\",\"@id\":\"https:\\\/\\\/www.athome.lu\\\/blog\\\/mon-logement\\\/meuble-decoration\\\/quelles-sont-les-couleurs-adaptees-aux-pieces-de-la-maison\\\/#primaryimage\",\"url\":\"https:\\\/\\\/www.athome.lu\\\/blog\\\/wp-content\\\/uploads\\\/2014\\\/07\\\/iStock_000020757342Medium.jpg\",\"contentUrl\":\"https:\\\/\\\/www.athome.lu\\\/blog\\\/wp-content\\\/uploads\\\/2014\\\/07\\\/iStock_000020757342Medium.jpg\",\"width\":1200,\"height\":907,\"caption\":\"Bande de peinture sur mur blanc \u00e0 chaque pi\u00e8ce sa couleur\"},{\"@type\":\"BreadcrumbList\",\"@id\":\"https:\\\/\\\/www.athome.lu\\\/blog\\\/mon-logement\\\/meuble-decoration\\\/quelles-sont-les-couleurs-adaptees-aux-pieces-de-la-maison\\\/#breadcrumb\",\"itemListElement\":[{\"@type\":\"ListItem\",\"position\":1,\"name\":\"Accueil\",\"item\":\"https:\\\/\\\/www.athome.lu\\\/blog\\\/\"},{\"@type\":\"ListItem\",\"position\":2,\"name\":\"Mon logement\",\"item\":\"https:\\\/\\\/www.athome.lu\\\/blog\\\/de\\\/category\\\/mein-haus\\\/\"},{\"@type\":\"ListItem\",\"position\":3,\"name\":\"Meubler et D\u00e9corer\",\"item\":\"https:\\\/\\\/www.athome.lu\\\/blog\\\/de\\\/category\\\/mein-haus\\\/deko-mobel\\\/\"},{\"@type\":\"ListItem\",\"position\":4,\"name\":\"Quelles sont les couleurs adapt\u00e9es aux pi\u00e8ces de la maison\u00a0?\"}]},{\"@type\":\"WebSite\",\"@id\":\"https:\\\/\\\/www.athome.lu\\\/blog\\\/#website\",\"url\":\"https:\\\/\\\/www.athome.lu\\\/blog\\\/\",\"name\":\"atHome Blog\",\"description\":\"Annonces immobili\u00e8res au Luxembourg. Le portail immobilier n\u00b01 au Luxembourg.\",\"potentialAction\":[{\"@type\":\"SearchAction\",\"target\":{\"@type\":\"EntryPoint\",\"urlTemplate\":\"https:\\\/\\\/www.athome.lu\\\/blog\\\/?s={search_term_string}\"},\"query-input\":{\"@type\":\"PropertyValueSpecification\",\"valueRequired\":true,\"valueName\":\"search_term_string\"}}],\"inLanguage\":\"de\"},{\"@type\":\"Person\",\"@id\":\"https:\\\/\\\/www.athome.lu\\\/blog\\\/#\\\/schema\\\/person\\\/47f7a38089f837e792876ceddc4cb2dc\",\"name\":\"Fanny Pimentel\",\"image\":{\"@type\":\"ImageObject\",\"inLanguage\":\"de\",\"@id\":\"https:\\\/\\\/secure.gravatar.com\\\/avatar\\\/c60b27b93851dc9503f9cc9150e73dcb0a86ba6150657e5e4b11d988400bc633?s=96&d=mm&r=g\",\"url\":\"https:\\\/\\\/secure.gravatar.com\\\/avatar\\\/c60b27b93851dc9503f9cc9150e73dcb0a86ba6150657e5e4b11d988400bc633?s=96&d=mm&r=g\",\"contentUrl\":\"https:\\\/\\\/secure.gravatar.com\\\/avatar\\\/c60b27b93851dc9503f9cc9150e73dcb0a86ba6150657e5e4b11d988400bc633?s=96&d=mm&r=g\",\"caption\":\"Fanny Pimentel\"}}]}<\/script>\n<!-- \/ Yoast SEO plugin. -->","yoast_head_json":{"title":"\u25b7\u25b7 Welche Farbe f\u00fcr welchen Raum in Ihrem Haus? | atHome","description":"atHome hilft Ihnen, die ideale Farbe f\u00fcr jeden Raum in Ihrem Haus zu bestimmen, abh\u00e4ngig von der Art und Funktion des jeweiligen Raumes.","robots":{"index":"index","follow":"follow","max-snippet":"max-snippet:-1","max-image-preview":"max-image-preview:large","max-video-preview":"max-video-preview:-1"},"canonical":"https:\/\/www.athome.lu\/blog\/de\/mein-haus\/deko-mobel\/welche-farben-zu-den-teilen-des-hauses-geeignet-sind\/","og_locale":"de_DE","og_type":"article","og_title":"\u25b7\u25b7 Quelle Couleur pour Quelle Pi\u00e8ce de Votre Maison ? ? | atHome","og_description":"atHome vous aide \u00e0 d\u00e9finir la couleur id\u00e9ale pour chaque pi\u00e8ce de votre maison selon la nature et la fonction de la pi\u00e8ce en question.","og_url":"https:\/\/www.athome.lu\/blog\/de\/mein-haus\/deko-mobel\/welche-farben-zu-den-teilen-des-hauses-geeignet-sind\/","og_site_name":"atHome Blog","article_publisher":"https:\/\/www.facebook.com\/atHome.lu\/","article_published_time":"2015-09-17T10:38:45+00:00","article_modified_time":"2022-05-11T07:29:12+00:00","og_image":[{"width":1200,"height":907,"url":"https:\/\/www.athome.lu\/blog\/wp-content\/uploads\/2014\/07\/iStock_000020757342Medium.jpg","type":"image\/jpeg"}],"author":"Fanny Pimentel","twitter_card":"summary_large_image","twitter_title":"\u25b7\u25b7 Quelle Couleur pour Quelle Pi\u00e8ce de Votre Maison ? ? | atHome","twitter_description":"atHome vous aide \u00e0 d\u00e9finir la couleur id\u00e9ale pour chaque pi\u00e8ce de votre maison selon la nature et la fonction de la pi\u00e8ce en question.","twitter_creator":"@athomelu","twitter_site":"@athomelu","twitter_misc":{"Verfasst von":"Fanny Pimentel","Gesch\u00e4tzte Lesezeit":"5\u00a0Minuten"},"schema":{"@context":"https:\/\/schema.org","@graph":[{"@type":"Article","@id":"https:\/\/www.athome.lu\/blog\/mon-logement\/meuble-decoration\/quelles-sont-les-couleurs-adaptees-aux-pieces-de-la-maison\/#article","isPartOf":{"@id":"https:\/\/www.athome.lu\/blog\/mon-logement\/meuble-decoration\/quelles-sont-les-couleurs-adaptees-aux-pieces-de-la-maison\/"},"author":{"name":"Fanny Pimentel","@id":"https:\/\/www.athome.lu\/blog\/#\/schema\/person\/47f7a38089f837e792876ceddc4cb2dc"},"headline":"Quelles sont les couleurs adapt\u00e9es aux pi\u00e8ces de la maison\u00a0?","datePublished":"2015-09-17T10:38:45+00:00","dateModified":"2022-05-11T07:29:12+00:00","mainEntityOfPage":{"@id":"https:\/\/www.athome.lu\/blog\/mon-logement\/meuble-decoration\/quelles-sont-les-couleurs-adaptees-aux-pieces-de-la-maison\/"},"wordCount":1032,"image":{"@id":"https:\/\/www.athome.lu\/blog\/mon-logement\/meuble-decoration\/quelles-sont-les-couleurs-adaptees-aux-pieces-de-la-maison\/#primaryimage"},"thumbnailUrl":"https:\/\/www.athome.lu\/blog\/wp-content\/uploads\/2014\/07\/iStock_000020757342Medium.jpg","keywords":["D\u00e9coration","R\u00e9novation"],"articleSection":["Meubler et D\u00e9corer"],"inLanguage":"de"},{"@type":"WebPage","@id":"https:\/\/www.athome.lu\/blog\/mon-logement\/meuble-decoration\/quelles-sont-les-couleurs-adaptees-aux-pieces-de-la-maison\/","url":"https:\/\/www.athome.lu\/blog\/mon-logement\/meuble-decoration\/quelles-sont-les-couleurs-adaptees-aux-pieces-de-la-maison\/","name":"\u25b7\u25b7 Welche Farbe f\u00fcr welchen Raum in Ihrem Haus? | atHome","isPartOf":{"@id":"https:\/\/www.athome.lu\/blog\/#website"},"primaryImageOfPage":{"@id":"https:\/\/www.athome.lu\/blog\/mon-logement\/meuble-decoration\/quelles-sont-les-couleurs-adaptees-aux-pieces-de-la-maison\/#primaryimage"},"image":{"@id":"https:\/\/www.athome.lu\/blog\/mon-logement\/meuble-decoration\/quelles-sont-les-couleurs-adaptees-aux-pieces-de-la-maison\/#primaryimage"},"thumbnailUrl":"https:\/\/www.athome.lu\/blog\/wp-content\/uploads\/2014\/07\/iStock_000020757342Medium.jpg","datePublished":"2015-09-17T10:38:45+00:00","dateModified":"2022-05-11T07:29:12+00:00","author":{"@id":"https:\/\/www.athome.lu\/blog\/#\/schema\/person\/47f7a38089f837e792876ceddc4cb2dc"},"description":"atHome hilft Ihnen, die ideale Farbe f\u00fcr jeden Raum in Ihrem Haus zu bestimmen, abh\u00e4ngig von der Art und Funktion des jeweiligen Raumes.","breadcrumb":{"@id":"https:\/\/www.athome.lu\/blog\/mon-logement\/meuble-decoration\/quelles-sont-les-couleurs-adaptees-aux-pieces-de-la-maison\/#breadcrumb"},"inLanguage":"de","potentialAction":[{"@type":"ReadAction","target":["https:\/\/www.athome.lu\/blog\/mon-logement\/meuble-decoration\/quelles-sont-les-couleurs-adaptees-aux-pieces-de-la-maison\/"]}]},{"@type":"ImageObject","inLanguage":"de","@id":"https:\/\/www.athome.lu\/blog\/mon-logement\/meuble-decoration\/quelles-sont-les-couleurs-adaptees-aux-pieces-de-la-maison\/#primaryimage","url":"https:\/\/www.athome.lu\/blog\/wp-content\/uploads\/2014\/07\/iStock_000020757342Medium.jpg","contentUrl":"https:\/\/www.athome.lu\/blog\/wp-content\/uploads\/2014\/07\/iStock_000020757342Medium.jpg","width":1200,"height":907,"caption":"Bande de peinture sur mur blanc \u00e0 chaque pi\u00e8ce sa couleur"},{"@type":"BreadcrumbList","@id":"https:\/\/www.athome.lu\/blog\/mon-logement\/meuble-decoration\/quelles-sont-les-couleurs-adaptees-aux-pieces-de-la-maison\/#breadcrumb","itemListElement":[{"@type":"ListItem","position":1,"name":"Accueil","item":"https:\/\/www.athome.lu\/blog\/"},{"@type":"ListItem","position":2,"name":"Mon logement","item":"https:\/\/www.athome.lu\/blog\/de\/category\/mein-haus\/"},{"@type":"ListItem","position":3,"name":"Meubler et D\u00e9corer","item":"https:\/\/www.athome.lu\/blog\/de\/category\/mein-haus\/deko-mobel\/"},{"@type":"ListItem","position":4,"name":"Quelles sont les couleurs adapt\u00e9es aux pi\u00e8ces de la maison\u00a0?"}]},{"@type":"WebSite","@id":"https:\/\/www.athome.lu\/blog\/#website","url":"https:\/\/www.athome.lu\/blog\/","name":"atHome Blog","description":"Immobilienanzeigen in Luxemburg. Das Immobilienportal Nr. 1 in Luxemburg.","potentialAction":[{"@type":"SearchAction","target":{"@type":"EntryPoint","urlTemplate":"https:\/\/www.athome.lu\/blog\/?s={search_term_string}"},"query-input":{"@type":"PropertyValueSpecification","valueRequired":true,"valueName":"search_term_string"}}],"inLanguage":"de"},{"@type":"Person","@id":"https:\/\/www.athome.lu\/blog\/#\/schema\/person\/47f7a38089f837e792876ceddc4cb2dc","name":"Fanny Pimentel","image":{"@type":"ImageObject","inLanguage":"de","@id":"https:\/\/secure.gravatar.com\/avatar\/c60b27b93851dc9503f9cc9150e73dcb0a86ba6150657e5e4b11d988400bc633?s=96&d=mm&r=g","url":"https:\/\/secure.gravatar.com\/avatar\/c60b27b93851dc9503f9cc9150e73dcb0a86ba6150657e5e4b11d988400bc633?s=96&d=mm&r=g","contentUrl":"https:\/\/secure.gravatar.com\/avatar\/c60b27b93851dc9503f9cc9150e73dcb0a86ba6150657e5e4b11d988400bc633?s=96&d=mm&r=g","caption":"Fanny Pimentel"}}]}},"featured_media_src_url":"https:\/\/www.athome.lu\/blog\/wp-content\/uploads\/2014\/07\/iStock_000020757342Medium-1024x774.jpg","_links":{"self":[{"href":"https:\/\/www.athome.lu\/blog\/de\/wp-json\/wp\/v2\/posts\/5969","targetHints":{"allow":["GET"]}}],"collection":[{"href":"https:\/\/www.athome.lu\/blog\/de\/wp-json\/wp\/v2\/posts"}],"about":[{"href":"https:\/\/www.athome.lu\/blog\/de\/wp-json\/wp\/v2\/types\/post"}],"author":[{"embeddable":true,"href":"https:\/\/www.athome.lu\/blog\/de\/wp-json\/wp\/v2\/users\/17"}],"replies":[{"embeddable":true,"href":"https:\/\/www.athome.lu\/blog\/de\/wp-json\/wp\/v2\/comments?post=5969"}],"version-history":[{"count":2,"href":"https:\/\/www.athome.lu\/blog\/de\/wp-json\/wp\/v2\/posts\/5969\/revisions"}],"predecessor-version":[{"id":14803,"href":"https:\/\/www.athome.lu\/blog\/de\/wp-json\/wp\/v2\/posts\/5969\/revisions\/14803"}],"wp:featuredmedia":[{"embeddable":true,"href":"https:\/\/www.athome.lu\/blog\/de\/wp-json\/wp\/v2\/media\/7414"}],"wp:attachment":[{"href":"https:\/\/www.athome.lu\/blog\/de\/wp-json\/wp\/v2\/media?parent=5969"}],"wp:term":[{"taxonomy":"category","embeddable":true,"href":"https:\/\/www.athome.lu\/blog\/de\/wp-json\/wp\/v2\/categories?post=5969"},{"taxonomy":"post_tag","embeddable":true,"href":"https:\/\/www.athome.lu\/blog\/de\/wp-json\/wp\/v2\/tags?post=5969"}],"curies":[{"name":"wp","href":"https:\/\/api.w.org\/{rel}","templated":true}]}}