{"id":7523,"date":"2016-03-01T14:38:00","date_gmt":"2016-03-01T13:38:00","guid":{"rendered":"http:\/\/wordpress.dev.aws.athome.lu\/?p=7523"},"modified":"2022-05-12T10:58:28","modified_gmt":"2022-05-12T08:58:28","slug":"steuerreform-welche-masnahmen-fur-den-wohnungsbau","status":"publish","type":"post","link":"https:\/\/www.athome.lu\/blog\/de\/acheter\/fiscalite\/reforme-fiscale-quelles-mesures-pour-le-logement\/","title":{"rendered":"Steuerreform: Welche Ma\u00dfnahmen f\u00fcr den Wohnungsbau?"},"content":{"rendered":"<p><strong><span style=\"color: #000000;\">Am 29. Februar 2016 stellte die Regierung auf einer Pressekonferenz die Elemente der Steuerreform vor, die zum 1. Januar 2016 in Kraft treten soll.<sup>er<\/sup>&nbsp;Januar 2017.<\/span><\/strong><\/p>\n\n\n\n<p><span style=\"color: #000000;\">F\u00fcr den Bereich Wohnen wurden mehrere Ma\u00dfnahmen vorgestellt:<\/span><\/p>\n\n\n\n<h2 class=\"wp-block-heading\"><span style=\"color: #000000;\"><strong>Erleichterung des Zugangs zu Wohnraum<\/strong><\/span><\/h2>\n\n\n\n<p><span style=\"color: #000000;\">Um die Finanzierungsm\u00f6glichkeiten f\u00fcr die eigene Wohnung zu verbessern, wird f\u00fcr Steuerzahler, die das 40. Lebensjahr noch nicht vollendet haben, der H\u00f6chstbetrag f\u00fcr absetzbare Beitr\u00e4ge zu einem Bausparvertrag erh\u00f6ht. Bei den Schuldzinsen f\u00fcr ein Immobiliendarlehen werden die abzugsf\u00e4higen Betr\u00e4ge ebenfalls erh\u00f6ht.<\/span><\/p>\n\n\n\n<p><span style=\"color: #000000;\">Um das Angebot an erschwinglichem Wohnraum zu erweitern, werden die soziale Vermietung \u00fcber zugelassene Organisationen (z. B. AIS - Agence immobili\u00e8re sociale) sowie die Vermarktung von zum Verkauf bestimmten Geb\u00e4uden gef\u00f6rdert (zeitlich begrenzte Ma\u00dfnahme).<\/span><\/p>\n\n\n\n<p><span style=\"text-decoration: underline;\"><a href=\"http:\/\/www.mf.public.lu\/actualites\/2016\/02\/reforme_fiscale_290216\/index.html\" target=\"_blank\" rel=\"noopener noreferrer\">Weitere Informationen zur Steuerreform<\/a><\/span><\/p>\n\n\n\n<p><span style=\"text-decoration: underline;\"><span style=\"color: #000000;\"><a href=\"http:\/\/www.reforme-fiscale.public.lu\/fr\/links\/documents\/fir-bezuelbart-wunnen\/steierreform2017-fir-bezuelbart-wunnen.pdf\" target=\"_blank\" rel=\"noopener noreferrer\">Infografik ansehen&nbsp;<\/a><\/span><\/span><\/p>\n\n\n\n<p><em><span style=\"color: #000000;\">Quelle: Finanzministerium<\/span><\/em><\/p>\n\n\n<section id=\"section-3-14695\" class=\"ct-section\" ><div class=\"ct-section-inner-wrap\"><div id=\"div_block-4-14695\" class=\"ct-div-block\" ><div id=\"new_columns-7-14695\" class=\"ct-new-columns\" ><div id=\"div_block-8-14695\" class=\"ct-div-block\" ><div id=\"div_block-14-14695\" class=\"ct-div-block\" ><\/div><\/div><div id=\"div_block-9-14695\" class=\"ct-div-block\" ><h1 id=\"headline-11-14695\" class=\"ct-headline\">Wie hoch sind die Immobilienpreise derzeit?<\/h1><div id=\"text_block-12-14695\" class=\"ct-text-block\" >Die Preise verlangsamen sich. Die Zinss\u00e4tze steigen. Welche Trends sind in den kommenden Monaten zu erwarten?<\/div><a id=\"link_button-13-14695\" class=\"ct-link-button\" href=\"https:\/\/www.athome.lu\/blog\/blog\/marche-immobilier\/prix\/tendances-2022\/\" target=\"_blank\"  >Analyse lesen<\/a><\/div><\/div><\/div><\/div><\/section>","protected":false},"excerpt":{"rendered":"<p>Le 29 f\u00e9vrier 2016, le gouvernement a pr\u00e9sent\u00e9 lors d\u2019une conf\u00e9rence de presse les \u00e9l\u00e9ments de la r\u00e9forme fiscale, qui doit entrer en vigueur au 1er&nbsp;janvier 2017. Pour le volet logement, plusieurs mesures ont \u00e9t\u00e9 pr\u00e9sent\u00e9es&nbsp;: Facilitation de l\u2019acc\u00e8s au logement Pour am\u00e9liorer la capacit\u00e9 de financement de son habitation personnelle, le contribuable n\u2019ayant pas [&hellip;]<\/p>\n","protected":false},"author":17,"featured_media":7525,"comment_status":"closed","ping_status":"open","sticky":false,"template":"","format":"standard","meta":{"_acf_changed":false,"footnotes":""},"categories":[11],"tags":[36,35],"class_list":["post-7523","post","type-post","status-publish","format-standard","has-post-thumbnail","hentry","category-fiscalite","tag-credit-immobilier","tag-epargne"],"acf":[],"yoast_head":"<!-- This site is optimized with the Yoast SEO plugin v27.4 - https:\/\/yoast.com\/product\/yoast-seo-wordpress\/ -->\n<title>R\u00e9forme fiscale: quelles mesures pour le logement ? - atHome Blog<\/title>\n<meta name=\"robots\" content=\"index, follow, max-snippet:-1, max-image-preview:large, max-video-preview:-1\" \/>\n<link rel=\"canonical\" href=\"https:\/\/www.athome.lu\/blog\/de\/kaufen\/steuerrecht\/steuerreform-welche-masnahmen-fur-den-wohnungsbau\/\" \/>\n<meta property=\"og:locale\" content=\"de_DE\" \/>\n<meta property=\"og:type\" content=\"article\" \/>\n<meta property=\"og:title\" content=\"R\u00e9forme fiscale: quelles mesures pour le logement ? - atHome Blog\" \/>\n<meta property=\"og:description\" content=\"Le 29 f\u00e9vrier 2016, le gouvernement a pr\u00e9sent\u00e9 lors d\u2019une conf\u00e9rence de presse les \u00e9l\u00e9ments de la r\u00e9forme fiscale, qui doit entrer en vigueur au 1er&nbsp;janvier 2017. Pour le volet logement, plusieurs mesures ont \u00e9t\u00e9 pr\u00e9sent\u00e9es&nbsp;: Facilitation de l\u2019acc\u00e8s au logement Pour am\u00e9liorer la capacit\u00e9 de financement de son habitation personnelle, le contribuable n\u2019ayant pas [&hellip;]\" \/>\n<meta property=\"og:url\" content=\"https:\/\/www.athome.lu\/blog\/de\/kaufen\/steuerrecht\/steuerreform-welche-masnahmen-fur-den-wohnungsbau\/\" \/>\n<meta property=\"og:site_name\" content=\"atHome Blog\" \/>\n<meta property=\"article:publisher\" content=\"https:\/\/www.facebook.com\/atHome.lu\/\" \/>\n<meta property=\"article:published_time\" content=\"2016-03-01T13:38:00+00:00\" \/>\n<meta property=\"article:modified_time\" content=\"2022-05-12T08:58:28+00:00\" \/>\n<meta property=\"og:image\" content=\"https:\/\/www.athome.lu\/blog\/wp-content\/uploads\/2016\/03\/luxembourg-1164654_960_720.jpg\" \/>\n\t<meta property=\"og:image:width\" content=\"960\" \/>\n\t<meta property=\"og:image:height\" content=\"540\" \/>\n\t<meta property=\"og:image:type\" content=\"image\/jpeg\" \/>\n<meta name=\"author\" content=\"Fanny Pimentel\" \/>\n<meta name=\"twitter:card\" content=\"summary_large_image\" \/>\n<meta name=\"twitter:creator\" content=\"@athomelu\" \/>\n<meta name=\"twitter:site\" content=\"@athomelu\" \/>\n<meta name=\"twitter:label1\" content=\"Verfasst von\" \/>\n\t<meta name=\"twitter:data1\" content=\"Fanny Pimentel\" \/>\n\t<meta name=\"twitter:label2\" content=\"Gesch\u00e4tzte Lesezeit\" \/>\n\t<meta name=\"twitter:data2\" content=\"1\u00a0Minute\" \/>\n<script type=\"application\/ld+json\" class=\"yoast-schema-graph\">{\"@context\":\"https:\\\/\\\/schema.org\",\"@graph\":[{\"@type\":\"Article\",\"@id\":\"https:\\\/\\\/www.athome.lu\\\/blog\\\/acheter\\\/fiscalite\\\/reforme-fiscale-quelles-mesures-pour-le-logement\\\/#article\",\"isPartOf\":{\"@id\":\"https:\\\/\\\/www.athome.lu\\\/blog\\\/acheter\\\/fiscalite\\\/reforme-fiscale-quelles-mesures-pour-le-logement\\\/\"},\"author\":{\"name\":\"Fanny Pimentel\",\"@id\":\"https:\\\/\\\/www.athome.lu\\\/blog\\\/#\\\/schema\\\/person\\\/47f7a38089f837e792876ceddc4cb2dc\"},\"headline\":\"R\u00e9forme fiscale: quelles mesures pour le logement ?\",\"datePublished\":\"2016-03-01T13:38:00+00:00\",\"dateModified\":\"2022-05-12T08:58:28+00:00\",\"mainEntityOfPage\":{\"@id\":\"https:\\\/\\\/www.athome.lu\\\/blog\\\/acheter\\\/fiscalite\\\/reforme-fiscale-quelles-mesures-pour-le-logement\\\/\"},\"wordCount\":186,\"image\":{\"@id\":\"https:\\\/\\\/www.athome.lu\\\/blog\\\/acheter\\\/fiscalite\\\/reforme-fiscale-quelles-mesures-pour-le-logement\\\/#primaryimage\"},\"thumbnailUrl\":\"https:\\\/\\\/www.athome.lu\\\/blog\\\/wp-content\\\/uploads\\\/2016\\\/03\\\/luxembourg-1164654_960_720.jpg\",\"keywords\":[\"Cr\u00e9dit immobilier\",\"Epargne\"],\"articleSection\":[\"Fiscalit\u00e9\"],\"inLanguage\":\"de\"},{\"@type\":\"WebPage\",\"@id\":\"https:\\\/\\\/www.athome.lu\\\/blog\\\/acheter\\\/fiscalite\\\/reforme-fiscale-quelles-mesures-pour-le-logement\\\/\",\"url\":\"https:\\\/\\\/www.athome.lu\\\/blog\\\/acheter\\\/fiscalite\\\/reforme-fiscale-quelles-mesures-pour-le-logement\\\/\",\"name\":\"R\u00e9forme fiscale: quelles mesures pour le logement ? - atHome Blog\",\"isPartOf\":{\"@id\":\"https:\\\/\\\/www.athome.lu\\\/blog\\\/#website\"},\"primaryImageOfPage\":{\"@id\":\"https:\\\/\\\/www.athome.lu\\\/blog\\\/acheter\\\/fiscalite\\\/reforme-fiscale-quelles-mesures-pour-le-logement\\\/#primaryimage\"},\"image\":{\"@id\":\"https:\\\/\\\/www.athome.lu\\\/blog\\\/acheter\\\/fiscalite\\\/reforme-fiscale-quelles-mesures-pour-le-logement\\\/#primaryimage\"},\"thumbnailUrl\":\"https:\\\/\\\/www.athome.lu\\\/blog\\\/wp-content\\\/uploads\\\/2016\\\/03\\\/luxembourg-1164654_960_720.jpg\",\"datePublished\":\"2016-03-01T13:38:00+00:00\",\"dateModified\":\"2022-05-12T08:58:28+00:00\",\"author\":{\"@id\":\"https:\\\/\\\/www.athome.lu\\\/blog\\\/#\\\/schema\\\/person\\\/47f7a38089f837e792876ceddc4cb2dc\"},\"breadcrumb\":{\"@id\":\"https:\\\/\\\/www.athome.lu\\\/blog\\\/acheter\\\/fiscalite\\\/reforme-fiscale-quelles-mesures-pour-le-logement\\\/#breadcrumb\"},\"inLanguage\":\"de\",\"potentialAction\":[{\"@type\":\"ReadAction\",\"target\":[\"https:\\\/\\\/www.athome.lu\\\/blog\\\/acheter\\\/fiscalite\\\/reforme-fiscale-quelles-mesures-pour-le-logement\\\/\"]}]},{\"@type\":\"ImageObject\",\"inLanguage\":\"de\",\"@id\":\"https:\\\/\\\/www.athome.lu\\\/blog\\\/acheter\\\/fiscalite\\\/reforme-fiscale-quelles-mesures-pour-le-logement\\\/#primaryimage\",\"url\":\"https:\\\/\\\/www.athome.lu\\\/blog\\\/wp-content\\\/uploads\\\/2016\\\/03\\\/luxembourg-1164654_960_720.jpg\",\"contentUrl\":\"https:\\\/\\\/www.athome.lu\\\/blog\\\/wp-content\\\/uploads\\\/2016\\\/03\\\/luxembourg-1164654_960_720.jpg\",\"width\":960,\"height\":540},{\"@type\":\"BreadcrumbList\",\"@id\":\"https:\\\/\\\/www.athome.lu\\\/blog\\\/acheter\\\/fiscalite\\\/reforme-fiscale-quelles-mesures-pour-le-logement\\\/#breadcrumb\",\"itemListElement\":[{\"@type\":\"ListItem\",\"position\":1,\"name\":\"Accueil\",\"item\":\"https:\\\/\\\/www.athome.lu\\\/blog\\\/\"},{\"@type\":\"ListItem\",\"position\":2,\"name\":\"Acheter\",\"item\":\"https:\\\/\\\/www.athome.lu\\\/blog\\\/en\\\/category\\\/buy\\\/\"},{\"@type\":\"ListItem\",\"position\":3,\"name\":\"Fiscalit\u00e9\",\"item\":\"https:\\\/\\\/www.athome.lu\\\/blog\\\/category\\\/acheter\\\/fiscalite\\\/\"},{\"@type\":\"ListItem\",\"position\":4,\"name\":\"R\u00e9forme fiscale: quelles mesures pour le logement ?\"}]},{\"@type\":\"WebSite\",\"@id\":\"https:\\\/\\\/www.athome.lu\\\/blog\\\/#website\",\"url\":\"https:\\\/\\\/www.athome.lu\\\/blog\\\/\",\"name\":\"atHome Blog\",\"description\":\"Annonces immobili\u00e8res au Luxembourg. Le portail immobilier n\u00b01 au Luxembourg.\",\"potentialAction\":[{\"@type\":\"SearchAction\",\"target\":{\"@type\":\"EntryPoint\",\"urlTemplate\":\"https:\\\/\\\/www.athome.lu\\\/blog\\\/?s={search_term_string}\"},\"query-input\":{\"@type\":\"PropertyValueSpecification\",\"valueRequired\":true,\"valueName\":\"search_term_string\"}}],\"inLanguage\":\"de\"},{\"@type\":\"Person\",\"@id\":\"https:\\\/\\\/www.athome.lu\\\/blog\\\/#\\\/schema\\\/person\\\/47f7a38089f837e792876ceddc4cb2dc\",\"name\":\"Fanny Pimentel\",\"image\":{\"@type\":\"ImageObject\",\"inLanguage\":\"de\",\"@id\":\"https:\\\/\\\/secure.gravatar.com\\\/avatar\\\/c60b27b93851dc9503f9cc9150e73dcb0a86ba6150657e5e4b11d988400bc633?s=96&d=mm&r=g\",\"url\":\"https:\\\/\\\/secure.gravatar.com\\\/avatar\\\/c60b27b93851dc9503f9cc9150e73dcb0a86ba6150657e5e4b11d988400bc633?s=96&d=mm&r=g\",\"contentUrl\":\"https:\\\/\\\/secure.gravatar.com\\\/avatar\\\/c60b27b93851dc9503f9cc9150e73dcb0a86ba6150657e5e4b11d988400bc633?s=96&d=mm&r=g\",\"caption\":\"Fanny Pimentel\"}}]}<\/script>\n<!-- \/ Yoast SEO plugin. -->","yoast_head_json":{"title":"Steuerreform: Welche Ma\u00dfnahmen f\u00fcr den Wohnungsbau? - atHome Blog","robots":{"index":"index","follow":"follow","max-snippet":"max-snippet:-1","max-image-preview":"max-image-preview:large","max-video-preview":"max-video-preview:-1"},"canonical":"https:\/\/www.athome.lu\/blog\/de\/kaufen\/steuerrecht\/steuerreform-welche-masnahmen-fur-den-wohnungsbau\/","og_locale":"de_DE","og_type":"article","og_title":"R\u00e9forme fiscale: quelles mesures pour le logement ? - atHome Blog","og_description":"Le 29 f\u00e9vrier 2016, le gouvernement a pr\u00e9sent\u00e9 lors d\u2019une conf\u00e9rence de presse les \u00e9l\u00e9ments de la r\u00e9forme fiscale, qui doit entrer en vigueur au 1er&nbsp;janvier 2017. Pour le volet logement, plusieurs mesures ont \u00e9t\u00e9 pr\u00e9sent\u00e9es&nbsp;: Facilitation de l\u2019acc\u00e8s au logement Pour am\u00e9liorer la capacit\u00e9 de financement de son habitation personnelle, le contribuable n\u2019ayant pas [&hellip;]","og_url":"https:\/\/www.athome.lu\/blog\/de\/kaufen\/steuerrecht\/steuerreform-welche-masnahmen-fur-den-wohnungsbau\/","og_site_name":"atHome Blog","article_publisher":"https:\/\/www.facebook.com\/atHome.lu\/","article_published_time":"2016-03-01T13:38:00+00:00","article_modified_time":"2022-05-12T08:58:28+00:00","og_image":[{"width":960,"height":540,"url":"https:\/\/www.athome.lu\/blog\/wp-content\/uploads\/2016\/03\/luxembourg-1164654_960_720.jpg","type":"image\/jpeg"}],"author":"Fanny Pimentel","twitter_card":"summary_large_image","twitter_creator":"@athomelu","twitter_site":"@athomelu","twitter_misc":{"Verfasst von":"Fanny Pimentel","Gesch\u00e4tzte Lesezeit":"1\u00a0Minute"},"schema":{"@context":"https:\/\/schema.org","@graph":[{"@type":"Article","@id":"https:\/\/www.athome.lu\/blog\/acheter\/fiscalite\/reforme-fiscale-quelles-mesures-pour-le-logement\/#article","isPartOf":{"@id":"https:\/\/www.athome.lu\/blog\/acheter\/fiscalite\/reforme-fiscale-quelles-mesures-pour-le-logement\/"},"author":{"name":"Fanny Pimentel","@id":"https:\/\/www.athome.lu\/blog\/#\/schema\/person\/47f7a38089f837e792876ceddc4cb2dc"},"headline":"R\u00e9forme fiscale: quelles mesures pour le logement ?","datePublished":"2016-03-01T13:38:00+00:00","dateModified":"2022-05-12T08:58:28+00:00","mainEntityOfPage":{"@id":"https:\/\/www.athome.lu\/blog\/acheter\/fiscalite\/reforme-fiscale-quelles-mesures-pour-le-logement\/"},"wordCount":186,"image":{"@id":"https:\/\/www.athome.lu\/blog\/acheter\/fiscalite\/reforme-fiscale-quelles-mesures-pour-le-logement\/#primaryimage"},"thumbnailUrl":"https:\/\/www.athome.lu\/blog\/wp-content\/uploads\/2016\/03\/luxembourg-1164654_960_720.jpg","keywords":["Cr\u00e9dit immobilier","Epargne"],"articleSection":["Fiscalit\u00e9"],"inLanguage":"de"},{"@type":"WebPage","@id":"https:\/\/www.athome.lu\/blog\/acheter\/fiscalite\/reforme-fiscale-quelles-mesures-pour-le-logement\/","url":"https:\/\/www.athome.lu\/blog\/acheter\/fiscalite\/reforme-fiscale-quelles-mesures-pour-le-logement\/","name":"Steuerreform: Welche Ma\u00dfnahmen f\u00fcr den Wohnungsbau? - atHome Blog","isPartOf":{"@id":"https:\/\/www.athome.lu\/blog\/#website"},"primaryImageOfPage":{"@id":"https:\/\/www.athome.lu\/blog\/acheter\/fiscalite\/reforme-fiscale-quelles-mesures-pour-le-logement\/#primaryimage"},"image":{"@id":"https:\/\/www.athome.lu\/blog\/acheter\/fiscalite\/reforme-fiscale-quelles-mesures-pour-le-logement\/#primaryimage"},"thumbnailUrl":"https:\/\/www.athome.lu\/blog\/wp-content\/uploads\/2016\/03\/luxembourg-1164654_960_720.jpg","datePublished":"2016-03-01T13:38:00+00:00","dateModified":"2022-05-12T08:58:28+00:00","author":{"@id":"https:\/\/www.athome.lu\/blog\/#\/schema\/person\/47f7a38089f837e792876ceddc4cb2dc"},"breadcrumb":{"@id":"https:\/\/www.athome.lu\/blog\/acheter\/fiscalite\/reforme-fiscale-quelles-mesures-pour-le-logement\/#breadcrumb"},"inLanguage":"de","potentialAction":[{"@type":"ReadAction","target":["https:\/\/www.athome.lu\/blog\/acheter\/fiscalite\/reforme-fiscale-quelles-mesures-pour-le-logement\/"]}]},{"@type":"ImageObject","inLanguage":"de","@id":"https:\/\/www.athome.lu\/blog\/acheter\/fiscalite\/reforme-fiscale-quelles-mesures-pour-le-logement\/#primaryimage","url":"https:\/\/www.athome.lu\/blog\/wp-content\/uploads\/2016\/03\/luxembourg-1164654_960_720.jpg","contentUrl":"https:\/\/www.athome.lu\/blog\/wp-content\/uploads\/2016\/03\/luxembourg-1164654_960_720.jpg","width":960,"height":540},{"@type":"BreadcrumbList","@id":"https:\/\/www.athome.lu\/blog\/acheter\/fiscalite\/reforme-fiscale-quelles-mesures-pour-le-logement\/#breadcrumb","itemListElement":[{"@type":"ListItem","position":1,"name":"Accueil","item":"https:\/\/www.athome.lu\/blog\/"},{"@type":"ListItem","position":2,"name":"Acheter","item":"https:\/\/www.athome.lu\/blog\/en\/category\/buy\/"},{"@type":"ListItem","position":3,"name":"Fiscalit\u00e9","item":"https:\/\/www.athome.lu\/blog\/category\/acheter\/fiscalite\/"},{"@type":"ListItem","position":4,"name":"R\u00e9forme fiscale: quelles mesures pour le logement ?"}]},{"@type":"WebSite","@id":"https:\/\/www.athome.lu\/blog\/#website","url":"https:\/\/www.athome.lu\/blog\/","name":"atHome Blog","description":"Immobilienanzeigen in Luxemburg. Das Immobilienportal Nr. 1 in Luxemburg.","potentialAction":[{"@type":"SearchAction","target":{"@type":"EntryPoint","urlTemplate":"https:\/\/www.athome.lu\/blog\/?s={search_term_string}"},"query-input":{"@type":"PropertyValueSpecification","valueRequired":true,"valueName":"search_term_string"}}],"inLanguage":"de"},{"@type":"Person","@id":"https:\/\/www.athome.lu\/blog\/#\/schema\/person\/47f7a38089f837e792876ceddc4cb2dc","name":"Fanny Pimentel","image":{"@type":"ImageObject","inLanguage":"de","@id":"https:\/\/secure.gravatar.com\/avatar\/c60b27b93851dc9503f9cc9150e73dcb0a86ba6150657e5e4b11d988400bc633?s=96&d=mm&r=g","url":"https:\/\/secure.gravatar.com\/avatar\/c60b27b93851dc9503f9cc9150e73dcb0a86ba6150657e5e4b11d988400bc633?s=96&d=mm&r=g","contentUrl":"https:\/\/secure.gravatar.com\/avatar\/c60b27b93851dc9503f9cc9150e73dcb0a86ba6150657e5e4b11d988400bc633?s=96&d=mm&r=g","caption":"Fanny Pimentel"}}]}},"featured_media_src_url":"https:\/\/www.athome.lu\/blog\/wp-content\/uploads\/2016\/03\/luxembourg-1164654_960_720.jpg","_links":{"self":[{"href":"https:\/\/www.athome.lu\/blog\/de\/wp-json\/wp\/v2\/posts\/7523","targetHints":{"allow":["GET"]}}],"collection":[{"href":"https:\/\/www.athome.lu\/blog\/de\/wp-json\/wp\/v2\/posts"}],"about":[{"href":"https:\/\/www.athome.lu\/blog\/de\/wp-json\/wp\/v2\/types\/post"}],"author":[{"embeddable":true,"href":"https:\/\/www.athome.lu\/blog\/de\/wp-json\/wp\/v2\/users\/17"}],"replies":[{"embeddable":true,"href":"https:\/\/www.athome.lu\/blog\/de\/wp-json\/wp\/v2\/comments?post=7523"}],"version-history":[{"count":3,"href":"https:\/\/www.athome.lu\/blog\/de\/wp-json\/wp\/v2\/posts\/7523\/revisions"}],"predecessor-version":[{"id":15352,"href":"https:\/\/www.athome.lu\/blog\/de\/wp-json\/wp\/v2\/posts\/7523\/revisions\/15352"}],"wp:featuredmedia":[{"embeddable":true,"href":"https:\/\/www.athome.lu\/blog\/de\/wp-json\/wp\/v2\/media\/7525"}],"wp:attachment":[{"href":"https:\/\/www.athome.lu\/blog\/de\/wp-json\/wp\/v2\/media?parent=7523"}],"wp:term":[{"taxonomy":"category","embeddable":true,"href":"https:\/\/www.athome.lu\/blog\/de\/wp-json\/wp\/v2\/categories?post=7523"},{"taxonomy":"post_tag","embeddable":true,"href":"https:\/\/www.athome.lu\/blog\/de\/wp-json\/wp\/v2\/tags?post=7523"}],"curies":[{"name":"wp","href":"https:\/\/api.w.org\/{rel}","templated":true}]}}