{"id":7819,"date":"2016-05-04T10:13:00","date_gmt":"2016-05-04T09:13:00","guid":{"rendered":"https:\/\/www.athome.lu\/blog\/?p=7819"},"modified":"2022-05-11T09:43:54","modified_gmt":"2022-05-11T07:43:54","slug":"bissen-leben-auf-dem-lande-a-20-min-der-hauptstadt","status":"publish","type":"post","link":"https:\/\/www.athome.lu\/blog\/de\/marche-immobilier\/villes\/bissen-vivre-a-campagne-a-20-min-de-capitale\/","title":{"rendered":"Bissen, Leben auf dem Land, 20 Minuten von der Hauptstadt entfernt"},"content":{"rendered":"<p><span style=\"color: #000000;\"><strong>Mit der Er\u00f6ffnung des Nordstrooss ist Bissen \"n\u00e4her\" an die Hauptstadt heranger\u00fcckt. Ein weiterer Pluspunkt f\u00fcr die kleine Gemeinde, die durch ihr Lebensumfeld besticht. Die l\u00e4ndliche Ortschaft hat es au\u00dferdem geschafft, zahlreiche Unternehmen auf ihrem Gebiet anzusiedeln. &nbsp;<\/strong><\/span><\/p>\n\n\n\n<p><span style=\"color: #000000;\">Die Gemeinde Bissen liegt im Herzen des Landes und hat die Besonderheit, dass auf ihrem Gebiet zahlreiche Unternehmen angesiedelt sind. Zu nennen sind hier vor allem ArcelorMittal und Luxlait. T\u00e4glich kommen mehr als 2000 Menschen in das Gewerbegebiet der Gemeinde, um dort zu arbeiten. Diese Pr\u00e4senz von Aktivit\u00e4ten ist nicht neu.  Ende des 19.<sup>\u00e8me<\/sup> Jahrhundert beherbergte sie unter anderem eine mechanische Nagelschmiede und eine Drahtzieherei. In den 1970er Jahren errichtete Goodyear ebenfalls Anlagen auf dem Gemeindegebiet.<\/span><\/p>\n\n\n\n<p class=\"has-text-align-center\">&nbsp;<\/p>\n\n\n\n<h2 class=\"wp-block-heading\"><span style=\"color: #000000;\">300 Einwohner mehr in 10 Jahren<\/span><\/h2>\n\n\n\n<p><span style=\"color: #000000;\">Es ist dennoch ein gro\u00dfer Erfolg, wenn man bedenkt, dass die Gemeinde von <a href=\"https:\/\/www.athome.lu\/blog\/recherche\/resultats\/tr\/by\/w\/a,Bissen#Annonces immobili\u00e8res Bissen\">Bissen<\/a> hat nicht mehr als 2.905 Einwohner (Stand 2014). Die Entwicklung der Einwohnerzahl ist vor allem in den letzten knapp zehn Jahren vorangeschritten. Im Jahr 2006 hatte Bissen noch 2.600 Einwohner. Im Register der Merkmale kann man \u00fcbrigens feststellen, dass die gro\u00dfe Mehrheit der Bev\u00f6lkerung die luxemburgische Staatsangeh\u00f6rigkeit besitzt (fast 1.900 Personen). Es folgen die Portugiesen, von denen sich etwas mehr als 600 f\u00fcr eine Niederlassung entschieden haben. Weit abgeschlagen folgen die Franzosen (72) und die Belgier (70).<\/span><\/p>\n\n\n\n<h2 class=\"wp-block-heading\"><span style=\"color: #000000;\">Animationen f\u00fcr Gro\u00df und Klein<\/span><\/h2>\n\n\n\n<p><span style=\"color: #000000;\">Um mit dieser demografischen Entwicklung Schritt zu halten, hat die Gemeinde in den letzten Jahren stark in ihr Schulangebot (Fr\u00fch-, Vor- und Grundschule) investiert. Au\u00dferdem wurde eine neue Maison Relais gebaut, um die Betreuungskapazit\u00e4ten deutlich zu erh\u00f6hen. Die Maison \"Un der Atert \" kann derzeit 161 Kinder aufnehmen und ist das ganze Jahr \u00fcber in Betrieb, mit Ausnahme einer Woche zu Weihnachten und zwei Wochen im August. Au\u00dferdem ist eine Kinderkrippe in Betrieb, in der Kinder im Alter von 2 Monaten bis 4 Jahren, die noch nicht zur Schule gehen, betreut werden. Auch die \u00e4lteren Kinder wie die Senioren wurden nicht vergessen. Verschiedene Gemeindes\u00e4le, ein Jugendhaus sowie verschiedene Sportanlagen (insbesondere f\u00fcr Tennis und Fu\u00dfball) vervollst\u00e4ndigen das Angebot an Orten des Austauschs, der Begegnung und der Unterhaltung. Bissen hat sich auch an der Finanzierung des NordPools, des Wasserkomplexes in Colmar Berg, beteiligt. Zu diesen Strukturen kommt noch der gro\u00dfe Entdeckungsraum hinzu, den die Hunderte Hektar Wald in der Umgebung bilden und der sich f\u00fcr Sport und Freizeitaktivit\u00e4ten im Freien anbietet. Die Gemeinde organisiert \u00fcber ihren Umweltausschuss \u00fcbrigens regelm\u00e4\u00dfig Ausfl\u00fcge in die Natur. Rund zwanzig Vereine sorgen das ganze Jahr \u00fcber daf\u00fcr, dass die Gemeinde lebendig bleibt.<\/span><\/p>\n\n\n<section id=\"section-3-14695\" class=\"ct-section\" ><div class=\"ct-section-inner-wrap\"><div id=\"div_block-4-14695\" class=\"ct-div-block\" ><div id=\"new_columns-7-14695\" class=\"ct-new-columns\" ><div id=\"div_block-8-14695\" class=\"ct-div-block\" ><div id=\"div_block-14-14695\" class=\"ct-div-block\" ><\/div><\/div><div id=\"div_block-9-14695\" class=\"ct-div-block\" ><h1 id=\"headline-11-14695\" class=\"ct-headline\">Wie hoch sind die Immobilienpreise derzeit?<\/h1><div id=\"text_block-12-14695\" class=\"ct-text-block\" >Die Preise verlangsamen sich. Die Zinss\u00e4tze steigen. Welche Trends sind in den kommenden Monaten zu erwarten?<\/div><a id=\"link_button-13-14695\" class=\"ct-link-button\" href=\"https:\/\/www.athome.lu\/blog\/blog\/marche-immobilier\/prix\/tendances-2022\/\" target=\"_blank\"  >Analyse lesen<\/a><\/div><\/div><\/div><\/div><\/section>\n\n\n<h2 class=\"wp-block-heading\"><span style=\"color: #000000;\">20 Minuten von Kirchberg entfernt<\/span><\/h2>\n\n\n\n<p><span style=\"color: #000000;\">Die Gemeinde ist bestrebt, diese Lebensqualit\u00e4t zu erhalten, indem sie auf eine vern\u00fcnftige Entwicklung achtet. In diesem Zusammenhang ist zu erw\u00e4hnen, dass die ZAC Klengbousbierg , in der sich die am Anfang des Artikels erw\u00e4hnten gro\u00dfen Akteure befinden, keine Unannehmlichkeiten in Bezug auf den Autoverkehr verursacht, da sie sich au\u00dferhalb der Gemeinde befindet und direkt \u00fcber die Nationalstra\u00dfe und die Autobahn erreichbar ist. Die Erreichbarkeit ist eine weitere Attraktion von Bissen. Die Gemeinde ist besonders gut an die Hauptverkehrsstra\u00dfen angebunden. Mit dem Nordstrooss ben\u00f6tigt man etwa 20 Minuten, um die Hauptstadt (Kirchberg jedenfalls) zu erreichen, die etwa 25 Kilometer entfernt liegt. Die Gemeinde verf\u00fcgt au\u00dferdem \u00fcber ein gut ausgebautes Angebot an \u00f6ffentlichen Verkehrsmitteln.<\/span><\/p>\n\n\n\n<h2 class=\"wp-block-heading\"><span style=\"color: #000000;\">H\u00e4user zum Verkauf<\/span><\/h2>\n\n\n\n<p><span style=\"color: #000000;\">In den letzten Jahren sind in Bissen verschiedene Immobilienprojekte entstanden, um die Entwicklung der Stadt zu unterst\u00fctzen. Weitere sind in Arbeit, wie das Projekt \"Op den Knapp\", in dem etwa 20 Einfamilienh\u00e4user gebaut werden. Die Preise f\u00fcr die H\u00e4user liegen bei \u00fcber 600.000 Euro, f\u00fcr die ger\u00e4umigsten sogar noch h\u00f6her.<\/span><br><span style=\"color: #000000;\"> Laut den Statistiken von www.atHome.lu liegt der durchschnittliche Preis f\u00fcr H\u00e4user bei 685.000 Euro. Bei Wohnungen liegt der Preis pro Quadratmeter bei 3.800 Euro.<\/span><\/p>\n\n\n\n<p><\/p>","protected":false},"excerpt":{"rendered":"<p>Avec l\u2019ouverture de la Nordstrooss, Bissen s\u2019est \u00ab&nbsp;rapproch\u00e9e&nbsp;\u00bb de la capitale. Un atout de plus pour cette petite commune qui s\u00e9duit par son cadre de vie. Rurale, la localit\u00e9 a \u00e9galement su attirer de nombreuses entreprises sur son territoire. &nbsp; Sise en plein c\u0153ur du pays, la commune de Bissen a pour particularit\u00e9 d\u2019accueillir de [&hellip;]<\/p>\n","protected":false},"author":17,"featured_media":7829,"comment_status":"closed","ping_status":"open","sticky":false,"template":"","format":"standard","meta":{"_acf_changed":false,"footnotes":""},"categories":[218],"tags":[95,90],"class_list":["post-7819","post","type-post","status-publish","format-standard","has-post-thumbnail","hentry","category-villes","tag-centre","tag-vie-quotidienne"],"acf":[],"yoast_head":"<!-- This site is optimized with the Yoast SEO plugin v27.4 - https:\/\/yoast.com\/product\/yoast-seo-wordpress\/ -->\n<title>Bissen, vivre \u00e0 la campagne \u00e0 20 min de la capitale - atHome Blog<\/title>\n<meta name=\"robots\" content=\"index, follow, max-snippet:-1, max-image-preview:large, max-video-preview:-1\" \/>\n<link rel=\"canonical\" href=\"https:\/\/www.athome.lu\/blog\/de\/immobilien-markt\/stadte\/bissen-leben-auf-dem-lande-a-20-min-der-hauptstadt\/\" \/>\n<meta property=\"og:locale\" content=\"de_DE\" \/>\n<meta property=\"og:type\" content=\"article\" \/>\n<meta property=\"og:title\" content=\"Bissen, vivre \u00e0 la campagne \u00e0 20 min de la capitale - atHome Blog\" \/>\n<meta property=\"og:description\" content=\"Avec l\u2019ouverture de la Nordstrooss, Bissen s\u2019est \u00ab&nbsp;rapproch\u00e9e&nbsp;\u00bb de la capitale. Un atout de plus pour cette petite commune qui s\u00e9duit par son cadre de vie. Rurale, la localit\u00e9 a \u00e9galement su attirer de nombreuses entreprises sur son territoire. &nbsp; Sise en plein c\u0153ur du pays, la commune de Bissen a pour particularit\u00e9 d\u2019accueillir de [&hellip;]\" \/>\n<meta property=\"og:url\" content=\"https:\/\/www.athome.lu\/blog\/de\/immobilien-markt\/stadte\/bissen-leben-auf-dem-lande-a-20-min-der-hauptstadt\/\" \/>\n<meta property=\"og:site_name\" content=\"atHome Blog\" \/>\n<meta property=\"article:publisher\" content=\"https:\/\/www.facebook.com\/atHome.lu\/\" \/>\n<meta property=\"article:published_time\" content=\"2016-05-04T09:13:00+00:00\" \/>\n<meta property=\"article:modified_time\" content=\"2022-05-11T07:43:54+00:00\" \/>\n<meta property=\"og:image\" content=\"https:\/\/www.athome.lu\/blog\/wp-content\/uploads\/2016\/05\/IMG_6979-scaled.jpg\" \/>\n\t<meta property=\"og:image:width\" content=\"2560\" \/>\n\t<meta property=\"og:image:height\" content=\"1707\" \/>\n\t<meta property=\"og:image:type\" content=\"image\/jpeg\" \/>\n<meta name=\"author\" content=\"Fanny Pimentel\" \/>\n<meta name=\"twitter:card\" content=\"summary_large_image\" \/>\n<meta name=\"twitter:creator\" content=\"@athomelu\" \/>\n<meta name=\"twitter:site\" content=\"@athomelu\" \/>\n<meta name=\"twitter:label1\" content=\"Verfasst von\" \/>\n\t<meta name=\"twitter:data1\" content=\"Fanny Pimentel\" \/>\n\t<meta name=\"twitter:label2\" content=\"Gesch\u00e4tzte Lesezeit\" \/>\n\t<meta name=\"twitter:data2\" content=\"4\u00a0Minuten\" \/>\n<script type=\"application\/ld+json\" class=\"yoast-schema-graph\">{\"@context\":\"https:\\\/\\\/schema.org\",\"@graph\":[{\"@type\":\"Article\",\"@id\":\"https:\\\/\\\/www.athome.lu\\\/blog\\\/marche-immobilier\\\/villes\\\/bissen-vivre-a-campagne-a-20-min-de-capitale\\\/#article\",\"isPartOf\":{\"@id\":\"https:\\\/\\\/www.athome.lu\\\/blog\\\/marche-immobilier\\\/villes\\\/bissen-vivre-a-campagne-a-20-min-de-capitale\\\/\"},\"author\":{\"name\":\"Fanny Pimentel\",\"@id\":\"https:\\\/\\\/www.athome.lu\\\/blog\\\/#\\\/schema\\\/person\\\/47f7a38089f837e792876ceddc4cb2dc\"},\"headline\":\"Bissen, vivre \u00e0 la campagne \u00e0 20 min de la capitale\",\"datePublished\":\"2016-05-04T09:13:00+00:00\",\"dateModified\":\"2022-05-11T07:43:54+00:00\",\"mainEntityOfPage\":{\"@id\":\"https:\\\/\\\/www.athome.lu\\\/blog\\\/marche-immobilier\\\/villes\\\/bissen-vivre-a-campagne-a-20-min-de-capitale\\\/\"},\"wordCount\":731,\"image\":{\"@id\":\"https:\\\/\\\/www.athome.lu\\\/blog\\\/marche-immobilier\\\/villes\\\/bissen-vivre-a-campagne-a-20-min-de-capitale\\\/#primaryimage\"},\"thumbnailUrl\":\"https:\\\/\\\/www.athome.lu\\\/blog\\\/wp-content\\\/uploads\\\/2016\\\/05\\\/IMG_6979-scaled.jpg\",\"keywords\":[\"Centre\",\"Vie quotidienne\"],\"articleSection\":[\"Villes\"],\"inLanguage\":\"de\"},{\"@type\":\"WebPage\",\"@id\":\"https:\\\/\\\/www.athome.lu\\\/blog\\\/marche-immobilier\\\/villes\\\/bissen-vivre-a-campagne-a-20-min-de-capitale\\\/\",\"url\":\"https:\\\/\\\/www.athome.lu\\\/blog\\\/marche-immobilier\\\/villes\\\/bissen-vivre-a-campagne-a-20-min-de-capitale\\\/\",\"name\":\"Bissen, vivre \u00e0 la campagne \u00e0 20 min de la capitale - atHome Blog\",\"isPartOf\":{\"@id\":\"https:\\\/\\\/www.athome.lu\\\/blog\\\/#website\"},\"primaryImageOfPage\":{\"@id\":\"https:\\\/\\\/www.athome.lu\\\/blog\\\/marche-immobilier\\\/villes\\\/bissen-vivre-a-campagne-a-20-min-de-capitale\\\/#primaryimage\"},\"image\":{\"@id\":\"https:\\\/\\\/www.athome.lu\\\/blog\\\/marche-immobilier\\\/villes\\\/bissen-vivre-a-campagne-a-20-min-de-capitale\\\/#primaryimage\"},\"thumbnailUrl\":\"https:\\\/\\\/www.athome.lu\\\/blog\\\/wp-content\\\/uploads\\\/2016\\\/05\\\/IMG_6979-scaled.jpg\",\"datePublished\":\"2016-05-04T09:13:00+00:00\",\"dateModified\":\"2022-05-11T07:43:54+00:00\",\"author\":{\"@id\":\"https:\\\/\\\/www.athome.lu\\\/blog\\\/#\\\/schema\\\/person\\\/47f7a38089f837e792876ceddc4cb2dc\"},\"breadcrumb\":{\"@id\":\"https:\\\/\\\/www.athome.lu\\\/blog\\\/marche-immobilier\\\/villes\\\/bissen-vivre-a-campagne-a-20-min-de-capitale\\\/#breadcrumb\"},\"inLanguage\":\"de\",\"potentialAction\":[{\"@type\":\"ReadAction\",\"target\":[\"https:\\\/\\\/www.athome.lu\\\/blog\\\/marche-immobilier\\\/villes\\\/bissen-vivre-a-campagne-a-20-min-de-capitale\\\/\"]}]},{\"@type\":\"ImageObject\",\"inLanguage\":\"de\",\"@id\":\"https:\\\/\\\/www.athome.lu\\\/blog\\\/marche-immobilier\\\/villes\\\/bissen-vivre-a-campagne-a-20-min-de-capitale\\\/#primaryimage\",\"url\":\"https:\\\/\\\/www.athome.lu\\\/blog\\\/wp-content\\\/uploads\\\/2016\\\/05\\\/IMG_6979-scaled.jpg\",\"contentUrl\":\"https:\\\/\\\/www.athome.lu\\\/blog\\\/wp-content\\\/uploads\\\/2016\\\/05\\\/IMG_6979-scaled.jpg\",\"width\":2560,\"height\":1707,\"caption\":\"ville bissen luxembourg\"},{\"@type\":\"BreadcrumbList\",\"@id\":\"https:\\\/\\\/www.athome.lu\\\/blog\\\/marche-immobilier\\\/villes\\\/bissen-vivre-a-campagne-a-20-min-de-capitale\\\/#breadcrumb\",\"itemListElement\":[{\"@type\":\"ListItem\",\"position\":1,\"name\":\"Accueil\",\"item\":\"https:\\\/\\\/www.athome.lu\\\/blog\\\/\"},{\"@type\":\"ListItem\",\"position\":2,\"name\":\"March\u00e9 immobilier\",\"item\":\"https:\\\/\\\/www.athome.lu\\\/blog\\\/category\\\/marche-immobilier\\\/\"},{\"@type\":\"ListItem\",\"position\":3,\"name\":\"Villes\",\"item\":\"https:\\\/\\\/www.athome.lu\\\/blog\\\/category\\\/marche-immobilier\\\/villes\\\/\"},{\"@type\":\"ListItem\",\"position\":4,\"name\":\"Bissen, vivre \u00e0 la campagne \u00e0 20 min de la capitale\"}]},{\"@type\":\"WebSite\",\"@id\":\"https:\\\/\\\/www.athome.lu\\\/blog\\\/#website\",\"url\":\"https:\\\/\\\/www.athome.lu\\\/blog\\\/\",\"name\":\"atHome Blog\",\"description\":\"Annonces immobili\u00e8res au Luxembourg. Le portail immobilier n\u00b01 au Luxembourg.\",\"potentialAction\":[{\"@type\":\"SearchAction\",\"target\":{\"@type\":\"EntryPoint\",\"urlTemplate\":\"https:\\\/\\\/www.athome.lu\\\/blog\\\/?s={search_term_string}\"},\"query-input\":{\"@type\":\"PropertyValueSpecification\",\"valueRequired\":true,\"valueName\":\"search_term_string\"}}],\"inLanguage\":\"de\"},{\"@type\":\"Person\",\"@id\":\"https:\\\/\\\/www.athome.lu\\\/blog\\\/#\\\/schema\\\/person\\\/47f7a38089f837e792876ceddc4cb2dc\",\"name\":\"Fanny Pimentel\",\"image\":{\"@type\":\"ImageObject\",\"inLanguage\":\"de\",\"@id\":\"https:\\\/\\\/secure.gravatar.com\\\/avatar\\\/c60b27b93851dc9503f9cc9150e73dcb0a86ba6150657e5e4b11d988400bc633?s=96&d=mm&r=g\",\"url\":\"https:\\\/\\\/secure.gravatar.com\\\/avatar\\\/c60b27b93851dc9503f9cc9150e73dcb0a86ba6150657e5e4b11d988400bc633?s=96&d=mm&r=g\",\"contentUrl\":\"https:\\\/\\\/secure.gravatar.com\\\/avatar\\\/c60b27b93851dc9503f9cc9150e73dcb0a86ba6150657e5e4b11d988400bc633?s=96&d=mm&r=g\",\"caption\":\"Fanny Pimentel\"}}]}<\/script>\n<!-- \/ Yoast SEO plugin. -->","yoast_head_json":{"title":"Bissen, Leben auf dem Land, 20 Minuten von der Hauptstadt entfernt - atHome Blog","robots":{"index":"index","follow":"follow","max-snippet":"max-snippet:-1","max-image-preview":"max-image-preview:large","max-video-preview":"max-video-preview:-1"},"canonical":"https:\/\/www.athome.lu\/blog\/de\/immobilien-markt\/stadte\/bissen-leben-auf-dem-lande-a-20-min-der-hauptstadt\/","og_locale":"de_DE","og_type":"article","og_title":"Bissen, vivre \u00e0 la campagne \u00e0 20 min de la capitale - atHome Blog","og_description":"Avec l\u2019ouverture de la Nordstrooss, Bissen s\u2019est \u00ab&nbsp;rapproch\u00e9e&nbsp;\u00bb de la capitale. Un atout de plus pour cette petite commune qui s\u00e9duit par son cadre de vie. Rurale, la localit\u00e9 a \u00e9galement su attirer de nombreuses entreprises sur son territoire. &nbsp; Sise en plein c\u0153ur du pays, la commune de Bissen a pour particularit\u00e9 d\u2019accueillir de [&hellip;]","og_url":"https:\/\/www.athome.lu\/blog\/de\/immobilien-markt\/stadte\/bissen-leben-auf-dem-lande-a-20-min-der-hauptstadt\/","og_site_name":"atHome Blog","article_publisher":"https:\/\/www.facebook.com\/atHome.lu\/","article_published_time":"2016-05-04T09:13:00+00:00","article_modified_time":"2022-05-11T07:43:54+00:00","og_image":[{"width":2560,"height":1707,"url":"https:\/\/www.athome.lu\/blog\/wp-content\/uploads\/2016\/05\/IMG_6979-scaled.jpg","type":"image\/jpeg"}],"author":"Fanny Pimentel","twitter_card":"summary_large_image","twitter_creator":"@athomelu","twitter_site":"@athomelu","twitter_misc":{"Verfasst von":"Fanny Pimentel","Gesch\u00e4tzte Lesezeit":"4\u00a0Minuten"},"schema":{"@context":"https:\/\/schema.org","@graph":[{"@type":"Article","@id":"https:\/\/www.athome.lu\/blog\/marche-immobilier\/villes\/bissen-vivre-a-campagne-a-20-min-de-capitale\/#article","isPartOf":{"@id":"https:\/\/www.athome.lu\/blog\/marche-immobilier\/villes\/bissen-vivre-a-campagne-a-20-min-de-capitale\/"},"author":{"name":"Fanny Pimentel","@id":"https:\/\/www.athome.lu\/blog\/#\/schema\/person\/47f7a38089f837e792876ceddc4cb2dc"},"headline":"Bissen, vivre \u00e0 la campagne \u00e0 20 min de la capitale","datePublished":"2016-05-04T09:13:00+00:00","dateModified":"2022-05-11T07:43:54+00:00","mainEntityOfPage":{"@id":"https:\/\/www.athome.lu\/blog\/marche-immobilier\/villes\/bissen-vivre-a-campagne-a-20-min-de-capitale\/"},"wordCount":731,"image":{"@id":"https:\/\/www.athome.lu\/blog\/marche-immobilier\/villes\/bissen-vivre-a-campagne-a-20-min-de-capitale\/#primaryimage"},"thumbnailUrl":"https:\/\/www.athome.lu\/blog\/wp-content\/uploads\/2016\/05\/IMG_6979-scaled.jpg","keywords":["Centre","Vie quotidienne"],"articleSection":["Villes"],"inLanguage":"de"},{"@type":"WebPage","@id":"https:\/\/www.athome.lu\/blog\/marche-immobilier\/villes\/bissen-vivre-a-campagne-a-20-min-de-capitale\/","url":"https:\/\/www.athome.lu\/blog\/marche-immobilier\/villes\/bissen-vivre-a-campagne-a-20-min-de-capitale\/","name":"Bissen, Leben auf dem Land, 20 Minuten von der Hauptstadt entfernt - atHome Blog","isPartOf":{"@id":"https:\/\/www.athome.lu\/blog\/#website"},"primaryImageOfPage":{"@id":"https:\/\/www.athome.lu\/blog\/marche-immobilier\/villes\/bissen-vivre-a-campagne-a-20-min-de-capitale\/#primaryimage"},"image":{"@id":"https:\/\/www.athome.lu\/blog\/marche-immobilier\/villes\/bissen-vivre-a-campagne-a-20-min-de-capitale\/#primaryimage"},"thumbnailUrl":"https:\/\/www.athome.lu\/blog\/wp-content\/uploads\/2016\/05\/IMG_6979-scaled.jpg","datePublished":"2016-05-04T09:13:00+00:00","dateModified":"2022-05-11T07:43:54+00:00","author":{"@id":"https:\/\/www.athome.lu\/blog\/#\/schema\/person\/47f7a38089f837e792876ceddc4cb2dc"},"breadcrumb":{"@id":"https:\/\/www.athome.lu\/blog\/marche-immobilier\/villes\/bissen-vivre-a-campagne-a-20-min-de-capitale\/#breadcrumb"},"inLanguage":"de","potentialAction":[{"@type":"ReadAction","target":["https:\/\/www.athome.lu\/blog\/marche-immobilier\/villes\/bissen-vivre-a-campagne-a-20-min-de-capitale\/"]}]},{"@type":"ImageObject","inLanguage":"de","@id":"https:\/\/www.athome.lu\/blog\/marche-immobilier\/villes\/bissen-vivre-a-campagne-a-20-min-de-capitale\/#primaryimage","url":"https:\/\/www.athome.lu\/blog\/wp-content\/uploads\/2016\/05\/IMG_6979-scaled.jpg","contentUrl":"https:\/\/www.athome.lu\/blog\/wp-content\/uploads\/2016\/05\/IMG_6979-scaled.jpg","width":2560,"height":1707,"caption":"ville bissen luxembourg"},{"@type":"BreadcrumbList","@id":"https:\/\/www.athome.lu\/blog\/marche-immobilier\/villes\/bissen-vivre-a-campagne-a-20-min-de-capitale\/#breadcrumb","itemListElement":[{"@type":"ListItem","position":1,"name":"Accueil","item":"https:\/\/www.athome.lu\/blog\/"},{"@type":"ListItem","position":2,"name":"March\u00e9 immobilier","item":"https:\/\/www.athome.lu\/blog\/category\/marche-immobilier\/"},{"@type":"ListItem","position":3,"name":"Villes","item":"https:\/\/www.athome.lu\/blog\/category\/marche-immobilier\/villes\/"},{"@type":"ListItem","position":4,"name":"Bissen, vivre \u00e0 la campagne \u00e0 20 min de la capitale"}]},{"@type":"WebSite","@id":"https:\/\/www.athome.lu\/blog\/#website","url":"https:\/\/www.athome.lu\/blog\/","name":"atHome Blog","description":"Immobilienanzeigen in Luxemburg. Das Immobilienportal Nr. 1 in Luxemburg.","potentialAction":[{"@type":"SearchAction","target":{"@type":"EntryPoint","urlTemplate":"https:\/\/www.athome.lu\/blog\/?s={search_term_string}"},"query-input":{"@type":"PropertyValueSpecification","valueRequired":true,"valueName":"search_term_string"}}],"inLanguage":"de"},{"@type":"Person","@id":"https:\/\/www.athome.lu\/blog\/#\/schema\/person\/47f7a38089f837e792876ceddc4cb2dc","name":"Fanny Pimentel","image":{"@type":"ImageObject","inLanguage":"de","@id":"https:\/\/secure.gravatar.com\/avatar\/c60b27b93851dc9503f9cc9150e73dcb0a86ba6150657e5e4b11d988400bc633?s=96&d=mm&r=g","url":"https:\/\/secure.gravatar.com\/avatar\/c60b27b93851dc9503f9cc9150e73dcb0a86ba6150657e5e4b11d988400bc633?s=96&d=mm&r=g","contentUrl":"https:\/\/secure.gravatar.com\/avatar\/c60b27b93851dc9503f9cc9150e73dcb0a86ba6150657e5e4b11d988400bc633?s=96&d=mm&r=g","caption":"Fanny Pimentel"}}]}},"featured_media_src_url":"https:\/\/www.athome.lu\/blog\/wp-content\/uploads\/2016\/05\/IMG_6979-scaled-1024x683.jpg","_links":{"self":[{"href":"https:\/\/www.athome.lu\/blog\/de\/wp-json\/wp\/v2\/posts\/7819","targetHints":{"allow":["GET"]}}],"collection":[{"href":"https:\/\/www.athome.lu\/blog\/de\/wp-json\/wp\/v2\/posts"}],"about":[{"href":"https:\/\/www.athome.lu\/blog\/de\/wp-json\/wp\/v2\/types\/post"}],"author":[{"embeddable":true,"href":"https:\/\/www.athome.lu\/blog\/de\/wp-json\/wp\/v2\/users\/17"}],"replies":[{"embeddable":true,"href":"https:\/\/www.athome.lu\/blog\/de\/wp-json\/wp\/v2\/comments?post=7819"}],"version-history":[{"count":2,"href":"https:\/\/www.athome.lu\/blog\/de\/wp-json\/wp\/v2\/posts\/7819\/revisions"}],"predecessor-version":[{"id":14837,"href":"https:\/\/www.athome.lu\/blog\/de\/wp-json\/wp\/v2\/posts\/7819\/revisions\/14837"}],"wp:featuredmedia":[{"embeddable":true,"href":"https:\/\/www.athome.lu\/blog\/de\/wp-json\/wp\/v2\/media\/7829"}],"wp:attachment":[{"href":"https:\/\/www.athome.lu\/blog\/de\/wp-json\/wp\/v2\/media?parent=7819"}],"wp:term":[{"taxonomy":"category","embeddable":true,"href":"https:\/\/www.athome.lu\/blog\/de\/wp-json\/wp\/v2\/categories?post=7819"},{"taxonomy":"post_tag","embeddable":true,"href":"https:\/\/www.athome.lu\/blog\/de\/wp-json\/wp\/v2\/tags?post=7819"}],"curies":[{"name":"wp","href":"https:\/\/api.w.org\/{rel}","templated":true}]}}