{"id":7835,"date":"2016-05-06T14:45:58","date_gmt":"2016-05-06T13:45:58","guid":{"rendered":"https:\/\/www.athome.lu\/blog\/?p=7835"},"modified":"2022-05-11T09:44:30","modified_gmt":"2022-05-11T07:44:30","slug":"alles-uber-saisonale-vermietung-wissen","status":"publish","type":"post","link":"https:\/\/www.athome.lu\/blog\/de\/louer\/bailleurs\/tout-savoir-sur-la-location-saisonniere\/","title":{"rendered":"Alles \u00fcber saisonale Vermietung"},"content":{"rendered":"<p><span style=\"color: #000000;\">Wenn die Ferienzeit n\u00e4her r\u00fcckt, werden im Internet oder in den Agenturen zahlreiche Wohnungsanzeigen geschaltet. Ob Sie Eigent\u00fcmer oder Mieter sind, hier erfahren Sie alles, was Sie \u00fcber die Ferienvermietung wissen m\u00fcssen.<\/span><\/p>\n\n\n\n<h2 class=\"wp-block-heading\"><span style=\"color: #000000;\">Saisonale Vermietung in wenigen Worten...<\/span><\/h2>\n\n\n\n<p><span style=\"color: #000000;\">Saisonale Vermietung bezeichnet die Vermietung einer Villa, eines m\u00f6blierten Studios, einer Villa ... f\u00fcr einen Tag oder sogar l\u00e4nger. Per Definition ist es eine besondere Form der Vermietung eines m\u00f6blierten Wohngeb\u00e4udes, das an Urlauber angeboten wird. Heutzutage ist diese Art von Urlaub aufgrund ihrer Einfachheit und Zweckm\u00e4\u00dfigkeit sehr beliebt. Die Mietdauer kann je nach den Bed\u00fcrfnissen der Eigent\u00fcmer variieren.<\/span><\/p>\n\n\n\n<h2 class=\"wp-block-heading\">&nbsp;<\/h2>\n\n\n\n<h2 class=\"wp-block-heading\"><span style=\"color: #000000;\">Gut zu wissen \u00fcber saisonale Vermietung<\/span><\/h2>\n\n\n\n<p><span style=\"color: #000000;\">Sie planen eine Reise nach <span style=\"text-decoration: underline;\"><a style=\"color: #000000; text-decoration: underline;\" href=\"http:\/\/japon.marcovasco.fr\/\" target=\"_blank\" rel=\"noopener\">Urlaub in Japan<\/a><\/span> und Sie m\u00f6chten eine luxuri\u00f6se Unterkunft genie\u00dfen. Um dies zu erreichen, haben Sie sich f\u00fcr die saisonale Vermietung entschieden. Sie haben jedoch viele Fragen, die Sie besch\u00e4ftigen. Unter anderem fragen Sie sich: Wie kann ich eine Ferienwohnung buchen? Zun\u00e4chst sollten Sie sich im Internet oder in Agenturen nach einem geeigneten Objekt umsehen. Es ist sehr empfehlenswert, die vom Eigent\u00fcmer zugesandte Beschreibung genau zu lesen. Wenn Ihnen die Beschreibung des Ferienhauses zusagt. Sie m\u00fcssen nur ein Buchungsschreiben (mit dem geforderten Betrag) an den Eigent\u00fcmer schicken. In der Folge formalisiert dieses Schreiben die Verpflichtung. Dann schickt der Vermieter den Vertrag.&nbsp;<\/span><\/p>\n\n\n<section id=\"section-3-14695\" class=\"ct-section\" ><div class=\"ct-section-inner-wrap\"><div id=\"div_block-4-14695\" class=\"ct-div-block\" ><div id=\"new_columns-7-14695\" class=\"ct-new-columns\" ><div id=\"div_block-8-14695\" class=\"ct-div-block\" ><div id=\"div_block-14-14695\" class=\"ct-div-block\" ><\/div><\/div><div id=\"div_block-9-14695\" class=\"ct-div-block\" ><h1 id=\"headline-11-14695\" class=\"ct-headline\">Wie hoch sind die Immobilienpreise derzeit?<\/h1><div id=\"text_block-12-14695\" class=\"ct-text-block\" >Die Preise verlangsamen sich. Die Zinss\u00e4tze steigen. Welche Trends sind in den kommenden Monaten zu erwarten?<\/div><a id=\"link_button-13-14695\" class=\"ct-link-button\" href=\"https:\/\/www.athome.lu\/blog\/blog\/marche-immobilier\/prix\/tendances-2022\/\" target=\"_blank\"  >Analyse lesen<\/a><\/div><\/div><\/div><\/div><\/section>\n\n\n<h2 class=\"wp-block-heading\"><span style=\"color: #000000;\">Einige Tipps, bevor Sie sich verpflichten<\/span><\/h2>\n\n\n\n<p><span style=\"color: #000000;\">Die Beschreibung, die Sie vor der Buchung lesen sollten, muss Folgendes enthalten: die genaue Lage des Hauses (N\u00e4he zu touristischen Attraktionen: Entfernung zum Strand, zu Gesch\u00e4ften, zu Skipisten usw.), Ankunftsdatum und -zeit, eine detaillierte Beschreibung der Innenausstattung des Hauses (Fernseher, WLAN, Haushaltsger\u00e4te, M\u00f6bel usw.), die verschiedenen finanziellen Bedingungen des Mietverh\u00e4ltnisses (Kaution, Nebenkosten, H\u00f6he der Miete, Anzahlung f\u00fcr die Buchung usw.), usw. Die meisten Mieter haben keine Ahnung, wie viel Geld sie f\u00fcr die Miete zahlen m\u00fcssen. Zur Erinnerung: Die Anzahlung wird auf die Miete angerechnet, wenn der Mieter seine Wahl best\u00e4tigt. Beachten Sie, dass diese Summe verloren geht, wenn der Mieter im letzten Moment absagt. Mit einem Konto hingegen wird die Mietverpflichtung fest und endg\u00fcltig. Sie sollten den Vertrag daher sorgf\u00e4ltig lesen, bevor Sie die Unterschrift leisten. Dies wird Ihnen viele unangenehme \u00dcberraschungen ersparen.<\/span><\/p>\n\n\n\n<p><span style=\"color: #000000;\">Also, worauf wartest du noch, um jetzt dein zuk\u00fcnftiges Ferienhaus zu buchen? Ein letzter und nicht unwichtiger Tipp: Lesen Sie den Vertrag immer gut durch, bevor Sie irgendeine Entscheidung treffen! Einen sch\u00f6nen Aufenthalt!<\/span><\/p>","protected":false},"excerpt":{"rendered":"<p>\u00c0 l\u2019approche des vacances, les annonces de logements affluent sur la toile ou dans les agences. Que vous soyez propri\u00e9taire ou locataire, voici tout ce qu\u2019il faut savoir sur la location saisonni\u00e8re. La location saisonni\u00e8re en quelques mots\u2026 La location saisonni\u00e8re d\u00e9signe la location d\u2019une villa, d\u2019un studio meubl\u00e9, d\u2019une villa\u2026 pour une journ\u00e9e, voire [&hellip;]<\/p>\n","protected":false},"author":17,"featured_media":7836,"comment_status":"closed","ping_status":"open","sticky":false,"template":"","format":"standard","meta":{"_acf_changed":false,"footnotes":""},"categories":[223],"tags":[],"class_list":["post-7835","post","type-post","status-publish","format-standard","has-post-thumbnail","hentry","category-bailleurs"],"acf":[],"yoast_head":"<!-- This site is optimized with the Yoast SEO plugin v27.4 - https:\/\/yoast.com\/product\/yoast-seo-wordpress\/ -->\n<title>Tout savoir sur la location saisonni\u00e8re - atHome Blog<\/title>\n<meta name=\"robots\" content=\"index, follow, max-snippet:-1, max-image-preview:large, max-video-preview:-1\" \/>\n<link rel=\"canonical\" href=\"https:\/\/www.athome.lu\/blog\/de\/mieten\/vermieter\/alles-uber-saisonale-vermietung-wissen\/\" \/>\n<meta property=\"og:locale\" content=\"de_DE\" \/>\n<meta property=\"og:type\" content=\"article\" \/>\n<meta property=\"og:title\" content=\"Tout savoir sur la location saisonni\u00e8re - atHome Blog\" \/>\n<meta property=\"og:description\" content=\"\u00c0 l\u2019approche des vacances, les annonces de logements affluent sur la toile ou dans les agences. Que vous soyez propri\u00e9taire ou locataire, voici tout ce qu\u2019il faut savoir sur la location saisonni\u00e8re. La location saisonni\u00e8re en quelques mots\u2026 La location saisonni\u00e8re d\u00e9signe la location d\u2019une villa, d\u2019un studio meubl\u00e9, d\u2019une villa\u2026 pour une journ\u00e9e, voire [&hellip;]\" \/>\n<meta property=\"og:url\" content=\"https:\/\/www.athome.lu\/blog\/de\/mieten\/vermieter\/alles-uber-saisonale-vermietung-wissen\/\" \/>\n<meta property=\"og:site_name\" content=\"atHome Blog\" \/>\n<meta property=\"article:publisher\" content=\"https:\/\/www.facebook.com\/atHome.lu\/\" \/>\n<meta property=\"article:published_time\" content=\"2016-05-06T13:45:58+00:00\" \/>\n<meta property=\"article:modified_time\" content=\"2022-05-11T07:44:30+00:00\" \/>\n<meta property=\"og:image\" content=\"https:\/\/www.athome.lu\/blog\/wp-content\/uploads\/2016\/05\/location.jpg\" \/>\n\t<meta property=\"og:image:width\" content=\"960\" \/>\n\t<meta property=\"og:image:height\" content=\"720\" \/>\n\t<meta property=\"og:image:type\" content=\"image\/jpeg\" \/>\n<meta name=\"author\" content=\"Fanny Pimentel\" \/>\n<meta name=\"twitter:card\" content=\"summary_large_image\" \/>\n<meta name=\"twitter:creator\" content=\"@athomelu\" \/>\n<meta name=\"twitter:site\" content=\"@athomelu\" \/>\n<meta name=\"twitter:label1\" content=\"Verfasst von\" \/>\n\t<meta name=\"twitter:data1\" content=\"Fanny Pimentel\" \/>\n\t<meta name=\"twitter:label2\" content=\"Gesch\u00e4tzte Lesezeit\" \/>\n\t<meta name=\"twitter:data2\" content=\"3\u00a0Minuten\" \/>\n<script type=\"application\/ld+json\" class=\"yoast-schema-graph\">{\"@context\":\"https:\\\/\\\/schema.org\",\"@graph\":[{\"@type\":\"Article\",\"@id\":\"https:\\\/\\\/www.athome.lu\\\/blog\\\/louer\\\/bailleurs\\\/tout-savoir-sur-la-location-saisonniere\\\/#article\",\"isPartOf\":{\"@id\":\"https:\\\/\\\/www.athome.lu\\\/blog\\\/louer\\\/bailleurs\\\/tout-savoir-sur-la-location-saisonniere\\\/\"},\"author\":{\"name\":\"Fanny Pimentel\",\"@id\":\"https:\\\/\\\/www.athome.lu\\\/blog\\\/#\\\/schema\\\/person\\\/47f7a38089f837e792876ceddc4cb2dc\"},\"headline\":\"Tout savoir sur la location saisonni\u00e8re\",\"datePublished\":\"2016-05-06T13:45:58+00:00\",\"dateModified\":\"2022-05-11T07:44:30+00:00\",\"mainEntityOfPage\":{\"@id\":\"https:\\\/\\\/www.athome.lu\\\/blog\\\/louer\\\/bailleurs\\\/tout-savoir-sur-la-location-saisonniere\\\/\"},\"wordCount\":472,\"image\":{\"@id\":\"https:\\\/\\\/www.athome.lu\\\/blog\\\/louer\\\/bailleurs\\\/tout-savoir-sur-la-location-saisonniere\\\/#primaryimage\"},\"thumbnailUrl\":\"https:\\\/\\\/www.athome.lu\\\/blog\\\/wp-content\\\/uploads\\\/2016\\\/05\\\/location.jpg\",\"articleSection\":[\"Bailleurs\"],\"inLanguage\":\"de\"},{\"@type\":\"WebPage\",\"@id\":\"https:\\\/\\\/www.athome.lu\\\/blog\\\/louer\\\/bailleurs\\\/tout-savoir-sur-la-location-saisonniere\\\/\",\"url\":\"https:\\\/\\\/www.athome.lu\\\/blog\\\/louer\\\/bailleurs\\\/tout-savoir-sur-la-location-saisonniere\\\/\",\"name\":\"Tout savoir sur la location saisonni\u00e8re - atHome Blog\",\"isPartOf\":{\"@id\":\"https:\\\/\\\/www.athome.lu\\\/blog\\\/#website\"},\"primaryImageOfPage\":{\"@id\":\"https:\\\/\\\/www.athome.lu\\\/blog\\\/louer\\\/bailleurs\\\/tout-savoir-sur-la-location-saisonniere\\\/#primaryimage\"},\"image\":{\"@id\":\"https:\\\/\\\/www.athome.lu\\\/blog\\\/louer\\\/bailleurs\\\/tout-savoir-sur-la-location-saisonniere\\\/#primaryimage\"},\"thumbnailUrl\":\"https:\\\/\\\/www.athome.lu\\\/blog\\\/wp-content\\\/uploads\\\/2016\\\/05\\\/location.jpg\",\"datePublished\":\"2016-05-06T13:45:58+00:00\",\"dateModified\":\"2022-05-11T07:44:30+00:00\",\"author\":{\"@id\":\"https:\\\/\\\/www.athome.lu\\\/blog\\\/#\\\/schema\\\/person\\\/47f7a38089f837e792876ceddc4cb2dc\"},\"breadcrumb\":{\"@id\":\"https:\\\/\\\/www.athome.lu\\\/blog\\\/louer\\\/bailleurs\\\/tout-savoir-sur-la-location-saisonniere\\\/#breadcrumb\"},\"inLanguage\":\"de\",\"potentialAction\":[{\"@type\":\"ReadAction\",\"target\":[\"https:\\\/\\\/www.athome.lu\\\/blog\\\/louer\\\/bailleurs\\\/tout-savoir-sur-la-location-saisonniere\\\/\"]}]},{\"@type\":\"ImageObject\",\"inLanguage\":\"de\",\"@id\":\"https:\\\/\\\/www.athome.lu\\\/blog\\\/louer\\\/bailleurs\\\/tout-savoir-sur-la-location-saisonniere\\\/#primaryimage\",\"url\":\"https:\\\/\\\/www.athome.lu\\\/blog\\\/wp-content\\\/uploads\\\/2016\\\/05\\\/location.jpg\",\"contentUrl\":\"https:\\\/\\\/www.athome.lu\\\/blog\\\/wp-content\\\/uploads\\\/2016\\\/05\\\/location.jpg\",\"width\":960,\"height\":720,\"caption\":\"guide location vacances\"},{\"@type\":\"BreadcrumbList\",\"@id\":\"https:\\\/\\\/www.athome.lu\\\/blog\\\/louer\\\/bailleurs\\\/tout-savoir-sur-la-location-saisonniere\\\/#breadcrumb\",\"itemListElement\":[{\"@type\":\"ListItem\",\"position\":1,\"name\":\"Accueil\",\"item\":\"https:\\\/\\\/www.athome.lu\\\/blog\\\/\"},{\"@type\":\"ListItem\",\"position\":2,\"name\":\"Louer\",\"item\":\"https:\\\/\\\/www.athome.lu\\\/blog\\\/category\\\/louer\\\/\"},{\"@type\":\"ListItem\",\"position\":3,\"name\":\"Bailleurs\",\"item\":\"https:\\\/\\\/www.athome.lu\\\/blog\\\/category\\\/louer\\\/bailleurs\\\/\"},{\"@type\":\"ListItem\",\"position\":4,\"name\":\"Tout savoir sur la location saisonni\u00e8re\"}]},{\"@type\":\"WebSite\",\"@id\":\"https:\\\/\\\/www.athome.lu\\\/blog\\\/#website\",\"url\":\"https:\\\/\\\/www.athome.lu\\\/blog\\\/\",\"name\":\"atHome Blog\",\"description\":\"Annonces immobili\u00e8res au Luxembourg. Le portail immobilier n\u00b01 au Luxembourg.\",\"potentialAction\":[{\"@type\":\"SearchAction\",\"target\":{\"@type\":\"EntryPoint\",\"urlTemplate\":\"https:\\\/\\\/www.athome.lu\\\/blog\\\/?s={search_term_string}\"},\"query-input\":{\"@type\":\"PropertyValueSpecification\",\"valueRequired\":true,\"valueName\":\"search_term_string\"}}],\"inLanguage\":\"de\"},{\"@type\":\"Person\",\"@id\":\"https:\\\/\\\/www.athome.lu\\\/blog\\\/#\\\/schema\\\/person\\\/47f7a38089f837e792876ceddc4cb2dc\",\"name\":\"Fanny Pimentel\",\"image\":{\"@type\":\"ImageObject\",\"inLanguage\":\"de\",\"@id\":\"https:\\\/\\\/secure.gravatar.com\\\/avatar\\\/c60b27b93851dc9503f9cc9150e73dcb0a86ba6150657e5e4b11d988400bc633?s=96&d=mm&r=g\",\"url\":\"https:\\\/\\\/secure.gravatar.com\\\/avatar\\\/c60b27b93851dc9503f9cc9150e73dcb0a86ba6150657e5e4b11d988400bc633?s=96&d=mm&r=g\",\"contentUrl\":\"https:\\\/\\\/secure.gravatar.com\\\/avatar\\\/c60b27b93851dc9503f9cc9150e73dcb0a86ba6150657e5e4b11d988400bc633?s=96&d=mm&r=g\",\"caption\":\"Fanny Pimentel\"}}]}<\/script>\n<!-- \/ Yoast SEO plugin. -->","yoast_head_json":{"title":"Alles \u00fcber Ferienvermietung - atHome Blog","robots":{"index":"index","follow":"follow","max-snippet":"max-snippet:-1","max-image-preview":"max-image-preview:large","max-video-preview":"max-video-preview:-1"},"canonical":"https:\/\/www.athome.lu\/blog\/de\/mieten\/vermieter\/alles-uber-saisonale-vermietung-wissen\/","og_locale":"de_DE","og_type":"article","og_title":"Tout savoir sur la location saisonni\u00e8re - atHome Blog","og_description":"\u00c0 l\u2019approche des vacances, les annonces de logements affluent sur la toile ou dans les agences. Que vous soyez propri\u00e9taire ou locataire, voici tout ce qu\u2019il faut savoir sur la location saisonni\u00e8re. La location saisonni\u00e8re en quelques mots\u2026 La location saisonni\u00e8re d\u00e9signe la location d\u2019une villa, d\u2019un studio meubl\u00e9, d\u2019une villa\u2026 pour une journ\u00e9e, voire [&hellip;]","og_url":"https:\/\/www.athome.lu\/blog\/de\/mieten\/vermieter\/alles-uber-saisonale-vermietung-wissen\/","og_site_name":"atHome Blog","article_publisher":"https:\/\/www.facebook.com\/atHome.lu\/","article_published_time":"2016-05-06T13:45:58+00:00","article_modified_time":"2022-05-11T07:44:30+00:00","og_image":[{"width":960,"height":720,"url":"https:\/\/www.athome.lu\/blog\/wp-content\/uploads\/2016\/05\/location.jpg","type":"image\/jpeg"}],"author":"Fanny Pimentel","twitter_card":"summary_large_image","twitter_creator":"@athomelu","twitter_site":"@athomelu","twitter_misc":{"Verfasst von":"Fanny Pimentel","Gesch\u00e4tzte Lesezeit":"3\u00a0Minuten"},"schema":{"@context":"https:\/\/schema.org","@graph":[{"@type":"Article","@id":"https:\/\/www.athome.lu\/blog\/louer\/bailleurs\/tout-savoir-sur-la-location-saisonniere\/#article","isPartOf":{"@id":"https:\/\/www.athome.lu\/blog\/louer\/bailleurs\/tout-savoir-sur-la-location-saisonniere\/"},"author":{"name":"Fanny Pimentel","@id":"https:\/\/www.athome.lu\/blog\/#\/schema\/person\/47f7a38089f837e792876ceddc4cb2dc"},"headline":"Tout savoir sur la location saisonni\u00e8re","datePublished":"2016-05-06T13:45:58+00:00","dateModified":"2022-05-11T07:44:30+00:00","mainEntityOfPage":{"@id":"https:\/\/www.athome.lu\/blog\/louer\/bailleurs\/tout-savoir-sur-la-location-saisonniere\/"},"wordCount":472,"image":{"@id":"https:\/\/www.athome.lu\/blog\/louer\/bailleurs\/tout-savoir-sur-la-location-saisonniere\/#primaryimage"},"thumbnailUrl":"https:\/\/www.athome.lu\/blog\/wp-content\/uploads\/2016\/05\/location.jpg","articleSection":["Bailleurs"],"inLanguage":"de"},{"@type":"WebPage","@id":"https:\/\/www.athome.lu\/blog\/louer\/bailleurs\/tout-savoir-sur-la-location-saisonniere\/","url":"https:\/\/www.athome.lu\/blog\/louer\/bailleurs\/tout-savoir-sur-la-location-saisonniere\/","name":"Alles \u00fcber Ferienvermietung - atHome Blog","isPartOf":{"@id":"https:\/\/www.athome.lu\/blog\/#website"},"primaryImageOfPage":{"@id":"https:\/\/www.athome.lu\/blog\/louer\/bailleurs\/tout-savoir-sur-la-location-saisonniere\/#primaryimage"},"image":{"@id":"https:\/\/www.athome.lu\/blog\/louer\/bailleurs\/tout-savoir-sur-la-location-saisonniere\/#primaryimage"},"thumbnailUrl":"https:\/\/www.athome.lu\/blog\/wp-content\/uploads\/2016\/05\/location.jpg","datePublished":"2016-05-06T13:45:58+00:00","dateModified":"2022-05-11T07:44:30+00:00","author":{"@id":"https:\/\/www.athome.lu\/blog\/#\/schema\/person\/47f7a38089f837e792876ceddc4cb2dc"},"breadcrumb":{"@id":"https:\/\/www.athome.lu\/blog\/louer\/bailleurs\/tout-savoir-sur-la-location-saisonniere\/#breadcrumb"},"inLanguage":"de","potentialAction":[{"@type":"ReadAction","target":["https:\/\/www.athome.lu\/blog\/louer\/bailleurs\/tout-savoir-sur-la-location-saisonniere\/"]}]},{"@type":"ImageObject","inLanguage":"de","@id":"https:\/\/www.athome.lu\/blog\/louer\/bailleurs\/tout-savoir-sur-la-location-saisonniere\/#primaryimage","url":"https:\/\/www.athome.lu\/blog\/wp-content\/uploads\/2016\/05\/location.jpg","contentUrl":"https:\/\/www.athome.lu\/blog\/wp-content\/uploads\/2016\/05\/location.jpg","width":960,"height":720,"caption":"guide location vacances"},{"@type":"BreadcrumbList","@id":"https:\/\/www.athome.lu\/blog\/louer\/bailleurs\/tout-savoir-sur-la-location-saisonniere\/#breadcrumb","itemListElement":[{"@type":"ListItem","position":1,"name":"Accueil","item":"https:\/\/www.athome.lu\/blog\/"},{"@type":"ListItem","position":2,"name":"Louer","item":"https:\/\/www.athome.lu\/blog\/category\/louer\/"},{"@type":"ListItem","position":3,"name":"Bailleurs","item":"https:\/\/www.athome.lu\/blog\/category\/louer\/bailleurs\/"},{"@type":"ListItem","position":4,"name":"Tout savoir sur la location saisonni\u00e8re"}]},{"@type":"WebSite","@id":"https:\/\/www.athome.lu\/blog\/#website","url":"https:\/\/www.athome.lu\/blog\/","name":"atHome Blog","description":"Immobilienanzeigen in Luxemburg. Das Immobilienportal Nr. 1 in Luxemburg.","potentialAction":[{"@type":"SearchAction","target":{"@type":"EntryPoint","urlTemplate":"https:\/\/www.athome.lu\/blog\/?s={search_term_string}"},"query-input":{"@type":"PropertyValueSpecification","valueRequired":true,"valueName":"search_term_string"}}],"inLanguage":"de"},{"@type":"Person","@id":"https:\/\/www.athome.lu\/blog\/#\/schema\/person\/47f7a38089f837e792876ceddc4cb2dc","name":"Fanny Pimentel","image":{"@type":"ImageObject","inLanguage":"de","@id":"https:\/\/secure.gravatar.com\/avatar\/c60b27b93851dc9503f9cc9150e73dcb0a86ba6150657e5e4b11d988400bc633?s=96&d=mm&r=g","url":"https:\/\/secure.gravatar.com\/avatar\/c60b27b93851dc9503f9cc9150e73dcb0a86ba6150657e5e4b11d988400bc633?s=96&d=mm&r=g","contentUrl":"https:\/\/secure.gravatar.com\/avatar\/c60b27b93851dc9503f9cc9150e73dcb0a86ba6150657e5e4b11d988400bc633?s=96&d=mm&r=g","caption":"Fanny Pimentel"}}]}},"featured_media_src_url":"https:\/\/www.athome.lu\/blog\/wp-content\/uploads\/2016\/05\/location.jpg","_links":{"self":[{"href":"https:\/\/www.athome.lu\/blog\/de\/wp-json\/wp\/v2\/posts\/7835","targetHints":{"allow":["GET"]}}],"collection":[{"href":"https:\/\/www.athome.lu\/blog\/de\/wp-json\/wp\/v2\/posts"}],"about":[{"href":"https:\/\/www.athome.lu\/blog\/de\/wp-json\/wp\/v2\/types\/post"}],"author":[{"embeddable":true,"href":"https:\/\/www.athome.lu\/blog\/de\/wp-json\/wp\/v2\/users\/17"}],"replies":[{"embeddable":true,"href":"https:\/\/www.athome.lu\/blog\/de\/wp-json\/wp\/v2\/comments?post=7835"}],"version-history":[{"count":3,"href":"https:\/\/www.athome.lu\/blog\/de\/wp-json\/wp\/v2\/posts\/7835\/revisions"}],"predecessor-version":[{"id":14839,"href":"https:\/\/www.athome.lu\/blog\/de\/wp-json\/wp\/v2\/posts\/7835\/revisions\/14839"}],"wp:featuredmedia":[{"embeddable":true,"href":"https:\/\/www.athome.lu\/blog\/de\/wp-json\/wp\/v2\/media\/7836"}],"wp:attachment":[{"href":"https:\/\/www.athome.lu\/blog\/de\/wp-json\/wp\/v2\/media?parent=7835"}],"wp:term":[{"taxonomy":"category","embeddable":true,"href":"https:\/\/www.athome.lu\/blog\/de\/wp-json\/wp\/v2\/categories?post=7835"},{"taxonomy":"post_tag","embeddable":true,"href":"https:\/\/www.athome.lu\/blog\/de\/wp-json\/wp\/v2\/tags?post=7835"}],"curies":[{"name":"wp","href":"https:\/\/api.w.org\/{rel}","templated":true}]}}