{"id":7877,"date":"2016-05-20T14:25:32","date_gmt":"2016-05-20T13:25:32","guid":{"rendered":"https:\/\/www.athome.lu\/blog\/?p=7877"},"modified":"2022-05-11T09:46:33","modified_gmt":"2022-05-11T07:46:33","slug":"la-mise-en-location-les-documents-a-present-par-le-proprietaire","status":"publish","type":"post","link":"https:\/\/www.athome.lu\/blog\/de\/louer\/bailleurs\/la-mise-en-location-les-documents-a-presenter-par-le-proprietaire\/","title":{"rendered":"Der Mietvertrag: Dokumente, die vorgelegt werden m\u00fcssen"},"content":{"rendered":"<p><span style=\"color: #000000;\">Im ersten Teil dieser Artikelserie \u00fcber das Vermieten von Wohnungen haben wir Ihnen von den Pflichten des Eigent\u00fcmers in Bezug auf den Zustand der Wohnung bei der Vermietung berichtet. In dieser Folge erl\u00e4utert Rechtsanw\u00e4ltin Claudia Thirion detailliert, welche Dokumente er haben muss, um eine Immobilie zu vermieten.<\/span><\/p>\n\n\n\n<p><strong><span style=\"color: #000000;\">Teil 1 :<\/span>&nbsp;<a href=\"https:\/\/www.athome.lu\/blog\/blog\/mise-location-logement-etat-detre-loue\/\" target=\"_blank\" rel=\"noopener\">Vermietung: Eine Wohnung, die vermietet werden kann<\/a><\/strong><\/p>\n\n\n\n<h2 class=\"wp-block-heading\"><span style=\"color: #000000;\"><strong>\u00dcber den Ausweis \u00fcber die Gesamtenergieeffizienz verf\u00fcgen<\/strong><\/span><\/h2>\n\n\n\n<p><span style=\"color: #000000;\">Seit dem 1.<sup>er<\/sup> Ab dem 1. Januar 2010 werden Wohngeb\u00e4ude (d. h. Geb\u00e4ude, bei denen mindestens 90 % ihrer Energiebezugsfl\u00e4che f\u00fcr Wohnzwecke bestimmt sind) nach ihrer Gesamtenergieeffizienz klassifiziert.<\/span><\/p>\n\n\n\n<p><span style=\"color: #000000;\">Der Ausweis \u00fcber die Gesamtenergieeffizienz liefert Informationen \u00fcber den berechneten Energiebedarf des Geb\u00e4udes und die CO2-Emissionen. Er enth\u00e4lt Energieeffizienzklassen von A (die beste Klasse) bis I (die schlechteste Klasse).<\/span><\/p>\n\n\n\n<p><span style=\"color: #000000;\">Ein Ausweis \u00fcber die Gesamtenergieeffizienz muss insbesondere bei jedem Eigent\u00fcmer- oder Mieterwechsel in einem bestehenden Wohngeb\u00e4ude erstellt werden, wenn dieses nicht bereits \u00fcber einen g\u00fcltigen Ausweis \u00fcber die Gesamtenergieeffizienz verf\u00fcgt.<\/span><\/p>\n\n\n\n<blockquote class=\"wp-block-quote is-layout-flow wp-block-quote-is-layout-flow\"><p><span style=\"color: #000000;\">Eine solche Bescheinigung muss bei der Vermietung einer Immobilie beigef\u00fcgt werden.<\/span><\/p><p><\/p><\/blockquote>\n\n\n\n<h2 class=\"wp-block-heading\"><span style=\"color: #000000;\"><strong>D<\/strong><strong>ie letzte Nebenkostenabrechnung sollte vorliegen.<\/strong><\/span><\/h2>\n\n\n\n<p><span style=\"color: #000000;\">Laut Gesetz muss der Vermieter nachweisen, dass die Nebenkosten f\u00e4llig sind und er muss <em>begr\u00fcnden<\/em>(2) Die Person, die die Erstattung beantragt, muss die tats\u00e4chlichen Kosten, f\u00fcr die sie eine Erstattung beantragt, nachweisen, gegebenenfalls durch Vorlage von Rechnungen und Quittungen.<\/span><\/p>\n\n\n\n<p><span style=\"color: #000000;\">In der Praxis ist es der Verwalter der Eigentumswohnung, der j\u00e4hrlich eine solche Nebenkostenabrechnung erstellt, auf deren Grundlage der Vermieter den Nebenkostenvorschuss, den er monatlich vom Mieter verlangt, festlegen kann.<\/span><\/p>\n\n\n\n<p><span style=\"color: #000000;\"><strong>Meisterin Claudia Thirion<\/strong><br><strong>Rechtsanwalt am Gericht<\/strong><br><strong>claudia.thirion@barreau.lu<\/strong><\/span><\/p>\n\n\n\n<p><strong><span style=\"color: #000000;\">Weiterlesen :<\/span>\u00a0<a href=\"https:\/\/www.athome.lu\/blog\/blog\/la-mise-en-location-la-selection-du-locataire\/\" target=\"_blank\" rel=\"noopener\">Die Vermietung: Die Auswahl des Mieters<\/a><\/strong><\/p>\n\n\n<section id=\"section-3-14695\" class=\"ct-section\" ><div class=\"ct-section-inner-wrap\"><div id=\"div_block-4-14695\" class=\"ct-div-block\" ><div id=\"new_columns-7-14695\" class=\"ct-new-columns\" ><div id=\"div_block-8-14695\" class=\"ct-div-block\" ><div id=\"div_block-14-14695\" class=\"ct-div-block\" ><\/div><\/div><div id=\"div_block-9-14695\" class=\"ct-div-block\" ><h1 id=\"headline-11-14695\" class=\"ct-headline\">Wie hoch sind die Immobilienpreise derzeit?<\/h1><div id=\"text_block-12-14695\" class=\"ct-text-block\" >Die Preise verlangsamen sich. Die Zinss\u00e4tze steigen. Welche Trends sind in den kommenden Monaten zu erwarten?<\/div><a id=\"link_button-13-14695\" class=\"ct-link-button\" href=\"https:\/\/www.athome.lu\/blog\/blog\/marche-immobilier\/prix\/tendances-2022\/\" target=\"_blank\"  >Analyse lesen<\/a><\/div><\/div><\/div><\/div><\/section>\n\n\n<p><span style=\"color: #000000;\">&nbsp;<\/span><\/p>","protected":false},"excerpt":{"rendered":"<p>Dans la premi\u00e8re partie de cette s\u00e9rie d\u2019articles sur la mise en location, nous vous parlions des obligations du propri\u00e9taire quant \u00e0 l\u2019\u00e9tat du logement lors de la location. Dans cette suite, Ma\u00eetre Claudia Thirion nous d\u00e9taille les documents dont il&nbsp;doit disposer pour mettre en location un bien. Partie 1 :&nbsp;La mise en location: un [&hellip;]<\/p>\n","protected":false},"author":17,"featured_media":7878,"comment_status":"closed","ping_status":"open","sticky":false,"template":"","format":"standard","meta":{"_acf_changed":false,"footnotes":""},"categories":[223],"tags":[49],"class_list":["post-7877","post","type-post","status-publish","format-standard","has-post-thumbnail","hentry","category-bailleurs","tag-location"],"acf":[],"yoast_head":"<!-- This site is optimized with the Yoast SEO plugin v27.4 - https:\/\/yoast.com\/product\/yoast-seo-wordpress\/ -->\n<title>La mise en location : les documents \u00e0 pr\u00e9senter - atHome Blog<\/title>\n<meta name=\"robots\" content=\"index, follow, max-snippet:-1, max-image-preview:large, max-video-preview:-1\" \/>\n<link rel=\"canonical\" href=\"https:\/\/www.athome.lu\/blog\/de\/mieten\/vermieter\/la-mise-en-location-les-documents-a-present-par-le-proprietaire\/\" \/>\n<meta property=\"og:locale\" content=\"de_DE\" \/>\n<meta property=\"og:type\" content=\"article\" \/>\n<meta property=\"og:title\" content=\"La mise en location : les documents \u00e0 pr\u00e9senter - atHome Blog\" \/>\n<meta property=\"og:description\" content=\"Dans la premi\u00e8re partie de cette s\u00e9rie d\u2019articles sur la mise en location, nous vous parlions des obligations du propri\u00e9taire quant \u00e0 l\u2019\u00e9tat du logement lors de la location. Dans cette suite, Ma\u00eetre Claudia Thirion nous d\u00e9taille les documents dont il&nbsp;doit disposer pour mettre en location un bien. Partie 1 :&nbsp;La mise en location: un [&hellip;]\" \/>\n<meta property=\"og:url\" content=\"https:\/\/www.athome.lu\/blog\/de\/mieten\/vermieter\/la-mise-en-location-les-documents-a-present-par-le-proprietaire\/\" \/>\n<meta property=\"og:site_name\" content=\"atHome Blog\" \/>\n<meta property=\"article:publisher\" content=\"https:\/\/www.facebook.com\/atHome.lu\/\" \/>\n<meta property=\"article:published_time\" content=\"2016-05-20T13:25:32+00:00\" \/>\n<meta property=\"article:modified_time\" content=\"2022-05-11T07:46:33+00:00\" \/>\n<meta property=\"og:image\" content=\"https:\/\/www.athome.lu\/blog\/wp-content\/uploads\/2016\/05\/mise-en-location.jpg\" \/>\n\t<meta property=\"og:image:width\" content=\"1200\" \/>\n\t<meta property=\"og:image:height\" content=\"626\" \/>\n\t<meta property=\"og:image:type\" content=\"image\/jpeg\" \/>\n<meta name=\"author\" content=\"Fanny Pimentel\" \/>\n<meta name=\"twitter:card\" content=\"summary_large_image\" \/>\n<meta name=\"twitter:creator\" content=\"@athomelu\" \/>\n<meta name=\"twitter:site\" content=\"@athomelu\" \/>\n<meta name=\"twitter:label1\" content=\"Verfasst von\" \/>\n\t<meta name=\"twitter:data1\" content=\"Fanny Pimentel\" \/>\n\t<meta name=\"twitter:label2\" content=\"Gesch\u00e4tzte Lesezeit\" \/>\n\t<meta name=\"twitter:data2\" content=\"2\u00a0Minuten\" \/>\n<script type=\"application\/ld+json\" class=\"yoast-schema-graph\">{\"@context\":\"https:\\\/\\\/schema.org\",\"@graph\":[{\"@type\":\"Article\",\"@id\":\"https:\\\/\\\/www.athome.lu\\\/blog\\\/louer\\\/bailleurs\\\/la-mise-en-location-les-documents-a-presenter-par-le-proprietaire\\\/#article\",\"isPartOf\":{\"@id\":\"https:\\\/\\\/www.athome.lu\\\/blog\\\/louer\\\/bailleurs\\\/la-mise-en-location-les-documents-a-presenter-par-le-proprietaire\\\/\"},\"author\":{\"name\":\"Fanny Pimentel\",\"@id\":\"https:\\\/\\\/www.athome.lu\\\/blog\\\/#\\\/schema\\\/person\\\/47f7a38089f837e792876ceddc4cb2dc\"},\"headline\":\"La mise en location : les documents \u00e0 pr\u00e9senter\",\"datePublished\":\"2016-05-20T13:25:32+00:00\",\"dateModified\":\"2022-05-11T07:46:33+00:00\",\"mainEntityOfPage\":{\"@id\":\"https:\\\/\\\/www.athome.lu\\\/blog\\\/louer\\\/bailleurs\\\/la-mise-en-location-les-documents-a-presenter-par-le-proprietaire\\\/\"},\"wordCount\":334,\"image\":{\"@id\":\"https:\\\/\\\/www.athome.lu\\\/blog\\\/louer\\\/bailleurs\\\/la-mise-en-location-les-documents-a-presenter-par-le-proprietaire\\\/#primaryimage\"},\"thumbnailUrl\":\"https:\\\/\\\/www.athome.lu\\\/blog\\\/wp-content\\\/uploads\\\/2016\\\/05\\\/mise-en-location.jpg\",\"keywords\":[\"Location\"],\"articleSection\":[\"Bailleurs\"],\"inLanguage\":\"de\"},{\"@type\":\"WebPage\",\"@id\":\"https:\\\/\\\/www.athome.lu\\\/blog\\\/louer\\\/bailleurs\\\/la-mise-en-location-les-documents-a-presenter-par-le-proprietaire\\\/\",\"url\":\"https:\\\/\\\/www.athome.lu\\\/blog\\\/louer\\\/bailleurs\\\/la-mise-en-location-les-documents-a-presenter-par-le-proprietaire\\\/\",\"name\":\"La mise en location : les documents \u00e0 pr\u00e9senter - atHome Blog\",\"isPartOf\":{\"@id\":\"https:\\\/\\\/www.athome.lu\\\/blog\\\/#website\"},\"primaryImageOfPage\":{\"@id\":\"https:\\\/\\\/www.athome.lu\\\/blog\\\/louer\\\/bailleurs\\\/la-mise-en-location-les-documents-a-presenter-par-le-proprietaire\\\/#primaryimage\"},\"image\":{\"@id\":\"https:\\\/\\\/www.athome.lu\\\/blog\\\/louer\\\/bailleurs\\\/la-mise-en-location-les-documents-a-presenter-par-le-proprietaire\\\/#primaryimage\"},\"thumbnailUrl\":\"https:\\\/\\\/www.athome.lu\\\/blog\\\/wp-content\\\/uploads\\\/2016\\\/05\\\/mise-en-location.jpg\",\"datePublished\":\"2016-05-20T13:25:32+00:00\",\"dateModified\":\"2022-05-11T07:46:33+00:00\",\"author\":{\"@id\":\"https:\\\/\\\/www.athome.lu\\\/blog\\\/#\\\/schema\\\/person\\\/47f7a38089f837e792876ceddc4cb2dc\"},\"breadcrumb\":{\"@id\":\"https:\\\/\\\/www.athome.lu\\\/blog\\\/louer\\\/bailleurs\\\/la-mise-en-location-les-documents-a-presenter-par-le-proprietaire\\\/#breadcrumb\"},\"inLanguage\":\"de\",\"potentialAction\":[{\"@type\":\"ReadAction\",\"target\":[\"https:\\\/\\\/www.athome.lu\\\/blog\\\/louer\\\/bailleurs\\\/la-mise-en-location-les-documents-a-presenter-par-le-proprietaire\\\/\"]}]},{\"@type\":\"ImageObject\",\"inLanguage\":\"de\",\"@id\":\"https:\\\/\\\/www.athome.lu\\\/blog\\\/louer\\\/bailleurs\\\/la-mise-en-location-les-documents-a-presenter-par-le-proprietaire\\\/#primaryimage\",\"url\":\"https:\\\/\\\/www.athome.lu\\\/blog\\\/wp-content\\\/uploads\\\/2016\\\/05\\\/mise-en-location.jpg\",\"contentUrl\":\"https:\\\/\\\/www.athome.lu\\\/blog\\\/wp-content\\\/uploads\\\/2016\\\/05\\\/mise-en-location.jpg\",\"width\":1200,\"height\":626,\"caption\":\"document pour la mise en location\"},{\"@type\":\"BreadcrumbList\",\"@id\":\"https:\\\/\\\/www.athome.lu\\\/blog\\\/louer\\\/bailleurs\\\/la-mise-en-location-les-documents-a-presenter-par-le-proprietaire\\\/#breadcrumb\",\"itemListElement\":[{\"@type\":\"ListItem\",\"position\":1,\"name\":\"Accueil\",\"item\":\"https:\\\/\\\/www.athome.lu\\\/blog\\\/\"},{\"@type\":\"ListItem\",\"position\":2,\"name\":\"Louer\",\"item\":\"https:\\\/\\\/www.athome.lu\\\/blog\\\/category\\\/louer\\\/\"},{\"@type\":\"ListItem\",\"position\":3,\"name\":\"Bailleurs\",\"item\":\"https:\\\/\\\/www.athome.lu\\\/blog\\\/category\\\/louer\\\/bailleurs\\\/\"},{\"@type\":\"ListItem\",\"position\":4,\"name\":\"La mise en location : les documents \u00e0 pr\u00e9senter\"}]},{\"@type\":\"WebSite\",\"@id\":\"https:\\\/\\\/www.athome.lu\\\/blog\\\/#website\",\"url\":\"https:\\\/\\\/www.athome.lu\\\/blog\\\/\",\"name\":\"atHome Blog\",\"description\":\"Annonces immobili\u00e8res au Luxembourg. Le portail immobilier n\u00b01 au Luxembourg.\",\"potentialAction\":[{\"@type\":\"SearchAction\",\"target\":{\"@type\":\"EntryPoint\",\"urlTemplate\":\"https:\\\/\\\/www.athome.lu\\\/blog\\\/?s={search_term_string}\"},\"query-input\":{\"@type\":\"PropertyValueSpecification\",\"valueRequired\":true,\"valueName\":\"search_term_string\"}}],\"inLanguage\":\"de\"},{\"@type\":\"Person\",\"@id\":\"https:\\\/\\\/www.athome.lu\\\/blog\\\/#\\\/schema\\\/person\\\/47f7a38089f837e792876ceddc4cb2dc\",\"name\":\"Fanny Pimentel\",\"image\":{\"@type\":\"ImageObject\",\"inLanguage\":\"de\",\"@id\":\"https:\\\/\\\/secure.gravatar.com\\\/avatar\\\/c60b27b93851dc9503f9cc9150e73dcb0a86ba6150657e5e4b11d988400bc633?s=96&d=mm&r=g\",\"url\":\"https:\\\/\\\/secure.gravatar.com\\\/avatar\\\/c60b27b93851dc9503f9cc9150e73dcb0a86ba6150657e5e4b11d988400bc633?s=96&d=mm&r=g\",\"contentUrl\":\"https:\\\/\\\/secure.gravatar.com\\\/avatar\\\/c60b27b93851dc9503f9cc9150e73dcb0a86ba6150657e5e4b11d988400bc633?s=96&d=mm&r=g\",\"caption\":\"Fanny Pimentel\"}}]}<\/script>\n<!-- \/ Yoast SEO plugin. -->","yoast_head_json":{"title":"Der Mietvertrag: Welche Dokumente m\u00fcssen vorgelegt werden? - atHome Blog","robots":{"index":"index","follow":"follow","max-snippet":"max-snippet:-1","max-image-preview":"max-image-preview:large","max-video-preview":"max-video-preview:-1"},"canonical":"https:\/\/www.athome.lu\/blog\/de\/mieten\/vermieter\/la-mise-en-location-les-documents-a-present-par-le-proprietaire\/","og_locale":"de_DE","og_type":"article","og_title":"La mise en location : les documents \u00e0 pr\u00e9senter - atHome Blog","og_description":"Dans la premi\u00e8re partie de cette s\u00e9rie d\u2019articles sur la mise en location, nous vous parlions des obligations du propri\u00e9taire quant \u00e0 l\u2019\u00e9tat du logement lors de la location. Dans cette suite, Ma\u00eetre Claudia Thirion nous d\u00e9taille les documents dont il&nbsp;doit disposer pour mettre en location un bien. Partie 1 :&nbsp;La mise en location: un [&hellip;]","og_url":"https:\/\/www.athome.lu\/blog\/de\/mieten\/vermieter\/la-mise-en-location-les-documents-a-present-par-le-proprietaire\/","og_site_name":"atHome Blog","article_publisher":"https:\/\/www.facebook.com\/atHome.lu\/","article_published_time":"2016-05-20T13:25:32+00:00","article_modified_time":"2022-05-11T07:46:33+00:00","og_image":[{"width":1200,"height":626,"url":"https:\/\/www.athome.lu\/blog\/wp-content\/uploads\/2016\/05\/mise-en-location.jpg","type":"image\/jpeg"}],"author":"Fanny Pimentel","twitter_card":"summary_large_image","twitter_creator":"@athomelu","twitter_site":"@athomelu","twitter_misc":{"Verfasst von":"Fanny Pimentel","Gesch\u00e4tzte Lesezeit":"2\u00a0Minuten"},"schema":{"@context":"https:\/\/schema.org","@graph":[{"@type":"Article","@id":"https:\/\/www.athome.lu\/blog\/louer\/bailleurs\/la-mise-en-location-les-documents-a-presenter-par-le-proprietaire\/#article","isPartOf":{"@id":"https:\/\/www.athome.lu\/blog\/louer\/bailleurs\/la-mise-en-location-les-documents-a-presenter-par-le-proprietaire\/"},"author":{"name":"Fanny Pimentel","@id":"https:\/\/www.athome.lu\/blog\/#\/schema\/person\/47f7a38089f837e792876ceddc4cb2dc"},"headline":"La mise en location : les documents \u00e0 pr\u00e9senter","datePublished":"2016-05-20T13:25:32+00:00","dateModified":"2022-05-11T07:46:33+00:00","mainEntityOfPage":{"@id":"https:\/\/www.athome.lu\/blog\/louer\/bailleurs\/la-mise-en-location-les-documents-a-presenter-par-le-proprietaire\/"},"wordCount":334,"image":{"@id":"https:\/\/www.athome.lu\/blog\/louer\/bailleurs\/la-mise-en-location-les-documents-a-presenter-par-le-proprietaire\/#primaryimage"},"thumbnailUrl":"https:\/\/www.athome.lu\/blog\/wp-content\/uploads\/2016\/05\/mise-en-location.jpg","keywords":["Location"],"articleSection":["Bailleurs"],"inLanguage":"de"},{"@type":"WebPage","@id":"https:\/\/www.athome.lu\/blog\/louer\/bailleurs\/la-mise-en-location-les-documents-a-presenter-par-le-proprietaire\/","url":"https:\/\/www.athome.lu\/blog\/louer\/bailleurs\/la-mise-en-location-les-documents-a-presenter-par-le-proprietaire\/","name":"Der Mietvertrag: Welche Dokumente m\u00fcssen vorgelegt werden? - atHome Blog","isPartOf":{"@id":"https:\/\/www.athome.lu\/blog\/#website"},"primaryImageOfPage":{"@id":"https:\/\/www.athome.lu\/blog\/louer\/bailleurs\/la-mise-en-location-les-documents-a-presenter-par-le-proprietaire\/#primaryimage"},"image":{"@id":"https:\/\/www.athome.lu\/blog\/louer\/bailleurs\/la-mise-en-location-les-documents-a-presenter-par-le-proprietaire\/#primaryimage"},"thumbnailUrl":"https:\/\/www.athome.lu\/blog\/wp-content\/uploads\/2016\/05\/mise-en-location.jpg","datePublished":"2016-05-20T13:25:32+00:00","dateModified":"2022-05-11T07:46:33+00:00","author":{"@id":"https:\/\/www.athome.lu\/blog\/#\/schema\/person\/47f7a38089f837e792876ceddc4cb2dc"},"breadcrumb":{"@id":"https:\/\/www.athome.lu\/blog\/louer\/bailleurs\/la-mise-en-location-les-documents-a-presenter-par-le-proprietaire\/#breadcrumb"},"inLanguage":"de","potentialAction":[{"@type":"ReadAction","target":["https:\/\/www.athome.lu\/blog\/louer\/bailleurs\/la-mise-en-location-les-documents-a-presenter-par-le-proprietaire\/"]}]},{"@type":"ImageObject","inLanguage":"de","@id":"https:\/\/www.athome.lu\/blog\/louer\/bailleurs\/la-mise-en-location-les-documents-a-presenter-par-le-proprietaire\/#primaryimage","url":"https:\/\/www.athome.lu\/blog\/wp-content\/uploads\/2016\/05\/mise-en-location.jpg","contentUrl":"https:\/\/www.athome.lu\/blog\/wp-content\/uploads\/2016\/05\/mise-en-location.jpg","width":1200,"height":626,"caption":"document pour la mise en location"},{"@type":"BreadcrumbList","@id":"https:\/\/www.athome.lu\/blog\/louer\/bailleurs\/la-mise-en-location-les-documents-a-presenter-par-le-proprietaire\/#breadcrumb","itemListElement":[{"@type":"ListItem","position":1,"name":"Accueil","item":"https:\/\/www.athome.lu\/blog\/"},{"@type":"ListItem","position":2,"name":"Louer","item":"https:\/\/www.athome.lu\/blog\/category\/louer\/"},{"@type":"ListItem","position":3,"name":"Bailleurs","item":"https:\/\/www.athome.lu\/blog\/category\/louer\/bailleurs\/"},{"@type":"ListItem","position":4,"name":"La mise en location : les documents \u00e0 pr\u00e9senter"}]},{"@type":"WebSite","@id":"https:\/\/www.athome.lu\/blog\/#website","url":"https:\/\/www.athome.lu\/blog\/","name":"atHome Blog","description":"Immobilienanzeigen in Luxemburg. Das Immobilienportal Nr. 1 in Luxemburg.","potentialAction":[{"@type":"SearchAction","target":{"@type":"EntryPoint","urlTemplate":"https:\/\/www.athome.lu\/blog\/?s={search_term_string}"},"query-input":{"@type":"PropertyValueSpecification","valueRequired":true,"valueName":"search_term_string"}}],"inLanguage":"de"},{"@type":"Person","@id":"https:\/\/www.athome.lu\/blog\/#\/schema\/person\/47f7a38089f837e792876ceddc4cb2dc","name":"Fanny Pimentel","image":{"@type":"ImageObject","inLanguage":"de","@id":"https:\/\/secure.gravatar.com\/avatar\/c60b27b93851dc9503f9cc9150e73dcb0a86ba6150657e5e4b11d988400bc633?s=96&d=mm&r=g","url":"https:\/\/secure.gravatar.com\/avatar\/c60b27b93851dc9503f9cc9150e73dcb0a86ba6150657e5e4b11d988400bc633?s=96&d=mm&r=g","contentUrl":"https:\/\/secure.gravatar.com\/avatar\/c60b27b93851dc9503f9cc9150e73dcb0a86ba6150657e5e4b11d988400bc633?s=96&d=mm&r=g","caption":"Fanny Pimentel"}}]}},"featured_media_src_url":"https:\/\/www.athome.lu\/blog\/wp-content\/uploads\/2016\/05\/mise-en-location-1024x534.jpg","_links":{"self":[{"href":"https:\/\/www.athome.lu\/blog\/de\/wp-json\/wp\/v2\/posts\/7877","targetHints":{"allow":["GET"]}}],"collection":[{"href":"https:\/\/www.athome.lu\/blog\/de\/wp-json\/wp\/v2\/posts"}],"about":[{"href":"https:\/\/www.athome.lu\/blog\/de\/wp-json\/wp\/v2\/types\/post"}],"author":[{"embeddable":true,"href":"https:\/\/www.athome.lu\/blog\/de\/wp-json\/wp\/v2\/users\/17"}],"replies":[{"embeddable":true,"href":"https:\/\/www.athome.lu\/blog\/de\/wp-json\/wp\/v2\/comments?post=7877"}],"version-history":[{"count":2,"href":"https:\/\/www.athome.lu\/blog\/de\/wp-json\/wp\/v2\/posts\/7877\/revisions"}],"predecessor-version":[{"id":14842,"href":"https:\/\/www.athome.lu\/blog\/de\/wp-json\/wp\/v2\/posts\/7877\/revisions\/14842"}],"wp:featuredmedia":[{"embeddable":true,"href":"https:\/\/www.athome.lu\/blog\/de\/wp-json\/wp\/v2\/media\/7878"}],"wp:attachment":[{"href":"https:\/\/www.athome.lu\/blog\/de\/wp-json\/wp\/v2\/media?parent=7877"}],"wp:term":[{"taxonomy":"category","embeddable":true,"href":"https:\/\/www.athome.lu\/blog\/de\/wp-json\/wp\/v2\/categories?post=7877"},{"taxonomy":"post_tag","embeddable":true,"href":"https:\/\/www.athome.lu\/blog\/de\/wp-json\/wp\/v2\/tags?post=7877"}],"curies":[{"name":"wp","href":"https:\/\/api.w.org\/{rel}","templated":true}]}}