{"id":7905,"date":"2016-05-26T13:07:57","date_gmt":"2016-05-26T12:07:57","guid":{"rendered":"https:\/\/www.athome.lu\/blog\/?p=7905"},"modified":"2022-05-11T09:46:55","modified_gmt":"2022-05-11T07:46:55","slug":"gerne-leben-24-quadratmeter","status":"publish","type":"post","link":"https:\/\/www.athome.lu\/blog\/de\/mon-logement\/meuble-decoration\/aimeriez-vivre-24-metres-carres\/","title":{"rendered":"W\u00fcrden Sie gerne auf 24 Quadratmetern leben?"},"content":{"rendered":"<p><span style=\"color: #000000;\">Um in den Gro\u00dfst\u00e4dten Platz zu sparen, werden die Wohnfl\u00e4chen tendenziell immer kleiner. Innenarchitekten denken sich heute raffinierte Einrichtungsgegenst\u00e4nde f\u00fcr Mikrofl\u00e4chen aus.<br><\/span><span style=\"color: #000000;\">Schauen Sie es sich an! Es klingt unglaublich, aber dieses elegant eingerichtete Loft belegt eine Fl\u00e4che von nur 24 Quadratmetern!<\/span><\/p>\n\n\n\n<h2 class=\"wp-block-heading\"><span style=\"color: #000000;\">Inneneinrichtung und -design<\/span><\/h2>\n\n\n\n<p><span style=\"color: #000000;\">Die Designerin Tatiana Shishkina nutzte die gro\u00dfz\u00fcgige H\u00f6he des kleinen Raumes und schuf mit dunklen Farben und raffinierten M\u00f6beln einen Wohnbereich mit vornehmem Stil.<\/span><\/p>\n\n\n\n<p><span style=\"color: #000000;\">Dank der intelligenten Raumaufteilung, der Auswahl von M\u00f6beln und funktionalen Accessoires zeichnet sich dieses Loft durch eine starke Pers\u00f6nlichkeit aus, in einem einzigartigen Stilmix, der von Luxusresidenzen inspiriert ist.<\/span><\/p>\n\n\n\n<div class=\"wp-block-image\"><figure class=\"aligncenter\"><a href=\"https:\/\/www.athome.lu\/blog\/blog\/wp-content\/uploads\/2016\/05\/loftsejour.jpg\"><img loading=\"lazy\" decoding=\"async\" width=\"600\" height=\"400\" src=\"https:\/\/www.athome.lu\/blog\/blog\/wp-content\/uploads\/2016\/05\/loftsejour.jpg\" alt=\"Wohnzimmer Dekoration Wohnzimmer Wohnung 24m2\" class=\"wp-image-7907\" srcset=\"https:\/\/www.athome.lu\/blog\/wp-content\/uploads\/2016\/05\/loftsejour.jpg 600w, https:\/\/www.athome.lu\/blog\/wp-content\/uploads\/2016\/05\/loftsejour-300x200.jpg 300w, https:\/\/www.athome.lu\/blog\/wp-content\/uploads\/2016\/05\/loftsejour-18x12.jpg 18w\" sizes=\"auto, (max-width: 600px) 100vw, 600px\" \/><\/a><\/figure><\/div>\n\n\n\n<p><\/p>\n\n\n\n<p><span style=\"color: #000000;\">Ein kleiner Eingangsbereich f\u00fchrt in das Wohnzimmer und die K\u00fcche, wo dunkle T\u00f6ne auf das nat\u00fcrliche Licht durch die gro\u00dfen Fenster und den wei\u00dfen Parkettboden reagieren.<\/span><\/p>\n\n\n\n<p><span style=\"color: #000000;\">Das nat\u00fcrliche Licht spielt in dieser Umgebung eine entscheidende Rolle. Dank dieses Lichts konnten die Designer auf der begrenzten Fl\u00e4che mit den dunklen T\u00f6nen der W\u00e4nde und M\u00f6bel spielen. <\/span><\/p>\n\n\n\n<p><span style=\"color: #000000;\"> Die K\u00fcche hingegen ist gut vom Rest des Wohnbereichs abgetrennt.<\/span><\/p>\n\n\n\n<p><span style=\"color: #000000;\">Eine Treppe f\u00fchrt zum Schlafbereich und einem kleinen Arbeitsbereich, der sich auf der Galerie befindet. Hier gibt es zus\u00e4tzlich einen Stauraum, der hinter einem Vorhang versteckt ist. Das Licht an der Decke verleiht dem Raum eine warme Atmosph\u00e4re.<\/span><\/p>\n\n\n\n<p><span style=\"color: #000000;\">Selbst das kleine Badezimmer ist gut ausgestattet. Es befindet sich in der unteren Etage der Wohnung und ist im selben Thema wie die gesamte Wohnung in dunklen T\u00f6nen gehalten.<\/span><\/p>\n\n\n\n<p><strong><span style=\"color: #000000;\">Sind Sie davon \u00fcberzeugt? W\u00e4ren Sie bereit, in 24 m2 zu leben?<\/span><\/strong><\/p>\n\n\n\n<figure class=\"wp-block-gallery has-nested-images columns-3 is-cropped wp-block-gallery-1 is-layout-flex wp-block-gallery-is-layout-flex\">\n<figure class=\"wp-block-image size-large\"><img loading=\"lazy\" decoding=\"async\" width=\"600\" height=\"720\" data-id=\"7918\" src=\"https:\/\/www.athome.lu\/blog\/wp-content\/uploads\/2016\/05\/loft1.jpg\" alt=\"Wohnzimmer Wohnung 24m2\" class=\"wp-image-7918\" srcset=\"https:\/\/www.athome.lu\/blog\/wp-content\/uploads\/2016\/05\/loft1.jpg 600w, https:\/\/www.athome.lu\/blog\/wp-content\/uploads\/2016\/05\/loft1-250x300.jpg 250w, https:\/\/www.athome.lu\/blog\/wp-content\/uploads\/2016\/05\/loft1-10x12.jpg 10w\" sizes=\"auto, (max-width: 600px) 100vw, 600px\" \/><\/figure>\n\n\n\n<figure class=\"wp-block-image size-large\"><img loading=\"lazy\" decoding=\"async\" width=\"600\" height=\"720\" data-id=\"7916\" src=\"https:\/\/www.athome.lu\/blog\/wp-content\/uploads\/2016\/05\/loft3.jpg\" alt=\"Esszimmer Wohnung 24m2\" class=\"wp-image-7916\" srcset=\"https:\/\/www.athome.lu\/blog\/wp-content\/uploads\/2016\/05\/loft3.jpg 600w, https:\/\/www.athome.lu\/blog\/wp-content\/uploads\/2016\/05\/loft3-250x300.jpg 250w, https:\/\/www.athome.lu\/blog\/wp-content\/uploads\/2016\/05\/loft3-10x12.jpg 10w\" sizes=\"auto, (max-width: 600px) 100vw, 600px\" \/><\/figure>\n\n\n\n<figure class=\"wp-block-image size-large\"><img loading=\"lazy\" decoding=\"async\" width=\"600\" height=\"720\" data-id=\"7917\" src=\"https:\/\/www.athome.lu\/blog\/wp-content\/uploads\/2016\/05\/loft2.jpg\" alt=\"Einrichtung Eingang Wohnung 24m2\" class=\"wp-image-7917\" srcset=\"https:\/\/www.athome.lu\/blog\/wp-content\/uploads\/2016\/05\/loft2.jpg 600w, https:\/\/www.athome.lu\/blog\/wp-content\/uploads\/2016\/05\/loft2-250x300.jpg 250w, https:\/\/www.athome.lu\/blog\/wp-content\/uploads\/2016\/05\/loft2-10x12.jpg 10w\" sizes=\"auto, (max-width: 600px) 100vw, 600px\" \/><\/figure>\n\n\n\n<figure class=\"wp-block-image size-large\"><img loading=\"lazy\" decoding=\"async\" width=\"600\" height=\"720\" data-id=\"7915\" src=\"https:\/\/www.athome.lu\/blog\/wp-content\/uploads\/2016\/05\/loft4.jpg\" alt=\"Schreibtisch und Etagenbett Wohnung 24m2\" class=\"wp-image-7915\" srcset=\"https:\/\/www.athome.lu\/blog\/wp-content\/uploads\/2016\/05\/loft4.jpg 600w, https:\/\/www.athome.lu\/blog\/wp-content\/uploads\/2016\/05\/loft4-250x300.jpg 250w, https:\/\/www.athome.lu\/blog\/wp-content\/uploads\/2016\/05\/loft4-10x12.jpg 10w\" sizes=\"auto, (max-width: 600px) 100vw, 600px\" \/><\/figure>\n\n\n\n<figure class=\"wp-block-image size-large\"><img loading=\"lazy\" decoding=\"async\" width=\"600\" height=\"720\" data-id=\"7914\" src=\"https:\/\/www.athome.lu\/blog\/wp-content\/uploads\/2016\/05\/loft5.jpg\" alt=\"Sofaecke Wohnung 24m2\" class=\"wp-image-7914\" srcset=\"https:\/\/www.athome.lu\/blog\/wp-content\/uploads\/2016\/05\/loft5.jpg 600w, https:\/\/www.athome.lu\/blog\/wp-content\/uploads\/2016\/05\/loft5-250x300.jpg 250w, https:\/\/www.athome.lu\/blog\/wp-content\/uploads\/2016\/05\/loft5-10x12.jpg 10w\" sizes=\"auto, (max-width: 600px) 100vw, 600px\" \/><\/figure>\n\n\n\n<figure class=\"wp-block-image size-large\"><img loading=\"lazy\" decoding=\"async\" width=\"600\" height=\"720\" data-id=\"7913\" src=\"https:\/\/www.athome.lu\/blog\/wp-content\/uploads\/2016\/05\/loft6.jpg\" alt=\"Fernsehecke Wohnung 24m2\" class=\"wp-image-7913\" srcset=\"https:\/\/www.athome.lu\/blog\/wp-content\/uploads\/2016\/05\/loft6.jpg 600w, https:\/\/www.athome.lu\/blog\/wp-content\/uploads\/2016\/05\/loft6-250x300.jpg 250w, https:\/\/www.athome.lu\/blog\/wp-content\/uploads\/2016\/05\/loft6-10x12.jpg 10w\" sizes=\"auto, (max-width: 600px) 100vw, 600px\" \/><\/figure>\n\n\n\n<figure class=\"wp-block-image size-large\"><img loading=\"lazy\" decoding=\"async\" width=\"600\" height=\"431\" data-id=\"7912\" src=\"https:\/\/www.athome.lu\/blog\/wp-content\/uploads\/2016\/05\/loft7.jpg\" alt=\"Schlafzimmer und B\u00fcro Wohnung 24m2\" class=\"wp-image-7912\" srcset=\"https:\/\/www.athome.lu\/blog\/wp-content\/uploads\/2016\/05\/loft7.jpg 600w, https:\/\/www.athome.lu\/blog\/wp-content\/uploads\/2016\/05\/loft7-300x216.jpg 300w, https:\/\/www.athome.lu\/blog\/wp-content\/uploads\/2016\/05\/loft7-18x12.jpg 18w\" sizes=\"auto, (max-width: 600px) 100vw, 600px\" \/><\/figure>\n\n\n\n<figure class=\"wp-block-image size-large\"><img loading=\"lazy\" decoding=\"async\" width=\"600\" height=\"720\" data-id=\"7911\" src=\"https:\/\/www.athome.lu\/blog\/wp-content\/uploads\/2016\/05\/loft8.jpg\" alt=\"Waschk\u00fcche Ecke Waschmaschine Wohnung 24m2\" class=\"wp-image-7911\" srcset=\"https:\/\/www.athome.lu\/blog\/wp-content\/uploads\/2016\/05\/loft8.jpg 600w, https:\/\/www.athome.lu\/blog\/wp-content\/uploads\/2016\/05\/loft8-250x300.jpg 250w, https:\/\/www.athome.lu\/blog\/wp-content\/uploads\/2016\/05\/loft8-10x12.jpg 10w\" sizes=\"auto, (max-width: 600px) 100vw, 600px\" \/><\/figure>\n\n\n\n<figure class=\"wp-block-image size-large\"><img loading=\"lazy\" decoding=\"async\" width=\"600\" height=\"720\" data-id=\"7910\" src=\"https:\/\/www.athome.lu\/blog\/wp-content\/uploads\/2016\/05\/loft9.jpg\" alt=\"eingerichtete Toiletten und Duschen in der Wohnung 24m2\" class=\"wp-image-7910\" srcset=\"https:\/\/www.athome.lu\/blog\/wp-content\/uploads\/2016\/05\/loft9.jpg 600w, https:\/\/www.athome.lu\/blog\/wp-content\/uploads\/2016\/05\/loft9-250x300.jpg 250w, https:\/\/www.athome.lu\/blog\/wp-content\/uploads\/2016\/05\/loft9-10x12.jpg 10w\" sizes=\"auto, (max-width: 600px) 100vw, 600px\" \/><\/figure>\n<\/figure>\n\n\n\n<p><span style=\"color: #000000;\">Bildnachweis : <a href=\"http:\/\/www.inroom.guru\/\">Tatiana Shishkina<\/a><\/span><\/p>","protected":false},"excerpt":{"rendered":"<p>Pour gagner de l'espace dans les grandes villes, les&nbsp;surfaces des logements ont tendance \u00e0 se r\u00e9duire. Les architectes d'int\u00e9rieur imaginent aujourd\u00b4hui des am\u00e9nagements ing\u00e9nieux pour micro-surface.Regardez ! Cela parait incroyable, mais ce loft \u00e0 la d\u00e9coration \u00e9l\u00e9gante, occupe une surface de seulement 24 m\u00e8tres carr\u00e9s&nbsp;! Am\u00e9nagement et design int\u00e9rieur Profitant de la g\u00e9n\u00e9reuse hauteur de [&hellip;]<\/p>\n","protected":false},"author":17,"featured_media":7932,"comment_status":"closed","ping_status":"open","sticky":false,"template":"","format":"standard","meta":{"_acf_changed":false,"footnotes":""},"categories":[210],"tags":[78],"class_list":["post-7905","post","type-post","status-publish","format-standard","has-post-thumbnail","hentry","category-meuble-decoration","tag-renovation"],"acf":[],"yoast_head":"<!-- This site is optimized with the Yoast SEO plugin v27.4 - https:\/\/yoast.com\/product\/yoast-seo-wordpress\/ -->\n<title>\u25b7 Comment Am\u00e9nager un Appartement de 24m2 ? ? | atHome.lu<\/title>\n<meta name=\"description\" content=\"D\u00e9couvrez l&#039;am\u00e9nagement et le design int\u00e9rieur ce loft \u00e0 la d\u00e9coration \u00e9l\u00e9gante, qui occupe une surface de seulement... 24 m\u00e8tres carr\u00e9s !\" \/>\n<meta name=\"robots\" content=\"index, follow, max-snippet:-1, max-image-preview:large, max-video-preview:-1\" \/>\n<link rel=\"canonical\" href=\"https:\/\/www.athome.lu\/blog\/de\/mein-haus\/deko-mobel\/gerne-leben-24-quadratmeter\/\" \/>\n<meta property=\"og:locale\" content=\"de_DE\" \/>\n<meta property=\"og:type\" content=\"article\" \/>\n<meta property=\"og:title\" content=\"\u25b7 Comment Am\u00e9nager un Appartement de 24m2 ? ? | atHome.lu\" \/>\n<meta property=\"og:description\" content=\"D\u00e9couvrez l&#039;am\u00e9nagement et le design int\u00e9rieur ce loft \u00e0 la d\u00e9coration \u00e9l\u00e9gante, qui occupe une surface de seulement... 24 m\u00e8tres carr\u00e9s !\" \/>\n<meta property=\"og:url\" content=\"https:\/\/www.athome.lu\/blog\/de\/mein-haus\/deko-mobel\/gerne-leben-24-quadratmeter\/\" \/>\n<meta property=\"og:site_name\" content=\"atHome Blog\" \/>\n<meta property=\"article:publisher\" content=\"https:\/\/www.facebook.com\/atHome.lu\/\" \/>\n<meta property=\"article:published_time\" content=\"2016-05-26T12:07:57+00:00\" \/>\n<meta property=\"article:modified_time\" content=\"2022-05-11T07:46:55+00:00\" \/>\n<meta property=\"og:image\" content=\"https:\/\/www.athome.lu\/blog\/wp-content\/uploads\/2016\/05\/cabaneblog-1024x542.png\" \/>\n\t<meta property=\"og:image:width\" content=\"1024\" \/>\n\t<meta property=\"og:image:height\" content=\"542\" \/>\n\t<meta property=\"og:image:type\" content=\"image\/png\" \/>\n<meta name=\"author\" content=\"Fanny Pimentel\" \/>\n<meta name=\"twitter:card\" content=\"summary_large_image\" \/>\n<meta name=\"twitter:title\" content=\"\u25b7 Comment Am\u00e9nager un Appartement de 24m2 ? ? | atHome.lu\" \/>\n<meta name=\"twitter:description\" content=\"D\u00e9couvrez l&#039;am\u00e9nagement et le design int\u00e9rieur ce loft \u00e0 la d\u00e9coration \u00e9l\u00e9gante, qui occupe une surface de seulement... 24 m\u00e8tres carr\u00e9s !\" \/>\n<meta name=\"twitter:creator\" content=\"@athomelu\" \/>\n<meta name=\"twitter:site\" content=\"@athomelu\" \/>\n<meta name=\"twitter:label1\" content=\"Verfasst von\" \/>\n\t<meta name=\"twitter:data1\" content=\"Fanny Pimentel\" \/>\n\t<meta name=\"twitter:label2\" content=\"Gesch\u00e4tzte Lesezeit\" \/>\n\t<meta name=\"twitter:data2\" content=\"4\u00a0Minuten\" \/>\n<script type=\"application\/ld+json\" class=\"yoast-schema-graph\">{\"@context\":\"https:\\\/\\\/schema.org\",\"@graph\":[{\"@type\":\"Article\",\"@id\":\"https:\\\/\\\/www.athome.lu\\\/blog\\\/de\\\/mein-haus\\\/deko-mobel\\\/gerne-leben-24-quadratmeter\\\/#article\",\"isPartOf\":{\"@id\":\"https:\\\/\\\/www.athome.lu\\\/blog\\\/de\\\/mein-haus\\\/deko-mobel\\\/gerne-leben-24-quadratmeter\\\/\"},\"author\":{\"name\":\"Fanny Pimentel\",\"@id\":\"https:\\\/\\\/www.athome.lu\\\/blog\\\/#\\\/schema\\\/person\\\/47f7a38089f837e792876ceddc4cb2dc\"},\"headline\":\"Aimeriez-vous vivre dans 24 m\u00e8tres carr\u00e9s ?\",\"datePublished\":\"2016-05-26T12:07:57+00:00\",\"dateModified\":\"2022-05-11T07:46:55+00:00\",\"mainEntityOfPage\":{\"@id\":\"https:\\\/\\\/www.athome.lu\\\/blog\\\/de\\\/mein-haus\\\/deko-mobel\\\/gerne-leben-24-quadratmeter\\\/\"},\"wordCount\":327,\"image\":{\"@id\":\"https:\\\/\\\/www.athome.lu\\\/blog\\\/de\\\/mein-haus\\\/deko-mobel\\\/gerne-leben-24-quadratmeter\\\/#primaryimage\"},\"thumbnailUrl\":\"https:\\\/\\\/www.athome.lu\\\/blog\\\/wp-content\\\/uploads\\\/2016\\\/05\\\/cabaneblog.png\",\"keywords\":[\"R\u00e9novation\"],\"articleSection\":[\"Meubler et D\u00e9corer\"],\"inLanguage\":\"de\"},{\"@type\":\"WebPage\",\"@id\":\"https:\\\/\\\/www.athome.lu\\\/blog\\\/de\\\/mein-haus\\\/deko-mobel\\\/gerne-leben-24-quadratmeter\\\/\",\"url\":\"https:\\\/\\\/www.athome.lu\\\/blog\\\/de\\\/mein-haus\\\/deko-mobel\\\/gerne-leben-24-quadratmeter\\\/\",\"name\":\"\u25b7 Comment Am\u00e9nager un Appartement de 24m2 ? ? | atHome.lu\",\"isPartOf\":{\"@id\":\"https:\\\/\\\/www.athome.lu\\\/blog\\\/#website\"},\"primaryImageOfPage\":{\"@id\":\"https:\\\/\\\/www.athome.lu\\\/blog\\\/de\\\/mein-haus\\\/deko-mobel\\\/gerne-leben-24-quadratmeter\\\/#primaryimage\"},\"image\":{\"@id\":\"https:\\\/\\\/www.athome.lu\\\/blog\\\/de\\\/mein-haus\\\/deko-mobel\\\/gerne-leben-24-quadratmeter\\\/#primaryimage\"},\"thumbnailUrl\":\"https:\\\/\\\/www.athome.lu\\\/blog\\\/wp-content\\\/uploads\\\/2016\\\/05\\\/cabaneblog.png\",\"datePublished\":\"2016-05-26T12:07:57+00:00\",\"dateModified\":\"2022-05-11T07:46:55+00:00\",\"author\":{\"@id\":\"https:\\\/\\\/www.athome.lu\\\/blog\\\/#\\\/schema\\\/person\\\/47f7a38089f837e792876ceddc4cb2dc\"},\"description\":\"D\u00e9couvrez l'am\u00e9nagement et le design int\u00e9rieur ce loft \u00e0 la d\u00e9coration \u00e9l\u00e9gante, qui occupe une surface de seulement... 24 m\u00e8tres carr\u00e9s !\",\"breadcrumb\":{\"@id\":\"https:\\\/\\\/www.athome.lu\\\/blog\\\/de\\\/mein-haus\\\/deko-mobel\\\/gerne-leben-24-quadratmeter\\\/#breadcrumb\"},\"inLanguage\":\"de\",\"potentialAction\":[{\"@type\":\"ReadAction\",\"target\":[\"https:\\\/\\\/www.athome.lu\\\/blog\\\/de\\\/mein-haus\\\/deko-mobel\\\/gerne-leben-24-quadratmeter\\\/\"]}]},{\"@type\":\"ImageObject\",\"inLanguage\":\"de\",\"@id\":\"https:\\\/\\\/www.athome.lu\\\/blog\\\/de\\\/mein-haus\\\/deko-mobel\\\/gerne-leben-24-quadratmeter\\\/#primaryimage\",\"url\":\"https:\\\/\\\/www.athome.lu\\\/blog\\\/wp-content\\\/uploads\\\/2016\\\/05\\\/cabaneblog.png\",\"contentUrl\":\"https:\\\/\\\/www.athome.lu\\\/blog\\\/wp-content\\\/uploads\\\/2016\\\/05\\\/cabaneblog.png\",\"width\":1920,\"height\":1016,\"caption\":\"cabane en brique comment am\u00e9nager un appartement de 24m2\"},{\"@type\":\"BreadcrumbList\",\"@id\":\"https:\\\/\\\/www.athome.lu\\\/blog\\\/de\\\/mein-haus\\\/deko-mobel\\\/gerne-leben-24-quadratmeter\\\/#breadcrumb\",\"itemListElement\":[{\"@type\":\"ListItem\",\"position\":1,\"name\":\"Accueil\",\"item\":\"https:\\\/\\\/www.athome.lu\\\/blog\\\/\"},{\"@type\":\"ListItem\",\"position\":2,\"name\":\"Mon logement\",\"item\":\"https:\\\/\\\/www.athome.lu\\\/blog\\\/de\\\/category\\\/mein-haus\\\/\"},{\"@type\":\"ListItem\",\"position\":3,\"name\":\"Meubler et D\u00e9corer\",\"item\":\"https:\\\/\\\/www.athome.lu\\\/blog\\\/de\\\/category\\\/mein-haus\\\/deko-mobel\\\/\"},{\"@type\":\"ListItem\",\"position\":4,\"name\":\"Aimeriez-vous vivre dans 24 m\u00e8tres carr\u00e9s ?\"}]},{\"@type\":\"WebSite\",\"@id\":\"https:\\\/\\\/www.athome.lu\\\/blog\\\/#website\",\"url\":\"https:\\\/\\\/www.athome.lu\\\/blog\\\/\",\"name\":\"atHome Blog\",\"description\":\"Annonces immobili\u00e8res au Luxembourg. Le portail immobilier n\u00b01 au Luxembourg.\",\"potentialAction\":[{\"@type\":\"SearchAction\",\"target\":{\"@type\":\"EntryPoint\",\"urlTemplate\":\"https:\\\/\\\/www.athome.lu\\\/blog\\\/?s={search_term_string}\"},\"query-input\":{\"@type\":\"PropertyValueSpecification\",\"valueRequired\":true,\"valueName\":\"search_term_string\"}}],\"inLanguage\":\"de\"},{\"@type\":\"Person\",\"@id\":\"https:\\\/\\\/www.athome.lu\\\/blog\\\/#\\\/schema\\\/person\\\/47f7a38089f837e792876ceddc4cb2dc\",\"name\":\"Fanny Pimentel\",\"image\":{\"@type\":\"ImageObject\",\"inLanguage\":\"de\",\"@id\":\"https:\\\/\\\/secure.gravatar.com\\\/avatar\\\/c60b27b93851dc9503f9cc9150e73dcb0a86ba6150657e5e4b11d988400bc633?s=96&d=mm&r=g\",\"url\":\"https:\\\/\\\/secure.gravatar.com\\\/avatar\\\/c60b27b93851dc9503f9cc9150e73dcb0a86ba6150657e5e4b11d988400bc633?s=96&d=mm&r=g\",\"contentUrl\":\"https:\\\/\\\/secure.gravatar.com\\\/avatar\\\/c60b27b93851dc9503f9cc9150e73dcb0a86ba6150657e5e4b11d988400bc633?s=96&d=mm&r=g\",\"caption\":\"Fanny Pimentel\"}}]}<\/script>\n<!-- \/ Yoast SEO plugin. -->","yoast_head_json":{"title":"\u25b7 Wie richte ich eine 24m2 gro\u00dfe Wohnung ein? | atHome.lu","description":"Entdecken Sie die Einrichtung und das Innendesign dieses elegant dekorierten Lofts, das auf einer Fl\u00e4che von nur... 24 Quadratmeter!","robots":{"index":"index","follow":"follow","max-snippet":"max-snippet:-1","max-image-preview":"max-image-preview:large","max-video-preview":"max-video-preview:-1"},"canonical":"https:\/\/www.athome.lu\/blog\/de\/mein-haus\/deko-mobel\/gerne-leben-24-quadratmeter\/","og_locale":"de_DE","og_type":"article","og_title":"\u25b7 Comment Am\u00e9nager un Appartement de 24m2 ? ? | atHome.lu","og_description":"D\u00e9couvrez l'am\u00e9nagement et le design int\u00e9rieur ce loft \u00e0 la d\u00e9coration \u00e9l\u00e9gante, qui occupe une surface de seulement... 24 m\u00e8tres carr\u00e9s !","og_url":"https:\/\/www.athome.lu\/blog\/de\/mein-haus\/deko-mobel\/gerne-leben-24-quadratmeter\/","og_site_name":"atHome Blog","article_publisher":"https:\/\/www.facebook.com\/atHome.lu\/","article_published_time":"2016-05-26T12:07:57+00:00","article_modified_time":"2022-05-11T07:46:55+00:00","og_image":[{"width":1024,"height":542,"url":"https:\/\/www.athome.lu\/blog\/wp-content\/uploads\/2016\/05\/cabaneblog-1024x542.png","type":"image\/png"}],"author":"Fanny Pimentel","twitter_card":"summary_large_image","twitter_title":"\u25b7 Comment Am\u00e9nager un Appartement de 24m2 ? ? | atHome.lu","twitter_description":"D\u00e9couvrez l'am\u00e9nagement et le design int\u00e9rieur ce loft \u00e0 la d\u00e9coration \u00e9l\u00e9gante, qui occupe une surface de seulement... 24 m\u00e8tres carr\u00e9s !","twitter_creator":"@athomelu","twitter_site":"@athomelu","twitter_misc":{"Verfasst von":"Fanny Pimentel","Gesch\u00e4tzte Lesezeit":"4\u00a0Minuten"},"schema":{"@context":"https:\/\/schema.org","@graph":[{"@type":"Article","@id":"https:\/\/www.athome.lu\/blog\/de\/mein-haus\/deko-mobel\/gerne-leben-24-quadratmeter\/#article","isPartOf":{"@id":"https:\/\/www.athome.lu\/blog\/de\/mein-haus\/deko-mobel\/gerne-leben-24-quadratmeter\/"},"author":{"name":"Fanny Pimentel","@id":"https:\/\/www.athome.lu\/blog\/#\/schema\/person\/47f7a38089f837e792876ceddc4cb2dc"},"headline":"Aimeriez-vous vivre dans 24 m\u00e8tres carr\u00e9s ?","datePublished":"2016-05-26T12:07:57+00:00","dateModified":"2022-05-11T07:46:55+00:00","mainEntityOfPage":{"@id":"https:\/\/www.athome.lu\/blog\/de\/mein-haus\/deko-mobel\/gerne-leben-24-quadratmeter\/"},"wordCount":327,"image":{"@id":"https:\/\/www.athome.lu\/blog\/de\/mein-haus\/deko-mobel\/gerne-leben-24-quadratmeter\/#primaryimage"},"thumbnailUrl":"https:\/\/www.athome.lu\/blog\/wp-content\/uploads\/2016\/05\/cabaneblog.png","keywords":["R\u00e9novation"],"articleSection":["Meubler et D\u00e9corer"],"inLanguage":"de"},{"@type":"WebPage","@id":"https:\/\/www.athome.lu\/blog\/de\/mein-haus\/deko-mobel\/gerne-leben-24-quadratmeter\/","url":"https:\/\/www.athome.lu\/blog\/de\/mein-haus\/deko-mobel\/gerne-leben-24-quadratmeter\/","name":"\u25b7 Wie richte ich eine 24m2 gro\u00dfe Wohnung ein? | atHome.lu","isPartOf":{"@id":"https:\/\/www.athome.lu\/blog\/#website"},"primaryImageOfPage":{"@id":"https:\/\/www.athome.lu\/blog\/de\/mein-haus\/deko-mobel\/gerne-leben-24-quadratmeter\/#primaryimage"},"image":{"@id":"https:\/\/www.athome.lu\/blog\/de\/mein-haus\/deko-mobel\/gerne-leben-24-quadratmeter\/#primaryimage"},"thumbnailUrl":"https:\/\/www.athome.lu\/blog\/wp-content\/uploads\/2016\/05\/cabaneblog.png","datePublished":"2016-05-26T12:07:57+00:00","dateModified":"2022-05-11T07:46:55+00:00","author":{"@id":"https:\/\/www.athome.lu\/blog\/#\/schema\/person\/47f7a38089f837e792876ceddc4cb2dc"},"description":"Entdecken Sie die Einrichtung und das Innendesign dieses elegant dekorierten Lofts, das auf einer Fl\u00e4che von nur... 24 Quadratmeter!","breadcrumb":{"@id":"https:\/\/www.athome.lu\/blog\/de\/mein-haus\/deko-mobel\/gerne-leben-24-quadratmeter\/#breadcrumb"},"inLanguage":"de","potentialAction":[{"@type":"ReadAction","target":["https:\/\/www.athome.lu\/blog\/de\/mein-haus\/deko-mobel\/gerne-leben-24-quadratmeter\/"]}]},{"@type":"ImageObject","inLanguage":"de","@id":"https:\/\/www.athome.lu\/blog\/de\/mein-haus\/deko-mobel\/gerne-leben-24-quadratmeter\/#primaryimage","url":"https:\/\/www.athome.lu\/blog\/wp-content\/uploads\/2016\/05\/cabaneblog.png","contentUrl":"https:\/\/www.athome.lu\/blog\/wp-content\/uploads\/2016\/05\/cabaneblog.png","width":1920,"height":1016,"caption":"cabane en brique comment am\u00e9nager un appartement de 24m2"},{"@type":"BreadcrumbList","@id":"https:\/\/www.athome.lu\/blog\/de\/mein-haus\/deko-mobel\/gerne-leben-24-quadratmeter\/#breadcrumb","itemListElement":[{"@type":"ListItem","position":1,"name":"Accueil","item":"https:\/\/www.athome.lu\/blog\/"},{"@type":"ListItem","position":2,"name":"Mon logement","item":"https:\/\/www.athome.lu\/blog\/de\/category\/mein-haus\/"},{"@type":"ListItem","position":3,"name":"Meubler et D\u00e9corer","item":"https:\/\/www.athome.lu\/blog\/de\/category\/mein-haus\/deko-mobel\/"},{"@type":"ListItem","position":4,"name":"Aimeriez-vous vivre dans 24 m\u00e8tres carr\u00e9s ?"}]},{"@type":"WebSite","@id":"https:\/\/www.athome.lu\/blog\/#website","url":"https:\/\/www.athome.lu\/blog\/","name":"atHome Blog","description":"Immobilienanzeigen in Luxemburg. Das Immobilienportal Nr. 1 in Luxemburg.","potentialAction":[{"@type":"SearchAction","target":{"@type":"EntryPoint","urlTemplate":"https:\/\/www.athome.lu\/blog\/?s={search_term_string}"},"query-input":{"@type":"PropertyValueSpecification","valueRequired":true,"valueName":"search_term_string"}}],"inLanguage":"de"},{"@type":"Person","@id":"https:\/\/www.athome.lu\/blog\/#\/schema\/person\/47f7a38089f837e792876ceddc4cb2dc","name":"Fanny Pimentel","image":{"@type":"ImageObject","inLanguage":"de","@id":"https:\/\/secure.gravatar.com\/avatar\/c60b27b93851dc9503f9cc9150e73dcb0a86ba6150657e5e4b11d988400bc633?s=96&d=mm&r=g","url":"https:\/\/secure.gravatar.com\/avatar\/c60b27b93851dc9503f9cc9150e73dcb0a86ba6150657e5e4b11d988400bc633?s=96&d=mm&r=g","contentUrl":"https:\/\/secure.gravatar.com\/avatar\/c60b27b93851dc9503f9cc9150e73dcb0a86ba6150657e5e4b11d988400bc633?s=96&d=mm&r=g","caption":"Fanny Pimentel"}}]}},"featured_media_src_url":"https:\/\/www.athome.lu\/blog\/wp-content\/uploads\/2016\/05\/cabaneblog-1024x542.png","_links":{"self":[{"href":"https:\/\/www.athome.lu\/blog\/de\/wp-json\/wp\/v2\/posts\/7905","targetHints":{"allow":["GET"]}}],"collection":[{"href":"https:\/\/www.athome.lu\/blog\/de\/wp-json\/wp\/v2\/posts"}],"about":[{"href":"https:\/\/www.athome.lu\/blog\/de\/wp-json\/wp\/v2\/types\/post"}],"author":[{"embeddable":true,"href":"https:\/\/www.athome.lu\/blog\/de\/wp-json\/wp\/v2\/users\/17"}],"replies":[{"embeddable":true,"href":"https:\/\/www.athome.lu\/blog\/de\/wp-json\/wp\/v2\/comments?post=7905"}],"version-history":[{"count":2,"href":"https:\/\/www.athome.lu\/blog\/de\/wp-json\/wp\/v2\/posts\/7905\/revisions"}],"predecessor-version":[{"id":14843,"href":"https:\/\/www.athome.lu\/blog\/de\/wp-json\/wp\/v2\/posts\/7905\/revisions\/14843"}],"wp:featuredmedia":[{"embeddable":true,"href":"https:\/\/www.athome.lu\/blog\/de\/wp-json\/wp\/v2\/media\/7932"}],"wp:attachment":[{"href":"https:\/\/www.athome.lu\/blog\/de\/wp-json\/wp\/v2\/media?parent=7905"}],"wp:term":[{"taxonomy":"category","embeddable":true,"href":"https:\/\/www.athome.lu\/blog\/de\/wp-json\/wp\/v2\/categories?post=7905"},{"taxonomy":"post_tag","embeddable":true,"href":"https:\/\/www.athome.lu\/blog\/de\/wp-json\/wp\/v2\/tags?post=7905"}],"curies":[{"name":"wp","href":"https:\/\/api.w.org\/{rel}","templated":true}]}}