{"id":7974,"date":"2016-06-16T12:33:33","date_gmt":"2016-06-16T11:33:33","guid":{"rendered":"https:\/\/www.athome.lu\/blog\/?p=7974"},"modified":"2022-05-12T11:06:08","modified_gmt":"2022-05-12T09:06:08","slug":"die-vermieterstellung-die-auswahl-des-mieters","status":"publish","type":"post","link":"https:\/\/www.athome.lu\/blog\/de\/louer\/bailleurs\/la-mise-en-location-la-selection-du-locataire\/","title":{"rendered":"Die Vermietung: Die Auswahl des Mieters"},"content":{"rendered":"<p><span style=\"color: #000000;\">Dritter und letzter Teil unseres Dossiers \u00fcber das Vermieten von Immobilien.<br>In diesem letzten Teil gibt uns Rechtsanw\u00e4ltin Claudia Thirion ihre Empfehlungen zur Auswahl des Mieters und insbesondere zu den Regeln, die bei der Auswahl der Kandidaten zu beachten sind.<\/span><\/p>\n\n\n\n<h2 class=\"wp-block-heading\"><span style=\"color: #000000;\"><strong>Dokumente, die vom Mietinteressenten angefordert werden m\u00fcssen<\/strong><\/span><\/h2>\n\n\n\n<p><span style=\"color: #000000;\">Bei der Vermietung eines Hauses muss der Vermieter drei Nachweise verlangen:<\/span><\/p>\n\n\n\n<ul class=\"wp-block-list\"><li><span style=\"color: #000000;\">Kopie eines g\u00fcltigen Identit\u00e4tsnachweises&nbsp;<\/span><\/li><li><span style=\"color: #000000;\">Wohnsitzbescheinigung \u00fcber den letzten Wohnsitz&nbsp;<\/span><\/li><li style=\"text-align: left;\"><span style=\"color: #000000;\">Kopie des Arbeitsvertrags und der letzten Gehaltsabrechnungen<\/span><\/li><\/ul>\n\n\n\n<p><strong><span style=\"color: #000000;\">Noch einmal lesen :&nbsp;<a href=\"https:\/\/www.athome.lu\/blog\/blog\/la-mise-en-location-les-documents-a-presenter-par-le-proprietaire\/\" target=\"_blank\" rel=\"noopener\">Der Mietvertrag: Welche Dokumente m\u00fcssen vorgelegt werden?<\/a><\/span><\/strong><\/p>\n\n\n\n<h2 class=\"wp-block-heading\"><span style=\"color: #000000;\"><strong>Verbot von Diskriminierung&nbsp;<\/strong><\/span><\/h2>\n\n\n\n<p><span style=\"color: #000000;\">Das Gesetz \"Gleichbehandlung\"<span style=\"font-size: 10.5px; line-height: 0px;\">&nbsp;(1)<\/span>&nbsp; verbietet insbesondere jede direkte oder indirekte Diskriminierung und legt die in Luxemburg verbotenen Diskriminierungskriterien fest.<\/span><\/p>\n\n\n\n<p><span style=\"color: #000000;\">Es gibt <strong>unmittelbare Diskriminierung<\/strong> wenn eine Person aus Gr\u00fcnden ihrer Rasse oder ethnischen Herkunft, ihrer Religion oder Weltanschauung, einer Behinderung, ihres Alters oder ihrer sexuellen Ausrichtung in einer vergleichbaren Situation eine weniger g\u00fcnstige Behandlung erf\u00e4hrt als eine andere Person <span style=\"font-size: 10.5px; line-height: 0px;\">(2).<\/span><\/span><\/p>\n\n\n\n<p><span style=\"color: #000000;\"><u>Beispiel<\/u> : Weigerung eines Eigent\u00fcmers, seine Immobilie an eine Person ausl\u00e4ndischer Herkunft zu vermieten.<\/span><\/p>\n\n\n\n<p><span style=\"color: #000000;\">Es gibt <strong>mittelbare Diskriminierung<\/strong> wenn eine dem Anschein nach neutrale Bestimmung, ein Kriterium oder eine Praxis Personen aufgrund ihrer Rasse oder ethnischen Herkunft, ihrer Religion oder Weltanschauung, einer Behinderung, ihres Alters, ihres Geschlechts oder ihrer sexuellen Ausrichtung benachteiligen kann, es sei denn, die betreffende Praxis kann durch ein legitimes Ziel objektiv gerechtfertigt werden.<\/span><\/p>\n\n\n\n<p><span style=\"color: #000000;\"><u>Beispiel<\/u> : Verweigerung der Vermietung einer Immobilie mit der Begr\u00fcndung, dass Haustiere nicht erlaubt sind: Sehbehinderte Menschen k\u00f6nnen durch diese Weigerung diskriminiert werden.<\/span><\/p>\n\n\n\n<blockquote class=\"wp-block-quote is-layout-flow wp-block-quote-is-layout-flow\"><p style=\"text-align: justify;\">Diskriminierung wird derzeit strafrechtlich mit Geld- und\/oder Freiheitsstrafen geahndet.<\/p><\/blockquote>\n\n\n\n<p><strong><span style=\"color: #000000;\">6 Kriterien f\u00fcr die Auswahl des Mieters sind daher verboten:<\/span><\/strong><\/p>\n\n\n\n<ol class=\"wp-block-list\"><li><span style=\"color: #000000;\">Religion oder Weltanschauung<\/span><\/li><li><span style=\"color: #000000;\">Behinderung<\/span><\/li><li><span style=\"color: #000000;\">Alter<\/span><\/li><li><span style=\"color: #000000;\">die sexuelle Orientierung<\/span><\/li><li><span style=\"color: #000000;\">die ethnische Herkunft \/ Rasse einer Person<\/span><\/li><li><span style=\"color: #000000;\">das Geschlecht.<\/span><\/li><\/ol>\n\n\n\n<p><span style=\"color: #000000;\">Um die Bewerber objektiv ausw\u00e4hlen zu k\u00f6nnen, ist es wichtig, bestimmte Auswahlkriterien sowie eine genaue Beschreibung der Immobilie schriftlich zu kl\u00e4ren.<\/span><\/p>\n\n\n\n<p><span style=\"color: #000000;\">Sie m\u00fcssen daher angeben:<\/span><\/p>\n\n\n\n<ul class=\"wp-block-list\"><li><span style=\"color: #000000;\">Merkmale der Wohnung, d. h. Anzahl der Zimmer, Gr\u00f6\u00dfe, Ausstattung usw.&nbsp;<\/span><\/li><li><span style=\"color: #000000;\">den Zustand der Wohnung: wie leicht sie zug\u00e4nglich ist, welche Arbeiten durchgef\u00fchrt werden m\u00fcssen&nbsp;<\/span><\/li><li><span style=\"color: #000000;\">die Liste der Dokumente, die von den Bewerbern angefordert werden m\u00fcssen, und eventuell die finanziellen Ressourcen, die f\u00fcr die Vermietung der Immobilie erforderlich sind.<\/span><\/li><\/ul>\n\n\n\n<p><span style=\"color: #000000;\">Immobilienmakler k\u00f6nnten bestraft werden, wenn sie die diskriminierenden Kriterien einiger Vermieter befolgen. Ihnen wird daher geraten, die Vermieter dazu anzuhalten, sich bei der Auswahl ihrer Mieter nicht auf Vorurteile zu st\u00fctzen, und gleichzeitig auf den vorhergesagten rechtlichen Rahmen hinzuweisen.<\/span><\/p>\n\n\n\n<p><strong>Meisterin Claudia Thirion<\/strong><br><strong>Rechtsanwalt am Gericht<\/strong><br><strong>claudia.thirion@barreau.lu<\/strong><\/p>\n\n\n\n<p><span style=\"font-size: 10.5px; line-height: 0px;\">(1)<\/span> Das Gesetz \"Gleichbehandlung\" vom 28. November 2006 und das Gesetz \"Gleichbehandlung von Frauen und M\u00e4nnern beim Zugang zu und bei der Versorgung mit G\u00fctern und Dienstleistungen\" vom 21. Dezember 2007.<\/p>\n\n\n\n<p>(2) Caritas Luxemburg: \"Louer sans discriminer\" - Praktischer Leitfaden f\u00fcr Immobilienfachleute<\/p>\n\n\n<section id=\"section-3-14695\" class=\"ct-section\" ><div class=\"ct-section-inner-wrap\"><div id=\"div_block-4-14695\" class=\"ct-div-block\" ><div id=\"new_columns-7-14695\" class=\"ct-new-columns\" ><div id=\"div_block-8-14695\" class=\"ct-div-block\" ><div id=\"div_block-14-14695\" class=\"ct-div-block\" ><\/div><\/div><div id=\"div_block-9-14695\" class=\"ct-div-block\" ><h1 id=\"headline-11-14695\" class=\"ct-headline\">Wie hoch sind die Immobilienpreise derzeit?<\/h1><div id=\"text_block-12-14695\" class=\"ct-text-block\" >Die Preise verlangsamen sich. Die Zinss\u00e4tze steigen. Welche Trends sind in den kommenden Monaten zu erwarten?<\/div><a id=\"link_button-13-14695\" class=\"ct-link-button\" href=\"https:\/\/www.athome.lu\/blog\/blog\/marche-immobilier\/prix\/tendances-2022\/\" target=\"_blank\"  >Analyse lesen<\/a><\/div><\/div><\/div><\/div><\/section>","protected":false},"excerpt":{"rendered":"<p>Troisi\u00e8me et derni\u00e8re partie de notre dossier sur la mise en location d'un bien immobilier.Dans ce dernier volet, Ma\u00eetre Claudia Thirion nous apporte ses recommandations \u00e0 propos de la s\u00e9lection du locataire et en particulier les r\u00e8gles \u00e0 respecter pour choisir les candidats. Documents \u00e0 demander&nbsp;au candidat locataire Lors d'une mise en location, les justificatifs [&hellip;]<\/p>\n","protected":false},"author":17,"featured_media":7978,"comment_status":"closed","ping_status":"open","sticky":false,"template":"","format":"standard","meta":{"_acf_changed":false,"footnotes":""},"categories":[223],"tags":[49],"class_list":["post-7974","post","type-post","status-publish","format-standard","has-post-thumbnail","hentry","category-bailleurs","tag-location"],"acf":[],"yoast_head":"<!-- This site is optimized with the Yoast SEO plugin v27.4 - https:\/\/yoast.com\/product\/yoast-seo-wordpress\/ -->\n<title>La mise en location : la s\u00e9lection du locataire - atHome Blog<\/title>\n<meta name=\"robots\" content=\"index, follow, max-snippet:-1, max-image-preview:large, max-video-preview:-1\" \/>\n<link rel=\"canonical\" href=\"https:\/\/www.athome.lu\/blog\/de\/mieten\/vermieter\/die-vermieterstellung-die-auswahl-des-mieters\/\" \/>\n<meta property=\"og:locale\" content=\"de_DE\" \/>\n<meta property=\"og:type\" content=\"article\" \/>\n<meta property=\"og:title\" content=\"La mise en location : la s\u00e9lection du locataire - atHome Blog\" \/>\n<meta property=\"og:description\" content=\"Troisi\u00e8me et derni\u00e8re partie de notre dossier sur la mise en location d&#039;un bien immobilier.Dans ce dernier volet, Ma\u00eetre Claudia Thirion nous apporte ses recommandations \u00e0 propos de la s\u00e9lection du locataire et en particulier les r\u00e8gles \u00e0 respecter pour choisir les candidats. Documents \u00e0 demander&nbsp;au candidat locataire Lors d&#039;une mise en location, les justificatifs [&hellip;]\" \/>\n<meta property=\"og:url\" content=\"https:\/\/www.athome.lu\/blog\/de\/mieten\/vermieter\/die-vermieterstellung-die-auswahl-des-mieters\/\" \/>\n<meta property=\"og:site_name\" content=\"atHome Blog\" \/>\n<meta property=\"article:publisher\" content=\"https:\/\/www.facebook.com\/atHome.lu\/\" \/>\n<meta property=\"article:published_time\" content=\"2016-06-16T11:33:33+00:00\" \/>\n<meta property=\"article:modified_time\" content=\"2022-05-12T09:06:08+00:00\" \/>\n<meta property=\"og:image\" content=\"https:\/\/www.athome.lu\/blog\/wp-content\/uploads\/2016\/06\/agent-immobier-2016_600.jpg\" \/>\n\t<meta property=\"og:image:width\" content=\"1200\" \/>\n\t<meta property=\"og:image:height\" content=\"536\" \/>\n\t<meta property=\"og:image:type\" content=\"image\/jpeg\" \/>\n<meta name=\"author\" content=\"Fanny Pimentel\" \/>\n<meta name=\"twitter:card\" content=\"summary_large_image\" \/>\n<meta name=\"twitter:creator\" content=\"@athomelu\" \/>\n<meta name=\"twitter:site\" content=\"@athomelu\" \/>\n<meta name=\"twitter:label1\" content=\"Verfasst von\" \/>\n\t<meta name=\"twitter:data1\" content=\"Fanny Pimentel\" \/>\n\t<meta name=\"twitter:label2\" content=\"Gesch\u00e4tzte Lesezeit\" \/>\n\t<meta name=\"twitter:data2\" content=\"3\u00a0Minuten\" \/>\n<script type=\"application\/ld+json\" class=\"yoast-schema-graph\">{\"@context\":\"https:\\\/\\\/schema.org\",\"@graph\":[{\"@type\":\"Article\",\"@id\":\"https:\\\/\\\/www.athome.lu\\\/blog\\\/louer\\\/bailleurs\\\/la-mise-en-location-la-selection-du-locataire\\\/#article\",\"isPartOf\":{\"@id\":\"https:\\\/\\\/www.athome.lu\\\/blog\\\/louer\\\/bailleurs\\\/la-mise-en-location-la-selection-du-locataire\\\/\"},\"author\":{\"name\":\"Fanny Pimentel\",\"@id\":\"https:\\\/\\\/www.athome.lu\\\/blog\\\/#\\\/schema\\\/person\\\/47f7a38089f837e792876ceddc4cb2dc\"},\"headline\":\"La mise en location : la s\u00e9lection du locataire\",\"datePublished\":\"2016-06-16T11:33:33+00:00\",\"dateModified\":\"2022-05-12T09:06:08+00:00\",\"mainEntityOfPage\":{\"@id\":\"https:\\\/\\\/www.athome.lu\\\/blog\\\/louer\\\/bailleurs\\\/la-mise-en-location-la-selection-du-locataire\\\/\"},\"wordCount\":564,\"image\":{\"@id\":\"https:\\\/\\\/www.athome.lu\\\/blog\\\/louer\\\/bailleurs\\\/la-mise-en-location-la-selection-du-locataire\\\/#primaryimage\"},\"thumbnailUrl\":\"https:\\\/\\\/www.athome.lu\\\/blog\\\/wp-content\\\/uploads\\\/2016\\\/06\\\/agent-immobier-2016_600.jpg\",\"keywords\":[\"Location\"],\"articleSection\":[\"Bailleurs\"],\"inLanguage\":\"de\"},{\"@type\":\"WebPage\",\"@id\":\"https:\\\/\\\/www.athome.lu\\\/blog\\\/louer\\\/bailleurs\\\/la-mise-en-location-la-selection-du-locataire\\\/\",\"url\":\"https:\\\/\\\/www.athome.lu\\\/blog\\\/louer\\\/bailleurs\\\/la-mise-en-location-la-selection-du-locataire\\\/\",\"name\":\"La mise en location : la s\u00e9lection du locataire - atHome Blog\",\"isPartOf\":{\"@id\":\"https:\\\/\\\/www.athome.lu\\\/blog\\\/#website\"},\"primaryImageOfPage\":{\"@id\":\"https:\\\/\\\/www.athome.lu\\\/blog\\\/louer\\\/bailleurs\\\/la-mise-en-location-la-selection-du-locataire\\\/#primaryimage\"},\"image\":{\"@id\":\"https:\\\/\\\/www.athome.lu\\\/blog\\\/louer\\\/bailleurs\\\/la-mise-en-location-la-selection-du-locataire\\\/#primaryimage\"},\"thumbnailUrl\":\"https:\\\/\\\/www.athome.lu\\\/blog\\\/wp-content\\\/uploads\\\/2016\\\/06\\\/agent-immobier-2016_600.jpg\",\"datePublished\":\"2016-06-16T11:33:33+00:00\",\"dateModified\":\"2022-05-12T09:06:08+00:00\",\"author\":{\"@id\":\"https:\\\/\\\/www.athome.lu\\\/blog\\\/#\\\/schema\\\/person\\\/47f7a38089f837e792876ceddc4cb2dc\"},\"breadcrumb\":{\"@id\":\"https:\\\/\\\/www.athome.lu\\\/blog\\\/louer\\\/bailleurs\\\/la-mise-en-location-la-selection-du-locataire\\\/#breadcrumb\"},\"inLanguage\":\"de\",\"potentialAction\":[{\"@type\":\"ReadAction\",\"target\":[\"https:\\\/\\\/www.athome.lu\\\/blog\\\/louer\\\/bailleurs\\\/la-mise-en-location-la-selection-du-locataire\\\/\"]}]},{\"@type\":\"ImageObject\",\"inLanguage\":\"de\",\"@id\":\"https:\\\/\\\/www.athome.lu\\\/blog\\\/louer\\\/bailleurs\\\/la-mise-en-location-la-selection-du-locataire\\\/#primaryimage\",\"url\":\"https:\\\/\\\/www.athome.lu\\\/blog\\\/wp-content\\\/uploads\\\/2016\\\/06\\\/agent-immobier-2016_600.jpg\",\"contentUrl\":\"https:\\\/\\\/www.athome.lu\\\/blog\\\/wp-content\\\/uploads\\\/2016\\\/06\\\/agent-immobier-2016_600.jpg\",\"width\":1200,\"height\":536,\"caption\":\"visite avec un agent immobilier\"},{\"@type\":\"BreadcrumbList\",\"@id\":\"https:\\\/\\\/www.athome.lu\\\/blog\\\/louer\\\/bailleurs\\\/la-mise-en-location-la-selection-du-locataire\\\/#breadcrumb\",\"itemListElement\":[{\"@type\":\"ListItem\",\"position\":1,\"name\":\"Accueil\",\"item\":\"https:\\\/\\\/www.athome.lu\\\/blog\\\/\"},{\"@type\":\"ListItem\",\"position\":2,\"name\":\"Louer\",\"item\":\"https:\\\/\\\/www.athome.lu\\\/blog\\\/category\\\/louer\\\/\"},{\"@type\":\"ListItem\",\"position\":3,\"name\":\"Bailleurs\",\"item\":\"https:\\\/\\\/www.athome.lu\\\/blog\\\/category\\\/louer\\\/bailleurs\\\/\"},{\"@type\":\"ListItem\",\"position\":4,\"name\":\"La mise en location : la s\u00e9lection du locataire\"}]},{\"@type\":\"WebSite\",\"@id\":\"https:\\\/\\\/www.athome.lu\\\/blog\\\/#website\",\"url\":\"https:\\\/\\\/www.athome.lu\\\/blog\\\/\",\"name\":\"atHome Blog\",\"description\":\"Annonces immobili\u00e8res au Luxembourg. Le portail immobilier n\u00b01 au Luxembourg.\",\"potentialAction\":[{\"@type\":\"SearchAction\",\"target\":{\"@type\":\"EntryPoint\",\"urlTemplate\":\"https:\\\/\\\/www.athome.lu\\\/blog\\\/?s={search_term_string}\"},\"query-input\":{\"@type\":\"PropertyValueSpecification\",\"valueRequired\":true,\"valueName\":\"search_term_string\"}}],\"inLanguage\":\"de\"},{\"@type\":\"Person\",\"@id\":\"https:\\\/\\\/www.athome.lu\\\/blog\\\/#\\\/schema\\\/person\\\/47f7a38089f837e792876ceddc4cb2dc\",\"name\":\"Fanny Pimentel\",\"image\":{\"@type\":\"ImageObject\",\"inLanguage\":\"de\",\"@id\":\"https:\\\/\\\/secure.gravatar.com\\\/avatar\\\/c60b27b93851dc9503f9cc9150e73dcb0a86ba6150657e5e4b11d988400bc633?s=96&d=mm&r=g\",\"url\":\"https:\\\/\\\/secure.gravatar.com\\\/avatar\\\/c60b27b93851dc9503f9cc9150e73dcb0a86ba6150657e5e4b11d988400bc633?s=96&d=mm&r=g\",\"contentUrl\":\"https:\\\/\\\/secure.gravatar.com\\\/avatar\\\/c60b27b93851dc9503f9cc9150e73dcb0a86ba6150657e5e4b11d988400bc633?s=96&d=mm&r=g\",\"caption\":\"Fanny Pimentel\"}}]}<\/script>\n<!-- \/ Yoast SEO plugin. -->","yoast_head_json":{"title":"Die Vermietung: Die Auswahl des Mieters - atHome Blog","robots":{"index":"index","follow":"follow","max-snippet":"max-snippet:-1","max-image-preview":"max-image-preview:large","max-video-preview":"max-video-preview:-1"},"canonical":"https:\/\/www.athome.lu\/blog\/de\/mieten\/vermieter\/die-vermieterstellung-die-auswahl-des-mieters\/","og_locale":"de_DE","og_type":"article","og_title":"La mise en location : la s\u00e9lection du locataire - atHome Blog","og_description":"Troisi\u00e8me et derni\u00e8re partie de notre dossier sur la mise en location d'un bien immobilier.Dans ce dernier volet, Ma\u00eetre Claudia Thirion nous apporte ses recommandations \u00e0 propos de la s\u00e9lection du locataire et en particulier les r\u00e8gles \u00e0 respecter pour choisir les candidats. Documents \u00e0 demander&nbsp;au candidat locataire Lors d'une mise en location, les justificatifs [&hellip;]","og_url":"https:\/\/www.athome.lu\/blog\/de\/mieten\/vermieter\/die-vermieterstellung-die-auswahl-des-mieters\/","og_site_name":"atHome Blog","article_publisher":"https:\/\/www.facebook.com\/atHome.lu\/","article_published_time":"2016-06-16T11:33:33+00:00","article_modified_time":"2022-05-12T09:06:08+00:00","og_image":[{"width":1200,"height":536,"url":"https:\/\/www.athome.lu\/blog\/wp-content\/uploads\/2016\/06\/agent-immobier-2016_600.jpg","type":"image\/jpeg"}],"author":"Fanny Pimentel","twitter_card":"summary_large_image","twitter_creator":"@athomelu","twitter_site":"@athomelu","twitter_misc":{"Verfasst von":"Fanny Pimentel","Gesch\u00e4tzte Lesezeit":"3\u00a0Minuten"},"schema":{"@context":"https:\/\/schema.org","@graph":[{"@type":"Article","@id":"https:\/\/www.athome.lu\/blog\/louer\/bailleurs\/la-mise-en-location-la-selection-du-locataire\/#article","isPartOf":{"@id":"https:\/\/www.athome.lu\/blog\/louer\/bailleurs\/la-mise-en-location-la-selection-du-locataire\/"},"author":{"name":"Fanny Pimentel","@id":"https:\/\/www.athome.lu\/blog\/#\/schema\/person\/47f7a38089f837e792876ceddc4cb2dc"},"headline":"La mise en location : la s\u00e9lection du locataire","datePublished":"2016-06-16T11:33:33+00:00","dateModified":"2022-05-12T09:06:08+00:00","mainEntityOfPage":{"@id":"https:\/\/www.athome.lu\/blog\/louer\/bailleurs\/la-mise-en-location-la-selection-du-locataire\/"},"wordCount":564,"image":{"@id":"https:\/\/www.athome.lu\/blog\/louer\/bailleurs\/la-mise-en-location-la-selection-du-locataire\/#primaryimage"},"thumbnailUrl":"https:\/\/www.athome.lu\/blog\/wp-content\/uploads\/2016\/06\/agent-immobier-2016_600.jpg","keywords":["Location"],"articleSection":["Bailleurs"],"inLanguage":"de"},{"@type":"WebPage","@id":"https:\/\/www.athome.lu\/blog\/louer\/bailleurs\/la-mise-en-location-la-selection-du-locataire\/","url":"https:\/\/www.athome.lu\/blog\/louer\/bailleurs\/la-mise-en-location-la-selection-du-locataire\/","name":"Die Vermietung: Die Auswahl des Mieters - atHome Blog","isPartOf":{"@id":"https:\/\/www.athome.lu\/blog\/#website"},"primaryImageOfPage":{"@id":"https:\/\/www.athome.lu\/blog\/louer\/bailleurs\/la-mise-en-location-la-selection-du-locataire\/#primaryimage"},"image":{"@id":"https:\/\/www.athome.lu\/blog\/louer\/bailleurs\/la-mise-en-location-la-selection-du-locataire\/#primaryimage"},"thumbnailUrl":"https:\/\/www.athome.lu\/blog\/wp-content\/uploads\/2016\/06\/agent-immobier-2016_600.jpg","datePublished":"2016-06-16T11:33:33+00:00","dateModified":"2022-05-12T09:06:08+00:00","author":{"@id":"https:\/\/www.athome.lu\/blog\/#\/schema\/person\/47f7a38089f837e792876ceddc4cb2dc"},"breadcrumb":{"@id":"https:\/\/www.athome.lu\/blog\/louer\/bailleurs\/la-mise-en-location-la-selection-du-locataire\/#breadcrumb"},"inLanguage":"de","potentialAction":[{"@type":"ReadAction","target":["https:\/\/www.athome.lu\/blog\/louer\/bailleurs\/la-mise-en-location-la-selection-du-locataire\/"]}]},{"@type":"ImageObject","inLanguage":"de","@id":"https:\/\/www.athome.lu\/blog\/louer\/bailleurs\/la-mise-en-location-la-selection-du-locataire\/#primaryimage","url":"https:\/\/www.athome.lu\/blog\/wp-content\/uploads\/2016\/06\/agent-immobier-2016_600.jpg","contentUrl":"https:\/\/www.athome.lu\/blog\/wp-content\/uploads\/2016\/06\/agent-immobier-2016_600.jpg","width":1200,"height":536,"caption":"visite avec un agent immobilier"},{"@type":"BreadcrumbList","@id":"https:\/\/www.athome.lu\/blog\/louer\/bailleurs\/la-mise-en-location-la-selection-du-locataire\/#breadcrumb","itemListElement":[{"@type":"ListItem","position":1,"name":"Accueil","item":"https:\/\/www.athome.lu\/blog\/"},{"@type":"ListItem","position":2,"name":"Louer","item":"https:\/\/www.athome.lu\/blog\/category\/louer\/"},{"@type":"ListItem","position":3,"name":"Bailleurs","item":"https:\/\/www.athome.lu\/blog\/category\/louer\/bailleurs\/"},{"@type":"ListItem","position":4,"name":"La mise en location : la s\u00e9lection du locataire"}]},{"@type":"WebSite","@id":"https:\/\/www.athome.lu\/blog\/#website","url":"https:\/\/www.athome.lu\/blog\/","name":"atHome Blog","description":"Immobilienanzeigen in Luxemburg. Das Immobilienportal Nr. 1 in Luxemburg.","potentialAction":[{"@type":"SearchAction","target":{"@type":"EntryPoint","urlTemplate":"https:\/\/www.athome.lu\/blog\/?s={search_term_string}"},"query-input":{"@type":"PropertyValueSpecification","valueRequired":true,"valueName":"search_term_string"}}],"inLanguage":"de"},{"@type":"Person","@id":"https:\/\/www.athome.lu\/blog\/#\/schema\/person\/47f7a38089f837e792876ceddc4cb2dc","name":"Fanny Pimentel","image":{"@type":"ImageObject","inLanguage":"de","@id":"https:\/\/secure.gravatar.com\/avatar\/c60b27b93851dc9503f9cc9150e73dcb0a86ba6150657e5e4b11d988400bc633?s=96&d=mm&r=g","url":"https:\/\/secure.gravatar.com\/avatar\/c60b27b93851dc9503f9cc9150e73dcb0a86ba6150657e5e4b11d988400bc633?s=96&d=mm&r=g","contentUrl":"https:\/\/secure.gravatar.com\/avatar\/c60b27b93851dc9503f9cc9150e73dcb0a86ba6150657e5e4b11d988400bc633?s=96&d=mm&r=g","caption":"Fanny Pimentel"}}]}},"featured_media_src_url":"https:\/\/www.athome.lu\/blog\/wp-content\/uploads\/2016\/06\/agent-immobier-2016_600-1024x457.jpg","_links":{"self":[{"href":"https:\/\/www.athome.lu\/blog\/de\/wp-json\/wp\/v2\/posts\/7974","targetHints":{"allow":["GET"]}}],"collection":[{"href":"https:\/\/www.athome.lu\/blog\/de\/wp-json\/wp\/v2\/posts"}],"about":[{"href":"https:\/\/www.athome.lu\/blog\/de\/wp-json\/wp\/v2\/types\/post"}],"author":[{"embeddable":true,"href":"https:\/\/www.athome.lu\/blog\/de\/wp-json\/wp\/v2\/users\/17"}],"replies":[{"embeddable":true,"href":"https:\/\/www.athome.lu\/blog\/de\/wp-json\/wp\/v2\/comments?post=7974"}],"version-history":[{"count":2,"href":"https:\/\/www.athome.lu\/blog\/de\/wp-json\/wp\/v2\/posts\/7974\/revisions"}],"predecessor-version":[{"id":15375,"href":"https:\/\/www.athome.lu\/blog\/de\/wp-json\/wp\/v2\/posts\/7974\/revisions\/15375"}],"wp:featuredmedia":[{"embeddable":true,"href":"https:\/\/www.athome.lu\/blog\/de\/wp-json\/wp\/v2\/media\/7978"}],"wp:attachment":[{"href":"https:\/\/www.athome.lu\/blog\/de\/wp-json\/wp\/v2\/media?parent=7974"}],"wp:term":[{"taxonomy":"category","embeddable":true,"href":"https:\/\/www.athome.lu\/blog\/de\/wp-json\/wp\/v2\/categories?post=7974"},{"taxonomy":"post_tag","embeddable":true,"href":"https:\/\/www.athome.lu\/blog\/de\/wp-json\/wp\/v2\/tags?post=7974"}],"curies":[{"name":"wp","href":"https:\/\/api.w.org\/{rel}","templated":true}]}}