{"id":8175,"date":"2016-09-19T11:07:14","date_gmt":"2016-09-19T10:07:14","guid":{"rendered":"https:\/\/www.athome.lu\/blog\/?p=8175"},"modified":"2022-05-12T11:11:58","modified_gmt":"2022-05-12T09:11:58","slug":"beste-momente-umziehen","status":"publish","type":"post","link":"https:\/\/www.athome.lu\/blog\/de\/mon-logement\/demenagement\/meilleurs-moments-demenager\/","title":{"rendered":"Was sind die besten Zeiten f\u00fcr einen Umzug?"},"content":{"rendered":"<p style=\"text-align: justify;\"><span style=\"color: #000000;\">Der Jahreskalender von Umzugsunternehmen \u00e4hnelt ein wenig dem eines Hotels: Es gibt Hoch-, Mittel- und Tiefzeiten. Von einer zur anderen k\u00f6nnen die Kosten f\u00fcr einen Umzug um das Doppelte schwanken.<\/span><\/p>\n<h2 style=\"text-align: justify;\"><span style=\"color: #000000;\"><strong>Vermeiden Sie den Sommer und das Jahresende<\/strong><\/span><\/h2>\n<p style=\"text-align: justify;\"><span style=\"color: #000000;\">Aufgrund von Urlaub, Kinderferien und Wetterbedingungen ziehen die Menschen im Sommer viel um, sodass die Umzugsunternehmen in der Regel \u00fcberbucht sind. In dieser Jahreszeit ist es besonders schwierig, ein Umzugsunternehmen zu finden, und die Preise erreichen Rekordh\u00f6hen - das ist das Gesetz von Angebot und Nachfrage. Dieser Zeitraum erstreckt sich von Mitte Juni bis Mitte September, ist aber nat\u00fcrlich nicht der einzige, den man meiden sollte. Das Jahresende und die Schulferien im Allgemeinen sorgen f\u00fcr Staus auf den Routen der Umzugsunternehmen, sodass man sich oft drei oder vier Monate im Voraus darum k\u00fcmmern muss!<\/span><\/p>\n<h2 style=\"text-align: justify;\"><span style=\"color: #000000;\"><strong>Wann umziehen? <\/strong><\/span><\/h2>\n<p style=\"text-align: justify;\"><span style=\"color: #000000;\">Wenn Sie das k\u00f6nnen, nat\u00fcrlich, <a href=\"https:\/\/www.athome.lu\/blog\/blog\/preparer-son-demenagement\/\">planen Sie Ihren Umzug<\/a> ganz am Anfang des Jahres (bis M\u00e4rz) oder zwischen Mitte September und Mitte Dezember. Das gibt Ihnen immerhin etwas Spielraum! Noch besser ist es, wenn Sie Ihren Arbeitgeber um einen oder zwei Urlaubstage bitten m\u00fcssen, die Monatsmitte oder den Wochenanfang zu bevorzugen (viele Menschen ziehen an einem Samstag um). Sie werden feststellen, dass es viele Vorteile hat, diese Zeiten zu w\u00e4hlen: nat\u00fcrlich die Kosten des Umzugs, aber auch die Verf\u00fcgbarkeit und Aufmerksamkeit des Teams, das Ihre M\u00f6bel verladen wird. Omas chinesische Vase k\u00f6nnte sich bei Ihnen bedanken!<\/span><\/p>\n\n<section id=\"section-3-14695\" class=\"ct-section\" ><div class=\"ct-section-inner-wrap\"><div id=\"div_block-4-14695\" class=\"ct-div-block\" ><div id=\"new_columns-7-14695\" class=\"ct-new-columns\" ><div id=\"div_block-8-14695\" class=\"ct-div-block\" ><div id=\"div_block-14-14695\" class=\"ct-div-block\" ><\/div><\/div><div id=\"div_block-9-14695\" class=\"ct-div-block\" ><h1 id=\"headline-11-14695\" class=\"ct-headline\">Wie hoch sind die Immobilienpreise derzeit?<\/h1><div id=\"text_block-12-14695\" class=\"ct-text-block\" >Die Preise verlangsamen sich. Die Zinss\u00e4tze steigen. Welche Trends sind in den kommenden Monaten zu erwarten?<\/div><a id=\"link_button-13-14695\" class=\"ct-link-button\" href=\"https:\/\/www.athome.lu\/blog\/blog\/marche-immobilier\/prix\/tendances-2022\/\" target=\"_blank\"  >Analyse lesen<\/a><\/div><\/div><\/div><\/div><\/section>","protected":false},"excerpt":{"rendered":"<p>Le calendrier annuel des soci\u00e9t\u00e9s de d\u00e9m\u00e9nagement ressemble un peu \u00e0 celui d'un h\u00f4tel : il y a les p\u00e9riodes hautes, les p\u00e9riodes moyennes et les p\u00e9riodes basses. De l\u2019une \u00e0 l\u2019autre, le co\u00fbt d\u2019un d\u00e9m\u00e9nagement peut varier du simple au double. \u00c9viter l\u2019\u00e9t\u00e9 et la fin de l\u2019ann\u00e9e Cong\u00e9s, vacances des enfants et conditions [&hellip;]<\/p>\n","protected":false},"author":17,"featured_media":9192,"comment_status":"closed","ping_status":"open","sticky":false,"template":"","format":"standard","meta":{"_acf_changed":false,"footnotes":""},"categories":[203],"tags":[39],"class_list":["post-8175","post","type-post","status-publish","format-standard","has-post-thumbnail","hentry","category-demenagement","tag-demenager"],"acf":[],"yoast_head":"<!-- This site is optimized with the Yoast SEO plugin v27.4 - https:\/\/yoast.com\/product\/yoast-seo-wordpress\/ -->\n<title>\u25b7 Quand D\u00e9m\u00e9nager ? D\u00e9finir le Meilleur Moment pour D\u00e9m\u00e9nager | atHome<\/title>\n<meta name=\"description\" content=\"Selon la saison, le co\u00fbt d\u2019un d\u00e9m\u00e9nagement peut varier du simple au double. Quel esr alors le Meilleur Moment pour D\u00e9m\u00e9nager ?\" \/>\n<meta name=\"robots\" content=\"index, follow, max-snippet:-1, max-image-preview:large, max-video-preview:-1\" \/>\n<link rel=\"canonical\" href=\"https:\/\/www.athome.lu\/blog\/de\/mein-haus\/umzug\/beste-momente-umziehen\/\" \/>\n<meta property=\"og:locale\" content=\"de_DE\" \/>\n<meta property=\"og:type\" content=\"article\" \/>\n<meta property=\"og:title\" content=\"\u25b7 Quand D\u00e9m\u00e9nager ? D\u00e9finir le Meilleur Moment pour D\u00e9m\u00e9nager | atHome\" \/>\n<meta property=\"og:description\" content=\"Selon la saison, le co\u00fbt d\u2019un d\u00e9m\u00e9nagement peut varier du simple au double. Quel esr alors le Meilleur Moment pour D\u00e9m\u00e9nager ?\" \/>\n<meta property=\"og:url\" content=\"https:\/\/www.athome.lu\/blog\/de\/mein-haus\/umzug\/beste-momente-umziehen\/\" \/>\n<meta property=\"og:site_name\" content=\"atHome Blog\" \/>\n<meta property=\"article:publisher\" content=\"https:\/\/www.facebook.com\/atHome.lu\/\" \/>\n<meta property=\"article:published_time\" content=\"2016-09-19T10:07:14+00:00\" \/>\n<meta property=\"article:modified_time\" content=\"2022-05-12T09:11:58+00:00\" \/>\n<meta property=\"og:image\" content=\"https:\/\/www.athome.lu\/blog\/wp-content\/uploads\/2016\/09\/71416864_20.jpg\" \/>\n\t<meta property=\"og:image:width\" content=\"1210\" \/>\n\t<meta property=\"og:image:height\" content=\"681\" \/>\n\t<meta property=\"og:image:type\" content=\"image\/jpeg\" \/>\n<meta name=\"author\" content=\"Fanny Pimentel\" \/>\n<meta name=\"twitter:card\" content=\"summary_large_image\" \/>\n<meta name=\"twitter:creator\" content=\"@athomelu\" \/>\n<meta name=\"twitter:site\" content=\"@athomelu\" \/>\n<meta name=\"twitter:label1\" content=\"Verfasst von\" \/>\n\t<meta name=\"twitter:data1\" content=\"Fanny Pimentel\" \/>\n\t<meta name=\"twitter:label2\" content=\"Gesch\u00e4tzte Lesezeit\" \/>\n\t<meta name=\"twitter:data2\" content=\"2\u00a0Minuten\" \/>\n<script type=\"application\/ld+json\" class=\"yoast-schema-graph\">{\"@context\":\"https:\\\/\\\/schema.org\",\"@graph\":[{\"@type\":\"Article\",\"@id\":\"https:\\\/\\\/www.athome.lu\\\/blog\\\/mon-logement\\\/demenagement\\\/meilleurs-moments-demenager\\\/#article\",\"isPartOf\":{\"@id\":\"https:\\\/\\\/www.athome.lu\\\/blog\\\/mon-logement\\\/demenagement\\\/meilleurs-moments-demenager\\\/\"},\"author\":{\"name\":\"Fanny Pimentel\",\"@id\":\"https:\\\/\\\/www.athome.lu\\\/blog\\\/#\\\/schema\\\/person\\\/47f7a38089f837e792876ceddc4cb2dc\"},\"headline\":\"Quels sont les meilleurs moments pour d\u00e9m\u00e9nager ?\",\"datePublished\":\"2016-09-19T10:07:14+00:00\",\"dateModified\":\"2022-05-12T09:11:58+00:00\",\"mainEntityOfPage\":{\"@id\":\"https:\\\/\\\/www.athome.lu\\\/blog\\\/mon-logement\\\/demenagement\\\/meilleurs-moments-demenager\\\/\"},\"wordCount\":339,\"image\":{\"@id\":\"https:\\\/\\\/www.athome.lu\\\/blog\\\/mon-logement\\\/demenagement\\\/meilleurs-moments-demenager\\\/#primaryimage\"},\"thumbnailUrl\":\"https:\\\/\\\/www.athome.lu\\\/blog\\\/wp-content\\\/uploads\\\/2016\\\/09\\\/71416864_20.jpg\",\"keywords\":[\"D\u00e9m\u00e9nager\"],\"articleSection\":[\"D\u00e9m\u00e9nagement\"],\"inLanguage\":\"de\"},{\"@type\":\"WebPage\",\"@id\":\"https:\\\/\\\/www.athome.lu\\\/blog\\\/mon-logement\\\/demenagement\\\/meilleurs-moments-demenager\\\/\",\"url\":\"https:\\\/\\\/www.athome.lu\\\/blog\\\/mon-logement\\\/demenagement\\\/meilleurs-moments-demenager\\\/\",\"name\":\"\u25b7 Quand D\u00e9m\u00e9nager ? D\u00e9finir le Meilleur Moment pour D\u00e9m\u00e9nager | atHome\",\"isPartOf\":{\"@id\":\"https:\\\/\\\/www.athome.lu\\\/blog\\\/#website\"},\"primaryImageOfPage\":{\"@id\":\"https:\\\/\\\/www.athome.lu\\\/blog\\\/mon-logement\\\/demenagement\\\/meilleurs-moments-demenager\\\/#primaryimage\"},\"image\":{\"@id\":\"https:\\\/\\\/www.athome.lu\\\/blog\\\/mon-logement\\\/demenagement\\\/meilleurs-moments-demenager\\\/#primaryimage\"},\"thumbnailUrl\":\"https:\\\/\\\/www.athome.lu\\\/blog\\\/wp-content\\\/uploads\\\/2016\\\/09\\\/71416864_20.jpg\",\"datePublished\":\"2016-09-19T10:07:14+00:00\",\"dateModified\":\"2022-05-12T09:11:58+00:00\",\"author\":{\"@id\":\"https:\\\/\\\/www.athome.lu\\\/blog\\\/#\\\/schema\\\/person\\\/47f7a38089f837e792876ceddc4cb2dc\"},\"description\":\"Selon la saison, le co\u00fbt d\u2019un d\u00e9m\u00e9nagement peut varier du simple au double. Quel esr alors le Meilleur Moment pour D\u00e9m\u00e9nager ?\",\"breadcrumb\":{\"@id\":\"https:\\\/\\\/www.athome.lu\\\/blog\\\/mon-logement\\\/demenagement\\\/meilleurs-moments-demenager\\\/#breadcrumb\"},\"inLanguage\":\"de\",\"potentialAction\":[{\"@type\":\"ReadAction\",\"target\":[\"https:\\\/\\\/www.athome.lu\\\/blog\\\/mon-logement\\\/demenagement\\\/meilleurs-moments-demenager\\\/\"]}]},{\"@type\":\"ImageObject\",\"inLanguage\":\"de\",\"@id\":\"https:\\\/\\\/www.athome.lu\\\/blog\\\/mon-logement\\\/demenagement\\\/meilleurs-moments-demenager\\\/#primaryimage\",\"url\":\"https:\\\/\\\/www.athome.lu\\\/blog\\\/wp-content\\\/uploads\\\/2016\\\/09\\\/71416864_20.jpg\",\"contentUrl\":\"https:\\\/\\\/www.athome.lu\\\/blog\\\/wp-content\\\/uploads\\\/2016\\\/09\\\/71416864_20.jpg\",\"width\":1210,\"height\":681,\"caption\":\"Couple qui d\u00e9m\u00e9nage\"},{\"@type\":\"BreadcrumbList\",\"@id\":\"https:\\\/\\\/www.athome.lu\\\/blog\\\/mon-logement\\\/demenagement\\\/meilleurs-moments-demenager\\\/#breadcrumb\",\"itemListElement\":[{\"@type\":\"ListItem\",\"position\":1,\"name\":\"Accueil\",\"item\":\"https:\\\/\\\/www.athome.lu\\\/blog\\\/\"},{\"@type\":\"ListItem\",\"position\":2,\"name\":\"Mon logement\",\"item\":\"https:\\\/\\\/www.athome.lu\\\/blog\\\/de\\\/category\\\/mein-haus\\\/\"},{\"@type\":\"ListItem\",\"position\":3,\"name\":\"D\u00e9m\u00e9nagement\",\"item\":\"https:\\\/\\\/www.athome.lu\\\/blog\\\/category\\\/mon-logement\\\/demenagement\\\/\"},{\"@type\":\"ListItem\",\"position\":4,\"name\":\"Quels sont les meilleurs moments pour d\u00e9m\u00e9nager ?\"}]},{\"@type\":\"WebSite\",\"@id\":\"https:\\\/\\\/www.athome.lu\\\/blog\\\/#website\",\"url\":\"https:\\\/\\\/www.athome.lu\\\/blog\\\/\",\"name\":\"atHome Blog\",\"description\":\"Annonces immobili\u00e8res au Luxembourg. Le portail immobilier n\u00b01 au Luxembourg.\",\"potentialAction\":[{\"@type\":\"SearchAction\",\"target\":{\"@type\":\"EntryPoint\",\"urlTemplate\":\"https:\\\/\\\/www.athome.lu\\\/blog\\\/?s={search_term_string}\"},\"query-input\":{\"@type\":\"PropertyValueSpecification\",\"valueRequired\":true,\"valueName\":\"search_term_string\"}}],\"inLanguage\":\"de\"},{\"@type\":\"Person\",\"@id\":\"https:\\\/\\\/www.athome.lu\\\/blog\\\/#\\\/schema\\\/person\\\/47f7a38089f837e792876ceddc4cb2dc\",\"name\":\"Fanny Pimentel\",\"image\":{\"@type\":\"ImageObject\",\"inLanguage\":\"de\",\"@id\":\"https:\\\/\\\/secure.gravatar.com\\\/avatar\\\/c60b27b93851dc9503f9cc9150e73dcb0a86ba6150657e5e4b11d988400bc633?s=96&d=mm&r=g\",\"url\":\"https:\\\/\\\/secure.gravatar.com\\\/avatar\\\/c60b27b93851dc9503f9cc9150e73dcb0a86ba6150657e5e4b11d988400bc633?s=96&d=mm&r=g\",\"contentUrl\":\"https:\\\/\\\/secure.gravatar.com\\\/avatar\\\/c60b27b93851dc9503f9cc9150e73dcb0a86ba6150657e5e4b11d988400bc633?s=96&d=mm&r=g\",\"caption\":\"Fanny Pimentel\"}}]}<\/script>\n<!-- \/ Yoast SEO plugin. -->","yoast_head_json":{"title":"\u25b7 Wann umziehen? Den besten Zeitpunkt f\u00fcr einen Umzug festlegen | atHome","description":"Je nach Jahreszeit k\u00f6nnen die Kosten f\u00fcr einen Umzug um das Doppelte steigen. Wann ist der beste Zeitpunkt f\u00fcr einen Umzug?","robots":{"index":"index","follow":"follow","max-snippet":"max-snippet:-1","max-image-preview":"max-image-preview:large","max-video-preview":"max-video-preview:-1"},"canonical":"https:\/\/www.athome.lu\/blog\/de\/mein-haus\/umzug\/beste-momente-umziehen\/","og_locale":"de_DE","og_type":"article","og_title":"\u25b7 Quand D\u00e9m\u00e9nager ? D\u00e9finir le Meilleur Moment pour D\u00e9m\u00e9nager | atHome","og_description":"Selon la saison, le co\u00fbt d\u2019un d\u00e9m\u00e9nagement peut varier du simple au double. Quel esr alors le Meilleur Moment pour D\u00e9m\u00e9nager ?","og_url":"https:\/\/www.athome.lu\/blog\/de\/mein-haus\/umzug\/beste-momente-umziehen\/","og_site_name":"atHome Blog","article_publisher":"https:\/\/www.facebook.com\/atHome.lu\/","article_published_time":"2016-09-19T10:07:14+00:00","article_modified_time":"2022-05-12T09:11:58+00:00","og_image":[{"width":1210,"height":681,"url":"https:\/\/www.athome.lu\/blog\/wp-content\/uploads\/2016\/09\/71416864_20.jpg","type":"image\/jpeg"}],"author":"Fanny Pimentel","twitter_card":"summary_large_image","twitter_creator":"@athomelu","twitter_site":"@athomelu","twitter_misc":{"Verfasst von":"Fanny Pimentel","Gesch\u00e4tzte Lesezeit":"2\u00a0Minuten"},"schema":{"@context":"https:\/\/schema.org","@graph":[{"@type":"Article","@id":"https:\/\/www.athome.lu\/blog\/mon-logement\/demenagement\/meilleurs-moments-demenager\/#article","isPartOf":{"@id":"https:\/\/www.athome.lu\/blog\/mon-logement\/demenagement\/meilleurs-moments-demenager\/"},"author":{"name":"Fanny Pimentel","@id":"https:\/\/www.athome.lu\/blog\/#\/schema\/person\/47f7a38089f837e792876ceddc4cb2dc"},"headline":"Quels sont les meilleurs moments pour d\u00e9m\u00e9nager ?","datePublished":"2016-09-19T10:07:14+00:00","dateModified":"2022-05-12T09:11:58+00:00","mainEntityOfPage":{"@id":"https:\/\/www.athome.lu\/blog\/mon-logement\/demenagement\/meilleurs-moments-demenager\/"},"wordCount":339,"image":{"@id":"https:\/\/www.athome.lu\/blog\/mon-logement\/demenagement\/meilleurs-moments-demenager\/#primaryimage"},"thumbnailUrl":"https:\/\/www.athome.lu\/blog\/wp-content\/uploads\/2016\/09\/71416864_20.jpg","keywords":["D\u00e9m\u00e9nager"],"articleSection":["D\u00e9m\u00e9nagement"],"inLanguage":"de"},{"@type":"WebPage","@id":"https:\/\/www.athome.lu\/blog\/mon-logement\/demenagement\/meilleurs-moments-demenager\/","url":"https:\/\/www.athome.lu\/blog\/mon-logement\/demenagement\/meilleurs-moments-demenager\/","name":"\u25b7 Wann umziehen? Den besten Zeitpunkt f\u00fcr einen Umzug festlegen | atHome","isPartOf":{"@id":"https:\/\/www.athome.lu\/blog\/#website"},"primaryImageOfPage":{"@id":"https:\/\/www.athome.lu\/blog\/mon-logement\/demenagement\/meilleurs-moments-demenager\/#primaryimage"},"image":{"@id":"https:\/\/www.athome.lu\/blog\/mon-logement\/demenagement\/meilleurs-moments-demenager\/#primaryimage"},"thumbnailUrl":"https:\/\/www.athome.lu\/blog\/wp-content\/uploads\/2016\/09\/71416864_20.jpg","datePublished":"2016-09-19T10:07:14+00:00","dateModified":"2022-05-12T09:11:58+00:00","author":{"@id":"https:\/\/www.athome.lu\/blog\/#\/schema\/person\/47f7a38089f837e792876ceddc4cb2dc"},"description":"Je nach Jahreszeit k\u00f6nnen die Kosten f\u00fcr einen Umzug um das Doppelte steigen. Wann ist der beste Zeitpunkt f\u00fcr einen Umzug?","breadcrumb":{"@id":"https:\/\/www.athome.lu\/blog\/mon-logement\/demenagement\/meilleurs-moments-demenager\/#breadcrumb"},"inLanguage":"de","potentialAction":[{"@type":"ReadAction","target":["https:\/\/www.athome.lu\/blog\/mon-logement\/demenagement\/meilleurs-moments-demenager\/"]}]},{"@type":"ImageObject","inLanguage":"de","@id":"https:\/\/www.athome.lu\/blog\/mon-logement\/demenagement\/meilleurs-moments-demenager\/#primaryimage","url":"https:\/\/www.athome.lu\/blog\/wp-content\/uploads\/2016\/09\/71416864_20.jpg","contentUrl":"https:\/\/www.athome.lu\/blog\/wp-content\/uploads\/2016\/09\/71416864_20.jpg","width":1210,"height":681,"caption":"Couple qui d\u00e9m\u00e9nage"},{"@type":"BreadcrumbList","@id":"https:\/\/www.athome.lu\/blog\/mon-logement\/demenagement\/meilleurs-moments-demenager\/#breadcrumb","itemListElement":[{"@type":"ListItem","position":1,"name":"Accueil","item":"https:\/\/www.athome.lu\/blog\/"},{"@type":"ListItem","position":2,"name":"Mon logement","item":"https:\/\/www.athome.lu\/blog\/de\/category\/mein-haus\/"},{"@type":"ListItem","position":3,"name":"D\u00e9m\u00e9nagement","item":"https:\/\/www.athome.lu\/blog\/category\/mon-logement\/demenagement\/"},{"@type":"ListItem","position":4,"name":"Quels sont les meilleurs moments pour d\u00e9m\u00e9nager ?"}]},{"@type":"WebSite","@id":"https:\/\/www.athome.lu\/blog\/#website","url":"https:\/\/www.athome.lu\/blog\/","name":"atHome Blog","description":"Immobilienanzeigen in Luxemburg. Das Immobilienportal Nr. 1 in Luxemburg.","potentialAction":[{"@type":"SearchAction","target":{"@type":"EntryPoint","urlTemplate":"https:\/\/www.athome.lu\/blog\/?s={search_term_string}"},"query-input":{"@type":"PropertyValueSpecification","valueRequired":true,"valueName":"search_term_string"}}],"inLanguage":"de"},{"@type":"Person","@id":"https:\/\/www.athome.lu\/blog\/#\/schema\/person\/47f7a38089f837e792876ceddc4cb2dc","name":"Fanny Pimentel","image":{"@type":"ImageObject","inLanguage":"de","@id":"https:\/\/secure.gravatar.com\/avatar\/c60b27b93851dc9503f9cc9150e73dcb0a86ba6150657e5e4b11d988400bc633?s=96&d=mm&r=g","url":"https:\/\/secure.gravatar.com\/avatar\/c60b27b93851dc9503f9cc9150e73dcb0a86ba6150657e5e4b11d988400bc633?s=96&d=mm&r=g","contentUrl":"https:\/\/secure.gravatar.com\/avatar\/c60b27b93851dc9503f9cc9150e73dcb0a86ba6150657e5e4b11d988400bc633?s=96&d=mm&r=g","caption":"Fanny Pimentel"}}]}},"featured_media_src_url":"https:\/\/www.athome.lu\/blog\/wp-content\/uploads\/2016\/09\/71416864_20-1024x576.jpg","_links":{"self":[{"href":"https:\/\/www.athome.lu\/blog\/de\/wp-json\/wp\/v2\/posts\/8175","targetHints":{"allow":["GET"]}}],"collection":[{"href":"https:\/\/www.athome.lu\/blog\/de\/wp-json\/wp\/v2\/posts"}],"about":[{"href":"https:\/\/www.athome.lu\/blog\/de\/wp-json\/wp\/v2\/types\/post"}],"author":[{"embeddable":true,"href":"https:\/\/www.athome.lu\/blog\/de\/wp-json\/wp\/v2\/users\/17"}],"replies":[{"embeddable":true,"href":"https:\/\/www.athome.lu\/blog\/de\/wp-json\/wp\/v2\/comments?post=8175"}],"version-history":[{"count":2,"href":"https:\/\/www.athome.lu\/blog\/de\/wp-json\/wp\/v2\/posts\/8175\/revisions"}],"predecessor-version":[{"id":15363,"href":"https:\/\/www.athome.lu\/blog\/de\/wp-json\/wp\/v2\/posts\/8175\/revisions\/15363"}],"wp:featuredmedia":[{"embeddable":true,"href":"https:\/\/www.athome.lu\/blog\/de\/wp-json\/wp\/v2\/media\/9192"}],"wp:attachment":[{"href":"https:\/\/www.athome.lu\/blog\/de\/wp-json\/wp\/v2\/media?parent=8175"}],"wp:term":[{"taxonomy":"category","embeddable":true,"href":"https:\/\/www.athome.lu\/blog\/de\/wp-json\/wp\/v2\/categories?post=8175"},{"taxonomy":"post_tag","embeddable":true,"href":"https:\/\/www.athome.lu\/blog\/de\/wp-json\/wp\/v2\/tags?post=8175"}],"curies":[{"name":"wp","href":"https:\/\/api.w.org\/{rel}","templated":true}]}}