{"id":8427,"date":"2016-10-28T08:29:01","date_gmt":"2016-10-28T07:29:01","guid":{"rendered":"https:\/\/www.athome.lu\/blog\/?p=8427"},"modified":"2022-05-12T10:08:33","modified_gmt":"2022-05-12T08:08:33","slug":"bonnevoie-junges-dynamisches-quartier","status":"publish","type":"post","link":"https:\/\/www.athome.lu\/blog\/de\/marche-immobilier\/villes\/bonnevoie-quartier-jeune-dynamique\/","title":{"rendered":"Bonnevoie, ein junges und dynamisches Viertel"},"content":{"rendered":"<p><span style=\"color: #000000;\">Bonnevoie liegt im S\u00fcdosten von Luxemburg-Stadt und ist ein ruhiges und multikulturelles Wohnviertel, in dem es sich gut leben l\u00e4sst. Seine Anbindung an den \u00f6ffentlichen Nahverkehr, seine Nahversorgung, sein Sport- und Kulturangebot sowie seine Gr\u00fcnfl\u00e4chen z\u00e4hlen zu seinen Hauptattraktionen.<\/span><\/p>\n\n\n\n<p><span style=\"color: #000000;\">Verwaltungstechnisch gesehen ist Bonnevoie in zwei Einheiten aufgeteilt: Bonnevoie-S\u00fcd und Bonnevoie-Nord. Dennoch bilden beide im Alltag eine homogene Einheit, ohne Unterschiede. Ein Gebiet von etwas mehr als 3 km abdeckend<sup>2<\/sup>Bonnevoie ist das bev\u00f6lkerungsreichste Viertel der Hauptstadt. Mit seinen 16.448 Einwohnern (Zahlen vom 31.12.2015) umfasst es 14,9% der Bev\u00f6lkerung von Luxemburg-Stadt.<\/span><\/p>\n\n\n\n<h2 class=\"wp-block-heading\"><span style=\"color: #000000;\"><strong>Bonnevoie, bunt gemischt und engagiert<\/strong><\/span><\/h2>\n\n\n\n<p><span style=\"color: #000000;\">Bonnevoie zeichnet sich durch eine gro\u00dfe soziale Mischung aus, was der Stadt eine besondere Atmosph\u00e4re verleiht. Ein gro\u00dfer Teil der Bev\u00f6lkerung ist ausl\u00e4ndischer Herkunft. Neben den Luxemburgern sind Portugiesen, Franzosen, Italiener, Belgier, Deutsche und Spanier die am st\u00e4rksten vertretenen Nationalit\u00e4ten. Eine weitere interessante soziodemografische Tatsache ist, dass sich viele Familien mit Kindern und junge Arbeitnehmer f\u00fcr Bonnevoie als Wohnort entschieden haben. Das Viertel verzeichnet au\u00dferdem einen hohen Anteil an Eigenheimbesitzern. Dar\u00fcber hinaus sind viele Bewohner aktiv am Vereinsleben des Viertels beteiligt. Der Stadtteil profitiert also von einer gro\u00dfen Dynamik und einem hohen Engagement.<\/span><\/p>\n\n\n\n<h2 class=\"wp-block-heading\"><span style=\"color: #000000;\"><strong>Kultur und Sport auf dem Programm<\/strong><\/span><\/h2>\n\n\n\n<p><span style=\"color: #000000;\">Bonnevoie verf\u00fcgt \u00fcber Kinderg\u00e4rten, Schulen, Schullandheime und ein technisches Gymnasium, um den Bed\u00fcrfnissen seiner Familien gerecht zu werden. Au\u00dferdem verf\u00fcgt das Viertel \u00fcber hochwertige Sportanlagen: ein st\u00e4dtisches Schwimmbad, eine Sporthalle, Gymnastikhallen, einen Tennisclub, Fu\u00dfballpl\u00e4tze, darunter die Stadien Achille Hammerel und Camille Polfer, in denen der Racing FC Union Luxembourg spielt, usw. In ihrem st\u00e4ndigen Bestreben nach Verbesserungen hat sich die Stadt zum Ziel gesetzt, ihre Schul- und Freizeiteinrichtungen in Bonnevoie zu st\u00e4rken und auszubauen.<\/span><\/p>\n\n\n\n<p><span style=\"color: #000000;\">Im Stadtteil Bonnevoie befindet sich auch ein gro\u00dfes Kulturzentrum sowie \"Les Rotondes\", eine Hochburg der Kultur in Luxemburg. Hier haben die Einwohner die M\u00f6glichkeit, an zahlreichen Veranstaltungen wie Auff\u00fchrungen, Theaterst\u00fccken, Konzerten, Vortr\u00e4gen oder Workshops f\u00fcr alle Altersgruppen teilzunehmen.<\/span><\/p>\n\n\n\n<div class=\"wp-block-image\"><figure class=\"aligncenter\"><img loading=\"lazy\" decoding=\"async\" width=\"2000\" height=\"1028\" src=\"https:\/\/www.athome.lu\/blog\/blog\/wp-content\/uploads\/2016\/10\/bonnevoie4.jpg\" alt=\"Luxemburg Stadtteil Bonnevoie\" class=\"wp-image-8431\" srcset=\"https:\/\/www.athome.lu\/blog\/wp-content\/uploads\/2016\/10\/bonnevoie4.jpg 2000w, https:\/\/www.athome.lu\/blog\/wp-content\/uploads\/2016\/10\/bonnevoie4-300x154.jpg 300w, https:\/\/www.athome.lu\/blog\/wp-content\/uploads\/2016\/10\/bonnevoie4-1024x526.jpg 1024w, https:\/\/www.athome.lu\/blog\/wp-content\/uploads\/2016\/10\/bonnevoie4-768x395.jpg 768w, https:\/\/www.athome.lu\/blog\/wp-content\/uploads\/2016\/10\/bonnevoie4-1536x790.jpg 1536w, https:\/\/www.athome.lu\/blog\/wp-content\/uploads\/2016\/10\/bonnevoie4-18x9.jpg 18w\" sizes=\"auto, (max-width: 2000px) 100vw, 2000px\" \/><\/figure><\/div>\n\n\n\n<h2 class=\"wp-block-heading\"><span style=\"color: #000000;\"><strong>Mobilit\u00e4t gef\u00f6rdert<\/strong><\/span><\/h2>\n\n\n\n<p><span style=\"color: #000000;\">Zu den St\u00e4rken geh\u00f6rt auch die hervorragende Anbindung an das \u00f6ffentliche Verkehrsnetz. Busse fahren das Viertel h\u00e4ufig und schnell an. Es wurden auch acht \"vel'oh!\"-Stationen eingerichtet, um sich in der gesamten Hauptstadt fortzubewegen. In diesem Zusammenhang gibt es eine Fahrradroute an der B\u00fcchler-Br\u00fccke, die das Bahnhofsviertel und das Stadtzentrum miteinander verbindet. Schlie\u00dflich befindet sich Bonnevoie, das geographisch auf der einen Seite von der Alzette und auf der anderen von den Eisenbahngleisen begrenzt wird, in unmittelbarer N\u00e4he des Hauptbahnhofs. Die Fu\u00dfg\u00e4ngerbr\u00fccke wurde 2013 renoviert, um den Bahnhofsplatz und Bonnevoie besser miteinander zu verbinden. Um die sanfte Mobilit\u00e4t innerhalb der Entit\u00e4t zu st\u00e4rken, wird die Stadt in K\u00fcrze weitere Radwege sowie Fu\u00dfwege anlegen.<\/span><\/p>\n\n\n<section id=\"section-3-14695\" class=\"ct-section\" ><div class=\"ct-section-inner-wrap\"><div id=\"div_block-4-14695\" class=\"ct-div-block\" ><div id=\"new_columns-7-14695\" class=\"ct-new-columns\" ><div id=\"div_block-8-14695\" class=\"ct-div-block\" ><div id=\"div_block-14-14695\" class=\"ct-div-block\" ><\/div><\/div><div id=\"div_block-9-14695\" class=\"ct-div-block\" ><h1 id=\"headline-11-14695\" class=\"ct-headline\">Wie hoch sind die Immobilienpreise derzeit?<\/h1><div id=\"text_block-12-14695\" class=\"ct-text-block\" >Die Preise verlangsamen sich. Die Zinss\u00e4tze steigen. Welche Trends sind in den kommenden Monaten zu erwarten?<\/div><a id=\"link_button-13-14695\" class=\"ct-link-button\" href=\"https:\/\/www.athome.lu\/blog\/blog\/marche-immobilier\/prix\/tendances-2022\/\" target=\"_blank\"  >Analyse lesen<\/a><\/div><\/div><\/div><\/div><\/section>\n\n\n<h2 class=\"wp-block-heading\"><span style=\"color: #000000;\"><strong>Immobilienprojekte und neue Entwicklungen im Gange<\/strong><\/span><\/h2>\n\n\n\n<p><span style=\"color: #000000;\">Bonnevoie ist einer der am schnellsten wachsenden Stadtteile der Hauptstadt. Seit 2012 ist die Einwohnerzahl um etwa 5% gewachsen. Zu den beliebtesten Wohngegenden dieser neuen Bewohner geh\u00f6ren Verlorenkost und Kaltreis. Dabei handelt es sich um die j\u00fcngsten Stadtteile von Bonnevoie, aber auch um die hochwertigsten Baugebiete. Um mit dem Bev\u00f6lkerungswachstum Schritt zu halten, werden derzeit mehrere Immobilienprojekte realisiert. Insbesondere wird die Stadt Luxemburg in Zusammenarbeit mit der Soci\u00e9t\u00e9 Nationale des Habitations \u00e0 Bon March\u00e9 750 Wohnungen in der Ortschaft \"Itzegerknupp\" schaffen. In der Rue Anatole France sind 135 Wohneinheiten geplant.<\/span><\/p>\n\n\n\n<p><span style=\"color: #000000;\">Das Viertel ist st\u00e4dtisch, verf\u00fcgt jedoch \u00fcber mehrere wertvolle Gr\u00fcnfl\u00e4chen und Spielpl\u00e4tze, die von den Bewohnern t\u00e4glich genutzt werden. Die nahe gelegene Alzette, die kleinen G\u00e4rten in Schl\u00e4ifmillen und Verlorenkost, der Park des Wasserturms in Kaltreis und der renovierte Place du Parc im Zentrum von Bonnevoie sind allesamt Orte, die zum Spazierengehen und Entspannen einladen. Um die Wohnqualit\u00e4t weiter zu verbessern, wird die Stadt neue Gr\u00fcninseln anlegen und die Gestaltung einiger Pl\u00e4tze \u00fcberarbeiten.<\/span><\/p>","protected":false},"excerpt":{"rendered":"<p>Situ\u00e9 au sud-est de Luxembourg-Ville, Bonnevoie est un quartier r\u00e9sidentiel calme et multiculturel o\u00f9 il fait bon vivre. Ses connexions aux transports publics, ses services de proximit\u00e9, son offre sportive et culturelle ainsi que ses espaces verts comptent parmi ses principaux attraits. D\u2019un point de vue administratif, Bonnevoie est s\u00e9par\u00e9 en deux entit\u00e9s&nbsp;: Bonnevoie-Sud et [&hellip;]<\/p>\n","protected":false},"author":17,"featured_media":8430,"comment_status":"closed","ping_status":"open","sticky":false,"template":"","format":"standard","meta":{"_acf_changed":false,"footnotes":""},"categories":[218],"tags":[95],"class_list":["post-8427","post","type-post","status-publish","format-standard","has-post-thumbnail","hentry","category-villes","tag-centre"],"acf":[],"yoast_head":"<!-- This site is optimized with the Yoast SEO plugin v27.4 - https:\/\/yoast.com\/product\/yoast-seo-wordpress\/ -->\n<title>Bonnevoie, un quartier jeune et dynamique - atHome Blog<\/title>\n<meta name=\"robots\" content=\"index, follow, max-snippet:-1, max-image-preview:large, max-video-preview:-1\" \/>\n<link rel=\"canonical\" href=\"https:\/\/www.athome.lu\/blog\/de\/immobilien-markt\/stadte\/bonnevoie-junges-dynamisches-quartier\/\" \/>\n<meta property=\"og:locale\" content=\"de_DE\" \/>\n<meta property=\"og:type\" content=\"article\" \/>\n<meta property=\"og:title\" content=\"Bonnevoie, un quartier jeune et dynamique - atHome Blog\" \/>\n<meta property=\"og:description\" content=\"Situ\u00e9 au sud-est de Luxembourg-Ville, Bonnevoie est un quartier r\u00e9sidentiel calme et multiculturel o\u00f9 il fait bon vivre. Ses connexions aux transports publics, ses services de proximit\u00e9, son offre sportive et culturelle ainsi que ses espaces verts comptent parmi ses principaux attraits. D\u2019un point de vue administratif, Bonnevoie est s\u00e9par\u00e9 en deux entit\u00e9s&nbsp;: Bonnevoie-Sud et [&hellip;]\" \/>\n<meta property=\"og:url\" content=\"https:\/\/www.athome.lu\/blog\/de\/immobilien-markt\/stadte\/bonnevoie-junges-dynamisches-quartier\/\" \/>\n<meta property=\"og:site_name\" content=\"atHome Blog\" \/>\n<meta property=\"article:publisher\" content=\"https:\/\/www.facebook.com\/atHome.lu\/\" \/>\n<meta property=\"article:published_time\" content=\"2016-10-28T07:29:01+00:00\" \/>\n<meta property=\"article:modified_time\" content=\"2022-05-12T08:08:33+00:00\" \/>\n<meta property=\"og:image\" content=\"https:\/\/www.athome.lu\/blog\/wp-content\/uploads\/2016\/10\/bonnevoie3-1024x592.jpg\" \/>\n\t<meta property=\"og:image:width\" content=\"1024\" \/>\n\t<meta property=\"og:image:height\" content=\"592\" \/>\n\t<meta property=\"og:image:type\" content=\"image\/jpeg\" \/>\n<meta name=\"author\" content=\"Fanny Pimentel\" \/>\n<meta name=\"twitter:card\" content=\"summary_large_image\" \/>\n<meta name=\"twitter:creator\" content=\"@athomelu\" \/>\n<meta name=\"twitter:site\" content=\"@athomelu\" \/>\n<meta name=\"twitter:label1\" content=\"Verfasst von\" \/>\n\t<meta name=\"twitter:data1\" content=\"Fanny Pimentel\" \/>\n\t<meta name=\"twitter:label2\" content=\"Gesch\u00e4tzte Lesezeit\" \/>\n\t<meta name=\"twitter:data2\" content=\"4\u00a0Minuten\" \/>\n<script type=\"application\/ld+json\" class=\"yoast-schema-graph\">{\"@context\":\"https:\\\/\\\/schema.org\",\"@graph\":[{\"@type\":\"Article\",\"@id\":\"https:\\\/\\\/www.athome.lu\\\/blog\\\/marche-immobilier\\\/villes\\\/bonnevoie-quartier-jeune-dynamique\\\/#article\",\"isPartOf\":{\"@id\":\"https:\\\/\\\/www.athome.lu\\\/blog\\\/marche-immobilier\\\/villes\\\/bonnevoie-quartier-jeune-dynamique\\\/\"},\"author\":{\"name\":\"Fanny Pimentel\",\"@id\":\"https:\\\/\\\/www.athome.lu\\\/blog\\\/#\\\/schema\\\/person\\\/47f7a38089f837e792876ceddc4cb2dc\"},\"headline\":\"Bonnevoie, un quartier jeune et dynamique\",\"datePublished\":\"2016-10-28T07:29:01+00:00\",\"dateModified\":\"2022-05-12T08:08:33+00:00\",\"mainEntityOfPage\":{\"@id\":\"https:\\\/\\\/www.athome.lu\\\/blog\\\/marche-immobilier\\\/villes\\\/bonnevoie-quartier-jeune-dynamique\\\/\"},\"wordCount\":753,\"image\":{\"@id\":\"https:\\\/\\\/www.athome.lu\\\/blog\\\/marche-immobilier\\\/villes\\\/bonnevoie-quartier-jeune-dynamique\\\/#primaryimage\"},\"thumbnailUrl\":\"https:\\\/\\\/www.athome.lu\\\/blog\\\/wp-content\\\/uploads\\\/2016\\\/10\\\/bonnevoie3.jpg\",\"keywords\":[\"Centre\"],\"articleSection\":[\"Villes\"],\"inLanguage\":\"de\"},{\"@type\":\"WebPage\",\"@id\":\"https:\\\/\\\/www.athome.lu\\\/blog\\\/marche-immobilier\\\/villes\\\/bonnevoie-quartier-jeune-dynamique\\\/\",\"url\":\"https:\\\/\\\/www.athome.lu\\\/blog\\\/marche-immobilier\\\/villes\\\/bonnevoie-quartier-jeune-dynamique\\\/\",\"name\":\"Bonnevoie, un quartier jeune et dynamique - atHome Blog\",\"isPartOf\":{\"@id\":\"https:\\\/\\\/www.athome.lu\\\/blog\\\/#website\"},\"primaryImageOfPage\":{\"@id\":\"https:\\\/\\\/www.athome.lu\\\/blog\\\/marche-immobilier\\\/villes\\\/bonnevoie-quartier-jeune-dynamique\\\/#primaryimage\"},\"image\":{\"@id\":\"https:\\\/\\\/www.athome.lu\\\/blog\\\/marche-immobilier\\\/villes\\\/bonnevoie-quartier-jeune-dynamique\\\/#primaryimage\"},\"thumbnailUrl\":\"https:\\\/\\\/www.athome.lu\\\/blog\\\/wp-content\\\/uploads\\\/2016\\\/10\\\/bonnevoie3.jpg\",\"datePublished\":\"2016-10-28T07:29:01+00:00\",\"dateModified\":\"2022-05-12T08:08:33+00:00\",\"author\":{\"@id\":\"https:\\\/\\\/www.athome.lu\\\/blog\\\/#\\\/schema\\\/person\\\/47f7a38089f837e792876ceddc4cb2dc\"},\"breadcrumb\":{\"@id\":\"https:\\\/\\\/www.athome.lu\\\/blog\\\/marche-immobilier\\\/villes\\\/bonnevoie-quartier-jeune-dynamique\\\/#breadcrumb\"},\"inLanguage\":\"de\",\"potentialAction\":[{\"@type\":\"ReadAction\",\"target\":[\"https:\\\/\\\/www.athome.lu\\\/blog\\\/marche-immobilier\\\/villes\\\/bonnevoie-quartier-jeune-dynamique\\\/\"]}]},{\"@type\":\"ImageObject\",\"inLanguage\":\"de\",\"@id\":\"https:\\\/\\\/www.athome.lu\\\/blog\\\/marche-immobilier\\\/villes\\\/bonnevoie-quartier-jeune-dynamique\\\/#primaryimage\",\"url\":\"https:\\\/\\\/www.athome.lu\\\/blog\\\/wp-content\\\/uploads\\\/2016\\\/10\\\/bonnevoie3.jpg\",\"contentUrl\":\"https:\\\/\\\/www.athome.lu\\\/blog\\\/wp-content\\\/uploads\\\/2016\\\/10\\\/bonnevoie3.jpg\",\"width\":2000,\"height\":1157,\"caption\":\"Les Quartiers les plus recherch\u00e9s \u00e0 Luxembourg-ville\"},{\"@type\":\"BreadcrumbList\",\"@id\":\"https:\\\/\\\/www.athome.lu\\\/blog\\\/marche-immobilier\\\/villes\\\/bonnevoie-quartier-jeune-dynamique\\\/#breadcrumb\",\"itemListElement\":[{\"@type\":\"ListItem\",\"position\":1,\"name\":\"Accueil\",\"item\":\"https:\\\/\\\/www.athome.lu\\\/blog\\\/\"},{\"@type\":\"ListItem\",\"position\":2,\"name\":\"March\u00e9 immobilier\",\"item\":\"https:\\\/\\\/www.athome.lu\\\/blog\\\/category\\\/marche-immobilier\\\/\"},{\"@type\":\"ListItem\",\"position\":3,\"name\":\"Villes\",\"item\":\"https:\\\/\\\/www.athome.lu\\\/blog\\\/category\\\/marche-immobilier\\\/villes\\\/\"},{\"@type\":\"ListItem\",\"position\":4,\"name\":\"Bonnevoie, un quartier jeune et dynamique\"}]},{\"@type\":\"WebSite\",\"@id\":\"https:\\\/\\\/www.athome.lu\\\/blog\\\/#website\",\"url\":\"https:\\\/\\\/www.athome.lu\\\/blog\\\/\",\"name\":\"atHome Blog\",\"description\":\"Annonces immobili\u00e8res au Luxembourg. Le portail immobilier n\u00b01 au Luxembourg.\",\"potentialAction\":[{\"@type\":\"SearchAction\",\"target\":{\"@type\":\"EntryPoint\",\"urlTemplate\":\"https:\\\/\\\/www.athome.lu\\\/blog\\\/?s={search_term_string}\"},\"query-input\":{\"@type\":\"PropertyValueSpecification\",\"valueRequired\":true,\"valueName\":\"search_term_string\"}}],\"inLanguage\":\"de\"},{\"@type\":\"Person\",\"@id\":\"https:\\\/\\\/www.athome.lu\\\/blog\\\/#\\\/schema\\\/person\\\/47f7a38089f837e792876ceddc4cb2dc\",\"name\":\"Fanny Pimentel\",\"image\":{\"@type\":\"ImageObject\",\"inLanguage\":\"de\",\"@id\":\"https:\\\/\\\/secure.gravatar.com\\\/avatar\\\/c60b27b93851dc9503f9cc9150e73dcb0a86ba6150657e5e4b11d988400bc633?s=96&d=mm&r=g\",\"url\":\"https:\\\/\\\/secure.gravatar.com\\\/avatar\\\/c60b27b93851dc9503f9cc9150e73dcb0a86ba6150657e5e4b11d988400bc633?s=96&d=mm&r=g\",\"contentUrl\":\"https:\\\/\\\/secure.gravatar.com\\\/avatar\\\/c60b27b93851dc9503f9cc9150e73dcb0a86ba6150657e5e4b11d988400bc633?s=96&d=mm&r=g\",\"caption\":\"Fanny Pimentel\"}}]}<\/script>\n<!-- \/ Yoast SEO plugin. -->","yoast_head_json":{"title":"Bonnevoie, ein junges und dynamisches Viertel - atHome Blog","robots":{"index":"index","follow":"follow","max-snippet":"max-snippet:-1","max-image-preview":"max-image-preview:large","max-video-preview":"max-video-preview:-1"},"canonical":"https:\/\/www.athome.lu\/blog\/de\/immobilien-markt\/stadte\/bonnevoie-junges-dynamisches-quartier\/","og_locale":"de_DE","og_type":"article","og_title":"Bonnevoie, un quartier jeune et dynamique - atHome Blog","og_description":"Situ\u00e9 au sud-est de Luxembourg-Ville, Bonnevoie est un quartier r\u00e9sidentiel calme et multiculturel o\u00f9 il fait bon vivre. Ses connexions aux transports publics, ses services de proximit\u00e9, son offre sportive et culturelle ainsi que ses espaces verts comptent parmi ses principaux attraits. D\u2019un point de vue administratif, Bonnevoie est s\u00e9par\u00e9 en deux entit\u00e9s&nbsp;: Bonnevoie-Sud et [&hellip;]","og_url":"https:\/\/www.athome.lu\/blog\/de\/immobilien-markt\/stadte\/bonnevoie-junges-dynamisches-quartier\/","og_site_name":"atHome Blog","article_publisher":"https:\/\/www.facebook.com\/atHome.lu\/","article_published_time":"2016-10-28T07:29:01+00:00","article_modified_time":"2022-05-12T08:08:33+00:00","og_image":[{"width":1024,"height":592,"url":"https:\/\/www.athome.lu\/blog\/wp-content\/uploads\/2016\/10\/bonnevoie3-1024x592.jpg","type":"image\/jpeg"}],"author":"Fanny Pimentel","twitter_card":"summary_large_image","twitter_creator":"@athomelu","twitter_site":"@athomelu","twitter_misc":{"Verfasst von":"Fanny Pimentel","Gesch\u00e4tzte Lesezeit":"4\u00a0Minuten"},"schema":{"@context":"https:\/\/schema.org","@graph":[{"@type":"Article","@id":"https:\/\/www.athome.lu\/blog\/marche-immobilier\/villes\/bonnevoie-quartier-jeune-dynamique\/#article","isPartOf":{"@id":"https:\/\/www.athome.lu\/blog\/marche-immobilier\/villes\/bonnevoie-quartier-jeune-dynamique\/"},"author":{"name":"Fanny Pimentel","@id":"https:\/\/www.athome.lu\/blog\/#\/schema\/person\/47f7a38089f837e792876ceddc4cb2dc"},"headline":"Bonnevoie, un quartier jeune et dynamique","datePublished":"2016-10-28T07:29:01+00:00","dateModified":"2022-05-12T08:08:33+00:00","mainEntityOfPage":{"@id":"https:\/\/www.athome.lu\/blog\/marche-immobilier\/villes\/bonnevoie-quartier-jeune-dynamique\/"},"wordCount":753,"image":{"@id":"https:\/\/www.athome.lu\/blog\/marche-immobilier\/villes\/bonnevoie-quartier-jeune-dynamique\/#primaryimage"},"thumbnailUrl":"https:\/\/www.athome.lu\/blog\/wp-content\/uploads\/2016\/10\/bonnevoie3.jpg","keywords":["Centre"],"articleSection":["Villes"],"inLanguage":"de"},{"@type":"WebPage","@id":"https:\/\/www.athome.lu\/blog\/marche-immobilier\/villes\/bonnevoie-quartier-jeune-dynamique\/","url":"https:\/\/www.athome.lu\/blog\/marche-immobilier\/villes\/bonnevoie-quartier-jeune-dynamique\/","name":"Bonnevoie, ein junges und dynamisches Viertel - atHome Blog","isPartOf":{"@id":"https:\/\/www.athome.lu\/blog\/#website"},"primaryImageOfPage":{"@id":"https:\/\/www.athome.lu\/blog\/marche-immobilier\/villes\/bonnevoie-quartier-jeune-dynamique\/#primaryimage"},"image":{"@id":"https:\/\/www.athome.lu\/blog\/marche-immobilier\/villes\/bonnevoie-quartier-jeune-dynamique\/#primaryimage"},"thumbnailUrl":"https:\/\/www.athome.lu\/blog\/wp-content\/uploads\/2016\/10\/bonnevoie3.jpg","datePublished":"2016-10-28T07:29:01+00:00","dateModified":"2022-05-12T08:08:33+00:00","author":{"@id":"https:\/\/www.athome.lu\/blog\/#\/schema\/person\/47f7a38089f837e792876ceddc4cb2dc"},"breadcrumb":{"@id":"https:\/\/www.athome.lu\/blog\/marche-immobilier\/villes\/bonnevoie-quartier-jeune-dynamique\/#breadcrumb"},"inLanguage":"de","potentialAction":[{"@type":"ReadAction","target":["https:\/\/www.athome.lu\/blog\/marche-immobilier\/villes\/bonnevoie-quartier-jeune-dynamique\/"]}]},{"@type":"ImageObject","inLanguage":"de","@id":"https:\/\/www.athome.lu\/blog\/marche-immobilier\/villes\/bonnevoie-quartier-jeune-dynamique\/#primaryimage","url":"https:\/\/www.athome.lu\/blog\/wp-content\/uploads\/2016\/10\/bonnevoie3.jpg","contentUrl":"https:\/\/www.athome.lu\/blog\/wp-content\/uploads\/2016\/10\/bonnevoie3.jpg","width":2000,"height":1157,"caption":"Les Quartiers les plus recherch\u00e9s \u00e0 Luxembourg-ville"},{"@type":"BreadcrumbList","@id":"https:\/\/www.athome.lu\/blog\/marche-immobilier\/villes\/bonnevoie-quartier-jeune-dynamique\/#breadcrumb","itemListElement":[{"@type":"ListItem","position":1,"name":"Accueil","item":"https:\/\/www.athome.lu\/blog\/"},{"@type":"ListItem","position":2,"name":"March\u00e9 immobilier","item":"https:\/\/www.athome.lu\/blog\/category\/marche-immobilier\/"},{"@type":"ListItem","position":3,"name":"Villes","item":"https:\/\/www.athome.lu\/blog\/category\/marche-immobilier\/villes\/"},{"@type":"ListItem","position":4,"name":"Bonnevoie, un quartier jeune et dynamique"}]},{"@type":"WebSite","@id":"https:\/\/www.athome.lu\/blog\/#website","url":"https:\/\/www.athome.lu\/blog\/","name":"atHome Blog","description":"Immobilienanzeigen in Luxemburg. Das Immobilienportal Nr. 1 in Luxemburg.","potentialAction":[{"@type":"SearchAction","target":{"@type":"EntryPoint","urlTemplate":"https:\/\/www.athome.lu\/blog\/?s={search_term_string}"},"query-input":{"@type":"PropertyValueSpecification","valueRequired":true,"valueName":"search_term_string"}}],"inLanguage":"de"},{"@type":"Person","@id":"https:\/\/www.athome.lu\/blog\/#\/schema\/person\/47f7a38089f837e792876ceddc4cb2dc","name":"Fanny Pimentel","image":{"@type":"ImageObject","inLanguage":"de","@id":"https:\/\/secure.gravatar.com\/avatar\/c60b27b93851dc9503f9cc9150e73dcb0a86ba6150657e5e4b11d988400bc633?s=96&d=mm&r=g","url":"https:\/\/secure.gravatar.com\/avatar\/c60b27b93851dc9503f9cc9150e73dcb0a86ba6150657e5e4b11d988400bc633?s=96&d=mm&r=g","contentUrl":"https:\/\/secure.gravatar.com\/avatar\/c60b27b93851dc9503f9cc9150e73dcb0a86ba6150657e5e4b11d988400bc633?s=96&d=mm&r=g","caption":"Fanny Pimentel"}}]}},"featured_media_src_url":"https:\/\/www.athome.lu\/blog\/wp-content\/uploads\/2016\/10\/bonnevoie3-1024x592.jpg","_links":{"self":[{"href":"https:\/\/www.athome.lu\/blog\/de\/wp-json\/wp\/v2\/posts\/8427","targetHints":{"allow":["GET"]}}],"collection":[{"href":"https:\/\/www.athome.lu\/blog\/de\/wp-json\/wp\/v2\/posts"}],"about":[{"href":"https:\/\/www.athome.lu\/blog\/de\/wp-json\/wp\/v2\/types\/post"}],"author":[{"embeddable":true,"href":"https:\/\/www.athome.lu\/blog\/de\/wp-json\/wp\/v2\/users\/17"}],"replies":[{"embeddable":true,"href":"https:\/\/www.athome.lu\/blog\/de\/wp-json\/wp\/v2\/comments?post=8427"}],"version-history":[{"count":2,"href":"https:\/\/www.athome.lu\/blog\/de\/wp-json\/wp\/v2\/posts\/8427\/revisions"}],"predecessor-version":[{"id":15322,"href":"https:\/\/www.athome.lu\/blog\/de\/wp-json\/wp\/v2\/posts\/8427\/revisions\/15322"}],"wp:featuredmedia":[{"embeddable":true,"href":"https:\/\/www.athome.lu\/blog\/de\/wp-json\/wp\/v2\/media\/8430"}],"wp:attachment":[{"href":"https:\/\/www.athome.lu\/blog\/de\/wp-json\/wp\/v2\/media?parent=8427"}],"wp:term":[{"taxonomy":"category","embeddable":true,"href":"https:\/\/www.athome.lu\/blog\/de\/wp-json\/wp\/v2\/categories?post=8427"},{"taxonomy":"post_tag","embeddable":true,"href":"https:\/\/www.athome.lu\/blog\/de\/wp-json\/wp\/v2\/tags?post=8427"}],"curies":[{"name":"wp","href":"https:\/\/api.w.org\/{rel}","templated":true}]}}