{"id":8612,"date":"2016-12-09T15:40:28","date_gmt":"2016-12-09T14:40:28","guid":{"rendered":"https:\/\/www.athome.lu\/blog\/?p=8612"},"modified":"2022-05-12T10:03:59","modified_gmt":"2022-05-12T08:03:59","slug":"weihnachtsdekorationen-setzen-auf-licht","status":"publish","type":"post","link":"https:\/\/www.athome.lu\/blog\/de\/mon-logement\/meuble-decoration\/decorations-de-noel-misez-sur-la-lumiere\/","title":{"rendered":"Weihnachtsdekoration: Setzen Sie auf Licht"},"content":{"rendered":"<p><span style=\"color: #000000;\">Weihnachten steht vor der T\u00fcr und Sie m\u00f6chten, dass Ihr Zuhause im Glanz von tausend Lichtern erstrahlt? M\u00f6chten Sie eine gem\u00fctliche und festliche Atmosph\u00e4re rund um Ihr Zuhause schaffen? Mit einigen Tipps k\u00f6nnen Sie Ihre Umgebung ins rechte Licht r\u00fccken.<\/span><\/p>\n\n\n\n<h2 class=\"wp-block-heading\"><span style=\"color: #000000;\"><strong>Die Trends 2016<\/strong><\/span><\/h2>\n\n\n\n<p><span style=\"color: #000000;\">Bevor Sie in den n\u00e4chsten Dekorationsladen rennen, m\u00f6chten Sie vielleicht wissen, was die Trends f\u00fcr dieses Weihnachten 2016 sind. Nun, die Zeit ist reif f\u00fcr Nat\u00fcrlichkeit, \"Barock'n Roll\" (warme Farben mit goldenen Akzenten) und Vintage. Anstatt in ein Gesch\u00e4ft zu gehen, k\u00f6nnen Sie also auch in den alten Sachen Ihrer Eltern st\u00f6bern und eine Lichterkette aus den 1970er Jahren finden! Sie k\u00f6nnen auch an \"wei\u00dfe Weihnachten\" denken, um eine zeitlose und elegante Dekoration zu erhalten.<\/span><\/p>\n\n\n\n<h2 class=\"wp-block-heading\"><span style=\"color: #000000;\"><strong>Ein helles Haus<\/strong><\/span><\/h2>\n\n\n\n<div class=\"wp-block-image\"><figure class=\"aligncenter\"><img loading=\"lazy\" decoding=\"async\" width=\"1920\" height=\"1275\" src=\"https:\/\/www.athome.lu\/blog\/blog\/wp-content\/uploads\/2016\/12\/xmas-1092477_1920.jpg\" alt=\"Leuchtender Weihnachtsstern Deko-Trends Weihnachten 2016\" class=\"wp-image-8614\" srcset=\"https:\/\/www.athome.lu\/blog\/wp-content\/uploads\/2016\/12\/xmas-1092477_1920.jpg 1920w, https:\/\/www.athome.lu\/blog\/wp-content\/uploads\/2016\/12\/xmas-1092477_1920-300x199.jpg 300w, https:\/\/www.athome.lu\/blog\/wp-content\/uploads\/2016\/12\/xmas-1092477_1920-1024x680.jpg 1024w, https:\/\/www.athome.lu\/blog\/wp-content\/uploads\/2016\/12\/xmas-1092477_1920-768x510.jpg 768w, https:\/\/www.athome.lu\/blog\/wp-content\/uploads\/2016\/12\/xmas-1092477_1920-1536x1020.jpg 1536w, https:\/\/www.athome.lu\/blog\/wp-content\/uploads\/2016\/12\/xmas-1092477_1920-18x12.jpg 18w\" sizes=\"auto, (max-width: 1920px) 100vw, 1920px\" \/><\/figure><\/div>\n\n\n\n<p><span style=\"color: #000000;\">Das war's, jetzt geht's ans Eingemachte und an die Beleuchtung! Sie m\u00fcssen also nicht versuchen, den Rentner zu kopieren, der jedes Jahr 7500 Meter Lichterketten an 600 Steckdosen anschlie\u00dft. Es ist sowieso zu sp\u00e4t, denn er beginnt drei Monate im Voraus! Sie k\u00f6nnen auch einfach Girlanden an der Fassade anbringen, z. B. mit Wassertropfen- oder Sternschnuppeneffekten, Pfosten und Baumst\u00e4mme mit R\u00f6hrengirlanden umwickeln, einen Weg aus Windlichtern anlegen usw. Auch aufblasbare Strukturen, die von innen beleuchtet werden k\u00f6nnen, sind ein gro\u00dfer Erfolg. Lassen Sie Ihrer Fantasie freien Lauf, aber ein Tipp: Zeichnen Sie Ihre Beleuchtung vorher auf Papier, anstatt zu improvisieren, wenn Sie erst einmal auf der Leiter stehen.<\/span><\/p>\n\n\n\n<h2 class=\"wp-block-heading\"><span style=\"color: #000000;\"><strong>Einige Vorsichtsma\u00dfnahmen <\/strong><\/span><\/h2>\n\n\n\n<p><span style=\"color: #000000;\">Ihr Haus wird sicher wundersch\u00f6n beleuchtet sein, aber die n\u00e4chste Stromrechnung wird Sie vielleicht entt\u00e4uschen. Entscheiden Sie sich f\u00fcr Girlanden mit LED-Lampen oder sogar mit Solarenergie. Achten Sie auch darauf, dass Ihre Lichterketten f\u00fcr den Au\u00dfenbereich geeignet sind und \u00fcberlasten Sie Ihre Mehrfachsteckdosen nicht.<\/span><\/p>\n\n\n<section id=\"section-3-14695\" class=\"ct-section\" ><div class=\"ct-section-inner-wrap\"><div id=\"div_block-4-14695\" class=\"ct-div-block\" ><div id=\"new_columns-7-14695\" class=\"ct-new-columns\" ><div id=\"div_block-8-14695\" class=\"ct-div-block\" ><div id=\"div_block-14-14695\" class=\"ct-div-block\" ><\/div><\/div><div id=\"div_block-9-14695\" class=\"ct-div-block\" ><h1 id=\"headline-11-14695\" class=\"ct-headline\">Wie hoch sind die Immobilienpreise derzeit?<\/h1><div id=\"text_block-12-14695\" class=\"ct-text-block\" >Die Preise verlangsamen sich. Die Zinss\u00e4tze steigen. Welche Trends sind in den kommenden Monaten zu erwarten?<\/div><a id=\"link_button-13-14695\" class=\"ct-link-button\" href=\"https:\/\/www.athome.lu\/blog\/blog\/marche-immobilier\/prix\/tendances-2022\/\" target=\"_blank\"  >Analyse lesen<\/a><\/div><\/div><\/div><\/div><\/section>","protected":false},"excerpt":{"rendered":"<p>No\u00ebl approche et vous avez envie que votre maison brille de mille feux&nbsp;? Vous souhaitez cr\u00e9er une atmosph\u00e8re conviviale et festive autour de votre chez-vous&nbsp;? Quelques conseils pour mettre en lumi\u00e8re votre environnement. Les tendances 2016 Avant de vous pr\u00e9cipiter dans le premier magasin de d\u00e9corations, peut-\u00eatre souhaitez-vous savoir quelles sont les tendances pour ce [&hellip;]<\/p>\n","protected":false},"author":17,"featured_media":8613,"comment_status":"closed","ping_status":"open","sticky":false,"template":"","format":"standard","meta":{"_acf_changed":false,"footnotes":""},"categories":[210],"tags":[79],"class_list":["post-8612","post","type-post","status-publish","format-standard","has-post-thumbnail","hentry","category-meuble-decoration","tag-decoration"],"acf":[],"yoast_head":"<!-- This site is optimized with the Yoast SEO plugin v27.4 - https:\/\/yoast.com\/product\/yoast-seo-wordpress\/ -->\n<title>\u25b7 D\u00e9coration de No\u00ebl - Les tendances 2016 ? | atHome<\/title>\n<meta name=\"description\" content=\"Cette ann\u00e9e, place au naturel, au \u00ab barock\u2019n roll \u00bb et au vintage. \u25b7\u25b7 atHome d\u00e9crypte pour vous les Tendances 2016 pour une d\u00e9co No\u00ebl r\u00e9ussie\" \/>\n<meta name=\"robots\" content=\"index, follow, max-snippet:-1, max-image-preview:large, max-video-preview:-1\" \/>\n<link rel=\"canonical\" href=\"https:\/\/www.athome.lu\/blog\/de\/mein-haus\/deko-mobel\/weihnachtsdekorationen-setzen-auf-licht\/\" \/>\n<meta property=\"og:locale\" content=\"de_DE\" \/>\n<meta property=\"og:type\" content=\"article\" \/>\n<meta property=\"og:title\" content=\"\u25b7 D\u00e9coration de No\u00ebl - Les tendances 2016 ? | atHome\" \/>\n<meta property=\"og:description\" content=\"Cette ann\u00e9e, place au naturel, au \u00ab barock\u2019n roll \u00bb et au vintage. \u25b7\u25b7 atHome d\u00e9crypte pour vous les Tendances 2016 pour une d\u00e9co No\u00ebl r\u00e9ussie\" \/>\n<meta property=\"og:url\" content=\"https:\/\/www.athome.lu\/blog\/de\/mein-haus\/deko-mobel\/weihnachtsdekorationen-setzen-auf-licht\/\" \/>\n<meta property=\"og:site_name\" content=\"atHome Blog\" \/>\n<meta property=\"article:publisher\" content=\"https:\/\/www.facebook.com\/atHome.lu\/\" \/>\n<meta property=\"article:published_time\" content=\"2016-12-09T14:40:28+00:00\" \/>\n<meta property=\"article:modified_time\" content=\"2022-05-12T08:03:59+00:00\" \/>\n<meta property=\"og:image\" content=\"https:\/\/www.athome.lu\/blog\/wp-content\/uploads\/2016\/12\/christmas-trees-1823943_1920.jpg\" \/>\n\t<meta property=\"og:image:width\" content=\"1920\" \/>\n\t<meta property=\"og:image:height\" content=\"1280\" \/>\n\t<meta property=\"og:image:type\" content=\"image\/jpeg\" \/>\n<meta name=\"author\" content=\"Fanny Pimentel\" \/>\n<meta name=\"twitter:card\" content=\"summary_large_image\" \/>\n<meta name=\"twitter:title\" content=\"\u25b7 D\u00e9coration de No\u00ebl - Les tendances 2016 ? | atHome\" \/>\n<meta name=\"twitter:description\" content=\"Cette ann\u00e9e, place au naturel, au \u00ab barock\u2019n roll \u00bb et au vintage. \u25b7\u25b7 atHome d\u00e9crypte pour vous les Tendances 2016 pour une d\u00e9co No\u00ebl r\u00e9ussie\" \/>\n<meta name=\"twitter:creator\" content=\"@athomelu\" \/>\n<meta name=\"twitter:site\" content=\"@athomelu\" \/>\n<meta name=\"twitter:label1\" content=\"Verfasst von\" \/>\n\t<meta name=\"twitter:data1\" content=\"Fanny Pimentel\" \/>\n\t<meta name=\"twitter:label2\" content=\"Gesch\u00e4tzte Lesezeit\" \/>\n\t<meta name=\"twitter:data2\" content=\"2\u00a0Minuten\" \/>\n<script type=\"application\/ld+json\" class=\"yoast-schema-graph\">{\"@context\":\"https:\\\/\\\/schema.org\",\"@graph\":[{\"@type\":\"Article\",\"@id\":\"https:\\\/\\\/www.athome.lu\\\/blog\\\/mon-logement\\\/meuble-decoration\\\/decorations-de-noel-misez-sur-la-lumiere\\\/#article\",\"isPartOf\":{\"@id\":\"https:\\\/\\\/www.athome.lu\\\/blog\\\/mon-logement\\\/meuble-decoration\\\/decorations-de-noel-misez-sur-la-lumiere\\\/\"},\"author\":{\"name\":\"Fanny Pimentel\",\"@id\":\"https:\\\/\\\/www.athome.lu\\\/blog\\\/#\\\/schema\\\/person\\\/47f7a38089f837e792876ceddc4cb2dc\"},\"headline\":\"D\u00e9corations de No\u00ebl : misez sur la lumi\u00e8re\",\"datePublished\":\"2016-12-09T14:40:28+00:00\",\"dateModified\":\"2022-05-12T08:03:59+00:00\",\"mainEntityOfPage\":{\"@id\":\"https:\\\/\\\/www.athome.lu\\\/blog\\\/mon-logement\\\/meuble-decoration\\\/decorations-de-noel-misez-sur-la-lumiere\\\/\"},\"wordCount\":362,\"image\":{\"@id\":\"https:\\\/\\\/www.athome.lu\\\/blog\\\/mon-logement\\\/meuble-decoration\\\/decorations-de-noel-misez-sur-la-lumiere\\\/#primaryimage\"},\"thumbnailUrl\":\"https:\\\/\\\/www.athome.lu\\\/blog\\\/wp-content\\\/uploads\\\/2016\\\/12\\\/christmas-trees-1823943_1920.jpg\",\"keywords\":[\"D\u00e9coration\"],\"articleSection\":[\"Meubler et D\u00e9corer\"],\"inLanguage\":\"de\"},{\"@type\":\"WebPage\",\"@id\":\"https:\\\/\\\/www.athome.lu\\\/blog\\\/mon-logement\\\/meuble-decoration\\\/decorations-de-noel-misez-sur-la-lumiere\\\/\",\"url\":\"https:\\\/\\\/www.athome.lu\\\/blog\\\/mon-logement\\\/meuble-decoration\\\/decorations-de-noel-misez-sur-la-lumiere\\\/\",\"name\":\"\u25b7 D\u00e9coration de No\u00ebl - Les tendances 2016 ? | atHome\",\"isPartOf\":{\"@id\":\"https:\\\/\\\/www.athome.lu\\\/blog\\\/#website\"},\"primaryImageOfPage\":{\"@id\":\"https:\\\/\\\/www.athome.lu\\\/blog\\\/mon-logement\\\/meuble-decoration\\\/decorations-de-noel-misez-sur-la-lumiere\\\/#primaryimage\"},\"image\":{\"@id\":\"https:\\\/\\\/www.athome.lu\\\/blog\\\/mon-logement\\\/meuble-decoration\\\/decorations-de-noel-misez-sur-la-lumiere\\\/#primaryimage\"},\"thumbnailUrl\":\"https:\\\/\\\/www.athome.lu\\\/blog\\\/wp-content\\\/uploads\\\/2016\\\/12\\\/christmas-trees-1823943_1920.jpg\",\"datePublished\":\"2016-12-09T14:40:28+00:00\",\"dateModified\":\"2022-05-12T08:03:59+00:00\",\"author\":{\"@id\":\"https:\\\/\\\/www.athome.lu\\\/blog\\\/#\\\/schema\\\/person\\\/47f7a38089f837e792876ceddc4cb2dc\"},\"description\":\"Cette ann\u00e9e, place au naturel, au \u00ab barock\u2019n roll \u00bb et au vintage. \u25b7\u25b7 atHome d\u00e9crypte pour vous les Tendances 2016 pour une d\u00e9co No\u00ebl r\u00e9ussie\",\"breadcrumb\":{\"@id\":\"https:\\\/\\\/www.athome.lu\\\/blog\\\/mon-logement\\\/meuble-decoration\\\/decorations-de-noel-misez-sur-la-lumiere\\\/#breadcrumb\"},\"inLanguage\":\"de\",\"potentialAction\":[{\"@type\":\"ReadAction\",\"target\":[\"https:\\\/\\\/www.athome.lu\\\/blog\\\/mon-logement\\\/meuble-decoration\\\/decorations-de-noel-misez-sur-la-lumiere\\\/\"]}]},{\"@type\":\"ImageObject\",\"inLanguage\":\"de\",\"@id\":\"https:\\\/\\\/www.athome.lu\\\/blog\\\/mon-logement\\\/meuble-decoration\\\/decorations-de-noel-misez-sur-la-lumiere\\\/#primaryimage\",\"url\":\"https:\\\/\\\/www.athome.lu\\\/blog\\\/wp-content\\\/uploads\\\/2016\\\/12\\\/christmas-trees-1823943_1920.jpg\",\"contentUrl\":\"https:\\\/\\\/www.athome.lu\\\/blog\\\/wp-content\\\/uploads\\\/2016\\\/12\\\/christmas-trees-1823943_1920.jpg\",\"width\":1920,\"height\":1280,\"caption\":\"Sapin de no\u00ebl illumin\u00e9\"},{\"@type\":\"BreadcrumbList\",\"@id\":\"https:\\\/\\\/www.athome.lu\\\/blog\\\/mon-logement\\\/meuble-decoration\\\/decorations-de-noel-misez-sur-la-lumiere\\\/#breadcrumb\",\"itemListElement\":[{\"@type\":\"ListItem\",\"position\":1,\"name\":\"Accueil\",\"item\":\"https:\\\/\\\/www.athome.lu\\\/blog\\\/\"},{\"@type\":\"ListItem\",\"position\":2,\"name\":\"Mon logement\",\"item\":\"https:\\\/\\\/www.athome.lu\\\/blog\\\/de\\\/category\\\/mein-haus\\\/\"},{\"@type\":\"ListItem\",\"position\":3,\"name\":\"Meubler et D\u00e9corer\",\"item\":\"https:\\\/\\\/www.athome.lu\\\/blog\\\/de\\\/category\\\/mein-haus\\\/deko-mobel\\\/\"},{\"@type\":\"ListItem\",\"position\":4,\"name\":\"D\u00e9corations de No\u00ebl : misez sur la lumi\u00e8re\"}]},{\"@type\":\"WebSite\",\"@id\":\"https:\\\/\\\/www.athome.lu\\\/blog\\\/#website\",\"url\":\"https:\\\/\\\/www.athome.lu\\\/blog\\\/\",\"name\":\"atHome Blog\",\"description\":\"Annonces immobili\u00e8res au Luxembourg. Le portail immobilier n\u00b01 au Luxembourg.\",\"potentialAction\":[{\"@type\":\"SearchAction\",\"target\":{\"@type\":\"EntryPoint\",\"urlTemplate\":\"https:\\\/\\\/www.athome.lu\\\/blog\\\/?s={search_term_string}\"},\"query-input\":{\"@type\":\"PropertyValueSpecification\",\"valueRequired\":true,\"valueName\":\"search_term_string\"}}],\"inLanguage\":\"de\"},{\"@type\":\"Person\",\"@id\":\"https:\\\/\\\/www.athome.lu\\\/blog\\\/#\\\/schema\\\/person\\\/47f7a38089f837e792876ceddc4cb2dc\",\"name\":\"Fanny Pimentel\",\"image\":{\"@type\":\"ImageObject\",\"inLanguage\":\"de\",\"@id\":\"https:\\\/\\\/secure.gravatar.com\\\/avatar\\\/c60b27b93851dc9503f9cc9150e73dcb0a86ba6150657e5e4b11d988400bc633?s=96&d=mm&r=g\",\"url\":\"https:\\\/\\\/secure.gravatar.com\\\/avatar\\\/c60b27b93851dc9503f9cc9150e73dcb0a86ba6150657e5e4b11d988400bc633?s=96&d=mm&r=g\",\"contentUrl\":\"https:\\\/\\\/secure.gravatar.com\\\/avatar\\\/c60b27b93851dc9503f9cc9150e73dcb0a86ba6150657e5e4b11d988400bc633?s=96&d=mm&r=g\",\"caption\":\"Fanny Pimentel\"}}]}<\/script>\n<!-- \/ Yoast SEO plugin. -->","yoast_head_json":{"title":"\u25b7 Weihnachtsdekoration - Die Trends 2016? | atHome","description":"In diesem Jahr ist Platz f\u00fcr Nat\u00fcrlichkeit, \"Barock'n Roll\" und Vintage. \u25b7\u25b7 atHome entschl\u00fcsselt f\u00fcr Sie die Trends 2016 f\u00fcr eine gelungene Weihnachtsdekoration.","robots":{"index":"index","follow":"follow","max-snippet":"max-snippet:-1","max-image-preview":"max-image-preview:large","max-video-preview":"max-video-preview:-1"},"canonical":"https:\/\/www.athome.lu\/blog\/de\/mein-haus\/deko-mobel\/weihnachtsdekorationen-setzen-auf-licht\/","og_locale":"de_DE","og_type":"article","og_title":"\u25b7 D\u00e9coration de No\u00ebl - Les tendances 2016 ? | atHome","og_description":"Cette ann\u00e9e, place au naturel, au \u00ab barock\u2019n roll \u00bb et au vintage. \u25b7\u25b7 atHome d\u00e9crypte pour vous les Tendances 2016 pour une d\u00e9co No\u00ebl r\u00e9ussie","og_url":"https:\/\/www.athome.lu\/blog\/de\/mein-haus\/deko-mobel\/weihnachtsdekorationen-setzen-auf-licht\/","og_site_name":"atHome Blog","article_publisher":"https:\/\/www.facebook.com\/atHome.lu\/","article_published_time":"2016-12-09T14:40:28+00:00","article_modified_time":"2022-05-12T08:03:59+00:00","og_image":[{"width":1920,"height":1280,"url":"https:\/\/www.athome.lu\/blog\/wp-content\/uploads\/2016\/12\/christmas-trees-1823943_1920.jpg","type":"image\/jpeg"}],"author":"Fanny Pimentel","twitter_card":"summary_large_image","twitter_title":"\u25b7 D\u00e9coration de No\u00ebl - Les tendances 2016 ? | atHome","twitter_description":"Cette ann\u00e9e, place au naturel, au \u00ab barock\u2019n roll \u00bb et au vintage. \u25b7\u25b7 atHome d\u00e9crypte pour vous les Tendances 2016 pour une d\u00e9co No\u00ebl r\u00e9ussie","twitter_creator":"@athomelu","twitter_site":"@athomelu","twitter_misc":{"Verfasst von":"Fanny Pimentel","Gesch\u00e4tzte Lesezeit":"2\u00a0Minuten"},"schema":{"@context":"https:\/\/schema.org","@graph":[{"@type":"Article","@id":"https:\/\/www.athome.lu\/blog\/mon-logement\/meuble-decoration\/decorations-de-noel-misez-sur-la-lumiere\/#article","isPartOf":{"@id":"https:\/\/www.athome.lu\/blog\/mon-logement\/meuble-decoration\/decorations-de-noel-misez-sur-la-lumiere\/"},"author":{"name":"Fanny Pimentel","@id":"https:\/\/www.athome.lu\/blog\/#\/schema\/person\/47f7a38089f837e792876ceddc4cb2dc"},"headline":"D\u00e9corations de No\u00ebl : misez sur la lumi\u00e8re","datePublished":"2016-12-09T14:40:28+00:00","dateModified":"2022-05-12T08:03:59+00:00","mainEntityOfPage":{"@id":"https:\/\/www.athome.lu\/blog\/mon-logement\/meuble-decoration\/decorations-de-noel-misez-sur-la-lumiere\/"},"wordCount":362,"image":{"@id":"https:\/\/www.athome.lu\/blog\/mon-logement\/meuble-decoration\/decorations-de-noel-misez-sur-la-lumiere\/#primaryimage"},"thumbnailUrl":"https:\/\/www.athome.lu\/blog\/wp-content\/uploads\/2016\/12\/christmas-trees-1823943_1920.jpg","keywords":["D\u00e9coration"],"articleSection":["Meubler et D\u00e9corer"],"inLanguage":"de"},{"@type":"WebPage","@id":"https:\/\/www.athome.lu\/blog\/mon-logement\/meuble-decoration\/decorations-de-noel-misez-sur-la-lumiere\/","url":"https:\/\/www.athome.lu\/blog\/mon-logement\/meuble-decoration\/decorations-de-noel-misez-sur-la-lumiere\/","name":"\u25b7 Weihnachtsdekoration - Die Trends 2016? | atHome","isPartOf":{"@id":"https:\/\/www.athome.lu\/blog\/#website"},"primaryImageOfPage":{"@id":"https:\/\/www.athome.lu\/blog\/mon-logement\/meuble-decoration\/decorations-de-noel-misez-sur-la-lumiere\/#primaryimage"},"image":{"@id":"https:\/\/www.athome.lu\/blog\/mon-logement\/meuble-decoration\/decorations-de-noel-misez-sur-la-lumiere\/#primaryimage"},"thumbnailUrl":"https:\/\/www.athome.lu\/blog\/wp-content\/uploads\/2016\/12\/christmas-trees-1823943_1920.jpg","datePublished":"2016-12-09T14:40:28+00:00","dateModified":"2022-05-12T08:03:59+00:00","author":{"@id":"https:\/\/www.athome.lu\/blog\/#\/schema\/person\/47f7a38089f837e792876ceddc4cb2dc"},"description":"In diesem Jahr ist Platz f\u00fcr Nat\u00fcrlichkeit, \"Barock'n Roll\" und Vintage. \u25b7\u25b7 atHome entschl\u00fcsselt f\u00fcr Sie die Trends 2016 f\u00fcr eine gelungene Weihnachtsdekoration.","breadcrumb":{"@id":"https:\/\/www.athome.lu\/blog\/mon-logement\/meuble-decoration\/decorations-de-noel-misez-sur-la-lumiere\/#breadcrumb"},"inLanguage":"de","potentialAction":[{"@type":"ReadAction","target":["https:\/\/www.athome.lu\/blog\/mon-logement\/meuble-decoration\/decorations-de-noel-misez-sur-la-lumiere\/"]}]},{"@type":"ImageObject","inLanguage":"de","@id":"https:\/\/www.athome.lu\/blog\/mon-logement\/meuble-decoration\/decorations-de-noel-misez-sur-la-lumiere\/#primaryimage","url":"https:\/\/www.athome.lu\/blog\/wp-content\/uploads\/2016\/12\/christmas-trees-1823943_1920.jpg","contentUrl":"https:\/\/www.athome.lu\/blog\/wp-content\/uploads\/2016\/12\/christmas-trees-1823943_1920.jpg","width":1920,"height":1280,"caption":"Sapin de no\u00ebl illumin\u00e9"},{"@type":"BreadcrumbList","@id":"https:\/\/www.athome.lu\/blog\/mon-logement\/meuble-decoration\/decorations-de-noel-misez-sur-la-lumiere\/#breadcrumb","itemListElement":[{"@type":"ListItem","position":1,"name":"Accueil","item":"https:\/\/www.athome.lu\/blog\/"},{"@type":"ListItem","position":2,"name":"Mon logement","item":"https:\/\/www.athome.lu\/blog\/de\/category\/mein-haus\/"},{"@type":"ListItem","position":3,"name":"Meubler et D\u00e9corer","item":"https:\/\/www.athome.lu\/blog\/de\/category\/mein-haus\/deko-mobel\/"},{"@type":"ListItem","position":4,"name":"D\u00e9corations de No\u00ebl : misez sur la lumi\u00e8re"}]},{"@type":"WebSite","@id":"https:\/\/www.athome.lu\/blog\/#website","url":"https:\/\/www.athome.lu\/blog\/","name":"atHome Blog","description":"Immobilienanzeigen in Luxemburg. Das Immobilienportal Nr. 1 in Luxemburg.","potentialAction":[{"@type":"SearchAction","target":{"@type":"EntryPoint","urlTemplate":"https:\/\/www.athome.lu\/blog\/?s={search_term_string}"},"query-input":{"@type":"PropertyValueSpecification","valueRequired":true,"valueName":"search_term_string"}}],"inLanguage":"de"},{"@type":"Person","@id":"https:\/\/www.athome.lu\/blog\/#\/schema\/person\/47f7a38089f837e792876ceddc4cb2dc","name":"Fanny Pimentel","image":{"@type":"ImageObject","inLanguage":"de","@id":"https:\/\/secure.gravatar.com\/avatar\/c60b27b93851dc9503f9cc9150e73dcb0a86ba6150657e5e4b11d988400bc633?s=96&d=mm&r=g","url":"https:\/\/secure.gravatar.com\/avatar\/c60b27b93851dc9503f9cc9150e73dcb0a86ba6150657e5e4b11d988400bc633?s=96&d=mm&r=g","contentUrl":"https:\/\/secure.gravatar.com\/avatar\/c60b27b93851dc9503f9cc9150e73dcb0a86ba6150657e5e4b11d988400bc633?s=96&d=mm&r=g","caption":"Fanny Pimentel"}}]}},"featured_media_src_url":"https:\/\/www.athome.lu\/blog\/wp-content\/uploads\/2016\/12\/christmas-trees-1823943_1920-1024x683.jpg","_links":{"self":[{"href":"https:\/\/www.athome.lu\/blog\/de\/wp-json\/wp\/v2\/posts\/8612","targetHints":{"allow":["GET"]}}],"collection":[{"href":"https:\/\/www.athome.lu\/blog\/de\/wp-json\/wp\/v2\/posts"}],"about":[{"href":"https:\/\/www.athome.lu\/blog\/de\/wp-json\/wp\/v2\/types\/post"}],"author":[{"embeddable":true,"href":"https:\/\/www.athome.lu\/blog\/de\/wp-json\/wp\/v2\/users\/17"}],"replies":[{"embeddable":true,"href":"https:\/\/www.athome.lu\/blog\/de\/wp-json\/wp\/v2\/comments?post=8612"}],"version-history":[{"count":2,"href":"https:\/\/www.athome.lu\/blog\/de\/wp-json\/wp\/v2\/posts\/8612\/revisions"}],"predecessor-version":[{"id":15311,"href":"https:\/\/www.athome.lu\/blog\/de\/wp-json\/wp\/v2\/posts\/8612\/revisions\/15311"}],"wp:featuredmedia":[{"embeddable":true,"href":"https:\/\/www.athome.lu\/blog\/de\/wp-json\/wp\/v2\/media\/8613"}],"wp:attachment":[{"href":"https:\/\/www.athome.lu\/blog\/de\/wp-json\/wp\/v2\/media?parent=8612"}],"wp:term":[{"taxonomy":"category","embeddable":true,"href":"https:\/\/www.athome.lu\/blog\/de\/wp-json\/wp\/v2\/categories?post=8612"},{"taxonomy":"post_tag","embeddable":true,"href":"https:\/\/www.athome.lu\/blog\/de\/wp-json\/wp\/v2\/tags?post=8612"}],"curies":[{"name":"wp","href":"https:\/\/api.w.org\/{rel}","templated":true}]}}