{"id":8706,"date":"2016-12-29T14:42:59","date_gmt":"2016-12-29T13:42:59","guid":{"rendered":"https:\/\/www.athome.lu\/blog\/?p=8706"},"modified":"2022-05-12T09:58:42","modified_gmt":"2022-05-12T07:58:42","slug":"designregal","status":"publish","type":"post","link":"https:\/\/www.athome.lu\/blog\/de\/mon-logement\/meuble-decoration\/etagere-design\/","title":{"rendered":"Design-Regale, um Ihre Wohnung zu verkleiden"},"content":{"rendered":"<p style=\"text-align: justify;\"><span style=\"color: #000000;\">Sie suchen nach Ideen, wie Sie Ihr Kuschelnest mit Regalen einrichten k\u00f6nnen? Verschiedene Formen und Farben - hier finden Sie bestimmt Inspiration.<\/span><\/p>\n<h2><span style=\"color: #000000;\">1- Skandinavischer Stil<\/span><\/h2>\n<p><!-- Please call pinit.js only once per page --><br \/><script async=\"\" defer=\"\" src=\"\/\/assets.pinterest.com\/js\/pinit.js\"><\/script><\/p>\n<h2><span style=\"color: #000000;\">2- Mikado-Effekt<\/span><\/h2>\n<p><!-- Please call pinit.js only once per page --><br \/><script async=\"\" defer=\"\" src=\"\/\/assets.pinterest.com\/js\/pinit.js\"><\/script><\/p>\n<h2><span style=\"color: #000000;\">3- F\u00fcr die Ecken<\/span><\/h2>\n<p><!-- Please call pinit.js only once per page --><br \/><script async=\"\" defer=\"\" src=\"\/\/assets.pinterest.com\/js\/pinit.js\"><\/script><\/p>\n<h2><span style=\"color: #000000;\">4- Geometrische Form<\/span><\/h2>\n<p><!-- Please call pinit.js only once per page --><br \/><script async=\"\" defer=\"\" src=\"\/\/assets.pinterest.com\/js\/pinit.js\"><\/script><\/p>\n<h2><span style=\"color: #000000;\">5- Als Wanddekor<\/span><\/h2>\n<p><!-- Please call pinit.js only once per page --><br \/><script async=\"\" defer=\"\" src=\"\/\/assets.pinterest.com\/js\/pinit.js\"><\/script><\/p>\n<h2><span style=\"color: #000000;\">6- F\u00fcr das Kopfende des Bettes<\/span><\/h2>\n<p><!-- Please call pinit.js only once per page --><br \/><script async=\"\" defer=\"\" src=\"\/\/assets.pinterest.com\/js\/pinit.js\"><\/script><\/p>\n\n<section id=\"section-3-14695\" class=\"ct-section\" ><div class=\"ct-section-inner-wrap\"><div id=\"div_block-4-14695\" class=\"ct-div-block\" ><div id=\"new_columns-7-14695\" class=\"ct-new-columns\" ><div id=\"div_block-8-14695\" class=\"ct-div-block\" ><div id=\"div_block-14-14695\" class=\"ct-div-block\" ><\/div><\/div><div id=\"div_block-9-14695\" class=\"ct-div-block\" ><h1 id=\"headline-11-14695\" class=\"ct-headline\">Wie hoch sind die Immobilienpreise derzeit?<\/h1><div id=\"text_block-12-14695\" class=\"ct-text-block\" >Die Preise verlangsamen sich. Die Zinss\u00e4tze steigen. Welche Trends sind in den kommenden Monaten zu erwarten?<\/div><a id=\"link_button-13-14695\" class=\"ct-link-button\" href=\"https:\/\/www.athome.lu\/blog\/blog\/marche-immobilier\/prix\/tendances-2022\/\" target=\"_blank\"  >Analyse lesen<\/a><\/div><\/div><\/div><\/div><\/section>","protected":false},"excerpt":{"rendered":"<p>Sie suchen nach Ideen, wie Sie Ihr Kuschelnest mit Regalen einrichten k\u00f6nnen? Verschiedene Formen und Farben - hier finden Sie bestimmt Inspiration. 1- Skandinavischer Stil 2- Mikado-Effekt 3- F\u00fcr die Ecken 4- Geometrische Form 5- Als Wanddekoration 6- F\u00fcr das Kopfende des Bettes<\/p>","protected":false},"author":17,"featured_media":8728,"comment_status":"closed","ping_status":"open","sticky":false,"template":"","format":"standard","meta":{"_acf_changed":false,"footnotes":""},"categories":[210],"tags":[79],"class_list":["post-8706","post","type-post","status-publish","format-standard","has-post-thumbnail","hentry","category-meuble-decoration","tag-decoration"],"acf":[],"yoast_head":"<!-- This site is optimized with the Yoast SEO plugin v27.4 - https:\/\/yoast.com\/product\/yoast-seo-wordpress\/ -->\n<title>\u25b7 6 \u00e9tag\u00e8res Design pour s&#039;inspirer | atHome<\/title>\n<meta name=\"description\" content=\"\u00cates-vous plut\u00f4t style Scandinave, Mikado, G\u00e9om\u00e9trique ? atHome vous partage 6 inspirations pour trouver l&#039;\u00e9tag\u00e8re parfaite dans votre Maison\" \/>\n<meta name=\"robots\" content=\"index, follow, max-snippet:-1, max-image-preview:large, max-video-preview:-1\" \/>\n<link rel=\"canonical\" href=\"https:\/\/www.athome.lu\/blog\/de\/mein-haus\/deko-mobel\/designregal\/\" \/>\n<meta property=\"og:locale\" content=\"de_DE\" \/>\n<meta property=\"og:type\" content=\"article\" \/>\n<meta property=\"og:title\" content=\"\u25b7 6 \u00e9tag\u00e8res Design pour s&#039;inspirer | atHome\" \/>\n<meta property=\"og:description\" content=\"\u00cates-vous plut\u00f4t style Scandinave, Mikado, G\u00e9om\u00e9trique ? atHome vous partage 6 inspirations pour trouver l&#039;\u00e9tag\u00e8re parfaite dans votre Maison\" \/>\n<meta property=\"og:url\" content=\"https:\/\/www.athome.lu\/blog\/de\/mein-haus\/deko-mobel\/designregal\/\" \/>\n<meta property=\"og:site_name\" content=\"atHome Blog\" \/>\n<meta property=\"article:publisher\" content=\"https:\/\/www.facebook.com\/atHome.lu\/\" \/>\n<meta property=\"article:published_time\" content=\"2016-12-29T13:42:59+00:00\" \/>\n<meta property=\"article:modified_time\" content=\"2022-05-12T07:58:42+00:00\" \/>\n<meta property=\"og:image\" content=\"https:\/\/www.athome.lu\/blog\/wp-content\/uploads\/2016\/12\/shelf-1700384_1920.jpg\" \/>\n\t<meta property=\"og:image:width\" content=\"1920\" \/>\n\t<meta property=\"og:image:height\" content=\"1440\" \/>\n\t<meta property=\"og:image:type\" content=\"image\/jpeg\" \/>\n<meta name=\"author\" content=\"Fanny Pimentel\" \/>\n<meta name=\"twitter:card\" content=\"summary_large_image\" \/>\n<meta name=\"twitter:title\" content=\"\u25b7 6 \u00e9tag\u00e8res Design pour s&#039;inspirer | atHome\" \/>\n<meta name=\"twitter:description\" content=\"\u00cates-vous plut\u00f4t style Scandinave, Mikado, G\u00e9om\u00e9trique ? atHome vous partage 6 inspirations pour trouver l&#039;\u00e9tag\u00e8re parfaite dans votre Maison\" \/>\n<meta name=\"twitter:creator\" content=\"@athomelu\" \/>\n<meta name=\"twitter:site\" content=\"@athomelu\" \/>\n<meta name=\"twitter:label1\" content=\"Verfasst von\" \/>\n\t<meta name=\"twitter:data1\" content=\"Fanny Pimentel\" \/>\n\t<meta name=\"twitter:label2\" content=\"Gesch\u00e4tzte Lesezeit\" \/>\n\t<meta name=\"twitter:data2\" content=\"1\u00a0Minute\" \/>\n<script type=\"application\/ld+json\" class=\"yoast-schema-graph\">{\"@context\":\"https:\\\/\\\/schema.org\",\"@graph\":[{\"@type\":\"Article\",\"@id\":\"https:\\\/\\\/www.athome.lu\\\/blog\\\/mon-logement\\\/meuble-decoration\\\/etagere-design\\\/#article\",\"isPartOf\":{\"@id\":\"https:\\\/\\\/www.athome.lu\\\/blog\\\/mon-logement\\\/meuble-decoration\\\/etagere-design\\\/\"},\"author\":{\"name\":\"Fanny Pimentel\",\"@id\":\"https:\\\/\\\/www.athome.lu\\\/blog\\\/#\\\/schema\\\/person\\\/47f7a38089f837e792876ceddc4cb2dc\"},\"headline\":\"Des \u00e9tag\u00e8res design pour habiller votre int\u00e9rieur\",\"datePublished\":\"2016-12-29T13:42:59+00:00\",\"dateModified\":\"2022-05-12T07:58:42+00:00\",\"mainEntityOfPage\":{\"@id\":\"https:\\\/\\\/www.athome.lu\\\/blog\\\/mon-logement\\\/meuble-decoration\\\/etagere-design\\\/\"},\"wordCount\":61,\"image\":{\"@id\":\"https:\\\/\\\/www.athome.lu\\\/blog\\\/mon-logement\\\/meuble-decoration\\\/etagere-design\\\/#primaryimage\"},\"thumbnailUrl\":\"https:\\\/\\\/www.athome.lu\\\/blog\\\/wp-content\\\/uploads\\\/2016\\\/12\\\/shelf-1700384_1920.jpg\",\"keywords\":[\"D\u00e9coration\"],\"articleSection\":[\"Meubler et D\u00e9corer\"],\"inLanguage\":\"de\"},{\"@type\":\"WebPage\",\"@id\":\"https:\\\/\\\/www.athome.lu\\\/blog\\\/mon-logement\\\/meuble-decoration\\\/etagere-design\\\/\",\"url\":\"https:\\\/\\\/www.athome.lu\\\/blog\\\/mon-logement\\\/meuble-decoration\\\/etagere-design\\\/\",\"name\":\"\u25b7 6 \u00e9tag\u00e8res Design pour s'inspirer | atHome\",\"isPartOf\":{\"@id\":\"https:\\\/\\\/www.athome.lu\\\/blog\\\/#website\"},\"primaryImageOfPage\":{\"@id\":\"https:\\\/\\\/www.athome.lu\\\/blog\\\/mon-logement\\\/meuble-decoration\\\/etagere-design\\\/#primaryimage\"},\"image\":{\"@id\":\"https:\\\/\\\/www.athome.lu\\\/blog\\\/mon-logement\\\/meuble-decoration\\\/etagere-design\\\/#primaryimage\"},\"thumbnailUrl\":\"https:\\\/\\\/www.athome.lu\\\/blog\\\/wp-content\\\/uploads\\\/2016\\\/12\\\/shelf-1700384_1920.jpg\",\"datePublished\":\"2016-12-29T13:42:59+00:00\",\"dateModified\":\"2022-05-12T07:58:42+00:00\",\"author\":{\"@id\":\"https:\\\/\\\/www.athome.lu\\\/blog\\\/#\\\/schema\\\/person\\\/47f7a38089f837e792876ceddc4cb2dc\"},\"description\":\"\u00cates-vous plut\u00f4t style Scandinave, Mikado, G\u00e9om\u00e9trique ? atHome vous partage 6 inspirations pour trouver l'\u00e9tag\u00e8re parfaite dans votre Maison\",\"breadcrumb\":{\"@id\":\"https:\\\/\\\/www.athome.lu\\\/blog\\\/mon-logement\\\/meuble-decoration\\\/etagere-design\\\/#breadcrumb\"},\"inLanguage\":\"de\",\"potentialAction\":[{\"@type\":\"ReadAction\",\"target\":[\"https:\\\/\\\/www.athome.lu\\\/blog\\\/mon-logement\\\/meuble-decoration\\\/etagere-design\\\/\"]}]},{\"@type\":\"ImageObject\",\"inLanguage\":\"de\",\"@id\":\"https:\\\/\\\/www.athome.lu\\\/blog\\\/mon-logement\\\/meuble-decoration\\\/etagere-design\\\/#primaryimage\",\"url\":\"https:\\\/\\\/www.athome.lu\\\/blog\\\/wp-content\\\/uploads\\\/2016\\\/12\\\/shelf-1700384_1920.jpg\",\"contentUrl\":\"https:\\\/\\\/www.athome.lu\\\/blog\\\/wp-content\\\/uploads\\\/2016\\\/12\\\/shelf-1700384_1920.jpg\",\"width\":1920,\"height\":1440,\"caption\":\"Etag\u00e8re design en lettre\"},{\"@type\":\"BreadcrumbList\",\"@id\":\"https:\\\/\\\/www.athome.lu\\\/blog\\\/mon-logement\\\/meuble-decoration\\\/etagere-design\\\/#breadcrumb\",\"itemListElement\":[{\"@type\":\"ListItem\",\"position\":1,\"name\":\"Accueil\",\"item\":\"https:\\\/\\\/www.athome.lu\\\/blog\\\/\"},{\"@type\":\"ListItem\",\"position\":2,\"name\":\"Mon logement\",\"item\":\"https:\\\/\\\/www.athome.lu\\\/blog\\\/de\\\/category\\\/mein-haus\\\/\"},{\"@type\":\"ListItem\",\"position\":3,\"name\":\"Meubler et D\u00e9corer\",\"item\":\"https:\\\/\\\/www.athome.lu\\\/blog\\\/de\\\/category\\\/mein-haus\\\/deko-mobel\\\/\"},{\"@type\":\"ListItem\",\"position\":4,\"name\":\"Des \u00e9tag\u00e8res design pour habiller votre int\u00e9rieur\"}]},{\"@type\":\"WebSite\",\"@id\":\"https:\\\/\\\/www.athome.lu\\\/blog\\\/#website\",\"url\":\"https:\\\/\\\/www.athome.lu\\\/blog\\\/\",\"name\":\"atHome Blog\",\"description\":\"Annonces immobili\u00e8res au Luxembourg. Le portail immobilier n\u00b01 au Luxembourg.\",\"potentialAction\":[{\"@type\":\"SearchAction\",\"target\":{\"@type\":\"EntryPoint\",\"urlTemplate\":\"https:\\\/\\\/www.athome.lu\\\/blog\\\/?s={search_term_string}\"},\"query-input\":{\"@type\":\"PropertyValueSpecification\",\"valueRequired\":true,\"valueName\":\"search_term_string\"}}],\"inLanguage\":\"de\"},{\"@type\":\"Person\",\"@id\":\"https:\\\/\\\/www.athome.lu\\\/blog\\\/#\\\/schema\\\/person\\\/47f7a38089f837e792876ceddc4cb2dc\",\"name\":\"Fanny Pimentel\",\"image\":{\"@type\":\"ImageObject\",\"inLanguage\":\"de\",\"@id\":\"https:\\\/\\\/secure.gravatar.com\\\/avatar\\\/c60b27b93851dc9503f9cc9150e73dcb0a86ba6150657e5e4b11d988400bc633?s=96&d=mm&r=g\",\"url\":\"https:\\\/\\\/secure.gravatar.com\\\/avatar\\\/c60b27b93851dc9503f9cc9150e73dcb0a86ba6150657e5e4b11d988400bc633?s=96&d=mm&r=g\",\"contentUrl\":\"https:\\\/\\\/secure.gravatar.com\\\/avatar\\\/c60b27b93851dc9503f9cc9150e73dcb0a86ba6150657e5e4b11d988400bc633?s=96&d=mm&r=g\",\"caption\":\"Fanny Pimentel\"}}]}<\/script>\n<!-- \/ Yoast SEO plugin. -->","yoast_head_json":{"title":"\u25b7 6 Design-Regale zur Inspiration | atHome","description":"Sind Sie eher der Skandinavische, Mikado oder Geometrische Stil? atHome teilt mit Ihnen 6 Inspirationen, um das perfekte Regal f\u00fcr Ihr Zuhause zu finden.","robots":{"index":"index","follow":"follow","max-snippet":"max-snippet:-1","max-image-preview":"max-image-preview:large","max-video-preview":"max-video-preview:-1"},"canonical":"https:\/\/www.athome.lu\/blog\/de\/mein-haus\/deko-mobel\/designregal\/","og_locale":"de_DE","og_type":"article","og_title":"\u25b7 6 \u00e9tag\u00e8res Design pour s'inspirer | atHome","og_description":"\u00cates-vous plut\u00f4t style Scandinave, Mikado, G\u00e9om\u00e9trique ? atHome vous partage 6 inspirations pour trouver l'\u00e9tag\u00e8re parfaite dans votre Maison","og_url":"https:\/\/www.athome.lu\/blog\/de\/mein-haus\/deko-mobel\/designregal\/","og_site_name":"atHome Blog","article_publisher":"https:\/\/www.facebook.com\/atHome.lu\/","article_published_time":"2016-12-29T13:42:59+00:00","article_modified_time":"2022-05-12T07:58:42+00:00","og_image":[{"width":1920,"height":1440,"url":"https:\/\/www.athome.lu\/blog\/wp-content\/uploads\/2016\/12\/shelf-1700384_1920.jpg","type":"image\/jpeg"}],"author":"Fanny Pimentel","twitter_card":"summary_large_image","twitter_title":"\u25b7 6 \u00e9tag\u00e8res Design pour s'inspirer | atHome","twitter_description":"\u00cates-vous plut\u00f4t style Scandinave, Mikado, G\u00e9om\u00e9trique ? atHome vous partage 6 inspirations pour trouver l'\u00e9tag\u00e8re parfaite dans votre Maison","twitter_creator":"@athomelu","twitter_site":"@athomelu","twitter_misc":{"Verfasst von":"Fanny Pimentel","Gesch\u00e4tzte Lesezeit":"1\u00a0Minute"},"schema":{"@context":"https:\/\/schema.org","@graph":[{"@type":"Article","@id":"https:\/\/www.athome.lu\/blog\/mon-logement\/meuble-decoration\/etagere-design\/#article","isPartOf":{"@id":"https:\/\/www.athome.lu\/blog\/mon-logement\/meuble-decoration\/etagere-design\/"},"author":{"name":"Fanny Pimentel","@id":"https:\/\/www.athome.lu\/blog\/#\/schema\/person\/47f7a38089f837e792876ceddc4cb2dc"},"headline":"Des \u00e9tag\u00e8res design pour habiller votre int\u00e9rieur","datePublished":"2016-12-29T13:42:59+00:00","dateModified":"2022-05-12T07:58:42+00:00","mainEntityOfPage":{"@id":"https:\/\/www.athome.lu\/blog\/mon-logement\/meuble-decoration\/etagere-design\/"},"wordCount":61,"image":{"@id":"https:\/\/www.athome.lu\/blog\/mon-logement\/meuble-decoration\/etagere-design\/#primaryimage"},"thumbnailUrl":"https:\/\/www.athome.lu\/blog\/wp-content\/uploads\/2016\/12\/shelf-1700384_1920.jpg","keywords":["D\u00e9coration"],"articleSection":["Meubler et D\u00e9corer"],"inLanguage":"de"},{"@type":"WebPage","@id":"https:\/\/www.athome.lu\/blog\/mon-logement\/meuble-decoration\/etagere-design\/","url":"https:\/\/www.athome.lu\/blog\/mon-logement\/meuble-decoration\/etagere-design\/","name":"\u25b7 6 Design-Regale zur Inspiration | atHome","isPartOf":{"@id":"https:\/\/www.athome.lu\/blog\/#website"},"primaryImageOfPage":{"@id":"https:\/\/www.athome.lu\/blog\/mon-logement\/meuble-decoration\/etagere-design\/#primaryimage"},"image":{"@id":"https:\/\/www.athome.lu\/blog\/mon-logement\/meuble-decoration\/etagere-design\/#primaryimage"},"thumbnailUrl":"https:\/\/www.athome.lu\/blog\/wp-content\/uploads\/2016\/12\/shelf-1700384_1920.jpg","datePublished":"2016-12-29T13:42:59+00:00","dateModified":"2022-05-12T07:58:42+00:00","author":{"@id":"https:\/\/www.athome.lu\/blog\/#\/schema\/person\/47f7a38089f837e792876ceddc4cb2dc"},"description":"Sind Sie eher der Skandinavische, Mikado oder Geometrische Stil? atHome teilt mit Ihnen 6 Inspirationen, um das perfekte Regal f\u00fcr Ihr Zuhause zu finden.","breadcrumb":{"@id":"https:\/\/www.athome.lu\/blog\/mon-logement\/meuble-decoration\/etagere-design\/#breadcrumb"},"inLanguage":"de","potentialAction":[{"@type":"ReadAction","target":["https:\/\/www.athome.lu\/blog\/mon-logement\/meuble-decoration\/etagere-design\/"]}]},{"@type":"ImageObject","inLanguage":"de","@id":"https:\/\/www.athome.lu\/blog\/mon-logement\/meuble-decoration\/etagere-design\/#primaryimage","url":"https:\/\/www.athome.lu\/blog\/wp-content\/uploads\/2016\/12\/shelf-1700384_1920.jpg","contentUrl":"https:\/\/www.athome.lu\/blog\/wp-content\/uploads\/2016\/12\/shelf-1700384_1920.jpg","width":1920,"height":1440,"caption":"Etag\u00e8re design en lettre"},{"@type":"BreadcrumbList","@id":"https:\/\/www.athome.lu\/blog\/mon-logement\/meuble-decoration\/etagere-design\/#breadcrumb","itemListElement":[{"@type":"ListItem","position":1,"name":"Accueil","item":"https:\/\/www.athome.lu\/blog\/"},{"@type":"ListItem","position":2,"name":"Mon logement","item":"https:\/\/www.athome.lu\/blog\/de\/category\/mein-haus\/"},{"@type":"ListItem","position":3,"name":"Meubler et D\u00e9corer","item":"https:\/\/www.athome.lu\/blog\/de\/category\/mein-haus\/deko-mobel\/"},{"@type":"ListItem","position":4,"name":"Des \u00e9tag\u00e8res design pour habiller votre int\u00e9rieur"}]},{"@type":"WebSite","@id":"https:\/\/www.athome.lu\/blog\/#website","url":"https:\/\/www.athome.lu\/blog\/","name":"atHome Blog","description":"Immobilienanzeigen in Luxemburg. Das Immobilienportal Nr. 1 in Luxemburg.","potentialAction":[{"@type":"SearchAction","target":{"@type":"EntryPoint","urlTemplate":"https:\/\/www.athome.lu\/blog\/?s={search_term_string}"},"query-input":{"@type":"PropertyValueSpecification","valueRequired":true,"valueName":"search_term_string"}}],"inLanguage":"de"},{"@type":"Person","@id":"https:\/\/www.athome.lu\/blog\/#\/schema\/person\/47f7a38089f837e792876ceddc4cb2dc","name":"Fanny Pimentel","image":{"@type":"ImageObject","inLanguage":"de","@id":"https:\/\/secure.gravatar.com\/avatar\/c60b27b93851dc9503f9cc9150e73dcb0a86ba6150657e5e4b11d988400bc633?s=96&d=mm&r=g","url":"https:\/\/secure.gravatar.com\/avatar\/c60b27b93851dc9503f9cc9150e73dcb0a86ba6150657e5e4b11d988400bc633?s=96&d=mm&r=g","contentUrl":"https:\/\/secure.gravatar.com\/avatar\/c60b27b93851dc9503f9cc9150e73dcb0a86ba6150657e5e4b11d988400bc633?s=96&d=mm&r=g","caption":"Fanny Pimentel"}}]}},"featured_media_src_url":"https:\/\/www.athome.lu\/blog\/wp-content\/uploads\/2016\/12\/shelf-1700384_1920-1024x768.jpg","_links":{"self":[{"href":"https:\/\/www.athome.lu\/blog\/de\/wp-json\/wp\/v2\/posts\/8706","targetHints":{"allow":["GET"]}}],"collection":[{"href":"https:\/\/www.athome.lu\/blog\/de\/wp-json\/wp\/v2\/posts"}],"about":[{"href":"https:\/\/www.athome.lu\/blog\/de\/wp-json\/wp\/v2\/types\/post"}],"author":[{"embeddable":true,"href":"https:\/\/www.athome.lu\/blog\/de\/wp-json\/wp\/v2\/users\/17"}],"replies":[{"embeddable":true,"href":"https:\/\/www.athome.lu\/blog\/de\/wp-json\/wp\/v2\/comments?post=8706"}],"version-history":[{"count":2,"href":"https:\/\/www.athome.lu\/blog\/de\/wp-json\/wp\/v2\/posts\/8706\/revisions"}],"predecessor-version":[{"id":15306,"href":"https:\/\/www.athome.lu\/blog\/de\/wp-json\/wp\/v2\/posts\/8706\/revisions\/15306"}],"wp:featuredmedia":[{"embeddable":true,"href":"https:\/\/www.athome.lu\/blog\/de\/wp-json\/wp\/v2\/media\/8728"}],"wp:attachment":[{"href":"https:\/\/www.athome.lu\/blog\/de\/wp-json\/wp\/v2\/media?parent=8706"}],"wp:term":[{"taxonomy":"category","embeddable":true,"href":"https:\/\/www.athome.lu\/blog\/de\/wp-json\/wp\/v2\/categories?post=8706"},{"taxonomy":"post_tag","embeddable":true,"href":"https:\/\/www.athome.lu\/blog\/de\/wp-json\/wp\/v2\/tags?post=8706"}],"curies":[{"name":"wp","href":"https:\/\/api.w.org\/{rel}","templated":true}]}}