{"id":8994,"date":"2017-02-27T13:45:34","date_gmt":"2017-02-27T12:45:34","guid":{"rendered":"https:\/\/www.athome.lu\/blog\/?p=8994"},"modified":"2022-05-12T10:11:00","modified_gmt":"2022-05-12T08:11:00","slug":"die-erweiterungen-der-garantie-fur-haushaltsgerate","status":"publish","type":"post","link":"https:\/\/www.athome.lu\/blog\/de\/mon-logement\/assurance\/les-extensions-de-garantie-pour-les-appareils-de-la-maison\/","title":{"rendered":"Garantieverl\u00e4ngerungen f\u00fcr Ger\u00e4te im Haushalt"},"content":{"rendered":"<p><span style=\"color: #000000;\">Wenn Sie heute ein Haushaltsger\u00e4t kaufen, wird Ihnen sozusagen systematisch eine Garantieverl\u00e4ngerung angeboten. Was ist das und lohnt es sich wirklich?<\/span><\/p>\n\n\n\n<h2 class=\"wp-block-heading\"><span style=\"color: #000000;\"><strong>Gesetzliche Garantie und kommerzielle Garantie<\/strong><\/span><\/h2>\n\n\n\n<p><span style=\"color: #000000;\">Bei Haushaltsger\u00e4ten (und Hightech-Ger\u00e4ten) muss zwischen der gesetzlich vorgeschriebenen Konformit\u00e4tsgarantie und der kommerziellen Garantie unterschieden werden, die von den Verk\u00e4ufern frei angeboten wird. Bei der ersten sind Sie zwei Jahre lang gegen Pannen, versteckte M\u00e4ngel usw. abgesichert. In den ersten sechs Monaten m\u00fcssen Sie \u00fcbrigens nichts nachweisen, um Ihr Geld zur\u00fcckzuerhalten, Ihr Ger\u00e4t auszutauschen oder eine Reparatur zu verlangen - es gen\u00fcgt, den Mangel anzuzeigen. Neben dieser Konformit\u00e4tsgarantie bieten Ihnen die Verk\u00e4ufer eine kommerzielle Garantie an, die bis zu f\u00fcnf Jahre dauern kann. Beachten Sie, dass es sich hierbei nicht um eine \"F\u00fcnf-Jahres-Garantie\" handelt, wie oft dargestellt, sondern um eine Verl\u00e4ngerung der Garantie um drei Jahre. Diese kommerzielle Garantie kostet Sie zwischen 10 und 20 % des Ger\u00e4tepreises.<\/span><\/p>\n\n\n\n<h2 class=\"wp-block-heading\"><span style=\"color: #000000;\"><strong>Vom Nutzen der Garantieverl\u00e4ngerung<\/strong><\/span><\/h2>\n\n\n\n<p><span style=\"color: #000000;\">Bevor Sie den Sirenenges\u00e4ngen der Garantieverl\u00e4ngerung folgen, sollten Sie sich dennoch bewusst sein, dass nur 3 % aller Defekte an Haushaltsger\u00e4ten zwischen zwei und f\u00fcnf Jahren nach dem Kauf auftreten. Einige Ger\u00e4te sind jedoch h\u00e4ufiger betroffen als andere. So ist erwiesen, dass Waschmaschinen und W\u00e4schetrockner st\u00e4rker von fr\u00fchen Pannen betroffen sind als Gefrierger\u00e4te, K\u00fchlschr\u00e4nke und Herde. Eine zus\u00e4tzliche Garantie wird sich daher f\u00fcr die erstgenannten Ger\u00e4te eher lohnen. Aber auch hier kommt es auf die Qualit\u00e4t der Ger\u00e4te an. Wenn Sie sich f\u00fcr ein Ger\u00e4t der unteren Preisklasse entscheiden, kann sich eine Garantieverl\u00e4ngerung lohnen, ebenso wie bei einem Ger\u00e4t der oberen Preisklasse, da es immer mehr elektronische Bauteile gibt.<\/span><\/p>\n\n\n\n<h2 class=\"wp-block-heading\"><span style=\"color: #000000;\"><strong>Vorsicht bei Garantien... der Garantie<\/strong><\/span><\/h2>\n\n\n\n<p><span style=\"color: #000000;\">Auch wenn Sie sich f\u00fcr eine kommerzielle Garantie entscheiden, m\u00fcssen Sie den Vertrag genau lesen, und zwar m\u00f6glichst zwischen den Zeilen. Sind Verschlei\u00dfteile abgedeckt (die Wahrscheinlichkeit ist sehr gering)? Unter welchen Bedingungen kommt die Reparaturwerkstatt zu Ihnen? Werden Sie ein Ersatzger\u00e4t erhalten und wenn ja, wie? All diese Fragen m\u00fcssen beantwortet werden, damit Sie in voller Kenntnis der Sachlage unterschreiben k\u00f6nnen. Wenn Sie weitere Fragen haben, k\u00f6nnen Sie sich an die luxemburgische Verbrauchervereinigung (ULC) wenden.<\/span><\/p>\n\n\n<section id=\"section-3-14695\" class=\"ct-section\" ><div class=\"ct-section-inner-wrap\"><div id=\"div_block-4-14695\" class=\"ct-div-block\" ><div id=\"new_columns-7-14695\" class=\"ct-new-columns\" ><div id=\"div_block-8-14695\" class=\"ct-div-block\" ><div id=\"div_block-14-14695\" class=\"ct-div-block\" ><\/div><\/div><div id=\"div_block-9-14695\" class=\"ct-div-block\" ><h1 id=\"headline-11-14695\" class=\"ct-headline\">Wie hoch sind die Immobilienpreise derzeit?<\/h1><div id=\"text_block-12-14695\" class=\"ct-text-block\" >Die Preise verlangsamen sich. Die Zinss\u00e4tze steigen. Welche Trends sind in den kommenden Monaten zu erwarten?<\/div><a id=\"link_button-13-14695\" class=\"ct-link-button\" href=\"https:\/\/www.athome.lu\/blog\/blog\/marche-immobilier\/prix\/tendances-2022\/\" target=\"_blank\"  >Analyse lesen<\/a><\/div><\/div><\/div><\/div><\/section>","protected":false},"excerpt":{"rendered":"<p>D\u00e9sormais, lorsque vous achetez un appareil \u00e9lectrom\u00e9nager, il vous est pour ainsi dire syst\u00e9matiquement propos\u00e9 une extension de garantie. De quoi s\u2019agit-il et est-ce vraiment int\u00e9ressant&nbsp;? Garantie l\u00e9gale et garantie commerciale En mati\u00e8re d\u2019appareils \u00e9lectrom\u00e9nagers (et d\u2019\u00e9quipements high-tech), il convient de distinguer la garantie de conformit\u00e9, qui est une obligation l\u00e9gale, de la garantie commerciale, [&hellip;]<\/p>\n","protected":false},"author":17,"featured_media":8995,"comment_status":"closed","ping_status":"open","sticky":false,"template":"","format":"standard","meta":{"_acf_changed":false,"footnotes":""},"categories":[204],"tags":[58,81],"class_list":["post-8994","post","type-post","status-publish","format-standard","has-post-thumbnail","hentry","category-assurance","tag-assurance-habitation","tag-equipement-de-la-maison"],"acf":[],"yoast_head":"<!-- This site is optimized with the Yoast SEO plugin v27.4 - https:\/\/yoast.com\/product\/yoast-seo-wordpress\/ -->\n<title>Les extensions de garantie pour les appareils de la maison - atHome Blog<\/title>\n<meta name=\"description\" content=\"Lorsque vous achetez un appareil \u00e9lectrom\u00e9nager, on vous propose souvent une extension de garantie. De quoi s\u2019agit-il et est-ce int\u00e9ressant ?\" \/>\n<meta name=\"robots\" content=\"index, follow, max-snippet:-1, max-image-preview:large, max-video-preview:-1\" \/>\n<link rel=\"canonical\" href=\"https:\/\/www.athome.lu\/blog\/de\/mein-haus\/versicherung\/die-erweiterungen-der-garantie-fur-haushaltsgerate\/\" \/>\n<meta property=\"og:locale\" content=\"de_DE\" \/>\n<meta property=\"og:type\" content=\"article\" \/>\n<meta property=\"og:title\" content=\"Les extensions de garantie pour les appareils de la maison - atHome Blog\" \/>\n<meta property=\"og:description\" content=\"Lorsque vous achetez un appareil \u00e9lectrom\u00e9nager, on vous propose souvent une extension de garantie. De quoi s\u2019agit-il et est-ce int\u00e9ressant ?\" \/>\n<meta property=\"og:url\" content=\"https:\/\/www.athome.lu\/blog\/de\/mein-haus\/versicherung\/die-erweiterungen-der-garantie-fur-haushaltsgerate\/\" \/>\n<meta property=\"og:site_name\" content=\"atHome Blog\" \/>\n<meta property=\"article:publisher\" content=\"https:\/\/www.facebook.com\/atHome.lu\/\" \/>\n<meta property=\"article:published_time\" content=\"2017-02-27T12:45:34+00:00\" \/>\n<meta property=\"article:modified_time\" content=\"2022-05-12T08:11:00+00:00\" \/>\n<meta property=\"og:image\" content=\"https:\/\/www.athome.lu\/blog\/wp-content\/uploads\/2017\/02\/four.jpg\" \/>\n\t<meta property=\"og:image:width\" content=\"1280\" \/>\n\t<meta property=\"og:image:height\" content=\"703\" \/>\n\t<meta property=\"og:image:type\" content=\"image\/jpeg\" \/>\n<meta name=\"author\" content=\"Fanny Pimentel\" \/>\n<meta name=\"twitter:card\" content=\"summary_large_image\" \/>\n<meta name=\"twitter:creator\" content=\"@athomelu\" \/>\n<meta name=\"twitter:site\" content=\"@athomelu\" \/>\n<meta name=\"twitter:label1\" content=\"Verfasst von\" \/>\n\t<meta name=\"twitter:data1\" content=\"Fanny Pimentel\" \/>\n\t<meta name=\"twitter:label2\" content=\"Gesch\u00e4tzte Lesezeit\" \/>\n\t<meta name=\"twitter:data2\" content=\"2\u00a0Minuten\" \/>\n<script type=\"application\/ld+json\" class=\"yoast-schema-graph\">{\"@context\":\"https:\\\/\\\/schema.org\",\"@graph\":[{\"@type\":\"Article\",\"@id\":\"https:\\\/\\\/www.athome.lu\\\/blog\\\/mon-logement\\\/assurance\\\/les-extensions-de-garantie-pour-les-appareils-de-la-maison\\\/#article\",\"isPartOf\":{\"@id\":\"https:\\\/\\\/www.athome.lu\\\/blog\\\/mon-logement\\\/assurance\\\/les-extensions-de-garantie-pour-les-appareils-de-la-maison\\\/\"},\"author\":{\"name\":\"Fanny Pimentel\",\"@id\":\"https:\\\/\\\/www.athome.lu\\\/blog\\\/#\\\/schema\\\/person\\\/47f7a38089f837e792876ceddc4cb2dc\"},\"headline\":\"Les extensions de garantie pour les appareils de la maison\",\"datePublished\":\"2017-02-27T12:45:34+00:00\",\"dateModified\":\"2022-05-12T08:11:00+00:00\",\"mainEntityOfPage\":{\"@id\":\"https:\\\/\\\/www.athome.lu\\\/blog\\\/mon-logement\\\/assurance\\\/les-extensions-de-garantie-pour-les-appareils-de-la-maison\\\/\"},\"wordCount\":454,\"image\":{\"@id\":\"https:\\\/\\\/www.athome.lu\\\/blog\\\/mon-logement\\\/assurance\\\/les-extensions-de-garantie-pour-les-appareils-de-la-maison\\\/#primaryimage\"},\"thumbnailUrl\":\"https:\\\/\\\/www.athome.lu\\\/blog\\\/wp-content\\\/uploads\\\/2017\\\/02\\\/four.jpg\",\"keywords\":[\"Assurance habitation\",\"Equipement de la maison\"],\"articleSection\":[\"Assurance\"],\"inLanguage\":\"de\"},{\"@type\":\"WebPage\",\"@id\":\"https:\\\/\\\/www.athome.lu\\\/blog\\\/mon-logement\\\/assurance\\\/les-extensions-de-garantie-pour-les-appareils-de-la-maison\\\/\",\"url\":\"https:\\\/\\\/www.athome.lu\\\/blog\\\/mon-logement\\\/assurance\\\/les-extensions-de-garantie-pour-les-appareils-de-la-maison\\\/\",\"name\":\"Les extensions de garantie pour les appareils de la maison - atHome Blog\",\"isPartOf\":{\"@id\":\"https:\\\/\\\/www.athome.lu\\\/blog\\\/#website\"},\"primaryImageOfPage\":{\"@id\":\"https:\\\/\\\/www.athome.lu\\\/blog\\\/mon-logement\\\/assurance\\\/les-extensions-de-garantie-pour-les-appareils-de-la-maison\\\/#primaryimage\"},\"image\":{\"@id\":\"https:\\\/\\\/www.athome.lu\\\/blog\\\/mon-logement\\\/assurance\\\/les-extensions-de-garantie-pour-les-appareils-de-la-maison\\\/#primaryimage\"},\"thumbnailUrl\":\"https:\\\/\\\/www.athome.lu\\\/blog\\\/wp-content\\\/uploads\\\/2017\\\/02\\\/four.jpg\",\"datePublished\":\"2017-02-27T12:45:34+00:00\",\"dateModified\":\"2022-05-12T08:11:00+00:00\",\"author\":{\"@id\":\"https:\\\/\\\/www.athome.lu\\\/blog\\\/#\\\/schema\\\/person\\\/47f7a38089f837e792876ceddc4cb2dc\"},\"description\":\"Lorsque vous achetez un appareil \u00e9lectrom\u00e9nager, on vous propose souvent une extension de garantie. De quoi s\u2019agit-il et est-ce int\u00e9ressant ?\",\"breadcrumb\":{\"@id\":\"https:\\\/\\\/www.athome.lu\\\/blog\\\/mon-logement\\\/assurance\\\/les-extensions-de-garantie-pour-les-appareils-de-la-maison\\\/#breadcrumb\"},\"inLanguage\":\"de\",\"potentialAction\":[{\"@type\":\"ReadAction\",\"target\":[\"https:\\\/\\\/www.athome.lu\\\/blog\\\/mon-logement\\\/assurance\\\/les-extensions-de-garantie-pour-les-appareils-de-la-maison\\\/\"]}]},{\"@type\":\"ImageObject\",\"inLanguage\":\"de\",\"@id\":\"https:\\\/\\\/www.athome.lu\\\/blog\\\/mon-logement\\\/assurance\\\/les-extensions-de-garantie-pour-les-appareils-de-la-maison\\\/#primaryimage\",\"url\":\"https:\\\/\\\/www.athome.lu\\\/blog\\\/wp-content\\\/uploads\\\/2017\\\/02\\\/four.jpg\",\"contentUrl\":\"https:\\\/\\\/www.athome.lu\\\/blog\\\/wp-content\\\/uploads\\\/2017\\\/02\\\/four.jpg\",\"width\":1280,\"height\":703,\"caption\":\"Electrom\u00e9nager inox\"},{\"@type\":\"BreadcrumbList\",\"@id\":\"https:\\\/\\\/www.athome.lu\\\/blog\\\/mon-logement\\\/assurance\\\/les-extensions-de-garantie-pour-les-appareils-de-la-maison\\\/#breadcrumb\",\"itemListElement\":[{\"@type\":\"ListItem\",\"position\":1,\"name\":\"Accueil\",\"item\":\"https:\\\/\\\/www.athome.lu\\\/blog\\\/\"},{\"@type\":\"ListItem\",\"position\":2,\"name\":\"Mon logement\",\"item\":\"https:\\\/\\\/www.athome.lu\\\/blog\\\/de\\\/category\\\/mein-haus\\\/\"},{\"@type\":\"ListItem\",\"position\":3,\"name\":\"Assurance\",\"item\":\"https:\\\/\\\/www.athome.lu\\\/blog\\\/category\\\/mon-logement\\\/assurance\\\/\"},{\"@type\":\"ListItem\",\"position\":4,\"name\":\"Les extensions de garantie pour les appareils de la maison\"}]},{\"@type\":\"WebSite\",\"@id\":\"https:\\\/\\\/www.athome.lu\\\/blog\\\/#website\",\"url\":\"https:\\\/\\\/www.athome.lu\\\/blog\\\/\",\"name\":\"atHome Blog\",\"description\":\"Annonces immobili\u00e8res au Luxembourg. Le portail immobilier n\u00b01 au Luxembourg.\",\"potentialAction\":[{\"@type\":\"SearchAction\",\"target\":{\"@type\":\"EntryPoint\",\"urlTemplate\":\"https:\\\/\\\/www.athome.lu\\\/blog\\\/?s={search_term_string}\"},\"query-input\":{\"@type\":\"PropertyValueSpecification\",\"valueRequired\":true,\"valueName\":\"search_term_string\"}}],\"inLanguage\":\"de\"},{\"@type\":\"Person\",\"@id\":\"https:\\\/\\\/www.athome.lu\\\/blog\\\/#\\\/schema\\\/person\\\/47f7a38089f837e792876ceddc4cb2dc\",\"name\":\"Fanny Pimentel\",\"image\":{\"@type\":\"ImageObject\",\"inLanguage\":\"de\",\"@id\":\"https:\\\/\\\/secure.gravatar.com\\\/avatar\\\/c60b27b93851dc9503f9cc9150e73dcb0a86ba6150657e5e4b11d988400bc633?s=96&d=mm&r=g\",\"url\":\"https:\\\/\\\/secure.gravatar.com\\\/avatar\\\/c60b27b93851dc9503f9cc9150e73dcb0a86ba6150657e5e4b11d988400bc633?s=96&d=mm&r=g\",\"contentUrl\":\"https:\\\/\\\/secure.gravatar.com\\\/avatar\\\/c60b27b93851dc9503f9cc9150e73dcb0a86ba6150657e5e4b11d988400bc633?s=96&d=mm&r=g\",\"caption\":\"Fanny Pimentel\"}}]}<\/script>\n<!-- \/ Yoast SEO plugin. -->","yoast_head_json":{"title":"Garantieverl\u00e4ngerungen f\u00fcr Ger\u00e4te im Haushalt - atHome Blog","description":"Wenn Sie ein Haushaltsger\u00e4t kaufen, wird Ihnen oft eine Garantieverl\u00e4ngerung angeboten. Worum handelt es sich dabei und lohnt sich das?","robots":{"index":"index","follow":"follow","max-snippet":"max-snippet:-1","max-image-preview":"max-image-preview:large","max-video-preview":"max-video-preview:-1"},"canonical":"https:\/\/www.athome.lu\/blog\/de\/mein-haus\/versicherung\/die-erweiterungen-der-garantie-fur-haushaltsgerate\/","og_locale":"de_DE","og_type":"article","og_title":"Les extensions de garantie pour les appareils de la maison - atHome Blog","og_description":"Lorsque vous achetez un appareil \u00e9lectrom\u00e9nager, on vous propose souvent une extension de garantie. De quoi s\u2019agit-il et est-ce int\u00e9ressant ?","og_url":"https:\/\/www.athome.lu\/blog\/de\/mein-haus\/versicherung\/die-erweiterungen-der-garantie-fur-haushaltsgerate\/","og_site_name":"atHome Blog","article_publisher":"https:\/\/www.facebook.com\/atHome.lu\/","article_published_time":"2017-02-27T12:45:34+00:00","article_modified_time":"2022-05-12T08:11:00+00:00","og_image":[{"width":1280,"height":703,"url":"https:\/\/www.athome.lu\/blog\/wp-content\/uploads\/2017\/02\/four.jpg","type":"image\/jpeg"}],"author":"Fanny Pimentel","twitter_card":"summary_large_image","twitter_creator":"@athomelu","twitter_site":"@athomelu","twitter_misc":{"Verfasst von":"Fanny Pimentel","Gesch\u00e4tzte Lesezeit":"2\u00a0Minuten"},"schema":{"@context":"https:\/\/schema.org","@graph":[{"@type":"Article","@id":"https:\/\/www.athome.lu\/blog\/mon-logement\/assurance\/les-extensions-de-garantie-pour-les-appareils-de-la-maison\/#article","isPartOf":{"@id":"https:\/\/www.athome.lu\/blog\/mon-logement\/assurance\/les-extensions-de-garantie-pour-les-appareils-de-la-maison\/"},"author":{"name":"Fanny Pimentel","@id":"https:\/\/www.athome.lu\/blog\/#\/schema\/person\/47f7a38089f837e792876ceddc4cb2dc"},"headline":"Les extensions de garantie pour les appareils de la maison","datePublished":"2017-02-27T12:45:34+00:00","dateModified":"2022-05-12T08:11:00+00:00","mainEntityOfPage":{"@id":"https:\/\/www.athome.lu\/blog\/mon-logement\/assurance\/les-extensions-de-garantie-pour-les-appareils-de-la-maison\/"},"wordCount":454,"image":{"@id":"https:\/\/www.athome.lu\/blog\/mon-logement\/assurance\/les-extensions-de-garantie-pour-les-appareils-de-la-maison\/#primaryimage"},"thumbnailUrl":"https:\/\/www.athome.lu\/blog\/wp-content\/uploads\/2017\/02\/four.jpg","keywords":["Assurance habitation","Equipement de la maison"],"articleSection":["Assurance"],"inLanguage":"de"},{"@type":"WebPage","@id":"https:\/\/www.athome.lu\/blog\/mon-logement\/assurance\/les-extensions-de-garantie-pour-les-appareils-de-la-maison\/","url":"https:\/\/www.athome.lu\/blog\/mon-logement\/assurance\/les-extensions-de-garantie-pour-les-appareils-de-la-maison\/","name":"Garantieverl\u00e4ngerungen f\u00fcr Ger\u00e4te im Haushalt - atHome Blog","isPartOf":{"@id":"https:\/\/www.athome.lu\/blog\/#website"},"primaryImageOfPage":{"@id":"https:\/\/www.athome.lu\/blog\/mon-logement\/assurance\/les-extensions-de-garantie-pour-les-appareils-de-la-maison\/#primaryimage"},"image":{"@id":"https:\/\/www.athome.lu\/blog\/mon-logement\/assurance\/les-extensions-de-garantie-pour-les-appareils-de-la-maison\/#primaryimage"},"thumbnailUrl":"https:\/\/www.athome.lu\/blog\/wp-content\/uploads\/2017\/02\/four.jpg","datePublished":"2017-02-27T12:45:34+00:00","dateModified":"2022-05-12T08:11:00+00:00","author":{"@id":"https:\/\/www.athome.lu\/blog\/#\/schema\/person\/47f7a38089f837e792876ceddc4cb2dc"},"description":"Wenn Sie ein Haushaltsger\u00e4t kaufen, wird Ihnen oft eine Garantieverl\u00e4ngerung angeboten. Worum handelt es sich dabei und lohnt sich das?","breadcrumb":{"@id":"https:\/\/www.athome.lu\/blog\/mon-logement\/assurance\/les-extensions-de-garantie-pour-les-appareils-de-la-maison\/#breadcrumb"},"inLanguage":"de","potentialAction":[{"@type":"ReadAction","target":["https:\/\/www.athome.lu\/blog\/mon-logement\/assurance\/les-extensions-de-garantie-pour-les-appareils-de-la-maison\/"]}]},{"@type":"ImageObject","inLanguage":"de","@id":"https:\/\/www.athome.lu\/blog\/mon-logement\/assurance\/les-extensions-de-garantie-pour-les-appareils-de-la-maison\/#primaryimage","url":"https:\/\/www.athome.lu\/blog\/wp-content\/uploads\/2017\/02\/four.jpg","contentUrl":"https:\/\/www.athome.lu\/blog\/wp-content\/uploads\/2017\/02\/four.jpg","width":1280,"height":703,"caption":"Electrom\u00e9nager inox"},{"@type":"BreadcrumbList","@id":"https:\/\/www.athome.lu\/blog\/mon-logement\/assurance\/les-extensions-de-garantie-pour-les-appareils-de-la-maison\/#breadcrumb","itemListElement":[{"@type":"ListItem","position":1,"name":"Accueil","item":"https:\/\/www.athome.lu\/blog\/"},{"@type":"ListItem","position":2,"name":"Mon logement","item":"https:\/\/www.athome.lu\/blog\/de\/category\/mein-haus\/"},{"@type":"ListItem","position":3,"name":"Assurance","item":"https:\/\/www.athome.lu\/blog\/category\/mon-logement\/assurance\/"},{"@type":"ListItem","position":4,"name":"Les extensions de garantie pour les appareils de la maison"}]},{"@type":"WebSite","@id":"https:\/\/www.athome.lu\/blog\/#website","url":"https:\/\/www.athome.lu\/blog\/","name":"atHome Blog","description":"Immobilienanzeigen in Luxemburg. Das Immobilienportal Nr. 1 in Luxemburg.","potentialAction":[{"@type":"SearchAction","target":{"@type":"EntryPoint","urlTemplate":"https:\/\/www.athome.lu\/blog\/?s={search_term_string}"},"query-input":{"@type":"PropertyValueSpecification","valueRequired":true,"valueName":"search_term_string"}}],"inLanguage":"de"},{"@type":"Person","@id":"https:\/\/www.athome.lu\/blog\/#\/schema\/person\/47f7a38089f837e792876ceddc4cb2dc","name":"Fanny Pimentel","image":{"@type":"ImageObject","inLanguage":"de","@id":"https:\/\/secure.gravatar.com\/avatar\/c60b27b93851dc9503f9cc9150e73dcb0a86ba6150657e5e4b11d988400bc633?s=96&d=mm&r=g","url":"https:\/\/secure.gravatar.com\/avatar\/c60b27b93851dc9503f9cc9150e73dcb0a86ba6150657e5e4b11d988400bc633?s=96&d=mm&r=g","contentUrl":"https:\/\/secure.gravatar.com\/avatar\/c60b27b93851dc9503f9cc9150e73dcb0a86ba6150657e5e4b11d988400bc633?s=96&d=mm&r=g","caption":"Fanny Pimentel"}}]}},"featured_media_src_url":"https:\/\/www.athome.lu\/blog\/wp-content\/uploads\/2017\/02\/four-1024x562.jpg","_links":{"self":[{"href":"https:\/\/www.athome.lu\/blog\/de\/wp-json\/wp\/v2\/posts\/8994","targetHints":{"allow":["GET"]}}],"collection":[{"href":"https:\/\/www.athome.lu\/blog\/de\/wp-json\/wp\/v2\/posts"}],"about":[{"href":"https:\/\/www.athome.lu\/blog\/de\/wp-json\/wp\/v2\/types\/post"}],"author":[{"embeddable":true,"href":"https:\/\/www.athome.lu\/blog\/de\/wp-json\/wp\/v2\/users\/17"}],"replies":[{"embeddable":true,"href":"https:\/\/www.athome.lu\/blog\/de\/wp-json\/wp\/v2\/comments?post=8994"}],"version-history":[{"count":2,"href":"https:\/\/www.athome.lu\/blog\/de\/wp-json\/wp\/v2\/posts\/8994\/revisions"}],"predecessor-version":[{"id":15328,"href":"https:\/\/www.athome.lu\/blog\/de\/wp-json\/wp\/v2\/posts\/8994\/revisions\/15328"}],"wp:featuredmedia":[{"embeddable":true,"href":"https:\/\/www.athome.lu\/blog\/de\/wp-json\/wp\/v2\/media\/8995"}],"wp:attachment":[{"href":"https:\/\/www.athome.lu\/blog\/de\/wp-json\/wp\/v2\/media?parent=8994"}],"wp:term":[{"taxonomy":"category","embeddable":true,"href":"https:\/\/www.athome.lu\/blog\/de\/wp-json\/wp\/v2\/categories?post=8994"},{"taxonomy":"post_tag","embeddable":true,"href":"https:\/\/www.athome.lu\/blog\/de\/wp-json\/wp\/v2\/tags?post=8994"}],"curies":[{"name":"wp","href":"https:\/\/api.w.org\/{rel}","templated":true}]}}