{"id":9156,"date":"2017-03-27T09:07:47","date_gmt":"2017-03-27T08:07:47","guid":{"rendered":"https:\/\/www.athome.lu\/blog\/?p=9156"},"modified":"2022-05-12T09:27:11","modified_gmt":"2022-05-12T07:27:11","slug":"kaerjeng-eine-auferstandene-gemeinde","status":"publish","type":"post","link":"https:\/\/www.athome.lu\/blog\/de\/marche-immobilier\/villes\/kaerjeng-une-commune-recente\/","title":{"rendered":"K\u00e4erjeng, eine neue Gemeinde"},"content":{"rendered":"<p><span style=\"color: #000000;\">Die Gemeinde K\u00e4erjeng liegt an der belgischen Grenze im S\u00fcdwesten des Gro\u00dfherzogtums Luxemburg und bietet eine nat\u00fcrliche und zugleich industriell gepr\u00e4gte Lebensumgebung, die von ihren zahlreichen Einwohnern gesch\u00e4tzt wird. <\/span><\/p>\n\n\n\n<p><span style=\"color: #000000;\">Die Gemeinde K\u00e4erjeng entstand 2012 durch die Fusion von Bascharage und Clemency. Heute umfasst sie f\u00fcnf Ortschaften - Bascharage, Clemency, Fingig, Hautcharage und Linger -, die sich \u00fcber eine Fl\u00e4che von fast 34 km verteilen.<sup>2<\/sup>.<\/span><\/p>\n\n\n\n<p><span style=\"color: #000000;\">Mit \u00fcber 10.000 Einwohnern liegt K\u00e4erjeng an 9.<sup>\u00e8me<\/sup> Position der bev\u00f6lkerungsreichsten Gemeinden des Landes. In den letzten Jahren hat die Stadt einen starken demografischen Wandel erlebt. Seit 2000 sind 1.500 zus\u00e4tzliche Einwohner in die Gemeinde gezogen. Bascharage ist die gr\u00f6\u00dfte Gemeinde, in der mehr als die H\u00e4lfte der Einwohner leben.<\/span><\/p>\n\n\n\n<p><span style=\"color: #000000;\">Trotz seiner Grenzlage versammelt K\u00e4erjeng eine stark luxemburgisch gepr\u00e4gte Bev\u00f6lkerung: mehr als 70% im 1.<sup>er<\/sup> Juni 2015. Die anderen vertretenen L\u00e4nder sind Portugal (ca. 11%), gefolgt von Frankreich und Belgien (mit jeweils etwas mehr als 4%).<\/span><\/p>\n\n\n\n<div class=\"wp-block-image\"><figure class=\"aligncenter\"><img loading=\"lazy\" decoding=\"async\" width=\"1024\" height=\"595\" src=\"https:\/\/www.athome.lu\/blog\/blog\/wp-content\/uploads\/2017\/03\/kaerjen2-1024x595.jpg\" alt=\"Fassade des Rathauses von Kaerjeng\" class=\"wp-image-9158\" srcset=\"https:\/\/www.athome.lu\/blog\/wp-content\/uploads\/2017\/03\/kaerjen2-1024x595.jpg 1024w, https:\/\/www.athome.lu\/blog\/wp-content\/uploads\/2017\/03\/kaerjen2-300x174.jpg 300w, https:\/\/www.athome.lu\/blog\/wp-content\/uploads\/2017\/03\/kaerjen2-768x446.jpg 768w, https:\/\/www.athome.lu\/blog\/wp-content\/uploads\/2017\/03\/kaerjen2-18x10.jpg 18w, https:\/\/www.athome.lu\/blog\/wp-content\/uploads\/2017\/03\/kaerjen2.jpg 1280w\" sizes=\"auto, (max-width: 1024px) 100vw, 1024px\" \/><\/figure><\/div>\n\n\n\n<p><\/p>\n\n\n\n<h2 class=\"wp-block-heading\"><span style=\"color: #000000;\"><strong>Unternehmen an der frischen Luft<\/strong><\/span><\/h2>\n\n\n\n<p><span style=\"color: #000000;\">In dieser Gemeinde mit zwei Gesichtern stehen Natur und Industrie harmonisch nebeneinander. K\u00e4erjeng beherbergt das Naturschutzgebiet \"Boufferdanger Muer\", das zwischen Hautcharage und Fingig liegt. Die Gemeinde ist st\u00e4ndig bem\u00fcht, dieses Erbe hervorzuheben, z. B. durch Rundwege durch Felder und W\u00e4lder.<\/span><\/p>\n\n\n\n<p><span style=\"color: #000000;\">Gleichzeitig zieht Bascharage seit langem viele Unternehmen an. In dem vor etwa 30 Jahren errichteten Industriegebiet sind sowohl Unternehmen aus der Region als auch Niederlassungen gro\u00dfer europ\u00e4ischer Konzerne angesiedelt. Beispiele hierf\u00fcr sind Delphi Automotive Systems und Guardian Luxguard. Auch die Brasserie Nationale, die das Bofferding-Bier herstellt, hat hier ihre Produktion angesiedelt.<\/span><\/p>\n\n\n\n<h2 class=\"wp-block-heading\"><span style=\"color: #000000;\"><strong>Die Mobilit\u00e4t verbessern<\/strong><\/span><\/h2>\n\n\n\n<p><span style=\"color: #000000;\">Einziger Wermutstropfen: Diese vielen Unternehmen und die Lage der Gemeinde f\u00fchren zu einem dichten Stra\u00dfenverkehr, haupts\u00e4chlich um Bascharage herum. Aus diesem Grund hat der luxemburgische Regierungsrat einem Projekt zugestimmt, das eine Umgehung des Ortes einf\u00fchren soll. Diese Initiative sollte das Stadtzentrum wieder mit Sauerstoff versorgen und eine ruhige Umgebung f\u00fcr alle gew\u00e4hrleisten. Um den Verkehr weiter zu entlasten, werden 60 zus\u00e4tzliche Pl\u00e4tze in der P+R-Anlage Nord freigegeben. Die Einrichtung eines P+R S\u00fcd wird ebenfalls in Betracht gezogen.<\/span><\/p>\n\n\n\n<p><span style=\"color: #000000;\">Was die \u00f6ffentlichen Verkehrsmittel betrifft, so ist K\u00e4erjeng gut angebunden, sowohl mit dem Bus als auch mit dem Zug. Luxemburg-Stadt, die umliegenden Gemeinden und Belgien k\u00f6nnen leicht erreicht werden. Schlie\u00dflich wird die sanfte Mobilit\u00e4t demn\u00e4chst durch die Schaffung einer Fahrradroute, die mehrere Bahnh\u00f6fe zwischen P\u00e9tange und Bertrange verbindet, gest\u00e4rkt.<\/span><\/p>\n\n\n\n<h2 class=\"wp-block-heading\"><span style=\"color: #000000;\"><strong>Mehrere Immobilienprojekte in Arbeit<\/strong><\/span><\/h2>\n\n\n\n<p><span style=\"color: #000000;\">Um das Bev\u00f6lkerungswachstum zu unterst\u00fctzen, hat die Gemeinde in den letzten Jahren f\u00fcr den Bau von Wohnanlagen und Siedlungen gestimmt: eine Wohnanlage mit 7 Wohnungen und 2 Einfamilienh\u00e4usern in Bascharage, 26 H\u00e4user und 3 Mehrfamilienh\u00e4user mit jeweils 8 Wohnungen in Hautcharage sowie 32 Parzellen f\u00fcr den Bau von Einfamilienh\u00e4usern in Fingig. Au\u00dferdem soll in Hautcharage bald ein neuer Stadtteil entstehen. Wie die Gemeinde mitteilt <em>\"Der PAP sieht die Schaffung einer Siedlung mit 23 Einfamilienh\u00e4usern vor, davon 5 freistehende, 6 Doppelhaush\u00e4lften und 12 Reihenh\u00e4user\".<\/em>.<\/span><\/p>\n\n\n\n<p><span style=\"color: #ff0000;\"><a style=\"color: #ff0000;\" href=\"https:\/\/www.athome.lu\/blog\/recherche\/resultats\/tr\/by\/w\/a,Kaerjeng+%28LU%29\" target=\"_blank\" rel=\"noopener\"><strong>Finden Sie Ihre Unterkunft in Kaerjeng<\/strong><\/a><\/span><\/p>\n\n\n\n<h2 class=\"wp-block-heading\"><span style=\"color: #000000;\"><strong>Eine Gemeinde, die auf ihre Jugend setzt<\/strong><\/span><\/h2>\n\n\n\n<p><span style=\"color: #000000;\">Dank der Fusion verf\u00fcgt K\u00e4erjeng nun \u00fcber mehr Ressourcen f\u00fcr seine zahlreichen Einwohner. In diesem Zusammenhang legt die Gemeinde besonderes Augenmerk auf Einrichtungen, die der Jugend gewidmet sind, denn, wie B\u00fcrgermeister Michel Wolter hervorhebt, <em>\"Unsere Kinder sind ein unsch\u00e4tzbarer Reichtum, ein fabelhaftes Reservoir an vielf\u00e4ltigen Talenten. Sie sind auch die Zukunft. Es ist daher von gr\u00f6\u00dfter Bedeutung, dass wir ihnen helfen, ihre Zukunft bestm\u00f6glich vorzubereiten.<\/em>. So gibt es auf dem Gebiet zahlreiche Kindertagesst\u00e4tten, Grund-, Fr\u00fch- und Vorschulen, ein technisches Gymnasium f\u00fcr Gesundheitsberufe, eine Musikschule und zwei Maison relais.<\/span><\/p>\n\n\n\n<p><span style=\"color: #000000;\">Auch das Sportangebot ist gut ausgebaut. Die Gemeinde verf\u00fcgt \u00fcber Spielpl\u00e4tze, ein Schulschwimmbad, mehrere Sportzentren, Fu\u00dfball- und Tennispl\u00e4tze. Au\u00dferdem kann man Handball, Basketball, Karate oder auch Fitness betreiben. Jugendbewegungen, Ch\u00f6re, Harmonie und Theater vervollst\u00e4ndigen diese reiche Freizeitinfrastruktur. Insgesamt gibt es fast 100 lokale Vereine, die die Gemeinde t\u00e4glich beleben. Die neue Mehrzweckhalle in Bascharage, deren Fertigstellung f\u00fcr Mai 2017 geplant ist, wird all diese Sport- und Kultureinrichtungen zusammenf\u00fchren und weiter dazu beitragen, den Einwohnern ein dynamisches und angenehmes Lebensumfeld zu bieten.<\/span><\/p>\n\n\n\n<p><strong><span style=\"color: #000000;\">Lesen Sie auch:&nbsp;<a href=\"https:\/\/www.athome.lu\/blog\/blog\/rambrouch-qualite-de-vie\/\" target=\"_blank\" rel=\"noopener\">Rambrouch, f\u00fcr Lebensqualit\u00e4t<\/a><\/span><\/strong><\/p>","protected":false},"excerpt":{"rendered":"<p>Situ\u00e9e \u00e0 la fronti\u00e8re belge, au sud-ouest du Grand-Duch\u00e9 de Luxembourg, la commune de K\u00e4erjeng propose un cadre de vie \u00e0 la fois naturel et industriel, appr\u00e9ci\u00e9 de ses nombreux habitants. N\u00e9 de la fusion de Bascharage et Clemency, la commune de K\u00e4erjeng a vu le jour en 2012. Elle compte aujourd\u2019hui cinq localit\u00e9s \u2013 [&hellip;]<\/p>\n","protected":false},"author":17,"featured_media":9159,"comment_status":"closed","ping_status":"open","sticky":false,"template":"","format":"standard","meta":{"_acf_changed":false,"footnotes":""},"categories":[218],"tags":[110,99],"class_list":["post-9156","post","type-post","status-publish","format-standard","has-post-thumbnail","hentry","category-villes","tag-kaerjeng","tag-ouest"],"acf":[],"yoast_head":"<!-- This site is optimized with the Yoast SEO plugin v27.4 - https:\/\/yoast.com\/product\/yoast-seo-wordpress\/ -->\n<title>K\u00e4erjeng, une commune r\u00e9cente - atHome Blog<\/title>\n<meta name=\"description\" content=\"Situ\u00e9e \u00e0 la fronti\u00e8re belge, au sud-ouest du Luxembourg, la commune de K\u00e4erjeng propose un cadre de vie \u00e0 la fois naturel et industriel.\" \/>\n<meta name=\"robots\" content=\"index, follow, max-snippet:-1, max-image-preview:large, max-video-preview:-1\" \/>\n<link rel=\"canonical\" href=\"https:\/\/www.athome.lu\/blog\/de\/immobilien-markt\/stadte\/kaerjeng-eine-auferstandene-gemeinde\/\" \/>\n<meta property=\"og:locale\" content=\"de_DE\" \/>\n<meta property=\"og:type\" content=\"article\" \/>\n<meta property=\"og:title\" content=\"K\u00e4erjeng, une commune r\u00e9cente - atHome Blog\" \/>\n<meta property=\"og:description\" content=\"Situ\u00e9e \u00e0 la fronti\u00e8re belge, au sud-ouest du Luxembourg, la commune de K\u00e4erjeng propose un cadre de vie \u00e0 la fois naturel et industriel.\" \/>\n<meta property=\"og:url\" content=\"https:\/\/www.athome.lu\/blog\/de\/immobilien-markt\/stadte\/kaerjeng-eine-auferstandene-gemeinde\/\" \/>\n<meta property=\"og:site_name\" content=\"atHome Blog\" \/>\n<meta property=\"article:publisher\" content=\"https:\/\/www.facebook.com\/atHome.lu\/\" \/>\n<meta property=\"article:published_time\" content=\"2017-03-27T08:07:47+00:00\" \/>\n<meta property=\"article:modified_time\" content=\"2022-05-12T07:27:11+00:00\" \/>\n<meta property=\"og:image\" content=\"https:\/\/www.athome.lu\/blog\/wp-content\/uploads\/2017\/03\/kaerjenj.jpg\" \/>\n\t<meta property=\"og:image:width\" content=\"1280\" \/>\n\t<meta property=\"og:image:height\" content=\"649\" \/>\n\t<meta property=\"og:image:type\" content=\"image\/jpeg\" \/>\n<meta name=\"author\" content=\"Fanny Pimentel\" \/>\n<meta name=\"twitter:card\" content=\"summary_large_image\" \/>\n<meta name=\"twitter:creator\" content=\"@athomelu\" \/>\n<meta name=\"twitter:site\" content=\"@athomelu\" \/>\n<meta name=\"twitter:label1\" content=\"Verfasst von\" \/>\n\t<meta name=\"twitter:data1\" content=\"Fanny Pimentel\" \/>\n\t<meta name=\"twitter:label2\" content=\"Gesch\u00e4tzte Lesezeit\" \/>\n\t<meta name=\"twitter:data2\" content=\"5\u00a0Minuten\" \/>\n<script type=\"application\/ld+json\" class=\"yoast-schema-graph\">{\"@context\":\"https:\\\/\\\/schema.org\",\"@graph\":[{\"@type\":\"Article\",\"@id\":\"https:\\\/\\\/www.athome.lu\\\/blog\\\/marche-immobilier\\\/villes\\\/kaerjeng-une-commune-recente\\\/#article\",\"isPartOf\":{\"@id\":\"https:\\\/\\\/www.athome.lu\\\/blog\\\/marche-immobilier\\\/villes\\\/kaerjeng-une-commune-recente\\\/\"},\"author\":{\"name\":\"Fanny Pimentel\",\"@id\":\"https:\\\/\\\/www.athome.lu\\\/blog\\\/#\\\/schema\\\/person\\\/47f7a38089f837e792876ceddc4cb2dc\"},\"headline\":\"K\u00e4erjeng, une commune r\u00e9cente\",\"datePublished\":\"2017-03-27T08:07:47+00:00\",\"dateModified\":\"2022-05-12T07:27:11+00:00\",\"mainEntityOfPage\":{\"@id\":\"https:\\\/\\\/www.athome.lu\\\/blog\\\/marche-immobilier\\\/villes\\\/kaerjeng-une-commune-recente\\\/\"},\"wordCount\":819,\"image\":{\"@id\":\"https:\\\/\\\/www.athome.lu\\\/blog\\\/marche-immobilier\\\/villes\\\/kaerjeng-une-commune-recente\\\/#primaryimage\"},\"thumbnailUrl\":\"https:\\\/\\\/www.athome.lu\\\/blog\\\/wp-content\\\/uploads\\\/2017\\\/03\\\/kaerjenj.jpg\",\"keywords\":[\"Kaerjeng\",\"Ouest\"],\"articleSection\":[\"Villes\"],\"inLanguage\":\"de\"},{\"@type\":\"WebPage\",\"@id\":\"https:\\\/\\\/www.athome.lu\\\/blog\\\/marche-immobilier\\\/villes\\\/kaerjeng-une-commune-recente\\\/\",\"url\":\"https:\\\/\\\/www.athome.lu\\\/blog\\\/marche-immobilier\\\/villes\\\/kaerjeng-une-commune-recente\\\/\",\"name\":\"K\u00e4erjeng, une commune r\u00e9cente - atHome Blog\",\"isPartOf\":{\"@id\":\"https:\\\/\\\/www.athome.lu\\\/blog\\\/#website\"},\"primaryImageOfPage\":{\"@id\":\"https:\\\/\\\/www.athome.lu\\\/blog\\\/marche-immobilier\\\/villes\\\/kaerjeng-une-commune-recente\\\/#primaryimage\"},\"image\":{\"@id\":\"https:\\\/\\\/www.athome.lu\\\/blog\\\/marche-immobilier\\\/villes\\\/kaerjeng-une-commune-recente\\\/#primaryimage\"},\"thumbnailUrl\":\"https:\\\/\\\/www.athome.lu\\\/blog\\\/wp-content\\\/uploads\\\/2017\\\/03\\\/kaerjenj.jpg\",\"datePublished\":\"2017-03-27T08:07:47+00:00\",\"dateModified\":\"2022-05-12T07:27:11+00:00\",\"author\":{\"@id\":\"https:\\\/\\\/www.athome.lu\\\/blog\\\/#\\\/schema\\\/person\\\/47f7a38089f837e792876ceddc4cb2dc\"},\"description\":\"Situ\u00e9e \u00e0 la fronti\u00e8re belge, au sud-ouest du Luxembourg, la commune de K\u00e4erjeng propose un cadre de vie \u00e0 la fois naturel et industriel.\",\"breadcrumb\":{\"@id\":\"https:\\\/\\\/www.athome.lu\\\/blog\\\/marche-immobilier\\\/villes\\\/kaerjeng-une-commune-recente\\\/#breadcrumb\"},\"inLanguage\":\"de\",\"potentialAction\":[{\"@type\":\"ReadAction\",\"target\":[\"https:\\\/\\\/www.athome.lu\\\/blog\\\/marche-immobilier\\\/villes\\\/kaerjeng-une-commune-recente\\\/\"]}]},{\"@type\":\"ImageObject\",\"inLanguage\":\"de\",\"@id\":\"https:\\\/\\\/www.athome.lu\\\/blog\\\/marche-immobilier\\\/villes\\\/kaerjeng-une-commune-recente\\\/#primaryimage\",\"url\":\"https:\\\/\\\/www.athome.lu\\\/blog\\\/wp-content\\\/uploads\\\/2017\\\/03\\\/kaerjenj.jpg\",\"contentUrl\":\"https:\\\/\\\/www.athome.lu\\\/blog\\\/wp-content\\\/uploads\\\/2017\\\/03\\\/kaerjenj.jpg\",\"width\":1280,\"height\":649},{\"@type\":\"BreadcrumbList\",\"@id\":\"https:\\\/\\\/www.athome.lu\\\/blog\\\/marche-immobilier\\\/villes\\\/kaerjeng-une-commune-recente\\\/#breadcrumb\",\"itemListElement\":[{\"@type\":\"ListItem\",\"position\":1,\"name\":\"Accueil\",\"item\":\"https:\\\/\\\/www.athome.lu\\\/blog\\\/\"},{\"@type\":\"ListItem\",\"position\":2,\"name\":\"March\u00e9 immobilier\",\"item\":\"https:\\\/\\\/www.athome.lu\\\/blog\\\/category\\\/marche-immobilier\\\/\"},{\"@type\":\"ListItem\",\"position\":3,\"name\":\"Villes\",\"item\":\"https:\\\/\\\/www.athome.lu\\\/blog\\\/category\\\/marche-immobilier\\\/villes\\\/\"},{\"@type\":\"ListItem\",\"position\":4,\"name\":\"K\u00e4erjeng, une commune r\u00e9cente\"}]},{\"@type\":\"WebSite\",\"@id\":\"https:\\\/\\\/www.athome.lu\\\/blog\\\/#website\",\"url\":\"https:\\\/\\\/www.athome.lu\\\/blog\\\/\",\"name\":\"atHome Blog\",\"description\":\"Annonces immobili\u00e8res au Luxembourg. Le portail immobilier n\u00b01 au Luxembourg.\",\"potentialAction\":[{\"@type\":\"SearchAction\",\"target\":{\"@type\":\"EntryPoint\",\"urlTemplate\":\"https:\\\/\\\/www.athome.lu\\\/blog\\\/?s={search_term_string}\"},\"query-input\":{\"@type\":\"PropertyValueSpecification\",\"valueRequired\":true,\"valueName\":\"search_term_string\"}}],\"inLanguage\":\"de\"},{\"@type\":\"Person\",\"@id\":\"https:\\\/\\\/www.athome.lu\\\/blog\\\/#\\\/schema\\\/person\\\/47f7a38089f837e792876ceddc4cb2dc\",\"name\":\"Fanny Pimentel\",\"image\":{\"@type\":\"ImageObject\",\"inLanguage\":\"de\",\"@id\":\"https:\\\/\\\/secure.gravatar.com\\\/avatar\\\/c60b27b93851dc9503f9cc9150e73dcb0a86ba6150657e5e4b11d988400bc633?s=96&d=mm&r=g\",\"url\":\"https:\\\/\\\/secure.gravatar.com\\\/avatar\\\/c60b27b93851dc9503f9cc9150e73dcb0a86ba6150657e5e4b11d988400bc633?s=96&d=mm&r=g\",\"contentUrl\":\"https:\\\/\\\/secure.gravatar.com\\\/avatar\\\/c60b27b93851dc9503f9cc9150e73dcb0a86ba6150657e5e4b11d988400bc633?s=96&d=mm&r=g\",\"caption\":\"Fanny Pimentel\"}}]}<\/script>\n<!-- \/ Yoast SEO plugin. -->","yoast_head_json":{"title":"K\u00e4erjeng, eine neue Gemeinde - atHome Blog","description":"Die Gemeinde K\u00e4erjeng liegt an der belgischen Grenze im S\u00fcdwesten Luxemburgs und bietet eine nat\u00fcrliche und zugleich industriell gepr\u00e4gte Lebensumgebung.","robots":{"index":"index","follow":"follow","max-snippet":"max-snippet:-1","max-image-preview":"max-image-preview:large","max-video-preview":"max-video-preview:-1"},"canonical":"https:\/\/www.athome.lu\/blog\/de\/immobilien-markt\/stadte\/kaerjeng-eine-auferstandene-gemeinde\/","og_locale":"de_DE","og_type":"article","og_title":"K\u00e4erjeng, une commune r\u00e9cente - atHome Blog","og_description":"Situ\u00e9e \u00e0 la fronti\u00e8re belge, au sud-ouest du Luxembourg, la commune de K\u00e4erjeng propose un cadre de vie \u00e0 la fois naturel et industriel.","og_url":"https:\/\/www.athome.lu\/blog\/de\/immobilien-markt\/stadte\/kaerjeng-eine-auferstandene-gemeinde\/","og_site_name":"atHome Blog","article_publisher":"https:\/\/www.facebook.com\/atHome.lu\/","article_published_time":"2017-03-27T08:07:47+00:00","article_modified_time":"2022-05-12T07:27:11+00:00","og_image":[{"width":1280,"height":649,"url":"https:\/\/www.athome.lu\/blog\/wp-content\/uploads\/2017\/03\/kaerjenj.jpg","type":"image\/jpeg"}],"author":"Fanny Pimentel","twitter_card":"summary_large_image","twitter_creator":"@athomelu","twitter_site":"@athomelu","twitter_misc":{"Verfasst von":"Fanny Pimentel","Gesch\u00e4tzte Lesezeit":"5\u00a0Minuten"},"schema":{"@context":"https:\/\/schema.org","@graph":[{"@type":"Article","@id":"https:\/\/www.athome.lu\/blog\/marche-immobilier\/villes\/kaerjeng-une-commune-recente\/#article","isPartOf":{"@id":"https:\/\/www.athome.lu\/blog\/marche-immobilier\/villes\/kaerjeng-une-commune-recente\/"},"author":{"name":"Fanny Pimentel","@id":"https:\/\/www.athome.lu\/blog\/#\/schema\/person\/47f7a38089f837e792876ceddc4cb2dc"},"headline":"K\u00e4erjeng, une commune r\u00e9cente","datePublished":"2017-03-27T08:07:47+00:00","dateModified":"2022-05-12T07:27:11+00:00","mainEntityOfPage":{"@id":"https:\/\/www.athome.lu\/blog\/marche-immobilier\/villes\/kaerjeng-une-commune-recente\/"},"wordCount":819,"image":{"@id":"https:\/\/www.athome.lu\/blog\/marche-immobilier\/villes\/kaerjeng-une-commune-recente\/#primaryimage"},"thumbnailUrl":"https:\/\/www.athome.lu\/blog\/wp-content\/uploads\/2017\/03\/kaerjenj.jpg","keywords":["Kaerjeng","Ouest"],"articleSection":["Villes"],"inLanguage":"de"},{"@type":"WebPage","@id":"https:\/\/www.athome.lu\/blog\/marche-immobilier\/villes\/kaerjeng-une-commune-recente\/","url":"https:\/\/www.athome.lu\/blog\/marche-immobilier\/villes\/kaerjeng-une-commune-recente\/","name":"K\u00e4erjeng, eine neue Gemeinde - atHome Blog","isPartOf":{"@id":"https:\/\/www.athome.lu\/blog\/#website"},"primaryImageOfPage":{"@id":"https:\/\/www.athome.lu\/blog\/marche-immobilier\/villes\/kaerjeng-une-commune-recente\/#primaryimage"},"image":{"@id":"https:\/\/www.athome.lu\/blog\/marche-immobilier\/villes\/kaerjeng-une-commune-recente\/#primaryimage"},"thumbnailUrl":"https:\/\/www.athome.lu\/blog\/wp-content\/uploads\/2017\/03\/kaerjenj.jpg","datePublished":"2017-03-27T08:07:47+00:00","dateModified":"2022-05-12T07:27:11+00:00","author":{"@id":"https:\/\/www.athome.lu\/blog\/#\/schema\/person\/47f7a38089f837e792876ceddc4cb2dc"},"description":"Die Gemeinde K\u00e4erjeng liegt an der belgischen Grenze im S\u00fcdwesten Luxemburgs und bietet eine nat\u00fcrliche und zugleich industriell gepr\u00e4gte Lebensumgebung.","breadcrumb":{"@id":"https:\/\/www.athome.lu\/blog\/marche-immobilier\/villes\/kaerjeng-une-commune-recente\/#breadcrumb"},"inLanguage":"de","potentialAction":[{"@type":"ReadAction","target":["https:\/\/www.athome.lu\/blog\/marche-immobilier\/villes\/kaerjeng-une-commune-recente\/"]}]},{"@type":"ImageObject","inLanguage":"de","@id":"https:\/\/www.athome.lu\/blog\/marche-immobilier\/villes\/kaerjeng-une-commune-recente\/#primaryimage","url":"https:\/\/www.athome.lu\/blog\/wp-content\/uploads\/2017\/03\/kaerjenj.jpg","contentUrl":"https:\/\/www.athome.lu\/blog\/wp-content\/uploads\/2017\/03\/kaerjenj.jpg","width":1280,"height":649},{"@type":"BreadcrumbList","@id":"https:\/\/www.athome.lu\/blog\/marche-immobilier\/villes\/kaerjeng-une-commune-recente\/#breadcrumb","itemListElement":[{"@type":"ListItem","position":1,"name":"Accueil","item":"https:\/\/www.athome.lu\/blog\/"},{"@type":"ListItem","position":2,"name":"March\u00e9 immobilier","item":"https:\/\/www.athome.lu\/blog\/category\/marche-immobilier\/"},{"@type":"ListItem","position":3,"name":"Villes","item":"https:\/\/www.athome.lu\/blog\/category\/marche-immobilier\/villes\/"},{"@type":"ListItem","position":4,"name":"K\u00e4erjeng, une commune r\u00e9cente"}]},{"@type":"WebSite","@id":"https:\/\/www.athome.lu\/blog\/#website","url":"https:\/\/www.athome.lu\/blog\/","name":"atHome Blog","description":"Immobilienanzeigen in Luxemburg. Das Immobilienportal Nr. 1 in Luxemburg.","potentialAction":[{"@type":"SearchAction","target":{"@type":"EntryPoint","urlTemplate":"https:\/\/www.athome.lu\/blog\/?s={search_term_string}"},"query-input":{"@type":"PropertyValueSpecification","valueRequired":true,"valueName":"search_term_string"}}],"inLanguage":"de"},{"@type":"Person","@id":"https:\/\/www.athome.lu\/blog\/#\/schema\/person\/47f7a38089f837e792876ceddc4cb2dc","name":"Fanny Pimentel","image":{"@type":"ImageObject","inLanguage":"de","@id":"https:\/\/secure.gravatar.com\/avatar\/c60b27b93851dc9503f9cc9150e73dcb0a86ba6150657e5e4b11d988400bc633?s=96&d=mm&r=g","url":"https:\/\/secure.gravatar.com\/avatar\/c60b27b93851dc9503f9cc9150e73dcb0a86ba6150657e5e4b11d988400bc633?s=96&d=mm&r=g","contentUrl":"https:\/\/secure.gravatar.com\/avatar\/c60b27b93851dc9503f9cc9150e73dcb0a86ba6150657e5e4b11d988400bc633?s=96&d=mm&r=g","caption":"Fanny Pimentel"}}]}},"featured_media_src_url":"https:\/\/www.athome.lu\/blog\/wp-content\/uploads\/2017\/03\/kaerjenj-1024x519.jpg","_links":{"self":[{"href":"https:\/\/www.athome.lu\/blog\/de\/wp-json\/wp\/v2\/posts\/9156","targetHints":{"allow":["GET"]}}],"collection":[{"href":"https:\/\/www.athome.lu\/blog\/de\/wp-json\/wp\/v2\/posts"}],"about":[{"href":"https:\/\/www.athome.lu\/blog\/de\/wp-json\/wp\/v2\/types\/post"}],"author":[{"embeddable":true,"href":"https:\/\/www.athome.lu\/blog\/de\/wp-json\/wp\/v2\/users\/17"}],"replies":[{"embeddable":true,"href":"https:\/\/www.athome.lu\/blog\/de\/wp-json\/wp\/v2\/comments?post=9156"}],"version-history":[{"count":2,"href":"https:\/\/www.athome.lu\/blog\/de\/wp-json\/wp\/v2\/posts\/9156\/revisions"}],"predecessor-version":[{"id":15296,"href":"https:\/\/www.athome.lu\/blog\/de\/wp-json\/wp\/v2\/posts\/9156\/revisions\/15296"}],"wp:featuredmedia":[{"embeddable":true,"href":"https:\/\/www.athome.lu\/blog\/de\/wp-json\/wp\/v2\/media\/9159"}],"wp:attachment":[{"href":"https:\/\/www.athome.lu\/blog\/de\/wp-json\/wp\/v2\/media?parent=9156"}],"wp:term":[{"taxonomy":"category","embeddable":true,"href":"https:\/\/www.athome.lu\/blog\/de\/wp-json\/wp\/v2\/categories?post=9156"},{"taxonomy":"post_tag","embeddable":true,"href":"https:\/\/www.athome.lu\/blog\/de\/wp-json\/wp\/v2\/tags?post=9156"}],"curies":[{"name":"wp","href":"https:\/\/api.w.org\/{rel}","templated":true}]}}