{"id":9591,"date":"2017-05-15T08:34:19","date_gmt":"2017-05-15T07:34:19","guid":{"rendered":"https:\/\/www.athome.lu\/blog\/?p=9591"},"modified":"2022-05-12T09:17:21","modified_gmt":"2022-05-12T07:17:21","slug":"der-trend-zu-mikroapartments","status":"publish","type":"post","link":"https:\/\/www.athome.lu\/blog\/de\/dossiers-a-la-une\/la-tendance-des-micro-appartements\/","title":{"rendered":"Mikro-Apartments liegen im Trend"},"content":{"rendered":"<p><span style=\"color: #000000;\">Um in den gro\u00dfen Metropolen zu vern\u00fcnftigen Preisen zu wohnen, gibt es eine L\u00f6sung: das Mikro-Apartment. Das Angebot wird stark ausgebaut, aber wovon spricht man eigentlich?<\/span><\/p>\n\n\n\n<h2 class=\"wp-block-heading\"><span style=\"color: #000000;\"><strong>Mikro-Apartments als L\u00f6sung f\u00fcr die Wohnungsnot<\/strong><\/span><\/h2>\n\n\n\n<p><span style=\"color: #000000;\">In vielen gro\u00dfen Metropolen herrscht ein eklatanter Mangel an Wohnraum, ganz zu schweigen von den exorbitanten Mietpreisen pro Quadratmeter. Angesichts dieser Situation entwickeln einige St\u00e4dte, allen voran New York, ein Angebot an Mikro-Apartments. Mit zwei Schl\u00fcsselw\u00f6rtern: Einfallsreichtum und Modularit\u00e4t, um komfortable Lebensr\u00e4ume in (sehr) kleinen Strukturen einzurichten. Innenarchitekten haben \u00fcbrigens ihre helle Freude daran, die R\u00e4ume mit Klappbetten, Nischen, in die Trennw\u00e4nde integrierten Schr\u00e4nken, Podesten usw. zu optimieren.<\/span><\/p>\n\n\n\n<h2 class=\"wp-block-heading\"><span style=\"color: #000000;\"><strong>\"Kleine Fl\u00e4che\" - ein relativer Begriff<\/strong><\/span><\/h2>\n\n\n\n<p><span style=\"color: #000000;\">\u00dcberall auf dem westlichen Planeten sind diese Mikroapartments f\u00fcr die gleichen Bev\u00f6lkerungsgruppen gedacht, haupts\u00e4chlich f\u00fcr Studenten, junge Berufst\u00e4tige und \u00e4ltere Menschen, die allein sind. Allerdings ist alles relativ, wenn man diesen Begriff verwendet, da die Fl\u00e4chen sehr unterschiedlich sind. Um beim Beispiel New York zu bleiben: Das Pilotprojekt Carmel Place im Stadtteil Kips Bay bietet 55 Wohnungen zwischen 265 und 302 Quadratfu\u00df, was etwa 24 und 28 m\u00b2 entspricht - eine durchaus angemessene Gr\u00f6\u00dfe f\u00fcr eine Einzimmerwohnung auf europ\u00e4ischem Boden! In Montreal spricht man von einem \"Mikro-Condo\", wenn die Wohnung eine Fl\u00e4che von 37 m\u00b2 bietet... Das ist also weit entfernt von der Mindestgr\u00f6\u00dfe von 12 m\u00b2, die das luxemburgische Gesetz vorschreibt, um eine Immobilie vermieten zu k\u00f6nnen.<\/span><\/p>\n\n\n\n<h2 class=\"wp-block-heading\"><span style=\"color: #000000;\"><strong>Die Bedeutung der Helligkeit<\/strong><\/span><\/h2>\n\n\n\n<p><span style=\"color: #000000;\">Ob es sich nun um renovierte Dienstm\u00e4dchenzimmer unter den D\u00e4chern von Paris oder um vorgefertigte Module (Typ Container) in amerikanischen Lagerh\u00e4usern handelt, die Mikroapartments erf\u00fcllen alle die gleichen Anforderungen. Vor allem muss man sich eine besonders effiziente Ergonomie ausdenken, damit die Bewohner auf engstem Raum essen, schlafen, sich waschen, entspannen usw. k\u00f6nnen. Au\u00dferdem ist es wichtig, dass die Wohnung hell ist (und daher ein gro\u00dfes Fenster hat), um ein Gef\u00fchl von Ger\u00e4umigkeit zu vermitteln. Denn letztlich geht es f\u00fcr Architekten und Designer darum, die Wohnung gr\u00f6\u00dfer erscheinen zu lassen, als sie tats\u00e4chlich ist, und daf\u00fcr zu sorgen, dass sich die Bewohner wohlf\u00fchlen.<\/span><\/p>\n\n\n\n<p><span style=\"color: #000000;\">Sehen Sie sich dieses Beispiel an: <a href=\"https:\/\/www.athome.lu\/blog\/blog\/aimeriez-vivre-24-metres-carres\/\" target=\"_blank\" rel=\"noopener noreferrer\">Eine 24 m2 gro\u00dfe Designerwohnung<\/a><\/span><\/p>\n\n\n<section id=\"section-3-14695\" class=\"ct-section\" ><div class=\"ct-section-inner-wrap\"><div id=\"div_block-4-14695\" class=\"ct-div-block\" ><div id=\"new_columns-7-14695\" class=\"ct-new-columns\" ><div id=\"div_block-8-14695\" class=\"ct-div-block\" ><div id=\"div_block-14-14695\" class=\"ct-div-block\" ><\/div><\/div><div id=\"div_block-9-14695\" class=\"ct-div-block\" ><h1 id=\"headline-11-14695\" class=\"ct-headline\">Wie hoch sind die Immobilienpreise derzeit?<\/h1><div id=\"text_block-12-14695\" class=\"ct-text-block\" >Die Preise verlangsamen sich. Die Zinss\u00e4tze steigen. Welche Trends sind in den kommenden Monaten zu erwarten?<\/div><a id=\"link_button-13-14695\" class=\"ct-link-button\" href=\"https:\/\/www.athome.lu\/blog\/blog\/marche-immobilier\/prix\/tendances-2022\/\" target=\"_blank\"  >Analyse lesen<\/a><\/div><\/div><\/div><\/div><\/section>","protected":false},"excerpt":{"rendered":"<p>Pour se loger \u00e0 des prix raisonnables dans les grandes m\u00e9tropoles, il existe une solution&nbsp;: le micro-appartement. L\u2019offre se d\u00e9veloppe largement, mais de quoi parle-t-on au juste&nbsp;? Les micro-appartements, une solution au manque de logements Dans nombre de grandes m\u00e9tropoles, la p\u00e9nurie de logements est flagrante, sans compter les prix exorbitants de la location au [&hellip;]<\/p>\n","protected":false},"author":17,"featured_media":9628,"comment_status":"closed","ping_status":"open","sticky":false,"template":"","format":"standard","meta":{"_acf_changed":false,"footnotes":""},"categories":[28],"tags":[42],"class_list":["post-9591","post","type-post","status-publish","format-standard","has-post-thumbnail","hentry","category-dossiers-a-la-une","tag-appartement"],"acf":[],"yoast_head":"<!-- This site is optimized with the Yoast SEO plugin v27.4 - https:\/\/yoast.com\/product\/yoast-seo-wordpress\/ -->\n<title>\u25b7 La tendance des micro-appartements dans les grandes villes | atHome<\/title>\n<meta name=\"description\" content=\"Pour se loger \u00e0 des prix raisonnables dans les grandes m\u00e9tropoles, il existe une solution : le micro-appartement.\" \/>\n<meta name=\"robots\" content=\"index, follow, max-snippet:-1, max-image-preview:large, max-video-preview:-1\" \/>\n<link rel=\"canonical\" href=\"https:\/\/www.athome.lu\/blog\/de\/blickpunkt\/der-trend-zu-mikroapartments\/\" \/>\n<meta property=\"og:locale\" content=\"de_DE\" \/>\n<meta property=\"og:type\" content=\"article\" \/>\n<meta property=\"og:title\" content=\"\u25b7 La tendance des micro-appartements dans les grandes villes | atHome\" \/>\n<meta property=\"og:description\" content=\"Pour se loger \u00e0 des prix raisonnables dans les grandes m\u00e9tropoles, il existe une solution : le micro-appartement.\" \/>\n<meta property=\"og:url\" content=\"https:\/\/www.athome.lu\/blog\/de\/blickpunkt\/der-trend-zu-mikroapartments\/\" \/>\n<meta property=\"og:site_name\" content=\"atHome Blog\" \/>\n<meta property=\"article:publisher\" content=\"https:\/\/www.facebook.com\/atHome.lu\/\" \/>\n<meta property=\"article:published_time\" content=\"2017-05-15T07:34:19+00:00\" \/>\n<meta property=\"article:modified_time\" content=\"2022-05-12T07:17:21+00:00\" \/>\n<meta property=\"og:image\" content=\"https:\/\/www.athome.lu\/blog\/wp-content\/uploads\/2017\/05\/micro-appartement.jpg\" \/>\n\t<meta property=\"og:image:width\" content=\"1025\" \/>\n\t<meta property=\"og:image:height\" content=\"684\" \/>\n\t<meta property=\"og:image:type\" content=\"image\/jpeg\" \/>\n<meta name=\"author\" content=\"Fanny Pimentel\" \/>\n<meta name=\"twitter:card\" content=\"summary_large_image\" \/>\n<meta name=\"twitter:creator\" content=\"@athomelu\" \/>\n<meta name=\"twitter:site\" content=\"@athomelu\" \/>\n<meta name=\"twitter:label1\" content=\"Verfasst von\" \/>\n\t<meta name=\"twitter:data1\" content=\"Fanny Pimentel\" \/>\n\t<meta name=\"twitter:label2\" content=\"Gesch\u00e4tzte Lesezeit\" \/>\n\t<meta name=\"twitter:data2\" content=\"2\u00a0Minuten\" \/>\n<script type=\"application\/ld+json\" class=\"yoast-schema-graph\">{\"@context\":\"https:\\\/\\\/schema.org\",\"@graph\":[{\"@type\":\"Article\",\"@id\":\"https:\\\/\\\/www.athome.lu\\\/blog\\\/dossiers-a-la-une\\\/la-tendance-des-micro-appartements\\\/#article\",\"isPartOf\":{\"@id\":\"https:\\\/\\\/www.athome.lu\\\/blog\\\/dossiers-a-la-une\\\/la-tendance-des-micro-appartements\\\/\"},\"author\":{\"name\":\"Fanny Pimentel\",\"@id\":\"https:\\\/\\\/www.athome.lu\\\/blog\\\/#\\\/schema\\\/person\\\/47f7a38089f837e792876ceddc4cb2dc\"},\"headline\":\"Les micro-appartements, c\u2019est tendance\",\"datePublished\":\"2017-05-15T07:34:19+00:00\",\"dateModified\":\"2022-05-12T07:17:21+00:00\",\"mainEntityOfPage\":{\"@id\":\"https:\\\/\\\/www.athome.lu\\\/blog\\\/dossiers-a-la-une\\\/la-tendance-des-micro-appartements\\\/\"},\"wordCount\":422,\"image\":{\"@id\":\"https:\\\/\\\/www.athome.lu\\\/blog\\\/dossiers-a-la-une\\\/la-tendance-des-micro-appartements\\\/#primaryimage\"},\"thumbnailUrl\":\"https:\\\/\\\/www.athome.lu\\\/blog\\\/wp-content\\\/uploads\\\/2017\\\/05\\\/micro-appartement.jpg\",\"keywords\":[\"Appartement\"],\"articleSection\":[\"Dossier \u00e0 la une\"],\"inLanguage\":\"de\"},{\"@type\":\"WebPage\",\"@id\":\"https:\\\/\\\/www.athome.lu\\\/blog\\\/dossiers-a-la-une\\\/la-tendance-des-micro-appartements\\\/\",\"url\":\"https:\\\/\\\/www.athome.lu\\\/blog\\\/dossiers-a-la-une\\\/la-tendance-des-micro-appartements\\\/\",\"name\":\"\u25b7 La tendance des micro-appartements dans les grandes villes | atHome\",\"isPartOf\":{\"@id\":\"https:\\\/\\\/www.athome.lu\\\/blog\\\/#website\"},\"primaryImageOfPage\":{\"@id\":\"https:\\\/\\\/www.athome.lu\\\/blog\\\/dossiers-a-la-une\\\/la-tendance-des-micro-appartements\\\/#primaryimage\"},\"image\":{\"@id\":\"https:\\\/\\\/www.athome.lu\\\/blog\\\/dossiers-a-la-une\\\/la-tendance-des-micro-appartements\\\/#primaryimage\"},\"thumbnailUrl\":\"https:\\\/\\\/www.athome.lu\\\/blog\\\/wp-content\\\/uploads\\\/2017\\\/05\\\/micro-appartement.jpg\",\"datePublished\":\"2017-05-15T07:34:19+00:00\",\"dateModified\":\"2022-05-12T07:17:21+00:00\",\"author\":{\"@id\":\"https:\\\/\\\/www.athome.lu\\\/blog\\\/#\\\/schema\\\/person\\\/47f7a38089f837e792876ceddc4cb2dc\"},\"description\":\"Pour se loger \u00e0 des prix raisonnables dans les grandes m\u00e9tropoles, il existe une solution : le micro-appartement.\",\"breadcrumb\":{\"@id\":\"https:\\\/\\\/www.athome.lu\\\/blog\\\/dossiers-a-la-une\\\/la-tendance-des-micro-appartements\\\/#breadcrumb\"},\"inLanguage\":\"de\",\"potentialAction\":[{\"@type\":\"ReadAction\",\"target\":[\"https:\\\/\\\/www.athome.lu\\\/blog\\\/dossiers-a-la-une\\\/la-tendance-des-micro-appartements\\\/\"]}]},{\"@type\":\"ImageObject\",\"inLanguage\":\"de\",\"@id\":\"https:\\\/\\\/www.athome.lu\\\/blog\\\/dossiers-a-la-une\\\/la-tendance-des-micro-appartements\\\/#primaryimage\",\"url\":\"https:\\\/\\\/www.athome.lu\\\/blog\\\/wp-content\\\/uploads\\\/2017\\\/05\\\/micro-appartement.jpg\",\"contentUrl\":\"https:\\\/\\\/www.athome.lu\\\/blog\\\/wp-content\\\/uploads\\\/2017\\\/05\\\/micro-appartement.jpg\",\"width\":1025,\"height\":684,\"caption\":\"Micro appartement\"},{\"@type\":\"BreadcrumbList\",\"@id\":\"https:\\\/\\\/www.athome.lu\\\/blog\\\/dossiers-a-la-une\\\/la-tendance-des-micro-appartements\\\/#breadcrumb\",\"itemListElement\":[{\"@type\":\"ListItem\",\"position\":1,\"name\":\"Accueil\",\"item\":\"https:\\\/\\\/www.athome.lu\\\/blog\\\/\"},{\"@type\":\"ListItem\",\"position\":2,\"name\":\"Dossier \u00e0 la une\",\"item\":\"https:\\\/\\\/www.athome.lu\\\/blog\\\/en\\\/category\\\/featured\\\/\"},{\"@type\":\"ListItem\",\"position\":3,\"name\":\"Les micro-appartements, c\u2019est tendance\"}]},{\"@type\":\"WebSite\",\"@id\":\"https:\\\/\\\/www.athome.lu\\\/blog\\\/#website\",\"url\":\"https:\\\/\\\/www.athome.lu\\\/blog\\\/\",\"name\":\"atHome Blog\",\"description\":\"Annonces immobili\u00e8res au Luxembourg. Le portail immobilier n\u00b01 au Luxembourg.\",\"potentialAction\":[{\"@type\":\"SearchAction\",\"target\":{\"@type\":\"EntryPoint\",\"urlTemplate\":\"https:\\\/\\\/www.athome.lu\\\/blog\\\/?s={search_term_string}\"},\"query-input\":{\"@type\":\"PropertyValueSpecification\",\"valueRequired\":true,\"valueName\":\"search_term_string\"}}],\"inLanguage\":\"de\"},{\"@type\":\"Person\",\"@id\":\"https:\\\/\\\/www.athome.lu\\\/blog\\\/#\\\/schema\\\/person\\\/47f7a38089f837e792876ceddc4cb2dc\",\"name\":\"Fanny Pimentel\",\"image\":{\"@type\":\"ImageObject\",\"inLanguage\":\"de\",\"@id\":\"https:\\\/\\\/secure.gravatar.com\\\/avatar\\\/c60b27b93851dc9503f9cc9150e73dcb0a86ba6150657e5e4b11d988400bc633?s=96&d=mm&r=g\",\"url\":\"https:\\\/\\\/secure.gravatar.com\\\/avatar\\\/c60b27b93851dc9503f9cc9150e73dcb0a86ba6150657e5e4b11d988400bc633?s=96&d=mm&r=g\",\"contentUrl\":\"https:\\\/\\\/secure.gravatar.com\\\/avatar\\\/c60b27b93851dc9503f9cc9150e73dcb0a86ba6150657e5e4b11d988400bc633?s=96&d=mm&r=g\",\"caption\":\"Fanny Pimentel\"}}]}<\/script>\n<!-- \/ Yoast SEO plugin. -->","yoast_head_json":{"title":"\u25b7 Der Trend zu Mikro-Apartments in Gro\u00dfst\u00e4dten | atHome","description":"Um in den gro\u00dfen Metropolen zu vern\u00fcnftigen Preisen zu wohnen, gibt es eine L\u00f6sung: das Mikro-Apartment.","robots":{"index":"index","follow":"follow","max-snippet":"max-snippet:-1","max-image-preview":"max-image-preview:large","max-video-preview":"max-video-preview:-1"},"canonical":"https:\/\/www.athome.lu\/blog\/de\/blickpunkt\/der-trend-zu-mikroapartments\/","og_locale":"de_DE","og_type":"article","og_title":"\u25b7 La tendance des micro-appartements dans les grandes villes | atHome","og_description":"Pour se loger \u00e0 des prix raisonnables dans les grandes m\u00e9tropoles, il existe une solution : le micro-appartement.","og_url":"https:\/\/www.athome.lu\/blog\/de\/blickpunkt\/der-trend-zu-mikroapartments\/","og_site_name":"atHome Blog","article_publisher":"https:\/\/www.facebook.com\/atHome.lu\/","article_published_time":"2017-05-15T07:34:19+00:00","article_modified_time":"2022-05-12T07:17:21+00:00","og_image":[{"width":1025,"height":684,"url":"https:\/\/www.athome.lu\/blog\/wp-content\/uploads\/2017\/05\/micro-appartement.jpg","type":"image\/jpeg"}],"author":"Fanny Pimentel","twitter_card":"summary_large_image","twitter_creator":"@athomelu","twitter_site":"@athomelu","twitter_misc":{"Verfasst von":"Fanny Pimentel","Gesch\u00e4tzte Lesezeit":"2\u00a0Minuten"},"schema":{"@context":"https:\/\/schema.org","@graph":[{"@type":"Article","@id":"https:\/\/www.athome.lu\/blog\/dossiers-a-la-une\/la-tendance-des-micro-appartements\/#article","isPartOf":{"@id":"https:\/\/www.athome.lu\/blog\/dossiers-a-la-une\/la-tendance-des-micro-appartements\/"},"author":{"name":"Fanny Pimentel","@id":"https:\/\/www.athome.lu\/blog\/#\/schema\/person\/47f7a38089f837e792876ceddc4cb2dc"},"headline":"Les micro-appartements, c\u2019est tendance","datePublished":"2017-05-15T07:34:19+00:00","dateModified":"2022-05-12T07:17:21+00:00","mainEntityOfPage":{"@id":"https:\/\/www.athome.lu\/blog\/dossiers-a-la-une\/la-tendance-des-micro-appartements\/"},"wordCount":422,"image":{"@id":"https:\/\/www.athome.lu\/blog\/dossiers-a-la-une\/la-tendance-des-micro-appartements\/#primaryimage"},"thumbnailUrl":"https:\/\/www.athome.lu\/blog\/wp-content\/uploads\/2017\/05\/micro-appartement.jpg","keywords":["Appartement"],"articleSection":["Dossier \u00e0 la une"],"inLanguage":"de"},{"@type":"WebPage","@id":"https:\/\/www.athome.lu\/blog\/dossiers-a-la-une\/la-tendance-des-micro-appartements\/","url":"https:\/\/www.athome.lu\/blog\/dossiers-a-la-une\/la-tendance-des-micro-appartements\/","name":"\u25b7 Der Trend zu Mikro-Apartments in Gro\u00dfst\u00e4dten | atHome","isPartOf":{"@id":"https:\/\/www.athome.lu\/blog\/#website"},"primaryImageOfPage":{"@id":"https:\/\/www.athome.lu\/blog\/dossiers-a-la-une\/la-tendance-des-micro-appartements\/#primaryimage"},"image":{"@id":"https:\/\/www.athome.lu\/blog\/dossiers-a-la-une\/la-tendance-des-micro-appartements\/#primaryimage"},"thumbnailUrl":"https:\/\/www.athome.lu\/blog\/wp-content\/uploads\/2017\/05\/micro-appartement.jpg","datePublished":"2017-05-15T07:34:19+00:00","dateModified":"2022-05-12T07:17:21+00:00","author":{"@id":"https:\/\/www.athome.lu\/blog\/#\/schema\/person\/47f7a38089f837e792876ceddc4cb2dc"},"description":"Um in den gro\u00dfen Metropolen zu vern\u00fcnftigen Preisen zu wohnen, gibt es eine L\u00f6sung: das Mikro-Apartment.","breadcrumb":{"@id":"https:\/\/www.athome.lu\/blog\/dossiers-a-la-une\/la-tendance-des-micro-appartements\/#breadcrumb"},"inLanguage":"de","potentialAction":[{"@type":"ReadAction","target":["https:\/\/www.athome.lu\/blog\/dossiers-a-la-une\/la-tendance-des-micro-appartements\/"]}]},{"@type":"ImageObject","inLanguage":"de","@id":"https:\/\/www.athome.lu\/blog\/dossiers-a-la-une\/la-tendance-des-micro-appartements\/#primaryimage","url":"https:\/\/www.athome.lu\/blog\/wp-content\/uploads\/2017\/05\/micro-appartement.jpg","contentUrl":"https:\/\/www.athome.lu\/blog\/wp-content\/uploads\/2017\/05\/micro-appartement.jpg","width":1025,"height":684,"caption":"Micro appartement"},{"@type":"BreadcrumbList","@id":"https:\/\/www.athome.lu\/blog\/dossiers-a-la-une\/la-tendance-des-micro-appartements\/#breadcrumb","itemListElement":[{"@type":"ListItem","position":1,"name":"Accueil","item":"https:\/\/www.athome.lu\/blog\/"},{"@type":"ListItem","position":2,"name":"Dossier \u00e0 la une","item":"https:\/\/www.athome.lu\/blog\/en\/category\/featured\/"},{"@type":"ListItem","position":3,"name":"Les micro-appartements, c\u2019est tendance"}]},{"@type":"WebSite","@id":"https:\/\/www.athome.lu\/blog\/#website","url":"https:\/\/www.athome.lu\/blog\/","name":"atHome Blog","description":"Immobilienanzeigen in Luxemburg. Das Immobilienportal Nr. 1 in Luxemburg.","potentialAction":[{"@type":"SearchAction","target":{"@type":"EntryPoint","urlTemplate":"https:\/\/www.athome.lu\/blog\/?s={search_term_string}"},"query-input":{"@type":"PropertyValueSpecification","valueRequired":true,"valueName":"search_term_string"}}],"inLanguage":"de"},{"@type":"Person","@id":"https:\/\/www.athome.lu\/blog\/#\/schema\/person\/47f7a38089f837e792876ceddc4cb2dc","name":"Fanny Pimentel","image":{"@type":"ImageObject","inLanguage":"de","@id":"https:\/\/secure.gravatar.com\/avatar\/c60b27b93851dc9503f9cc9150e73dcb0a86ba6150657e5e4b11d988400bc633?s=96&d=mm&r=g","url":"https:\/\/secure.gravatar.com\/avatar\/c60b27b93851dc9503f9cc9150e73dcb0a86ba6150657e5e4b11d988400bc633?s=96&d=mm&r=g","contentUrl":"https:\/\/secure.gravatar.com\/avatar\/c60b27b93851dc9503f9cc9150e73dcb0a86ba6150657e5e4b11d988400bc633?s=96&d=mm&r=g","caption":"Fanny Pimentel"}}]}},"featured_media_src_url":"https:\/\/www.athome.lu\/blog\/wp-content\/uploads\/2017\/05\/micro-appartement.jpg","_links":{"self":[{"href":"https:\/\/www.athome.lu\/blog\/de\/wp-json\/wp\/v2\/posts\/9591","targetHints":{"allow":["GET"]}}],"collection":[{"href":"https:\/\/www.athome.lu\/blog\/de\/wp-json\/wp\/v2\/posts"}],"about":[{"href":"https:\/\/www.athome.lu\/blog\/de\/wp-json\/wp\/v2\/types\/post"}],"author":[{"embeddable":true,"href":"https:\/\/www.athome.lu\/blog\/de\/wp-json\/wp\/v2\/users\/17"}],"replies":[{"embeddable":true,"href":"https:\/\/www.athome.lu\/blog\/de\/wp-json\/wp\/v2\/comments?post=9591"}],"version-history":[{"count":2,"href":"https:\/\/www.athome.lu\/blog\/de\/wp-json\/wp\/v2\/posts\/9591\/revisions"}],"predecessor-version":[{"id":15277,"href":"https:\/\/www.athome.lu\/blog\/de\/wp-json\/wp\/v2\/posts\/9591\/revisions\/15277"}],"wp:featuredmedia":[{"embeddable":true,"href":"https:\/\/www.athome.lu\/blog\/de\/wp-json\/wp\/v2\/media\/9628"}],"wp:attachment":[{"href":"https:\/\/www.athome.lu\/blog\/de\/wp-json\/wp\/v2\/media?parent=9591"}],"wp:term":[{"taxonomy":"category","embeddable":true,"href":"https:\/\/www.athome.lu\/blog\/de\/wp-json\/wp\/v2\/categories?post=9591"},{"taxonomy":"post_tag","embeddable":true,"href":"https:\/\/www.athome.lu\/blog\/de\/wp-json\/wp\/v2\/tags?post=9591"}],"curies":[{"name":"wp","href":"https:\/\/api.w.org\/{rel}","templated":true}]}}