{"id":9600,"date":"2017-05-22T09:50:15","date_gmt":"2017-05-22T08:50:15","guid":{"rendered":"https:\/\/www.athome.lu\/blog\/?p=9600"},"modified":"2022-05-12T09:16:20","modified_gmt":"2022-05-12T07:16:20","slug":"modulare-mobel-zum-gewinnen-von-m2","status":"publish","type":"post","link":"https:\/\/www.athome.lu\/blog\/de\/mon-logement\/meuble-decoration\/meuble-moduable-pour-gagner-des-m2\/","title":{"rendered":"Modulares Mobiliar, um Quadratmeter zu sparen"},"content":{"rendered":"<p style=\"text-align: justify;\"><span style=\"color: #000000;\">Es ist durchaus m\u00f6glich, in einer Wohnung, die an ein Puppenhaus erinnern k\u00f6nnte, einen guten Komfort zu genie\u00dfen - wenn man ein bisschen clever ist, jeden Quadratmeter geschickt nutzt und auf flexible M\u00f6bel setzt.<\/span><\/p>\n<h2 style=\"text-align: justify;\"><span style=\"color: #000000;\"><strong>K\u00fcchenseite<\/strong><\/span><\/h2>\n<p style=\"text-align: justify;\"><span style=\"color: #000000;\">Auf der Suche nach modularen M\u00f6beln? M\u00f6belherstellern mangelt es nicht an Ideen, was alles modular sein kann. Beginnen wir unsere \"Operation Platzsparen\" in der K\u00fcche. Ein an der Wand befestigter Tisch, der sich zusammenklappen l\u00e4sst, ist eine interessante L\u00f6sung, vor allem, wenn man ihm Hocker zur Seite stellt, die ebenfalls klappbar sind. Aber es geht noch besser (oder zumindest designorientierter)! Inzwischen gibt es Tische und ihre Sitzfl\u00e4chen, die direkt in den Hauptschrank der K\u00fcche integriert sind und sich wie Schubladen verschieben lassen.<\/span><\/p>\n<blockquote class=\"instagram-media\" style=\"background: #FFF; border: 0; border-radius: 3px; box-shadow: 0 0 1px 0 rgba(0,0,0,0.5),0 1px 10px 0 rgba(0,0,0,0.15); margin: 1px; max-width: 658px; padding: 0; width: calc(100% - 2px);\" data-instgrm-version=\"7\">\n<div style=\"padding: 8px;\">\n<div style=\"background: #F8F8F8; line-height: 0; margin-top: 40px; padding: 50.0% 0; text-align: center; width: 100%;\">\u00a0<\/div>\n<p style=\"color: #c9c8cd; font-family: Arial,sans-serif; font-size: 14px; line-height: 17px; margin-bottom: 0; margin-top: 8px; overflow: hidden; padding: 8px 0 7px; text-align: center; text-overflow: ellipsis; white-space: nowrap;\"><a style=\"color: #c9c8cd; font-family: Arial,sans-serif; font-size: 14px; font-style: normal; font-weight: normal; line-height: 17px; text-decoration: none;\" href=\"https:\/\/www.instagram.com\/p\/BURhjWeliAb\/\" target=\"_blank\" rel=\"noopener noreferrer\">Ein Beitrag geteilt von Panglima Erlangga (@panglimaerlangga)<\/a> die <time style=\"font-family: Arial,sans-serif; font-size: 14px; line-height: 17px;\" datetime=\"2017-05-19T12:24:24+00:00\">19. Mai 2017 um 5:24 Uhr PDT<\/time><\/p>\n<\/div>\n<\/blockquote>\n<p><script async=\"\" defer=\"\" src=\"\/\/platform.instagram.com\/en_US\/embeds.js\"><\/script><\/p>\n<h2 style=\"text-align: justify;\"><span style=\"color: #000000;\"><strong>Wohnzimmerseite<\/strong><\/span><\/h2>\n<p style=\"text-align: justify;\"><span style=\"color: #000000;\">Wenn man von Modularit\u00e4t im Wohn-\/Esszimmer, das manchmal auch als Schlafzimmer dient, spricht, denkt man zuerst an das unumg\u00e4ngliche Schlafsofa. Aber auch der Tisch wird immer modularer, mit multifunktionalen Couchtischen, deren Tischplatte hochgeklappt werden kann, um als Esstisch zu dienen, wenn man G\u00e4ste hat. Sie m\u00fcssen nur zwischen Aperitif und Vorspeise abr\u00e4umen! In diesem Bereich k\u00f6nnen Sie auch auf platzsparende Hocker oder St\u00fchle setzen, die Stauraum oder einen Wandsekret\u00e4r verbergen. Auch Sideboards sind mittlerweile modular aufgebaut und k\u00f6nnen einen ausziehbaren Tisch verbergen.<\/span><\/p>\n<blockquote class=\"instagram-media\" style=\"background: #FFF; border: 0; border-radius: 3px; box-shadow: 0 0 1px 0 rgba(0,0,0,0.5),0 1px 10px 0 rgba(0,0,0,0.15); margin: 1px; max-width: 658px; padding: 0; width: calc(100% - 2px);\" data-instgrm-version=\"7\">\n<div style=\"padding: 8px;\">\n<div style=\"background: #F8F8F8; line-height: 0; margin-top: 40px; padding: 50.0% 0; text-align: center; width: 100%;\">\u00a0<\/div>\n<p style=\"color: #c9c8cd; font-family: Arial,sans-serif; font-size: 14px; line-height: 17px; margin-bottom: 0; margin-top: 8px; overflow: hidden; padding: 8px 0 7px; text-align: center; text-overflow: ellipsis; white-space: nowrap;\"><a style=\"color: #c9c8cd; font-family: Arial,sans-serif; font-size: 14px; font-style: normal; font-weight: normal; line-height: 17px; text-decoration: none;\" href=\"https:\/\/www.instagram.com\/p\/BI2mZRXArjS\/\" target=\"_blank\" rel=\"noopener noreferrer\">Ein Beitrag geteilt von Meubles et Atmosphere (@meublesetatmosphere)<\/a> die <time style=\"font-family: Arial,sans-serif; font-size: 14px; line-height: 17px;\" datetime=\"2016-08-08T15:41:53+00:00\">8. August 2016 um 8:41 Uhr PDT<\/time><\/p>\n<\/div>\n<\/blockquote>\n<p><script async=\"\" defer=\"\" src=\"\/\/platform.instagram.com\/en_US\/embeds.js\"><\/script><\/p>\n<h2 style=\"text-align: justify;\"><span style=\"color: #000000;\"><strong>Zimmerseite<\/strong><\/span><\/h2>\n<p style=\"text-align: justify;\"><span style=\"color: #000000;\">Ein modulares Bett, das sich zusammenklappen l\u00e4sst und tags\u00fcber einen freien Raum l\u00e4sst, ist eine L\u00f6sung f\u00fcr kleine Schlafzimmer, die gleichzeitig als B\u00fcro dienen. Sie k\u00f6nnen es auch zusammenklappen oder einklappen: Das Bett \"klebt\" an der Decke und macht Platz f\u00fcr einen Schreibtisch, einen Tisch, eine Yogamatte oder was auch immer Sie wollen. Eine andere Idee f\u00fcr ein Kinderzimmer (ab einem gewissen Alter) ist ein Schreibtisch, der nach dem Anheben der Tischplatte ein Einzelbett zum Vorschein bringt.<\/span><\/p>\n<blockquote class=\"instagram-media\" style=\"background: #FFF; border: 0; border-radius: 3px; box-shadow: 0 0 1px 0 rgba(0,0,0,0.5),0 1px 10px 0 rgba(0,0,0,0.15); margin: 1px; max-width: 658px; padding: 0; width: calc(100% - 2px);\" data-instgrm-version=\"7\">\n<div style=\"padding: 8px;\">\n<div style=\"background: #F8F8F8; line-height: 0; margin-top: 40px; padding: 38.28703703703704% 0; text-align: center; width: 100%;\">\u00a0<\/div>\n<p style=\"color: #c9c8cd; font-family: Arial,sans-serif; font-size: 14px; line-height: 17px; margin-bottom: 0; margin-top: 8px; overflow: hidden; padding: 8px 0 7px; text-align: center; text-overflow: ellipsis; white-space: nowrap;\"><a style=\"color: #c9c8cd; font-family: Arial,sans-serif; font-size: 14px; font-style: normal; font-weight: normal; line-height: 17px; text-decoration: none;\" href=\"https:\/\/www.instagram.com\/p\/BSEyAo_Ba4S\/\" target=\"_blank\" rel=\"noopener noreferrer\">Ein Beitrag geteilt von Beautiful Interior Designs (@exploreinteriors)<\/a> die <time style=\"font-family: Arial,sans-serif; font-size: 14px; line-height: 17px;\" datetime=\"2017-03-25T20:35:18+00:00\">25. M\u00e4rz 2017 um 13:35 Uhr PDT<\/time><\/p>\n<\/div>\n<\/blockquote>\n<p><script async=\"\" defer=\"\" src=\"\/\/platform.instagram.com\/en_US\/embeds.js\"><\/script><\/p>\n\n<section id=\"section-3-14695\" class=\"ct-section\" ><div class=\"ct-section-inner-wrap\"><div id=\"div_block-4-14695\" class=\"ct-div-block\" ><div id=\"new_columns-7-14695\" class=\"ct-new-columns\" ><div id=\"div_block-8-14695\" class=\"ct-div-block\" ><div id=\"div_block-14-14695\" class=\"ct-div-block\" ><\/div><\/div><div id=\"div_block-9-14695\" class=\"ct-div-block\" ><h1 id=\"headline-11-14695\" class=\"ct-headline\">Wie hoch sind die Immobilienpreise derzeit?<\/h1><div id=\"text_block-12-14695\" class=\"ct-text-block\" >Die Preise verlangsamen sich. Die Zinss\u00e4tze steigen. Welche Trends sind in den kommenden Monaten zu erwarten?<\/div><a id=\"link_button-13-14695\" class=\"ct-link-button\" href=\"https:\/\/www.athome.lu\/blog\/blog\/marche-immobilier\/prix\/tendances-2022\/\" target=\"_blank\"  >Analyse lesen<\/a><\/div><\/div><\/div><\/div><\/section>","protected":false},"excerpt":{"rendered":"<p>B\u00e9n\u00e9ficier d\u2019un bon confort en habitant dans un appartement qui pourrait faire penser \u00e0 une maison de poup\u00e9e, c\u2019est tout \u00e0 fait envisageable\u2026 \u00e0 condition d\u2019\u00eatre un peu malin, d\u2019exploiter ing\u00e9nieusement chaque m\u00e8tre carr\u00e9 et de miser sur des meubles modulables. C\u00f4t\u00e9 cuisine A la recherche de meubles modulables ? Les fabricants de meubles ne [&hellip;]<\/p>\n","protected":false},"author":17,"featured_media":9667,"comment_status":"closed","ping_status":"open","sticky":false,"template":"","format":"standard","meta":{"_acf_changed":false,"footnotes":""},"categories":[210],"tags":[82,42],"class_list":["post-9600","post","type-post","status-publish","format-standard","has-post-thumbnail","hentry","category-meuble-decoration","tag-ameublement","tag-appartement"],"acf":[],"yoast_head":"<!-- This site is optimized with the Yoast SEO plugin v27.4 - https:\/\/yoast.com\/product\/yoast-seo-wordpress\/ -->\n<title>\u25b7 Des meubles modulables pour gagner des m\u00e8tres carr\u00e9s | atHome<\/title>\n<meta name=\"description\" content=\"Votre appartement est trop petit \u00e0 votre go\u00fbt ? Exploitez ing\u00e9nieusement chaque m\u00e8tre carr\u00e9 et de miser sur des meubles modulables.\" \/>\n<meta name=\"robots\" content=\"index, follow, max-snippet:-1, max-image-preview:large, max-video-preview:-1\" \/>\n<link rel=\"canonical\" href=\"https:\/\/www.athome.lu\/blog\/de\/mein-haus\/deko-mobel\/modulare-mobel-zum-gewinnen-von-m2\/\" \/>\n<meta property=\"og:locale\" content=\"de_DE\" \/>\n<meta property=\"og:type\" content=\"article\" \/>\n<meta property=\"og:title\" content=\"\u25b7 Des meubles modulables pour gagner des m\u00e8tres carr\u00e9s | atHome\" \/>\n<meta property=\"og:description\" content=\"Votre appartement est trop petit \u00e0 votre go\u00fbt ? Exploitez ing\u00e9nieusement chaque m\u00e8tre carr\u00e9 et de miser sur des meubles modulables.\" \/>\n<meta property=\"og:url\" content=\"https:\/\/www.athome.lu\/blog\/de\/mein-haus\/deko-mobel\/modulare-mobel-zum-gewinnen-von-m2\/\" \/>\n<meta property=\"og:site_name\" content=\"atHome Blog\" \/>\n<meta property=\"article:publisher\" content=\"https:\/\/www.facebook.com\/atHome.lu\/\" \/>\n<meta property=\"article:published_time\" content=\"2017-05-22T08:50:15+00:00\" \/>\n<meta property=\"article:modified_time\" content=\"2022-05-12T07:16:20+00:00\" \/>\n<meta property=\"og:image\" content=\"https:\/\/www.athome.lu\/blog\/wp-content\/uploads\/2017\/05\/chairs-2181968_1920.jpg\" \/>\n\t<meta property=\"og:image:width\" content=\"1280\" \/>\n\t<meta property=\"og:image:height\" content=\"609\" \/>\n\t<meta property=\"og:image:type\" content=\"image\/jpeg\" \/>\n<meta name=\"author\" content=\"Fanny Pimentel\" \/>\n<meta name=\"twitter:card\" content=\"summary_large_image\" \/>\n<meta name=\"twitter:creator\" content=\"@athomelu\" \/>\n<meta name=\"twitter:site\" content=\"@athomelu\" \/>\n<meta name=\"twitter:label1\" content=\"Verfasst von\" \/>\n\t<meta name=\"twitter:data1\" content=\"Fanny Pimentel\" \/>\n\t<meta name=\"twitter:label2\" content=\"Gesch\u00e4tzte Lesezeit\" \/>\n\t<meta name=\"twitter:data2\" content=\"2\u00a0Minuten\" \/>\n<script type=\"application\/ld+json\" class=\"yoast-schema-graph\">{\"@context\":\"https:\\\/\\\/schema.org\",\"@graph\":[{\"@type\":\"Article\",\"@id\":\"https:\\\/\\\/www.athome.lu\\\/blog\\\/mon-logement\\\/meuble-decoration\\\/meuble-moduable-pour-gagner-des-m2\\\/#article\",\"isPartOf\":{\"@id\":\"https:\\\/\\\/www.athome.lu\\\/blog\\\/mon-logement\\\/meuble-decoration\\\/meuble-moduable-pour-gagner-des-m2\\\/\"},\"author\":{\"name\":\"Fanny Pimentel\",\"@id\":\"https:\\\/\\\/www.athome.lu\\\/blog\\\/#\\\/schema\\\/person\\\/47f7a38089f837e792876ceddc4cb2dc\"},\"headline\":\"Des meubles modulables pour gagner des m\u00e8tres carr\u00e9s\",\"datePublished\":\"2017-05-22T08:50:15+00:00\",\"dateModified\":\"2022-05-12T07:16:20+00:00\",\"mainEntityOfPage\":{\"@id\":\"https:\\\/\\\/www.athome.lu\\\/blog\\\/mon-logement\\\/meuble-decoration\\\/meuble-moduable-pour-gagner-des-m2\\\/\"},\"wordCount\":410,\"image\":{\"@id\":\"https:\\\/\\\/www.athome.lu\\\/blog\\\/mon-logement\\\/meuble-decoration\\\/meuble-moduable-pour-gagner-des-m2\\\/#primaryimage\"},\"thumbnailUrl\":\"https:\\\/\\\/www.athome.lu\\\/blog\\\/wp-content\\\/uploads\\\/2017\\\/05\\\/chairs-2181968_1920.jpg\",\"keywords\":[\"Ameublement\",\"Appartement\"],\"articleSection\":[\"Meubler et D\u00e9corer\"],\"inLanguage\":\"de\"},{\"@type\":\"WebPage\",\"@id\":\"https:\\\/\\\/www.athome.lu\\\/blog\\\/mon-logement\\\/meuble-decoration\\\/meuble-moduable-pour-gagner-des-m2\\\/\",\"url\":\"https:\\\/\\\/www.athome.lu\\\/blog\\\/mon-logement\\\/meuble-decoration\\\/meuble-moduable-pour-gagner-des-m2\\\/\",\"name\":\"\u25b7 Des meubles modulables pour gagner des m\u00e8tres carr\u00e9s | atHome\",\"isPartOf\":{\"@id\":\"https:\\\/\\\/www.athome.lu\\\/blog\\\/#website\"},\"primaryImageOfPage\":{\"@id\":\"https:\\\/\\\/www.athome.lu\\\/blog\\\/mon-logement\\\/meuble-decoration\\\/meuble-moduable-pour-gagner-des-m2\\\/#primaryimage\"},\"image\":{\"@id\":\"https:\\\/\\\/www.athome.lu\\\/blog\\\/mon-logement\\\/meuble-decoration\\\/meuble-moduable-pour-gagner-des-m2\\\/#primaryimage\"},\"thumbnailUrl\":\"https:\\\/\\\/www.athome.lu\\\/blog\\\/wp-content\\\/uploads\\\/2017\\\/05\\\/chairs-2181968_1920.jpg\",\"datePublished\":\"2017-05-22T08:50:15+00:00\",\"dateModified\":\"2022-05-12T07:16:20+00:00\",\"author\":{\"@id\":\"https:\\\/\\\/www.athome.lu\\\/blog\\\/#\\\/schema\\\/person\\\/47f7a38089f837e792876ceddc4cb2dc\"},\"description\":\"Votre appartement est trop petit \u00e0 votre go\u00fbt ? Exploitez ing\u00e9nieusement chaque m\u00e8tre carr\u00e9 et de miser sur des meubles modulables.\",\"breadcrumb\":{\"@id\":\"https:\\\/\\\/www.athome.lu\\\/blog\\\/mon-logement\\\/meuble-decoration\\\/meuble-moduable-pour-gagner-des-m2\\\/#breadcrumb\"},\"inLanguage\":\"de\",\"potentialAction\":[{\"@type\":\"ReadAction\",\"target\":[\"https:\\\/\\\/www.athome.lu\\\/blog\\\/mon-logement\\\/meuble-decoration\\\/meuble-moduable-pour-gagner-des-m2\\\/\"]}]},{\"@type\":\"ImageObject\",\"inLanguage\":\"de\",\"@id\":\"https:\\\/\\\/www.athome.lu\\\/blog\\\/mon-logement\\\/meuble-decoration\\\/meuble-moduable-pour-gagner-des-m2\\\/#primaryimage\",\"url\":\"https:\\\/\\\/www.athome.lu\\\/blog\\\/wp-content\\\/uploads\\\/2017\\\/05\\\/chairs-2181968_1920.jpg\",\"contentUrl\":\"https:\\\/\\\/www.athome.lu\\\/blog\\\/wp-content\\\/uploads\\\/2017\\\/05\\\/chairs-2181968_1920.jpg\",\"width\":1280,\"height\":609,\"caption\":\"Meuble modulable\"},{\"@type\":\"BreadcrumbList\",\"@id\":\"https:\\\/\\\/www.athome.lu\\\/blog\\\/mon-logement\\\/meuble-decoration\\\/meuble-moduable-pour-gagner-des-m2\\\/#breadcrumb\",\"itemListElement\":[{\"@type\":\"ListItem\",\"position\":1,\"name\":\"Accueil\",\"item\":\"https:\\\/\\\/www.athome.lu\\\/blog\\\/\"},{\"@type\":\"ListItem\",\"position\":2,\"name\":\"Mon logement\",\"item\":\"https:\\\/\\\/www.athome.lu\\\/blog\\\/de\\\/category\\\/mein-haus\\\/\"},{\"@type\":\"ListItem\",\"position\":3,\"name\":\"Meubler et D\u00e9corer\",\"item\":\"https:\\\/\\\/www.athome.lu\\\/blog\\\/de\\\/category\\\/mein-haus\\\/deko-mobel\\\/\"},{\"@type\":\"ListItem\",\"position\":4,\"name\":\"Des meubles modulables pour gagner des m\u00e8tres carr\u00e9s\"}]},{\"@type\":\"WebSite\",\"@id\":\"https:\\\/\\\/www.athome.lu\\\/blog\\\/#website\",\"url\":\"https:\\\/\\\/www.athome.lu\\\/blog\\\/\",\"name\":\"atHome Blog\",\"description\":\"Annonces immobili\u00e8res au Luxembourg. Le portail immobilier n\u00b01 au Luxembourg.\",\"potentialAction\":[{\"@type\":\"SearchAction\",\"target\":{\"@type\":\"EntryPoint\",\"urlTemplate\":\"https:\\\/\\\/www.athome.lu\\\/blog\\\/?s={search_term_string}\"},\"query-input\":{\"@type\":\"PropertyValueSpecification\",\"valueRequired\":true,\"valueName\":\"search_term_string\"}}],\"inLanguage\":\"de\"},{\"@type\":\"Person\",\"@id\":\"https:\\\/\\\/www.athome.lu\\\/blog\\\/#\\\/schema\\\/person\\\/47f7a38089f837e792876ceddc4cb2dc\",\"name\":\"Fanny Pimentel\",\"image\":{\"@type\":\"ImageObject\",\"inLanguage\":\"de\",\"@id\":\"https:\\\/\\\/secure.gravatar.com\\\/avatar\\\/c60b27b93851dc9503f9cc9150e73dcb0a86ba6150657e5e4b11d988400bc633?s=96&d=mm&r=g\",\"url\":\"https:\\\/\\\/secure.gravatar.com\\\/avatar\\\/c60b27b93851dc9503f9cc9150e73dcb0a86ba6150657e5e4b11d988400bc633?s=96&d=mm&r=g\",\"contentUrl\":\"https:\\\/\\\/secure.gravatar.com\\\/avatar\\\/c60b27b93851dc9503f9cc9150e73dcb0a86ba6150657e5e4b11d988400bc633?s=96&d=mm&r=g\",\"caption\":\"Fanny Pimentel\"}}]}<\/script>\n<!-- \/ Yoast SEO plugin. -->","yoast_head_json":{"title":"\u25b7 Mit modularen M\u00f6beln lassen sich Quadratmeter sparen | atHome","description":"Ist Ihre Wohnung f\u00fcr Ihren Geschmack zu klein? Nutzen Sie jeden Quadratmeter geschickt aus und setzen Sie auf modulare M\u00f6bel.","robots":{"index":"index","follow":"follow","max-snippet":"max-snippet:-1","max-image-preview":"max-image-preview:large","max-video-preview":"max-video-preview:-1"},"canonical":"https:\/\/www.athome.lu\/blog\/de\/mein-haus\/deko-mobel\/modulare-mobel-zum-gewinnen-von-m2\/","og_locale":"de_DE","og_type":"article","og_title":"\u25b7 Des meubles modulables pour gagner des m\u00e8tres carr\u00e9s | atHome","og_description":"Votre appartement est trop petit \u00e0 votre go\u00fbt ? Exploitez ing\u00e9nieusement chaque m\u00e8tre carr\u00e9 et de miser sur des meubles modulables.","og_url":"https:\/\/www.athome.lu\/blog\/de\/mein-haus\/deko-mobel\/modulare-mobel-zum-gewinnen-von-m2\/","og_site_name":"atHome Blog","article_publisher":"https:\/\/www.facebook.com\/atHome.lu\/","article_published_time":"2017-05-22T08:50:15+00:00","article_modified_time":"2022-05-12T07:16:20+00:00","og_image":[{"width":1280,"height":609,"url":"https:\/\/www.athome.lu\/blog\/wp-content\/uploads\/2017\/05\/chairs-2181968_1920.jpg","type":"image\/jpeg"}],"author":"Fanny Pimentel","twitter_card":"summary_large_image","twitter_creator":"@athomelu","twitter_site":"@athomelu","twitter_misc":{"Verfasst von":"Fanny Pimentel","Gesch\u00e4tzte Lesezeit":"2\u00a0Minuten"},"schema":{"@context":"https:\/\/schema.org","@graph":[{"@type":"Article","@id":"https:\/\/www.athome.lu\/blog\/mon-logement\/meuble-decoration\/meuble-moduable-pour-gagner-des-m2\/#article","isPartOf":{"@id":"https:\/\/www.athome.lu\/blog\/mon-logement\/meuble-decoration\/meuble-moduable-pour-gagner-des-m2\/"},"author":{"name":"Fanny Pimentel","@id":"https:\/\/www.athome.lu\/blog\/#\/schema\/person\/47f7a38089f837e792876ceddc4cb2dc"},"headline":"Des meubles modulables pour gagner des m\u00e8tres carr\u00e9s","datePublished":"2017-05-22T08:50:15+00:00","dateModified":"2022-05-12T07:16:20+00:00","mainEntityOfPage":{"@id":"https:\/\/www.athome.lu\/blog\/mon-logement\/meuble-decoration\/meuble-moduable-pour-gagner-des-m2\/"},"wordCount":410,"image":{"@id":"https:\/\/www.athome.lu\/blog\/mon-logement\/meuble-decoration\/meuble-moduable-pour-gagner-des-m2\/#primaryimage"},"thumbnailUrl":"https:\/\/www.athome.lu\/blog\/wp-content\/uploads\/2017\/05\/chairs-2181968_1920.jpg","keywords":["Ameublement","Appartement"],"articleSection":["Meubler et D\u00e9corer"],"inLanguage":"de"},{"@type":"WebPage","@id":"https:\/\/www.athome.lu\/blog\/mon-logement\/meuble-decoration\/meuble-moduable-pour-gagner-des-m2\/","url":"https:\/\/www.athome.lu\/blog\/mon-logement\/meuble-decoration\/meuble-moduable-pour-gagner-des-m2\/","name":"\u25b7 Mit modularen M\u00f6beln lassen sich Quadratmeter sparen | atHome","isPartOf":{"@id":"https:\/\/www.athome.lu\/blog\/#website"},"primaryImageOfPage":{"@id":"https:\/\/www.athome.lu\/blog\/mon-logement\/meuble-decoration\/meuble-moduable-pour-gagner-des-m2\/#primaryimage"},"image":{"@id":"https:\/\/www.athome.lu\/blog\/mon-logement\/meuble-decoration\/meuble-moduable-pour-gagner-des-m2\/#primaryimage"},"thumbnailUrl":"https:\/\/www.athome.lu\/blog\/wp-content\/uploads\/2017\/05\/chairs-2181968_1920.jpg","datePublished":"2017-05-22T08:50:15+00:00","dateModified":"2022-05-12T07:16:20+00:00","author":{"@id":"https:\/\/www.athome.lu\/blog\/#\/schema\/person\/47f7a38089f837e792876ceddc4cb2dc"},"description":"Ist Ihre Wohnung f\u00fcr Ihren Geschmack zu klein? Nutzen Sie jeden Quadratmeter geschickt aus und setzen Sie auf modulare M\u00f6bel.","breadcrumb":{"@id":"https:\/\/www.athome.lu\/blog\/mon-logement\/meuble-decoration\/meuble-moduable-pour-gagner-des-m2\/#breadcrumb"},"inLanguage":"de","potentialAction":[{"@type":"ReadAction","target":["https:\/\/www.athome.lu\/blog\/mon-logement\/meuble-decoration\/meuble-moduable-pour-gagner-des-m2\/"]}]},{"@type":"ImageObject","inLanguage":"de","@id":"https:\/\/www.athome.lu\/blog\/mon-logement\/meuble-decoration\/meuble-moduable-pour-gagner-des-m2\/#primaryimage","url":"https:\/\/www.athome.lu\/blog\/wp-content\/uploads\/2017\/05\/chairs-2181968_1920.jpg","contentUrl":"https:\/\/www.athome.lu\/blog\/wp-content\/uploads\/2017\/05\/chairs-2181968_1920.jpg","width":1280,"height":609,"caption":"Meuble modulable"},{"@type":"BreadcrumbList","@id":"https:\/\/www.athome.lu\/blog\/mon-logement\/meuble-decoration\/meuble-moduable-pour-gagner-des-m2\/#breadcrumb","itemListElement":[{"@type":"ListItem","position":1,"name":"Accueil","item":"https:\/\/www.athome.lu\/blog\/"},{"@type":"ListItem","position":2,"name":"Mon logement","item":"https:\/\/www.athome.lu\/blog\/de\/category\/mein-haus\/"},{"@type":"ListItem","position":3,"name":"Meubler et D\u00e9corer","item":"https:\/\/www.athome.lu\/blog\/de\/category\/mein-haus\/deko-mobel\/"},{"@type":"ListItem","position":4,"name":"Des meubles modulables pour gagner des m\u00e8tres carr\u00e9s"}]},{"@type":"WebSite","@id":"https:\/\/www.athome.lu\/blog\/#website","url":"https:\/\/www.athome.lu\/blog\/","name":"atHome Blog","description":"Immobilienanzeigen in Luxemburg. Das Immobilienportal Nr. 1 in Luxemburg.","potentialAction":[{"@type":"SearchAction","target":{"@type":"EntryPoint","urlTemplate":"https:\/\/www.athome.lu\/blog\/?s={search_term_string}"},"query-input":{"@type":"PropertyValueSpecification","valueRequired":true,"valueName":"search_term_string"}}],"inLanguage":"de"},{"@type":"Person","@id":"https:\/\/www.athome.lu\/blog\/#\/schema\/person\/47f7a38089f837e792876ceddc4cb2dc","name":"Fanny Pimentel","image":{"@type":"ImageObject","inLanguage":"de","@id":"https:\/\/secure.gravatar.com\/avatar\/c60b27b93851dc9503f9cc9150e73dcb0a86ba6150657e5e4b11d988400bc633?s=96&d=mm&r=g","url":"https:\/\/secure.gravatar.com\/avatar\/c60b27b93851dc9503f9cc9150e73dcb0a86ba6150657e5e4b11d988400bc633?s=96&d=mm&r=g","contentUrl":"https:\/\/secure.gravatar.com\/avatar\/c60b27b93851dc9503f9cc9150e73dcb0a86ba6150657e5e4b11d988400bc633?s=96&d=mm&r=g","caption":"Fanny Pimentel"}}]}},"featured_media_src_url":"https:\/\/www.athome.lu\/blog\/wp-content\/uploads\/2017\/05\/chairs-2181968_1920-1024x487.jpg","_links":{"self":[{"href":"https:\/\/www.athome.lu\/blog\/de\/wp-json\/wp\/v2\/posts\/9600","targetHints":{"allow":["GET"]}}],"collection":[{"href":"https:\/\/www.athome.lu\/blog\/de\/wp-json\/wp\/v2\/posts"}],"about":[{"href":"https:\/\/www.athome.lu\/blog\/de\/wp-json\/wp\/v2\/types\/post"}],"author":[{"embeddable":true,"href":"https:\/\/www.athome.lu\/blog\/de\/wp-json\/wp\/v2\/users\/17"}],"replies":[{"embeddable":true,"href":"https:\/\/www.athome.lu\/blog\/de\/wp-json\/wp\/v2\/comments?post=9600"}],"version-history":[{"count":2,"href":"https:\/\/www.athome.lu\/blog\/de\/wp-json\/wp\/v2\/posts\/9600\/revisions"}],"predecessor-version":[{"id":15275,"href":"https:\/\/www.athome.lu\/blog\/de\/wp-json\/wp\/v2\/posts\/9600\/revisions\/15275"}],"wp:featuredmedia":[{"embeddable":true,"href":"https:\/\/www.athome.lu\/blog\/de\/wp-json\/wp\/v2\/media\/9667"}],"wp:attachment":[{"href":"https:\/\/www.athome.lu\/blog\/de\/wp-json\/wp\/v2\/media?parent=9600"}],"wp:term":[{"taxonomy":"category","embeddable":true,"href":"https:\/\/www.athome.lu\/blog\/de\/wp-json\/wp\/v2\/categories?post=9600"},{"taxonomy":"post_tag","embeddable":true,"href":"https:\/\/www.athome.lu\/blog\/de\/wp-json\/wp\/v2\/tags?post=9600"}],"curies":[{"name":"wp","href":"https:\/\/api.w.org\/{rel}","templated":true}]}}