{"id":9875,"date":"2017-07-03T10:49:04","date_gmt":"2017-07-03T09:49:04","guid":{"rendered":"https:\/\/www.athome.lu\/blog\/?p=9875"},"modified":"2022-05-12T09:11:04","modified_gmt":"2022-05-12T07:11:04","slug":"merl-ein-quartier-in-einem-vollwechsel","status":"publish","type":"post","link":"https:\/\/www.athome.lu\/blog\/de\/marche-immobilier\/villes\/merl-un-quartier-en-pleine-mutation\/","title":{"rendered":"Merl, ein Stadtteil im Wandel"},"content":{"rendered":"<p><span style=\"color: #000000;\">Nur einen Steinwurf vom Stadtzentrum Luxemburgs entfernt, fehlt es dem Stadtteil Merl nicht an attraktiven Vorz\u00fcgen. Dank seiner Gr\u00fcnfl\u00e4chen, seines Parks und seiner zahlreichen laufenden Projekte zieht das Viertel eine zunehmend kosmopolitische Bev\u00f6lkerung an. <\/span><\/p>\n\n\n\n<p><span style=\"color: #000000;\">In Luxemburg, umgeben von den Stadtteilen Belair im Nordosten, Hollerich im S\u00fcdosten und der Gemeinde Strassen im Westen, kann Merl auf eine ideale geografische Lage z\u00e4hlen.<\/span><\/p>\n\n\n\n<h2 class=\"wp-block-heading\"><span style=\"color: #000000;\"><strong>Ein sich beschleunigendes Wachstum<\/strong><\/span><\/h2>\n\n\n\n<p><span style=\"color: #000000;\">Merl ist ein freundlicher Stadtteil mit d\u00f6rflichem Charakter und z\u00e4hlt auf seinem 2,43 km gro\u00dfen Gebiet nicht weniger als 5.381 Einwohner (Zahlen vom 31.12.2016).<sup>2<\/sup>Das entspricht etwa 4,7% der Bev\u00f6lkerung der Hauptstadt. Obwohl sein Wachstum normalerweise stabil ist (zwischen 100 und 250 neue Bewohner jedes Jahr), hatte das Viertel 2016 einen deutlichen Anstieg der Einwohnerzahl (+412) im Vergleich zu den Vorjahren zu verzeichnen. Dieses Wachstum verst\u00e4rkt allm\u00e4hlich die Bev\u00f6lkerungsdichte des Viertels.<\/span><\/p>\n\n\n\n<p><span style=\"color: #000000;\">Die Bev\u00f6lkerung hat nicht nur zugenommen, sondern ist auch vielf\u00e4ltiger geworden. Der Stadtteil zeichnet sich durch seine Multikulturalit\u00e4t aus: 73% der Einwohner haben nicht die luxemburgische Staatsangeh\u00f6rigkeit. In diesem kleinen Gebiet leben fast 100 Nationalit\u00e4ten, darunter Franzosen, Portugiesen, Italiener, Belgier, Deutsche oder auch Spanier und Briten. Aufgrund seiner strategischen Lage zieht Merl immer mehr junge Paare oder berufst\u00e4tige Singles an, die in einer ruhigen Gegend nur wenige Minuten von ihrer Arbeit entfernt wohnen m\u00f6chten. Der Wohnraum ist von hoher Qualit\u00e4t. Dies f\u00fchrt zu relativ hohen Immobilienpreisen.&nbsp;<\/span><\/p>\n\n\n\n<h2 class=\"wp-block-heading\"><span style=\"color: #000000;\"><strong>Infrastruktur f\u00fcr alle Bed\u00fcrfnisse<\/strong><\/span><\/h2>\n\n\n\n<p><span style=\"color: #000000;\">Das h\u00e4lt junge Haushalte nicht unbedingt ab, die sich aufgrund des vielf\u00e4ltigen Angebots an Infrastruktur f\u00fcr den Stadtteil Merl entscheiden. Merl vereint mehrere Bildungseinrichtungen auf seinem Gebiet. Die Schule von Merl, die aus mehreren Geb\u00e4uden besteht, wurde k\u00fcrzlich erweitert, um den J\u00fcngsten eine bessere Betreuung zu bieten. In der N\u00e4he des Viertels befinden sich Sekundarschulen wie das Lyc\u00e9e Michel Rodange und das Ath\u00e9n\u00e9e de Luxembourg, die sich an Jugendliche richten. Einige Gesch\u00e4fte in der N\u00e4he (z. B. Cactus) machen das Viertel noch attraktiver.<\/span><\/p>\n\n\n\n<div class=\"wp-block-image\"><figure class=\"aligncenter\"><img loading=\"lazy\" decoding=\"async\" width=\"1024\" height=\"576\" src=\"https:\/\/www.athome.lu\/blog\/blog\/wp-content\/uploads\/2017\/07\/merl2017_3-1024x576.jpg\" alt=\"Merl, Luxemburg\" class=\"wp-image-9878\" srcset=\"https:\/\/www.athome.lu\/blog\/wp-content\/uploads\/2017\/07\/merl2017_3-1024x576.jpg 1024w, https:\/\/www.athome.lu\/blog\/wp-content\/uploads\/2017\/07\/merl2017_3-300x169.jpg 300w, https:\/\/www.athome.lu\/blog\/wp-content\/uploads\/2017\/07\/merl2017_3-768x432.jpg 768w, https:\/\/www.athome.lu\/blog\/wp-content\/uploads\/2017\/07\/merl2017_3-18x10.jpg 18w, https:\/\/www.athome.lu\/blog\/wp-content\/uploads\/2017\/07\/merl2017_3.jpg 1280w\" sizes=\"auto, (max-width: 1024px) 100vw, 1024px\" \/><\/figure><\/div>\n\n\n\n<p><\/p>\n\n\n\n<h2 class=\"wp-block-heading\"><span style=\"color: #000000;\"><strong>Sport und Kultur im Mittelpunkt<\/strong><\/span><\/h2>\n\n\n\n<p><span style=\"color: #000000;\">Auch Sportler kommen in Merl auf ihre Kosten. Das Stade Prince Jean, das den Fu\u00dfballplatz von Merl-Belair beherbergt, wurde aufgrund des schlechten Zustands seiner Infrastruktur komplett neu gestaltet. Der Stadtteil verf\u00fcgt au\u00dferdem \u00fcber eine Turnhalle, eine Sporthalle sowie einen Poloplatz und den Pferdestall La P\u00e9trusse.<\/span><\/p>\n\n\n\n<p><span style=\"color: #000000;\">Um sein Angebot an Dienstleistungen zu vervollst\u00e4ndigen, kann Merl auf das Konservatorium der Stadt Luxemburg z\u00e4hlen. Das Konservatorium, ein echter Trumpf des Viertels und kultureller Botschafter der Stadt, profitiert seit Januar 2016 von einer neuen Erweiterung, die aufgrund der stetig wachsenden p\u00e4dagogischen Nachfrage notwendig wurde. Die Infrastruktur wurde um neue R\u00e4ume f\u00fcr Musik (Schlagzeug, Saxophon\/Jazz), Theater und Tanz erweitert. Das Kulturzentrum \"Home Saint Genoul\" bietet au\u00dferdem zahlreiche Veranstaltungen f\u00fcr ein breites Publikum an.<\/span><\/p>\n\n\n\n<h2 class=\"wp-block-heading\"><span style=\"color: #000000;\"><strong>Gr\u00fcnfl\u00e4chen zum Entspannen<\/strong><\/span><\/h2>\n\n\n\n<p><span style=\"color: #000000;\">In Sachen Freizeit und Erholung kommt Merl nicht zu kurz. Es gibt zahlreiche Au\u00dfenanlagen und Gr\u00fcnfl\u00e4chen, die f\u00fcr Gro\u00df und Klein zug\u00e4nglich sind. Im Stadtteil gibt es \u00f6ffentliche Spielpl\u00e4tze, Multisportpl\u00e4tze f\u00fcr Ballspieler, aber auch ein Erholungsgebiet in der N\u00e4he des Friedhofs und einen Park, in dem man sich im Sommer entspannen oder Trampolinspringen kann. Der Bach, der das Viertel von West nach Ost durchflie\u00dft, verst\u00e4rkt noch ein wenig den d\u00f6rflichen Charakter des Viertels.<\/span><\/p>\n\n\n<section id=\"section-3-14695\" class=\"ct-section\" ><div class=\"ct-section-inner-wrap\"><div id=\"div_block-4-14695\" class=\"ct-div-block\" ><div id=\"new_columns-7-14695\" class=\"ct-new-columns\" ><div id=\"div_block-8-14695\" class=\"ct-div-block\" ><div id=\"div_block-14-14695\" class=\"ct-div-block\" ><\/div><\/div><div id=\"div_block-9-14695\" class=\"ct-div-block\" ><h1 id=\"headline-11-14695\" class=\"ct-headline\">Wie hoch sind die Immobilienpreise derzeit?<\/h1><div id=\"text_block-12-14695\" class=\"ct-text-block\" >Die Preise verlangsamen sich. Die Zinss\u00e4tze steigen. Welche Trends sind in den kommenden Monaten zu erwarten?<\/div><a id=\"link_button-13-14695\" class=\"ct-link-button\" href=\"https:\/\/www.athome.lu\/blog\/blog\/marche-immobilier\/prix\/tendances-2022\/\" target=\"_blank\"  >Analyse lesen<\/a><\/div><\/div><\/div><\/div><\/section>\n\n\n<h2 class=\"wp-block-heading\"><span style=\"color: #000000;\"><strong>Manchmal komplizierte Mobilit\u00e4t<\/strong><\/span><\/h2>\n\n\n\n<p><span style=\"color: #000000;\">In Merl wird alles getan, um Alternativen im Bereich der Mobilit\u00e4t zu f\u00f6rdern. Es gibt sieben Parkpl\u00e4tze und vier \"Vel'oh!\"-Stationen. Mehrere Buslinien bedienen h\u00e4ufig die zehn Bushaltestellen, die es im Viertel gibt. Der nahegelegene P+R Bouillon soll den Verkehr zum und vom Stadtzentrum entlasten. Trotz dieser Ma\u00dfnahmen leidet Merl unter den t\u00e4glichen Verz\u00f6gerungen. Das Viertel wird n\u00e4mlich von mehreren Hauptverkehrsstra\u00dfen durchquert, die t\u00e4glich von Anwohnern und Arbeitern aus der Hauptstadt genutzt werden.<\/span><\/p>\n\n\n\n<h2 class=\"wp-block-heading\"><span style=\"color: #000000;\"><strong>Projekte zur Belebung des Viertels<\/strong><\/span><\/h2>\n\n\n\n<p><span style=\"color: #000000;\">In dem st\u00e4ndigen Bestreben, seine Infrastruktur zu verbessern und dem Bev\u00f6lkerungswachstum gerecht zu werden, hat Merl mehrere Projekte in Angriff genommen. Ein besonderes Entwicklungsprojekt (PAP) f\u00fcr einen neuen Stadtteil mit dem Namen \"Zentrum von Merl\" wurde in Angriff genommen. Das Projekt sieht die Schaffung von Wohnraum unterschiedlicher Gr\u00f6\u00dfe und Art auf einer Fl\u00e4che von etwa 330 Ar vor. Es sollen also 42 Einfamilienh\u00e4user und neun Mehrfamilienh\u00e4user mit 142 Wohneinheiten entstehen. Mit diesem Projekt wird versucht, auf die im Stadtteil, aber auch im ganzen Land festgestellte Wohnungsnot zu reagieren.<\/span><\/p>\n\n\n\n<div class=\"wp-block-image\"><figure class=\"aligncenter\"><img loading=\"lazy\" decoding=\"async\" width=\"1024\" height=\"576\" src=\"https:\/\/www.athome.lu\/blog\/blog\/wp-content\/uploads\/2017\/07\/merl2017_2-1024x576.jpg\" alt=\"Immobilien in Merl\" class=\"wp-image-9879\" srcset=\"https:\/\/www.athome.lu\/blog\/wp-content\/uploads\/2017\/07\/merl2017_2-1024x576.jpg 1024w, https:\/\/www.athome.lu\/blog\/wp-content\/uploads\/2017\/07\/merl2017_2-300x169.jpg 300w, https:\/\/www.athome.lu\/blog\/wp-content\/uploads\/2017\/07\/merl2017_2-768x432.jpg 768w, https:\/\/www.athome.lu\/blog\/wp-content\/uploads\/2017\/07\/merl2017_2-18x10.jpg 18w, https:\/\/www.athome.lu\/blog\/wp-content\/uploads\/2017\/07\/merl2017_2.jpg 1280w\" sizes=\"auto, (max-width: 1024px) 100vw, 1024px\" \/><\/figure><\/div>\n\n\n\n<p><\/p>\n\n\n\n<p><span style=\"color: #000000;\">Das Projekt \"Jardins de Luxembourg\" sieht die Schaffung von insgesamt 76.000 m2 bebaubarer Fl\u00e4che vor, darunter ca. 2.000 m2 Gewerbefl\u00e4chen sowie 640 Wohnungen. Auf dem Gebiet von Merl werden f\u00fcnf Mehrfamilienh\u00e4user mit 100 Wohnungen auf einer Fl\u00e4che von 90 Ar entstehen.<\/span><\/p>\n\n\n\n<p><span style=\"color: #000000;\">Auch die Gr\u00fcnfl\u00e4chen, die den Bewohnern von Merl Freude bereiten, sollen ein Facelifting erhalten. Die Renovierung des Pavillons im Park von Merl wird bis zum Herbst 2017 abgeschlossen sein. Die Terrasse und das Restaurant werden vergr\u00f6\u00dfert, ein Nebengeb\u00e4ude wird errichtet und das Rondell wird auf Vordermann gebracht.<\/span><\/p>\n\n\n\n<p><span style=\"color: #000000;\">Merl will umweltfreundlich sein. Deshalb wird ein Regenwasserbecken gebaut und es werden Misch- und Abwasserkan\u00e4le verlegt, um das Viertel zu sanieren und ihm eine angemessene hydraulische Kapazit\u00e4t zu verschaffen. Im Norden werden ein neuer Recyclinghof sowie Geb\u00e4ude und Infrastrukturen f\u00fcr die st\u00e4dtischen Abteilungen \"Hygiene\" und \"Friedh\u00f6fe\" errichtet.<\/span><\/p>","protected":false},"excerpt":{"rendered":"<p>A un jet de pierre du centre-ville de Luxembourg, le quartier de Merl ne manque pas d\u2019atouts pour s\u00e9duire. Gr\u00e2ce \u00e0 ses espaces verts, son parc et ses nombreux projets en cours, le quartier attire une population de plus en plus cosmopolite. A Luxembourg, entour\u00e9 par les quartiers de Belair au nord-est, de Hollerich au [&hellip;]<\/p>\n","protected":false},"author":17,"featured_media":9876,"comment_status":"closed","ping_status":"open","sticky":false,"template":"","format":"standard","meta":{"_acf_changed":false,"footnotes":""},"categories":[218],"tags":[95],"class_list":["post-9875","post","type-post","status-publish","format-standard","has-post-thumbnail","hentry","category-villes","tag-centre"],"acf":[],"yoast_head":"<!-- This site is optimized with the Yoast SEO plugin v27.4 - https:\/\/yoast.com\/product\/yoast-seo-wordpress\/ -->\n<title>Luxembourg-ville: Merl, un quartier en pleine mutation | atHome.lu<\/title>\n<meta name=\"description\" content=\"A un jet de pierre du centre-ville de Luxembourg, le quartier de Merl ne manque pas d\u2019atouts pour s\u00e9duire.\" \/>\n<meta name=\"robots\" content=\"index, follow, max-snippet:-1, max-image-preview:large, max-video-preview:-1\" \/>\n<link rel=\"canonical\" href=\"https:\/\/www.athome.lu\/blog\/de\/immobilien-markt\/stadte\/merl-ein-quartier-in-einem-vollwechsel\/\" \/>\n<meta property=\"og:locale\" content=\"de_DE\" \/>\n<meta property=\"og:type\" content=\"article\" \/>\n<meta property=\"og:title\" content=\"Luxembourg-ville: Merl, un quartier en pleine mutation | atHome.lu\" \/>\n<meta property=\"og:description\" content=\"A un jet de pierre du centre-ville de Luxembourg, le quartier de Merl ne manque pas d\u2019atouts pour s\u00e9duire.\" \/>\n<meta property=\"og:url\" content=\"https:\/\/www.athome.lu\/blog\/de\/immobilien-markt\/stadte\/merl-ein-quartier-in-einem-vollwechsel\/\" \/>\n<meta property=\"og:site_name\" content=\"atHome Blog\" \/>\n<meta property=\"article:publisher\" content=\"https:\/\/www.facebook.com\/atHome.lu\/\" \/>\n<meta property=\"article:published_time\" content=\"2017-07-03T09:49:04+00:00\" \/>\n<meta property=\"article:modified_time\" content=\"2022-05-12T07:11:04+00:00\" \/>\n<meta property=\"og:image\" content=\"https:\/\/www.athome.lu\/blog\/wp-content\/uploads\/2017\/07\/merl2017.jpg\" \/>\n\t<meta property=\"og:image:width\" content=\"1280\" \/>\n\t<meta property=\"og:image:height\" content=\"720\" \/>\n\t<meta property=\"og:image:type\" content=\"image\/jpeg\" \/>\n<meta name=\"author\" content=\"Fanny Pimentel\" \/>\n<meta name=\"twitter:card\" content=\"summary_large_image\" \/>\n<meta name=\"twitter:creator\" content=\"@athomelu\" \/>\n<meta name=\"twitter:site\" content=\"@athomelu\" \/>\n<meta name=\"twitter:label1\" content=\"Verfasst von\" \/>\n\t<meta name=\"twitter:data1\" content=\"Fanny Pimentel\" \/>\n\t<meta name=\"twitter:label2\" content=\"Gesch\u00e4tzte Lesezeit\" \/>\n\t<meta name=\"twitter:data2\" content=\"6\u00a0Minuten\" \/>\n<script type=\"application\/ld+json\" class=\"yoast-schema-graph\">{\"@context\":\"https:\\\/\\\/schema.org\",\"@graph\":[{\"@type\":\"Article\",\"@id\":\"https:\\\/\\\/www.athome.lu\\\/blog\\\/marche-immobilier\\\/villes\\\/merl-un-quartier-en-pleine-mutation\\\/#article\",\"isPartOf\":{\"@id\":\"https:\\\/\\\/www.athome.lu\\\/blog\\\/marche-immobilier\\\/villes\\\/merl-un-quartier-en-pleine-mutation\\\/\"},\"author\":{\"name\":\"Fanny Pimentel\",\"@id\":\"https:\\\/\\\/www.athome.lu\\\/blog\\\/#\\\/schema\\\/person\\\/47f7a38089f837e792876ceddc4cb2dc\"},\"headline\":\"Merl, un quartier en pleine mutation\",\"datePublished\":\"2017-07-03T09:49:04+00:00\",\"dateModified\":\"2022-05-12T07:11:04+00:00\",\"mainEntityOfPage\":{\"@id\":\"https:\\\/\\\/www.athome.lu\\\/blog\\\/marche-immobilier\\\/villes\\\/merl-un-quartier-en-pleine-mutation\\\/\"},\"wordCount\":1037,\"image\":{\"@id\":\"https:\\\/\\\/www.athome.lu\\\/blog\\\/marche-immobilier\\\/villes\\\/merl-un-quartier-en-pleine-mutation\\\/#primaryimage\"},\"thumbnailUrl\":\"https:\\\/\\\/www.athome.lu\\\/blog\\\/wp-content\\\/uploads\\\/2017\\\/07\\\/merl2017.jpg\",\"keywords\":[\"Centre\"],\"articleSection\":[\"Villes\"],\"inLanguage\":\"de\"},{\"@type\":\"WebPage\",\"@id\":\"https:\\\/\\\/www.athome.lu\\\/blog\\\/marche-immobilier\\\/villes\\\/merl-un-quartier-en-pleine-mutation\\\/\",\"url\":\"https:\\\/\\\/www.athome.lu\\\/blog\\\/marche-immobilier\\\/villes\\\/merl-un-quartier-en-pleine-mutation\\\/\",\"name\":\"Luxembourg-ville: Merl, un quartier en pleine mutation | atHome.lu\",\"isPartOf\":{\"@id\":\"https:\\\/\\\/www.athome.lu\\\/blog\\\/#website\"},\"primaryImageOfPage\":{\"@id\":\"https:\\\/\\\/www.athome.lu\\\/blog\\\/marche-immobilier\\\/villes\\\/merl-un-quartier-en-pleine-mutation\\\/#primaryimage\"},\"image\":{\"@id\":\"https:\\\/\\\/www.athome.lu\\\/blog\\\/marche-immobilier\\\/villes\\\/merl-un-quartier-en-pleine-mutation\\\/#primaryimage\"},\"thumbnailUrl\":\"https:\\\/\\\/www.athome.lu\\\/blog\\\/wp-content\\\/uploads\\\/2017\\\/07\\\/merl2017.jpg\",\"datePublished\":\"2017-07-03T09:49:04+00:00\",\"dateModified\":\"2022-05-12T07:11:04+00:00\",\"author\":{\"@id\":\"https:\\\/\\\/www.athome.lu\\\/blog\\\/#\\\/schema\\\/person\\\/47f7a38089f837e792876ceddc4cb2dc\"},\"description\":\"A un jet de pierre du centre-ville de Luxembourg, le quartier de Merl ne manque pas d\u2019atouts pour s\u00e9duire.\",\"breadcrumb\":{\"@id\":\"https:\\\/\\\/www.athome.lu\\\/blog\\\/marche-immobilier\\\/villes\\\/merl-un-quartier-en-pleine-mutation\\\/#breadcrumb\"},\"inLanguage\":\"de\",\"potentialAction\":[{\"@type\":\"ReadAction\",\"target\":[\"https:\\\/\\\/www.athome.lu\\\/blog\\\/marche-immobilier\\\/villes\\\/merl-un-quartier-en-pleine-mutation\\\/\"]}]},{\"@type\":\"ImageObject\",\"inLanguage\":\"de\",\"@id\":\"https:\\\/\\\/www.athome.lu\\\/blog\\\/marche-immobilier\\\/villes\\\/merl-un-quartier-en-pleine-mutation\\\/#primaryimage\",\"url\":\"https:\\\/\\\/www.athome.lu\\\/blog\\\/wp-content\\\/uploads\\\/2017\\\/07\\\/merl2017.jpg\",\"contentUrl\":\"https:\\\/\\\/www.athome.lu\\\/blog\\\/wp-content\\\/uploads\\\/2017\\\/07\\\/merl2017.jpg\",\"width\":1280,\"height\":720,\"caption\":\"Quartier de Merl\"},{\"@type\":\"BreadcrumbList\",\"@id\":\"https:\\\/\\\/www.athome.lu\\\/blog\\\/marche-immobilier\\\/villes\\\/merl-un-quartier-en-pleine-mutation\\\/#breadcrumb\",\"itemListElement\":[{\"@type\":\"ListItem\",\"position\":1,\"name\":\"Accueil\",\"item\":\"https:\\\/\\\/www.athome.lu\\\/blog\\\/\"},{\"@type\":\"ListItem\",\"position\":2,\"name\":\"March\u00e9 immobilier\",\"item\":\"https:\\\/\\\/www.athome.lu\\\/blog\\\/category\\\/marche-immobilier\\\/\"},{\"@type\":\"ListItem\",\"position\":3,\"name\":\"Villes\",\"item\":\"https:\\\/\\\/www.athome.lu\\\/blog\\\/category\\\/marche-immobilier\\\/villes\\\/\"},{\"@type\":\"ListItem\",\"position\":4,\"name\":\"Merl, un quartier en pleine mutation\"}]},{\"@type\":\"WebSite\",\"@id\":\"https:\\\/\\\/www.athome.lu\\\/blog\\\/#website\",\"url\":\"https:\\\/\\\/www.athome.lu\\\/blog\\\/\",\"name\":\"atHome Blog\",\"description\":\"Annonces immobili\u00e8res au Luxembourg. Le portail immobilier n\u00b01 au Luxembourg.\",\"potentialAction\":[{\"@type\":\"SearchAction\",\"target\":{\"@type\":\"EntryPoint\",\"urlTemplate\":\"https:\\\/\\\/www.athome.lu\\\/blog\\\/?s={search_term_string}\"},\"query-input\":{\"@type\":\"PropertyValueSpecification\",\"valueRequired\":true,\"valueName\":\"search_term_string\"}}],\"inLanguage\":\"de\"},{\"@type\":\"Person\",\"@id\":\"https:\\\/\\\/www.athome.lu\\\/blog\\\/#\\\/schema\\\/person\\\/47f7a38089f837e792876ceddc4cb2dc\",\"name\":\"Fanny Pimentel\",\"image\":{\"@type\":\"ImageObject\",\"inLanguage\":\"de\",\"@id\":\"https:\\\/\\\/secure.gravatar.com\\\/avatar\\\/c60b27b93851dc9503f9cc9150e73dcb0a86ba6150657e5e4b11d988400bc633?s=96&d=mm&r=g\",\"url\":\"https:\\\/\\\/secure.gravatar.com\\\/avatar\\\/c60b27b93851dc9503f9cc9150e73dcb0a86ba6150657e5e4b11d988400bc633?s=96&d=mm&r=g\",\"contentUrl\":\"https:\\\/\\\/secure.gravatar.com\\\/avatar\\\/c60b27b93851dc9503f9cc9150e73dcb0a86ba6150657e5e4b11d988400bc633?s=96&d=mm&r=g\",\"caption\":\"Fanny Pimentel\"}}]}<\/script>\n<!-- \/ Yoast SEO plugin. -->","yoast_head_json":{"title":"Luxemburg-Stadt: Merl, ein Stadtteil im Umbruch | atHome.lu","description":"Nur einen Steinwurf vom Stadtzentrum Luxemburgs entfernt, hat das Merl-Viertel einiges zu bieten.","robots":{"index":"index","follow":"follow","max-snippet":"max-snippet:-1","max-image-preview":"max-image-preview:large","max-video-preview":"max-video-preview:-1"},"canonical":"https:\/\/www.athome.lu\/blog\/de\/immobilien-markt\/stadte\/merl-ein-quartier-in-einem-vollwechsel\/","og_locale":"de_DE","og_type":"article","og_title":"Luxembourg-ville: Merl, un quartier en pleine mutation | atHome.lu","og_description":"A un jet de pierre du centre-ville de Luxembourg, le quartier de Merl ne manque pas d\u2019atouts pour s\u00e9duire.","og_url":"https:\/\/www.athome.lu\/blog\/de\/immobilien-markt\/stadte\/merl-ein-quartier-in-einem-vollwechsel\/","og_site_name":"atHome Blog","article_publisher":"https:\/\/www.facebook.com\/atHome.lu\/","article_published_time":"2017-07-03T09:49:04+00:00","article_modified_time":"2022-05-12T07:11:04+00:00","og_image":[{"width":1280,"height":720,"url":"https:\/\/www.athome.lu\/blog\/wp-content\/uploads\/2017\/07\/merl2017.jpg","type":"image\/jpeg"}],"author":"Fanny Pimentel","twitter_card":"summary_large_image","twitter_creator":"@athomelu","twitter_site":"@athomelu","twitter_misc":{"Verfasst von":"Fanny Pimentel","Gesch\u00e4tzte Lesezeit":"6\u00a0Minuten"},"schema":{"@context":"https:\/\/schema.org","@graph":[{"@type":"Article","@id":"https:\/\/www.athome.lu\/blog\/marche-immobilier\/villes\/merl-un-quartier-en-pleine-mutation\/#article","isPartOf":{"@id":"https:\/\/www.athome.lu\/blog\/marche-immobilier\/villes\/merl-un-quartier-en-pleine-mutation\/"},"author":{"name":"Fanny Pimentel","@id":"https:\/\/www.athome.lu\/blog\/#\/schema\/person\/47f7a38089f837e792876ceddc4cb2dc"},"headline":"Merl, un quartier en pleine mutation","datePublished":"2017-07-03T09:49:04+00:00","dateModified":"2022-05-12T07:11:04+00:00","mainEntityOfPage":{"@id":"https:\/\/www.athome.lu\/blog\/marche-immobilier\/villes\/merl-un-quartier-en-pleine-mutation\/"},"wordCount":1037,"image":{"@id":"https:\/\/www.athome.lu\/blog\/marche-immobilier\/villes\/merl-un-quartier-en-pleine-mutation\/#primaryimage"},"thumbnailUrl":"https:\/\/www.athome.lu\/blog\/wp-content\/uploads\/2017\/07\/merl2017.jpg","keywords":["Centre"],"articleSection":["Villes"],"inLanguage":"de"},{"@type":"WebPage","@id":"https:\/\/www.athome.lu\/blog\/marche-immobilier\/villes\/merl-un-quartier-en-pleine-mutation\/","url":"https:\/\/www.athome.lu\/blog\/marche-immobilier\/villes\/merl-un-quartier-en-pleine-mutation\/","name":"Luxemburg-Stadt: Merl, ein Stadtteil im Umbruch | atHome.lu","isPartOf":{"@id":"https:\/\/www.athome.lu\/blog\/#website"},"primaryImageOfPage":{"@id":"https:\/\/www.athome.lu\/blog\/marche-immobilier\/villes\/merl-un-quartier-en-pleine-mutation\/#primaryimage"},"image":{"@id":"https:\/\/www.athome.lu\/blog\/marche-immobilier\/villes\/merl-un-quartier-en-pleine-mutation\/#primaryimage"},"thumbnailUrl":"https:\/\/www.athome.lu\/blog\/wp-content\/uploads\/2017\/07\/merl2017.jpg","datePublished":"2017-07-03T09:49:04+00:00","dateModified":"2022-05-12T07:11:04+00:00","author":{"@id":"https:\/\/www.athome.lu\/blog\/#\/schema\/person\/47f7a38089f837e792876ceddc4cb2dc"},"description":"Nur einen Steinwurf vom Stadtzentrum Luxemburgs entfernt, hat das Merl-Viertel einiges zu bieten.","breadcrumb":{"@id":"https:\/\/www.athome.lu\/blog\/marche-immobilier\/villes\/merl-un-quartier-en-pleine-mutation\/#breadcrumb"},"inLanguage":"de","potentialAction":[{"@type":"ReadAction","target":["https:\/\/www.athome.lu\/blog\/marche-immobilier\/villes\/merl-un-quartier-en-pleine-mutation\/"]}]},{"@type":"ImageObject","inLanguage":"de","@id":"https:\/\/www.athome.lu\/blog\/marche-immobilier\/villes\/merl-un-quartier-en-pleine-mutation\/#primaryimage","url":"https:\/\/www.athome.lu\/blog\/wp-content\/uploads\/2017\/07\/merl2017.jpg","contentUrl":"https:\/\/www.athome.lu\/blog\/wp-content\/uploads\/2017\/07\/merl2017.jpg","width":1280,"height":720,"caption":"Quartier de Merl"},{"@type":"BreadcrumbList","@id":"https:\/\/www.athome.lu\/blog\/marche-immobilier\/villes\/merl-un-quartier-en-pleine-mutation\/#breadcrumb","itemListElement":[{"@type":"ListItem","position":1,"name":"Accueil","item":"https:\/\/www.athome.lu\/blog\/"},{"@type":"ListItem","position":2,"name":"March\u00e9 immobilier","item":"https:\/\/www.athome.lu\/blog\/category\/marche-immobilier\/"},{"@type":"ListItem","position":3,"name":"Villes","item":"https:\/\/www.athome.lu\/blog\/category\/marche-immobilier\/villes\/"},{"@type":"ListItem","position":4,"name":"Merl, un quartier en pleine mutation"}]},{"@type":"WebSite","@id":"https:\/\/www.athome.lu\/blog\/#website","url":"https:\/\/www.athome.lu\/blog\/","name":"atHome Blog","description":"Immobilienanzeigen in Luxemburg. Das Immobilienportal Nr. 1 in Luxemburg.","potentialAction":[{"@type":"SearchAction","target":{"@type":"EntryPoint","urlTemplate":"https:\/\/www.athome.lu\/blog\/?s={search_term_string}"},"query-input":{"@type":"PropertyValueSpecification","valueRequired":true,"valueName":"search_term_string"}}],"inLanguage":"de"},{"@type":"Person","@id":"https:\/\/www.athome.lu\/blog\/#\/schema\/person\/47f7a38089f837e792876ceddc4cb2dc","name":"Fanny Pimentel","image":{"@type":"ImageObject","inLanguage":"de","@id":"https:\/\/secure.gravatar.com\/avatar\/c60b27b93851dc9503f9cc9150e73dcb0a86ba6150657e5e4b11d988400bc633?s=96&d=mm&r=g","url":"https:\/\/secure.gravatar.com\/avatar\/c60b27b93851dc9503f9cc9150e73dcb0a86ba6150657e5e4b11d988400bc633?s=96&d=mm&r=g","contentUrl":"https:\/\/secure.gravatar.com\/avatar\/c60b27b93851dc9503f9cc9150e73dcb0a86ba6150657e5e4b11d988400bc633?s=96&d=mm&r=g","caption":"Fanny Pimentel"}}]}},"featured_media_src_url":"https:\/\/www.athome.lu\/blog\/wp-content\/uploads\/2017\/07\/merl2017-1024x576.jpg","_links":{"self":[{"href":"https:\/\/www.athome.lu\/blog\/de\/wp-json\/wp\/v2\/posts\/9875","targetHints":{"allow":["GET"]}}],"collection":[{"href":"https:\/\/www.athome.lu\/blog\/de\/wp-json\/wp\/v2\/posts"}],"about":[{"href":"https:\/\/www.athome.lu\/blog\/de\/wp-json\/wp\/v2\/types\/post"}],"author":[{"embeddable":true,"href":"https:\/\/www.athome.lu\/blog\/de\/wp-json\/wp\/v2\/users\/17"}],"replies":[{"embeddable":true,"href":"https:\/\/www.athome.lu\/blog\/de\/wp-json\/wp\/v2\/comments?post=9875"}],"version-history":[{"count":2,"href":"https:\/\/www.athome.lu\/blog\/de\/wp-json\/wp\/v2\/posts\/9875\/revisions"}],"predecessor-version":[{"id":15259,"href":"https:\/\/www.athome.lu\/blog\/de\/wp-json\/wp\/v2\/posts\/9875\/revisions\/15259"}],"wp:featuredmedia":[{"embeddable":true,"href":"https:\/\/www.athome.lu\/blog\/de\/wp-json\/wp\/v2\/media\/9876"}],"wp:attachment":[{"href":"https:\/\/www.athome.lu\/blog\/de\/wp-json\/wp\/v2\/media?parent=9875"}],"wp:term":[{"taxonomy":"category","embeddable":true,"href":"https:\/\/www.athome.lu\/blog\/de\/wp-json\/wp\/v2\/categories?post=9875"},{"taxonomy":"post_tag","embeddable":true,"href":"https:\/\/www.athome.lu\/blog\/de\/wp-json\/wp\/v2\/tags?post=9875"}],"curies":[{"name":"wp","href":"https:\/\/api.w.org\/{rel}","templated":true}]}}