{"id":10324,"date":"2017-10-12T08:41:55","date_gmt":"2017-10-12T07:41:55","guid":{"rendered":"https:\/\/www.athome.lu\/blog\/?p=10324"},"modified":"2022-05-12T09:00:56","modified_gmt":"2022-05-12T07:00:56","slug":"steinfort-important-developments-a-la-frontiere","status":"publish","type":"post","link":"https:\/\/www.athome.lu\/blog\/en\/marche-immobilier\/villes\/steinfort-dimportants-developpements-a-la-frontiere\/","title":{"rendered":"Steinfort: important developments at the border"},"content":{"rendered":"<p><span style=\"color: #000000;\">The municipality of Steinfort is undergoing major changes. Numerous real estate projects are being developed in this dynamic and attractive border community. <\/span><\/p>\n\n\n\n<p><span style=\"color: #000000;\">The municipality of Steinfort, which is located on the Belgian border and directly adjacent to Arlon to the west, has no shortage of ambitions. \"Our municipality has four entities, including Steinfort, Hagen, Kleinbettingen and Grass, and we are growing rapidly. We have passed the 5,000 inhabitant mark and this will increase in the next few years due to the many ongoing and future building projects\", summarises Mayor Jean-Marie Wirth.<\/span><\/p>\n\n\n\n<div class=\"wp-block-image\"><figure class=\"aligncenter\"><img loading=\"lazy\" decoding=\"async\" width=\"1024\" height=\"683\" src=\"https:\/\/www.athome.lu\/blog\/blog\/wp-content\/uploads\/2017\/10\/steinfort2-1024x683.jpg\" alt=\"View of Steinfort\" class=\"wp-image-10327\" srcset=\"https:\/\/www.athome.lu\/blog\/wp-content\/uploads\/2017\/10\/steinfort2-1024x683.jpg 1024w, https:\/\/www.athome.lu\/blog\/wp-content\/uploads\/2017\/10\/steinfort2-300x200.jpg 300w, https:\/\/www.athome.lu\/blog\/wp-content\/uploads\/2017\/10\/steinfort2-768x512.jpg 768w, https:\/\/www.athome.lu\/blog\/wp-content\/uploads\/2017\/10\/steinfort2-18x12.jpg 18w, https:\/\/www.athome.lu\/blog\/wp-content\/uploads\/2017\/10\/steinfort2.jpg 1200w\" sizes=\"auto, (max-width: 1024px) 100vw, 1024px\" \/><\/figure><\/div>\n\n\n\n<p><\/p>\n\n\n\n<p><span style=\"color: #000000;\">With its unspoilt natural environment, Steinfort is FairTrade certified and attracts new residents for the quality of life it can offer. It's like being in the country, but with all the facilities of the city. Our location is ideal, in the immediate vicinity of the main roads,\" says the mayor. The motorway allows you to reach Luxembourg City in barely twenty minutes, outside of rush hour of course. The north and south of the country are just as easily accessible via Mersch and Dippach. For those who prefer to travel by train, Kleinbettingen station is a popular point for both Luxembourgers and Belgians. In addition, the 222 bus line connects Steinfort with Luxembourg City and Kirchberg at a very regular pace throughout the day.<\/span><\/p>\n\n\n\n<h2 class=\"wp-block-heading\"><span style=\"color: #000000;\"><strong>Hundreds of new homes in the pipeline<\/strong><\/span><\/h2>\n\n\n\n<p><span style=\"color: #000000;\">As far as housing is concerned, the construction machine is underway and is not ready to stop, with some very large projects on the schedule. It starts with the Aischzenter project on the Luxembourg road. \"About 400 homes are planned in the heart of the village of Steinfort, with 29 residential and\/or mixed-use buildings (shops, offices), as well as single-family homes,\" explains Jean-Marie Wirth. In the Rue de Kleinbettingen, the \"Op Eechelter\" project will be built with around 200 homes.<\/span><\/p>\n\n\n\n<p><span style=\"color: #000000;\">In Hagen, the municipality has taken the lead in developing a special development plan (PAP), known as \"Kr\u00e4izheck\". It concerns a structure of about fifty dwellings, near the cemetery. Finally, on the site of the former campsite, some 250 housing units will be created in the coming years. \"Alongside these large PAPs, there are other smaller ones. In all cases, we want to guarantee a high percentage of social housing. Some of them were recently inaugurated. We are also looking after the future of our young people. We have a housing project entirely for them. They will be able to enjoy a house at a low price, on the basis of a long lease for 99 years.<\/span><\/p>\n\n\n<section id=\"section-3-14695\" class=\"ct-section\" ><div class=\"ct-section-inner-wrap\"><div id=\"div_block-4-14695\" class=\"ct-div-block\" ><div id=\"new_columns-7-14695\" class=\"ct-new-columns\" ><div id=\"div_block-8-14695\" class=\"ct-div-block\" ><div id=\"div_block-14-14695\" class=\"ct-div-block\" ><\/div><\/div><div id=\"div_block-9-14695\" class=\"ct-div-block\" ><h1 id=\"headline-11-14695\" class=\"ct-headline\">What are the property prices at the moment?<\/h1><div id=\"text_block-12-14695\" class=\"ct-text-block\" >Prices are slowing down. Interest rates are rising. What are the trends for the coming months?<\/div><a id=\"link_button-13-14695\" class=\"ct-link-button\" href=\"https:\/\/www.athome.lu\/blog\/blog\/marche-immobilier\/prix\/tendances-2022\/\" target=\"_blank\"  >Read the analysis<\/a><\/div><\/div><\/div><\/div><\/section>\n\n\n<h2 class=\"wp-block-heading\"><span style=\"color: #000000;\"><strong>A new business park <\/strong><\/span><\/h2>\n\n\n\n<p><span style=\"color: #000000;\">Economically speaking, the municipality of Steinfort attracts numerous small and medium-sized companies looking for a privileged location. \"Steinfort is the first site of the Syndicate \"Zone d'Activit\u00e9s Economiques \u00e0 caract\u00e8re r\u00e9gional dans la R\u00e9gion de l'Ouest du Pays\" (ZARO), created by the municipalities of Garnich, Hobscheid, Kehlen, Koerich, Mamer and Steinfort. We have created a business park in Graas, along the motorway, with a total area of 28 hectares, of which 17.3 hectares will be made available to companies wishing to set up there. In this business park, a project that is unprecedented in Luxembourg is taking shape. This is the development of a Parkhaus with a total capacity of 300 places. If mobility is a national problem, we wanted to do our bit,\" adds Jean-Marie Wirth. Everyone knows that decentralised business parks are all confronted with a parking problem. We have received the support of the Ministry of the Economy in this project, which could give ideas to others. For us, the aim is to make parking spaces available to the companies located on the zone, in the form of purchase or rental. But there will also be spaces for commuters, with shuttle buses to Kleinbettingen station, which is about 2 kilometres away. For those who wish to make the journey by bike, an mBox will be installed.<\/span><\/p>\n\n\n\n<h2 class=\"wp-block-heading\"><span style=\"color: #000000;\"><strong>An eclectic social and cultural offer<\/strong><\/span><\/h2>\n\n\n\n<p><span style=\"color: #000000;\">Steinfort is considered the gateway to the beautiful Eisch valley, allowing visitors to experience the charm and calm of the majestic forests.<\/span><\/p>\n\n\n\n<p><span style=\"color: #000000;\">At present, the municipality has a local commercial offer and the current development projects will enable trade to develop. Among the main infrastructures, the \"Roudemer\" sports and recreation centre with its water feature, the indoor swimming pool, the Al Schmelz cultural complex, and the \"A Backent\" sports centre are all planned to be located on a single site. This project, which should take shape behind the \"Aischzenter\" site, will bring together a new regional swimming pool, a football stadium, tennis and beach volleyball courts, etc.<\/span><\/p>\n\n\n\n<p><span style=\"color: #000000;\">Steinfort also has its own inter-municipal hospital, which is now specialised in geriatric rehabilitation, with a nursing home, a day home and a day hospital. A preliminary project is underway to make the structure more modern and larger. In addition to all these attractions, there is also a rich and varied cultural offer around the Schmelz Kultur programme, which brings together a wide variety of events: theatre, cabarets, songs, concerts, readings, etc. The \"Owesmart\", the \"Dag um Weier\" and the Christmas market are activities in the Steinfort municipality which attract thousands of people every year... Enough to keep the population busy throughout the year with a wide range of events.<\/span><\/p>\n\n\n\n<p><em>Article published in atHome Magazine - April 2017<\/em><\/p>","protected":false},"excerpt":{"rendered":"<p>La commune de Steinfort connait des transformations importantes. De nombreux projets immobiliers voient le jour dans cette commune frontali\u00e8re dynamique et attractive. Adoss\u00e9e \u00e0 la fronti\u00e8re belge, et voisine directe d\u2019Arlon qui s\u2019\u00e9tend \u00e0 l\u2019ouest, la commune de Steinfort ne manque pas d\u2019ambitions. \u00ab&nbsp;Notre commune compte quatre entit\u00e9s, dont Steinfort, Hagen, Kleinbettingen et Grass et [&hellip;]<\/p>\n","protected":false},"author":17,"featured_media":10326,"comment_status":"closed","ping_status":"open","sticky":false,"template":"","format":"standard","meta":{"_acf_changed":false,"footnotes":""},"categories":[218],"tags":[],"class_list":["post-10324","post","type-post","status-publish","format-standard","has-post-thumbnail","hentry","category-villes"],"acf":[],"yoast_head":"<!-- This site is optimized with the Yoast SEO plugin v27.4 - https:\/\/yoast.com\/product\/yoast-seo-wordpress\/ -->\n<title>Steinfort : d\u2019importants d\u00e9veloppements \u00e0 la fronti\u00e8re | atHome<\/title>\n<meta name=\"description\" content=\"La commune de Steinfort connait des transformations importantes. De nombreux projets immobiliers y voient le jour.\" \/>\n<meta name=\"robots\" content=\"index, follow, max-snippet:-1, max-image-preview:large, max-video-preview:-1\" \/>\n<link rel=\"canonical\" href=\"https:\/\/www.athome.lu\/blog\/en\/real-estate-market\/towns\/steinfort-important-developments-a-la-frontiere\/\" \/>\n<meta property=\"og:locale\" content=\"en_GB\" \/>\n<meta property=\"og:type\" content=\"article\" \/>\n<meta property=\"og:title\" content=\"Steinfort : d\u2019importants d\u00e9veloppements \u00e0 la fronti\u00e8re | atHome\" \/>\n<meta property=\"og:description\" content=\"La commune de Steinfort connait des transformations importantes. De nombreux projets immobiliers y voient le jour.\" \/>\n<meta property=\"og:url\" content=\"https:\/\/www.athome.lu\/blog\/en\/real-estate-market\/towns\/steinfort-important-developments-a-la-frontiere\/\" \/>\n<meta property=\"og:site_name\" content=\"atHome Blog\" \/>\n<meta property=\"article:publisher\" content=\"https:\/\/www.facebook.com\/atHome.lu\/\" \/>\n<meta property=\"article:published_time\" content=\"2017-10-12T07:41:55+00:00\" \/>\n<meta property=\"article:modified_time\" content=\"2022-05-12T07:00:56+00:00\" \/>\n<meta property=\"og:image\" content=\"https:\/\/www.athome.lu\/blog\/wp-content\/uploads\/2017\/10\/steinfort1.jpg\" \/>\n\t<meta property=\"og:image:width\" content=\"1200\" \/>\n\t<meta property=\"og:image:height\" content=\"800\" \/>\n\t<meta property=\"og:image:type\" content=\"image\/jpeg\" \/>\n<meta name=\"author\" content=\"Fanny Pimentel\" \/>\n<meta name=\"twitter:card\" content=\"summary_large_image\" \/>\n<meta name=\"twitter:creator\" content=\"@athomelu\" \/>\n<meta name=\"twitter:site\" content=\"@athomelu\" \/>\n<meta name=\"twitter:label1\" content=\"Written by\" \/>\n\t<meta name=\"twitter:data1\" content=\"Fanny Pimentel\" \/>\n\t<meta name=\"twitter:label2\" content=\"Estimated reading time\" \/>\n\t<meta name=\"twitter:data2\" content=\"5 minutes\" \/>\n<script type=\"application\/ld+json\" class=\"yoast-schema-graph\">{\"@context\":\"https:\\\/\\\/schema.org\",\"@graph\":[{\"@type\":\"Article\",\"@id\":\"https:\\\/\\\/www.athome.lu\\\/blog\\\/marche-immobilier\\\/villes\\\/steinfort-dimportants-developpements-a-la-frontiere\\\/#article\",\"isPartOf\":{\"@id\":\"https:\\\/\\\/www.athome.lu\\\/blog\\\/marche-immobilier\\\/villes\\\/steinfort-dimportants-developpements-a-la-frontiere\\\/\"},\"author\":{\"name\":\"Fanny Pimentel\",\"@id\":\"https:\\\/\\\/www.athome.lu\\\/blog\\\/#\\\/schema\\\/person\\\/47f7a38089f837e792876ceddc4cb2dc\"},\"headline\":\"Steinfort : d\u2019importants d\u00e9veloppements \u00e0 la fronti\u00e8re\",\"datePublished\":\"2017-10-12T07:41:55+00:00\",\"dateModified\":\"2022-05-12T07:00:56+00:00\",\"mainEntityOfPage\":{\"@id\":\"https:\\\/\\\/www.athome.lu\\\/blog\\\/marche-immobilier\\\/villes\\\/steinfort-dimportants-developpements-a-la-frontiere\\\/\"},\"wordCount\":1052,\"image\":{\"@id\":\"https:\\\/\\\/www.athome.lu\\\/blog\\\/marche-immobilier\\\/villes\\\/steinfort-dimportants-developpements-a-la-frontiere\\\/#primaryimage\"},\"thumbnailUrl\":\"https:\\\/\\\/www.athome.lu\\\/blog\\\/wp-content\\\/uploads\\\/2017\\\/10\\\/steinfort1.jpg\",\"articleSection\":[\"Villes\"],\"inLanguage\":\"en-GB\"},{\"@type\":\"WebPage\",\"@id\":\"https:\\\/\\\/www.athome.lu\\\/blog\\\/marche-immobilier\\\/villes\\\/steinfort-dimportants-developpements-a-la-frontiere\\\/\",\"url\":\"https:\\\/\\\/www.athome.lu\\\/blog\\\/marche-immobilier\\\/villes\\\/steinfort-dimportants-developpements-a-la-frontiere\\\/\",\"name\":\"Steinfort : d\u2019importants d\u00e9veloppements \u00e0 la fronti\u00e8re | atHome\",\"isPartOf\":{\"@id\":\"https:\\\/\\\/www.athome.lu\\\/blog\\\/#website\"},\"primaryImageOfPage\":{\"@id\":\"https:\\\/\\\/www.athome.lu\\\/blog\\\/marche-immobilier\\\/villes\\\/steinfort-dimportants-developpements-a-la-frontiere\\\/#primaryimage\"},\"image\":{\"@id\":\"https:\\\/\\\/www.athome.lu\\\/blog\\\/marche-immobilier\\\/villes\\\/steinfort-dimportants-developpements-a-la-frontiere\\\/#primaryimage\"},\"thumbnailUrl\":\"https:\\\/\\\/www.athome.lu\\\/blog\\\/wp-content\\\/uploads\\\/2017\\\/10\\\/steinfort1.jpg\",\"datePublished\":\"2017-10-12T07:41:55+00:00\",\"dateModified\":\"2022-05-12T07:00:56+00:00\",\"author\":{\"@id\":\"https:\\\/\\\/www.athome.lu\\\/blog\\\/#\\\/schema\\\/person\\\/47f7a38089f837e792876ceddc4cb2dc\"},\"description\":\"La commune de Steinfort connait des transformations importantes. De nombreux projets immobiliers y voient le jour.\",\"breadcrumb\":{\"@id\":\"https:\\\/\\\/www.athome.lu\\\/blog\\\/marche-immobilier\\\/villes\\\/steinfort-dimportants-developpements-a-la-frontiere\\\/#breadcrumb\"},\"inLanguage\":\"en-GB\",\"potentialAction\":[{\"@type\":\"ReadAction\",\"target\":[\"https:\\\/\\\/www.athome.lu\\\/blog\\\/marche-immobilier\\\/villes\\\/steinfort-dimportants-developpements-a-la-frontiere\\\/\"]}]},{\"@type\":\"ImageObject\",\"inLanguage\":\"en-GB\",\"@id\":\"https:\\\/\\\/www.athome.lu\\\/blog\\\/marche-immobilier\\\/villes\\\/steinfort-dimportants-developpements-a-la-frontiere\\\/#primaryimage\",\"url\":\"https:\\\/\\\/www.athome.lu\\\/blog\\\/wp-content\\\/uploads\\\/2017\\\/10\\\/steinfort1.jpg\",\"contentUrl\":\"https:\\\/\\\/www.athome.lu\\\/blog\\\/wp-content\\\/uploads\\\/2017\\\/10\\\/steinfort1.jpg\",\"width\":1200,\"height\":800,\"caption\":\"Commune de Steinfort ,Luxembourg\"},{\"@type\":\"BreadcrumbList\",\"@id\":\"https:\\\/\\\/www.athome.lu\\\/blog\\\/marche-immobilier\\\/villes\\\/steinfort-dimportants-developpements-a-la-frontiere\\\/#breadcrumb\",\"itemListElement\":[{\"@type\":\"ListItem\",\"position\":1,\"name\":\"Accueil\",\"item\":\"https:\\\/\\\/www.athome.lu\\\/blog\\\/\"},{\"@type\":\"ListItem\",\"position\":2,\"name\":\"March\u00e9 immobilier\",\"item\":\"https:\\\/\\\/www.athome.lu\\\/blog\\\/category\\\/marche-immobilier\\\/\"},{\"@type\":\"ListItem\",\"position\":3,\"name\":\"Villes\",\"item\":\"https:\\\/\\\/www.athome.lu\\\/blog\\\/category\\\/marche-immobilier\\\/villes\\\/\"},{\"@type\":\"ListItem\",\"position\":4,\"name\":\"Steinfort : d\u2019importants d\u00e9veloppements \u00e0 la fronti\u00e8re\"}]},{\"@type\":\"WebSite\",\"@id\":\"https:\\\/\\\/www.athome.lu\\\/blog\\\/#website\",\"url\":\"https:\\\/\\\/www.athome.lu\\\/blog\\\/\",\"name\":\"atHome Blog\",\"description\":\"Annonces immobili\u00e8res au Luxembourg. Le portail immobilier n\u00b01 au Luxembourg.\",\"potentialAction\":[{\"@type\":\"SearchAction\",\"target\":{\"@type\":\"EntryPoint\",\"urlTemplate\":\"https:\\\/\\\/www.athome.lu\\\/blog\\\/?s={search_term_string}\"},\"query-input\":{\"@type\":\"PropertyValueSpecification\",\"valueRequired\":true,\"valueName\":\"search_term_string\"}}],\"inLanguage\":\"en-GB\"},{\"@type\":\"Person\",\"@id\":\"https:\\\/\\\/www.athome.lu\\\/blog\\\/#\\\/schema\\\/person\\\/47f7a38089f837e792876ceddc4cb2dc\",\"name\":\"Fanny Pimentel\",\"image\":{\"@type\":\"ImageObject\",\"inLanguage\":\"en-GB\",\"@id\":\"https:\\\/\\\/secure.gravatar.com\\\/avatar\\\/c60b27b93851dc9503f9cc9150e73dcb0a86ba6150657e5e4b11d988400bc633?s=96&d=mm&r=g\",\"url\":\"https:\\\/\\\/secure.gravatar.com\\\/avatar\\\/c60b27b93851dc9503f9cc9150e73dcb0a86ba6150657e5e4b11d988400bc633?s=96&d=mm&r=g\",\"contentUrl\":\"https:\\\/\\\/secure.gravatar.com\\\/avatar\\\/c60b27b93851dc9503f9cc9150e73dcb0a86ba6150657e5e4b11d988400bc633?s=96&d=mm&r=g\",\"caption\":\"Fanny Pimentel\"}}]}<\/script>\n<!-- \/ Yoast SEO plugin. -->","yoast_head_json":{"title":"Steinfort: major developments at the border | atHome","description":"The municipality of Steinfort is undergoing major changes. Numerous real estate projects are being developed.","robots":{"index":"index","follow":"follow","max-snippet":"max-snippet:-1","max-image-preview":"max-image-preview:large","max-video-preview":"max-video-preview:-1"},"canonical":"https:\/\/www.athome.lu\/blog\/en\/real-estate-market\/towns\/steinfort-important-developments-a-la-frontiere\/","og_locale":"en_GB","og_type":"article","og_title":"Steinfort : d\u2019importants d\u00e9veloppements \u00e0 la fronti\u00e8re | atHome","og_description":"La commune de Steinfort connait des transformations importantes. De nombreux projets immobiliers y voient le jour.","og_url":"https:\/\/www.athome.lu\/blog\/en\/real-estate-market\/towns\/steinfort-important-developments-a-la-frontiere\/","og_site_name":"atHome Blog","article_publisher":"https:\/\/www.facebook.com\/atHome.lu\/","article_published_time":"2017-10-12T07:41:55+00:00","article_modified_time":"2022-05-12T07:00:56+00:00","og_image":[{"width":1200,"height":800,"url":"https:\/\/www.athome.lu\/blog\/wp-content\/uploads\/2017\/10\/steinfort1.jpg","type":"image\/jpeg"}],"author":"Fanny Pimentel","twitter_card":"summary_large_image","twitter_creator":"@athomelu","twitter_site":"@athomelu","twitter_misc":{"Written by":"Fanny Pimentel","Estimated reading time":"5 minutes"},"schema":{"@context":"https:\/\/schema.org","@graph":[{"@type":"Article","@id":"https:\/\/www.athome.lu\/blog\/marche-immobilier\/villes\/steinfort-dimportants-developpements-a-la-frontiere\/#article","isPartOf":{"@id":"https:\/\/www.athome.lu\/blog\/marche-immobilier\/villes\/steinfort-dimportants-developpements-a-la-frontiere\/"},"author":{"name":"Fanny Pimentel","@id":"https:\/\/www.athome.lu\/blog\/#\/schema\/person\/47f7a38089f837e792876ceddc4cb2dc"},"headline":"Steinfort : d\u2019importants d\u00e9veloppements \u00e0 la fronti\u00e8re","datePublished":"2017-10-12T07:41:55+00:00","dateModified":"2022-05-12T07:00:56+00:00","mainEntityOfPage":{"@id":"https:\/\/www.athome.lu\/blog\/marche-immobilier\/villes\/steinfort-dimportants-developpements-a-la-frontiere\/"},"wordCount":1052,"image":{"@id":"https:\/\/www.athome.lu\/blog\/marche-immobilier\/villes\/steinfort-dimportants-developpements-a-la-frontiere\/#primaryimage"},"thumbnailUrl":"https:\/\/www.athome.lu\/blog\/wp-content\/uploads\/2017\/10\/steinfort1.jpg","articleSection":["Villes"],"inLanguage":"en-GB"},{"@type":"WebPage","@id":"https:\/\/www.athome.lu\/blog\/marche-immobilier\/villes\/steinfort-dimportants-developpements-a-la-frontiere\/","url":"https:\/\/www.athome.lu\/blog\/marche-immobilier\/villes\/steinfort-dimportants-developpements-a-la-frontiere\/","name":"Steinfort: major developments at the border | atHome","isPartOf":{"@id":"https:\/\/www.athome.lu\/blog\/#website"},"primaryImageOfPage":{"@id":"https:\/\/www.athome.lu\/blog\/marche-immobilier\/villes\/steinfort-dimportants-developpements-a-la-frontiere\/#primaryimage"},"image":{"@id":"https:\/\/www.athome.lu\/blog\/marche-immobilier\/villes\/steinfort-dimportants-developpements-a-la-frontiere\/#primaryimage"},"thumbnailUrl":"https:\/\/www.athome.lu\/blog\/wp-content\/uploads\/2017\/10\/steinfort1.jpg","datePublished":"2017-10-12T07:41:55+00:00","dateModified":"2022-05-12T07:00:56+00:00","author":{"@id":"https:\/\/www.athome.lu\/blog\/#\/schema\/person\/47f7a38089f837e792876ceddc4cb2dc"},"description":"The municipality of Steinfort is undergoing major changes. Numerous real estate projects are being developed.","breadcrumb":{"@id":"https:\/\/www.athome.lu\/blog\/marche-immobilier\/villes\/steinfort-dimportants-developpements-a-la-frontiere\/#breadcrumb"},"inLanguage":"en-GB","potentialAction":[{"@type":"ReadAction","target":["https:\/\/www.athome.lu\/blog\/marche-immobilier\/villes\/steinfort-dimportants-developpements-a-la-frontiere\/"]}]},{"@type":"ImageObject","inLanguage":"en-GB","@id":"https:\/\/www.athome.lu\/blog\/marche-immobilier\/villes\/steinfort-dimportants-developpements-a-la-frontiere\/#primaryimage","url":"https:\/\/www.athome.lu\/blog\/wp-content\/uploads\/2017\/10\/steinfort1.jpg","contentUrl":"https:\/\/www.athome.lu\/blog\/wp-content\/uploads\/2017\/10\/steinfort1.jpg","width":1200,"height":800,"caption":"Commune de Steinfort ,Luxembourg"},{"@type":"BreadcrumbList","@id":"https:\/\/www.athome.lu\/blog\/marche-immobilier\/villes\/steinfort-dimportants-developpements-a-la-frontiere\/#breadcrumb","itemListElement":[{"@type":"ListItem","position":1,"name":"Accueil","item":"https:\/\/www.athome.lu\/blog\/"},{"@type":"ListItem","position":2,"name":"March\u00e9 immobilier","item":"https:\/\/www.athome.lu\/blog\/category\/marche-immobilier\/"},{"@type":"ListItem","position":3,"name":"Villes","item":"https:\/\/www.athome.lu\/blog\/category\/marche-immobilier\/villes\/"},{"@type":"ListItem","position":4,"name":"Steinfort : d\u2019importants d\u00e9veloppements \u00e0 la fronti\u00e8re"}]},{"@type":"WebSite","@id":"https:\/\/www.athome.lu\/blog\/#website","url":"https:\/\/www.athome.lu\/blog\/","name":"atHome Blog","description":"Real estate ads in Luxembourg. The n\u00b01 real estate portal in Luxembourg.","potentialAction":[{"@type":"SearchAction","target":{"@type":"EntryPoint","urlTemplate":"https:\/\/www.athome.lu\/blog\/?s={search_term_string}"},"query-input":{"@type":"PropertyValueSpecification","valueRequired":true,"valueName":"search_term_string"}}],"inLanguage":"en-GB"},{"@type":"Person","@id":"https:\/\/www.athome.lu\/blog\/#\/schema\/person\/47f7a38089f837e792876ceddc4cb2dc","name":"Fanny Pimentel","image":{"@type":"ImageObject","inLanguage":"en-GB","@id":"https:\/\/secure.gravatar.com\/avatar\/c60b27b93851dc9503f9cc9150e73dcb0a86ba6150657e5e4b11d988400bc633?s=96&d=mm&r=g","url":"https:\/\/secure.gravatar.com\/avatar\/c60b27b93851dc9503f9cc9150e73dcb0a86ba6150657e5e4b11d988400bc633?s=96&d=mm&r=g","contentUrl":"https:\/\/secure.gravatar.com\/avatar\/c60b27b93851dc9503f9cc9150e73dcb0a86ba6150657e5e4b11d988400bc633?s=96&d=mm&r=g","caption":"Fanny Pimentel"}}]}},"featured_media_src_url":"https:\/\/www.athome.lu\/blog\/wp-content\/uploads\/2017\/10\/steinfort1-1024x683.jpg","_links":{"self":[{"href":"https:\/\/www.athome.lu\/blog\/en\/wp-json\/wp\/v2\/posts\/10324","targetHints":{"allow":["GET"]}}],"collection":[{"href":"https:\/\/www.athome.lu\/blog\/en\/wp-json\/wp\/v2\/posts"}],"about":[{"href":"https:\/\/www.athome.lu\/blog\/en\/wp-json\/wp\/v2\/types\/post"}],"author":[{"embeddable":true,"href":"https:\/\/www.athome.lu\/blog\/en\/wp-json\/wp\/v2\/users\/17"}],"replies":[{"embeddable":true,"href":"https:\/\/www.athome.lu\/blog\/en\/wp-json\/wp\/v2\/comments?post=10324"}],"version-history":[{"count":2,"href":"https:\/\/www.athome.lu\/blog\/en\/wp-json\/wp\/v2\/posts\/10324\/revisions"}],"predecessor-version":[{"id":15233,"href":"https:\/\/www.athome.lu\/blog\/en\/wp-json\/wp\/v2\/posts\/10324\/revisions\/15233"}],"wp:featuredmedia":[{"embeddable":true,"href":"https:\/\/www.athome.lu\/blog\/en\/wp-json\/wp\/v2\/media\/10326"}],"wp:attachment":[{"href":"https:\/\/www.athome.lu\/blog\/en\/wp-json\/wp\/v2\/media?parent=10324"}],"wp:term":[{"taxonomy":"category","embeddable":true,"href":"https:\/\/www.athome.lu\/blog\/en\/wp-json\/wp\/v2\/categories?post=10324"},{"taxonomy":"post_tag","embeddable":true,"href":"https:\/\/www.athome.lu\/blog\/en\/wp-json\/wp\/v2\/tags?post=10324"}],"curies":[{"name":"wp","href":"https:\/\/api.w.org\/{rel}","templated":true}]}}