{"id":10400,"date":"2017-10-25T12:50:11","date_gmt":"2017-10-25T11:50:11","guid":{"rendered":"https:\/\/www.athome.lu\/blog\/?p=10400"},"modified":"2022-05-12T08:58:44","modified_gmt":"2022-05-12T06:58:44","slug":"rental-prices-per-district-a-luxembourg-city","status":"publish","type":"post","link":"https:\/\/www.athome.lu\/blog\/en\/marche-immobilier\/prix\/les-prix-de-la-location-par-quartier-a-luxembourg-ville\/","title":{"rendered":"Rent prices by district in Luxembourg City"},"content":{"rendered":"<p><span style=\"color: #000000;\">If you are considering renting a flat in Luxembourg City, you can choose between several areas, which you will see are more or less suitable for your budget.<\/span><\/p>\n\n\n\n<p><span style=\"color: #000000;\">On average, to rent a one-bedroom flat in any area, you will have to pay a rent of 1,397 euros. If you are looking for something larger, such as a 3-bedroom flat, you will need to budget for an average monthly rent of 2,479 euros. But this is an average for the capital. Depending on the neighbourhood, rents can vary by several hundred euros.<\/span><\/p>\n\n\n\n<h2 class=\"wp-block-heading\"><span style=\"color: #000000;\"><strong>Monthly rents for flats by district in Luxembourg City<\/strong><\/span><\/h2>\n\n\n\n<p><span style=\"color: #000000;\">In Luxembourg City, the most popular district for internet users is Belair, closely followed by the Limpertsberg district.<br>And you, in which area will you rent?&nbsp;<\/span><span style=\"color: #000000;\">Compare the rental prices in Luxembourg City district by district.<\/span><\/p>\n\n\n\n<figure class=\"wp-block-table\"><table><tbody><tr><td><strong>&nbsp;<\/strong><\/td><td><strong>Studio<\/strong><\/td><td><strong>1 bedroom<\/strong><\/td><td><strong>2 Bedrooms<\/strong><\/td><td><strong>3 Bedrooms<\/strong><\/td><\/tr><tr><td><strong>BEGGEN<\/strong><\/td><td>&nbsp;&nbsp;&nbsp;&nbsp;&nbsp;&nbsp;&nbsp;&nbsp; 1 053 \u20ac<\/td><td>&nbsp;&nbsp;&nbsp;&nbsp;&nbsp;&nbsp;&nbsp;&nbsp; 1 213 \u20ac<\/td><td>&nbsp;&nbsp;&nbsp;&nbsp;&nbsp;&nbsp;&nbsp;&nbsp; 1 521 \u20ac<\/td><td>&nbsp;&nbsp;&nbsp;&nbsp;&nbsp;&nbsp;&nbsp;&nbsp; 1 600 \u20ac<\/td><\/tr><tr><td><strong>BELAIR<\/strong><\/td><td>&nbsp;&nbsp;&nbsp;&nbsp;&nbsp;&nbsp;&nbsp;&nbsp; 1 053 \u20ac<\/td><td>&nbsp;&nbsp;&nbsp;&nbsp;&nbsp;&nbsp;&nbsp;&nbsp; 1 394 \u20ac<\/td><td>&nbsp;&nbsp;&nbsp;&nbsp;&nbsp;&nbsp;&nbsp;&nbsp; 1 924 \u20ac<\/td><td>&nbsp;&nbsp;&nbsp;&nbsp;&nbsp;&nbsp;&nbsp;&nbsp; 2 696 \u20ac<\/td><\/tr><tr><td><strong>BONNEVOIE<\/strong><\/td><td>&nbsp;&nbsp;&nbsp;&nbsp;&nbsp;&nbsp;&nbsp;&nbsp;&nbsp;&nbsp;&nbsp; 953 \u20ac<\/td><td>&nbsp;&nbsp;&nbsp;&nbsp;&nbsp;&nbsp;&nbsp;&nbsp; 1 206 \u20ac<\/td><td>&nbsp;&nbsp;&nbsp;&nbsp;&nbsp;&nbsp;&nbsp;&nbsp; 1 536 \u20ac<\/td><td>&nbsp;&nbsp;&nbsp;&nbsp;&nbsp;&nbsp;&nbsp;&nbsp; 1 900 \u20ac<\/td><\/tr><tr><td><strong>DOWNTOWN<\/strong><\/td><td>&nbsp;&nbsp;&nbsp;&nbsp;&nbsp;&nbsp;&nbsp;&nbsp; 1 085 \u20ac<\/td><td>&nbsp;&nbsp;&nbsp;&nbsp;&nbsp;&nbsp;&nbsp;&nbsp; 1 503 \u20ac<\/td><td>&nbsp;&nbsp;&nbsp;&nbsp;&nbsp;&nbsp;&nbsp;&nbsp; 1 998 \u20ac<\/td><td>&nbsp;&nbsp;&nbsp;&nbsp;&nbsp;&nbsp;&nbsp;&nbsp; 2 585 \u20ac<\/td><\/tr><tr><td><strong>CENTS<\/strong><\/td><td>&nbsp;&nbsp;&nbsp;&nbsp;&nbsp;&nbsp;&nbsp;&nbsp;&nbsp;&nbsp;&nbsp; 934 \u20ac<\/td><td>&nbsp;&nbsp;&nbsp;&nbsp;&nbsp;&nbsp;&nbsp;&nbsp; 1 253 \u20ac<\/td><td>&nbsp;&nbsp;&nbsp;&nbsp;&nbsp;&nbsp;&nbsp;&nbsp; 1 708 \u20ac<\/td><td>&nbsp;&nbsp;&nbsp;&nbsp;&nbsp;&nbsp;&nbsp;&nbsp; 2 129 \u20ac<\/td><\/tr><tr><td><strong>CESSANGE<\/strong><\/td><td>&nbsp;&nbsp;&nbsp;&nbsp;&nbsp;&nbsp;&nbsp;&nbsp;&nbsp;&nbsp;&nbsp; 970 \u20ac<\/td><td>&nbsp;&nbsp;&nbsp;&nbsp;&nbsp;&nbsp;&nbsp;&nbsp; 1 338 \u20ac<\/td><td>&nbsp;&nbsp;&nbsp;&nbsp;&nbsp;&nbsp;&nbsp;&nbsp; 1 617 \u20ac<\/td><td>&nbsp;&nbsp;&nbsp;&nbsp;&nbsp;&nbsp;&nbsp;&nbsp; 2 257 \u20ac<\/td><\/tr><tr><td><strong>CLAUSEN<\/strong><\/td><td>&nbsp;&nbsp;&nbsp;&nbsp;&nbsp;&nbsp;&nbsp;&nbsp; 1 037 \u20ac<\/td><td>&nbsp;&nbsp;&nbsp;&nbsp;&nbsp;&nbsp;&nbsp;&nbsp; 1 322 \u20ac<\/td><td>&nbsp;&nbsp;&nbsp;&nbsp;&nbsp;&nbsp;&nbsp;&nbsp; 1 763 \u20ac<\/td><td>&nbsp;*<\/td><\/tr><tr><td><strong>DOMMELDANGE<\/strong><\/td><td>&nbsp;&nbsp;&nbsp;&nbsp;&nbsp;&nbsp;&nbsp;&nbsp;&nbsp;&nbsp;&nbsp; 997 \u20ac<\/td><td>&nbsp;&nbsp;&nbsp;&nbsp;&nbsp;&nbsp;&nbsp;&nbsp; 1 334 \u20ac<\/td><td>&nbsp;&nbsp;&nbsp;&nbsp;&nbsp;&nbsp;&nbsp;&nbsp; 1 848 \u20ac<\/td><td>&nbsp;&nbsp;&nbsp;&nbsp;&nbsp;&nbsp;&nbsp;&nbsp; 2 320 \u20ac<\/td><\/tr><tr><td><strong>EICH<\/strong><\/td><td>&nbsp;*<\/td><td>&nbsp;&nbsp;&nbsp;&nbsp;&nbsp;&nbsp;&nbsp;&nbsp; 1 411 \u20ac<\/td><td>&nbsp;&nbsp;&nbsp;&nbsp;&nbsp;&nbsp;&nbsp;&nbsp; 1 689 \u20ac<\/td><td>&nbsp;*<\/td><\/tr><tr><td><strong>STATION<\/strong><\/td><td>&nbsp;&nbsp;&nbsp;&nbsp;&nbsp;&nbsp;&nbsp;&nbsp;&nbsp;&nbsp;&nbsp; 993 \u20ac<\/td><td>&nbsp;&nbsp;&nbsp;&nbsp;&nbsp;&nbsp;&nbsp;&nbsp; 1 310 \u20ac<\/td><td>&nbsp;&nbsp;&nbsp;&nbsp;&nbsp;&nbsp;&nbsp;&nbsp; 1 570 \u20ac<\/td><td>&nbsp;&nbsp;&nbsp;&nbsp;&nbsp;&nbsp;&nbsp;&nbsp; 2 072 \u20ac<\/td><\/tr><tr><td><strong>GASPERICH<\/strong><\/td><td>&nbsp;&nbsp;&nbsp;&nbsp;&nbsp;&nbsp;&nbsp;&nbsp;&nbsp;&nbsp;&nbsp; 975 \u20ac<\/td><td>&nbsp;&nbsp;&nbsp;&nbsp;&nbsp;&nbsp;&nbsp;&nbsp; 1 253 \u20ac<\/td><td>&nbsp;&nbsp;&nbsp;&nbsp;&nbsp;&nbsp;&nbsp;&nbsp; 1 620 \u20ac<\/td><td>&nbsp;&nbsp;&nbsp;&nbsp;&nbsp;&nbsp;&nbsp;&nbsp; 1 850 \u20ac<\/td><\/tr><tr><td><strong>GRUND<\/strong><\/td><td>&nbsp;&nbsp;&nbsp;&nbsp;&nbsp;&nbsp;&nbsp;&nbsp; 1 100 \u20ac<\/td><td>&nbsp;&nbsp;&nbsp;&nbsp;&nbsp;&nbsp;&nbsp;&nbsp; 1 210 \u20ac<\/td><td>&nbsp;&nbsp;&nbsp;&nbsp;&nbsp;&nbsp;&nbsp;&nbsp; 1 557 \u20ac<\/td><td>&nbsp;&nbsp;&nbsp;&nbsp;&nbsp;&nbsp;&nbsp;&nbsp; 1 750 \u20ac<\/td><\/tr><tr><td><strong>HAMM<\/strong><\/td><td>&nbsp;&nbsp;&nbsp;&nbsp;&nbsp;&nbsp;&nbsp;&nbsp; 1 038 \u20ac<\/td><td>&nbsp;&nbsp;&nbsp;&nbsp;&nbsp;&nbsp;&nbsp;&nbsp; 1 125 \u20ac<\/td><td>&nbsp;*<\/td><td>&nbsp;&nbsp;&nbsp;&nbsp;&nbsp;&nbsp;&nbsp;&nbsp; 1 700 \u20ac<\/td><\/tr><tr><td><strong>HOLLERICH<\/strong><\/td><td>&nbsp;&nbsp;&nbsp;&nbsp;&nbsp;&nbsp;&nbsp;&nbsp;&nbsp;&nbsp;&nbsp; 976 \u20ac<\/td><td>&nbsp;&nbsp;&nbsp;&nbsp;&nbsp;&nbsp;&nbsp;&nbsp; 1 230 \u20ac<\/td><td>&nbsp;&nbsp;&nbsp;&nbsp;&nbsp;&nbsp;&nbsp;&nbsp; 1 613 \u20ac<\/td><td>&nbsp;&nbsp;&nbsp;&nbsp;&nbsp;&nbsp;&nbsp;&nbsp; 2 000 \u20ac<\/td><\/tr><tr><td><strong>KIRCHBERG<\/strong><\/td><td>&nbsp;&nbsp;&nbsp;&nbsp;&nbsp;&nbsp;&nbsp;&nbsp; 1 128 \u20ac<\/td><td>&nbsp;&nbsp;&nbsp;&nbsp;&nbsp;&nbsp;&nbsp;&nbsp; 1 479 \u20ac<\/td><td>&nbsp;&nbsp;&nbsp;&nbsp;&nbsp;&nbsp;&nbsp;&nbsp; 1 858 \u20ac<\/td><td>&nbsp;&nbsp;&nbsp;&nbsp;&nbsp;&nbsp;&nbsp;&nbsp; 2 586 \u20ac<\/td><\/tr><tr><td><strong>LIMPERTSBERG<\/strong><\/td><td>&nbsp;&nbsp;&nbsp;&nbsp;&nbsp;&nbsp;&nbsp;&nbsp; 1 049 \u20ac<\/td><td>&nbsp;&nbsp;&nbsp;&nbsp;&nbsp;&nbsp;&nbsp;&nbsp; 1 585 \u20ac<\/td><td>&nbsp;&nbsp;&nbsp;&nbsp;&nbsp;&nbsp;&nbsp;&nbsp; 2 131 \u20ac<\/td><td>&nbsp;&nbsp;&nbsp;&nbsp;&nbsp;&nbsp;&nbsp;&nbsp; 2 382 \u20ac<\/td><\/tr><tr><td><strong>MERL<\/strong><\/td><td>&nbsp;&nbsp;&nbsp;&nbsp;&nbsp;&nbsp;&nbsp;&nbsp;&nbsp;&nbsp;&nbsp; 971 \u20ac<\/td><td>&nbsp;&nbsp;&nbsp;&nbsp;&nbsp;&nbsp;&nbsp;&nbsp; 1 344 \u20ac<\/td><td>&nbsp;&nbsp;&nbsp;&nbsp;&nbsp;&nbsp;&nbsp;&nbsp; 1 844 \u20ac<\/td><td>&nbsp;&nbsp;&nbsp;&nbsp;&nbsp;&nbsp;&nbsp;&nbsp; 2 439 \u20ac<\/td><\/tr><tr><td><strong>MUHLENBACH<\/strong><\/td><td>&nbsp;&nbsp;&nbsp;&nbsp;&nbsp;&nbsp;&nbsp;&nbsp; 1 171 \u20ac<\/td><td>&nbsp;&nbsp;&nbsp;&nbsp;&nbsp;&nbsp;&nbsp;&nbsp; 1 354 \u20ac<\/td><td>&nbsp;&nbsp;&nbsp;&nbsp;&nbsp;&nbsp;&nbsp;&nbsp; 1 761 \u20ac<\/td><td>&nbsp;&nbsp;&nbsp;&nbsp;&nbsp;&nbsp;&nbsp;&nbsp; 2 382 \u20ac<\/td><\/tr><tr><td><strong>NEUDORF<\/strong><\/td><td>&nbsp;&nbsp;&nbsp;&nbsp;&nbsp;&nbsp;&nbsp;&nbsp; 1 007 \u20ac<\/td><td>&nbsp;&nbsp;&nbsp;&nbsp;&nbsp;&nbsp;&nbsp;&nbsp; 1 418 \u20ac<\/td><td>&nbsp;&nbsp;&nbsp;&nbsp;&nbsp;&nbsp;&nbsp;&nbsp; 1 643 \u20ac<\/td><td>&nbsp;&nbsp;&nbsp;&nbsp;&nbsp;&nbsp;&nbsp;&nbsp; 1 750 \u20ac<\/td><\/tr><tr><td><strong>PFAFFENTHALL<\/strong><\/td><td>&nbsp;&nbsp;&nbsp;&nbsp;&nbsp;&nbsp;&nbsp;&nbsp; 1 000 \u20ac<\/td><td>&nbsp;&nbsp;&nbsp;&nbsp;&nbsp;&nbsp;&nbsp;&nbsp; 1 412 \u20ac<\/td><td>&nbsp;*<\/td><td>&nbsp;*<\/td><\/tr><tr><td><strong>PULVERMUEHLE<\/strong><\/td><td>&nbsp;&nbsp;&nbsp;&nbsp;&nbsp;&nbsp;&nbsp;&nbsp;&nbsp;&nbsp;&nbsp; 970 \u20ac<\/td><td>&nbsp;*<\/td><td>&nbsp;&nbsp;&nbsp;&nbsp;&nbsp;&nbsp;&nbsp;&nbsp; 1 450 \u20ac<\/td><td>&nbsp;&nbsp;&nbsp;&nbsp;&nbsp;&nbsp;&nbsp;&nbsp; 2 000 \u20ac<\/td><\/tr><tr><td><strong>ROLLINGERGRUND<\/strong><\/td><td>&nbsp;&nbsp;&nbsp;&nbsp;&nbsp;&nbsp;&nbsp;&nbsp; 1 033 \u20ac<\/td><td>&nbsp;&nbsp;&nbsp;&nbsp;&nbsp;&nbsp;&nbsp;&nbsp; 1 271 \u20ac<\/td><td>&nbsp;&nbsp;&nbsp;&nbsp;&nbsp;&nbsp;&nbsp;&nbsp; 1 710 \u20ac<\/td><td>&nbsp;&nbsp;&nbsp;&nbsp;&nbsp;&nbsp;&nbsp;&nbsp; 2 175 \u20ac<\/td><\/tr><tr><td><strong>VERLORENKOST<\/strong><\/td><td>&nbsp;*<\/td><td>&nbsp;&nbsp;&nbsp;&nbsp;&nbsp;&nbsp;&nbsp;&nbsp; 1 150 \u20ac<\/td><td>&nbsp;&nbsp;&nbsp;&nbsp;&nbsp;&nbsp;&nbsp;&nbsp; 1 533 \u20ac<\/td><td>&nbsp;*<\/td><\/tr><tr><td><strong>WEIMERSHOF<\/strong><\/td><td>&nbsp;&nbsp;&nbsp;&nbsp;&nbsp;&nbsp;&nbsp;&nbsp; 1 100 \u20ac<\/td><td>&nbsp;&nbsp;&nbsp;&nbsp;&nbsp;&nbsp;&nbsp;&nbsp; 1 396 \u20ac<\/td><td>&nbsp;&nbsp;&nbsp;&nbsp;&nbsp;&nbsp;&nbsp;&nbsp; 1 978 \u20ac<\/td><td>&nbsp;&nbsp;&nbsp;&nbsp;&nbsp;&nbsp;&nbsp;&nbsp; 2 650 \u20ac<\/td><\/tr><tr><td><strong>WEIMERSKIRCH<\/strong><\/td><td>&nbsp;&nbsp;&nbsp;&nbsp;&nbsp;&nbsp;&nbsp;&nbsp;&nbsp;&nbsp;&nbsp; 967 \u20ac<\/td><td>&nbsp;&nbsp;&nbsp;&nbsp;&nbsp;&nbsp;&nbsp;&nbsp; 1 360 \u20ac<\/td><td>&nbsp;&nbsp;&nbsp;&nbsp;&nbsp;&nbsp;&nbsp;&nbsp; 1 774 \u20ac<\/td><td>&nbsp;&nbsp;&nbsp;&nbsp;&nbsp;&nbsp;&nbsp;&nbsp; 2 333 \u20ac<\/td><\/tr><\/tbody><\/table><\/figure>\n\n\n\n<p><span style=\"color: #000000;\"><br>These average rents are calculated on the prices posted on atHome.lu over the period September 2016 - September 2017<\/span><br><span style=\"color: #000000;\"> * Insufficient statistical data<\/span><\/p>\n\n\n\n<p><strong><span style=\"color: #000000;\">More information available in atHome Magazine October 2017<\/span><\/strong><\/p>\n\n\n<section id=\"section-3-14695\" class=\"ct-section\" ><div class=\"ct-section-inner-wrap\"><div id=\"div_block-4-14695\" class=\"ct-div-block\" ><div id=\"new_columns-7-14695\" class=\"ct-new-columns\" ><div id=\"div_block-8-14695\" class=\"ct-div-block\" ><div id=\"div_block-14-14695\" class=\"ct-div-block\" ><\/div><\/div><div id=\"div_block-9-14695\" class=\"ct-div-block\" ><h1 id=\"headline-11-14695\" class=\"ct-headline\">What are the property prices at the moment?<\/h1><div id=\"text_block-12-14695\" class=\"ct-text-block\" >Prices are slowing down. Interest rates are rising. What are the trends for the coming months?<\/div><a id=\"link_button-13-14695\" class=\"ct-link-button\" href=\"https:\/\/www.athome.lu\/blog\/blog\/marche-immobilier\/prix\/tendances-2022\/\" target=\"_blank\"  >Read the analysis<\/a><\/div><\/div><\/div><\/div><\/section>","protected":false},"excerpt":{"rendered":"<p>Si vous envisagez de louer un appartement \u00e0 Luxembourg-ville, vous aurez le choix entre plusieurs quartiers, qui vous allez le voir seront plus ou moins adapt\u00e9s \u00e0 votre porte-monnaie. En moyenne, pour louer un appartement avec une chambre, tous quartiers confondus, vous devrez d\u00e9bourser un loyer de 1&nbsp;397 euros.&nbsp;Et si vous recherchez quelque chose de [&hellip;]<\/p>\n","protected":false},"author":17,"featured_media":10419,"comment_status":"closed","ping_status":"open","sticky":false,"template":"","format":"standard","meta":{"_acf_changed":false,"footnotes":""},"categories":[219],"tags":[95,86,32],"class_list":["post-10400","post","type-post","status-publish","format-standard","has-post-thumbnail","hentry","category-prix","tag-centre","tag-loyer","tag-prix"],"acf":[],"yoast_head":"<!-- This site is optimized with the Yoast SEO plugin v27.4 - https:\/\/yoast.com\/product\/yoast-seo-wordpress\/ -->\n<title>\u25b7 Les prix des loyers par quartier \u00e0 Luxembourg-ville | atHome<\/title>\n<meta name=\"description\" content=\"Si vous envisagez de louer un appartement \u00e0 Luxembourg-ville, comparez d&#039;abord les prix des loyers par quartier dans la capitale.\" \/>\n<meta name=\"robots\" content=\"index, follow, max-snippet:-1, max-image-preview:large, max-video-preview:-1\" \/>\n<link rel=\"canonical\" href=\"https:\/\/www.athome.lu\/blog\/en\/real-estate-market\/price\/rental-prices-per-district-a-luxembourg-city\/\" \/>\n<meta property=\"og:locale\" content=\"en_GB\" \/>\n<meta property=\"og:type\" content=\"article\" \/>\n<meta property=\"og:title\" content=\"\u25b7 Les prix des loyers par quartier \u00e0 Luxembourg-ville | atHome\" \/>\n<meta property=\"og:description\" content=\"Si vous envisagez de louer un appartement \u00e0 Luxembourg-ville, comparez d&#039;abord les prix des loyers par quartier dans la capitale.\" \/>\n<meta property=\"og:url\" content=\"https:\/\/www.athome.lu\/blog\/en\/real-estate-market\/price\/rental-prices-per-district-a-luxembourg-city\/\" \/>\n<meta property=\"og:site_name\" content=\"atHome Blog\" \/>\n<meta property=\"article:publisher\" content=\"https:\/\/www.facebook.com\/atHome.lu\/\" \/>\n<meta property=\"article:published_time\" content=\"2017-10-25T11:50:11+00:00\" \/>\n<meta property=\"article:modified_time\" content=\"2022-05-12T06:58:44+00:00\" \/>\n<meta property=\"og:image\" content=\"https:\/\/www.athome.lu\/blog\/wp-content\/uploads\/2017\/10\/Luxembourg-centre-pont.jpg\" \/>\n\t<meta property=\"og:image:width\" content=\"1191\" \/>\n\t<meta property=\"og:image:height\" content=\"794\" \/>\n\t<meta property=\"og:image:type\" content=\"image\/jpeg\" \/>\n<meta name=\"author\" content=\"Fanny Pimentel\" \/>\n<meta name=\"twitter:card\" content=\"summary_large_image\" \/>\n<meta name=\"twitter:creator\" content=\"@athomelu\" \/>\n<meta name=\"twitter:site\" content=\"@athomelu\" \/>\n<meta name=\"twitter:label1\" content=\"Written by\" \/>\n\t<meta name=\"twitter:data1\" content=\"Fanny Pimentel\" \/>\n\t<meta name=\"twitter:label2\" content=\"Estimated reading time\" \/>\n\t<meta name=\"twitter:data2\" content=\"3 minutes\" \/>\n<script type=\"application\/ld+json\" class=\"yoast-schema-graph\">{\"@context\":\"https:\\\/\\\/schema.org\",\"@graph\":[{\"@type\":\"Article\",\"@id\":\"https:\\\/\\\/www.athome.lu\\\/blog\\\/marche-immobilier\\\/prix\\\/les-prix-de-la-location-par-quartier-a-luxembourg-ville\\\/#article\",\"isPartOf\":{\"@id\":\"https:\\\/\\\/www.athome.lu\\\/blog\\\/marche-immobilier\\\/prix\\\/les-prix-de-la-location-par-quartier-a-luxembourg-ville\\\/\"},\"author\":{\"name\":\"Fanny Pimentel\",\"@id\":\"https:\\\/\\\/www.athome.lu\\\/blog\\\/#\\\/schema\\\/person\\\/47f7a38089f837e792876ceddc4cb2dc\"},\"headline\":\"Les prix des loyers par quartier \u00e0 Luxembourg-ville\",\"datePublished\":\"2017-10-25T11:50:11+00:00\",\"dateModified\":\"2022-05-12T06:58:44+00:00\",\"mainEntityOfPage\":{\"@id\":\"https:\\\/\\\/www.athome.lu\\\/blog\\\/marche-immobilier\\\/prix\\\/les-prix-de-la-location-par-quartier-a-luxembourg-ville\\\/\"},\"wordCount\":985,\"image\":{\"@id\":\"https:\\\/\\\/www.athome.lu\\\/blog\\\/marche-immobilier\\\/prix\\\/les-prix-de-la-location-par-quartier-a-luxembourg-ville\\\/#primaryimage\"},\"thumbnailUrl\":\"https:\\\/\\\/www.athome.lu\\\/blog\\\/wp-content\\\/uploads\\\/2017\\\/10\\\/Luxembourg-centre-pont.jpg\",\"keywords\":[\"Centre\",\"Loyer\",\"Prix\"],\"articleSection\":[\"Prix\"],\"inLanguage\":\"en-GB\"},{\"@type\":\"WebPage\",\"@id\":\"https:\\\/\\\/www.athome.lu\\\/blog\\\/marche-immobilier\\\/prix\\\/les-prix-de-la-location-par-quartier-a-luxembourg-ville\\\/\",\"url\":\"https:\\\/\\\/www.athome.lu\\\/blog\\\/marche-immobilier\\\/prix\\\/les-prix-de-la-location-par-quartier-a-luxembourg-ville\\\/\",\"name\":\"\u25b7 Les prix des loyers par quartier \u00e0 Luxembourg-ville | atHome\",\"isPartOf\":{\"@id\":\"https:\\\/\\\/www.athome.lu\\\/blog\\\/#website\"},\"primaryImageOfPage\":{\"@id\":\"https:\\\/\\\/www.athome.lu\\\/blog\\\/marche-immobilier\\\/prix\\\/les-prix-de-la-location-par-quartier-a-luxembourg-ville\\\/#primaryimage\"},\"image\":{\"@id\":\"https:\\\/\\\/www.athome.lu\\\/blog\\\/marche-immobilier\\\/prix\\\/les-prix-de-la-location-par-quartier-a-luxembourg-ville\\\/#primaryimage\"},\"thumbnailUrl\":\"https:\\\/\\\/www.athome.lu\\\/blog\\\/wp-content\\\/uploads\\\/2017\\\/10\\\/Luxembourg-centre-pont.jpg\",\"datePublished\":\"2017-10-25T11:50:11+00:00\",\"dateModified\":\"2022-05-12T06:58:44+00:00\",\"author\":{\"@id\":\"https:\\\/\\\/www.athome.lu\\\/blog\\\/#\\\/schema\\\/person\\\/47f7a38089f837e792876ceddc4cb2dc\"},\"description\":\"Si vous envisagez de louer un appartement \u00e0 Luxembourg-ville, comparez d'abord les prix des loyers par quartier dans la capitale.\",\"breadcrumb\":{\"@id\":\"https:\\\/\\\/www.athome.lu\\\/blog\\\/marche-immobilier\\\/prix\\\/les-prix-de-la-location-par-quartier-a-luxembourg-ville\\\/#breadcrumb\"},\"inLanguage\":\"en-GB\",\"potentialAction\":[{\"@type\":\"ReadAction\",\"target\":[\"https:\\\/\\\/www.athome.lu\\\/blog\\\/marche-immobilier\\\/prix\\\/les-prix-de-la-location-par-quartier-a-luxembourg-ville\\\/\"]}]},{\"@type\":\"ImageObject\",\"inLanguage\":\"en-GB\",\"@id\":\"https:\\\/\\\/www.athome.lu\\\/blog\\\/marche-immobilier\\\/prix\\\/les-prix-de-la-location-par-quartier-a-luxembourg-ville\\\/#primaryimage\",\"url\":\"https:\\\/\\\/www.athome.lu\\\/blog\\\/wp-content\\\/uploads\\\/2017\\\/10\\\/Luxembourg-centre-pont.jpg\",\"contentUrl\":\"https:\\\/\\\/www.athome.lu\\\/blog\\\/wp-content\\\/uploads\\\/2017\\\/10\\\/Luxembourg-centre-pont.jpg\",\"width\":1191,\"height\":794,\"caption\":\"Luxembourg centre ville\"},{\"@type\":\"BreadcrumbList\",\"@id\":\"https:\\\/\\\/www.athome.lu\\\/blog\\\/marche-immobilier\\\/prix\\\/les-prix-de-la-location-par-quartier-a-luxembourg-ville\\\/#breadcrumb\",\"itemListElement\":[{\"@type\":\"ListItem\",\"position\":1,\"name\":\"Accueil\",\"item\":\"https:\\\/\\\/www.athome.lu\\\/blog\\\/\"},{\"@type\":\"ListItem\",\"position\":2,\"name\":\"March\u00e9 immobilier\",\"item\":\"https:\\\/\\\/www.athome.lu\\\/blog\\\/category\\\/marche-immobilier\\\/\"},{\"@type\":\"ListItem\",\"position\":3,\"name\":\"Prix\",\"item\":\"https:\\\/\\\/www.athome.lu\\\/blog\\\/category\\\/marche-immobilier\\\/prix\\\/\"},{\"@type\":\"ListItem\",\"position\":4,\"name\":\"Les prix des loyers par quartier \u00e0 Luxembourg-ville\"}]},{\"@type\":\"WebSite\",\"@id\":\"https:\\\/\\\/www.athome.lu\\\/blog\\\/#website\",\"url\":\"https:\\\/\\\/www.athome.lu\\\/blog\\\/\",\"name\":\"atHome Blog\",\"description\":\"Annonces immobili\u00e8res au Luxembourg. Le portail immobilier n\u00b01 au Luxembourg.\",\"potentialAction\":[{\"@type\":\"SearchAction\",\"target\":{\"@type\":\"EntryPoint\",\"urlTemplate\":\"https:\\\/\\\/www.athome.lu\\\/blog\\\/?s={search_term_string}\"},\"query-input\":{\"@type\":\"PropertyValueSpecification\",\"valueRequired\":true,\"valueName\":\"search_term_string\"}}],\"inLanguage\":\"en-GB\"},{\"@type\":\"Person\",\"@id\":\"https:\\\/\\\/www.athome.lu\\\/blog\\\/#\\\/schema\\\/person\\\/47f7a38089f837e792876ceddc4cb2dc\",\"name\":\"Fanny Pimentel\",\"image\":{\"@type\":\"ImageObject\",\"inLanguage\":\"en-GB\",\"@id\":\"https:\\\/\\\/secure.gravatar.com\\\/avatar\\\/c60b27b93851dc9503f9cc9150e73dcb0a86ba6150657e5e4b11d988400bc633?s=96&d=mm&r=g\",\"url\":\"https:\\\/\\\/secure.gravatar.com\\\/avatar\\\/c60b27b93851dc9503f9cc9150e73dcb0a86ba6150657e5e4b11d988400bc633?s=96&d=mm&r=g\",\"contentUrl\":\"https:\\\/\\\/secure.gravatar.com\\\/avatar\\\/c60b27b93851dc9503f9cc9150e73dcb0a86ba6150657e5e4b11d988400bc633?s=96&d=mm&r=g\",\"caption\":\"Fanny Pimentel\"}}]}<\/script>\n<!-- \/ Yoast SEO plugin. -->","yoast_head_json":{"title":"\u25b7 Rent prices by district in Luxembourg City | atHome","description":"If you are considering renting a flat in Luxembourg City, first compare the rental prices per district in the capital.","robots":{"index":"index","follow":"follow","max-snippet":"max-snippet:-1","max-image-preview":"max-image-preview:large","max-video-preview":"max-video-preview:-1"},"canonical":"https:\/\/www.athome.lu\/blog\/en\/real-estate-market\/price\/rental-prices-per-district-a-luxembourg-city\/","og_locale":"en_GB","og_type":"article","og_title":"\u25b7 Les prix des loyers par quartier \u00e0 Luxembourg-ville | atHome","og_description":"Si vous envisagez de louer un appartement \u00e0 Luxembourg-ville, comparez d'abord les prix des loyers par quartier dans la capitale.","og_url":"https:\/\/www.athome.lu\/blog\/en\/real-estate-market\/price\/rental-prices-per-district-a-luxembourg-city\/","og_site_name":"atHome Blog","article_publisher":"https:\/\/www.facebook.com\/atHome.lu\/","article_published_time":"2017-10-25T11:50:11+00:00","article_modified_time":"2022-05-12T06:58:44+00:00","og_image":[{"width":1191,"height":794,"url":"https:\/\/www.athome.lu\/blog\/wp-content\/uploads\/2017\/10\/Luxembourg-centre-pont.jpg","type":"image\/jpeg"}],"author":"Fanny Pimentel","twitter_card":"summary_large_image","twitter_creator":"@athomelu","twitter_site":"@athomelu","twitter_misc":{"Written by":"Fanny Pimentel","Estimated reading time":"3 minutes"},"schema":{"@context":"https:\/\/schema.org","@graph":[{"@type":"Article","@id":"https:\/\/www.athome.lu\/blog\/marche-immobilier\/prix\/les-prix-de-la-location-par-quartier-a-luxembourg-ville\/#article","isPartOf":{"@id":"https:\/\/www.athome.lu\/blog\/marche-immobilier\/prix\/les-prix-de-la-location-par-quartier-a-luxembourg-ville\/"},"author":{"name":"Fanny Pimentel","@id":"https:\/\/www.athome.lu\/blog\/#\/schema\/person\/47f7a38089f837e792876ceddc4cb2dc"},"headline":"Les prix des loyers par quartier \u00e0 Luxembourg-ville","datePublished":"2017-10-25T11:50:11+00:00","dateModified":"2022-05-12T06:58:44+00:00","mainEntityOfPage":{"@id":"https:\/\/www.athome.lu\/blog\/marche-immobilier\/prix\/les-prix-de-la-location-par-quartier-a-luxembourg-ville\/"},"wordCount":985,"image":{"@id":"https:\/\/www.athome.lu\/blog\/marche-immobilier\/prix\/les-prix-de-la-location-par-quartier-a-luxembourg-ville\/#primaryimage"},"thumbnailUrl":"https:\/\/www.athome.lu\/blog\/wp-content\/uploads\/2017\/10\/Luxembourg-centre-pont.jpg","keywords":["Centre","Loyer","Prix"],"articleSection":["Prix"],"inLanguage":"en-GB"},{"@type":"WebPage","@id":"https:\/\/www.athome.lu\/blog\/marche-immobilier\/prix\/les-prix-de-la-location-par-quartier-a-luxembourg-ville\/","url":"https:\/\/www.athome.lu\/blog\/marche-immobilier\/prix\/les-prix-de-la-location-par-quartier-a-luxembourg-ville\/","name":"\u25b7 Rent prices by district in Luxembourg City | atHome","isPartOf":{"@id":"https:\/\/www.athome.lu\/blog\/#website"},"primaryImageOfPage":{"@id":"https:\/\/www.athome.lu\/blog\/marche-immobilier\/prix\/les-prix-de-la-location-par-quartier-a-luxembourg-ville\/#primaryimage"},"image":{"@id":"https:\/\/www.athome.lu\/blog\/marche-immobilier\/prix\/les-prix-de-la-location-par-quartier-a-luxembourg-ville\/#primaryimage"},"thumbnailUrl":"https:\/\/www.athome.lu\/blog\/wp-content\/uploads\/2017\/10\/Luxembourg-centre-pont.jpg","datePublished":"2017-10-25T11:50:11+00:00","dateModified":"2022-05-12T06:58:44+00:00","author":{"@id":"https:\/\/www.athome.lu\/blog\/#\/schema\/person\/47f7a38089f837e792876ceddc4cb2dc"},"description":"If you are considering renting a flat in Luxembourg City, first compare the rental prices per district in the capital.","breadcrumb":{"@id":"https:\/\/www.athome.lu\/blog\/marche-immobilier\/prix\/les-prix-de-la-location-par-quartier-a-luxembourg-ville\/#breadcrumb"},"inLanguage":"en-GB","potentialAction":[{"@type":"ReadAction","target":["https:\/\/www.athome.lu\/blog\/marche-immobilier\/prix\/les-prix-de-la-location-par-quartier-a-luxembourg-ville\/"]}]},{"@type":"ImageObject","inLanguage":"en-GB","@id":"https:\/\/www.athome.lu\/blog\/marche-immobilier\/prix\/les-prix-de-la-location-par-quartier-a-luxembourg-ville\/#primaryimage","url":"https:\/\/www.athome.lu\/blog\/wp-content\/uploads\/2017\/10\/Luxembourg-centre-pont.jpg","contentUrl":"https:\/\/www.athome.lu\/blog\/wp-content\/uploads\/2017\/10\/Luxembourg-centre-pont.jpg","width":1191,"height":794,"caption":"Luxembourg centre ville"},{"@type":"BreadcrumbList","@id":"https:\/\/www.athome.lu\/blog\/marche-immobilier\/prix\/les-prix-de-la-location-par-quartier-a-luxembourg-ville\/#breadcrumb","itemListElement":[{"@type":"ListItem","position":1,"name":"Accueil","item":"https:\/\/www.athome.lu\/blog\/"},{"@type":"ListItem","position":2,"name":"March\u00e9 immobilier","item":"https:\/\/www.athome.lu\/blog\/category\/marche-immobilier\/"},{"@type":"ListItem","position":3,"name":"Prix","item":"https:\/\/www.athome.lu\/blog\/category\/marche-immobilier\/prix\/"},{"@type":"ListItem","position":4,"name":"Les prix des loyers par quartier \u00e0 Luxembourg-ville"}]},{"@type":"WebSite","@id":"https:\/\/www.athome.lu\/blog\/#website","url":"https:\/\/www.athome.lu\/blog\/","name":"atHome Blog","description":"Real estate ads in Luxembourg. The n\u00b01 real estate portal in Luxembourg.","potentialAction":[{"@type":"SearchAction","target":{"@type":"EntryPoint","urlTemplate":"https:\/\/www.athome.lu\/blog\/?s={search_term_string}"},"query-input":{"@type":"PropertyValueSpecification","valueRequired":true,"valueName":"search_term_string"}}],"inLanguage":"en-GB"},{"@type":"Person","@id":"https:\/\/www.athome.lu\/blog\/#\/schema\/person\/47f7a38089f837e792876ceddc4cb2dc","name":"Fanny Pimentel","image":{"@type":"ImageObject","inLanguage":"en-GB","@id":"https:\/\/secure.gravatar.com\/avatar\/c60b27b93851dc9503f9cc9150e73dcb0a86ba6150657e5e4b11d988400bc633?s=96&d=mm&r=g","url":"https:\/\/secure.gravatar.com\/avatar\/c60b27b93851dc9503f9cc9150e73dcb0a86ba6150657e5e4b11d988400bc633?s=96&d=mm&r=g","contentUrl":"https:\/\/secure.gravatar.com\/avatar\/c60b27b93851dc9503f9cc9150e73dcb0a86ba6150657e5e4b11d988400bc633?s=96&d=mm&r=g","caption":"Fanny Pimentel"}}]}},"featured_media_src_url":"https:\/\/www.athome.lu\/blog\/wp-content\/uploads\/2017\/10\/Luxembourg-centre-pont-1024x683.jpg","_links":{"self":[{"href":"https:\/\/www.athome.lu\/blog\/en\/wp-json\/wp\/v2\/posts\/10400","targetHints":{"allow":["GET"]}}],"collection":[{"href":"https:\/\/www.athome.lu\/blog\/en\/wp-json\/wp\/v2\/posts"}],"about":[{"href":"https:\/\/www.athome.lu\/blog\/en\/wp-json\/wp\/v2\/types\/post"}],"author":[{"embeddable":true,"href":"https:\/\/www.athome.lu\/blog\/en\/wp-json\/wp\/v2\/users\/17"}],"replies":[{"embeddable":true,"href":"https:\/\/www.athome.lu\/blog\/en\/wp-json\/wp\/v2\/comments?post=10400"}],"version-history":[{"count":2,"href":"https:\/\/www.athome.lu\/blog\/en\/wp-json\/wp\/v2\/posts\/10400\/revisions"}],"predecessor-version":[{"id":15227,"href":"https:\/\/www.athome.lu\/blog\/en\/wp-json\/wp\/v2\/posts\/10400\/revisions\/15227"}],"wp:featuredmedia":[{"embeddable":true,"href":"https:\/\/www.athome.lu\/blog\/en\/wp-json\/wp\/v2\/media\/10419"}],"wp:attachment":[{"href":"https:\/\/www.athome.lu\/blog\/en\/wp-json\/wp\/v2\/media?parent=10400"}],"wp:term":[{"taxonomy":"category","embeddable":true,"href":"https:\/\/www.athome.lu\/blog\/en\/wp-json\/wp\/v2\/categories?post=10400"},{"taxonomy":"post_tag","embeddable":true,"href":"https:\/\/www.athome.lu\/blog\/en\/wp-json\/wp\/v2\/tags?post=10400"}],"curies":[{"name":"wp","href":"https:\/\/api.w.org\/{rel}","templated":true}]}}