{"id":10427,"date":"2017-10-26T10:04:10","date_gmt":"2017-10-26T09:04:10","guid":{"rendered":"https:\/\/www.athome.lu\/blog\/?p=10427"},"modified":"2022-05-12T11:10:48","modified_gmt":"2022-05-12T09:10:48","slug":"you-can-move-rent-your-furniture","status":"publish","type":"post","link":"https:\/\/www.athome.lu\/blog\/en\/mon-logement\/demenagement\/vous-venez-demmenager-louez-vos-meubles\/","title":{"rendered":"Just moved in? Rent your furniture!"},"content":{"rendered":"<p><span style=\"color: #000000;\">You have just pushed open the door of your new - and charming - flat. The only problem is that, since you've just arrived in Luxembourg or are moving in for the first time, it's terribly empty. What if renting furniture was the right solution?<\/span><\/p>\n\n\n\n<h2 class=\"wp-block-heading\"><span style=\"color: #000000;\"><strong>Choose your furniture online<\/strong><\/span><\/h2>\n\n\n\n<p><span style=\"color: #000000;\">Unless you have opted for a furnished rental, your new home only has walls and windows, a bathroom, a toilet... It is not even certain that the kitchen is furnished. And your budget is not so stretchable that you can afford to furnish it entirely. You should think about renting furniture.<\/span><\/p>\n\n\n\n<p><span style=\"color: #000000;\">In practice, nothing very complicated. You log on to a dedicated website (such as <a style=\"color: #000000;\" href=\"https:\/\/www.in-lease.com\/\">In-Lease<\/a> or <a style=\"color: #000000;\" href=\"https:\/\/www.semeubler.com\/\">SeMeubler.com<\/a>) and you select the bed, sofa, table, chairs and other storage space you need from the catalogue. If you don't have the patience to choose them one by one, there are even packs available, by room and in different atmospheres. The choice is vast, so as a bonus you can furnish your flat as you wish. And if you're looking for inspiration, take a look at our blog <a href=\"https:\/\/www.athome.lu\/blog\/blog\/mobilier-les-ingredients-de-votre-deco-pour-lautomne\/\" target=\"_blank\" rel=\"noopener noreferrer\">This autumn's furniture trends.<\/a> The furniture is then delivered to your home, assembled and installed, and that's it: you've moved in... It will be collected at the end of the rental period.<\/span><\/p>\n\n\n\n<p><span style=\"color: #000000;\">However, you may also need household appliances and\/or multimedia equipment. These are also available for hire, as is sports equipment or garden equipment. In short, everything you need to make your new life more enjoyable!<\/span><\/p>\n\n\n\n<h2 class=\"wp-block-heading\"><span style=\"color: #000000;\"><strong>A la carte options<\/strong><\/span><\/h2>\n\n\n\n<p><span style=\"color: #000000;\">Furniture rental companies have thought of every situation: whether you are waiting to move, only planning to live in Luxembourg for a few months, want to save a little before buying, or are definitely won over by this system (which also allows you to change your environment whenever you want), you can make a short, medium or long-term commitment (60 months maximum). Choosing the duration of the lease is one of the first things to do, even if the formulas are becoming more and more flexible.<\/span><\/p>\n\n\n\n<p><span style=\"color: #000000;\">And that's not all. Just like with cars, you have the option of leasing and thus buying the furniture you feel so comfortable with at the end of the contract.<\/span><\/p>\n\n\n\n<p><span style=\"color: #000000;\">Last but not least, the furniture and equipment are of course guaranteed. And if you do the math, you'll see that this solution is not only practical, but also economical.<\/span><\/p>\n\n\n<section id=\"section-3-14695\" class=\"ct-section\" ><div class=\"ct-section-inner-wrap\"><div id=\"div_block-4-14695\" class=\"ct-div-block\" ><div id=\"new_columns-7-14695\" class=\"ct-new-columns\" ><div id=\"div_block-8-14695\" class=\"ct-div-block\" ><div id=\"div_block-14-14695\" class=\"ct-div-block\" ><\/div><\/div><div id=\"div_block-9-14695\" class=\"ct-div-block\" ><h1 id=\"headline-11-14695\" class=\"ct-headline\">What are the property prices at the moment?<\/h1><div id=\"text_block-12-14695\" class=\"ct-text-block\" >Prices are slowing down. Interest rates are rising. What are the trends for the coming months?<\/div><a id=\"link_button-13-14695\" class=\"ct-link-button\" href=\"https:\/\/www.athome.lu\/blog\/blog\/marche-immobilier\/prix\/tendances-2022\/\" target=\"_blank\"  >Read the analysis<\/a><\/div><\/div><\/div><\/div><\/section>","protected":false},"excerpt":{"rendered":"<p>Vous venez de pousser la porte de votre nouvel \u2013 et charmant \u2013 appartement. Seul souci, puisque vous d\u00e9barquez au Luxembourg ou vous vous installez \u00ab&nbsp;chez vous&nbsp;\u00bb pour la premi\u00e8re fois, il est affreusement vide. Et si louer des meubles \u00e9tait la bonne solution&nbsp;? Choisissez vos meubles en ligne \u00c0 moins d\u2019avoir opt\u00e9 pour une [&hellip;]<\/p>\n","protected":false},"author":17,"featured_media":10429,"comment_status":"closed","ping_status":"open","sticky":false,"template":"","format":"standard","meta":{"_acf_changed":false,"footnotes":""},"categories":[203],"tags":[82,107,49],"class_list":["post-10427","post","type-post","status-publish","format-standard","has-post-thumbnail","hentry","category-demenagement","tag-ameublement","tag-expatrie","tag-location"],"acf":[],"yoast_head":"<!-- This site is optimized with the Yoast SEO plugin v27.4 - https:\/\/yoast.com\/product\/yoast-seo-wordpress\/ -->\n<title>Vous venez d\u2019emm\u00e9nager\u00a0? Louez vos meubles\u00a0! | atHome<\/title>\n<meta name=\"description\" content=\"Vous venez de d\u00e9barquer au Luxembourg pour la premi\u00e8re fois, et votre appart est vide. Et si louer des meubles \u00e9tait la bonne solution ?\" \/>\n<meta name=\"robots\" content=\"index, follow, max-snippet:-1, max-image-preview:large, max-video-preview:-1\" \/>\n<link rel=\"canonical\" href=\"https:\/\/www.athome.lu\/blog\/en\/my-home\/moving\/you-can-move-rent-your-furniture\/\" \/>\n<meta property=\"og:locale\" content=\"en_GB\" \/>\n<meta property=\"og:type\" content=\"article\" \/>\n<meta property=\"og:title\" content=\"Vous venez d\u2019emm\u00e9nager\u00a0? Louez vos meubles\u00a0! | atHome\" \/>\n<meta property=\"og:description\" content=\"Vous venez de d\u00e9barquer au Luxembourg pour la premi\u00e8re fois, et votre appart est vide. Et si louer des meubles \u00e9tait la bonne solution ?\" \/>\n<meta property=\"og:url\" content=\"https:\/\/www.athome.lu\/blog\/en\/my-home\/moving\/you-can-move-rent-your-furniture\/\" \/>\n<meta property=\"og:site_name\" content=\"atHome Blog\" \/>\n<meta property=\"article:publisher\" content=\"https:\/\/www.facebook.com\/atHome.lu\/\" \/>\n<meta property=\"article:published_time\" content=\"2017-10-26T09:04:10+00:00\" \/>\n<meta property=\"article:modified_time\" content=\"2022-05-12T09:10:48+00:00\" \/>\n<meta property=\"og:image\" content=\"https:\/\/www.athome.lu\/blog\/wp-content\/uploads\/2017\/10\/living-room-2155376_1280.jpg\" \/>\n\t<meta property=\"og:image:width\" content=\"1233\" \/>\n\t<meta property=\"og:image:height\" content=\"822\" \/>\n\t<meta property=\"og:image:type\" content=\"image\/jpeg\" \/>\n<meta name=\"author\" content=\"Fanny Pimentel\" \/>\n<meta name=\"twitter:card\" content=\"summary_large_image\" \/>\n<meta name=\"twitter:creator\" content=\"@athomelu\" \/>\n<meta name=\"twitter:site\" content=\"@athomelu\" \/>\n<meta name=\"twitter:label1\" content=\"Written by\" \/>\n\t<meta name=\"twitter:data1\" content=\"Fanny Pimentel\" \/>\n\t<meta name=\"twitter:label2\" content=\"Estimated reading time\" \/>\n\t<meta name=\"twitter:data2\" content=\"3 minutes\" \/>\n<script type=\"application\/ld+json\" class=\"yoast-schema-graph\">{\"@context\":\"https:\\\/\\\/schema.org\",\"@graph\":[{\"@type\":\"Article\",\"@id\":\"https:\\\/\\\/www.athome.lu\\\/blog\\\/mon-logement\\\/demenagement\\\/vous-venez-demmenager-louez-vos-meubles\\\/#article\",\"isPartOf\":{\"@id\":\"https:\\\/\\\/www.athome.lu\\\/blog\\\/mon-logement\\\/demenagement\\\/vous-venez-demmenager-louez-vos-meubles\\\/\"},\"author\":{\"name\":\"Fanny Pimentel\",\"@id\":\"https:\\\/\\\/www.athome.lu\\\/blog\\\/#\\\/schema\\\/person\\\/47f7a38089f837e792876ceddc4cb2dc\"},\"headline\":\"Vous venez d\u2019emm\u00e9nager\u00a0? Louez vos meubles\u00a0!\",\"datePublished\":\"2017-10-26T09:04:10+00:00\",\"dateModified\":\"2022-05-12T09:10:48+00:00\",\"mainEntityOfPage\":{\"@id\":\"https:\\\/\\\/www.athome.lu\\\/blog\\\/mon-logement\\\/demenagement\\\/vous-venez-demmenager-louez-vos-meubles\\\/\"},\"wordCount\":496,\"image\":{\"@id\":\"https:\\\/\\\/www.athome.lu\\\/blog\\\/mon-logement\\\/demenagement\\\/vous-venez-demmenager-louez-vos-meubles\\\/#primaryimage\"},\"thumbnailUrl\":\"https:\\\/\\\/www.athome.lu\\\/blog\\\/wp-content\\\/uploads\\\/2017\\\/10\\\/living-room-2155376_1280.jpg\",\"keywords\":[\"Ameublement\",\"Expatri\u00e9\",\"Location\"],\"articleSection\":[\"D\u00e9m\u00e9nagement\"],\"inLanguage\":\"en-GB\"},{\"@type\":\"WebPage\",\"@id\":\"https:\\\/\\\/www.athome.lu\\\/blog\\\/mon-logement\\\/demenagement\\\/vous-venez-demmenager-louez-vos-meubles\\\/\",\"url\":\"https:\\\/\\\/www.athome.lu\\\/blog\\\/mon-logement\\\/demenagement\\\/vous-venez-demmenager-louez-vos-meubles\\\/\",\"name\":\"Vous venez d\u2019emm\u00e9nager\u00a0? Louez vos meubles\u00a0! | atHome\",\"isPartOf\":{\"@id\":\"https:\\\/\\\/www.athome.lu\\\/blog\\\/#website\"},\"primaryImageOfPage\":{\"@id\":\"https:\\\/\\\/www.athome.lu\\\/blog\\\/mon-logement\\\/demenagement\\\/vous-venez-demmenager-louez-vos-meubles\\\/#primaryimage\"},\"image\":{\"@id\":\"https:\\\/\\\/www.athome.lu\\\/blog\\\/mon-logement\\\/demenagement\\\/vous-venez-demmenager-louez-vos-meubles\\\/#primaryimage\"},\"thumbnailUrl\":\"https:\\\/\\\/www.athome.lu\\\/blog\\\/wp-content\\\/uploads\\\/2017\\\/10\\\/living-room-2155376_1280.jpg\",\"datePublished\":\"2017-10-26T09:04:10+00:00\",\"dateModified\":\"2022-05-12T09:10:48+00:00\",\"author\":{\"@id\":\"https:\\\/\\\/www.athome.lu\\\/blog\\\/#\\\/schema\\\/person\\\/47f7a38089f837e792876ceddc4cb2dc\"},\"description\":\"Vous venez de d\u00e9barquer au Luxembourg pour la premi\u00e8re fois, et votre appart est vide. Et si louer des meubles \u00e9tait la bonne solution ?\",\"breadcrumb\":{\"@id\":\"https:\\\/\\\/www.athome.lu\\\/blog\\\/mon-logement\\\/demenagement\\\/vous-venez-demmenager-louez-vos-meubles\\\/#breadcrumb\"},\"inLanguage\":\"en-GB\",\"potentialAction\":[{\"@type\":\"ReadAction\",\"target\":[\"https:\\\/\\\/www.athome.lu\\\/blog\\\/mon-logement\\\/demenagement\\\/vous-venez-demmenager-louez-vos-meubles\\\/\"]}]},{\"@type\":\"ImageObject\",\"inLanguage\":\"en-GB\",\"@id\":\"https:\\\/\\\/www.athome.lu\\\/blog\\\/mon-logement\\\/demenagement\\\/vous-venez-demmenager-louez-vos-meubles\\\/#primaryimage\",\"url\":\"https:\\\/\\\/www.athome.lu\\\/blog\\\/wp-content\\\/uploads\\\/2017\\\/10\\\/living-room-2155376_1280.jpg\",\"contentUrl\":\"https:\\\/\\\/www.athome.lu\\\/blog\\\/wp-content\\\/uploads\\\/2017\\\/10\\\/living-room-2155376_1280.jpg\",\"width\":1233,\"height\":822,\"caption\":\"Location de meuble\"},{\"@type\":\"BreadcrumbList\",\"@id\":\"https:\\\/\\\/www.athome.lu\\\/blog\\\/mon-logement\\\/demenagement\\\/vous-venez-demmenager-louez-vos-meubles\\\/#breadcrumb\",\"itemListElement\":[{\"@type\":\"ListItem\",\"position\":1,\"name\":\"Accueil\",\"item\":\"https:\\\/\\\/www.athome.lu\\\/blog\\\/\"},{\"@type\":\"ListItem\",\"position\":2,\"name\":\"Mon logement\",\"item\":\"https:\\\/\\\/www.athome.lu\\\/blog\\\/de\\\/category\\\/mein-haus\\\/\"},{\"@type\":\"ListItem\",\"position\":3,\"name\":\"D\u00e9m\u00e9nagement\",\"item\":\"https:\\\/\\\/www.athome.lu\\\/blog\\\/category\\\/mon-logement\\\/demenagement\\\/\"},{\"@type\":\"ListItem\",\"position\":4,\"name\":\"Vous venez d\u2019emm\u00e9nager\u00a0? Louez vos meubles\u00a0!\"}]},{\"@type\":\"WebSite\",\"@id\":\"https:\\\/\\\/www.athome.lu\\\/blog\\\/#website\",\"url\":\"https:\\\/\\\/www.athome.lu\\\/blog\\\/\",\"name\":\"atHome Blog\",\"description\":\"Annonces immobili\u00e8res au Luxembourg. Le portail immobilier n\u00b01 au Luxembourg.\",\"potentialAction\":[{\"@type\":\"SearchAction\",\"target\":{\"@type\":\"EntryPoint\",\"urlTemplate\":\"https:\\\/\\\/www.athome.lu\\\/blog\\\/?s={search_term_string}\"},\"query-input\":{\"@type\":\"PropertyValueSpecification\",\"valueRequired\":true,\"valueName\":\"search_term_string\"}}],\"inLanguage\":\"en-GB\"},{\"@type\":\"Person\",\"@id\":\"https:\\\/\\\/www.athome.lu\\\/blog\\\/#\\\/schema\\\/person\\\/47f7a38089f837e792876ceddc4cb2dc\",\"name\":\"Fanny Pimentel\",\"image\":{\"@type\":\"ImageObject\",\"inLanguage\":\"en-GB\",\"@id\":\"https:\\\/\\\/secure.gravatar.com\\\/avatar\\\/c60b27b93851dc9503f9cc9150e73dcb0a86ba6150657e5e4b11d988400bc633?s=96&d=mm&r=g\",\"url\":\"https:\\\/\\\/secure.gravatar.com\\\/avatar\\\/c60b27b93851dc9503f9cc9150e73dcb0a86ba6150657e5e4b11d988400bc633?s=96&d=mm&r=g\",\"contentUrl\":\"https:\\\/\\\/secure.gravatar.com\\\/avatar\\\/c60b27b93851dc9503f9cc9150e73dcb0a86ba6150657e5e4b11d988400bc633?s=96&d=mm&r=g\",\"caption\":\"Fanny Pimentel\"}}]}<\/script>\n<!-- \/ Yoast SEO plugin. -->","yoast_head_json":{"title":"Have you just moved in? Rent your furniture! | atHome","description":"You have just arrived in Luxembourg for the first time and your apartment is empty. What if renting furniture was the right solution?","robots":{"index":"index","follow":"follow","max-snippet":"max-snippet:-1","max-image-preview":"max-image-preview:large","max-video-preview":"max-video-preview:-1"},"canonical":"https:\/\/www.athome.lu\/blog\/en\/my-home\/moving\/you-can-move-rent-your-furniture\/","og_locale":"en_GB","og_type":"article","og_title":"Vous venez d\u2019emm\u00e9nager\u00a0? Louez vos meubles\u00a0! | atHome","og_description":"Vous venez de d\u00e9barquer au Luxembourg pour la premi\u00e8re fois, et votre appart est vide. Et si louer des meubles \u00e9tait la bonne solution ?","og_url":"https:\/\/www.athome.lu\/blog\/en\/my-home\/moving\/you-can-move-rent-your-furniture\/","og_site_name":"atHome Blog","article_publisher":"https:\/\/www.facebook.com\/atHome.lu\/","article_published_time":"2017-10-26T09:04:10+00:00","article_modified_time":"2022-05-12T09:10:48+00:00","og_image":[{"width":1233,"height":822,"url":"https:\/\/www.athome.lu\/blog\/wp-content\/uploads\/2017\/10\/living-room-2155376_1280.jpg","type":"image\/jpeg"}],"author":"Fanny Pimentel","twitter_card":"summary_large_image","twitter_creator":"@athomelu","twitter_site":"@athomelu","twitter_misc":{"Written by":"Fanny Pimentel","Estimated reading time":"3 minutes"},"schema":{"@context":"https:\/\/schema.org","@graph":[{"@type":"Article","@id":"https:\/\/www.athome.lu\/blog\/mon-logement\/demenagement\/vous-venez-demmenager-louez-vos-meubles\/#article","isPartOf":{"@id":"https:\/\/www.athome.lu\/blog\/mon-logement\/demenagement\/vous-venez-demmenager-louez-vos-meubles\/"},"author":{"name":"Fanny Pimentel","@id":"https:\/\/www.athome.lu\/blog\/#\/schema\/person\/47f7a38089f837e792876ceddc4cb2dc"},"headline":"Vous venez d\u2019emm\u00e9nager\u00a0? Louez vos meubles\u00a0!","datePublished":"2017-10-26T09:04:10+00:00","dateModified":"2022-05-12T09:10:48+00:00","mainEntityOfPage":{"@id":"https:\/\/www.athome.lu\/blog\/mon-logement\/demenagement\/vous-venez-demmenager-louez-vos-meubles\/"},"wordCount":496,"image":{"@id":"https:\/\/www.athome.lu\/blog\/mon-logement\/demenagement\/vous-venez-demmenager-louez-vos-meubles\/#primaryimage"},"thumbnailUrl":"https:\/\/www.athome.lu\/blog\/wp-content\/uploads\/2017\/10\/living-room-2155376_1280.jpg","keywords":["Ameublement","Expatri\u00e9","Location"],"articleSection":["D\u00e9m\u00e9nagement"],"inLanguage":"en-GB"},{"@type":"WebPage","@id":"https:\/\/www.athome.lu\/blog\/mon-logement\/demenagement\/vous-venez-demmenager-louez-vos-meubles\/","url":"https:\/\/www.athome.lu\/blog\/mon-logement\/demenagement\/vous-venez-demmenager-louez-vos-meubles\/","name":"Have you just moved in? Rent your furniture! | atHome","isPartOf":{"@id":"https:\/\/www.athome.lu\/blog\/#website"},"primaryImageOfPage":{"@id":"https:\/\/www.athome.lu\/blog\/mon-logement\/demenagement\/vous-venez-demmenager-louez-vos-meubles\/#primaryimage"},"image":{"@id":"https:\/\/www.athome.lu\/blog\/mon-logement\/demenagement\/vous-venez-demmenager-louez-vos-meubles\/#primaryimage"},"thumbnailUrl":"https:\/\/www.athome.lu\/blog\/wp-content\/uploads\/2017\/10\/living-room-2155376_1280.jpg","datePublished":"2017-10-26T09:04:10+00:00","dateModified":"2022-05-12T09:10:48+00:00","author":{"@id":"https:\/\/www.athome.lu\/blog\/#\/schema\/person\/47f7a38089f837e792876ceddc4cb2dc"},"description":"You have just arrived in Luxembourg for the first time and your apartment is empty. What if renting furniture was the right solution?","breadcrumb":{"@id":"https:\/\/www.athome.lu\/blog\/mon-logement\/demenagement\/vous-venez-demmenager-louez-vos-meubles\/#breadcrumb"},"inLanguage":"en-GB","potentialAction":[{"@type":"ReadAction","target":["https:\/\/www.athome.lu\/blog\/mon-logement\/demenagement\/vous-venez-demmenager-louez-vos-meubles\/"]}]},{"@type":"ImageObject","inLanguage":"en-GB","@id":"https:\/\/www.athome.lu\/blog\/mon-logement\/demenagement\/vous-venez-demmenager-louez-vos-meubles\/#primaryimage","url":"https:\/\/www.athome.lu\/blog\/wp-content\/uploads\/2017\/10\/living-room-2155376_1280.jpg","contentUrl":"https:\/\/www.athome.lu\/blog\/wp-content\/uploads\/2017\/10\/living-room-2155376_1280.jpg","width":1233,"height":822,"caption":"Location de meuble"},{"@type":"BreadcrumbList","@id":"https:\/\/www.athome.lu\/blog\/mon-logement\/demenagement\/vous-venez-demmenager-louez-vos-meubles\/#breadcrumb","itemListElement":[{"@type":"ListItem","position":1,"name":"Accueil","item":"https:\/\/www.athome.lu\/blog\/"},{"@type":"ListItem","position":2,"name":"Mon logement","item":"https:\/\/www.athome.lu\/blog\/de\/category\/mein-haus\/"},{"@type":"ListItem","position":3,"name":"D\u00e9m\u00e9nagement","item":"https:\/\/www.athome.lu\/blog\/category\/mon-logement\/demenagement\/"},{"@type":"ListItem","position":4,"name":"Vous venez d\u2019emm\u00e9nager\u00a0? Louez vos meubles\u00a0!"}]},{"@type":"WebSite","@id":"https:\/\/www.athome.lu\/blog\/#website","url":"https:\/\/www.athome.lu\/blog\/","name":"atHome Blog","description":"Real estate ads in Luxembourg. The n\u00b01 real estate portal in Luxembourg.","potentialAction":[{"@type":"SearchAction","target":{"@type":"EntryPoint","urlTemplate":"https:\/\/www.athome.lu\/blog\/?s={search_term_string}"},"query-input":{"@type":"PropertyValueSpecification","valueRequired":true,"valueName":"search_term_string"}}],"inLanguage":"en-GB"},{"@type":"Person","@id":"https:\/\/www.athome.lu\/blog\/#\/schema\/person\/47f7a38089f837e792876ceddc4cb2dc","name":"Fanny Pimentel","image":{"@type":"ImageObject","inLanguage":"en-GB","@id":"https:\/\/secure.gravatar.com\/avatar\/c60b27b93851dc9503f9cc9150e73dcb0a86ba6150657e5e4b11d988400bc633?s=96&d=mm&r=g","url":"https:\/\/secure.gravatar.com\/avatar\/c60b27b93851dc9503f9cc9150e73dcb0a86ba6150657e5e4b11d988400bc633?s=96&d=mm&r=g","contentUrl":"https:\/\/secure.gravatar.com\/avatar\/c60b27b93851dc9503f9cc9150e73dcb0a86ba6150657e5e4b11d988400bc633?s=96&d=mm&r=g","caption":"Fanny Pimentel"}}]}},"featured_media_src_url":"https:\/\/www.athome.lu\/blog\/wp-content\/uploads\/2017\/10\/living-room-2155376_1280-1024x683.jpg","_links":{"self":[{"href":"https:\/\/www.athome.lu\/blog\/en\/wp-json\/wp\/v2\/posts\/10427","targetHints":{"allow":["GET"]}}],"collection":[{"href":"https:\/\/www.athome.lu\/blog\/en\/wp-json\/wp\/v2\/posts"}],"about":[{"href":"https:\/\/www.athome.lu\/blog\/en\/wp-json\/wp\/v2\/types\/post"}],"author":[{"embeddable":true,"href":"https:\/\/www.athome.lu\/blog\/en\/wp-json\/wp\/v2\/users\/17"}],"replies":[{"embeddable":true,"href":"https:\/\/www.athome.lu\/blog\/en\/wp-json\/wp\/v2\/comments?post=10427"}],"version-history":[{"count":2,"href":"https:\/\/www.athome.lu\/blog\/en\/wp-json\/wp\/v2\/posts\/10427\/revisions"}],"predecessor-version":[{"id":15226,"href":"https:\/\/www.athome.lu\/blog\/en\/wp-json\/wp\/v2\/posts\/10427\/revisions\/15226"}],"wp:featuredmedia":[{"embeddable":true,"href":"https:\/\/www.athome.lu\/blog\/en\/wp-json\/wp\/v2\/media\/10429"}],"wp:attachment":[{"href":"https:\/\/www.athome.lu\/blog\/en\/wp-json\/wp\/v2\/media?parent=10427"}],"wp:term":[{"taxonomy":"category","embeddable":true,"href":"https:\/\/www.athome.lu\/blog\/en\/wp-json\/wp\/v2\/categories?post=10427"},{"taxonomy":"post_tag","embeddable":true,"href":"https:\/\/www.athome.lu\/blog\/en\/wp-json\/wp\/v2\/tags?post=10427"}],"curies":[{"name":"wp","href":"https:\/\/api.w.org\/{rel}","templated":true}]}}