{"id":10768,"date":"2018-01-30T13:53:15","date_gmt":"2018-01-30T12:53:15","guid":{"rendered":"https:\/\/www.athome.lu\/blog\/?p=10768"},"modified":"2022-05-12T08:43:09","modified_gmt":"2022-05-12T06:43:09","slug":"diekirch-a-city-that-reinvents","status":"publish","type":"post","link":"https:\/\/www.athome.lu\/blog\/en\/marche-immobilier\/villes\/diekirch-une-ville-qui-se-reinvente\/","title":{"rendered":"Diekirch, a city that reinvents itself"},"content":{"rendered":"<p><span style=\"color: #000000;\">Well known for its brewery, the community of Diekirch is nestled in a particularly attractive natural setting. This magnificent setting is complemented by a state-of-the-art educational, sports and cultural infrastructure. Diekirch is in the midst of a transformation phase, with several real estate projects in and around the town.<\/span><\/p>\n\n\n\n<p><span style=\"color: #000000;\">The town of Diekirch, located on the banks of the river S\u00fbre, offers its inhabitants a peaceful living environment. You only have to walk 500 metres to be in nature,\" says Claude Haagen, mayor of the town. \"It is a green town that has long benefited from an overflowing tourist industry. This is still the case today, even if we have fewer tourists who come for a fortnight as was the case a few decades ago. The trend is more towards short stays, from one to five or six days.<\/span><\/p>\n\n\n\n<p><span style=\"color: #000000;\">Camping sites are still in operation in the town and the municipality has invested in a state-of-the-art canoeing station. A white water canal in the \"Al Schwemm\" area is available for canoeists to practice their passion in safety. The sports facilities in the municipality are not just for tourists. The swimming pool, the tennis courts, the football fields, the sports hall and the stadium offer something for everyone in the community. <\/span><\/p>\n\n\n\n<div class=\"wp-block-image\"><figure class=\"aligncenter\"><img loading=\"lazy\" decoding=\"async\" width=\"500\" height=\"255\" src=\"https:\/\/www.athome.lu\/blog\/blog\/wp-content\/uploads\/2018\/01\/diekirch-2_500.jpg\" alt=\"Diekirch \" class=\"wp-image-10772\" srcset=\"https:\/\/www.athome.lu\/blog\/wp-content\/uploads\/2018\/01\/diekirch-2_500.jpg 500w, https:\/\/www.athome.lu\/blog\/wp-content\/uploads\/2018\/01\/diekirch-2_500-300x153.jpg 300w, https:\/\/www.athome.lu\/blog\/wp-content\/uploads\/2018\/01\/diekirch-2_500-18x9.jpg 18w\" sizes=\"auto, (max-width: 500px) 100vw, 500px\" \/><\/figure><\/div>\n\n\n\n<h2 class=\"wp-block-heading\"><span style=\"color: #000000;\"><strong>Military, administrative and cultural city<\/strong><\/span><\/h2>\n\n\n\n<p><span style=\"color: #000000;\">Historically, Diekirch is above all a military town. \"The Grand Duke Jean barracks, the only one in Luxembourg, is located in our town,\" explains Claude Haagen. The municipality is still an important centre of state activity, but more in the administrative sector. Diekirch is also frequented by many students. Several secondary schools, including the Alexis-Heck technical school for hoteliers, are located in the town.<\/span><\/p>\n\n\n\n<p><span style=\"color: #000000;\">Today, the city is turning to culture. We have five museums,\" continues the mayor. And a few months ago we opened our new cinema complex. It's a complex with five cinemas equipped with the latest technology, both in terms of sound and image, including 3D equipment. <\/span><\/p>\n\n\n\n<p><span style=\"color: #000000;\">Economic activity is not left out either, as a new economic activity zone will be created at Friedhof. According to Claude Haagen, \"about thirty companies will set up there in the next few years, in the automobile and civil engineering sectors, etc.\".<\/span><\/p>\n\n\n<section id=\"section-3-14695\" class=\"ct-section\" ><div class=\"ct-section-inner-wrap\"><div id=\"div_block-4-14695\" class=\"ct-div-block\" ><div id=\"new_columns-7-14695\" class=\"ct-new-columns\" ><div id=\"div_block-8-14695\" class=\"ct-div-block\" ><div id=\"div_block-14-14695\" class=\"ct-div-block\" ><\/div><\/div><div id=\"div_block-9-14695\" class=\"ct-div-block\" ><h1 id=\"headline-11-14695\" class=\"ct-headline\">What are the property prices at the moment?<\/h1><div id=\"text_block-12-14695\" class=\"ct-text-block\" >Prices are slowing down. Interest rates are rising. What are the trends for the coming months?<\/div><a id=\"link_button-13-14695\" class=\"ct-link-button\" href=\"https:\/\/www.athome.lu\/blog\/blog\/marche-immobilier\/prix\/tendances-2022\/\" target=\"_blank\"  >Read the analysis<\/a><\/div><\/div><\/div><\/div><\/section>\n\n\n<h2 class=\"wp-block-heading\"><span style=\"color: #000000;\"><strong>Housing projects that promote social diversity<\/strong><\/span><\/h2>\n\n\n\n<p><span style=\"color: #000000;\">The wide range of services available in Diekirch, combined with its bucolic setting, has made the municipality an entity with a growing population. In order to meet the demand for housing, Diekirch is continuing to change, with one key word: diversity. Three major real estate projects will be finalised over the next six years,\" explains Claude Haagen. The first concerns the brewery site, which is currently undergoing a complete overhaul. Flats and social housing are to be built there. An underground car park is also planned in this new complex.<\/span><\/p>\n\n\n\n<p><span style=\"color: #000000;\">The mayor also announced the creation of a new housing estate in Walebroch over the next two or three years. The land consolidation has already been carried out and houses will soon be built there. Finally, the Diekirch military estate will be redeveloped to include conventional and social housing, a car park, restaurants, shops, etc. in the centre of the town. <\/span><\/p>\n\n\n\n<p><span style=\"color: #000000;\">As you can see, Claude Haagen and the municipality of Diekirch do not hesitate to initiate multifaceted projects that mix genres and populations. \"We don't want to proceed as we did in the past: to construct buildings that will be exclusively used for social housing. We believe that it is better to mix different populations in the same complex.<\/span><\/p>\n\n\n\n<h2 class=\"wp-block-heading\"><span style=\"color: #000000;\"><strong>Services to support real estate projects<\/strong><\/span><\/h2>\n\n\n\n<p><span style=\"color: #000000;\">The social aims of the elected representatives of the community do not end there. Diekirch has developed its own social housing project. We have called on landlords who have free housing units,\" explains Claude Haagen. The owners can rent these units to the municipality, which sublets them to people who meet the criteria of the housing fund for a sum 10% below the market price. The owner gets a little less money, but on the one hand he is sure to receive his rent on time and on the other hand he has the guarantee that his property is maintained.<\/span><\/p>\n\n\n\n<p><span style=\"color: #000000;\">For all the inhabitants of the municipality, services for children are already in place. And they are going to be expanded,\" says the mayor. We have a halfway house and we are going to create a new one. As for the cr\u00e8che, it has been extended. We will probably have to build a second one near one of our new housing projects. Finally, I'm not too worried about the basic schools, which have enough capacity to meet the needs of the next six years, or about the geriatric care, which is provided by a retirement home and a nursing home.<\/span><\/p>\n\n\n\n<p><span style=\"color: #000000;\">Everything is in place to ensure that the community of Diekirch will continue to develop smoothly. And to continue to make the most of its reputation, which owes much to its quality of life and its (new) brewery... <\/span><\/p>","protected":false},"excerpt":{"rendered":"<p>Bien connue pour sa brasserie, la commune de Diekirch est nich\u00e9e au c\u0153ur d\u2019un \u00e9crin naturel particuli\u00e8rement attrayant. Un cadre magnifique auquel il faut ajouter des infrastructures scolaires, sportives et culturelles \u00e0 la pointe. Diekirch est en pleine phase de mutation, avec plusieurs projets immobiliers au niveau de la ville et de ses abords. Pos\u00e9e [&hellip;]<\/p>\n","protected":false},"author":17,"featured_media":10771,"comment_status":"closed","ping_status":"open","sticky":false,"template":"","format":"standard","meta":{"_acf_changed":false,"footnotes":""},"categories":[218],"tags":[117],"class_list":["post-10768","post","type-post","status-publish","format-standard","has-post-thumbnail","hentry","category-villes","tag-diekirch"],"acf":[],"yoast_head":"<!-- This site is optimized with the Yoast SEO plugin v27.4 - https:\/\/yoast.com\/product\/yoast-seo-wordpress\/ -->\n<title>\u25b7 Diekirch, une ville qui se r\u00e9invente | atHome<\/title>\n<meta name=\"description\" content=\"Bien connue pour sa brasserie, la commune de Diekirch est nich\u00e9e au c\u0153ur d\u2019un \u00e9crin naturel particuli\u00e8rement attrayant.\" \/>\n<meta name=\"robots\" content=\"index, follow, max-snippet:-1, max-image-preview:large, max-video-preview:-1\" \/>\n<link rel=\"canonical\" href=\"https:\/\/www.athome.lu\/blog\/en\/real-estate-market\/towns\/diekirch-a-city-that-reinvents\/\" \/>\n<meta property=\"og:locale\" content=\"en_GB\" \/>\n<meta property=\"og:type\" content=\"article\" \/>\n<meta property=\"og:title\" content=\"\u25b7 Diekirch, une ville qui se r\u00e9invente | atHome\" \/>\n<meta property=\"og:description\" content=\"Bien connue pour sa brasserie, la commune de Diekirch est nich\u00e9e au c\u0153ur d\u2019un \u00e9crin naturel particuli\u00e8rement attrayant.\" \/>\n<meta property=\"og:url\" content=\"https:\/\/www.athome.lu\/blog\/en\/real-estate-market\/towns\/diekirch-a-city-that-reinvents\/\" \/>\n<meta property=\"og:site_name\" content=\"atHome Blog\" \/>\n<meta property=\"article:publisher\" content=\"https:\/\/www.facebook.com\/atHome.lu\/\" \/>\n<meta property=\"article:published_time\" content=\"2018-01-30T12:53:15+00:00\" \/>\n<meta property=\"article:modified_time\" content=\"2022-05-12T06:43:09+00:00\" \/>\n<meta property=\"og:image\" content=\"https:\/\/www.athome.lu\/blog\/wp-content\/uploads\/2018\/01\/Diekirch-1.jpg\" \/>\n\t<meta property=\"og:image:width\" content=\"1266\" \/>\n\t<meta property=\"og:image:height\" content=\"844\" \/>\n\t<meta property=\"og:image:type\" content=\"image\/jpeg\" \/>\n<meta name=\"author\" content=\"Fanny Pimentel\" \/>\n<meta name=\"twitter:card\" content=\"summary_large_image\" \/>\n<meta name=\"twitter:creator\" content=\"@athomelu\" \/>\n<meta name=\"twitter:site\" content=\"@athomelu\" \/>\n<meta name=\"twitter:label1\" content=\"Written by\" \/>\n\t<meta name=\"twitter:data1\" content=\"Fanny Pimentel\" \/>\n\t<meta name=\"twitter:label2\" content=\"Estimated reading time\" \/>\n\t<meta name=\"twitter:data2\" content=\"5 minutes\" \/>\n<script type=\"application\/ld+json\" class=\"yoast-schema-graph\">{\"@context\":\"https:\\\/\\\/schema.org\",\"@graph\":[{\"@type\":\"Article\",\"@id\":\"https:\\\/\\\/www.athome.lu\\\/blog\\\/marche-immobilier\\\/villes\\\/diekirch-une-ville-qui-se-reinvente\\\/#article\",\"isPartOf\":{\"@id\":\"https:\\\/\\\/www.athome.lu\\\/blog\\\/marche-immobilier\\\/villes\\\/diekirch-une-ville-qui-se-reinvente\\\/\"},\"author\":{\"name\":\"Fanny Pimentel\",\"@id\":\"https:\\\/\\\/www.athome.lu\\\/blog\\\/#\\\/schema\\\/person\\\/47f7a38089f837e792876ceddc4cb2dc\"},\"headline\":\"Diekirch, une ville qui se r\u00e9invente\",\"datePublished\":\"2018-01-30T12:53:15+00:00\",\"dateModified\":\"2022-05-12T06:43:09+00:00\",\"mainEntityOfPage\":{\"@id\":\"https:\\\/\\\/www.athome.lu\\\/blog\\\/marche-immobilier\\\/villes\\\/diekirch-une-ville-qui-se-reinvente\\\/\"},\"wordCount\":964,\"image\":{\"@id\":\"https:\\\/\\\/www.athome.lu\\\/blog\\\/marche-immobilier\\\/villes\\\/diekirch-une-ville-qui-se-reinvente\\\/#primaryimage\"},\"thumbnailUrl\":\"https:\\\/\\\/www.athome.lu\\\/blog\\\/wp-content\\\/uploads\\\/2018\\\/01\\\/Diekirch-1.jpg\",\"keywords\":[\"Diekirch\"],\"articleSection\":[\"Villes\"],\"inLanguage\":\"en-GB\"},{\"@type\":\"WebPage\",\"@id\":\"https:\\\/\\\/www.athome.lu\\\/blog\\\/marche-immobilier\\\/villes\\\/diekirch-une-ville-qui-se-reinvente\\\/\",\"url\":\"https:\\\/\\\/www.athome.lu\\\/blog\\\/marche-immobilier\\\/villes\\\/diekirch-une-ville-qui-se-reinvente\\\/\",\"name\":\"\u25b7 Diekirch, une ville qui se r\u00e9invente | atHome\",\"isPartOf\":{\"@id\":\"https:\\\/\\\/www.athome.lu\\\/blog\\\/#website\"},\"primaryImageOfPage\":{\"@id\":\"https:\\\/\\\/www.athome.lu\\\/blog\\\/marche-immobilier\\\/villes\\\/diekirch-une-ville-qui-se-reinvente\\\/#primaryimage\"},\"image\":{\"@id\":\"https:\\\/\\\/www.athome.lu\\\/blog\\\/marche-immobilier\\\/villes\\\/diekirch-une-ville-qui-se-reinvente\\\/#primaryimage\"},\"thumbnailUrl\":\"https:\\\/\\\/www.athome.lu\\\/blog\\\/wp-content\\\/uploads\\\/2018\\\/01\\\/Diekirch-1.jpg\",\"datePublished\":\"2018-01-30T12:53:15+00:00\",\"dateModified\":\"2022-05-12T06:43:09+00:00\",\"author\":{\"@id\":\"https:\\\/\\\/www.athome.lu\\\/blog\\\/#\\\/schema\\\/person\\\/47f7a38089f837e792876ceddc4cb2dc\"},\"description\":\"Bien connue pour sa brasserie, la commune de Diekirch est nich\u00e9e au c\u0153ur d\u2019un \u00e9crin naturel particuli\u00e8rement attrayant.\",\"breadcrumb\":{\"@id\":\"https:\\\/\\\/www.athome.lu\\\/blog\\\/marche-immobilier\\\/villes\\\/diekirch-une-ville-qui-se-reinvente\\\/#breadcrumb\"},\"inLanguage\":\"en-GB\",\"potentialAction\":[{\"@type\":\"ReadAction\",\"target\":[\"https:\\\/\\\/www.athome.lu\\\/blog\\\/marche-immobilier\\\/villes\\\/diekirch-une-ville-qui-se-reinvente\\\/\"]}]},{\"@type\":\"ImageObject\",\"inLanguage\":\"en-GB\",\"@id\":\"https:\\\/\\\/www.athome.lu\\\/blog\\\/marche-immobilier\\\/villes\\\/diekirch-une-ville-qui-se-reinvente\\\/#primaryimage\",\"url\":\"https:\\\/\\\/www.athome.lu\\\/blog\\\/wp-content\\\/uploads\\\/2018\\\/01\\\/Diekirch-1.jpg\",\"contentUrl\":\"https:\\\/\\\/www.athome.lu\\\/blog\\\/wp-content\\\/uploads\\\/2018\\\/01\\\/Diekirch-1.jpg\",\"width\":1266,\"height\":844,\"caption\":\"Ville de Diekirch\"},{\"@type\":\"BreadcrumbList\",\"@id\":\"https:\\\/\\\/www.athome.lu\\\/blog\\\/marche-immobilier\\\/villes\\\/diekirch-une-ville-qui-se-reinvente\\\/#breadcrumb\",\"itemListElement\":[{\"@type\":\"ListItem\",\"position\":1,\"name\":\"Accueil\",\"item\":\"https:\\\/\\\/www.athome.lu\\\/blog\\\/\"},{\"@type\":\"ListItem\",\"position\":2,\"name\":\"March\u00e9 immobilier\",\"item\":\"https:\\\/\\\/www.athome.lu\\\/blog\\\/category\\\/marche-immobilier\\\/\"},{\"@type\":\"ListItem\",\"position\":3,\"name\":\"Villes\",\"item\":\"https:\\\/\\\/www.athome.lu\\\/blog\\\/category\\\/marche-immobilier\\\/villes\\\/\"},{\"@type\":\"ListItem\",\"position\":4,\"name\":\"Diekirch, une ville qui se r\u00e9invente\"}]},{\"@type\":\"WebSite\",\"@id\":\"https:\\\/\\\/www.athome.lu\\\/blog\\\/#website\",\"url\":\"https:\\\/\\\/www.athome.lu\\\/blog\\\/\",\"name\":\"atHome Blog\",\"description\":\"Annonces immobili\u00e8res au Luxembourg. Le portail immobilier n\u00b01 au Luxembourg.\",\"potentialAction\":[{\"@type\":\"SearchAction\",\"target\":{\"@type\":\"EntryPoint\",\"urlTemplate\":\"https:\\\/\\\/www.athome.lu\\\/blog\\\/?s={search_term_string}\"},\"query-input\":{\"@type\":\"PropertyValueSpecification\",\"valueRequired\":true,\"valueName\":\"search_term_string\"}}],\"inLanguage\":\"en-GB\"},{\"@type\":\"Person\",\"@id\":\"https:\\\/\\\/www.athome.lu\\\/blog\\\/#\\\/schema\\\/person\\\/47f7a38089f837e792876ceddc4cb2dc\",\"name\":\"Fanny Pimentel\",\"image\":{\"@type\":\"ImageObject\",\"inLanguage\":\"en-GB\",\"@id\":\"https:\\\/\\\/secure.gravatar.com\\\/avatar\\\/c60b27b93851dc9503f9cc9150e73dcb0a86ba6150657e5e4b11d988400bc633?s=96&d=mm&r=g\",\"url\":\"https:\\\/\\\/secure.gravatar.com\\\/avatar\\\/c60b27b93851dc9503f9cc9150e73dcb0a86ba6150657e5e4b11d988400bc633?s=96&d=mm&r=g\",\"contentUrl\":\"https:\\\/\\\/secure.gravatar.com\\\/avatar\\\/c60b27b93851dc9503f9cc9150e73dcb0a86ba6150657e5e4b11d988400bc633?s=96&d=mm&r=g\",\"caption\":\"Fanny Pimentel\"}}]}<\/script>\n<!-- \/ Yoast SEO plugin. -->","yoast_head_json":{"title":"\u25b7 Diekirch, a city that reinvents itself | atHome","description":"Well-known for its brewery, the community of Diekirch is nestled in a particularly attractive natural setting.","robots":{"index":"index","follow":"follow","max-snippet":"max-snippet:-1","max-image-preview":"max-image-preview:large","max-video-preview":"max-video-preview:-1"},"canonical":"https:\/\/www.athome.lu\/blog\/en\/real-estate-market\/towns\/diekirch-a-city-that-reinvents\/","og_locale":"en_GB","og_type":"article","og_title":"\u25b7 Diekirch, une ville qui se r\u00e9invente | atHome","og_description":"Bien connue pour sa brasserie, la commune de Diekirch est nich\u00e9e au c\u0153ur d\u2019un \u00e9crin naturel particuli\u00e8rement attrayant.","og_url":"https:\/\/www.athome.lu\/blog\/en\/real-estate-market\/towns\/diekirch-a-city-that-reinvents\/","og_site_name":"atHome Blog","article_publisher":"https:\/\/www.facebook.com\/atHome.lu\/","article_published_time":"2018-01-30T12:53:15+00:00","article_modified_time":"2022-05-12T06:43:09+00:00","og_image":[{"width":1266,"height":844,"url":"https:\/\/www.athome.lu\/blog\/wp-content\/uploads\/2018\/01\/Diekirch-1.jpg","type":"image\/jpeg"}],"author":"Fanny Pimentel","twitter_card":"summary_large_image","twitter_creator":"@athomelu","twitter_site":"@athomelu","twitter_misc":{"Written by":"Fanny Pimentel","Estimated reading time":"5 minutes"},"schema":{"@context":"https:\/\/schema.org","@graph":[{"@type":"Article","@id":"https:\/\/www.athome.lu\/blog\/marche-immobilier\/villes\/diekirch-une-ville-qui-se-reinvente\/#article","isPartOf":{"@id":"https:\/\/www.athome.lu\/blog\/marche-immobilier\/villes\/diekirch-une-ville-qui-se-reinvente\/"},"author":{"name":"Fanny Pimentel","@id":"https:\/\/www.athome.lu\/blog\/#\/schema\/person\/47f7a38089f837e792876ceddc4cb2dc"},"headline":"Diekirch, une ville qui se r\u00e9invente","datePublished":"2018-01-30T12:53:15+00:00","dateModified":"2022-05-12T06:43:09+00:00","mainEntityOfPage":{"@id":"https:\/\/www.athome.lu\/blog\/marche-immobilier\/villes\/diekirch-une-ville-qui-se-reinvente\/"},"wordCount":964,"image":{"@id":"https:\/\/www.athome.lu\/blog\/marche-immobilier\/villes\/diekirch-une-ville-qui-se-reinvente\/#primaryimage"},"thumbnailUrl":"https:\/\/www.athome.lu\/blog\/wp-content\/uploads\/2018\/01\/Diekirch-1.jpg","keywords":["Diekirch"],"articleSection":["Villes"],"inLanguage":"en-GB"},{"@type":"WebPage","@id":"https:\/\/www.athome.lu\/blog\/marche-immobilier\/villes\/diekirch-une-ville-qui-se-reinvente\/","url":"https:\/\/www.athome.lu\/blog\/marche-immobilier\/villes\/diekirch-une-ville-qui-se-reinvente\/","name":"\u25b7 Diekirch, a city that reinvents itself | atHome","isPartOf":{"@id":"https:\/\/www.athome.lu\/blog\/#website"},"primaryImageOfPage":{"@id":"https:\/\/www.athome.lu\/blog\/marche-immobilier\/villes\/diekirch-une-ville-qui-se-reinvente\/#primaryimage"},"image":{"@id":"https:\/\/www.athome.lu\/blog\/marche-immobilier\/villes\/diekirch-une-ville-qui-se-reinvente\/#primaryimage"},"thumbnailUrl":"https:\/\/www.athome.lu\/blog\/wp-content\/uploads\/2018\/01\/Diekirch-1.jpg","datePublished":"2018-01-30T12:53:15+00:00","dateModified":"2022-05-12T06:43:09+00:00","author":{"@id":"https:\/\/www.athome.lu\/blog\/#\/schema\/person\/47f7a38089f837e792876ceddc4cb2dc"},"description":"Well-known for its brewery, the community of Diekirch is nestled in a particularly attractive natural setting.","breadcrumb":{"@id":"https:\/\/www.athome.lu\/blog\/marche-immobilier\/villes\/diekirch-une-ville-qui-se-reinvente\/#breadcrumb"},"inLanguage":"en-GB","potentialAction":[{"@type":"ReadAction","target":["https:\/\/www.athome.lu\/blog\/marche-immobilier\/villes\/diekirch-une-ville-qui-se-reinvente\/"]}]},{"@type":"ImageObject","inLanguage":"en-GB","@id":"https:\/\/www.athome.lu\/blog\/marche-immobilier\/villes\/diekirch-une-ville-qui-se-reinvente\/#primaryimage","url":"https:\/\/www.athome.lu\/blog\/wp-content\/uploads\/2018\/01\/Diekirch-1.jpg","contentUrl":"https:\/\/www.athome.lu\/blog\/wp-content\/uploads\/2018\/01\/Diekirch-1.jpg","width":1266,"height":844,"caption":"Ville de Diekirch"},{"@type":"BreadcrumbList","@id":"https:\/\/www.athome.lu\/blog\/marche-immobilier\/villes\/diekirch-une-ville-qui-se-reinvente\/#breadcrumb","itemListElement":[{"@type":"ListItem","position":1,"name":"Accueil","item":"https:\/\/www.athome.lu\/blog\/"},{"@type":"ListItem","position":2,"name":"March\u00e9 immobilier","item":"https:\/\/www.athome.lu\/blog\/category\/marche-immobilier\/"},{"@type":"ListItem","position":3,"name":"Villes","item":"https:\/\/www.athome.lu\/blog\/category\/marche-immobilier\/villes\/"},{"@type":"ListItem","position":4,"name":"Diekirch, une ville qui se r\u00e9invente"}]},{"@type":"WebSite","@id":"https:\/\/www.athome.lu\/blog\/#website","url":"https:\/\/www.athome.lu\/blog\/","name":"atHome Blog","description":"Real estate ads in Luxembourg. The n\u00b01 real estate portal in Luxembourg.","potentialAction":[{"@type":"SearchAction","target":{"@type":"EntryPoint","urlTemplate":"https:\/\/www.athome.lu\/blog\/?s={search_term_string}"},"query-input":{"@type":"PropertyValueSpecification","valueRequired":true,"valueName":"search_term_string"}}],"inLanguage":"en-GB"},{"@type":"Person","@id":"https:\/\/www.athome.lu\/blog\/#\/schema\/person\/47f7a38089f837e792876ceddc4cb2dc","name":"Fanny Pimentel","image":{"@type":"ImageObject","inLanguage":"en-GB","@id":"https:\/\/secure.gravatar.com\/avatar\/c60b27b93851dc9503f9cc9150e73dcb0a86ba6150657e5e4b11d988400bc633?s=96&d=mm&r=g","url":"https:\/\/secure.gravatar.com\/avatar\/c60b27b93851dc9503f9cc9150e73dcb0a86ba6150657e5e4b11d988400bc633?s=96&d=mm&r=g","contentUrl":"https:\/\/secure.gravatar.com\/avatar\/c60b27b93851dc9503f9cc9150e73dcb0a86ba6150657e5e4b11d988400bc633?s=96&d=mm&r=g","caption":"Fanny Pimentel"}}]}},"featured_media_src_url":"https:\/\/www.athome.lu\/blog\/wp-content\/uploads\/2018\/01\/Diekirch-1-1024x683.jpg","_links":{"self":[{"href":"https:\/\/www.athome.lu\/blog\/en\/wp-json\/wp\/v2\/posts\/10768","targetHints":{"allow":["GET"]}}],"collection":[{"href":"https:\/\/www.athome.lu\/blog\/en\/wp-json\/wp\/v2\/posts"}],"about":[{"href":"https:\/\/www.athome.lu\/blog\/en\/wp-json\/wp\/v2\/types\/post"}],"author":[{"embeddable":true,"href":"https:\/\/www.athome.lu\/blog\/en\/wp-json\/wp\/v2\/users\/17"}],"replies":[{"embeddable":true,"href":"https:\/\/www.athome.lu\/blog\/en\/wp-json\/wp\/v2\/comments?post=10768"}],"version-history":[{"count":2,"href":"https:\/\/www.athome.lu\/blog\/en\/wp-json\/wp\/v2\/posts\/10768\/revisions"}],"predecessor-version":[{"id":15189,"href":"https:\/\/www.athome.lu\/blog\/en\/wp-json\/wp\/v2\/posts\/10768\/revisions\/15189"}],"wp:featuredmedia":[{"embeddable":true,"href":"https:\/\/www.athome.lu\/blog\/en\/wp-json\/wp\/v2\/media\/10771"}],"wp:attachment":[{"href":"https:\/\/www.athome.lu\/blog\/en\/wp-json\/wp\/v2\/media?parent=10768"}],"wp:term":[{"taxonomy":"category","embeddable":true,"href":"https:\/\/www.athome.lu\/blog\/en\/wp-json\/wp\/v2\/categories?post=10768"},{"taxonomy":"post_tag","embeddable":true,"href":"https:\/\/www.athome.lu\/blog\/en\/wp-json\/wp\/v2\/tags?post=10768"}],"curies":[{"name":"wp","href":"https:\/\/api.w.org\/{rel}","templated":true}]}}