{"id":11255,"date":"2018-05-23T10:21:15","date_gmt":"2018-05-23T09:21:15","guid":{"rendered":"https:\/\/www.athome.lu\/blog\/?p=11255"},"modified":"2022-05-11T17:14:43","modified_gmt":"2022-05-11T15:14:43","slug":"luxembourg-the-great-fund-of-real-estate","status":"publish","type":"post","link":"https:\/\/www.athome.lu\/blog\/en\/marche-immobilier\/prix\/luxembourg-le-gran-fondo-de-limmobilier\/","title":{"rendered":"Luxembourg: the Gran Fondo de l'immobilier"},"content":{"rendered":"<p><span style=\"color: #000000;\">On 26 May 2018, the 2<sup>\u00e8me<\/sup> edition of the Schleck Gran Fondo in Mondorf-les-Bains! This is the opportunity for atHome.lu, partner of the event, to take a look at the property prices on the race routes, both of which cover the east of the country.<\/span><\/p>\n<p><span style=\"color: #000000;\">85 km is the distance to cycle if you take part in the Medio Fondo. For the more sporty, the Gran Fondo is a 155 km loop that will take you to Beaufort.<\/span><\/p>\n<p><span style=\"color: #000000;\">Let's go!<\/span><\/p>\n<h2><span style=\"color: #000000;\"><strong>The Medio Fondo: Mondorf in Lenningen<\/strong><\/span><\/h2>\n<p><span style=\"color: #000000;\">Mondorf-les-bains, the starting point of the race, has an average price of 459,500 euros for flats and 652,875 euros for a house. On the Medio Fondo route, it is the cheapest city to invest in real estate.<\/span><\/p>\n<p><span style=\"color: #000000;\">In contrast, Lenningen has the highest property prices. It costs 860,875 euros to own a house.<\/span><\/p>\n<p><a href=\"https:\/\/www.athome.lu\/blog\/blog\/wp-content\/uploads\/2018\/05\/medio-fondo.jpg\"><img loading=\"lazy\" decoding=\"async\" class=\"normal wp-image-11256 size-full aligncenter\" src=\"https:\/\/www.athome.lu\/blog\/blog\/wp-content\/uploads\/2018\/05\/medio-fondo.jpg\" alt=\"\" width=\"432\" height=\"614\" srcset=\"https:\/\/www.athome.lu\/blog\/wp-content\/uploads\/2018\/05\/medio-fondo.jpg 432w, https:\/\/www.athome.lu\/blog\/wp-content\/uploads\/2018\/05\/medio-fondo-211x300.jpg 211w, https:\/\/www.athome.lu\/blog\/wp-content\/uploads\/2018\/05\/medio-fondo-8x12.jpg 8w\" sizes=\"auto, (max-width: 432px) 100vw, 432px\" \/><\/a><\/p>\n<h2><span style=\"color: #000000;\"><strong>The Gran Fondo, from Grevenmacher to Junglinster<\/strong><\/span><\/h2>\n<p><span style=\"color: #000000;\">The cycling champions will continue their race further north, where property is becoming more affordable overall.<\/span><\/p>\n<p><span style=\"color: #000000;\">In particular in the municipalities of Beaufort or Grevenmacher. In the latter, a flat is priced at an average of 385,944 euros, while a house is traded at around 569,000 euros. However, as you move closer to the centre of the country, in Junglinster, property prices tend to rise, especially for houses.<\/span><\/p>\n<p><span style=\"color: #000000;\">Details of the prices are available in <a href=\"https:\/\/www.athome.lu\/blog\/blog\/athome-magazine-les-prix-immobiliers-au-luxembourg-avril-2018\/\" target=\"_blank\" rel=\"noopener noreferrer\">atHome Magazine April 2018<\/a>.<\/span><\/p>\n<p><a href=\"https:\/\/www.athome.lu\/blog\/blog\/wp-content\/uploads\/2018\/05\/gran-fondo-carte.jpg\"><img loading=\"lazy\" decoding=\"async\" class=\"normal aligncenter wp-image-11257\" src=\"https:\/\/www.athome.lu\/blog\/blog\/wp-content\/uploads\/2018\/05\/gran-fondo-carte.jpg\" alt=\"\" width=\"700\" height=\"468\" srcset=\"https:\/\/www.athome.lu\/blog\/wp-content\/uploads\/2018\/05\/gran-fondo-carte.jpg 703w, https:\/\/www.athome.lu\/blog\/wp-content\/uploads\/2018\/05\/gran-fondo-carte-300x201.jpg 300w, https:\/\/www.athome.lu\/blog\/wp-content\/uploads\/2018\/05\/gran-fondo-carte-18x12.jpg 18w\" sizes=\"auto, (max-width: 700px) 100vw, 700px\" \/><\/a><\/p>\n<p><span style=\"color: #000000;\">atHome.lu wishes you a good run!<\/span><\/p>\n<p>Source: Price averages calculated on the prices displayed in real estate advertisements between March 2017 and March 2018.<\/p>\n<h2><strong>Schleck Gran Fondo 2018 in pictures<\/strong><\/h2>\n<div id='gallery-1' class='gallery galleryid-11255 gallery-columns-3 gallery-size-thumbnail'><figure class='gallery-item'>\n\t\t\t<div class='gallery-icon landscape'>\n\t\t\t\t<a href='https:\/\/www.athome.lu\/blog\/en\/224e00a748804e2cc586117b121dfac6\/'><img loading=\"lazy\" decoding=\"async\" width=\"150\" height=\"150\" src=\"https:\/\/www.athome.lu\/blog\/wp-content\/uploads\/2018\/05\/224e00a748804e2cc586117b121dfac6-150x150.jpg\" class=\"attachment-thumbnail size-thumbnail\" alt=\"\" \/><\/a>\n\t\t\t<\/div><\/figure><figure class='gallery-item'>\n\t\t\t<div class='gallery-icon landscape'>\n\t\t\t\t<a href='https:\/\/www.athome.lu\/blog\/en\/schleck-2018-4\/'><img loading=\"lazy\" decoding=\"async\" width=\"150\" height=\"150\" src=\"https:\/\/www.athome.lu\/blog\/wp-content\/uploads\/2018\/05\/schleck-2018-4-150x150.jpg\" class=\"attachment-thumbnail size-thumbnail\" alt=\"\" \/><\/a>\n\t\t\t<\/div><\/figure><figure class='gallery-item'>\n\t\t\t<div class='gallery-icon landscape'>\n\t\t\t\t<a href='https:\/\/www.athome.lu\/blog\/en\/schleck2018-1\/'><img loading=\"lazy\" decoding=\"async\" width=\"150\" height=\"150\" src=\"https:\/\/www.athome.lu\/blog\/wp-content\/uploads\/2018\/05\/schleck2018-1-150x150.jpg\" class=\"attachment-thumbnail size-thumbnail\" alt=\"\" \/><\/a>\n\t\t\t<\/div><\/figure><figure class='gallery-item'>\n\t\t\t<div class='gallery-icon landscape'>\n\t\t\t\t<a href='https:\/\/www.athome.lu\/blog\/en\/schleck2018\/'><img loading=\"lazy\" decoding=\"async\" width=\"150\" height=\"150\" src=\"https:\/\/www.athome.lu\/blog\/wp-content\/uploads\/2018\/05\/schleck2018-150x150.jpg\" class=\"attachment-thumbnail size-thumbnail\" alt=\"\" \/><\/a>\n\t\t\t<\/div><\/figure><figure class='gallery-item'>\n\t\t\t<div class='gallery-icon landscape'>\n\t\t\t\t<a href='https:\/\/www.athome.lu\/blog\/en\/schlecke-2018n-2\/'><img loading=\"lazy\" decoding=\"async\" width=\"150\" height=\"150\" src=\"https:\/\/www.athome.lu\/blog\/wp-content\/uploads\/2018\/05\/schlecke-2018n-2-150x150.jpg\" class=\"attachment-thumbnail size-thumbnail\" alt=\"\" \/><\/a>\n\t\t\t<\/div><\/figure><figure class='gallery-item'>\n\t\t\t<div class='gallery-icon landscape'>\n\t\t\t\t<a href='https:\/\/www.athome.lu\/blog\/en\/sportograf-124198199_lowres\/'><img loading=\"lazy\" decoding=\"async\" width=\"150\" height=\"150\" src=\"https:\/\/www.athome.lu\/blog\/wp-content\/uploads\/2018\/05\/sportograf-124198199_lowres-150x150.jpg\" class=\"attachment-thumbnail size-thumbnail\" alt=\"\" \/><\/a>\n\t\t\t<\/div><\/figure>\n\t\t<\/div>\n\n\n<section id=\"section-3-14695\" class=\"ct-section\" ><div class=\"ct-section-inner-wrap\"><div id=\"div_block-4-14695\" class=\"ct-div-block\" ><div id=\"new_columns-7-14695\" class=\"ct-new-columns\" ><div id=\"div_block-8-14695\" class=\"ct-div-block\" ><div id=\"div_block-14-14695\" class=\"ct-div-block\" ><\/div><\/div><div id=\"div_block-9-14695\" class=\"ct-div-block\" ><h1 id=\"headline-11-14695\" class=\"ct-headline\">What are the property prices at the moment?<\/h1><div id=\"text_block-12-14695\" class=\"ct-text-block\" >Prices are slowing down. Interest rates are rising. What are the trends for the coming months?<\/div><a id=\"link_button-13-14695\" class=\"ct-link-button\" href=\"https:\/\/www.athome.lu\/blog\/blog\/marche-immobilier\/prix\/tendances-2022\/\" target=\"_blank\"  >Read the analysis<\/a><\/div><\/div><\/div><\/div><\/section>","protected":false},"excerpt":{"rendered":"<p>Le 26 mai 2018 aura lieu la 2\u00e8me \u00e9dition du Schleck Gran Fondo \u00e0 Mondorf-les-Bains&nbsp;! L\u2019occasion pour atHome.lu, partenaire de l'\u00e9v\u00e9nement, de s\u2019int\u00e9resser aux prix de l\u2019immobilier sur les parcours de la course, deux trac\u00e9s qui couvrent l\u2019Est du pays. 85 km, c\u2019est la distance \u00e0 parcourir \u00e0 v\u00e9lo si vous participez au Medio Fondo. [&hellip;]<\/p>\n","protected":false},"author":17,"featured_media":11265,"comment_status":"closed","ping_status":"open","sticky":false,"template":"","format":"standard","meta":{"_acf_changed":false,"footnotes":""},"categories":[219],"tags":[],"class_list":["post-11255","post","type-post","status-publish","format-standard","has-post-thumbnail","hentry","category-prix"],"acf":[],"yoast_head":"<!-- This site is optimized with the Yoast SEO plugin v27.4 - https:\/\/yoast.com\/product\/yoast-seo-wordpress\/ -->\n<title>Luxembourg: le Gran Fondo de l\u2019immobilier | atHome<\/title>\n<meta name=\"description\" content=\"Le Schleck Gran Fondo est l\u2019occasion pour atHome.lu de s\u2019int\u00e9resser aux prix de l\u2019immobilier sur les parcours de la course cycliste.\" \/>\n<meta name=\"robots\" content=\"index, follow, max-snippet:-1, max-image-preview:large, max-video-preview:-1\" \/>\n<link rel=\"canonical\" href=\"https:\/\/www.athome.lu\/blog\/en\/real-estate-market\/price\/luxembourg-the-great-fund-of-real-estate\/\" \/>\n<meta property=\"og:locale\" content=\"en_GB\" \/>\n<meta property=\"og:type\" content=\"article\" \/>\n<meta property=\"og:title\" content=\"Luxembourg: le Gran Fondo de l\u2019immobilier | atHome\" \/>\n<meta property=\"og:description\" content=\"Le Schleck Gran Fondo est l\u2019occasion pour atHome.lu de s\u2019int\u00e9resser aux prix de l\u2019immobilier sur les parcours de la course cycliste.\" \/>\n<meta property=\"og:url\" content=\"https:\/\/www.athome.lu\/blog\/en\/real-estate-market\/price\/luxembourg-the-great-fund-of-real-estate\/\" \/>\n<meta property=\"og:site_name\" content=\"atHome Blog\" \/>\n<meta property=\"article:publisher\" content=\"https:\/\/www.facebook.com\/atHome.lu\/\" \/>\n<meta property=\"article:published_time\" content=\"2018-05-23T09:21:15+00:00\" \/>\n<meta property=\"article:modified_time\" content=\"2022-05-11T15:14:43+00:00\" \/>\n<meta property=\"og:image\" content=\"https:\/\/www.athome.lu\/blog\/wp-content\/uploads\/2018\/05\/schleck-immo.jpg\" \/>\n\t<meta property=\"og:image:width\" content=\"1151\" \/>\n\t<meta property=\"og:image:height\" content=\"767\" \/>\n\t<meta property=\"og:image:type\" content=\"image\/jpeg\" \/>\n<meta name=\"author\" content=\"Fanny Pimentel\" \/>\n<meta name=\"twitter:card\" content=\"summary_large_image\" \/>\n<meta name=\"twitter:creator\" content=\"@athomelu\" \/>\n<meta name=\"twitter:site\" content=\"@athomelu\" \/>\n<meta name=\"twitter:label1\" content=\"Written by\" \/>\n\t<meta name=\"twitter:data1\" content=\"Fanny Pimentel\" \/>\n\t<meta name=\"twitter:label2\" content=\"Estimated reading time\" \/>\n\t<meta name=\"twitter:data2\" content=\"2 minutes\" \/>\n<script type=\"application\/ld+json\" class=\"yoast-schema-graph\">{\"@context\":\"https:\\\/\\\/schema.org\",\"@graph\":[{\"@type\":\"Article\",\"@id\":\"https:\\\/\\\/www.athome.lu\\\/blog\\\/marche-immobilier\\\/prix\\\/luxembourg-le-gran-fondo-de-limmobilier\\\/#article\",\"isPartOf\":{\"@id\":\"https:\\\/\\\/www.athome.lu\\\/blog\\\/marche-immobilier\\\/prix\\\/luxembourg-le-gran-fondo-de-limmobilier\\\/\"},\"author\":{\"name\":\"Fanny Pimentel\",\"@id\":\"https:\\\/\\\/www.athome.lu\\\/blog\\\/#\\\/schema\\\/person\\\/47f7a38089f837e792876ceddc4cb2dc\"},\"headline\":\"Luxembourg: le Gran Fondo de l\u2019immobilier\",\"datePublished\":\"2018-05-23T09:21:15+00:00\",\"dateModified\":\"2022-05-11T15:14:43+00:00\",\"mainEntityOfPage\":{\"@id\":\"https:\\\/\\\/www.athome.lu\\\/blog\\\/marche-immobilier\\\/prix\\\/luxembourg-le-gran-fondo-de-limmobilier\\\/\"},\"wordCount\":294,\"image\":{\"@id\":\"https:\\\/\\\/www.athome.lu\\\/blog\\\/marche-immobilier\\\/prix\\\/luxembourg-le-gran-fondo-de-limmobilier\\\/#primaryimage\"},\"thumbnailUrl\":\"https:\\\/\\\/www.athome.lu\\\/blog\\\/wp-content\\\/uploads\\\/2018\\\/05\\\/schleck-immo.jpg\",\"articleSection\":[\"Prix\"],\"inLanguage\":\"en-GB\"},{\"@type\":\"WebPage\",\"@id\":\"https:\\\/\\\/www.athome.lu\\\/blog\\\/marche-immobilier\\\/prix\\\/luxembourg-le-gran-fondo-de-limmobilier\\\/\",\"url\":\"https:\\\/\\\/www.athome.lu\\\/blog\\\/marche-immobilier\\\/prix\\\/luxembourg-le-gran-fondo-de-limmobilier\\\/\",\"name\":\"Luxembourg: le Gran Fondo de l\u2019immobilier | atHome\",\"isPartOf\":{\"@id\":\"https:\\\/\\\/www.athome.lu\\\/blog\\\/#website\"},\"primaryImageOfPage\":{\"@id\":\"https:\\\/\\\/www.athome.lu\\\/blog\\\/marche-immobilier\\\/prix\\\/luxembourg-le-gran-fondo-de-limmobilier\\\/#primaryimage\"},\"image\":{\"@id\":\"https:\\\/\\\/www.athome.lu\\\/blog\\\/marche-immobilier\\\/prix\\\/luxembourg-le-gran-fondo-de-limmobilier\\\/#primaryimage\"},\"thumbnailUrl\":\"https:\\\/\\\/www.athome.lu\\\/blog\\\/wp-content\\\/uploads\\\/2018\\\/05\\\/schleck-immo.jpg\",\"datePublished\":\"2018-05-23T09:21:15+00:00\",\"dateModified\":\"2022-05-11T15:14:43+00:00\",\"author\":{\"@id\":\"https:\\\/\\\/www.athome.lu\\\/blog\\\/#\\\/schema\\\/person\\\/47f7a38089f837e792876ceddc4cb2dc\"},\"description\":\"Le Schleck Gran Fondo est l\u2019occasion pour atHome.lu de s\u2019int\u00e9resser aux prix de l\u2019immobilier sur les parcours de la course cycliste.\",\"breadcrumb\":{\"@id\":\"https:\\\/\\\/www.athome.lu\\\/blog\\\/marche-immobilier\\\/prix\\\/luxembourg-le-gran-fondo-de-limmobilier\\\/#breadcrumb\"},\"inLanguage\":\"en-GB\",\"potentialAction\":[{\"@type\":\"ReadAction\",\"target\":[\"https:\\\/\\\/www.athome.lu\\\/blog\\\/marche-immobilier\\\/prix\\\/luxembourg-le-gran-fondo-de-limmobilier\\\/\"]}]},{\"@type\":\"ImageObject\",\"inLanguage\":\"en-GB\",\"@id\":\"https:\\\/\\\/www.athome.lu\\\/blog\\\/marche-immobilier\\\/prix\\\/luxembourg-le-gran-fondo-de-limmobilier\\\/#primaryimage\",\"url\":\"https:\\\/\\\/www.athome.lu\\\/blog\\\/wp-content\\\/uploads\\\/2018\\\/05\\\/schleck-immo.jpg\",\"contentUrl\":\"https:\\\/\\\/www.athome.lu\\\/blog\\\/wp-content\\\/uploads\\\/2018\\\/05\\\/schleck-immo.jpg\",\"width\":1151,\"height\":767},{\"@type\":\"BreadcrumbList\",\"@id\":\"https:\\\/\\\/www.athome.lu\\\/blog\\\/marche-immobilier\\\/prix\\\/luxembourg-le-gran-fondo-de-limmobilier\\\/#breadcrumb\",\"itemListElement\":[{\"@type\":\"ListItem\",\"position\":1,\"name\":\"Accueil\",\"item\":\"https:\\\/\\\/www.athome.lu\\\/blog\\\/\"},{\"@type\":\"ListItem\",\"position\":2,\"name\":\"March\u00e9 immobilier\",\"item\":\"https:\\\/\\\/www.athome.lu\\\/blog\\\/category\\\/marche-immobilier\\\/\"},{\"@type\":\"ListItem\",\"position\":3,\"name\":\"Prix\",\"item\":\"https:\\\/\\\/www.athome.lu\\\/blog\\\/category\\\/marche-immobilier\\\/prix\\\/\"},{\"@type\":\"ListItem\",\"position\":4,\"name\":\"Luxembourg: le Gran Fondo de l\u2019immobilier\"}]},{\"@type\":\"WebSite\",\"@id\":\"https:\\\/\\\/www.athome.lu\\\/blog\\\/#website\",\"url\":\"https:\\\/\\\/www.athome.lu\\\/blog\\\/\",\"name\":\"atHome Blog\",\"description\":\"Annonces immobili\u00e8res au Luxembourg. Le portail immobilier n\u00b01 au Luxembourg.\",\"potentialAction\":[{\"@type\":\"SearchAction\",\"target\":{\"@type\":\"EntryPoint\",\"urlTemplate\":\"https:\\\/\\\/www.athome.lu\\\/blog\\\/?s={search_term_string}\"},\"query-input\":{\"@type\":\"PropertyValueSpecification\",\"valueRequired\":true,\"valueName\":\"search_term_string\"}}],\"inLanguage\":\"en-GB\"},{\"@type\":\"Person\",\"@id\":\"https:\\\/\\\/www.athome.lu\\\/blog\\\/#\\\/schema\\\/person\\\/47f7a38089f837e792876ceddc4cb2dc\",\"name\":\"Fanny Pimentel\",\"image\":{\"@type\":\"ImageObject\",\"inLanguage\":\"en-GB\",\"@id\":\"https:\\\/\\\/secure.gravatar.com\\\/avatar\\\/c60b27b93851dc9503f9cc9150e73dcb0a86ba6150657e5e4b11d988400bc633?s=96&d=mm&r=g\",\"url\":\"https:\\\/\\\/secure.gravatar.com\\\/avatar\\\/c60b27b93851dc9503f9cc9150e73dcb0a86ba6150657e5e4b11d988400bc633?s=96&d=mm&r=g\",\"contentUrl\":\"https:\\\/\\\/secure.gravatar.com\\\/avatar\\\/c60b27b93851dc9503f9cc9150e73dcb0a86ba6150657e5e4b11d988400bc633?s=96&d=mm&r=g\",\"caption\":\"Fanny Pimentel\"}}]}<\/script>\n<!-- \/ Yoast SEO plugin. -->","yoast_head_json":{"title":"Luxembourg: the Gran Fondo de l'immobilier | atHome","description":"The Schleck Gran Fondo is an opportunity for atHome.lu to take a look at the property prices on the cycling race course.","robots":{"index":"index","follow":"follow","max-snippet":"max-snippet:-1","max-image-preview":"max-image-preview:large","max-video-preview":"max-video-preview:-1"},"canonical":"https:\/\/www.athome.lu\/blog\/en\/real-estate-market\/price\/luxembourg-the-great-fund-of-real-estate\/","og_locale":"en_GB","og_type":"article","og_title":"Luxembourg: le Gran Fondo de l\u2019immobilier | atHome","og_description":"Le Schleck Gran Fondo est l\u2019occasion pour atHome.lu de s\u2019int\u00e9resser aux prix de l\u2019immobilier sur les parcours de la course cycliste.","og_url":"https:\/\/www.athome.lu\/blog\/en\/real-estate-market\/price\/luxembourg-the-great-fund-of-real-estate\/","og_site_name":"atHome Blog","article_publisher":"https:\/\/www.facebook.com\/atHome.lu\/","article_published_time":"2018-05-23T09:21:15+00:00","article_modified_time":"2022-05-11T15:14:43+00:00","og_image":[{"width":1151,"height":767,"url":"https:\/\/www.athome.lu\/blog\/wp-content\/uploads\/2018\/05\/schleck-immo.jpg","type":"image\/jpeg"}],"author":"Fanny Pimentel","twitter_card":"summary_large_image","twitter_creator":"@athomelu","twitter_site":"@athomelu","twitter_misc":{"Written by":"Fanny Pimentel","Estimated reading time":"2 minutes"},"schema":{"@context":"https:\/\/schema.org","@graph":[{"@type":"Article","@id":"https:\/\/www.athome.lu\/blog\/marche-immobilier\/prix\/luxembourg-le-gran-fondo-de-limmobilier\/#article","isPartOf":{"@id":"https:\/\/www.athome.lu\/blog\/marche-immobilier\/prix\/luxembourg-le-gran-fondo-de-limmobilier\/"},"author":{"name":"Fanny Pimentel","@id":"https:\/\/www.athome.lu\/blog\/#\/schema\/person\/47f7a38089f837e792876ceddc4cb2dc"},"headline":"Luxembourg: le Gran Fondo de l\u2019immobilier","datePublished":"2018-05-23T09:21:15+00:00","dateModified":"2022-05-11T15:14:43+00:00","mainEntityOfPage":{"@id":"https:\/\/www.athome.lu\/blog\/marche-immobilier\/prix\/luxembourg-le-gran-fondo-de-limmobilier\/"},"wordCount":294,"image":{"@id":"https:\/\/www.athome.lu\/blog\/marche-immobilier\/prix\/luxembourg-le-gran-fondo-de-limmobilier\/#primaryimage"},"thumbnailUrl":"https:\/\/www.athome.lu\/blog\/wp-content\/uploads\/2018\/05\/schleck-immo.jpg","articleSection":["Prix"],"inLanguage":"en-GB"},{"@type":"WebPage","@id":"https:\/\/www.athome.lu\/blog\/marche-immobilier\/prix\/luxembourg-le-gran-fondo-de-limmobilier\/","url":"https:\/\/www.athome.lu\/blog\/marche-immobilier\/prix\/luxembourg-le-gran-fondo-de-limmobilier\/","name":"Luxembourg: the Gran Fondo de l'immobilier | atHome","isPartOf":{"@id":"https:\/\/www.athome.lu\/blog\/#website"},"primaryImageOfPage":{"@id":"https:\/\/www.athome.lu\/blog\/marche-immobilier\/prix\/luxembourg-le-gran-fondo-de-limmobilier\/#primaryimage"},"image":{"@id":"https:\/\/www.athome.lu\/blog\/marche-immobilier\/prix\/luxembourg-le-gran-fondo-de-limmobilier\/#primaryimage"},"thumbnailUrl":"https:\/\/www.athome.lu\/blog\/wp-content\/uploads\/2018\/05\/schleck-immo.jpg","datePublished":"2018-05-23T09:21:15+00:00","dateModified":"2022-05-11T15:14:43+00:00","author":{"@id":"https:\/\/www.athome.lu\/blog\/#\/schema\/person\/47f7a38089f837e792876ceddc4cb2dc"},"description":"The Schleck Gran Fondo is an opportunity for atHome.lu to take a look at the property prices on the cycling race course.","breadcrumb":{"@id":"https:\/\/www.athome.lu\/blog\/marche-immobilier\/prix\/luxembourg-le-gran-fondo-de-limmobilier\/#breadcrumb"},"inLanguage":"en-GB","potentialAction":[{"@type":"ReadAction","target":["https:\/\/www.athome.lu\/blog\/marche-immobilier\/prix\/luxembourg-le-gran-fondo-de-limmobilier\/"]}]},{"@type":"ImageObject","inLanguage":"en-GB","@id":"https:\/\/www.athome.lu\/blog\/marche-immobilier\/prix\/luxembourg-le-gran-fondo-de-limmobilier\/#primaryimage","url":"https:\/\/www.athome.lu\/blog\/wp-content\/uploads\/2018\/05\/schleck-immo.jpg","contentUrl":"https:\/\/www.athome.lu\/blog\/wp-content\/uploads\/2018\/05\/schleck-immo.jpg","width":1151,"height":767},{"@type":"BreadcrumbList","@id":"https:\/\/www.athome.lu\/blog\/marche-immobilier\/prix\/luxembourg-le-gran-fondo-de-limmobilier\/#breadcrumb","itemListElement":[{"@type":"ListItem","position":1,"name":"Accueil","item":"https:\/\/www.athome.lu\/blog\/"},{"@type":"ListItem","position":2,"name":"March\u00e9 immobilier","item":"https:\/\/www.athome.lu\/blog\/category\/marche-immobilier\/"},{"@type":"ListItem","position":3,"name":"Prix","item":"https:\/\/www.athome.lu\/blog\/category\/marche-immobilier\/prix\/"},{"@type":"ListItem","position":4,"name":"Luxembourg: le Gran Fondo de l\u2019immobilier"}]},{"@type":"WebSite","@id":"https:\/\/www.athome.lu\/blog\/#website","url":"https:\/\/www.athome.lu\/blog\/","name":"atHome Blog","description":"Real estate ads in Luxembourg. The n\u00b01 real estate portal in Luxembourg.","potentialAction":[{"@type":"SearchAction","target":{"@type":"EntryPoint","urlTemplate":"https:\/\/www.athome.lu\/blog\/?s={search_term_string}"},"query-input":{"@type":"PropertyValueSpecification","valueRequired":true,"valueName":"search_term_string"}}],"inLanguage":"en-GB"},{"@type":"Person","@id":"https:\/\/www.athome.lu\/blog\/#\/schema\/person\/47f7a38089f837e792876ceddc4cb2dc","name":"Fanny Pimentel","image":{"@type":"ImageObject","inLanguage":"en-GB","@id":"https:\/\/secure.gravatar.com\/avatar\/c60b27b93851dc9503f9cc9150e73dcb0a86ba6150657e5e4b11d988400bc633?s=96&d=mm&r=g","url":"https:\/\/secure.gravatar.com\/avatar\/c60b27b93851dc9503f9cc9150e73dcb0a86ba6150657e5e4b11d988400bc633?s=96&d=mm&r=g","contentUrl":"https:\/\/secure.gravatar.com\/avatar\/c60b27b93851dc9503f9cc9150e73dcb0a86ba6150657e5e4b11d988400bc633?s=96&d=mm&r=g","caption":"Fanny Pimentel"}}]}},"featured_media_src_url":"https:\/\/www.athome.lu\/blog\/wp-content\/uploads\/2018\/05\/schleck-immo-1024x682.jpg","_links":{"self":[{"href":"https:\/\/www.athome.lu\/blog\/en\/wp-json\/wp\/v2\/posts\/11255","targetHints":{"allow":["GET"]}}],"collection":[{"href":"https:\/\/www.athome.lu\/blog\/en\/wp-json\/wp\/v2\/posts"}],"about":[{"href":"https:\/\/www.athome.lu\/blog\/en\/wp-json\/wp\/v2\/types\/post"}],"author":[{"embeddable":true,"href":"https:\/\/www.athome.lu\/blog\/en\/wp-json\/wp\/v2\/users\/17"}],"replies":[{"embeddable":true,"href":"https:\/\/www.athome.lu\/blog\/en\/wp-json\/wp\/v2\/comments?post=11255"}],"version-history":[{"count":2,"href":"https:\/\/www.athome.lu\/blog\/en\/wp-json\/wp\/v2\/posts\/11255\/revisions"}],"predecessor-version":[{"id":15135,"href":"https:\/\/www.athome.lu\/blog\/en\/wp-json\/wp\/v2\/posts\/11255\/revisions\/15135"}],"wp:featuredmedia":[{"embeddable":true,"href":"https:\/\/www.athome.lu\/blog\/en\/wp-json\/wp\/v2\/media\/11265"}],"wp:attachment":[{"href":"https:\/\/www.athome.lu\/blog\/en\/wp-json\/wp\/v2\/media?parent=11255"}],"wp:term":[{"taxonomy":"category","embeddable":true,"href":"https:\/\/www.athome.lu\/blog\/en\/wp-json\/wp\/v2\/categories?post=11255"},{"taxonomy":"post_tag","embeddable":true,"href":"https:\/\/www.athome.lu\/blog\/en\/wp-json\/wp\/v2\/tags?post=11255"}],"curies":[{"name":"wp","href":"https:\/\/api.w.org\/{rel}","templated":true}]}}