{"id":11335,"date":"2018-06-11T08:07:27","date_gmt":"2018-06-11T07:07:27","guid":{"rendered":"https:\/\/www.athome.lu\/blog\/?p=11335"},"modified":"2022-05-11T17:12:19","modified_gmt":"2022-05-11T15:12:19","slug":"esch-sur-alzette-a-lheure-des-defis","status":"publish","type":"post","link":"https:\/\/www.athome.lu\/blog\/en\/marche-immobilier\/villes\/esch-sur-alzette-a-lheure-des-defis\/","title":{"rendered":"Esch-sur-Alzette at a time of challenges"},"content":{"rendered":"<p><span style=\"color: #000000;\">With little space to continue to develop, Esch-sur-Alzette, the second most populous city in the Grand Duchy after Luxembourg, must make intelligent choices. It is also carrying out various projects to relieve congestion in the city centre, which is invaded daily by border workers.<\/span><\/p>\n\n\n\n<p><span style=\"color: #000000;\">With its 35,000 inhabitants, the municipality of Esch-sur-Alzette, which includes this town alone, is the second most populous municipality in Luxembourg. Cosmopolitan, the town has 57 % of foreign inhabitants and is crossed daily by a number of French border workers. Esch-sur-Alzette is also marked by a long industrial history. <em>\"The steel industry has supported a large part of the population for decades<\/em>explains the city's new mayor, Georges Mischo. <em>When the activity stopped, we found ourselves on the mat. There wasn't really any activity that could take over. We didn't have the banks, like in Luxembourg City.<\/em><\/span><\/p>\n\n\n\n<p><span style=\"color: #000000;\">The municipality of Esch has therefore gradually recovered, in particular by transforming the former Belval steelworks site into a centre for training, commercial and cultural activities. <em>\"The arrival of the university and the city's designation as European Capital of Culture in 2022 will allow us to build on this momentum<\/em>says Georges Mischo. <em>We must now take on the development of the Schifflange and Lentille Terre Rouge wastelands, which are the only two open spaces we still have...\".<\/em><\/span><\/p>\n\n\n\n<div class=\"wp-block-image\"><figure class=\"aligncenter\"><a href=\"https:\/\/www.athome.lu\/blog\/blog\/wp-content\/uploads\/2018\/06\/esch2018-2.jpg\"><img loading=\"lazy\" decoding=\"async\" width=\"1024\" height=\"683\" src=\"https:\/\/www.athome.lu\/blog\/blog\/wp-content\/uploads\/2018\/06\/esch2018-2-1024x683.jpg\" alt=\"Esch Belval district\" class=\"wp-image-11337\" srcset=\"https:\/\/www.athome.lu\/blog\/wp-content\/uploads\/2018\/06\/esch2018-2-1024x683.jpg 1024w, https:\/\/www.athome.lu\/blog\/wp-content\/uploads\/2018\/06\/esch2018-2-300x200.jpg 300w, https:\/\/www.athome.lu\/blog\/wp-content\/uploads\/2018\/06\/esch2018-2-768x512.jpg 768w, https:\/\/www.athome.lu\/blog\/wp-content\/uploads\/2018\/06\/esch2018-2-18x12.jpg 18w, https:\/\/www.athome.lu\/blog\/wp-content\/uploads\/2018\/06\/esch2018-2.jpg 1200w\" sizes=\"auto, (max-width: 1024px) 100vw, 1024px\" \/><\/a><\/figure><\/div>\n\n\n\n<h2 class=\"wp-block-heading\"><span style=\"color: #000000;\"><strong>A real space problem<\/strong><\/span><\/h2>\n\n\n\n<p><span style=\"color: #000000;\">Despite its assets, the municipality of Esch-sur-Alzette has a real problem with space. <em>\"In contrast to municipalities such as Wincrange or Sanem, we have little space<\/em>says Georges Mischo. <em>So we need to think seriously about the use of these sites. At the same time, we must allow the population to participate in this reflection, which has not been done in Belval.<\/em><\/span><\/p>\n\n\n\n<p><span style=\"color: #000000;\">Among the projects that are expected to be built on the two remaining brownfield sites are new schools. <em>\"There is a great need for new school facilities in the municipality<\/em>says the mayor. <em>In addition to the schools built on these sites, we will also build two new schools in the city, renovate the Brouch school and extend the Grand-Rue school. In these new buildings, we will systematically install halfway houses.<\/em><\/span><\/p>\n\n\n\n<h2 class=\"wp-block-heading\"><span style=\"color: #000000;\"><strong>A mix of housing and businesses <\/strong><\/span><\/h2>\n\n\n\n<p><span style=\"color: #000000;\">As everywhere in Luxembourg, the problem of housing and access to it for all is a major concern for the municipality of Esch-sur-Alzette. The limited space available forces local officials to be imaginative. <em>\"On the Schifflange and Lentille Terre Rouge wastelands, we will try to combine housing and business projects<\/em>says the mayor. <em>We already have some companies interested in such a concept.<\/em><\/span><\/p>\n\n\n\n<p><span style=\"color: #000000;\">As Georges Mischo explains, the municipality's other preferred approach is the adoption of communal bylaws to bring new families to the municipality. <em>\"On 9 February we changed the building regulations. From now on, it will no longer be possible to build several flats in single-family houses in the municipality. In addition to the attractiveness for families, this decision is intended to prevent the illegal renting of unhealthy furnished rooms. Unfortunately, this practice is still going on in Esch and it is the most vulnerable people who fall victim to it.<\/em><\/span><\/p>\n\n\n\n<div class=\"wp-block-image\"><figure class=\"aligncenter\"><a href=\"https:\/\/www.athome.lu\/blog\/blog\/wp-content\/uploads\/2018\/06\/esch2018-3.jpg\"><img loading=\"lazy\" decoding=\"async\" width=\"1024\" height=\"683\" src=\"https:\/\/www.athome.lu\/blog\/blog\/wp-content\/uploads\/2018\/06\/esch2018-3-1024x683.jpg\" alt=\"Houses in Escch -sur-Aluzette\" class=\"wp-image-11338\" srcset=\"https:\/\/www.athome.lu\/blog\/wp-content\/uploads\/2018\/06\/esch2018-3-1024x683.jpg 1024w, https:\/\/www.athome.lu\/blog\/wp-content\/uploads\/2018\/06\/esch2018-3-300x200.jpg 300w, https:\/\/www.athome.lu\/blog\/wp-content\/uploads\/2018\/06\/esch2018-3-768x512.jpg 768w, https:\/\/www.athome.lu\/blog\/wp-content\/uploads\/2018\/06\/esch2018-3-18x12.jpg 18w, https:\/\/www.athome.lu\/blog\/wp-content\/uploads\/2018\/06\/esch2018-3.jpg 1200w\" sizes=\"auto, (max-width: 1024px) 100vw, 1024px\" \/><\/a><\/figure><\/div>\n\n\n<section id=\"section-3-14695\" class=\"ct-section\" ><div class=\"ct-section-inner-wrap\"><div id=\"div_block-4-14695\" class=\"ct-div-block\" ><div id=\"new_columns-7-14695\" class=\"ct-new-columns\" ><div id=\"div_block-8-14695\" class=\"ct-div-block\" ><div id=\"div_block-14-14695\" class=\"ct-div-block\" ><\/div><\/div><div id=\"div_block-9-14695\" class=\"ct-div-block\" ><h1 id=\"headline-11-14695\" class=\"ct-headline\">What are the property prices at the moment?<\/h1><div id=\"text_block-12-14695\" class=\"ct-text-block\" >Prices are slowing down. Interest rates are rising. What are the trends for the coming months?<\/div><a id=\"link_button-13-14695\" class=\"ct-link-button\" href=\"https:\/\/www.athome.lu\/blog\/blog\/marche-immobilier\/prix\/tendances-2022\/\" target=\"_blank\"  >Read the analysis<\/a><\/div><\/div><\/div><\/div><\/section>\n\n\n<h2 class=\"wp-block-heading\"><span style=\"color: #000000;\"><strong>Improving mobility<\/strong><\/span><\/h2>\n\n\n\n<p><span style=\"color: #000000;\">The other difficulty encountered by the people of Esch relates to mobility. <em>\"The state is extending the A4 motorway to allow border workers to go directly to France without passing through the centre of Esch, which is jammed every day<\/em>explains Georges Mischo. <em>Furthermore, our mobility plan places a lot of importance on public transport: the Kussbus shuttle, which allows you to get to work, the City Bus or the upcoming arrival of high service level buses that have their own lane... I think we need to work on this, because carpooling seems to me to be an illusion.<\/em><\/span><\/p>\n\n\n\n<p><span style=\"color: #000000;\">The municipality of Esch-sur-Alzette is also in discussion with the CFL to build a small additional station in the town centre, which would allow some of the motorists to be drawn away. In addition, the culture-sport bus project is still being promoted with great passion by Georges Mischo. <em>\"The idea was in our electoral programme<\/em>he explains. <em>It consists of taking our children out of the halfway houses to their sports or cultural activities. The idea is on the way and should be completed soon.<\/em><\/span><\/p>\n\n\n\n<h2 class=\"wp-block-heading\"><span style=\"color: #000000;\"><strong>The Gaalgebierg, the city's green lung<\/strong><\/span><\/h2>\n\n\n\n<p><span style=\"color: #000000;\">With such a lack of space, where can the inhabitants go for a walk and get some fresh air? Fortunately, Esch-sur-Alzette has retained an attractive green lung: the Gaalgebierg, a hill overlooking the town and covered by a vast forest. There are parks, a football pitch, a campsite, a wildlife park, a natural ice rink in winter, etc. <em>\"We invest a lot in this space<\/em>says Georges Mischo. <em>It is important to keep a natural area like this within walking distance of the city. In addition, we have negotiated an exchange with the<\/em><em>This state allowed us to recover a part of the forest on the other side of Esch. <\/em><em>At this location, we are able to build a new park with playgrounds, all of a size comparable to that of the Gaalgebierg.\"<\/em><\/span><\/p>\n\n\n\n<p><span style=\"color: #000000;\">As you can see, there is no shortage of challenges in Esch-sur-Alzette. That said, it is also one of the best equipped cities in Luxembourg in terms of services of all kinds. In addition, its intense cultural life ensures that all its inhabitants are permanently protected from boredom...<\/span><\/p>","protected":false},"excerpt":{"rendered":"<p>Disposant de peu d\u2019espace pour continuer \u00e0 se d\u00e9velopper, Esch-sur-Alzette, deuxi\u00e8me ville la plus peupl\u00e9e du Grand-Duch\u00e9 apr\u00e8s Luxembourg, doit faire des choix intelligents. Elle m\u00e8ne en outre diff\u00e9rents projets pour d\u00e9sengorger un centre-ville envahi quotidiennement par les frontaliers. Avec ses 35.000 habitants, la commune d\u2019Esch-sur-Alzette, qui comprend cette seule localit\u00e9, est la deuxi\u00e8me municipalit\u00e9 [&hellip;]<\/p>\n","protected":false},"author":17,"featured_media":11336,"comment_status":"closed","ping_status":"open","sticky":false,"template":"","format":"standard","meta":{"_acf_changed":false,"footnotes":""},"categories":[218],"tags":[],"class_list":["post-11335","post","type-post","status-publish","format-standard","has-post-thumbnail","hentry","category-villes"],"acf":[],"yoast_head":"<!-- This site is optimized with the Yoast SEO plugin v27.4 - https:\/\/yoast.com\/product\/yoast-seo-wordpress\/ -->\n<title>Zoom sur Esch-sur-Alzette: la commune \u00e0 l\u2019heure des d\u00e9fis | atHome<\/title>\n<meta name=\"description\" content=\"Disposant de peu d\u2019espace pour continuer \u00e0 se d\u00e9velopper, Esch-sur-Alzette, deuxi\u00e8me ville du Grand-Duch\u00e9, doit faire des choix intelligents.\" \/>\n<meta name=\"robots\" content=\"index, follow, max-snippet:-1, max-image-preview:large, max-video-preview:-1\" \/>\n<link rel=\"canonical\" href=\"https:\/\/www.athome.lu\/blog\/en\/real-estate-market\/towns\/esch-sur-alzette-a-lheure-des-defis\/\" \/>\n<meta property=\"og:locale\" content=\"en_GB\" \/>\n<meta property=\"og:type\" content=\"article\" \/>\n<meta property=\"og:title\" content=\"Zoom sur Esch-sur-Alzette: la commune \u00e0 l\u2019heure des d\u00e9fis | atHome\" \/>\n<meta property=\"og:description\" content=\"Disposant de peu d\u2019espace pour continuer \u00e0 se d\u00e9velopper, Esch-sur-Alzette, deuxi\u00e8me ville du Grand-Duch\u00e9, doit faire des choix intelligents.\" \/>\n<meta property=\"og:url\" content=\"https:\/\/www.athome.lu\/blog\/en\/real-estate-market\/towns\/esch-sur-alzette-a-lheure-des-defis\/\" \/>\n<meta property=\"og:site_name\" content=\"atHome Blog\" \/>\n<meta property=\"article:publisher\" content=\"https:\/\/www.facebook.com\/atHome.lu\/\" \/>\n<meta property=\"article:published_time\" content=\"2018-06-11T07:07:27+00:00\" \/>\n<meta property=\"article:modified_time\" content=\"2022-05-11T15:12:19+00:00\" \/>\n<meta property=\"og:image\" content=\"https:\/\/www.athome.lu\/blog\/wp-content\/uploads\/2018\/06\/esch2018.jpg\" \/>\n\t<meta property=\"og:image:width\" content=\"1200\" \/>\n\t<meta property=\"og:image:height\" content=\"800\" \/>\n\t<meta property=\"og:image:type\" content=\"image\/jpeg\" \/>\n<meta name=\"author\" content=\"Fanny Pimentel\" \/>\n<meta name=\"twitter:card\" content=\"summary_large_image\" \/>\n<meta name=\"twitter:creator\" content=\"@athomelu\" \/>\n<meta name=\"twitter:site\" content=\"@athomelu\" \/>\n<meta name=\"twitter:label1\" content=\"Written by\" \/>\n\t<meta name=\"twitter:data1\" content=\"Fanny Pimentel\" \/>\n\t<meta name=\"twitter:label2\" content=\"Estimated reading time\" \/>\n\t<meta name=\"twitter:data2\" content=\"5 minutes\" \/>\n<script type=\"application\/ld+json\" class=\"yoast-schema-graph\">{\"@context\":\"https:\\\/\\\/schema.org\",\"@graph\":[{\"@type\":\"Article\",\"@id\":\"https:\\\/\\\/www.athome.lu\\\/blog\\\/marche-immobilier\\\/villes\\\/esch-sur-alzette-a-lheure-des-defis\\\/#article\",\"isPartOf\":{\"@id\":\"https:\\\/\\\/www.athome.lu\\\/blog\\\/marche-immobilier\\\/villes\\\/esch-sur-alzette-a-lheure-des-defis\\\/\"},\"author\":{\"name\":\"Fanny Pimentel\",\"@id\":\"https:\\\/\\\/www.athome.lu\\\/blog\\\/#\\\/schema\\\/person\\\/47f7a38089f837e792876ceddc4cb2dc\"},\"headline\":\"Esch-sur-Alzette \u00e0 l\u2019heure des d\u00e9fis\",\"datePublished\":\"2018-06-11T07:07:27+00:00\",\"dateModified\":\"2022-05-11T15:12:19+00:00\",\"mainEntityOfPage\":{\"@id\":\"https:\\\/\\\/www.athome.lu\\\/blog\\\/marche-immobilier\\\/villes\\\/esch-sur-alzette-a-lheure-des-defis\\\/\"},\"wordCount\":1023,\"image\":{\"@id\":\"https:\\\/\\\/www.athome.lu\\\/blog\\\/marche-immobilier\\\/villes\\\/esch-sur-alzette-a-lheure-des-defis\\\/#primaryimage\"},\"thumbnailUrl\":\"https:\\\/\\\/www.athome.lu\\\/blog\\\/wp-content\\\/uploads\\\/2018\\\/06\\\/esch2018.jpg\",\"articleSection\":[\"Villes\"],\"inLanguage\":\"en-GB\"},{\"@type\":\"WebPage\",\"@id\":\"https:\\\/\\\/www.athome.lu\\\/blog\\\/marche-immobilier\\\/villes\\\/esch-sur-alzette-a-lheure-des-defis\\\/\",\"url\":\"https:\\\/\\\/www.athome.lu\\\/blog\\\/marche-immobilier\\\/villes\\\/esch-sur-alzette-a-lheure-des-defis\\\/\",\"name\":\"Zoom sur Esch-sur-Alzette: la commune \u00e0 l\u2019heure des d\u00e9fis | atHome\",\"isPartOf\":{\"@id\":\"https:\\\/\\\/www.athome.lu\\\/blog\\\/#website\"},\"primaryImageOfPage\":{\"@id\":\"https:\\\/\\\/www.athome.lu\\\/blog\\\/marche-immobilier\\\/villes\\\/esch-sur-alzette-a-lheure-des-defis\\\/#primaryimage\"},\"image\":{\"@id\":\"https:\\\/\\\/www.athome.lu\\\/blog\\\/marche-immobilier\\\/villes\\\/esch-sur-alzette-a-lheure-des-defis\\\/#primaryimage\"},\"thumbnailUrl\":\"https:\\\/\\\/www.athome.lu\\\/blog\\\/wp-content\\\/uploads\\\/2018\\\/06\\\/esch2018.jpg\",\"datePublished\":\"2018-06-11T07:07:27+00:00\",\"dateModified\":\"2022-05-11T15:12:19+00:00\",\"author\":{\"@id\":\"https:\\\/\\\/www.athome.lu\\\/blog\\\/#\\\/schema\\\/person\\\/47f7a38089f837e792876ceddc4cb2dc\"},\"description\":\"Disposant de peu d\u2019espace pour continuer \u00e0 se d\u00e9velopper, Esch-sur-Alzette, deuxi\u00e8me ville du Grand-Duch\u00e9, doit faire des choix intelligents.\",\"breadcrumb\":{\"@id\":\"https:\\\/\\\/www.athome.lu\\\/blog\\\/marche-immobilier\\\/villes\\\/esch-sur-alzette-a-lheure-des-defis\\\/#breadcrumb\"},\"inLanguage\":\"en-GB\",\"potentialAction\":[{\"@type\":\"ReadAction\",\"target\":[\"https:\\\/\\\/www.athome.lu\\\/blog\\\/marche-immobilier\\\/villes\\\/esch-sur-alzette-a-lheure-des-defis\\\/\"]}]},{\"@type\":\"ImageObject\",\"inLanguage\":\"en-GB\",\"@id\":\"https:\\\/\\\/www.athome.lu\\\/blog\\\/marche-immobilier\\\/villes\\\/esch-sur-alzette-a-lheure-des-defis\\\/#primaryimage\",\"url\":\"https:\\\/\\\/www.athome.lu\\\/blog\\\/wp-content\\\/uploads\\\/2018\\\/06\\\/esch2018.jpg\",\"contentUrl\":\"https:\\\/\\\/www.athome.lu\\\/blog\\\/wp-content\\\/uploads\\\/2018\\\/06\\\/esch2018.jpg\",\"width\":1200,\"height\":800,\"caption\":\"Vivre \u00e0 Esch-sur-Alzette\"},{\"@type\":\"BreadcrumbList\",\"@id\":\"https:\\\/\\\/www.athome.lu\\\/blog\\\/marche-immobilier\\\/villes\\\/esch-sur-alzette-a-lheure-des-defis\\\/#breadcrumb\",\"itemListElement\":[{\"@type\":\"ListItem\",\"position\":1,\"name\":\"Accueil\",\"item\":\"https:\\\/\\\/www.athome.lu\\\/blog\\\/\"},{\"@type\":\"ListItem\",\"position\":2,\"name\":\"March\u00e9 immobilier\",\"item\":\"https:\\\/\\\/www.athome.lu\\\/blog\\\/category\\\/marche-immobilier\\\/\"},{\"@type\":\"ListItem\",\"position\":3,\"name\":\"Villes\",\"item\":\"https:\\\/\\\/www.athome.lu\\\/blog\\\/category\\\/marche-immobilier\\\/villes\\\/\"},{\"@type\":\"ListItem\",\"position\":4,\"name\":\"Esch-sur-Alzette \u00e0 l\u2019heure des d\u00e9fis\"}]},{\"@type\":\"WebSite\",\"@id\":\"https:\\\/\\\/www.athome.lu\\\/blog\\\/#website\",\"url\":\"https:\\\/\\\/www.athome.lu\\\/blog\\\/\",\"name\":\"atHome Blog\",\"description\":\"Annonces immobili\u00e8res au Luxembourg. Le portail immobilier n\u00b01 au Luxembourg.\",\"potentialAction\":[{\"@type\":\"SearchAction\",\"target\":{\"@type\":\"EntryPoint\",\"urlTemplate\":\"https:\\\/\\\/www.athome.lu\\\/blog\\\/?s={search_term_string}\"},\"query-input\":{\"@type\":\"PropertyValueSpecification\",\"valueRequired\":true,\"valueName\":\"search_term_string\"}}],\"inLanguage\":\"en-GB\"},{\"@type\":\"Person\",\"@id\":\"https:\\\/\\\/www.athome.lu\\\/blog\\\/#\\\/schema\\\/person\\\/47f7a38089f837e792876ceddc4cb2dc\",\"name\":\"Fanny Pimentel\",\"image\":{\"@type\":\"ImageObject\",\"inLanguage\":\"en-GB\",\"@id\":\"https:\\\/\\\/secure.gravatar.com\\\/avatar\\\/c60b27b93851dc9503f9cc9150e73dcb0a86ba6150657e5e4b11d988400bc633?s=96&d=mm&r=g\",\"url\":\"https:\\\/\\\/secure.gravatar.com\\\/avatar\\\/c60b27b93851dc9503f9cc9150e73dcb0a86ba6150657e5e4b11d988400bc633?s=96&d=mm&r=g\",\"contentUrl\":\"https:\\\/\\\/secure.gravatar.com\\\/avatar\\\/c60b27b93851dc9503f9cc9150e73dcb0a86ba6150657e5e4b11d988400bc633?s=96&d=mm&r=g\",\"caption\":\"Fanny Pimentel\"}}]}<\/script>\n<!-- \/ Yoast SEO plugin. -->","yoast_head_json":{"title":"Focus on Esch-sur-Alzette: the community at the time of the challenges | atHome","description":"With little space to develop further, Esch-sur-Alzette, the second largest city in the Grand Duchy, must make intelligent choices.","robots":{"index":"index","follow":"follow","max-snippet":"max-snippet:-1","max-image-preview":"max-image-preview:large","max-video-preview":"max-video-preview:-1"},"canonical":"https:\/\/www.athome.lu\/blog\/en\/real-estate-market\/towns\/esch-sur-alzette-a-lheure-des-defis\/","og_locale":"en_GB","og_type":"article","og_title":"Zoom sur Esch-sur-Alzette: la commune \u00e0 l\u2019heure des d\u00e9fis | atHome","og_description":"Disposant de peu d\u2019espace pour continuer \u00e0 se d\u00e9velopper, Esch-sur-Alzette, deuxi\u00e8me ville du Grand-Duch\u00e9, doit faire des choix intelligents.","og_url":"https:\/\/www.athome.lu\/blog\/en\/real-estate-market\/towns\/esch-sur-alzette-a-lheure-des-defis\/","og_site_name":"atHome Blog","article_publisher":"https:\/\/www.facebook.com\/atHome.lu\/","article_published_time":"2018-06-11T07:07:27+00:00","article_modified_time":"2022-05-11T15:12:19+00:00","og_image":[{"width":1200,"height":800,"url":"https:\/\/www.athome.lu\/blog\/wp-content\/uploads\/2018\/06\/esch2018.jpg","type":"image\/jpeg"}],"author":"Fanny Pimentel","twitter_card":"summary_large_image","twitter_creator":"@athomelu","twitter_site":"@athomelu","twitter_misc":{"Written by":"Fanny Pimentel","Estimated reading time":"5 minutes"},"schema":{"@context":"https:\/\/schema.org","@graph":[{"@type":"Article","@id":"https:\/\/www.athome.lu\/blog\/marche-immobilier\/villes\/esch-sur-alzette-a-lheure-des-defis\/#article","isPartOf":{"@id":"https:\/\/www.athome.lu\/blog\/marche-immobilier\/villes\/esch-sur-alzette-a-lheure-des-defis\/"},"author":{"name":"Fanny Pimentel","@id":"https:\/\/www.athome.lu\/blog\/#\/schema\/person\/47f7a38089f837e792876ceddc4cb2dc"},"headline":"Esch-sur-Alzette \u00e0 l\u2019heure des d\u00e9fis","datePublished":"2018-06-11T07:07:27+00:00","dateModified":"2022-05-11T15:12:19+00:00","mainEntityOfPage":{"@id":"https:\/\/www.athome.lu\/blog\/marche-immobilier\/villes\/esch-sur-alzette-a-lheure-des-defis\/"},"wordCount":1023,"image":{"@id":"https:\/\/www.athome.lu\/blog\/marche-immobilier\/villes\/esch-sur-alzette-a-lheure-des-defis\/#primaryimage"},"thumbnailUrl":"https:\/\/www.athome.lu\/blog\/wp-content\/uploads\/2018\/06\/esch2018.jpg","articleSection":["Villes"],"inLanguage":"en-GB"},{"@type":"WebPage","@id":"https:\/\/www.athome.lu\/blog\/marche-immobilier\/villes\/esch-sur-alzette-a-lheure-des-defis\/","url":"https:\/\/www.athome.lu\/blog\/marche-immobilier\/villes\/esch-sur-alzette-a-lheure-des-defis\/","name":"Focus on Esch-sur-Alzette: the community at the time of the challenges | atHome","isPartOf":{"@id":"https:\/\/www.athome.lu\/blog\/#website"},"primaryImageOfPage":{"@id":"https:\/\/www.athome.lu\/blog\/marche-immobilier\/villes\/esch-sur-alzette-a-lheure-des-defis\/#primaryimage"},"image":{"@id":"https:\/\/www.athome.lu\/blog\/marche-immobilier\/villes\/esch-sur-alzette-a-lheure-des-defis\/#primaryimage"},"thumbnailUrl":"https:\/\/www.athome.lu\/blog\/wp-content\/uploads\/2018\/06\/esch2018.jpg","datePublished":"2018-06-11T07:07:27+00:00","dateModified":"2022-05-11T15:12:19+00:00","author":{"@id":"https:\/\/www.athome.lu\/blog\/#\/schema\/person\/47f7a38089f837e792876ceddc4cb2dc"},"description":"With little space to develop further, Esch-sur-Alzette, the second largest city in the Grand Duchy, must make intelligent choices.","breadcrumb":{"@id":"https:\/\/www.athome.lu\/blog\/marche-immobilier\/villes\/esch-sur-alzette-a-lheure-des-defis\/#breadcrumb"},"inLanguage":"en-GB","potentialAction":[{"@type":"ReadAction","target":["https:\/\/www.athome.lu\/blog\/marche-immobilier\/villes\/esch-sur-alzette-a-lheure-des-defis\/"]}]},{"@type":"ImageObject","inLanguage":"en-GB","@id":"https:\/\/www.athome.lu\/blog\/marche-immobilier\/villes\/esch-sur-alzette-a-lheure-des-defis\/#primaryimage","url":"https:\/\/www.athome.lu\/blog\/wp-content\/uploads\/2018\/06\/esch2018.jpg","contentUrl":"https:\/\/www.athome.lu\/blog\/wp-content\/uploads\/2018\/06\/esch2018.jpg","width":1200,"height":800,"caption":"Vivre \u00e0 Esch-sur-Alzette"},{"@type":"BreadcrumbList","@id":"https:\/\/www.athome.lu\/blog\/marche-immobilier\/villes\/esch-sur-alzette-a-lheure-des-defis\/#breadcrumb","itemListElement":[{"@type":"ListItem","position":1,"name":"Accueil","item":"https:\/\/www.athome.lu\/blog\/"},{"@type":"ListItem","position":2,"name":"March\u00e9 immobilier","item":"https:\/\/www.athome.lu\/blog\/category\/marche-immobilier\/"},{"@type":"ListItem","position":3,"name":"Villes","item":"https:\/\/www.athome.lu\/blog\/category\/marche-immobilier\/villes\/"},{"@type":"ListItem","position":4,"name":"Esch-sur-Alzette \u00e0 l\u2019heure des d\u00e9fis"}]},{"@type":"WebSite","@id":"https:\/\/www.athome.lu\/blog\/#website","url":"https:\/\/www.athome.lu\/blog\/","name":"atHome Blog","description":"Real estate ads in Luxembourg. The n\u00b01 real estate portal in Luxembourg.","potentialAction":[{"@type":"SearchAction","target":{"@type":"EntryPoint","urlTemplate":"https:\/\/www.athome.lu\/blog\/?s={search_term_string}"},"query-input":{"@type":"PropertyValueSpecification","valueRequired":true,"valueName":"search_term_string"}}],"inLanguage":"en-GB"},{"@type":"Person","@id":"https:\/\/www.athome.lu\/blog\/#\/schema\/person\/47f7a38089f837e792876ceddc4cb2dc","name":"Fanny Pimentel","image":{"@type":"ImageObject","inLanguage":"en-GB","@id":"https:\/\/secure.gravatar.com\/avatar\/c60b27b93851dc9503f9cc9150e73dcb0a86ba6150657e5e4b11d988400bc633?s=96&d=mm&r=g","url":"https:\/\/secure.gravatar.com\/avatar\/c60b27b93851dc9503f9cc9150e73dcb0a86ba6150657e5e4b11d988400bc633?s=96&d=mm&r=g","contentUrl":"https:\/\/secure.gravatar.com\/avatar\/c60b27b93851dc9503f9cc9150e73dcb0a86ba6150657e5e4b11d988400bc633?s=96&d=mm&r=g","caption":"Fanny Pimentel"}}]}},"featured_media_src_url":"https:\/\/www.athome.lu\/blog\/wp-content\/uploads\/2018\/06\/esch2018-1024x683.jpg","_links":{"self":[{"href":"https:\/\/www.athome.lu\/blog\/en\/wp-json\/wp\/v2\/posts\/11335","targetHints":{"allow":["GET"]}}],"collection":[{"href":"https:\/\/www.athome.lu\/blog\/en\/wp-json\/wp\/v2\/posts"}],"about":[{"href":"https:\/\/www.athome.lu\/blog\/en\/wp-json\/wp\/v2\/types\/post"}],"author":[{"embeddable":true,"href":"https:\/\/www.athome.lu\/blog\/en\/wp-json\/wp\/v2\/users\/17"}],"replies":[{"embeddable":true,"href":"https:\/\/www.athome.lu\/blog\/en\/wp-json\/wp\/v2\/comments?post=11335"}],"version-history":[{"count":2,"href":"https:\/\/www.athome.lu\/blog\/en\/wp-json\/wp\/v2\/posts\/11335\/revisions"}],"predecessor-version":[{"id":15131,"href":"https:\/\/www.athome.lu\/blog\/en\/wp-json\/wp\/v2\/posts\/11335\/revisions\/15131"}],"wp:featuredmedia":[{"embeddable":true,"href":"https:\/\/www.athome.lu\/blog\/en\/wp-json\/wp\/v2\/media\/11336"}],"wp:attachment":[{"href":"https:\/\/www.athome.lu\/blog\/en\/wp-json\/wp\/v2\/media?parent=11335"}],"wp:term":[{"taxonomy":"category","embeddable":true,"href":"https:\/\/www.athome.lu\/blog\/en\/wp-json\/wp\/v2\/categories?post=11335"},{"taxonomy":"post_tag","embeddable":true,"href":"https:\/\/www.athome.lu\/blog\/en\/wp-json\/wp\/v2\/tags?post=11335"}],"curies":[{"name":"wp","href":"https:\/\/api.w.org\/{rel}","templated":true}]}}