{"id":11379,"date":"2018-06-26T13:07:15","date_gmt":"2018-06-26T12:07:15","guid":{"rendered":"https:\/\/www.athome.lu\/blog\/?p=11379"},"modified":"2022-05-11T17:10:07","modified_gmt":"2022-05-11T15:10:07","slug":"how-to-create-a-vertical-garden","status":"publish","type":"post","link":"https:\/\/www.athome.lu\/blog\/en\/mon-logement\/meuble-decoration\/comment-creer-un-jardin-vertical\/","title":{"rendered":"How to create a vertical garden?"},"content":{"rendered":"<p><span style=\"color: #000000;\">After the success of plants to be hung vertically on the wall, the vertical garden is becoming a must in our gardens. Simple to create, the only limit is your imagination.<\/span><\/p>\n<h2><strong><span style=\"color: #000000;\">Ready-made solutions for vertical gardens<\/span><\/strong><\/h2>\n<p><span style=\"color: #000000;\"><a href=\"https:\/\/www.athome.lu\/blog\/blog\/wp-content\/uploads\/2018\/06\/balcony-397785_1920.jpg\"><img loading=\"lazy\" decoding=\"async\" class=\"normal alignleft wp-image-11380\" src=\"https:\/\/www.athome.lu\/blog\/blog\/wp-content\/uploads\/2018\/06\/balcony-397785_1920.jpg\" alt=\"Creating a vertical garden\" width=\"300\" height=\"485\" srcset=\"https:\/\/www.athome.lu\/blog\/wp-content\/uploads\/2018\/06\/balcony-397785_1920.jpg 500w, https:\/\/www.athome.lu\/blog\/wp-content\/uploads\/2018\/06\/balcony-397785_1920-185x300.jpg 185w, https:\/\/www.athome.lu\/blog\/wp-content\/uploads\/2018\/06\/balcony-397785_1920-7x12.jpg 7w\" sizes=\"auto, (max-width: 300px) 100vw, 300px\" \/><\/a>If you have a green thumb, but DIY is not your cup of tea, garden centres offer ready-to-install kits to quickly create a vertical garden on your balcony. These are generally wooden or steel panels, coloured or natural, which are usually fixed to the partition between two balconies. Often used as a privacy screen, this system has pots that you can move around as you wish. All you have to do is plant plants in them: herbs, flowers, hanging plants, etc. Another trendy product that we like for its minimalist spirit: the planting bag to hang on the wall. Made of resistant canvas, it is composed of several pockets designed to hold your soil and plants.<\/span><\/p>\n<p>\u00a0<\/p>\n<p>\u00a0<\/p>\n<h2><strong><span style=\"color: #000000;\">Create your own vertical garden with your own hands<\/span><\/strong><\/h2>\n<p><span style=\"color: #000000;\">If you are not afraid of DIY, you can design a custom-made hanging garden yourself by following these steps:<br \/><\/span><br \/><span style=\"color: #000000;\">1.<strong> Protect your wall<\/strong> A protective layer is usually placed between the wall or partition and the vertical garden. This can be plastic sheeting, hessian, or felt-like material.<\/span><\/p>\n<p><span style=\"color: #000000;\">2. <strong>Build your support<\/strong> If you don't want to make holes in your wall, a simple way to install a support is to plant it in a planter filled with soil.<\/span><\/p>\n<p><span style=\"color: #000000;\">3. <strong>Choose your plants<\/strong> The most important thing to remember is that you should not overpower the plants underneath them: dare to use a mixture of colours, gradations or aromatic herbs. If you choose slightly drooping plants, make sure that they do not spread out too much on the plants that occupy the space under them. Choose plants that require regular watering. If you really want a plant that is more comfortable in an arid environment, give it a high spot, so that it does not get wet when you water your other plants. Ideally, to avoid this type of problem and stains on your support, you should install an irrigation system that allows water to pass from pot to pot.<\/span><\/p>\n<p><span style=\"color: #000000;\">The hanging garden is one of the major trends in garden centres. Comparable to a plant painting, it seduces the most creative among us and brings colour to a rather sad wall.<\/span><\/p>\n\n<section id=\"section-3-14695\" class=\"ct-section\" ><div class=\"ct-section-inner-wrap\"><div id=\"div_block-4-14695\" class=\"ct-div-block\" ><div id=\"new_columns-7-14695\" class=\"ct-new-columns\" ><div id=\"div_block-8-14695\" class=\"ct-div-block\" ><div id=\"div_block-14-14695\" class=\"ct-div-block\" ><\/div><\/div><div id=\"div_block-9-14695\" class=\"ct-div-block\" ><h1 id=\"headline-11-14695\" class=\"ct-headline\">What are the property prices at the moment?<\/h1><div id=\"text_block-12-14695\" class=\"ct-text-block\" >Prices are slowing down. Interest rates are rising. What are the trends for the coming months?<\/div><a id=\"link_button-13-14695\" class=\"ct-link-button\" href=\"https:\/\/www.athome.lu\/blog\/blog\/marche-immobilier\/prix\/tendances-2022\/\" target=\"_blank\"  >Read the analysis<\/a><\/div><\/div><\/div><\/div><\/section>","protected":false},"excerpt":{"rendered":"<p>Apr\u00e8s le succ\u00e8s des plantes \u00e0 accrocher verticalement au mur, le jardin vertical devient un incontournable dans nos jardins. Simple \u00e0 r\u00e9aliser, il n\u2019a de limite que votre imagination. Solutions toutes faites pour jardin vertical Si vous avez la main verte, mais que le bricolage n\u2019est pas votre tasse de th\u00e9, il existe en jardinerie [&hellip;]<\/p>\n","protected":false},"author":17,"featured_media":11382,"comment_status":"closed","ping_status":"open","sticky":false,"template":"","format":"standard","meta":{"_acf_changed":false,"footnotes":""},"categories":[210],"tags":[89],"class_list":["post-11379","post","type-post","status-publish","format-standard","has-post-thumbnail","hentry","category-meuble-decoration","tag-jardin-terrasse"],"acf":[],"yoast_head":"<!-- This site is optimized with the Yoast SEO plugin v27.4 - https:\/\/yoast.com\/product\/yoast-seo-wordpress\/ -->\n<title>Comment cr\u00e9er facilement un jardin vertical ? | atHome<\/title>\n<meta name=\"description\" content=\"Apr\u00e8s le succ\u00e8s des plantes \u00e0 accrocher verticalement au mur, le jardin vertical devient un incontournable dans nos jardins.\" \/>\n<meta name=\"robots\" content=\"index, follow, max-snippet:-1, max-image-preview:large, max-video-preview:-1\" \/>\n<link rel=\"canonical\" href=\"https:\/\/www.athome.lu\/blog\/en\/my-home\/decoration-2\/how-to-create-a-vertical-garden\/\" \/>\n<meta property=\"og:locale\" content=\"en_GB\" \/>\n<meta property=\"og:type\" content=\"article\" \/>\n<meta property=\"og:title\" content=\"Comment cr\u00e9er facilement un jardin vertical ? | atHome\" \/>\n<meta property=\"og:description\" content=\"Apr\u00e8s le succ\u00e8s des plantes \u00e0 accrocher verticalement au mur, le jardin vertical devient un incontournable dans nos jardins.\" \/>\n<meta property=\"og:url\" content=\"https:\/\/www.athome.lu\/blog\/en\/my-home\/decoration-2\/how-to-create-a-vertical-garden\/\" \/>\n<meta property=\"og:site_name\" content=\"atHome Blog\" \/>\n<meta property=\"article:publisher\" content=\"https:\/\/www.facebook.com\/atHome.lu\/\" \/>\n<meta property=\"article:published_time\" content=\"2018-06-26T12:07:15+00:00\" \/>\n<meta property=\"article:modified_time\" content=\"2022-05-11T15:10:07+00:00\" \/>\n<meta property=\"og:image\" content=\"https:\/\/www.athome.lu\/blog\/wp-content\/uploads\/2018\/06\/Jardin-vertical-1200-iStock-178611255.jpg\" \/>\n\t<meta property=\"og:image:width\" content=\"1200\" \/>\n\t<meta property=\"og:image:height\" content=\"800\" \/>\n\t<meta property=\"og:image:type\" content=\"image\/jpeg\" \/>\n<meta name=\"author\" content=\"Fanny Pimentel\" \/>\n<meta name=\"twitter:card\" content=\"summary_large_image\" \/>\n<meta name=\"twitter:creator\" content=\"@athomelu\" \/>\n<meta name=\"twitter:site\" content=\"@athomelu\" \/>\n<meta name=\"twitter:label1\" content=\"Written by\" \/>\n\t<meta name=\"twitter:data1\" content=\"Fanny Pimentel\" \/>\n\t<meta name=\"twitter:label2\" content=\"Estimated reading time\" \/>\n\t<meta name=\"twitter:data2\" content=\"3 minutes\" \/>\n<script type=\"application\/ld+json\" class=\"yoast-schema-graph\">{\"@context\":\"https:\\\/\\\/schema.org\",\"@graph\":[{\"@type\":\"Article\",\"@id\":\"https:\\\/\\\/www.athome.lu\\\/blog\\\/mon-logement\\\/meuble-decoration\\\/comment-creer-un-jardin-vertical\\\/#article\",\"isPartOf\":{\"@id\":\"https:\\\/\\\/www.athome.lu\\\/blog\\\/mon-logement\\\/meuble-decoration\\\/comment-creer-un-jardin-vertical\\\/\"},\"author\":{\"name\":\"Fanny Pimentel\",\"@id\":\"https:\\\/\\\/www.athome.lu\\\/blog\\\/#\\\/schema\\\/person\\\/47f7a38089f837e792876ceddc4cb2dc\"},\"headline\":\"Comment cr\u00e9er un jardin vertical ?\",\"datePublished\":\"2018-06-26T12:07:15+00:00\",\"dateModified\":\"2022-05-11T15:10:07+00:00\",\"mainEntityOfPage\":{\"@id\":\"https:\\\/\\\/www.athome.lu\\\/blog\\\/mon-logement\\\/meuble-decoration\\\/comment-creer-un-jardin-vertical\\\/\"},\"wordCount\":467,\"image\":{\"@id\":\"https:\\\/\\\/www.athome.lu\\\/blog\\\/mon-logement\\\/meuble-decoration\\\/comment-creer-un-jardin-vertical\\\/#primaryimage\"},\"thumbnailUrl\":\"https:\\\/\\\/www.athome.lu\\\/blog\\\/wp-content\\\/uploads\\\/2018\\\/06\\\/Jardin-vertical-1200-iStock-178611255.jpg\",\"keywords\":[\"Jardin &amp; terrasse\"],\"articleSection\":[\"Meubler et D\u00e9corer\"],\"inLanguage\":\"en-GB\"},{\"@type\":\"WebPage\",\"@id\":\"https:\\\/\\\/www.athome.lu\\\/blog\\\/mon-logement\\\/meuble-decoration\\\/comment-creer-un-jardin-vertical\\\/\",\"url\":\"https:\\\/\\\/www.athome.lu\\\/blog\\\/mon-logement\\\/meuble-decoration\\\/comment-creer-un-jardin-vertical\\\/\",\"name\":\"Comment cr\u00e9er facilement un jardin vertical ? | atHome\",\"isPartOf\":{\"@id\":\"https:\\\/\\\/www.athome.lu\\\/blog\\\/#website\"},\"primaryImageOfPage\":{\"@id\":\"https:\\\/\\\/www.athome.lu\\\/blog\\\/mon-logement\\\/meuble-decoration\\\/comment-creer-un-jardin-vertical\\\/#primaryimage\"},\"image\":{\"@id\":\"https:\\\/\\\/www.athome.lu\\\/blog\\\/mon-logement\\\/meuble-decoration\\\/comment-creer-un-jardin-vertical\\\/#primaryimage\"},\"thumbnailUrl\":\"https:\\\/\\\/www.athome.lu\\\/blog\\\/wp-content\\\/uploads\\\/2018\\\/06\\\/Jardin-vertical-1200-iStock-178611255.jpg\",\"datePublished\":\"2018-06-26T12:07:15+00:00\",\"dateModified\":\"2022-05-11T15:10:07+00:00\",\"author\":{\"@id\":\"https:\\\/\\\/www.athome.lu\\\/blog\\\/#\\\/schema\\\/person\\\/47f7a38089f837e792876ceddc4cb2dc\"},\"description\":\"Apr\u00e8s le succ\u00e8s des plantes \u00e0 accrocher verticalement au mur, le jardin vertical devient un incontournable dans nos jardins.\",\"breadcrumb\":{\"@id\":\"https:\\\/\\\/www.athome.lu\\\/blog\\\/mon-logement\\\/meuble-decoration\\\/comment-creer-un-jardin-vertical\\\/#breadcrumb\"},\"inLanguage\":\"en-GB\",\"potentialAction\":[{\"@type\":\"ReadAction\",\"target\":[\"https:\\\/\\\/www.athome.lu\\\/blog\\\/mon-logement\\\/meuble-decoration\\\/comment-creer-un-jardin-vertical\\\/\"]}]},{\"@type\":\"ImageObject\",\"inLanguage\":\"en-GB\",\"@id\":\"https:\\\/\\\/www.athome.lu\\\/blog\\\/mon-logement\\\/meuble-decoration\\\/comment-creer-un-jardin-vertical\\\/#primaryimage\",\"url\":\"https:\\\/\\\/www.athome.lu\\\/blog\\\/wp-content\\\/uploads\\\/2018\\\/06\\\/Jardin-vertical-1200-iStock-178611255.jpg\",\"contentUrl\":\"https:\\\/\\\/www.athome.lu\\\/blog\\\/wp-content\\\/uploads\\\/2018\\\/06\\\/Jardin-vertical-1200-iStock-178611255.jpg\",\"width\":1200,\"height\":800,\"caption\":\"Cr\u00e9er un jardin vertical\"},{\"@type\":\"BreadcrumbList\",\"@id\":\"https:\\\/\\\/www.athome.lu\\\/blog\\\/mon-logement\\\/meuble-decoration\\\/comment-creer-un-jardin-vertical\\\/#breadcrumb\",\"itemListElement\":[{\"@type\":\"ListItem\",\"position\":1,\"name\":\"Accueil\",\"item\":\"https:\\\/\\\/www.athome.lu\\\/blog\\\/\"},{\"@type\":\"ListItem\",\"position\":2,\"name\":\"Mon logement\",\"item\":\"https:\\\/\\\/www.athome.lu\\\/blog\\\/de\\\/category\\\/mein-haus\\\/\"},{\"@type\":\"ListItem\",\"position\":3,\"name\":\"Meubler et D\u00e9corer\",\"item\":\"https:\\\/\\\/www.athome.lu\\\/blog\\\/de\\\/category\\\/mein-haus\\\/deko-mobel\\\/\"},{\"@type\":\"ListItem\",\"position\":4,\"name\":\"Comment cr\u00e9er un jardin vertical ?\"}]},{\"@type\":\"WebSite\",\"@id\":\"https:\\\/\\\/www.athome.lu\\\/blog\\\/#website\",\"url\":\"https:\\\/\\\/www.athome.lu\\\/blog\\\/\",\"name\":\"atHome Blog\",\"description\":\"Annonces immobili\u00e8res au Luxembourg. Le portail immobilier n\u00b01 au Luxembourg.\",\"potentialAction\":[{\"@type\":\"SearchAction\",\"target\":{\"@type\":\"EntryPoint\",\"urlTemplate\":\"https:\\\/\\\/www.athome.lu\\\/blog\\\/?s={search_term_string}\"},\"query-input\":{\"@type\":\"PropertyValueSpecification\",\"valueRequired\":true,\"valueName\":\"search_term_string\"}}],\"inLanguage\":\"en-GB\"},{\"@type\":\"Person\",\"@id\":\"https:\\\/\\\/www.athome.lu\\\/blog\\\/#\\\/schema\\\/person\\\/47f7a38089f837e792876ceddc4cb2dc\",\"name\":\"Fanny Pimentel\",\"image\":{\"@type\":\"ImageObject\",\"inLanguage\":\"en-GB\",\"@id\":\"https:\\\/\\\/secure.gravatar.com\\\/avatar\\\/c60b27b93851dc9503f9cc9150e73dcb0a86ba6150657e5e4b11d988400bc633?s=96&d=mm&r=g\",\"url\":\"https:\\\/\\\/secure.gravatar.com\\\/avatar\\\/c60b27b93851dc9503f9cc9150e73dcb0a86ba6150657e5e4b11d988400bc633?s=96&d=mm&r=g\",\"contentUrl\":\"https:\\\/\\\/secure.gravatar.com\\\/avatar\\\/c60b27b93851dc9503f9cc9150e73dcb0a86ba6150657e5e4b11d988400bc633?s=96&d=mm&r=g\",\"caption\":\"Fanny Pimentel\"}}]}<\/script>\n<!-- \/ Yoast SEO plugin. -->","yoast_head_json":{"title":"How to create a vertical garden easily | atHome","description":"After the success of plants to be hung vertically on the wall, the vertical garden is becoming a must in our gardens.","robots":{"index":"index","follow":"follow","max-snippet":"max-snippet:-1","max-image-preview":"max-image-preview:large","max-video-preview":"max-video-preview:-1"},"canonical":"https:\/\/www.athome.lu\/blog\/en\/my-home\/decoration-2\/how-to-create-a-vertical-garden\/","og_locale":"en_GB","og_type":"article","og_title":"Comment cr\u00e9er facilement un jardin vertical ? | atHome","og_description":"Apr\u00e8s le succ\u00e8s des plantes \u00e0 accrocher verticalement au mur, le jardin vertical devient un incontournable dans nos jardins.","og_url":"https:\/\/www.athome.lu\/blog\/en\/my-home\/decoration-2\/how-to-create-a-vertical-garden\/","og_site_name":"atHome Blog","article_publisher":"https:\/\/www.facebook.com\/atHome.lu\/","article_published_time":"2018-06-26T12:07:15+00:00","article_modified_time":"2022-05-11T15:10:07+00:00","og_image":[{"width":1200,"height":800,"url":"https:\/\/www.athome.lu\/blog\/wp-content\/uploads\/2018\/06\/Jardin-vertical-1200-iStock-178611255.jpg","type":"image\/jpeg"}],"author":"Fanny Pimentel","twitter_card":"summary_large_image","twitter_creator":"@athomelu","twitter_site":"@athomelu","twitter_misc":{"Written by":"Fanny Pimentel","Estimated reading time":"3 minutes"},"schema":{"@context":"https:\/\/schema.org","@graph":[{"@type":"Article","@id":"https:\/\/www.athome.lu\/blog\/mon-logement\/meuble-decoration\/comment-creer-un-jardin-vertical\/#article","isPartOf":{"@id":"https:\/\/www.athome.lu\/blog\/mon-logement\/meuble-decoration\/comment-creer-un-jardin-vertical\/"},"author":{"name":"Fanny Pimentel","@id":"https:\/\/www.athome.lu\/blog\/#\/schema\/person\/47f7a38089f837e792876ceddc4cb2dc"},"headline":"Comment cr\u00e9er un jardin vertical ?","datePublished":"2018-06-26T12:07:15+00:00","dateModified":"2022-05-11T15:10:07+00:00","mainEntityOfPage":{"@id":"https:\/\/www.athome.lu\/blog\/mon-logement\/meuble-decoration\/comment-creer-un-jardin-vertical\/"},"wordCount":467,"image":{"@id":"https:\/\/www.athome.lu\/blog\/mon-logement\/meuble-decoration\/comment-creer-un-jardin-vertical\/#primaryimage"},"thumbnailUrl":"https:\/\/www.athome.lu\/blog\/wp-content\/uploads\/2018\/06\/Jardin-vertical-1200-iStock-178611255.jpg","keywords":["Jardin &amp; terrasse"],"articleSection":["Meubler et D\u00e9corer"],"inLanguage":"en-GB"},{"@type":"WebPage","@id":"https:\/\/www.athome.lu\/blog\/mon-logement\/meuble-decoration\/comment-creer-un-jardin-vertical\/","url":"https:\/\/www.athome.lu\/blog\/mon-logement\/meuble-decoration\/comment-creer-un-jardin-vertical\/","name":"How to create a vertical garden easily | atHome","isPartOf":{"@id":"https:\/\/www.athome.lu\/blog\/#website"},"primaryImageOfPage":{"@id":"https:\/\/www.athome.lu\/blog\/mon-logement\/meuble-decoration\/comment-creer-un-jardin-vertical\/#primaryimage"},"image":{"@id":"https:\/\/www.athome.lu\/blog\/mon-logement\/meuble-decoration\/comment-creer-un-jardin-vertical\/#primaryimage"},"thumbnailUrl":"https:\/\/www.athome.lu\/blog\/wp-content\/uploads\/2018\/06\/Jardin-vertical-1200-iStock-178611255.jpg","datePublished":"2018-06-26T12:07:15+00:00","dateModified":"2022-05-11T15:10:07+00:00","author":{"@id":"https:\/\/www.athome.lu\/blog\/#\/schema\/person\/47f7a38089f837e792876ceddc4cb2dc"},"description":"After the success of plants to be hung vertically on the wall, the vertical garden is becoming a must in our gardens.","breadcrumb":{"@id":"https:\/\/www.athome.lu\/blog\/mon-logement\/meuble-decoration\/comment-creer-un-jardin-vertical\/#breadcrumb"},"inLanguage":"en-GB","potentialAction":[{"@type":"ReadAction","target":["https:\/\/www.athome.lu\/blog\/mon-logement\/meuble-decoration\/comment-creer-un-jardin-vertical\/"]}]},{"@type":"ImageObject","inLanguage":"en-GB","@id":"https:\/\/www.athome.lu\/blog\/mon-logement\/meuble-decoration\/comment-creer-un-jardin-vertical\/#primaryimage","url":"https:\/\/www.athome.lu\/blog\/wp-content\/uploads\/2018\/06\/Jardin-vertical-1200-iStock-178611255.jpg","contentUrl":"https:\/\/www.athome.lu\/blog\/wp-content\/uploads\/2018\/06\/Jardin-vertical-1200-iStock-178611255.jpg","width":1200,"height":800,"caption":"Cr\u00e9er un jardin vertical"},{"@type":"BreadcrumbList","@id":"https:\/\/www.athome.lu\/blog\/mon-logement\/meuble-decoration\/comment-creer-un-jardin-vertical\/#breadcrumb","itemListElement":[{"@type":"ListItem","position":1,"name":"Accueil","item":"https:\/\/www.athome.lu\/blog\/"},{"@type":"ListItem","position":2,"name":"Mon logement","item":"https:\/\/www.athome.lu\/blog\/de\/category\/mein-haus\/"},{"@type":"ListItem","position":3,"name":"Meubler et D\u00e9corer","item":"https:\/\/www.athome.lu\/blog\/de\/category\/mein-haus\/deko-mobel\/"},{"@type":"ListItem","position":4,"name":"Comment cr\u00e9er un jardin vertical ?"}]},{"@type":"WebSite","@id":"https:\/\/www.athome.lu\/blog\/#website","url":"https:\/\/www.athome.lu\/blog\/","name":"atHome Blog","description":"Real estate ads in Luxembourg. The n\u00b01 real estate portal in Luxembourg.","potentialAction":[{"@type":"SearchAction","target":{"@type":"EntryPoint","urlTemplate":"https:\/\/www.athome.lu\/blog\/?s={search_term_string}"},"query-input":{"@type":"PropertyValueSpecification","valueRequired":true,"valueName":"search_term_string"}}],"inLanguage":"en-GB"},{"@type":"Person","@id":"https:\/\/www.athome.lu\/blog\/#\/schema\/person\/47f7a38089f837e792876ceddc4cb2dc","name":"Fanny Pimentel","image":{"@type":"ImageObject","inLanguage":"en-GB","@id":"https:\/\/secure.gravatar.com\/avatar\/c60b27b93851dc9503f9cc9150e73dcb0a86ba6150657e5e4b11d988400bc633?s=96&d=mm&r=g","url":"https:\/\/secure.gravatar.com\/avatar\/c60b27b93851dc9503f9cc9150e73dcb0a86ba6150657e5e4b11d988400bc633?s=96&d=mm&r=g","contentUrl":"https:\/\/secure.gravatar.com\/avatar\/c60b27b93851dc9503f9cc9150e73dcb0a86ba6150657e5e4b11d988400bc633?s=96&d=mm&r=g","caption":"Fanny Pimentel"}}]}},"featured_media_src_url":"https:\/\/www.athome.lu\/blog\/wp-content\/uploads\/2018\/06\/Jardin-vertical-1200-iStock-178611255-1024x683.jpg","_links":{"self":[{"href":"https:\/\/www.athome.lu\/blog\/en\/wp-json\/wp\/v2\/posts\/11379","targetHints":{"allow":["GET"]}}],"collection":[{"href":"https:\/\/www.athome.lu\/blog\/en\/wp-json\/wp\/v2\/posts"}],"about":[{"href":"https:\/\/www.athome.lu\/blog\/en\/wp-json\/wp\/v2\/types\/post"}],"author":[{"embeddable":true,"href":"https:\/\/www.athome.lu\/blog\/en\/wp-json\/wp\/v2\/users\/17"}],"replies":[{"embeddable":true,"href":"https:\/\/www.athome.lu\/blog\/en\/wp-json\/wp\/v2\/comments?post=11379"}],"version-history":[{"count":2,"href":"https:\/\/www.athome.lu\/blog\/en\/wp-json\/wp\/v2\/posts\/11379\/revisions"}],"predecessor-version":[{"id":15126,"href":"https:\/\/www.athome.lu\/blog\/en\/wp-json\/wp\/v2\/posts\/11379\/revisions\/15126"}],"wp:featuredmedia":[{"embeddable":true,"href":"https:\/\/www.athome.lu\/blog\/en\/wp-json\/wp\/v2\/media\/11382"}],"wp:attachment":[{"href":"https:\/\/www.athome.lu\/blog\/en\/wp-json\/wp\/v2\/media?parent=11379"}],"wp:term":[{"taxonomy":"category","embeddable":true,"href":"https:\/\/www.athome.lu\/blog\/en\/wp-json\/wp\/v2\/categories?post=11379"},{"taxonomy":"post_tag","embeddable":true,"href":"https:\/\/www.athome.lu\/blog\/en\/wp-json\/wp\/v2\/tags?post=11379"}],"curies":[{"name":"wp","href":"https:\/\/api.w.org\/{rel}","templated":true}]}}