{"id":11815,"date":"2019-01-25T10:22:58","date_gmt":"2019-01-25T09:22:58","guid":{"rendered":"https:\/\/www.athome.lu\/blog\/?p=11815"},"modified":"2022-05-11T16:31:55","modified_gmt":"2022-05-11T14:31:55","slug":"tendances-deco-2019-nos-7-coups-de-coeur","status":"publish","type":"post","link":"https:\/\/www.athome.lu\/blog\/en\/mon-logement\/meuble-decoration\/tendances-deco-2019-nos-7-coups-de-coeur\/","title":{"rendered":"Decoration trends for 2019: our 7 favourites"},"content":{"rendered":"<p><span style=\"color: #000000;\">A new year means new decorating inspiration and 2019 is proving to be a good year! Magazines, decoration shops, galleries... we set out to discover the major decoration trends for 2019. Here are our 7 favourites!<\/span><\/p>\n\n\n\n<h2 class=\"wp-block-heading\"><strong><span style=\"color: #000000;\">Wall units<\/span><\/strong><\/h2>\n\n\n\n<p><span style=\"color: #000000;\">Serious competitors of the low sideboards with their pure lines, the tall units are back. They are mainly found in two-door or showcase versions to display our most beautiful objects. Made of wood or metal, with glass or wicker fronts, it doesn't matter as long as they are over 120 cm high.<\/span><\/p>\n\n\n\n<h2 class=\"wp-block-heading\"><strong><span style=\"color: #000000;\">Caning<\/span><\/strong><\/h2>\n\n\n\n<p><span style=\"color: #000000;\">For some time now, wicker has been making a comeback, particularly in the garden furniture collections. This time, it is going out the door to create an old Paris atmosphere in our interiors. A major trend in decorating in 2019, wicker is found on furniture, chairs and occasional sofas in natural or more contemporary colours such as dark green, petrol blue or purple.<\/span><\/p>\n\n\n\n<h2 class=\"wp-block-heading\"><strong><span style=\"color: #000000;\">The coral colour<\/span><\/strong><\/h2>\n\n\n\n<p><span style=\"color: #000000;\">Coral is undoubtedly the colour of the year 2019. Tableware, carpets, bed linen...it's everywhere. Whether used in small touches or in a total decorating look, it warms up our interior. For an antique chic style, we marry it with ochre.<\/span><\/p>\n\n\n\n<h2 class=\"wp-block-heading\"><strong><span style=\"color: #000000;\">Dried flowers<\/span><\/strong><\/h2>\n\n\n\n<p><span style=\"color: #000000;\">Sweet reminders of our childhood and family homes, dried flowers are making a comeback. Single stems in a soliflore or a romantic bouquet, we love natural or coloured dried flowers. Want to go hunting? Go in search of a still-decorated wedding globe.<\/span><\/p>\n\n\n\n<h2 class=\"wp-block-heading\"><strong><span style=\"color: #000000;\">Berber carpets<\/span><\/strong><\/h2>\n\n\n\n<p><span style=\"color: #000000;\">They are preferably chosen in light colours with black geometric patterns. Whether as a hallway rug or as a maxi rug, craftsmanship has never been so stylish. If you're more of a bohemian chic, choose a colourful, long-pile rug.<\/span><\/p>\n\n\n\n<h2 class=\"wp-block-heading\"><strong><span style=\"color: #000000;\">The cabinet of curiosity style<\/span><\/strong><\/h2>\n\n\n\n<p><span style=\"color: #000000;\">The purified volumes of Scandinavian decoration are now giving way to a more charged style. We have fun collecting various and unusual objects to create a joyful bazaar. The office and living room are inspired by curiosity cabinets where the paintings are just frames and the objects, dating from another time, are souvenirs of unknown families.<\/span><\/p>\n\n\n\n<h2 class=\"wp-block-heading\"><strong><span style=\"color: #000000;\">Ball lamps<\/span><\/strong><\/h2>\n\n\n\n<p><span style=\"color: #000000;\">In terms of lighting, the sphere is played out solo or in teams for chandeliers and accent lamps that are all round. Crystal-like glass globes mounted on steel wire or wicker balls creating shadows on the walls, this year's lighting fixtures are turning our heads.<\/span><\/p>\n\n\n<section id=\"section-3-14695\" class=\"ct-section\" ><div class=\"ct-section-inner-wrap\"><div id=\"div_block-4-14695\" class=\"ct-div-block\" ><div id=\"new_columns-7-14695\" class=\"ct-new-columns\" ><div id=\"div_block-8-14695\" class=\"ct-div-block\" ><div id=\"div_block-14-14695\" class=\"ct-div-block\" ><\/div><\/div><div id=\"div_block-9-14695\" class=\"ct-div-block\" ><h1 id=\"headline-11-14695\" class=\"ct-headline\">What are the property prices at the moment?<\/h1><div id=\"text_block-12-14695\" class=\"ct-text-block\" >Prices are slowing down. Interest rates are rising. What are the trends for the coming months?<\/div><a id=\"link_button-13-14695\" class=\"ct-link-button\" href=\"https:\/\/www.athome.lu\/blog\/blog\/marche-immobilier\/prix\/tendances-2022\/\" target=\"_blank\"  >Read the analysis<\/a><\/div><\/div><\/div><\/div><\/section>","protected":false},"excerpt":{"rendered":"<p>Qui dit nouvelle ann\u00e9e dit nouvelle inspiration d\u00e9co et 2019 s\u2019av\u00e8re \u00eatre un bon cru ! Magazines, boutiques de d\u00e9coration, galeries\u2026 nous sommes partis \u00e0 la d\u00e9couverte des grandes tendances d\u00e9co 2019. Voici nos 7 coups de c\u0153ur ! Les meubles hauts S\u00e9rieux concurrents des buffets bas aux lignes \u00e9pur\u00e9es, les meubles hauts sont de [&hellip;]<\/p>\n","protected":false},"author":17,"featured_media":11819,"comment_status":"closed","ping_status":"closed","sticky":false,"template":"","format":"standard","meta":{"_acf_changed":false,"footnotes":""},"categories":[210],"tags":[79],"class_list":["post-11815","post","type-post","status-publish","format-standard","has-post-thumbnail","hentry","category-meuble-decoration","tag-decoration"],"acf":[],"yoast_head":"<!-- This site is optimized with the Yoast SEO plugin v27.4 - https:\/\/yoast.com\/product\/yoast-seo-wordpress\/ -->\n<title>Tendances d\u00e9co 2019 : nos 7 coups de c\u0153ur - atHome Blog<\/title>\n<meta name=\"description\" content=\"Qui dit nouvelle ann\u00e9e dit nouvelle inspiration d\u00e9coration et 2019 s\u2019av\u00e8re \u00eatre un bon cru. Voici nos coups de coeur !\" \/>\n<meta name=\"robots\" content=\"index, follow, max-snippet:-1, max-image-preview:large, max-video-preview:-1\" \/>\n<link rel=\"canonical\" href=\"https:\/\/www.athome.lu\/blog\/en\/my-home\/decoration-2\/tendances-deco-2019-nos-7-coups-de-coeur\/\" \/>\n<meta property=\"og:locale\" content=\"en_GB\" \/>\n<meta property=\"og:type\" content=\"article\" \/>\n<meta property=\"og:title\" content=\"Tendances d\u00e9co 2019 : nos 7 coups de c\u0153ur - atHome Blog\" \/>\n<meta property=\"og:description\" content=\"Qui dit nouvelle ann\u00e9e dit nouvelle inspiration d\u00e9coration et 2019 s\u2019av\u00e8re \u00eatre un bon cru. Voici nos coups de coeur !\" \/>\n<meta property=\"og:url\" content=\"https:\/\/www.athome.lu\/blog\/en\/my-home\/decoration-2\/tendances-deco-2019-nos-7-coups-de-coeur\/\" \/>\n<meta property=\"og:site_name\" content=\"atHome Blog\" \/>\n<meta property=\"article:publisher\" content=\"https:\/\/www.facebook.com\/atHome.lu\/\" \/>\n<meta property=\"article:published_time\" content=\"2019-01-25T09:22:58+00:00\" \/>\n<meta property=\"article:modified_time\" content=\"2022-05-11T14:31:55+00:00\" \/>\n<meta property=\"og:image\" content=\"https:\/\/www.athome.lu\/blog\/wp-content\/uploads\/2019\/01\/iStock-1078778052-scaled.jpg\" \/>\n\t<meta property=\"og:image:width\" content=\"2560\" \/>\n\t<meta property=\"og:image:height\" content=\"1707\" \/>\n\t<meta property=\"og:image:type\" content=\"image\/jpeg\" \/>\n<meta name=\"author\" content=\"Fanny Pimentel\" \/>\n<meta name=\"twitter:card\" content=\"summary_large_image\" \/>\n<meta name=\"twitter:creator\" content=\"@athomelu\" \/>\n<meta name=\"twitter:site\" content=\"@athomelu\" \/>\n<meta name=\"twitter:label1\" content=\"Written by\" \/>\n\t<meta name=\"twitter:data1\" content=\"Fanny Pimentel\" \/>\n\t<meta name=\"twitter:label2\" content=\"Estimated reading time\" \/>\n\t<meta name=\"twitter:data2\" content=\"3 minutes\" \/>\n<script type=\"application\/ld+json\" class=\"yoast-schema-graph\">{\"@context\":\"https:\\\/\\\/schema.org\",\"@graph\":[{\"@type\":\"Article\",\"@id\":\"https:\\\/\\\/www.athome.lu\\\/blog\\\/mon-logement\\\/meuble-decoration\\\/tendances-deco-2019-nos-7-coups-de-coeur\\\/#article\",\"isPartOf\":{\"@id\":\"https:\\\/\\\/www.athome.lu\\\/blog\\\/mon-logement\\\/meuble-decoration\\\/tendances-deco-2019-nos-7-coups-de-coeur\\\/\"},\"author\":{\"name\":\"Fanny Pimentel\",\"@id\":\"https:\\\/\\\/www.athome.lu\\\/blog\\\/#\\\/schema\\\/person\\\/47f7a38089f837e792876ceddc4cb2dc\"},\"headline\":\"Tendances d\u00e9co 2019 : nos 7 coups de c\u0153ur\",\"datePublished\":\"2019-01-25T09:22:58+00:00\",\"dateModified\":\"2022-05-11T14:31:55+00:00\",\"mainEntityOfPage\":{\"@id\":\"https:\\\/\\\/www.athome.lu\\\/blog\\\/mon-logement\\\/meuble-decoration\\\/tendances-deco-2019-nos-7-coups-de-coeur\\\/\"},\"wordCount\":475,\"image\":{\"@id\":\"https:\\\/\\\/www.athome.lu\\\/blog\\\/mon-logement\\\/meuble-decoration\\\/tendances-deco-2019-nos-7-coups-de-coeur\\\/#primaryimage\"},\"thumbnailUrl\":\"https:\\\/\\\/www.athome.lu\\\/blog\\\/wp-content\\\/uploads\\\/2019\\\/01\\\/iStock-1078778052-scaled.jpg\",\"keywords\":[\"D\u00e9coration\"],\"articleSection\":[\"Meubler et D\u00e9corer\"],\"inLanguage\":\"en-GB\"},{\"@type\":\"WebPage\",\"@id\":\"https:\\\/\\\/www.athome.lu\\\/blog\\\/mon-logement\\\/meuble-decoration\\\/tendances-deco-2019-nos-7-coups-de-coeur\\\/\",\"url\":\"https:\\\/\\\/www.athome.lu\\\/blog\\\/mon-logement\\\/meuble-decoration\\\/tendances-deco-2019-nos-7-coups-de-coeur\\\/\",\"name\":\"Tendances d\u00e9co 2019 : nos 7 coups de c\u0153ur - atHome Blog\",\"isPartOf\":{\"@id\":\"https:\\\/\\\/www.athome.lu\\\/blog\\\/#website\"},\"primaryImageOfPage\":{\"@id\":\"https:\\\/\\\/www.athome.lu\\\/blog\\\/mon-logement\\\/meuble-decoration\\\/tendances-deco-2019-nos-7-coups-de-coeur\\\/#primaryimage\"},\"image\":{\"@id\":\"https:\\\/\\\/www.athome.lu\\\/blog\\\/mon-logement\\\/meuble-decoration\\\/tendances-deco-2019-nos-7-coups-de-coeur\\\/#primaryimage\"},\"thumbnailUrl\":\"https:\\\/\\\/www.athome.lu\\\/blog\\\/wp-content\\\/uploads\\\/2019\\\/01\\\/iStock-1078778052-scaled.jpg\",\"datePublished\":\"2019-01-25T09:22:58+00:00\",\"dateModified\":\"2022-05-11T14:31:55+00:00\",\"author\":{\"@id\":\"https:\\\/\\\/www.athome.lu\\\/blog\\\/#\\\/schema\\\/person\\\/47f7a38089f837e792876ceddc4cb2dc\"},\"description\":\"Qui dit nouvelle ann\u00e9e dit nouvelle inspiration d\u00e9coration et 2019 s\u2019av\u00e8re \u00eatre un bon cru. Voici nos coups de coeur !\",\"breadcrumb\":{\"@id\":\"https:\\\/\\\/www.athome.lu\\\/blog\\\/mon-logement\\\/meuble-decoration\\\/tendances-deco-2019-nos-7-coups-de-coeur\\\/#breadcrumb\"},\"inLanguage\":\"en-GB\",\"potentialAction\":[{\"@type\":\"ReadAction\",\"target\":[\"https:\\\/\\\/www.athome.lu\\\/blog\\\/mon-logement\\\/meuble-decoration\\\/tendances-deco-2019-nos-7-coups-de-coeur\\\/\"]}]},{\"@type\":\"ImageObject\",\"inLanguage\":\"en-GB\",\"@id\":\"https:\\\/\\\/www.athome.lu\\\/blog\\\/mon-logement\\\/meuble-decoration\\\/tendances-deco-2019-nos-7-coups-de-coeur\\\/#primaryimage\",\"url\":\"https:\\\/\\\/www.athome.lu\\\/blog\\\/wp-content\\\/uploads\\\/2019\\\/01\\\/iStock-1078778052-scaled.jpg\",\"contentUrl\":\"https:\\\/\\\/www.athome.lu\\\/blog\\\/wp-content\\\/uploads\\\/2019\\\/01\\\/iStock-1078778052-scaled.jpg\",\"width\":2560,\"height\":1707,\"caption\":\"Couleur d\u00e9co 2019\"},{\"@type\":\"BreadcrumbList\",\"@id\":\"https:\\\/\\\/www.athome.lu\\\/blog\\\/mon-logement\\\/meuble-decoration\\\/tendances-deco-2019-nos-7-coups-de-coeur\\\/#breadcrumb\",\"itemListElement\":[{\"@type\":\"ListItem\",\"position\":1,\"name\":\"Accueil\",\"item\":\"https:\\\/\\\/www.athome.lu\\\/blog\\\/\"},{\"@type\":\"ListItem\",\"position\":2,\"name\":\"Mon logement\",\"item\":\"https:\\\/\\\/www.athome.lu\\\/blog\\\/de\\\/category\\\/mein-haus\\\/\"},{\"@type\":\"ListItem\",\"position\":3,\"name\":\"Meubler et D\u00e9corer\",\"item\":\"https:\\\/\\\/www.athome.lu\\\/blog\\\/de\\\/category\\\/mein-haus\\\/deko-mobel\\\/\"},{\"@type\":\"ListItem\",\"position\":4,\"name\":\"Tendances d\u00e9co 2019 : nos 7 coups de c\u0153ur\"}]},{\"@type\":\"WebSite\",\"@id\":\"https:\\\/\\\/www.athome.lu\\\/blog\\\/#website\",\"url\":\"https:\\\/\\\/www.athome.lu\\\/blog\\\/\",\"name\":\"atHome Blog\",\"description\":\"Annonces immobili\u00e8res au Luxembourg. Le portail immobilier n\u00b01 au Luxembourg.\",\"potentialAction\":[{\"@type\":\"SearchAction\",\"target\":{\"@type\":\"EntryPoint\",\"urlTemplate\":\"https:\\\/\\\/www.athome.lu\\\/blog\\\/?s={search_term_string}\"},\"query-input\":{\"@type\":\"PropertyValueSpecification\",\"valueRequired\":true,\"valueName\":\"search_term_string\"}}],\"inLanguage\":\"en-GB\"},{\"@type\":\"Person\",\"@id\":\"https:\\\/\\\/www.athome.lu\\\/blog\\\/#\\\/schema\\\/person\\\/47f7a38089f837e792876ceddc4cb2dc\",\"name\":\"Fanny Pimentel\",\"image\":{\"@type\":\"ImageObject\",\"inLanguage\":\"en-GB\",\"@id\":\"https:\\\/\\\/secure.gravatar.com\\\/avatar\\\/c60b27b93851dc9503f9cc9150e73dcb0a86ba6150657e5e4b11d988400bc633?s=96&d=mm&r=g\",\"url\":\"https:\\\/\\\/secure.gravatar.com\\\/avatar\\\/c60b27b93851dc9503f9cc9150e73dcb0a86ba6150657e5e4b11d988400bc633?s=96&d=mm&r=g\",\"contentUrl\":\"https:\\\/\\\/secure.gravatar.com\\\/avatar\\\/c60b27b93851dc9503f9cc9150e73dcb0a86ba6150657e5e4b11d988400bc633?s=96&d=mm&r=g\",\"caption\":\"Fanny Pimentel\"}}]}<\/script>\n<!-- \/ Yoast SEO plugin. -->","yoast_head_json":{"title":"Decoration trends for 2019: our 7 favourites - atHome Blog","description":"A new year means new decorating inspiration and 2019 is proving to be a good year. Here are our favourites!","robots":{"index":"index","follow":"follow","max-snippet":"max-snippet:-1","max-image-preview":"max-image-preview:large","max-video-preview":"max-video-preview:-1"},"canonical":"https:\/\/www.athome.lu\/blog\/en\/my-home\/decoration-2\/tendances-deco-2019-nos-7-coups-de-coeur\/","og_locale":"en_GB","og_type":"article","og_title":"Tendances d\u00e9co 2019 : nos 7 coups de c\u0153ur - atHome Blog","og_description":"Qui dit nouvelle ann\u00e9e dit nouvelle inspiration d\u00e9coration et 2019 s\u2019av\u00e8re \u00eatre un bon cru. Voici nos coups de coeur !","og_url":"https:\/\/www.athome.lu\/blog\/en\/my-home\/decoration-2\/tendances-deco-2019-nos-7-coups-de-coeur\/","og_site_name":"atHome Blog","article_publisher":"https:\/\/www.facebook.com\/atHome.lu\/","article_published_time":"2019-01-25T09:22:58+00:00","article_modified_time":"2022-05-11T14:31:55+00:00","og_image":[{"width":2560,"height":1707,"url":"https:\/\/www.athome.lu\/blog\/wp-content\/uploads\/2019\/01\/iStock-1078778052-scaled.jpg","type":"image\/jpeg"}],"author":"Fanny Pimentel","twitter_card":"summary_large_image","twitter_creator":"@athomelu","twitter_site":"@athomelu","twitter_misc":{"Written by":"Fanny Pimentel","Estimated reading time":"3 minutes"},"schema":{"@context":"https:\/\/schema.org","@graph":[{"@type":"Article","@id":"https:\/\/www.athome.lu\/blog\/mon-logement\/meuble-decoration\/tendances-deco-2019-nos-7-coups-de-coeur\/#article","isPartOf":{"@id":"https:\/\/www.athome.lu\/blog\/mon-logement\/meuble-decoration\/tendances-deco-2019-nos-7-coups-de-coeur\/"},"author":{"name":"Fanny Pimentel","@id":"https:\/\/www.athome.lu\/blog\/#\/schema\/person\/47f7a38089f837e792876ceddc4cb2dc"},"headline":"Tendances d\u00e9co 2019 : nos 7 coups de c\u0153ur","datePublished":"2019-01-25T09:22:58+00:00","dateModified":"2022-05-11T14:31:55+00:00","mainEntityOfPage":{"@id":"https:\/\/www.athome.lu\/blog\/mon-logement\/meuble-decoration\/tendances-deco-2019-nos-7-coups-de-coeur\/"},"wordCount":475,"image":{"@id":"https:\/\/www.athome.lu\/blog\/mon-logement\/meuble-decoration\/tendances-deco-2019-nos-7-coups-de-coeur\/#primaryimage"},"thumbnailUrl":"https:\/\/www.athome.lu\/blog\/wp-content\/uploads\/2019\/01\/iStock-1078778052-scaled.jpg","keywords":["D\u00e9coration"],"articleSection":["Meubler et D\u00e9corer"],"inLanguage":"en-GB"},{"@type":"WebPage","@id":"https:\/\/www.athome.lu\/blog\/mon-logement\/meuble-decoration\/tendances-deco-2019-nos-7-coups-de-coeur\/","url":"https:\/\/www.athome.lu\/blog\/mon-logement\/meuble-decoration\/tendances-deco-2019-nos-7-coups-de-coeur\/","name":"Decoration trends for 2019: our 7 favourites - atHome Blog","isPartOf":{"@id":"https:\/\/www.athome.lu\/blog\/#website"},"primaryImageOfPage":{"@id":"https:\/\/www.athome.lu\/blog\/mon-logement\/meuble-decoration\/tendances-deco-2019-nos-7-coups-de-coeur\/#primaryimage"},"image":{"@id":"https:\/\/www.athome.lu\/blog\/mon-logement\/meuble-decoration\/tendances-deco-2019-nos-7-coups-de-coeur\/#primaryimage"},"thumbnailUrl":"https:\/\/www.athome.lu\/blog\/wp-content\/uploads\/2019\/01\/iStock-1078778052-scaled.jpg","datePublished":"2019-01-25T09:22:58+00:00","dateModified":"2022-05-11T14:31:55+00:00","author":{"@id":"https:\/\/www.athome.lu\/blog\/#\/schema\/person\/47f7a38089f837e792876ceddc4cb2dc"},"description":"A new year means new decorating inspiration and 2019 is proving to be a good year. Here are our favourites!","breadcrumb":{"@id":"https:\/\/www.athome.lu\/blog\/mon-logement\/meuble-decoration\/tendances-deco-2019-nos-7-coups-de-coeur\/#breadcrumb"},"inLanguage":"en-GB","potentialAction":[{"@type":"ReadAction","target":["https:\/\/www.athome.lu\/blog\/mon-logement\/meuble-decoration\/tendances-deco-2019-nos-7-coups-de-coeur\/"]}]},{"@type":"ImageObject","inLanguage":"en-GB","@id":"https:\/\/www.athome.lu\/blog\/mon-logement\/meuble-decoration\/tendances-deco-2019-nos-7-coups-de-coeur\/#primaryimage","url":"https:\/\/www.athome.lu\/blog\/wp-content\/uploads\/2019\/01\/iStock-1078778052-scaled.jpg","contentUrl":"https:\/\/www.athome.lu\/blog\/wp-content\/uploads\/2019\/01\/iStock-1078778052-scaled.jpg","width":2560,"height":1707,"caption":"Couleur d\u00e9co 2019"},{"@type":"BreadcrumbList","@id":"https:\/\/www.athome.lu\/blog\/mon-logement\/meuble-decoration\/tendances-deco-2019-nos-7-coups-de-coeur\/#breadcrumb","itemListElement":[{"@type":"ListItem","position":1,"name":"Accueil","item":"https:\/\/www.athome.lu\/blog\/"},{"@type":"ListItem","position":2,"name":"Mon logement","item":"https:\/\/www.athome.lu\/blog\/de\/category\/mein-haus\/"},{"@type":"ListItem","position":3,"name":"Meubler et D\u00e9corer","item":"https:\/\/www.athome.lu\/blog\/de\/category\/mein-haus\/deko-mobel\/"},{"@type":"ListItem","position":4,"name":"Tendances d\u00e9co 2019 : nos 7 coups de c\u0153ur"}]},{"@type":"WebSite","@id":"https:\/\/www.athome.lu\/blog\/#website","url":"https:\/\/www.athome.lu\/blog\/","name":"atHome Blog","description":"Real estate ads in Luxembourg. The n\u00b01 real estate portal in Luxembourg.","potentialAction":[{"@type":"SearchAction","target":{"@type":"EntryPoint","urlTemplate":"https:\/\/www.athome.lu\/blog\/?s={search_term_string}"},"query-input":{"@type":"PropertyValueSpecification","valueRequired":true,"valueName":"search_term_string"}}],"inLanguage":"en-GB"},{"@type":"Person","@id":"https:\/\/www.athome.lu\/blog\/#\/schema\/person\/47f7a38089f837e792876ceddc4cb2dc","name":"Fanny Pimentel","image":{"@type":"ImageObject","inLanguage":"en-GB","@id":"https:\/\/secure.gravatar.com\/avatar\/c60b27b93851dc9503f9cc9150e73dcb0a86ba6150657e5e4b11d988400bc633?s=96&d=mm&r=g","url":"https:\/\/secure.gravatar.com\/avatar\/c60b27b93851dc9503f9cc9150e73dcb0a86ba6150657e5e4b11d988400bc633?s=96&d=mm&r=g","contentUrl":"https:\/\/secure.gravatar.com\/avatar\/c60b27b93851dc9503f9cc9150e73dcb0a86ba6150657e5e4b11d988400bc633?s=96&d=mm&r=g","caption":"Fanny Pimentel"}}]}},"featured_media_src_url":"https:\/\/www.athome.lu\/blog\/wp-content\/uploads\/2019\/01\/iStock-1078778052-scaled-1024x683.jpg","_links":{"self":[{"href":"https:\/\/www.athome.lu\/blog\/en\/wp-json\/wp\/v2\/posts\/11815","targetHints":{"allow":["GET"]}}],"collection":[{"href":"https:\/\/www.athome.lu\/blog\/en\/wp-json\/wp\/v2\/posts"}],"about":[{"href":"https:\/\/www.athome.lu\/blog\/en\/wp-json\/wp\/v2\/types\/post"}],"author":[{"embeddable":true,"href":"https:\/\/www.athome.lu\/blog\/en\/wp-json\/wp\/v2\/users\/17"}],"replies":[{"embeddable":true,"href":"https:\/\/www.athome.lu\/blog\/en\/wp-json\/wp\/v2\/comments?post=11815"}],"version-history":[{"count":2,"href":"https:\/\/www.athome.lu\/blog\/en\/wp-json\/wp\/v2\/posts\/11815\/revisions"}],"predecessor-version":[{"id":15065,"href":"https:\/\/www.athome.lu\/blog\/en\/wp-json\/wp\/v2\/posts\/11815\/revisions\/15065"}],"wp:featuredmedia":[{"embeddable":true,"href":"https:\/\/www.athome.lu\/blog\/en\/wp-json\/wp\/v2\/media\/11819"}],"wp:attachment":[{"href":"https:\/\/www.athome.lu\/blog\/en\/wp-json\/wp\/v2\/media?parent=11815"}],"wp:term":[{"taxonomy":"category","embeddable":true,"href":"https:\/\/www.athome.lu\/blog\/en\/wp-json\/wp\/v2\/categories?post=11815"},{"taxonomy":"post_tag","embeddable":true,"href":"https:\/\/www.athome.lu\/blog\/en\/wp-json\/wp\/v2\/tags?post=11815"}],"curies":[{"name":"wp","href":"https:\/\/api.w.org\/{rel}","templated":true}]}}