{"id":12011,"date":"2019-05-29T08:40:55","date_gmt":"2019-05-29T07:40:55","guid":{"rendered":"https:\/\/www.athome.lu\/blog\/?p=12011"},"modified":"2022-06-14T14:49:37","modified_gmt":"2022-06-14T12:49:37","slug":"rental-what-is-local-charge","status":"publish","type":"post","link":"https:\/\/www.athome.lu\/blog\/en\/louer\/locataire\/location-quest-ce-que-les-charges-locatives\/","title":{"rendered":"Renting: what are rental charges?"},"content":{"rendered":"<p><span style=\"color: #000000;\">Rental charges are the costs associated with the use of the rented property and are payable in addition to the rent. Your landlord is entitled to charge them to you. What are rental charges and how are they calculated?<\/span><\/p>\n\n\n\n<h2 class=\"wp-block-heading\"><span style=\"color: #000000;\">The different forms of rental charges<\/span><\/h2>\n\n\n\n<p><span style=\"color: #000000;\">When renting a flat or a house, the tenant has to pay part of the costs of the use and maintenance of the building and the energy consumption.<\/span><\/p>\n\n\n\n<ul class=\"wp-block-list\"><li><span style=\"color: #000000;\"><strong>Energy-related costs<\/strong> Electricity in common areas, water, heating, etc.<\/span><\/li><li><span style=\"color: #000000;\"><strong>Maintenance costs of the common areas<\/strong> maintenance of the lift, cleaning of the stairwells, gardening, clearing of snow, salary of the caretaker...<\/span><\/li><li><span style=\"color: #000000;\"><strong>Costs related to repairs in the dwelling<\/strong> broken locks, taps or tiles due to inappropriate use or an accident...<\/span><\/li><\/ul>\n\n\n\n<p><span style=\"color: #000000;\"><strong>To be noted<\/strong> The landlord cannot ask the tenant to pay taxes related to the rented accommodation. The landlord will also pay for major repairs, municipal taxes and charges for dilapidated work, even if they are normally part of the rental charges.<\/span><\/p>\n\n\n\n<p>If you have a dispute with your landlord about the fixing of charges, consult <a href=\"https:\/\/guichet.public.lu\/fr\/citoyens\/logement\/location\/litige\/regler-litige-fixation-loyer.html\">this article<\/a>.<\/p>\n\n\n\n<h2 class=\"wp-block-heading\"><span style=\"color: #000000;\">Pay attention to the co-ownership regulations!<\/span><\/h2>\n\n\n\n<p><span style=\"color: #000000;\">Are there certain charges that are not mentioned in your rental agreement and yet you are asked to pay them? You should know that if the co-ownership regulations mention a division of these costs between the tenants, this clause prevails over your <a href=\"https:\/\/www.athome.lu\/blog\/blog\/louer\/bailleurs\/le-contenu-du-contrat-de-bail\/\">lease contract<\/a>. You will therefore be required to pay these rental charges.<\/span><\/p>\n\n\n\n<p>Finally, in the case of a condominium, only costs related to a service or equipment used by the tenant are charged to the tenant. Lift costs may not appear in the rental charges for a ground floor flat, for example.<\/p>\n\n\n<section id=\"section-3-14695\" class=\"ct-section\" ><div class=\"ct-section-inner-wrap\"><div id=\"div_block-4-14695\" class=\"ct-div-block\" ><div id=\"new_columns-7-14695\" class=\"ct-new-columns\" ><div id=\"div_block-8-14695\" class=\"ct-div-block\" ><div id=\"div_block-14-14695\" class=\"ct-div-block\" ><\/div><\/div><div id=\"div_block-9-14695\" class=\"ct-div-block\" ><h1 id=\"headline-11-14695\" class=\"ct-headline\">What are the property prices at the moment?<\/h1><div id=\"text_block-12-14695\" class=\"ct-text-block\" >Prices are slowing down. Interest rates are rising. What are the trends for the coming months?<\/div><a id=\"link_button-13-14695\" class=\"ct-link-button\" href=\"https:\/\/www.athome.lu\/blog\/blog\/marche-immobilier\/prix\/tendances-2022\/\" target=\"_blank\"  >Read the analysis<\/a><\/div><\/div><\/div><\/div><\/section>\n\n\n<h2 class=\"wp-block-heading\"><span style=\"color: #000000;\">How to pay your rental charges?<\/span><\/h2>\n\n\n\n<p><span style=\"color: #000000;\">The landlord is entitled to ask for advances on charges even if this is not mentioned in the lease agreement. These must be reasonably calculated on the basis of the rental charges that the tenant will actually have to pay. From the second year of the lease onwards, these advances will be based on the consumption of the year N-1. The periodicity of the advances can be decided jointly by the two parties. A regularisation of the charges is carried out at the end of the financial year.<br><\/span><br><span style=\"color: #000000;\">If the advance payment principle does not suit both the lessor and the lessor, it is possible to switch to the flat rate system at any time.<br><\/span><br><span style=\"color: #000000;\"><strong>Good to know<\/strong> In some cases, one of the parties may wish to increase or decrease the amount of the advances. This request must be made in writing. If an agreement is not reached, the rent board can intervene and deliberate on the amount of the advance payment of rental charges. This procedure can only be carried out if the accommodation has been rented for more than 6 months by the current tenant.<\/span><\/p>","protected":false},"excerpt":{"rendered":"<p>\u00c0 payer en plus du montant du loyer, les charges locatives sont les frais li\u00e9s \u00e0 l\u2019utilisation du bien immobilier lou\u00e9. Votre propri\u00e9taire est en droit de vous les r\u00e9clamer. Que comprennent les charges locatives et comment sont-elles calcul\u00e9es ? Les diff\u00e9rentes formes de charges locatives Lorsqu\u2019il loue un appartement ou une maison, le locataire [&hellip;]<\/p>\n","protected":false},"author":17,"featured_media":11428,"comment_status":"closed","ping_status":"open","sticky":false,"template":"","format":"standard","meta":{"_acf_changed":false,"footnotes":""},"categories":[229],"tags":[49],"class_list":["post-12011","post","type-post","status-publish","format-standard","has-post-thumbnail","hentry","category-locataire","tag-location"],"acf":[],"yoast_head":"<!-- This site is optimized with the Yoast SEO plugin v27.4 - https:\/\/yoast.com\/product\/yoast-seo-wordpress\/ -->\n<title>Charges Locatives : ce qui est inclus, ce qui ne l&#039;est pas. - atHome Blog<\/title>\n<meta name=\"description\" content=\"\u00c0 payer en plus du montant du loyer, les charges locatives sont les frais li\u00e9s \u00e0 l\u2019utilisation du bien immobilier lou\u00e9. On vous explique tout\" \/>\n<meta name=\"robots\" content=\"index, follow, max-snippet:-1, max-image-preview:large, max-video-preview:-1\" \/>\n<link rel=\"canonical\" href=\"https:\/\/www.athome.lu\/blog\/en\/rent\/tenant\/rental-what-is-local-charge\/\" \/>\n<meta property=\"og:locale\" content=\"en_GB\" \/>\n<meta property=\"og:type\" content=\"article\" \/>\n<meta property=\"og:title\" content=\"Charges Locatives : ce qui est inclus, ce qui ne l&#039;est pas. - atHome Blog\" \/>\n<meta property=\"og:description\" content=\"\u00c0 payer en plus du montant du loyer, les charges locatives sont les frais li\u00e9s \u00e0 l\u2019utilisation du bien immobilier lou\u00e9. On vous explique tout\" \/>\n<meta property=\"og:url\" content=\"https:\/\/www.athome.lu\/blog\/en\/rent\/tenant\/rental-what-is-local-charge\/\" \/>\n<meta property=\"og:site_name\" content=\"atHome Blog\" \/>\n<meta property=\"article:publisher\" content=\"https:\/\/www.facebook.com\/atHome.lu\/\" \/>\n<meta property=\"article:published_time\" content=\"2019-05-29T07:40:55+00:00\" \/>\n<meta property=\"article:modified_time\" content=\"2022-06-14T12:49:37+00:00\" \/>\n<meta property=\"og:image\" content=\"https:\/\/www.athome.lu\/blog\/wp-content\/uploads\/2018\/07\/luminosite-iStock-679932590.jpg\" \/>\n\t<meta property=\"og:image:width\" content=\"1200\" \/>\n\t<meta property=\"og:image:height\" content=\"800\" \/>\n\t<meta property=\"og:image:type\" content=\"image\/jpeg\" \/>\n<meta name=\"author\" content=\"Fanny Pimentel\" \/>\n<meta name=\"twitter:card\" content=\"summary_large_image\" \/>\n<meta name=\"twitter:creator\" content=\"@athomelu\" \/>\n<meta name=\"twitter:site\" content=\"@athomelu\" \/>\n<meta name=\"twitter:label1\" content=\"Written by\" \/>\n\t<meta name=\"twitter:data1\" content=\"Fanny Pimentel\" \/>\n\t<meta name=\"twitter:label2\" content=\"Estimated reading time\" \/>\n\t<meta name=\"twitter:data2\" content=\"3 minutes\" \/>\n<script type=\"application\/ld+json\" class=\"yoast-schema-graph\">{\"@context\":\"https:\\\/\\\/schema.org\",\"@graph\":[{\"@type\":\"Article\",\"@id\":\"https:\\\/\\\/www.athome.lu\\\/blog\\\/louer\\\/locataire\\\/location-quest-ce-que-les-charges-locatives\\\/#article\",\"isPartOf\":{\"@id\":\"https:\\\/\\\/www.athome.lu\\\/blog\\\/louer\\\/locataire\\\/location-quest-ce-que-les-charges-locatives\\\/\"},\"author\":{\"name\":\"Fanny Pimentel\",\"@id\":\"https:\\\/\\\/www.athome.lu\\\/blog\\\/#\\\/schema\\\/person\\\/47f7a38089f837e792876ceddc4cb2dc\"},\"headline\":\"Location : qu\u2019est-ce que les charges locatives ?\",\"datePublished\":\"2019-05-29T07:40:55+00:00\",\"dateModified\":\"2022-06-14T12:49:37+00:00\",\"mainEntityOfPage\":{\"@id\":\"https:\\\/\\\/www.athome.lu\\\/blog\\\/louer\\\/locataire\\\/location-quest-ce-que-les-charges-locatives\\\/\"},\"wordCount\":544,\"image\":{\"@id\":\"https:\\\/\\\/www.athome.lu\\\/blog\\\/louer\\\/locataire\\\/location-quest-ce-que-les-charges-locatives\\\/#primaryimage\"},\"thumbnailUrl\":\"https:\\\/\\\/www.athome.lu\\\/blog\\\/wp-content\\\/uploads\\\/2018\\\/07\\\/luminosite-iStock-679932590.jpg\",\"keywords\":[\"Location\"],\"articleSection\":[\"Locataire\"],\"inLanguage\":\"en-GB\"},{\"@type\":\"WebPage\",\"@id\":\"https:\\\/\\\/www.athome.lu\\\/blog\\\/louer\\\/locataire\\\/location-quest-ce-que-les-charges-locatives\\\/\",\"url\":\"https:\\\/\\\/www.athome.lu\\\/blog\\\/louer\\\/locataire\\\/location-quest-ce-que-les-charges-locatives\\\/\",\"name\":\"Charges Locatives : ce qui est inclus, ce qui ne l'est pas. - atHome Blog\",\"isPartOf\":{\"@id\":\"https:\\\/\\\/www.athome.lu\\\/blog\\\/#website\"},\"primaryImageOfPage\":{\"@id\":\"https:\\\/\\\/www.athome.lu\\\/blog\\\/louer\\\/locataire\\\/location-quest-ce-que-les-charges-locatives\\\/#primaryimage\"},\"image\":{\"@id\":\"https:\\\/\\\/www.athome.lu\\\/blog\\\/louer\\\/locataire\\\/location-quest-ce-que-les-charges-locatives\\\/#primaryimage\"},\"thumbnailUrl\":\"https:\\\/\\\/www.athome.lu\\\/blog\\\/wp-content\\\/uploads\\\/2018\\\/07\\\/luminosite-iStock-679932590.jpg\",\"datePublished\":\"2019-05-29T07:40:55+00:00\",\"dateModified\":\"2022-06-14T12:49:37+00:00\",\"author\":{\"@id\":\"https:\\\/\\\/www.athome.lu\\\/blog\\\/#\\\/schema\\\/person\\\/47f7a38089f837e792876ceddc4cb2dc\"},\"description\":\"\u00c0 payer en plus du montant du loyer, les charges locatives sont les frais li\u00e9s \u00e0 l\u2019utilisation du bien immobilier lou\u00e9. On vous explique tout\",\"breadcrumb\":{\"@id\":\"https:\\\/\\\/www.athome.lu\\\/blog\\\/louer\\\/locataire\\\/location-quest-ce-que-les-charges-locatives\\\/#breadcrumb\"},\"inLanguage\":\"en-GB\",\"potentialAction\":[{\"@type\":\"ReadAction\",\"target\":[\"https:\\\/\\\/www.athome.lu\\\/blog\\\/louer\\\/locataire\\\/location-quest-ce-que-les-charges-locatives\\\/\"]}]},{\"@type\":\"ImageObject\",\"inLanguage\":\"en-GB\",\"@id\":\"https:\\\/\\\/www.athome.lu\\\/blog\\\/louer\\\/locataire\\\/location-quest-ce-que-les-charges-locatives\\\/#primaryimage\",\"url\":\"https:\\\/\\\/www.athome.lu\\\/blog\\\/wp-content\\\/uploads\\\/2018\\\/07\\\/luminosite-iStock-679932590.jpg\",\"contentUrl\":\"https:\\\/\\\/www.athome.lu\\\/blog\\\/wp-content\\\/uploads\\\/2018\\\/07\\\/luminosite-iStock-679932590.jpg\",\"width\":1200,\"height\":800,\"caption\":\"Dossier de location et Charges Locatives\"},{\"@type\":\"BreadcrumbList\",\"@id\":\"https:\\\/\\\/www.athome.lu\\\/blog\\\/louer\\\/locataire\\\/location-quest-ce-que-les-charges-locatives\\\/#breadcrumb\",\"itemListElement\":[{\"@type\":\"ListItem\",\"position\":1,\"name\":\"Accueil\",\"item\":\"https:\\\/\\\/www.athome.lu\\\/blog\\\/\"},{\"@type\":\"ListItem\",\"position\":2,\"name\":\"Louer\",\"item\":\"https:\\\/\\\/www.athome.lu\\\/blog\\\/category\\\/louer\\\/\"},{\"@type\":\"ListItem\",\"position\":3,\"name\":\"Locataire\",\"item\":\"https:\\\/\\\/www.athome.lu\\\/blog\\\/category\\\/louer\\\/locataire\\\/\"},{\"@type\":\"ListItem\",\"position\":4,\"name\":\"Location : qu\u2019est-ce que les charges locatives ?\"}]},{\"@type\":\"WebSite\",\"@id\":\"https:\\\/\\\/www.athome.lu\\\/blog\\\/#website\",\"url\":\"https:\\\/\\\/www.athome.lu\\\/blog\\\/\",\"name\":\"atHome Blog\",\"description\":\"Annonces immobili\u00e8res au Luxembourg. Le portail immobilier n\u00b01 au Luxembourg.\",\"potentialAction\":[{\"@type\":\"SearchAction\",\"target\":{\"@type\":\"EntryPoint\",\"urlTemplate\":\"https:\\\/\\\/www.athome.lu\\\/blog\\\/?s={search_term_string}\"},\"query-input\":{\"@type\":\"PropertyValueSpecification\",\"valueRequired\":true,\"valueName\":\"search_term_string\"}}],\"inLanguage\":\"en-GB\"},{\"@type\":\"Person\",\"@id\":\"https:\\\/\\\/www.athome.lu\\\/blog\\\/#\\\/schema\\\/person\\\/47f7a38089f837e792876ceddc4cb2dc\",\"name\":\"Fanny Pimentel\",\"image\":{\"@type\":\"ImageObject\",\"inLanguage\":\"en-GB\",\"@id\":\"https:\\\/\\\/secure.gravatar.com\\\/avatar\\\/c60b27b93851dc9503f9cc9150e73dcb0a86ba6150657e5e4b11d988400bc633?s=96&d=mm&r=g\",\"url\":\"https:\\\/\\\/secure.gravatar.com\\\/avatar\\\/c60b27b93851dc9503f9cc9150e73dcb0a86ba6150657e5e4b11d988400bc633?s=96&d=mm&r=g\",\"contentUrl\":\"https:\\\/\\\/secure.gravatar.com\\\/avatar\\\/c60b27b93851dc9503f9cc9150e73dcb0a86ba6150657e5e4b11d988400bc633?s=96&d=mm&r=g\",\"caption\":\"Fanny Pimentel\"}}]}<\/script>\n<!-- \/ Yoast SEO plugin. -->","yoast_head_json":{"title":"Rental charges: what is included, what is not. - atHome Blog","description":"Rental charges are the costs associated with the use of the rented property and are payable in addition to the rent. We explain everything to you","robots":{"index":"index","follow":"follow","max-snippet":"max-snippet:-1","max-image-preview":"max-image-preview:large","max-video-preview":"max-video-preview:-1"},"canonical":"https:\/\/www.athome.lu\/blog\/en\/rent\/tenant\/rental-what-is-local-charge\/","og_locale":"en_GB","og_type":"article","og_title":"Charges Locatives : ce qui est inclus, ce qui ne l'est pas. - atHome Blog","og_description":"\u00c0 payer en plus du montant du loyer, les charges locatives sont les frais li\u00e9s \u00e0 l\u2019utilisation du bien immobilier lou\u00e9. On vous explique tout","og_url":"https:\/\/www.athome.lu\/blog\/en\/rent\/tenant\/rental-what-is-local-charge\/","og_site_name":"atHome Blog","article_publisher":"https:\/\/www.facebook.com\/atHome.lu\/","article_published_time":"2019-05-29T07:40:55+00:00","article_modified_time":"2022-06-14T12:49:37+00:00","og_image":[{"width":1200,"height":800,"url":"https:\/\/www.athome.lu\/blog\/wp-content\/uploads\/2018\/07\/luminosite-iStock-679932590.jpg","type":"image\/jpeg"}],"author":"Fanny Pimentel","twitter_card":"summary_large_image","twitter_creator":"@athomelu","twitter_site":"@athomelu","twitter_misc":{"Written by":"Fanny Pimentel","Estimated reading time":"3 minutes"},"schema":{"@context":"https:\/\/schema.org","@graph":[{"@type":"Article","@id":"https:\/\/www.athome.lu\/blog\/louer\/locataire\/location-quest-ce-que-les-charges-locatives\/#article","isPartOf":{"@id":"https:\/\/www.athome.lu\/blog\/louer\/locataire\/location-quest-ce-que-les-charges-locatives\/"},"author":{"name":"Fanny Pimentel","@id":"https:\/\/www.athome.lu\/blog\/#\/schema\/person\/47f7a38089f837e792876ceddc4cb2dc"},"headline":"Location : qu\u2019est-ce que les charges locatives ?","datePublished":"2019-05-29T07:40:55+00:00","dateModified":"2022-06-14T12:49:37+00:00","mainEntityOfPage":{"@id":"https:\/\/www.athome.lu\/blog\/louer\/locataire\/location-quest-ce-que-les-charges-locatives\/"},"wordCount":544,"image":{"@id":"https:\/\/www.athome.lu\/blog\/louer\/locataire\/location-quest-ce-que-les-charges-locatives\/#primaryimage"},"thumbnailUrl":"https:\/\/www.athome.lu\/blog\/wp-content\/uploads\/2018\/07\/luminosite-iStock-679932590.jpg","keywords":["Location"],"articleSection":["Locataire"],"inLanguage":"en-GB"},{"@type":"WebPage","@id":"https:\/\/www.athome.lu\/blog\/louer\/locataire\/location-quest-ce-que-les-charges-locatives\/","url":"https:\/\/www.athome.lu\/blog\/louer\/locataire\/location-quest-ce-que-les-charges-locatives\/","name":"Rental charges: what is included, what is not. - atHome Blog","isPartOf":{"@id":"https:\/\/www.athome.lu\/blog\/#website"},"primaryImageOfPage":{"@id":"https:\/\/www.athome.lu\/blog\/louer\/locataire\/location-quest-ce-que-les-charges-locatives\/#primaryimage"},"image":{"@id":"https:\/\/www.athome.lu\/blog\/louer\/locataire\/location-quest-ce-que-les-charges-locatives\/#primaryimage"},"thumbnailUrl":"https:\/\/www.athome.lu\/blog\/wp-content\/uploads\/2018\/07\/luminosite-iStock-679932590.jpg","datePublished":"2019-05-29T07:40:55+00:00","dateModified":"2022-06-14T12:49:37+00:00","author":{"@id":"https:\/\/www.athome.lu\/blog\/#\/schema\/person\/47f7a38089f837e792876ceddc4cb2dc"},"description":"Rental charges are the costs associated with the use of the rented property and are payable in addition to the rent. We explain everything to you","breadcrumb":{"@id":"https:\/\/www.athome.lu\/blog\/louer\/locataire\/location-quest-ce-que-les-charges-locatives\/#breadcrumb"},"inLanguage":"en-GB","potentialAction":[{"@type":"ReadAction","target":["https:\/\/www.athome.lu\/blog\/louer\/locataire\/location-quest-ce-que-les-charges-locatives\/"]}]},{"@type":"ImageObject","inLanguage":"en-GB","@id":"https:\/\/www.athome.lu\/blog\/louer\/locataire\/location-quest-ce-que-les-charges-locatives\/#primaryimage","url":"https:\/\/www.athome.lu\/blog\/wp-content\/uploads\/2018\/07\/luminosite-iStock-679932590.jpg","contentUrl":"https:\/\/www.athome.lu\/blog\/wp-content\/uploads\/2018\/07\/luminosite-iStock-679932590.jpg","width":1200,"height":800,"caption":"Dossier de location et Charges Locatives"},{"@type":"BreadcrumbList","@id":"https:\/\/www.athome.lu\/blog\/louer\/locataire\/location-quest-ce-que-les-charges-locatives\/#breadcrumb","itemListElement":[{"@type":"ListItem","position":1,"name":"Accueil","item":"https:\/\/www.athome.lu\/blog\/"},{"@type":"ListItem","position":2,"name":"Louer","item":"https:\/\/www.athome.lu\/blog\/category\/louer\/"},{"@type":"ListItem","position":3,"name":"Locataire","item":"https:\/\/www.athome.lu\/blog\/category\/louer\/locataire\/"},{"@type":"ListItem","position":4,"name":"Location : qu\u2019est-ce que les charges locatives ?"}]},{"@type":"WebSite","@id":"https:\/\/www.athome.lu\/blog\/#website","url":"https:\/\/www.athome.lu\/blog\/","name":"atHome Blog","description":"Real estate ads in Luxembourg. The n\u00b01 real estate portal in Luxembourg.","potentialAction":[{"@type":"SearchAction","target":{"@type":"EntryPoint","urlTemplate":"https:\/\/www.athome.lu\/blog\/?s={search_term_string}"},"query-input":{"@type":"PropertyValueSpecification","valueRequired":true,"valueName":"search_term_string"}}],"inLanguage":"en-GB"},{"@type":"Person","@id":"https:\/\/www.athome.lu\/blog\/#\/schema\/person\/47f7a38089f837e792876ceddc4cb2dc","name":"Fanny Pimentel","image":{"@type":"ImageObject","inLanguage":"en-GB","@id":"https:\/\/secure.gravatar.com\/avatar\/c60b27b93851dc9503f9cc9150e73dcb0a86ba6150657e5e4b11d988400bc633?s=96&d=mm&r=g","url":"https:\/\/secure.gravatar.com\/avatar\/c60b27b93851dc9503f9cc9150e73dcb0a86ba6150657e5e4b11d988400bc633?s=96&d=mm&r=g","contentUrl":"https:\/\/secure.gravatar.com\/avatar\/c60b27b93851dc9503f9cc9150e73dcb0a86ba6150657e5e4b11d988400bc633?s=96&d=mm&r=g","caption":"Fanny Pimentel"}}]}},"featured_media_src_url":"https:\/\/www.athome.lu\/blog\/wp-content\/uploads\/2018\/07\/luminosite-iStock-679932590-1024x683.jpg","_links":{"self":[{"href":"https:\/\/www.athome.lu\/blog\/en\/wp-json\/wp\/v2\/posts\/12011","targetHints":{"allow":["GET"]}}],"collection":[{"href":"https:\/\/www.athome.lu\/blog\/en\/wp-json\/wp\/v2\/posts"}],"about":[{"href":"https:\/\/www.athome.lu\/blog\/en\/wp-json\/wp\/v2\/types\/post"}],"author":[{"embeddable":true,"href":"https:\/\/www.athome.lu\/blog\/en\/wp-json\/wp\/v2\/users\/17"}],"replies":[{"embeddable":true,"href":"https:\/\/www.athome.lu\/blog\/en\/wp-json\/wp\/v2\/comments?post=12011"}],"version-history":[{"count":3,"href":"https:\/\/www.athome.lu\/blog\/en\/wp-json\/wp\/v2\/posts\/12011\/revisions"}],"predecessor-version":[{"id":15548,"href":"https:\/\/www.athome.lu\/blog\/en\/wp-json\/wp\/v2\/posts\/12011\/revisions\/15548"}],"wp:featuredmedia":[{"embeddable":true,"href":"https:\/\/www.athome.lu\/blog\/en\/wp-json\/wp\/v2\/media\/11428"}],"wp:attachment":[{"href":"https:\/\/www.athome.lu\/blog\/en\/wp-json\/wp\/v2\/media?parent=12011"}],"wp:term":[{"taxonomy":"category","embeddable":true,"href":"https:\/\/www.athome.lu\/blog\/en\/wp-json\/wp\/v2\/categories?post=12011"},{"taxonomy":"post_tag","embeddable":true,"href":"https:\/\/www.athome.lu\/blog\/en\/wp-json\/wp\/v2\/tags?post=12011"}],"curies":[{"name":"wp","href":"https:\/\/api.w.org\/{rel}","templated":true}]}}