{"id":12031,"date":"2019-06-05T08:55:32","date_gmt":"2019-06-05T07:55:32","guid":{"rendered":"https:\/\/www.athome.lu\/blog\/?p=12031"},"modified":"2022-05-11T16:24:09","modified_gmt":"2022-05-11T14:24:09","slug":"how-to-set-up-your-roof","status":"publish","type":"post","link":"https:\/\/www.athome.lu\/blog\/en\/mon-logement\/meuble-decoration\/comment-amenager-sa-terrasse\/","title":{"rendered":"How to design your terrace?"},"content":{"rendered":"<p><span style=\"color: #000000;\">With the arrival of the warm weather, it is always a pleasure to reinvest your terrace. This year, you can be seduced by the colours or opt for a total wood-coloured decoration. Furniture, vegetation and decoration... we reveal our tips for designing small balconies or large terraces.<\/span><\/p>\n\n\n\n<h2 class=\"wp-block-heading\"><span style=\"color: #000000;\">Balcony: it's all about optimising space<\/span><\/h2>\n\n\n\n<p><span style=\"color: #000000;\">It is possible to furnish a balcony without overloading it, provided that you select garden furniture and outdoor decoration that is compatible with the space. For seating, opt for folding chairs or armchairs. If possible, choose a table with a folding top. You can then lie in the sun on a deckchair... foldable of course.<br><\/span><br><span style=\"color: #000000;\">Just because you are short of space does not mean you have to do without vegetation. A good solution is to opt for a plant wall attached to the partition wall of your balcony. Plants or herbs will grow there at their own pace.<\/span><\/p>\n\n\n\n<figure class=\"wp-block-image\"><a href=\"https:\/\/www.athome.lu\/blog\/blog\/wp-content\/uploads\/2019\/06\/balcon-iStock-1043529520.jpg\"><img loading=\"lazy\" decoding=\"async\" width=\"1024\" height=\"684\" src=\"https:\/\/www.athome.lu\/blog\/blog\/wp-content\/uploads\/2019\/06\/balcon-iStock-1043529520-1024x684.jpg\" alt=\"\" class=\"wp-image-12034\" srcset=\"https:\/\/www.athome.lu\/blog\/wp-content\/uploads\/2019\/06\/balcon-iStock-1043529520-1024x684.jpg 1024w, https:\/\/www.athome.lu\/blog\/wp-content\/uploads\/2019\/06\/balcon-iStock-1043529520-300x200.jpg 300w, https:\/\/www.athome.lu\/blog\/wp-content\/uploads\/2019\/06\/balcon-iStock-1043529520-768x513.jpg 768w, https:\/\/www.athome.lu\/blog\/wp-content\/uploads\/2019\/06\/balcon-iStock-1043529520-18x12.jpg 18w, https:\/\/www.athome.lu\/blog\/wp-content\/uploads\/2019\/06\/balcon-iStock-1043529520.jpg 1200w\" sizes=\"auto, (max-width: 1024px) 100vw, 1024px\" \/><\/a><\/figure>\n\n\n\n<h2 class=\"wp-block-heading\"><span style=\"color: #000000;\">Terrace: how to create well-defined spaces?<\/span><\/h2>\n\n\n\n<p><span style=\"color: #000000;\">A dining area, a reading room, a solarium... the creation of areas dedicated to certain activities is entirely possible on a terrace. To achieve this, proceed as follows:<br><\/span><br><span style=\"color: #000000;\">- <strong>Define the areas to be developed<\/strong> Think about what you want and need. Be realistic about the space you have available and avoid overloading your terrace with furniture and other accessories.<\/span><\/p>\n\n\n\n<p><br><span style=\"color: #000000;\">- <strong>Choosing the mode of separation<\/strong> Designing a terrace by creating different spaces can be done with furniture, but also with floor coverings or natural barriers. A screen made of climbing plants or bamboo can nicely isolate a relaxation area, while tiles or wood different from the one already present can be used to visualise the dining area for example.<\/span><\/p>\n\n\n\n<p><br><span style=\"color: #000000;\">- <strong>Determining the style<\/strong> Finally, decorate your terrace in the style of your choice. Nature spirit with wooden furniture, Parisian bistro style with canisse or bamboo chairs, design concept with designer pieces... create a harmonious space that suits you and in which you will feel good.<\/span><\/p>\n\n\n\n<div class=\"wp-block-image\"><figure class=\"aligncenter\"><a href=\"https:\/\/www.athome.lu\/blog\/blog\/wp-content\/uploads\/2019\/06\/terrasse-iStock-609089692.jpg\"><img loading=\"lazy\" decoding=\"async\" width=\"1024\" height=\"682\" src=\"https:\/\/www.athome.lu\/blog\/blog\/wp-content\/uploads\/2019\/06\/terrasse-iStock-609089692-1024x682.jpg\" alt=\"\" class=\"wp-image-12035\" srcset=\"https:\/\/www.athome.lu\/blog\/wp-content\/uploads\/2019\/06\/terrasse-iStock-609089692-1024x682.jpg 1024w, https:\/\/www.athome.lu\/blog\/wp-content\/uploads\/2019\/06\/terrasse-iStock-609089692-300x200.jpg 300w, https:\/\/www.athome.lu\/blog\/wp-content\/uploads\/2019\/06\/terrasse-iStock-609089692-768x512.jpg 768w, https:\/\/www.athome.lu\/blog\/wp-content\/uploads\/2019\/06\/terrasse-iStock-609089692-18x12.jpg 18w, https:\/\/www.athome.lu\/blog\/wp-content\/uploads\/2019\/06\/terrasse-iStock-609089692.jpg 1379w\" sizes=\"auto, (max-width: 1024px) 100vw, 1024px\" \/><\/a><\/figure><\/div>\n\n\n\n<h2 class=\"wp-block-heading\"><span style=\"color: #000000;\">Choosing your outdoor lighting<\/span><\/h2>\n\n\n\n<p><span style=\"color: #000000;\">Finally, the finishing touch to your patio design is the lighting. LED lamps that are easy to move around or integrated spotlights designed to withstand all weathers, the lights dress up your terrace. Blue lights, coloured lights or warm intimate lights... today garden lamps are nomadic or on a stand like a giant lampshade. For an additional and ecological light, solar lights to be planted in the ground offer you a few hours of lighting with zero impact on nature.<br><\/span><br><span style=\"color: #000000;\">Whether on your own or with the help of a professional, designing a terrace is a great way to create a space dedicated to outdoor living. With the arrival of the summer months, specialist shops are full of good ideas for outdoor work and decoration for all budgets.<\/span><\/p>\n\n\n<section id=\"section-3-14695\" class=\"ct-section\" ><div class=\"ct-section-inner-wrap\"><div id=\"div_block-4-14695\" class=\"ct-div-block\" ><div id=\"new_columns-7-14695\" class=\"ct-new-columns\" ><div id=\"div_block-8-14695\" class=\"ct-div-block\" ><div id=\"div_block-14-14695\" class=\"ct-div-block\" ><\/div><\/div><div id=\"div_block-9-14695\" class=\"ct-div-block\" ><h1 id=\"headline-11-14695\" class=\"ct-headline\">What are the property prices at the moment?<\/h1><div id=\"text_block-12-14695\" class=\"ct-text-block\" >Prices are slowing down. Interest rates are rising. What are the trends for the coming months?<\/div><a id=\"link_button-13-14695\" class=\"ct-link-button\" href=\"https:\/\/www.athome.lu\/blog\/blog\/marche-immobilier\/prix\/tendances-2022\/\" target=\"_blank\"  >Read the analysis<\/a><\/div><\/div><\/div><\/div><\/section>\n\n\n<p>&nbsp;<\/p>","protected":false},"excerpt":{"rendered":"<p>\u00c0 l\u2019arriv\u00e9e des beaux jours, c\u2019est toujours un plaisir de r\u00e9investir sa terrasse. Cette ann\u00e9e on se laisse s\u00e9duire par les couleurs ou on opte pour une totale d\u00e9co couleur bois. Mobilier, v\u00e9g\u00e9tation et d\u00e9coration\u2026 on vous d\u00e9voile nos astuces pour am\u00e9nager petits balcons ou grandes terrasses. Balcon : tout est une question d\u2019optimisation de [&hellip;]<\/p>\n","protected":false},"author":17,"featured_media":12033,"comment_status":"closed","ping_status":"closed","sticky":false,"template":"","format":"standard","meta":{"_acf_changed":false,"footnotes":""},"categories":[210],"tags":[89],"class_list":["post-12031","post","type-post","status-publish","format-standard","has-post-thumbnail","hentry","category-meuble-decoration","tag-jardin-terrasse"],"acf":[],"yoast_head":"<!-- This site is optimized with the Yoast SEO plugin v27.4 - https:\/\/yoast.com\/product\/yoast-seo-wordpress\/ -->\n<title>Comment am\u00e9nager sa terrasse ? - atHome Blog<\/title>\n<meta name=\"description\" content=\"\u00c0 l\u2019arriv\u00e9e des beaux jours, c\u2019est toujours un plaisir de r\u00e9investir sa terrasse. Cette ann\u00e9e on se laisse s\u00e9duire par les couleurs ou on opte pour une totale d\u00e9co couleur bois.\" \/>\n<meta name=\"robots\" content=\"index, follow, max-snippet:-1, max-image-preview:large, max-video-preview:-1\" \/>\n<link rel=\"canonical\" href=\"https:\/\/www.athome.lu\/blog\/en\/my-home\/decoration-2\/how-to-set-up-your-roof\/\" \/>\n<meta property=\"og:locale\" content=\"en_GB\" \/>\n<meta property=\"og:type\" content=\"article\" \/>\n<meta property=\"og:title\" content=\"Comment am\u00e9nager sa terrasse ? - atHome Blog\" \/>\n<meta property=\"og:description\" content=\"\u00c0 l\u2019arriv\u00e9e des beaux jours, c\u2019est toujours un plaisir de r\u00e9investir sa terrasse. Cette ann\u00e9e on se laisse s\u00e9duire par les couleurs ou on opte pour une totale d\u00e9co couleur bois.\" \/>\n<meta property=\"og:url\" content=\"https:\/\/www.athome.lu\/blog\/en\/my-home\/decoration-2\/how-to-set-up-your-roof\/\" \/>\n<meta property=\"og:site_name\" content=\"atHome Blog\" \/>\n<meta property=\"article:publisher\" content=\"https:\/\/www.facebook.com\/atHome.lu\/\" \/>\n<meta property=\"article:published_time\" content=\"2019-06-05T07:55:32+00:00\" \/>\n<meta property=\"article:modified_time\" content=\"2022-05-11T14:24:09+00:00\" \/>\n<meta property=\"og:image\" content=\"https:\/\/www.athome.lu\/blog\/wp-content\/uploads\/2019\/06\/terrace-4237047_1280.jpg\" \/>\n\t<meta property=\"og:image:width\" content=\"1280\" \/>\n\t<meta property=\"og:image:height\" content=\"847\" \/>\n\t<meta property=\"og:image:type\" content=\"image\/jpeg\" \/>\n<meta name=\"author\" content=\"Fanny Pimentel\" \/>\n<meta name=\"twitter:card\" content=\"summary_large_image\" \/>\n<meta name=\"twitter:creator\" content=\"@athomelu\" \/>\n<meta name=\"twitter:site\" content=\"@athomelu\" \/>\n<meta name=\"twitter:label1\" content=\"Written by\" \/>\n\t<meta name=\"twitter:data1\" content=\"Fanny Pimentel\" \/>\n\t<meta name=\"twitter:label2\" content=\"Estimated reading time\" \/>\n\t<meta name=\"twitter:data2\" content=\"3 minutes\" \/>\n<script type=\"application\/ld+json\" class=\"yoast-schema-graph\">{\"@context\":\"https:\\\/\\\/schema.org\",\"@graph\":[{\"@type\":\"Article\",\"@id\":\"https:\\\/\\\/www.athome.lu\\\/blog\\\/mon-logement\\\/meuble-decoration\\\/comment-amenager-sa-terrasse\\\/#article\",\"isPartOf\":{\"@id\":\"https:\\\/\\\/www.athome.lu\\\/blog\\\/mon-logement\\\/meuble-decoration\\\/comment-amenager-sa-terrasse\\\/\"},\"author\":{\"name\":\"Fanny Pimentel\",\"@id\":\"https:\\\/\\\/www.athome.lu\\\/blog\\\/#\\\/schema\\\/person\\\/47f7a38089f837e792876ceddc4cb2dc\"},\"headline\":\"Comment am\u00e9nager sa terrasse ?\",\"datePublished\":\"2019-06-05T07:55:32+00:00\",\"dateModified\":\"2022-05-11T14:24:09+00:00\",\"mainEntityOfPage\":{\"@id\":\"https:\\\/\\\/www.athome.lu\\\/blog\\\/mon-logement\\\/meuble-decoration\\\/comment-amenager-sa-terrasse\\\/\"},\"wordCount\":553,\"image\":{\"@id\":\"https:\\\/\\\/www.athome.lu\\\/blog\\\/mon-logement\\\/meuble-decoration\\\/comment-amenager-sa-terrasse\\\/#primaryimage\"},\"thumbnailUrl\":\"https:\\\/\\\/www.athome.lu\\\/blog\\\/wp-content\\\/uploads\\\/2019\\\/06\\\/terrace-4237047_1280.jpg\",\"keywords\":[\"Jardin &amp; terrasse\"],\"articleSection\":[\"Meubler et D\u00e9corer\"],\"inLanguage\":\"en-GB\"},{\"@type\":\"WebPage\",\"@id\":\"https:\\\/\\\/www.athome.lu\\\/blog\\\/mon-logement\\\/meuble-decoration\\\/comment-amenager-sa-terrasse\\\/\",\"url\":\"https:\\\/\\\/www.athome.lu\\\/blog\\\/mon-logement\\\/meuble-decoration\\\/comment-amenager-sa-terrasse\\\/\",\"name\":\"Comment am\u00e9nager sa terrasse ? - atHome Blog\",\"isPartOf\":{\"@id\":\"https:\\\/\\\/www.athome.lu\\\/blog\\\/#website\"},\"primaryImageOfPage\":{\"@id\":\"https:\\\/\\\/www.athome.lu\\\/blog\\\/mon-logement\\\/meuble-decoration\\\/comment-amenager-sa-terrasse\\\/#primaryimage\"},\"image\":{\"@id\":\"https:\\\/\\\/www.athome.lu\\\/blog\\\/mon-logement\\\/meuble-decoration\\\/comment-amenager-sa-terrasse\\\/#primaryimage\"},\"thumbnailUrl\":\"https:\\\/\\\/www.athome.lu\\\/blog\\\/wp-content\\\/uploads\\\/2019\\\/06\\\/terrace-4237047_1280.jpg\",\"datePublished\":\"2019-06-05T07:55:32+00:00\",\"dateModified\":\"2022-05-11T14:24:09+00:00\",\"author\":{\"@id\":\"https:\\\/\\\/www.athome.lu\\\/blog\\\/#\\\/schema\\\/person\\\/47f7a38089f837e792876ceddc4cb2dc\"},\"description\":\"\u00c0 l\u2019arriv\u00e9e des beaux jours, c\u2019est toujours un plaisir de r\u00e9investir sa terrasse. Cette ann\u00e9e on se laisse s\u00e9duire par les couleurs ou on opte pour une totale d\u00e9co couleur bois.\",\"breadcrumb\":{\"@id\":\"https:\\\/\\\/www.athome.lu\\\/blog\\\/mon-logement\\\/meuble-decoration\\\/comment-amenager-sa-terrasse\\\/#breadcrumb\"},\"inLanguage\":\"en-GB\",\"potentialAction\":[{\"@type\":\"ReadAction\",\"target\":[\"https:\\\/\\\/www.athome.lu\\\/blog\\\/mon-logement\\\/meuble-decoration\\\/comment-amenager-sa-terrasse\\\/\"]}]},{\"@type\":\"ImageObject\",\"inLanguage\":\"en-GB\",\"@id\":\"https:\\\/\\\/www.athome.lu\\\/blog\\\/mon-logement\\\/meuble-decoration\\\/comment-amenager-sa-terrasse\\\/#primaryimage\",\"url\":\"https:\\\/\\\/www.athome.lu\\\/blog\\\/wp-content\\\/uploads\\\/2019\\\/06\\\/terrace-4237047_1280.jpg\",\"contentUrl\":\"https:\\\/\\\/www.athome.lu\\\/blog\\\/wp-content\\\/uploads\\\/2019\\\/06\\\/terrace-4237047_1280.jpg\",\"width\":1280,\"height\":847,\"caption\":\"Comment am\u00e9nager sa terrasse ?\"},{\"@type\":\"BreadcrumbList\",\"@id\":\"https:\\\/\\\/www.athome.lu\\\/blog\\\/mon-logement\\\/meuble-decoration\\\/comment-amenager-sa-terrasse\\\/#breadcrumb\",\"itemListElement\":[{\"@type\":\"ListItem\",\"position\":1,\"name\":\"Accueil\",\"item\":\"https:\\\/\\\/www.athome.lu\\\/blog\\\/\"},{\"@type\":\"ListItem\",\"position\":2,\"name\":\"Mon logement\",\"item\":\"https:\\\/\\\/www.athome.lu\\\/blog\\\/de\\\/category\\\/mein-haus\\\/\"},{\"@type\":\"ListItem\",\"position\":3,\"name\":\"Meubler et D\u00e9corer\",\"item\":\"https:\\\/\\\/www.athome.lu\\\/blog\\\/de\\\/category\\\/mein-haus\\\/deko-mobel\\\/\"},{\"@type\":\"ListItem\",\"position\":4,\"name\":\"Comment am\u00e9nager sa terrasse ?\"}]},{\"@type\":\"WebSite\",\"@id\":\"https:\\\/\\\/www.athome.lu\\\/blog\\\/#website\",\"url\":\"https:\\\/\\\/www.athome.lu\\\/blog\\\/\",\"name\":\"atHome Blog\",\"description\":\"Annonces immobili\u00e8res au Luxembourg. Le portail immobilier n\u00b01 au Luxembourg.\",\"potentialAction\":[{\"@type\":\"SearchAction\",\"target\":{\"@type\":\"EntryPoint\",\"urlTemplate\":\"https:\\\/\\\/www.athome.lu\\\/blog\\\/?s={search_term_string}\"},\"query-input\":{\"@type\":\"PropertyValueSpecification\",\"valueRequired\":true,\"valueName\":\"search_term_string\"}}],\"inLanguage\":\"en-GB\"},{\"@type\":\"Person\",\"@id\":\"https:\\\/\\\/www.athome.lu\\\/blog\\\/#\\\/schema\\\/person\\\/47f7a38089f837e792876ceddc4cb2dc\",\"name\":\"Fanny Pimentel\",\"image\":{\"@type\":\"ImageObject\",\"inLanguage\":\"en-GB\",\"@id\":\"https:\\\/\\\/secure.gravatar.com\\\/avatar\\\/c60b27b93851dc9503f9cc9150e73dcb0a86ba6150657e5e4b11d988400bc633?s=96&d=mm&r=g\",\"url\":\"https:\\\/\\\/secure.gravatar.com\\\/avatar\\\/c60b27b93851dc9503f9cc9150e73dcb0a86ba6150657e5e4b11d988400bc633?s=96&d=mm&r=g\",\"contentUrl\":\"https:\\\/\\\/secure.gravatar.com\\\/avatar\\\/c60b27b93851dc9503f9cc9150e73dcb0a86ba6150657e5e4b11d988400bc633?s=96&d=mm&r=g\",\"caption\":\"Fanny Pimentel\"}}]}<\/script>\n<!-- \/ Yoast SEO plugin. -->","yoast_head_json":{"title":"How to design your terrace? - atHome Blog","description":"With the arrival of the warm weather, it is always a pleasure to reinvest your terrace. This year, you can be seduced by the colours or opt for a wood-coloured decor.","robots":{"index":"index","follow":"follow","max-snippet":"max-snippet:-1","max-image-preview":"max-image-preview:large","max-video-preview":"max-video-preview:-1"},"canonical":"https:\/\/www.athome.lu\/blog\/en\/my-home\/decoration-2\/how-to-set-up-your-roof\/","og_locale":"en_GB","og_type":"article","og_title":"Comment am\u00e9nager sa terrasse ? - atHome Blog","og_description":"\u00c0 l\u2019arriv\u00e9e des beaux jours, c\u2019est toujours un plaisir de r\u00e9investir sa terrasse. Cette ann\u00e9e on se laisse s\u00e9duire par les couleurs ou on opte pour une totale d\u00e9co couleur bois.","og_url":"https:\/\/www.athome.lu\/blog\/en\/my-home\/decoration-2\/how-to-set-up-your-roof\/","og_site_name":"atHome Blog","article_publisher":"https:\/\/www.facebook.com\/atHome.lu\/","article_published_time":"2019-06-05T07:55:32+00:00","article_modified_time":"2022-05-11T14:24:09+00:00","og_image":[{"width":1280,"height":847,"url":"https:\/\/www.athome.lu\/blog\/wp-content\/uploads\/2019\/06\/terrace-4237047_1280.jpg","type":"image\/jpeg"}],"author":"Fanny Pimentel","twitter_card":"summary_large_image","twitter_creator":"@athomelu","twitter_site":"@athomelu","twitter_misc":{"Written by":"Fanny Pimentel","Estimated reading time":"3 minutes"},"schema":{"@context":"https:\/\/schema.org","@graph":[{"@type":"Article","@id":"https:\/\/www.athome.lu\/blog\/mon-logement\/meuble-decoration\/comment-amenager-sa-terrasse\/#article","isPartOf":{"@id":"https:\/\/www.athome.lu\/blog\/mon-logement\/meuble-decoration\/comment-amenager-sa-terrasse\/"},"author":{"name":"Fanny Pimentel","@id":"https:\/\/www.athome.lu\/blog\/#\/schema\/person\/47f7a38089f837e792876ceddc4cb2dc"},"headline":"Comment am\u00e9nager sa terrasse ?","datePublished":"2019-06-05T07:55:32+00:00","dateModified":"2022-05-11T14:24:09+00:00","mainEntityOfPage":{"@id":"https:\/\/www.athome.lu\/blog\/mon-logement\/meuble-decoration\/comment-amenager-sa-terrasse\/"},"wordCount":553,"image":{"@id":"https:\/\/www.athome.lu\/blog\/mon-logement\/meuble-decoration\/comment-amenager-sa-terrasse\/#primaryimage"},"thumbnailUrl":"https:\/\/www.athome.lu\/blog\/wp-content\/uploads\/2019\/06\/terrace-4237047_1280.jpg","keywords":["Jardin &amp; terrasse"],"articleSection":["Meubler et D\u00e9corer"],"inLanguage":"en-GB"},{"@type":"WebPage","@id":"https:\/\/www.athome.lu\/blog\/mon-logement\/meuble-decoration\/comment-amenager-sa-terrasse\/","url":"https:\/\/www.athome.lu\/blog\/mon-logement\/meuble-decoration\/comment-amenager-sa-terrasse\/","name":"How to design your terrace? - atHome Blog","isPartOf":{"@id":"https:\/\/www.athome.lu\/blog\/#website"},"primaryImageOfPage":{"@id":"https:\/\/www.athome.lu\/blog\/mon-logement\/meuble-decoration\/comment-amenager-sa-terrasse\/#primaryimage"},"image":{"@id":"https:\/\/www.athome.lu\/blog\/mon-logement\/meuble-decoration\/comment-amenager-sa-terrasse\/#primaryimage"},"thumbnailUrl":"https:\/\/www.athome.lu\/blog\/wp-content\/uploads\/2019\/06\/terrace-4237047_1280.jpg","datePublished":"2019-06-05T07:55:32+00:00","dateModified":"2022-05-11T14:24:09+00:00","author":{"@id":"https:\/\/www.athome.lu\/blog\/#\/schema\/person\/47f7a38089f837e792876ceddc4cb2dc"},"description":"With the arrival of the warm weather, it is always a pleasure to reinvest your terrace. This year, you can be seduced by the colours or opt for a wood-coloured decor.","breadcrumb":{"@id":"https:\/\/www.athome.lu\/blog\/mon-logement\/meuble-decoration\/comment-amenager-sa-terrasse\/#breadcrumb"},"inLanguage":"en-GB","potentialAction":[{"@type":"ReadAction","target":["https:\/\/www.athome.lu\/blog\/mon-logement\/meuble-decoration\/comment-amenager-sa-terrasse\/"]}]},{"@type":"ImageObject","inLanguage":"en-GB","@id":"https:\/\/www.athome.lu\/blog\/mon-logement\/meuble-decoration\/comment-amenager-sa-terrasse\/#primaryimage","url":"https:\/\/www.athome.lu\/blog\/wp-content\/uploads\/2019\/06\/terrace-4237047_1280.jpg","contentUrl":"https:\/\/www.athome.lu\/blog\/wp-content\/uploads\/2019\/06\/terrace-4237047_1280.jpg","width":1280,"height":847,"caption":"Comment am\u00e9nager sa terrasse ?"},{"@type":"BreadcrumbList","@id":"https:\/\/www.athome.lu\/blog\/mon-logement\/meuble-decoration\/comment-amenager-sa-terrasse\/#breadcrumb","itemListElement":[{"@type":"ListItem","position":1,"name":"Accueil","item":"https:\/\/www.athome.lu\/blog\/"},{"@type":"ListItem","position":2,"name":"Mon logement","item":"https:\/\/www.athome.lu\/blog\/de\/category\/mein-haus\/"},{"@type":"ListItem","position":3,"name":"Meubler et D\u00e9corer","item":"https:\/\/www.athome.lu\/blog\/de\/category\/mein-haus\/deko-mobel\/"},{"@type":"ListItem","position":4,"name":"Comment am\u00e9nager sa terrasse ?"}]},{"@type":"WebSite","@id":"https:\/\/www.athome.lu\/blog\/#website","url":"https:\/\/www.athome.lu\/blog\/","name":"atHome Blog","description":"Real estate ads in Luxembourg. The n\u00b01 real estate portal in Luxembourg.","potentialAction":[{"@type":"SearchAction","target":{"@type":"EntryPoint","urlTemplate":"https:\/\/www.athome.lu\/blog\/?s={search_term_string}"},"query-input":{"@type":"PropertyValueSpecification","valueRequired":true,"valueName":"search_term_string"}}],"inLanguage":"en-GB"},{"@type":"Person","@id":"https:\/\/www.athome.lu\/blog\/#\/schema\/person\/47f7a38089f837e792876ceddc4cb2dc","name":"Fanny Pimentel","image":{"@type":"ImageObject","inLanguage":"en-GB","@id":"https:\/\/secure.gravatar.com\/avatar\/c60b27b93851dc9503f9cc9150e73dcb0a86ba6150657e5e4b11d988400bc633?s=96&d=mm&r=g","url":"https:\/\/secure.gravatar.com\/avatar\/c60b27b93851dc9503f9cc9150e73dcb0a86ba6150657e5e4b11d988400bc633?s=96&d=mm&r=g","contentUrl":"https:\/\/secure.gravatar.com\/avatar\/c60b27b93851dc9503f9cc9150e73dcb0a86ba6150657e5e4b11d988400bc633?s=96&d=mm&r=g","caption":"Fanny Pimentel"}}]}},"featured_media_src_url":"https:\/\/www.athome.lu\/blog\/wp-content\/uploads\/2019\/06\/terrace-4237047_1280-1024x678.jpg","_links":{"self":[{"href":"https:\/\/www.athome.lu\/blog\/en\/wp-json\/wp\/v2\/posts\/12031","targetHints":{"allow":["GET"]}}],"collection":[{"href":"https:\/\/www.athome.lu\/blog\/en\/wp-json\/wp\/v2\/posts"}],"about":[{"href":"https:\/\/www.athome.lu\/blog\/en\/wp-json\/wp\/v2\/types\/post"}],"author":[{"embeddable":true,"href":"https:\/\/www.athome.lu\/blog\/en\/wp-json\/wp\/v2\/users\/17"}],"replies":[{"embeddable":true,"href":"https:\/\/www.athome.lu\/blog\/en\/wp-json\/wp\/v2\/comments?post=12031"}],"version-history":[{"count":2,"href":"https:\/\/www.athome.lu\/blog\/en\/wp-json\/wp\/v2\/posts\/12031\/revisions"}],"predecessor-version":[{"id":15054,"href":"https:\/\/www.athome.lu\/blog\/en\/wp-json\/wp\/v2\/posts\/12031\/revisions\/15054"}],"wp:featuredmedia":[{"embeddable":true,"href":"https:\/\/www.athome.lu\/blog\/en\/wp-json\/wp\/v2\/media\/12033"}],"wp:attachment":[{"href":"https:\/\/www.athome.lu\/blog\/en\/wp-json\/wp\/v2\/media?parent=12031"}],"wp:term":[{"taxonomy":"category","embeddable":true,"href":"https:\/\/www.athome.lu\/blog\/en\/wp-json\/wp\/v2\/categories?post=12031"},{"taxonomy":"post_tag","embeddable":true,"href":"https:\/\/www.athome.lu\/blog\/en\/wp-json\/wp\/v2\/tags?post=12031"}],"curies":[{"name":"wp","href":"https:\/\/api.w.org\/{rel}","templated":true}]}}