{"id":12311,"date":"2019-09-05T07:42:48","date_gmt":"2019-09-05T06:42:48","guid":{"rendered":"https:\/\/www.athome.lu\/blog\/?p=12311"},"modified":"2022-05-11T15:41:17","modified_gmt":"2022-05-11T13:41:17","slug":"700-empty-housing-rented-for-a-moderate-rent","status":"publish","type":"post","link":"https:\/\/www.athome.lu\/blog\/en\/mon-logement\/actualites\/700-logements-vides-loues-pour-un-loyer-modere\/","title":{"rendered":"700 empty dwellings rented for a moderate rent"},"content":{"rendered":"<p><span style=\"color: #000000;\">(Lessentiel Online) - Social rental management makes empty housing available to people on low incomes. At the end of 2018, 174 dwellings were managed according to this model.<\/span><\/p>\n<p><span style=\"color: #000000;\">Unoccupied and privately owned housing can be mobilised to house people on low incomes with housing problems. This is possible thanks to the Social Rental Management (SRM) set up by associations, municipalities and social offices in Luxembourg. \"The GLS is a tool that allows to directly or indirectly provide considerable support to municipalities in their duty to help people in distress\", explains the Minister of Housing, Sam Tanson, in a parliamentary reply to Fran\u00e7ois Benoy, D\u00e9i Gr\u00e9ng MP.<\/span><\/p>\n<p><span style=\"color: #000000;\">At the end of 2018, 714 dwellings were managed nationally under the GLS model. The Minister estimates an increase of around 800 homes by the end of 2019.<br \/><\/span><\/p>\n<p><span style=\"color: #000000;\">Read more on <a href=\"http:\/\/www.lessentiel.lu\/fr\/luxembourg\/story\/19992428?fbclid=IwAR1jwOXExy9i0cydtzjqnZn4fCiV4qsHZNwWHDnMLUhEh_IJRTbxF4smtqE\" target=\"_blank\" rel=\"noopener noreferrer\">The bottom line<\/a><\/span><\/p>\n\n<section id=\"section-3-14695\" class=\"ct-section\" ><div class=\"ct-section-inner-wrap\"><div id=\"div_block-4-14695\" class=\"ct-div-block\" ><div id=\"new_columns-7-14695\" class=\"ct-new-columns\" ><div id=\"div_block-8-14695\" class=\"ct-div-block\" ><div id=\"div_block-14-14695\" class=\"ct-div-block\" ><\/div><\/div><div id=\"div_block-9-14695\" class=\"ct-div-block\" ><h1 id=\"headline-11-14695\" class=\"ct-headline\">What are the property prices at the moment?<\/h1><div id=\"text_block-12-14695\" class=\"ct-text-block\" >Prices are slowing down. Interest rates are rising. What are the trends for the coming months?<\/div><a id=\"link_button-13-14695\" class=\"ct-link-button\" href=\"https:\/\/www.athome.lu\/blog\/blog\/marche-immobilier\/prix\/tendances-2022\/\" target=\"_blank\"  >Read the analysis<\/a><\/div><\/div><\/div><\/div><\/section>","protected":false},"excerpt":{"rendered":"<p>(Lessentiel Online) - La Gestion locative sociale permet de mettre des logements vides \u00e0 disposition de personnes \u00e0 faibles revenus. Fin 2018, 174 logements \u00e9taient g\u00e9r\u00e9s selon ce mod\u00e8le. Les logements inoccup\u00e9s et appartenant \u00e0 des personnes priv\u00e9es peuvent \u00eatre mobilis\u00e9s pour y loger des personnes disposant de revenus modestes et pr\u00e9sentant un probl\u00e8me de [&hellip;]<\/p>\n","protected":false},"author":17,"featured_media":9037,"comment_status":"closed","ping_status":"open","sticky":false,"template":"","format":"standard","meta":{"_acf_changed":false,"footnotes":""},"categories":[222],"tags":[],"class_list":["post-12311","post","type-post","status-publish","format-standard","has-post-thumbnail","hentry","category-actualites"],"acf":[],"yoast_head":"<!-- This site is optimized with the Yoast SEO plugin v27.4 - https:\/\/yoast.com\/product\/yoast-seo-wordpress\/ -->\n<title>700 logements vides lou\u00e9s pour un loyer mod\u00e9r\u00e9 - atHome Blog<\/title>\n<meta name=\"robots\" content=\"index, follow, max-snippet:-1, max-image-preview:large, max-video-preview:-1\" \/>\n<link rel=\"canonical\" href=\"https:\/\/www.athome.lu\/blog\/en\/my-home\/news\/700-empty-housing-rented-for-a-moderate-rent\/\" \/>\n<meta property=\"og:locale\" content=\"en_GB\" \/>\n<meta property=\"og:type\" content=\"article\" \/>\n<meta property=\"og:title\" content=\"700 logements vides lou\u00e9s pour un loyer mod\u00e9r\u00e9 - atHome Blog\" \/>\n<meta property=\"og:description\" content=\"(Lessentiel Online) - La Gestion locative sociale permet de mettre des logements vides \u00e0 disposition de personnes \u00e0 faibles revenus. Fin 2018, 174 logements \u00e9taient g\u00e9r\u00e9s selon ce mod\u00e8le. Les logements inoccup\u00e9s et appartenant \u00e0 des personnes priv\u00e9es peuvent \u00eatre mobilis\u00e9s pour y loger des personnes disposant de revenus modestes et pr\u00e9sentant un probl\u00e8me de [&hellip;]\" \/>\n<meta property=\"og:url\" content=\"https:\/\/www.athome.lu\/blog\/en\/my-home\/news\/700-empty-housing-rented-for-a-moderate-rent\/\" \/>\n<meta property=\"og:site_name\" content=\"atHome Blog\" \/>\n<meta property=\"article:publisher\" content=\"https:\/\/www.facebook.com\/atHome.lu\/\" \/>\n<meta property=\"article:published_time\" content=\"2019-09-05T06:42:48+00:00\" \/>\n<meta property=\"article:modified_time\" content=\"2022-05-11T13:41:17+00:00\" \/>\n<meta property=\"og:image\" content=\"https:\/\/www.athome.lu\/blog\/wp-content\/uploads\/2017\/03\/house-1407562_1920-e1518096095327.jpg\" \/>\n\t<meta property=\"og:image:width\" content=\"1200\" \/>\n\t<meta property=\"og:image:height\" content=\"800\" \/>\n\t<meta property=\"og:image:type\" content=\"image\/jpeg\" \/>\n<meta name=\"author\" content=\"Fanny Pimentel\" \/>\n<meta name=\"twitter:card\" content=\"summary_large_image\" \/>\n<meta name=\"twitter:creator\" content=\"@athomelu\" \/>\n<meta name=\"twitter:site\" content=\"@athomelu\" \/>\n<meta name=\"twitter:label1\" content=\"Written by\" \/>\n\t<meta name=\"twitter:data1\" content=\"Fanny Pimentel\" \/>\n\t<meta name=\"twitter:label2\" content=\"Estimated reading time\" \/>\n\t<meta name=\"twitter:data2\" content=\"1 minute\" \/>\n<script type=\"application\/ld+json\" class=\"yoast-schema-graph\">{\"@context\":\"https:\\\/\\\/schema.org\",\"@graph\":[{\"@type\":\"Article\",\"@id\":\"https:\\\/\\\/www.athome.lu\\\/blog\\\/mon-logement\\\/actualites\\\/700-logements-vides-loues-pour-un-loyer-modere\\\/#article\",\"isPartOf\":{\"@id\":\"https:\\\/\\\/www.athome.lu\\\/blog\\\/mon-logement\\\/actualites\\\/700-logements-vides-loues-pour-un-loyer-modere\\\/\"},\"author\":{\"name\":\"Fanny Pimentel\",\"@id\":\"https:\\\/\\\/www.athome.lu\\\/blog\\\/#\\\/schema\\\/person\\\/47f7a38089f837e792876ceddc4cb2dc\"},\"headline\":\"700 logements vides lou\u00e9s pour un loyer mod\u00e9r\u00e9\",\"datePublished\":\"2019-09-05T06:42:48+00:00\",\"dateModified\":\"2022-05-11T13:41:17+00:00\",\"mainEntityOfPage\":{\"@id\":\"https:\\\/\\\/www.athome.lu\\\/blog\\\/mon-logement\\\/actualites\\\/700-logements-vides-loues-pour-un-loyer-modere\\\/\"},\"wordCount\":180,\"image\":{\"@id\":\"https:\\\/\\\/www.athome.lu\\\/blog\\\/mon-logement\\\/actualites\\\/700-logements-vides-loues-pour-un-loyer-modere\\\/#primaryimage\"},\"thumbnailUrl\":\"https:\\\/\\\/www.athome.lu\\\/blog\\\/wp-content\\\/uploads\\\/2017\\\/03\\\/house-1407562_1920-e1518096095327.jpg\",\"articleSection\":[\"Actualit\u00e9s\"],\"inLanguage\":\"en-GB\"},{\"@type\":\"WebPage\",\"@id\":\"https:\\\/\\\/www.athome.lu\\\/blog\\\/mon-logement\\\/actualites\\\/700-logements-vides-loues-pour-un-loyer-modere\\\/\",\"url\":\"https:\\\/\\\/www.athome.lu\\\/blog\\\/mon-logement\\\/actualites\\\/700-logements-vides-loues-pour-un-loyer-modere\\\/\",\"name\":\"700 logements vides lou\u00e9s pour un loyer mod\u00e9r\u00e9 - atHome Blog\",\"isPartOf\":{\"@id\":\"https:\\\/\\\/www.athome.lu\\\/blog\\\/#website\"},\"primaryImageOfPage\":{\"@id\":\"https:\\\/\\\/www.athome.lu\\\/blog\\\/mon-logement\\\/actualites\\\/700-logements-vides-loues-pour-un-loyer-modere\\\/#primaryimage\"},\"image\":{\"@id\":\"https:\\\/\\\/www.athome.lu\\\/blog\\\/mon-logement\\\/actualites\\\/700-logements-vides-loues-pour-un-loyer-modere\\\/#primaryimage\"},\"thumbnailUrl\":\"https:\\\/\\\/www.athome.lu\\\/blog\\\/wp-content\\\/uploads\\\/2017\\\/03\\\/house-1407562_1920-e1518096095327.jpg\",\"datePublished\":\"2019-09-05T06:42:48+00:00\",\"dateModified\":\"2022-05-11T13:41:17+00:00\",\"author\":{\"@id\":\"https:\\\/\\\/www.athome.lu\\\/blog\\\/#\\\/schema\\\/person\\\/47f7a38089f837e792876ceddc4cb2dc\"},\"breadcrumb\":{\"@id\":\"https:\\\/\\\/www.athome.lu\\\/blog\\\/mon-logement\\\/actualites\\\/700-logements-vides-loues-pour-un-loyer-modere\\\/#breadcrumb\"},\"inLanguage\":\"en-GB\",\"potentialAction\":[{\"@type\":\"ReadAction\",\"target\":[\"https:\\\/\\\/www.athome.lu\\\/blog\\\/mon-logement\\\/actualites\\\/700-logements-vides-loues-pour-un-loyer-modere\\\/\"]}]},{\"@type\":\"ImageObject\",\"inLanguage\":\"en-GB\",\"@id\":\"https:\\\/\\\/www.athome.lu\\\/blog\\\/mon-logement\\\/actualites\\\/700-logements-vides-loues-pour-un-loyer-modere\\\/#primaryimage\",\"url\":\"https:\\\/\\\/www.athome.lu\\\/blog\\\/wp-content\\\/uploads\\\/2017\\\/03\\\/house-1407562_1920-e1518096095327.jpg\",\"contentUrl\":\"https:\\\/\\\/www.athome.lu\\\/blog\\\/wp-content\\\/uploads\\\/2017\\\/03\\\/house-1407562_1920-e1518096095327.jpg\",\"width\":1200,\"height\":800,\"caption\":\"Porte d'entr\u00e9e ouverte serrure\"},{\"@type\":\"BreadcrumbList\",\"@id\":\"https:\\\/\\\/www.athome.lu\\\/blog\\\/mon-logement\\\/actualites\\\/700-logements-vides-loues-pour-un-loyer-modere\\\/#breadcrumb\",\"itemListElement\":[{\"@type\":\"ListItem\",\"position\":1,\"name\":\"Accueil\",\"item\":\"https:\\\/\\\/www.athome.lu\\\/blog\\\/\"},{\"@type\":\"ListItem\",\"position\":2,\"name\":\"Mon logement\",\"item\":\"https:\\\/\\\/www.athome.lu\\\/blog\\\/de\\\/category\\\/mein-haus\\\/\"},{\"@type\":\"ListItem\",\"position\":3,\"name\":\"Actualit\u00e9s\",\"item\":\"https:\\\/\\\/www.athome.lu\\\/blog\\\/en\\\/category\\\/my-home\\\/news\\\/\"},{\"@type\":\"ListItem\",\"position\":4,\"name\":\"700 logements vides lou\u00e9s pour un loyer mod\u00e9r\u00e9\"}]},{\"@type\":\"WebSite\",\"@id\":\"https:\\\/\\\/www.athome.lu\\\/blog\\\/#website\",\"url\":\"https:\\\/\\\/www.athome.lu\\\/blog\\\/\",\"name\":\"atHome Blog\",\"description\":\"Annonces immobili\u00e8res au Luxembourg. Le portail immobilier n\u00b01 au Luxembourg.\",\"potentialAction\":[{\"@type\":\"SearchAction\",\"target\":{\"@type\":\"EntryPoint\",\"urlTemplate\":\"https:\\\/\\\/www.athome.lu\\\/blog\\\/?s={search_term_string}\"},\"query-input\":{\"@type\":\"PropertyValueSpecification\",\"valueRequired\":true,\"valueName\":\"search_term_string\"}}],\"inLanguage\":\"en-GB\"},{\"@type\":\"Person\",\"@id\":\"https:\\\/\\\/www.athome.lu\\\/blog\\\/#\\\/schema\\\/person\\\/47f7a38089f837e792876ceddc4cb2dc\",\"name\":\"Fanny Pimentel\",\"image\":{\"@type\":\"ImageObject\",\"inLanguage\":\"en-GB\",\"@id\":\"https:\\\/\\\/secure.gravatar.com\\\/avatar\\\/c60b27b93851dc9503f9cc9150e73dcb0a86ba6150657e5e4b11d988400bc633?s=96&d=mm&r=g\",\"url\":\"https:\\\/\\\/secure.gravatar.com\\\/avatar\\\/c60b27b93851dc9503f9cc9150e73dcb0a86ba6150657e5e4b11d988400bc633?s=96&d=mm&r=g\",\"contentUrl\":\"https:\\\/\\\/secure.gravatar.com\\\/avatar\\\/c60b27b93851dc9503f9cc9150e73dcb0a86ba6150657e5e4b11d988400bc633?s=96&d=mm&r=g\",\"caption\":\"Fanny Pimentel\"}}]}<\/script>\n<!-- \/ Yoast SEO plugin. -->","yoast_head_json":{"title":"700 empty homes rented out for low rent - atHome Blog","robots":{"index":"index","follow":"follow","max-snippet":"max-snippet:-1","max-image-preview":"max-image-preview:large","max-video-preview":"max-video-preview:-1"},"canonical":"https:\/\/www.athome.lu\/blog\/en\/my-home\/news\/700-empty-housing-rented-for-a-moderate-rent\/","og_locale":"en_GB","og_type":"article","og_title":"700 logements vides lou\u00e9s pour un loyer mod\u00e9r\u00e9 - atHome Blog","og_description":"(Lessentiel Online) - La Gestion locative sociale permet de mettre des logements vides \u00e0 disposition de personnes \u00e0 faibles revenus. Fin 2018, 174 logements \u00e9taient g\u00e9r\u00e9s selon ce mod\u00e8le. Les logements inoccup\u00e9s et appartenant \u00e0 des personnes priv\u00e9es peuvent \u00eatre mobilis\u00e9s pour y loger des personnes disposant de revenus modestes et pr\u00e9sentant un probl\u00e8me de [&hellip;]","og_url":"https:\/\/www.athome.lu\/blog\/en\/my-home\/news\/700-empty-housing-rented-for-a-moderate-rent\/","og_site_name":"atHome Blog","article_publisher":"https:\/\/www.facebook.com\/atHome.lu\/","article_published_time":"2019-09-05T06:42:48+00:00","article_modified_time":"2022-05-11T13:41:17+00:00","og_image":[{"width":1200,"height":800,"url":"https:\/\/www.athome.lu\/blog\/wp-content\/uploads\/2017\/03\/house-1407562_1920-e1518096095327.jpg","type":"image\/jpeg"}],"author":"Fanny Pimentel","twitter_card":"summary_large_image","twitter_creator":"@athomelu","twitter_site":"@athomelu","twitter_misc":{"Written by":"Fanny Pimentel","Estimated reading time":"1 minute"},"schema":{"@context":"https:\/\/schema.org","@graph":[{"@type":"Article","@id":"https:\/\/www.athome.lu\/blog\/mon-logement\/actualites\/700-logements-vides-loues-pour-un-loyer-modere\/#article","isPartOf":{"@id":"https:\/\/www.athome.lu\/blog\/mon-logement\/actualites\/700-logements-vides-loues-pour-un-loyer-modere\/"},"author":{"name":"Fanny Pimentel","@id":"https:\/\/www.athome.lu\/blog\/#\/schema\/person\/47f7a38089f837e792876ceddc4cb2dc"},"headline":"700 logements vides lou\u00e9s pour un loyer mod\u00e9r\u00e9","datePublished":"2019-09-05T06:42:48+00:00","dateModified":"2022-05-11T13:41:17+00:00","mainEntityOfPage":{"@id":"https:\/\/www.athome.lu\/blog\/mon-logement\/actualites\/700-logements-vides-loues-pour-un-loyer-modere\/"},"wordCount":180,"image":{"@id":"https:\/\/www.athome.lu\/blog\/mon-logement\/actualites\/700-logements-vides-loues-pour-un-loyer-modere\/#primaryimage"},"thumbnailUrl":"https:\/\/www.athome.lu\/blog\/wp-content\/uploads\/2017\/03\/house-1407562_1920-e1518096095327.jpg","articleSection":["Actualit\u00e9s"],"inLanguage":"en-GB"},{"@type":"WebPage","@id":"https:\/\/www.athome.lu\/blog\/mon-logement\/actualites\/700-logements-vides-loues-pour-un-loyer-modere\/","url":"https:\/\/www.athome.lu\/blog\/mon-logement\/actualites\/700-logements-vides-loues-pour-un-loyer-modere\/","name":"700 empty homes rented out for low rent - atHome Blog","isPartOf":{"@id":"https:\/\/www.athome.lu\/blog\/#website"},"primaryImageOfPage":{"@id":"https:\/\/www.athome.lu\/blog\/mon-logement\/actualites\/700-logements-vides-loues-pour-un-loyer-modere\/#primaryimage"},"image":{"@id":"https:\/\/www.athome.lu\/blog\/mon-logement\/actualites\/700-logements-vides-loues-pour-un-loyer-modere\/#primaryimage"},"thumbnailUrl":"https:\/\/www.athome.lu\/blog\/wp-content\/uploads\/2017\/03\/house-1407562_1920-e1518096095327.jpg","datePublished":"2019-09-05T06:42:48+00:00","dateModified":"2022-05-11T13:41:17+00:00","author":{"@id":"https:\/\/www.athome.lu\/blog\/#\/schema\/person\/47f7a38089f837e792876ceddc4cb2dc"},"breadcrumb":{"@id":"https:\/\/www.athome.lu\/blog\/mon-logement\/actualites\/700-logements-vides-loues-pour-un-loyer-modere\/#breadcrumb"},"inLanguage":"en-GB","potentialAction":[{"@type":"ReadAction","target":["https:\/\/www.athome.lu\/blog\/mon-logement\/actualites\/700-logements-vides-loues-pour-un-loyer-modere\/"]}]},{"@type":"ImageObject","inLanguage":"en-GB","@id":"https:\/\/www.athome.lu\/blog\/mon-logement\/actualites\/700-logements-vides-loues-pour-un-loyer-modere\/#primaryimage","url":"https:\/\/www.athome.lu\/blog\/wp-content\/uploads\/2017\/03\/house-1407562_1920-e1518096095327.jpg","contentUrl":"https:\/\/www.athome.lu\/blog\/wp-content\/uploads\/2017\/03\/house-1407562_1920-e1518096095327.jpg","width":1200,"height":800,"caption":"Porte d'entr\u00e9e ouverte serrure"},{"@type":"BreadcrumbList","@id":"https:\/\/www.athome.lu\/blog\/mon-logement\/actualites\/700-logements-vides-loues-pour-un-loyer-modere\/#breadcrumb","itemListElement":[{"@type":"ListItem","position":1,"name":"Accueil","item":"https:\/\/www.athome.lu\/blog\/"},{"@type":"ListItem","position":2,"name":"Mon logement","item":"https:\/\/www.athome.lu\/blog\/de\/category\/mein-haus\/"},{"@type":"ListItem","position":3,"name":"Actualit\u00e9s","item":"https:\/\/www.athome.lu\/blog\/en\/category\/my-home\/news\/"},{"@type":"ListItem","position":4,"name":"700 logements vides lou\u00e9s pour un loyer mod\u00e9r\u00e9"}]},{"@type":"WebSite","@id":"https:\/\/www.athome.lu\/blog\/#website","url":"https:\/\/www.athome.lu\/blog\/","name":"atHome Blog","description":"Real estate ads in Luxembourg. The n\u00b01 real estate portal in Luxembourg.","potentialAction":[{"@type":"SearchAction","target":{"@type":"EntryPoint","urlTemplate":"https:\/\/www.athome.lu\/blog\/?s={search_term_string}"},"query-input":{"@type":"PropertyValueSpecification","valueRequired":true,"valueName":"search_term_string"}}],"inLanguage":"en-GB"},{"@type":"Person","@id":"https:\/\/www.athome.lu\/blog\/#\/schema\/person\/47f7a38089f837e792876ceddc4cb2dc","name":"Fanny Pimentel","image":{"@type":"ImageObject","inLanguage":"en-GB","@id":"https:\/\/secure.gravatar.com\/avatar\/c60b27b93851dc9503f9cc9150e73dcb0a86ba6150657e5e4b11d988400bc633?s=96&d=mm&r=g","url":"https:\/\/secure.gravatar.com\/avatar\/c60b27b93851dc9503f9cc9150e73dcb0a86ba6150657e5e4b11d988400bc633?s=96&d=mm&r=g","contentUrl":"https:\/\/secure.gravatar.com\/avatar\/c60b27b93851dc9503f9cc9150e73dcb0a86ba6150657e5e4b11d988400bc633?s=96&d=mm&r=g","caption":"Fanny Pimentel"}}]}},"featured_media_src_url":"https:\/\/www.athome.lu\/blog\/wp-content\/uploads\/2017\/03\/house-1407562_1920-e1518096095327-1024x683.jpg","_links":{"self":[{"href":"https:\/\/www.athome.lu\/blog\/en\/wp-json\/wp\/v2\/posts\/12311","targetHints":{"allow":["GET"]}}],"collection":[{"href":"https:\/\/www.athome.lu\/blog\/en\/wp-json\/wp\/v2\/posts"}],"about":[{"href":"https:\/\/www.athome.lu\/blog\/en\/wp-json\/wp\/v2\/types\/post"}],"author":[{"embeddable":true,"href":"https:\/\/www.athome.lu\/blog\/en\/wp-json\/wp\/v2\/users\/17"}],"replies":[{"embeddable":true,"href":"https:\/\/www.athome.lu\/blog\/en\/wp-json\/wp\/v2\/comments?post=12311"}],"version-history":[{"count":2,"href":"https:\/\/www.athome.lu\/blog\/en\/wp-json\/wp\/v2\/posts\/12311\/revisions"}],"predecessor-version":[{"id":15036,"href":"https:\/\/www.athome.lu\/blog\/en\/wp-json\/wp\/v2\/posts\/12311\/revisions\/15036"}],"wp:featuredmedia":[{"embeddable":true,"href":"https:\/\/www.athome.lu\/blog\/en\/wp-json\/wp\/v2\/media\/9037"}],"wp:attachment":[{"href":"https:\/\/www.athome.lu\/blog\/en\/wp-json\/wp\/v2\/media?parent=12311"}],"wp:term":[{"taxonomy":"category","embeddable":true,"href":"https:\/\/www.athome.lu\/blog\/en\/wp-json\/wp\/v2\/categories?post=12311"},{"taxonomy":"post_tag","embeddable":true,"href":"https:\/\/www.athome.lu\/blog\/en\/wp-json\/wp\/v2\/tags?post=12311"}],"curies":[{"name":"wp","href":"https:\/\/api.w.org\/{rel}","templated":true}]}}