{"id":12321,"date":"2019-09-12T15:37:21","date_gmt":"2019-09-12T14:37:21","guid":{"rendered":"https:\/\/www.athome.lu\/blog\/?p=12321"},"modified":"2022-05-11T15:40:42","modified_gmt":"2022-05-11T13:40:42","slug":"kitchen-what-color-for-my-deco","status":"publish","type":"post","link":"https:\/\/www.athome.lu\/blog\/en\/mon-logement\/meuble-decoration\/cuisine-quelle-couleur-pour-ma-deco\/","title":{"rendered":"Kitchen: what colour for my decor?"},"content":{"rendered":"<p><span style=\"color: #000000;\">A symbol of conviviality, the kitchen is an ideal room for the family to gather around a good meal. How can you create a warm and welcoming atmosphere? Take advantage of our decorating tips to choose the colours for your kitchen.<\/span><\/p>\n\n\n\n<h2 class=\"wp-block-heading\"><span style=\"color: #000000;\">How to choose the colour of your kitchen?<\/span><\/h2>\n\n\n\n<p><span style=\"color: #000000;\">The main colour of a kitchen is often determined by the choice of furniture. The principle is to use the colour of your furniture as a basis for matching the colour of your walls. Choose a complementary colour, in keeping with the general atmosphere you wish to create. For example, if your furniture is taupe, why not opt for walls painted plum or white?<\/span><br><span style=\"color: #000000;\">For an open kitchen, choose colours that are in harmony with your living room. Keeping your different rooms consistent will give the illusion of a much larger living room.<\/span><\/p>\n\n\n\n<h2 class=\"wp-block-heading\"><span style=\"color: #000000;\">Warm or cool colours?<\/span><\/h2>\n\n\n\n<div class=\"wp-block-image\"><figure class=\"aligncenter\"><a href=\"https:\/\/www.athome.lu\/blog\/blog\/wp-content\/uploads\/2019\/09\/kitchen-yellow-728727_1280.jpg\"><img loading=\"lazy\" decoding=\"async\" width=\"1024\" height=\"683\" src=\"https:\/\/www.athome.lu\/blog\/blog\/wp-content\/uploads\/2019\/09\/kitchen-yellow-728727_1280-1024x683.jpg\" alt=\"\" class=\"wp-image-12323\" srcset=\"https:\/\/www.athome.lu\/blog\/wp-content\/uploads\/2019\/09\/kitchen-yellow-728727_1280-1024x683.jpg 1024w, https:\/\/www.athome.lu\/blog\/wp-content\/uploads\/2019\/09\/kitchen-yellow-728727_1280-300x200.jpg 300w, https:\/\/www.athome.lu\/blog\/wp-content\/uploads\/2019\/09\/kitchen-yellow-728727_1280-768x512.jpg 768w, https:\/\/www.athome.lu\/blog\/wp-content\/uploads\/2019\/09\/kitchen-yellow-728727_1280-18x12.jpg 18w, https:\/\/www.athome.lu\/blog\/wp-content\/uploads\/2019\/09\/kitchen-yellow-728727_1280.jpg 1200w\" sizes=\"auto, (max-width: 1024px) 100vw, 1024px\" \/><\/a><\/figure><\/div>\n\n\n\n<p><span style=\"color: #000000;\">For the kitchen, warm colours are the ones that come most easily to mind. They bring dynamism, sympathy and good humour. The very definition of this room, which is full of exchanges and moments of sharing! Let yourself be seduced by yellow, orange or even red. If you're afraid of a feeling of oppression, one wall is enough to enjoy a beautiful coloured kitchen. Do you prefer soft, soothing colours? Soft green is very trendy and goes well with pearl grey.<\/span><\/p>\n\n\n<section id=\"section-3-14695\" class=\"ct-section\" ><div class=\"ct-section-inner-wrap\"><div id=\"div_block-4-14695\" class=\"ct-div-block\" ><div id=\"new_columns-7-14695\" class=\"ct-new-columns\" ><div id=\"div_block-8-14695\" class=\"ct-div-block\" ><div id=\"div_block-14-14695\" class=\"ct-div-block\" ><\/div><\/div><div id=\"div_block-9-14695\" class=\"ct-div-block\" ><h1 id=\"headline-11-14695\" class=\"ct-headline\">What are the property prices at the moment?<\/h1><div id=\"text_block-12-14695\" class=\"ct-text-block\" >Prices are slowing down. Interest rates are rising. What are the trends for the coming months?<\/div><a id=\"link_button-13-14695\" class=\"ct-link-button\" href=\"https:\/\/www.athome.lu\/blog\/blog\/marche-immobilier\/prix\/tendances-2022\/\" target=\"_blank\"  >Read the analysis<\/a><\/div><\/div><\/div><\/div><\/section>\n\n\n<h2 class=\"wp-block-heading\"><span style=\"color: #000000;\">Chromo therapy: the effects of colours on morale<\/span><\/h2>\n\n\n\n<p><span style=\"color: #000000;\">Chromotherapy is a method of using the energy of colours. It claims that our mood can be affected by seeing colours. The effects are manifold: certain colours are said to lower blood pressure, while others are said to raise the heart rate. They are thus capable of provoking physical reactions and impacting our state of mind.<\/span><br><span style=\"color: #000000;\">In this way, warm colours would represent energy and warmth. Cool colours would lead to rest and relaxation. Are you lacking strength in the morning? The dynamic colour orange is for you! Are you stressed in the early hours of the day? The colour blue will be your best ally in finding your serenity.<\/span><br><span style=\"color: #000000;\">Finally, don't forget that light colours give a sense of space. They are also often appreciated by homeowners.<\/span><\/p>","protected":false},"excerpt":{"rendered":"<p>Symbole de convivialit\u00e9, la cuisine est une pi\u00e8ce id\u00e9ale pour se retrouver en famille autour d\u2019un bon repas. Comment cr\u00e9er une atmosph\u00e8re chaleureuse et accueillante ? Profitez de nos astuces d\u00e9co pour choisir les couleurs de votre cuisine. Comment choisir la couleur de sa cuisine ? La couleur principale d\u2019une cuisine est souvent d\u00e9termin\u00e9e par [&hellip;]<\/p>\n","protected":false},"author":17,"featured_media":11277,"comment_status":"closed","ping_status":"open","sticky":false,"template":"","format":"standard","meta":{"_acf_changed":false,"footnotes":""},"categories":[210],"tags":[79],"class_list":["post-12321","post","type-post","status-publish","format-standard","has-post-thumbnail","hentry","category-meuble-decoration","tag-decoration"],"acf":[],"yoast_head":"<!-- This site is optimized with the Yoast SEO plugin v27.4 - https:\/\/yoast.com\/product\/yoast-seo-wordpress\/ -->\n<title>Cuisine : quelle couleur pour ma d\u00e9co ? - atHome Blog<\/title>\n<meta name=\"description\" content=\"Symbole de convivialit\u00e9, la cuisine est une pi\u00e8ce id\u00e9ale pour se retrouver en famille autour d\u2019un bon repas.\" \/>\n<meta name=\"robots\" content=\"index, follow, max-snippet:-1, max-image-preview:large, max-video-preview:-1\" \/>\n<link rel=\"canonical\" href=\"https:\/\/www.athome.lu\/blog\/en\/my-home\/decoration-2\/kitchen-what-color-for-my-deco\/\" \/>\n<meta property=\"og:locale\" content=\"en_GB\" \/>\n<meta property=\"og:type\" content=\"article\" \/>\n<meta property=\"og:title\" content=\"Cuisine : quelle couleur pour ma d\u00e9co ? - atHome Blog\" \/>\n<meta property=\"og:description\" content=\"Symbole de convivialit\u00e9, la cuisine est une pi\u00e8ce id\u00e9ale pour se retrouver en famille autour d\u2019un bon repas.\" \/>\n<meta property=\"og:url\" content=\"https:\/\/www.athome.lu\/blog\/en\/my-home\/decoration-2\/kitchen-what-color-for-my-deco\/\" \/>\n<meta property=\"og:site_name\" content=\"atHome Blog\" \/>\n<meta property=\"article:publisher\" content=\"https:\/\/www.facebook.com\/atHome.lu\/\" \/>\n<meta property=\"article:published_time\" content=\"2019-09-12T14:37:21+00:00\" \/>\n<meta property=\"article:modified_time\" content=\"2022-05-11T13:40:42+00:00\" \/>\n<meta property=\"og:image\" content=\"https:\/\/www.athome.lu\/blog\/wp-content\/uploads\/2018\/05\/cuisine-iStock-1200-160945655.jpg\" \/>\n\t<meta property=\"og:image:width\" content=\"1200\" \/>\n\t<meta property=\"og:image:height\" content=\"800\" \/>\n\t<meta property=\"og:image:type\" content=\"image\/jpeg\" \/>\n<meta name=\"author\" content=\"Fanny Pimentel\" \/>\n<meta name=\"twitter:card\" content=\"summary_large_image\" \/>\n<meta name=\"twitter:creator\" content=\"@athomelu\" \/>\n<meta name=\"twitter:site\" content=\"@athomelu\" \/>\n<meta name=\"twitter:label1\" content=\"Written by\" \/>\n\t<meta name=\"twitter:data1\" content=\"Fanny Pimentel\" \/>\n\t<meta name=\"twitter:label2\" content=\"Estimated reading time\" \/>\n\t<meta name=\"twitter:data2\" content=\"3 minutes\" \/>\n<script type=\"application\/ld+json\" class=\"yoast-schema-graph\">{\"@context\":\"https:\\\/\\\/schema.org\",\"@graph\":[{\"@type\":\"Article\",\"@id\":\"https:\\\/\\\/www.athome.lu\\\/blog\\\/mon-logement\\\/meuble-decoration\\\/cuisine-quelle-couleur-pour-ma-deco\\\/#article\",\"isPartOf\":{\"@id\":\"https:\\\/\\\/www.athome.lu\\\/blog\\\/mon-logement\\\/meuble-decoration\\\/cuisine-quelle-couleur-pour-ma-deco\\\/\"},\"author\":{\"name\":\"Fanny Pimentel\",\"@id\":\"https:\\\/\\\/www.athome.lu\\\/blog\\\/#\\\/schema\\\/person\\\/47f7a38089f837e792876ceddc4cb2dc\"},\"headline\":\"Cuisine : quelle couleur pour ma d\u00e9co ?\",\"datePublished\":\"2019-09-12T14:37:21+00:00\",\"dateModified\":\"2022-05-11T13:40:42+00:00\",\"mainEntityOfPage\":{\"@id\":\"https:\\\/\\\/www.athome.lu\\\/blog\\\/mon-logement\\\/meuble-decoration\\\/cuisine-quelle-couleur-pour-ma-deco\\\/\"},\"wordCount\":443,\"image\":{\"@id\":\"https:\\\/\\\/www.athome.lu\\\/blog\\\/mon-logement\\\/meuble-decoration\\\/cuisine-quelle-couleur-pour-ma-deco\\\/#primaryimage\"},\"thumbnailUrl\":\"https:\\\/\\\/www.athome.lu\\\/blog\\\/wp-content\\\/uploads\\\/2018\\\/05\\\/cuisine-iStock-1200-160945655.jpg\",\"keywords\":[\"D\u00e9coration\"],\"articleSection\":[\"Meubler et D\u00e9corer\"],\"inLanguage\":\"en-GB\"},{\"@type\":\"WebPage\",\"@id\":\"https:\\\/\\\/www.athome.lu\\\/blog\\\/mon-logement\\\/meuble-decoration\\\/cuisine-quelle-couleur-pour-ma-deco\\\/\",\"url\":\"https:\\\/\\\/www.athome.lu\\\/blog\\\/mon-logement\\\/meuble-decoration\\\/cuisine-quelle-couleur-pour-ma-deco\\\/\",\"name\":\"Cuisine : quelle couleur pour ma d\u00e9co ? - atHome Blog\",\"isPartOf\":{\"@id\":\"https:\\\/\\\/www.athome.lu\\\/blog\\\/#website\"},\"primaryImageOfPage\":{\"@id\":\"https:\\\/\\\/www.athome.lu\\\/blog\\\/mon-logement\\\/meuble-decoration\\\/cuisine-quelle-couleur-pour-ma-deco\\\/#primaryimage\"},\"image\":{\"@id\":\"https:\\\/\\\/www.athome.lu\\\/blog\\\/mon-logement\\\/meuble-decoration\\\/cuisine-quelle-couleur-pour-ma-deco\\\/#primaryimage\"},\"thumbnailUrl\":\"https:\\\/\\\/www.athome.lu\\\/blog\\\/wp-content\\\/uploads\\\/2018\\\/05\\\/cuisine-iStock-1200-160945655.jpg\",\"datePublished\":\"2019-09-12T14:37:21+00:00\",\"dateModified\":\"2022-05-11T13:40:42+00:00\",\"author\":{\"@id\":\"https:\\\/\\\/www.athome.lu\\\/blog\\\/#\\\/schema\\\/person\\\/47f7a38089f837e792876ceddc4cb2dc\"},\"description\":\"Symbole de convivialit\u00e9, la cuisine est une pi\u00e8ce id\u00e9ale pour se retrouver en famille autour d\u2019un bon repas.\",\"breadcrumb\":{\"@id\":\"https:\\\/\\\/www.athome.lu\\\/blog\\\/mon-logement\\\/meuble-decoration\\\/cuisine-quelle-couleur-pour-ma-deco\\\/#breadcrumb\"},\"inLanguage\":\"en-GB\",\"potentialAction\":[{\"@type\":\"ReadAction\",\"target\":[\"https:\\\/\\\/www.athome.lu\\\/blog\\\/mon-logement\\\/meuble-decoration\\\/cuisine-quelle-couleur-pour-ma-deco\\\/\"]}]},{\"@type\":\"ImageObject\",\"inLanguage\":\"en-GB\",\"@id\":\"https:\\\/\\\/www.athome.lu\\\/blog\\\/mon-logement\\\/meuble-decoration\\\/cuisine-quelle-couleur-pour-ma-deco\\\/#primaryimage\",\"url\":\"https:\\\/\\\/www.athome.lu\\\/blog\\\/wp-content\\\/uploads\\\/2018\\\/05\\\/cuisine-iStock-1200-160945655.jpg\",\"contentUrl\":\"https:\\\/\\\/www.athome.lu\\\/blog\\\/wp-content\\\/uploads\\\/2018\\\/05\\\/cuisine-iStock-1200-160945655.jpg\",\"width\":1200,\"height\":800,\"caption\":\"Rangement petite cuisine\"},{\"@type\":\"BreadcrumbList\",\"@id\":\"https:\\\/\\\/www.athome.lu\\\/blog\\\/mon-logement\\\/meuble-decoration\\\/cuisine-quelle-couleur-pour-ma-deco\\\/#breadcrumb\",\"itemListElement\":[{\"@type\":\"ListItem\",\"position\":1,\"name\":\"Accueil\",\"item\":\"https:\\\/\\\/www.athome.lu\\\/blog\\\/\"},{\"@type\":\"ListItem\",\"position\":2,\"name\":\"Mon logement\",\"item\":\"https:\\\/\\\/www.athome.lu\\\/blog\\\/de\\\/category\\\/mein-haus\\\/\"},{\"@type\":\"ListItem\",\"position\":3,\"name\":\"Meubler et D\u00e9corer\",\"item\":\"https:\\\/\\\/www.athome.lu\\\/blog\\\/de\\\/category\\\/mein-haus\\\/deko-mobel\\\/\"},{\"@type\":\"ListItem\",\"position\":4,\"name\":\"Cuisine : quelle couleur pour ma d\u00e9co ?\"}]},{\"@type\":\"WebSite\",\"@id\":\"https:\\\/\\\/www.athome.lu\\\/blog\\\/#website\",\"url\":\"https:\\\/\\\/www.athome.lu\\\/blog\\\/\",\"name\":\"atHome Blog\",\"description\":\"Annonces immobili\u00e8res au Luxembourg. Le portail immobilier n\u00b01 au Luxembourg.\",\"potentialAction\":[{\"@type\":\"SearchAction\",\"target\":{\"@type\":\"EntryPoint\",\"urlTemplate\":\"https:\\\/\\\/www.athome.lu\\\/blog\\\/?s={search_term_string}\"},\"query-input\":{\"@type\":\"PropertyValueSpecification\",\"valueRequired\":true,\"valueName\":\"search_term_string\"}}],\"inLanguage\":\"en-GB\"},{\"@type\":\"Person\",\"@id\":\"https:\\\/\\\/www.athome.lu\\\/blog\\\/#\\\/schema\\\/person\\\/47f7a38089f837e792876ceddc4cb2dc\",\"name\":\"Fanny Pimentel\",\"image\":{\"@type\":\"ImageObject\",\"inLanguage\":\"en-GB\",\"@id\":\"https:\\\/\\\/secure.gravatar.com\\\/avatar\\\/c60b27b93851dc9503f9cc9150e73dcb0a86ba6150657e5e4b11d988400bc633?s=96&d=mm&r=g\",\"url\":\"https:\\\/\\\/secure.gravatar.com\\\/avatar\\\/c60b27b93851dc9503f9cc9150e73dcb0a86ba6150657e5e4b11d988400bc633?s=96&d=mm&r=g\",\"contentUrl\":\"https:\\\/\\\/secure.gravatar.com\\\/avatar\\\/c60b27b93851dc9503f9cc9150e73dcb0a86ba6150657e5e4b11d988400bc633?s=96&d=mm&r=g\",\"caption\":\"Fanny Pimentel\"}}]}<\/script>\n<!-- \/ Yoast SEO plugin. -->","yoast_head_json":{"title":"Kitchen: what colour for my decor? - atHome Blog","description":"A symbol of conviviality, the kitchen is an ideal room for family gatherings over a good meal.","robots":{"index":"index","follow":"follow","max-snippet":"max-snippet:-1","max-image-preview":"max-image-preview:large","max-video-preview":"max-video-preview:-1"},"canonical":"https:\/\/www.athome.lu\/blog\/en\/my-home\/decoration-2\/kitchen-what-color-for-my-deco\/","og_locale":"en_GB","og_type":"article","og_title":"Cuisine : quelle couleur pour ma d\u00e9co ? - atHome Blog","og_description":"Symbole de convivialit\u00e9, la cuisine est une pi\u00e8ce id\u00e9ale pour se retrouver en famille autour d\u2019un bon repas.","og_url":"https:\/\/www.athome.lu\/blog\/en\/my-home\/decoration-2\/kitchen-what-color-for-my-deco\/","og_site_name":"atHome Blog","article_publisher":"https:\/\/www.facebook.com\/atHome.lu\/","article_published_time":"2019-09-12T14:37:21+00:00","article_modified_time":"2022-05-11T13:40:42+00:00","og_image":[{"width":1200,"height":800,"url":"https:\/\/www.athome.lu\/blog\/wp-content\/uploads\/2018\/05\/cuisine-iStock-1200-160945655.jpg","type":"image\/jpeg"}],"author":"Fanny Pimentel","twitter_card":"summary_large_image","twitter_creator":"@athomelu","twitter_site":"@athomelu","twitter_misc":{"Written by":"Fanny Pimentel","Estimated reading time":"3 minutes"},"schema":{"@context":"https:\/\/schema.org","@graph":[{"@type":"Article","@id":"https:\/\/www.athome.lu\/blog\/mon-logement\/meuble-decoration\/cuisine-quelle-couleur-pour-ma-deco\/#article","isPartOf":{"@id":"https:\/\/www.athome.lu\/blog\/mon-logement\/meuble-decoration\/cuisine-quelle-couleur-pour-ma-deco\/"},"author":{"name":"Fanny Pimentel","@id":"https:\/\/www.athome.lu\/blog\/#\/schema\/person\/47f7a38089f837e792876ceddc4cb2dc"},"headline":"Cuisine : quelle couleur pour ma d\u00e9co ?","datePublished":"2019-09-12T14:37:21+00:00","dateModified":"2022-05-11T13:40:42+00:00","mainEntityOfPage":{"@id":"https:\/\/www.athome.lu\/blog\/mon-logement\/meuble-decoration\/cuisine-quelle-couleur-pour-ma-deco\/"},"wordCount":443,"image":{"@id":"https:\/\/www.athome.lu\/blog\/mon-logement\/meuble-decoration\/cuisine-quelle-couleur-pour-ma-deco\/#primaryimage"},"thumbnailUrl":"https:\/\/www.athome.lu\/blog\/wp-content\/uploads\/2018\/05\/cuisine-iStock-1200-160945655.jpg","keywords":["D\u00e9coration"],"articleSection":["Meubler et D\u00e9corer"],"inLanguage":"en-GB"},{"@type":"WebPage","@id":"https:\/\/www.athome.lu\/blog\/mon-logement\/meuble-decoration\/cuisine-quelle-couleur-pour-ma-deco\/","url":"https:\/\/www.athome.lu\/blog\/mon-logement\/meuble-decoration\/cuisine-quelle-couleur-pour-ma-deco\/","name":"Kitchen: what colour for my decor? - atHome Blog","isPartOf":{"@id":"https:\/\/www.athome.lu\/blog\/#website"},"primaryImageOfPage":{"@id":"https:\/\/www.athome.lu\/blog\/mon-logement\/meuble-decoration\/cuisine-quelle-couleur-pour-ma-deco\/#primaryimage"},"image":{"@id":"https:\/\/www.athome.lu\/blog\/mon-logement\/meuble-decoration\/cuisine-quelle-couleur-pour-ma-deco\/#primaryimage"},"thumbnailUrl":"https:\/\/www.athome.lu\/blog\/wp-content\/uploads\/2018\/05\/cuisine-iStock-1200-160945655.jpg","datePublished":"2019-09-12T14:37:21+00:00","dateModified":"2022-05-11T13:40:42+00:00","author":{"@id":"https:\/\/www.athome.lu\/blog\/#\/schema\/person\/47f7a38089f837e792876ceddc4cb2dc"},"description":"A symbol of conviviality, the kitchen is an ideal room for family gatherings over a good meal.","breadcrumb":{"@id":"https:\/\/www.athome.lu\/blog\/mon-logement\/meuble-decoration\/cuisine-quelle-couleur-pour-ma-deco\/#breadcrumb"},"inLanguage":"en-GB","potentialAction":[{"@type":"ReadAction","target":["https:\/\/www.athome.lu\/blog\/mon-logement\/meuble-decoration\/cuisine-quelle-couleur-pour-ma-deco\/"]}]},{"@type":"ImageObject","inLanguage":"en-GB","@id":"https:\/\/www.athome.lu\/blog\/mon-logement\/meuble-decoration\/cuisine-quelle-couleur-pour-ma-deco\/#primaryimage","url":"https:\/\/www.athome.lu\/blog\/wp-content\/uploads\/2018\/05\/cuisine-iStock-1200-160945655.jpg","contentUrl":"https:\/\/www.athome.lu\/blog\/wp-content\/uploads\/2018\/05\/cuisine-iStock-1200-160945655.jpg","width":1200,"height":800,"caption":"Rangement petite cuisine"},{"@type":"BreadcrumbList","@id":"https:\/\/www.athome.lu\/blog\/mon-logement\/meuble-decoration\/cuisine-quelle-couleur-pour-ma-deco\/#breadcrumb","itemListElement":[{"@type":"ListItem","position":1,"name":"Accueil","item":"https:\/\/www.athome.lu\/blog\/"},{"@type":"ListItem","position":2,"name":"Mon logement","item":"https:\/\/www.athome.lu\/blog\/de\/category\/mein-haus\/"},{"@type":"ListItem","position":3,"name":"Meubler et D\u00e9corer","item":"https:\/\/www.athome.lu\/blog\/de\/category\/mein-haus\/deko-mobel\/"},{"@type":"ListItem","position":4,"name":"Cuisine : quelle couleur pour ma d\u00e9co ?"}]},{"@type":"WebSite","@id":"https:\/\/www.athome.lu\/blog\/#website","url":"https:\/\/www.athome.lu\/blog\/","name":"atHome Blog","description":"Real estate ads in Luxembourg. The n\u00b01 real estate portal in Luxembourg.","potentialAction":[{"@type":"SearchAction","target":{"@type":"EntryPoint","urlTemplate":"https:\/\/www.athome.lu\/blog\/?s={search_term_string}"},"query-input":{"@type":"PropertyValueSpecification","valueRequired":true,"valueName":"search_term_string"}}],"inLanguage":"en-GB"},{"@type":"Person","@id":"https:\/\/www.athome.lu\/blog\/#\/schema\/person\/47f7a38089f837e792876ceddc4cb2dc","name":"Fanny Pimentel","image":{"@type":"ImageObject","inLanguage":"en-GB","@id":"https:\/\/secure.gravatar.com\/avatar\/c60b27b93851dc9503f9cc9150e73dcb0a86ba6150657e5e4b11d988400bc633?s=96&d=mm&r=g","url":"https:\/\/secure.gravatar.com\/avatar\/c60b27b93851dc9503f9cc9150e73dcb0a86ba6150657e5e4b11d988400bc633?s=96&d=mm&r=g","contentUrl":"https:\/\/secure.gravatar.com\/avatar\/c60b27b93851dc9503f9cc9150e73dcb0a86ba6150657e5e4b11d988400bc633?s=96&d=mm&r=g","caption":"Fanny Pimentel"}}]}},"featured_media_src_url":"https:\/\/www.athome.lu\/blog\/wp-content\/uploads\/2018\/05\/cuisine-iStock-1200-160945655-1024x683.jpg","_links":{"self":[{"href":"https:\/\/www.athome.lu\/blog\/en\/wp-json\/wp\/v2\/posts\/12321","targetHints":{"allow":["GET"]}}],"collection":[{"href":"https:\/\/www.athome.lu\/blog\/en\/wp-json\/wp\/v2\/posts"}],"about":[{"href":"https:\/\/www.athome.lu\/blog\/en\/wp-json\/wp\/v2\/types\/post"}],"author":[{"embeddable":true,"href":"https:\/\/www.athome.lu\/blog\/en\/wp-json\/wp\/v2\/users\/17"}],"replies":[{"embeddable":true,"href":"https:\/\/www.athome.lu\/blog\/en\/wp-json\/wp\/v2\/comments?post=12321"}],"version-history":[{"count":2,"href":"https:\/\/www.athome.lu\/blog\/en\/wp-json\/wp\/v2\/posts\/12321\/revisions"}],"predecessor-version":[{"id":15034,"href":"https:\/\/www.athome.lu\/blog\/en\/wp-json\/wp\/v2\/posts\/12321\/revisions\/15034"}],"wp:featuredmedia":[{"embeddable":true,"href":"https:\/\/www.athome.lu\/blog\/en\/wp-json\/wp\/v2\/media\/11277"}],"wp:attachment":[{"href":"https:\/\/www.athome.lu\/blog\/en\/wp-json\/wp\/v2\/media?parent=12321"}],"wp:term":[{"taxonomy":"category","embeddable":true,"href":"https:\/\/www.athome.lu\/blog\/en\/wp-json\/wp\/v2\/categories?post=12321"},{"taxonomy":"post_tag","embeddable":true,"href":"https:\/\/www.athome.lu\/blog\/en\/wp-json\/wp\/v2\/tags?post=12321"}],"curies":[{"name":"wp","href":"https:\/\/api.w.org\/{rel}","templated":true}]}}