{"id":12582,"date":"2020-01-14T09:07:41","date_gmt":"2020-01-14T08:07:41","guid":{"rendered":"https:\/\/www.athome.lu\/blog\/?p=12582"},"modified":"2024-10-16T11:34:19","modified_gmt":"2024-10-16T09:34:19","slug":"your-apartment-has-value","status":"publish","type":"post","link":"https:\/\/www.athome.lu\/blog\/en\/vendre\/estimer\/votre-appartement-a-t-il-pris-de-la-valeur\/","title":{"rendered":"Has your flat increased in value?"},"content":{"rendered":"<p><span style=\"color: #000000;\">You bought your flat several years ago and now you want to sell it. <a href=\"https:\/\/www.athome.lu\/blog\/vendre\">sell<\/a>. But, over the years, has your home increased in value? What would be the selling price today?<\/span><br><span style=\"color: #000000;\">Before you start making predictions, you need to know how to properly value your property.<\/span><\/p>\n\n\n\n<h2 class=\"wp-block-heading\"><span style=\"color: #000000;\"><strong>Valuing a flat: taking the current market into account<\/strong><\/span><\/h2>\n\n\n\n<p><span style=\"color: #000000;\">In order to get an initial idea of the price of your flat, it is necessary to find out about the property market in your area. To do this, you have several options: refer to the property prices published in<a href=\"https:\/\/www.athome.lu\/blog\/blog\/marche-de-limmobilier\/athome-magazine\/\"> atHome Magazine<\/a> or look at the ads on the Internet. By comparing your flat with similar ads published on atHome, you will get an initial idea of the prices charged in your municipality for the type of accommodation you have.<\/span><\/p>\n\n\n\n<p><span style=\"color: #000000;\">Of course, many other criteria will help determine and refine the price of your flat. In reality, each property has its own value. Fortunately, there are now estimation tools to find out the value of a property. Use <a href=\"https:\/\/www.athome.lu\/blog\/vendre\">the estimation tool<\/a> atHome will allow you to receive an evaluation of your flat in just a few minutes.<\/span><\/p>\n\n\n\n<h2 class=\"wp-block-heading\"><span style=\"color: #000000;\"><strong>Estimating a flat: the state of the condominium<\/strong><\/span><\/h2>\n\n\n\n<p><span style=\"color: #000000;\">In the case of the sale of a flat, the condition of the residence should not be overlooked. Indeed, everything related to the co-ownership will be taken into consideration in the calculation of the price of your property.<\/span><br><span style=\"color: #000000;\">A defective lift or a faded facade may reduce the selling price. On the other hand, facilities such as high security access or the presence of well-maintained green spaces can influence the price upwards.<\/span><\/p>\n\n\n\n<p><span style=\"color: #000000;\">Also related to the building, the energy performance of the building plays a role in the estimation of the sale price. In concrete terms, a good 'rating' will have a positive impact on the price, while a low energy value will lower the valuation of the property. This is the so-called green value: the change in the value of the property due to its energy performance.<\/span><\/p>\n\n\n\n<p><span style=\"color: #000000;\">Finally, note that the floor on which your flat is located will also have an impact on the final sale price: the higher the flat, the higher the price.<\/span><\/p>\n\n\n<section id=\"section-3-14695\" class=\"ct-section\" ><div class=\"ct-section-inner-wrap\"><div id=\"div_block-4-14695\" class=\"ct-div-block\" ><div id=\"new_columns-7-14695\" class=\"ct-new-columns\" ><div id=\"div_block-8-14695\" class=\"ct-div-block\" ><div id=\"div_block-14-14695\" class=\"ct-div-block\" ><\/div><\/div><div id=\"div_block-9-14695\" class=\"ct-div-block\" ><h1 id=\"headline-11-14695\" class=\"ct-headline\">What are the property prices at the moment?<\/h1><div id=\"text_block-12-14695\" class=\"ct-text-block\" >Prices are slowing down. Interest rates are rising. What are the trends for the coming months?<\/div><a id=\"link_button-13-14695\" class=\"ct-link-button\" href=\"https:\/\/www.athome.lu\/blog\/blog\/marche-immobilier\/prix\/tendances-2022\/\" target=\"_blank\"  >Read the analysis<\/a><\/div><\/div><\/div><\/div><\/section>","protected":false},"excerpt":{"rendered":"<p>Vous avez achet\u00e9 votre appartement il y a plusieurs ann\u00e9es et vous souhaitez maintenant le vendre. Mais, au fil des ann\u00e9es, votre logement a-t-il pris de la valeur ? Quel serait le prix de vente aujourd\u2019hui ?Avant de vous lancer dans des pronostics, vous devez savoir comment bien estimer votre bien immobilier. Estimer un appartement&nbsp;: [&hellip;]<\/p>\n","protected":false},"author":17,"featured_media":12584,"comment_status":"closed","ping_status":"closed","sticky":false,"template":"","format":"standard","meta":{"_acf_changed":false,"footnotes":""},"categories":[227],"tags":[37],"class_list":["post-12582","post","type-post","status-publish","format-standard","has-post-thumbnail","hentry","category-estimer","tag-vente"],"acf":[],"yoast_head":"<!-- This site is optimized with the Yoast SEO plugin v27.4 - https:\/\/yoast.com\/product\/yoast-seo-wordpress\/ -->\n<title>Votre appartement a-t-il pris de la valeur\u00a0? - atHome Blog<\/title>\n<meta name=\"description\" content=\"Vous avez achet\u00e9 votre appartement il y a plusieurs ann\u00e9es et vous avez d\u00e9cid\u00e9 de vendre ? Mais vous vous demandez quel serait le prix de vente aujourd\u2019hui ? Voici comment estimer votre appartement.\" \/>\n<meta name=\"robots\" content=\"index, follow, max-snippet:-1, max-image-preview:large, max-video-preview:-1\" \/>\n<link rel=\"canonical\" href=\"https:\/\/www.athome.lu\/blog\/en\/sell\/estimate\/your-apartment-has-value\/\" \/>\n<meta property=\"og:locale\" content=\"en_GB\" \/>\n<meta property=\"og:type\" content=\"article\" \/>\n<meta property=\"og:title\" content=\"Votre appartement a-t-il pris de la valeur\u00a0? - atHome Blog\" \/>\n<meta property=\"og:description\" content=\"Vous avez achet\u00e9 votre appartement il y a plusieurs ann\u00e9es et vous avez d\u00e9cid\u00e9 de vendre ? Mais vous vous demandez quel serait le prix de vente aujourd\u2019hui ? Voici comment estimer votre appartement.\" \/>\n<meta property=\"og:url\" content=\"https:\/\/www.athome.lu\/blog\/en\/sell\/estimate\/your-apartment-has-value\/\" \/>\n<meta property=\"og:site_name\" content=\"atHome Blog\" \/>\n<meta property=\"article:publisher\" content=\"https:\/\/www.facebook.com\/atHome.lu\/\" \/>\n<meta property=\"article:published_time\" content=\"2020-01-14T08:07:41+00:00\" \/>\n<meta property=\"article:modified_time\" content=\"2024-10-16T09:34:19+00:00\" \/>\n<meta property=\"og:image\" content=\"https:\/\/www.athome.lu\/blog\/wp-content\/uploads\/2020\/01\/lamp-4720975_1280.jpg\" \/>\n\t<meta property=\"og:image:width\" content=\"1215\" \/>\n\t<meta property=\"og:image:height\" content=\"811\" \/>\n\t<meta property=\"og:image:type\" content=\"image\/jpeg\" \/>\n<meta name=\"author\" content=\"Fanny Pimentel\" \/>\n<meta name=\"twitter:card\" content=\"summary_large_image\" \/>\n<meta name=\"twitter:creator\" content=\"@athomelu\" \/>\n<meta name=\"twitter:site\" content=\"@athomelu\" \/>\n<meta name=\"twitter:label1\" content=\"Written by\" \/>\n\t<meta name=\"twitter:data1\" content=\"Fanny Pimentel\" \/>\n\t<meta name=\"twitter:label2\" content=\"Estimated reading time\" \/>\n\t<meta name=\"twitter:data2\" content=\"3 minutes\" \/>\n<script type=\"application\/ld+json\" class=\"yoast-schema-graph\">{\"@context\":\"https:\\\/\\\/schema.org\",\"@graph\":[{\"@type\":\"Article\",\"@id\":\"https:\\\/\\\/www.athome.lu\\\/blog\\\/vendre\\\/estimer\\\/votre-appartement-a-t-il-pris-de-la-valeur\\\/#article\",\"isPartOf\":{\"@id\":\"https:\\\/\\\/www.athome.lu\\\/blog\\\/vendre\\\/estimer\\\/votre-appartement-a-t-il-pris-de-la-valeur\\\/\"},\"author\":{\"name\":\"Fanny Pimentel\",\"@id\":\"https:\\\/\\\/www.athome.lu\\\/blog\\\/#\\\/schema\\\/person\\\/47f7a38089f837e792876ceddc4cb2dc\"},\"headline\":\"Votre appartement a-t-il pris de la valeur\u00a0?\",\"datePublished\":\"2020-01-14T08:07:41+00:00\",\"dateModified\":\"2024-10-16T09:34:19+00:00\",\"mainEntityOfPage\":{\"@id\":\"https:\\\/\\\/www.athome.lu\\\/blog\\\/vendre\\\/estimer\\\/votre-appartement-a-t-il-pris-de-la-valeur\\\/\"},\"wordCount\":436,\"image\":{\"@id\":\"https:\\\/\\\/www.athome.lu\\\/blog\\\/vendre\\\/estimer\\\/votre-appartement-a-t-il-pris-de-la-valeur\\\/#primaryimage\"},\"thumbnailUrl\":\"https:\\\/\\\/www.athome.lu\\\/blog\\\/wp-content\\\/uploads\\\/2020\\\/01\\\/lamp-4720975_1280.jpg\",\"keywords\":[\"Vente\"],\"articleSection\":[\"Estimer\"],\"inLanguage\":\"en-GB\"},{\"@type\":\"WebPage\",\"@id\":\"https:\\\/\\\/www.athome.lu\\\/blog\\\/vendre\\\/estimer\\\/votre-appartement-a-t-il-pris-de-la-valeur\\\/\",\"url\":\"https:\\\/\\\/www.athome.lu\\\/blog\\\/vendre\\\/estimer\\\/votre-appartement-a-t-il-pris-de-la-valeur\\\/\",\"name\":\"Votre appartement a-t-il pris de la valeur\u00a0? - atHome Blog\",\"isPartOf\":{\"@id\":\"https:\\\/\\\/www.athome.lu\\\/blog\\\/#website\"},\"primaryImageOfPage\":{\"@id\":\"https:\\\/\\\/www.athome.lu\\\/blog\\\/vendre\\\/estimer\\\/votre-appartement-a-t-il-pris-de-la-valeur\\\/#primaryimage\"},\"image\":{\"@id\":\"https:\\\/\\\/www.athome.lu\\\/blog\\\/vendre\\\/estimer\\\/votre-appartement-a-t-il-pris-de-la-valeur\\\/#primaryimage\"},\"thumbnailUrl\":\"https:\\\/\\\/www.athome.lu\\\/blog\\\/wp-content\\\/uploads\\\/2020\\\/01\\\/lamp-4720975_1280.jpg\",\"datePublished\":\"2020-01-14T08:07:41+00:00\",\"dateModified\":\"2024-10-16T09:34:19+00:00\",\"author\":{\"@id\":\"https:\\\/\\\/www.athome.lu\\\/blog\\\/#\\\/schema\\\/person\\\/47f7a38089f837e792876ceddc4cb2dc\"},\"description\":\"Vous avez achet\u00e9 votre appartement il y a plusieurs ann\u00e9es et vous avez d\u00e9cid\u00e9 de vendre ? Mais vous vous demandez quel serait le prix de vente aujourd\u2019hui ? Voici comment estimer votre appartement.\",\"breadcrumb\":{\"@id\":\"https:\\\/\\\/www.athome.lu\\\/blog\\\/vendre\\\/estimer\\\/votre-appartement-a-t-il-pris-de-la-valeur\\\/#breadcrumb\"},\"inLanguage\":\"en-GB\",\"potentialAction\":[{\"@type\":\"ReadAction\",\"target\":[\"https:\\\/\\\/www.athome.lu\\\/blog\\\/vendre\\\/estimer\\\/votre-appartement-a-t-il-pris-de-la-valeur\\\/\"]}]},{\"@type\":\"ImageObject\",\"inLanguage\":\"en-GB\",\"@id\":\"https:\\\/\\\/www.athome.lu\\\/blog\\\/vendre\\\/estimer\\\/votre-appartement-a-t-il-pris-de-la-valeur\\\/#primaryimage\",\"url\":\"https:\\\/\\\/www.athome.lu\\\/blog\\\/wp-content\\\/uploads\\\/2020\\\/01\\\/lamp-4720975_1280.jpg\",\"contentUrl\":\"https:\\\/\\\/www.athome.lu\\\/blog\\\/wp-content\\\/uploads\\\/2020\\\/01\\\/lamp-4720975_1280.jpg\",\"width\":1215,\"height\":811,\"caption\":\"Estimer un appartement\"},{\"@type\":\"BreadcrumbList\",\"@id\":\"https:\\\/\\\/www.athome.lu\\\/blog\\\/vendre\\\/estimer\\\/votre-appartement-a-t-il-pris-de-la-valeur\\\/#breadcrumb\",\"itemListElement\":[{\"@type\":\"ListItem\",\"position\":1,\"name\":\"Accueil\",\"item\":\"https:\\\/\\\/www.athome.lu\\\/blog\\\/\"},{\"@type\":\"ListItem\",\"position\":2,\"name\":\"Vendre\",\"item\":\"https:\\\/\\\/www.athome.lu\\\/blog\\\/en\\\/category\\\/sell\\\/\"},{\"@type\":\"ListItem\",\"position\":3,\"name\":\"Estimer\",\"item\":\"https:\\\/\\\/www.athome.lu\\\/blog\\\/category\\\/vendre\\\/estimer\\\/\"},{\"@type\":\"ListItem\",\"position\":4,\"name\":\"Votre appartement a-t-il pris de la valeur\u00a0?\"}]},{\"@type\":\"WebSite\",\"@id\":\"https:\\\/\\\/www.athome.lu\\\/blog\\\/#website\",\"url\":\"https:\\\/\\\/www.athome.lu\\\/blog\\\/\",\"name\":\"atHome Blog\",\"description\":\"Annonces immobili\u00e8res au Luxembourg. Le portail immobilier n\u00b01 au Luxembourg.\",\"potentialAction\":[{\"@type\":\"SearchAction\",\"target\":{\"@type\":\"EntryPoint\",\"urlTemplate\":\"https:\\\/\\\/www.athome.lu\\\/blog\\\/?s={search_term_string}\"},\"query-input\":{\"@type\":\"PropertyValueSpecification\",\"valueRequired\":true,\"valueName\":\"search_term_string\"}}],\"inLanguage\":\"en-GB\"},{\"@type\":\"Person\",\"@id\":\"https:\\\/\\\/www.athome.lu\\\/blog\\\/#\\\/schema\\\/person\\\/47f7a38089f837e792876ceddc4cb2dc\",\"name\":\"Fanny Pimentel\",\"image\":{\"@type\":\"ImageObject\",\"inLanguage\":\"en-GB\",\"@id\":\"https:\\\/\\\/secure.gravatar.com\\\/avatar\\\/c60b27b93851dc9503f9cc9150e73dcb0a86ba6150657e5e4b11d988400bc633?s=96&d=mm&r=g\",\"url\":\"https:\\\/\\\/secure.gravatar.com\\\/avatar\\\/c60b27b93851dc9503f9cc9150e73dcb0a86ba6150657e5e4b11d988400bc633?s=96&d=mm&r=g\",\"contentUrl\":\"https:\\\/\\\/secure.gravatar.com\\\/avatar\\\/c60b27b93851dc9503f9cc9150e73dcb0a86ba6150657e5e4b11d988400bc633?s=96&d=mm&r=g\",\"caption\":\"Fanny Pimentel\"}}]}<\/script>\n<!-- \/ Yoast SEO plugin. -->","yoast_head_json":{"title":"Has your flat increased in value? - atHome Blog","description":"You bought your flat several years ago and have decided to sell? But you are wondering what the selling price would be today? Here's how to value your flat.","robots":{"index":"index","follow":"follow","max-snippet":"max-snippet:-1","max-image-preview":"max-image-preview:large","max-video-preview":"max-video-preview:-1"},"canonical":"https:\/\/www.athome.lu\/blog\/en\/sell\/estimate\/your-apartment-has-value\/","og_locale":"en_GB","og_type":"article","og_title":"Votre appartement a-t-il pris de la valeur\u00a0? - atHome Blog","og_description":"Vous avez achet\u00e9 votre appartement il y a plusieurs ann\u00e9es et vous avez d\u00e9cid\u00e9 de vendre ? Mais vous vous demandez quel serait le prix de vente aujourd\u2019hui ? Voici comment estimer votre appartement.","og_url":"https:\/\/www.athome.lu\/blog\/en\/sell\/estimate\/your-apartment-has-value\/","og_site_name":"atHome Blog","article_publisher":"https:\/\/www.facebook.com\/atHome.lu\/","article_published_time":"2020-01-14T08:07:41+00:00","article_modified_time":"2024-10-16T09:34:19+00:00","og_image":[{"width":1215,"height":811,"url":"https:\/\/www.athome.lu\/blog\/wp-content\/uploads\/2020\/01\/lamp-4720975_1280.jpg","type":"image\/jpeg"}],"author":"Fanny Pimentel","twitter_card":"summary_large_image","twitter_creator":"@athomelu","twitter_site":"@athomelu","twitter_misc":{"Written by":"Fanny Pimentel","Estimated reading time":"3 minutes"},"schema":{"@context":"https:\/\/schema.org","@graph":[{"@type":"Article","@id":"https:\/\/www.athome.lu\/blog\/vendre\/estimer\/votre-appartement-a-t-il-pris-de-la-valeur\/#article","isPartOf":{"@id":"https:\/\/www.athome.lu\/blog\/vendre\/estimer\/votre-appartement-a-t-il-pris-de-la-valeur\/"},"author":{"name":"Fanny Pimentel","@id":"https:\/\/www.athome.lu\/blog\/#\/schema\/person\/47f7a38089f837e792876ceddc4cb2dc"},"headline":"Votre appartement a-t-il pris de la valeur\u00a0?","datePublished":"2020-01-14T08:07:41+00:00","dateModified":"2024-10-16T09:34:19+00:00","mainEntityOfPage":{"@id":"https:\/\/www.athome.lu\/blog\/vendre\/estimer\/votre-appartement-a-t-il-pris-de-la-valeur\/"},"wordCount":436,"image":{"@id":"https:\/\/www.athome.lu\/blog\/vendre\/estimer\/votre-appartement-a-t-il-pris-de-la-valeur\/#primaryimage"},"thumbnailUrl":"https:\/\/www.athome.lu\/blog\/wp-content\/uploads\/2020\/01\/lamp-4720975_1280.jpg","keywords":["Vente"],"articleSection":["Estimer"],"inLanguage":"en-GB"},{"@type":"WebPage","@id":"https:\/\/www.athome.lu\/blog\/vendre\/estimer\/votre-appartement-a-t-il-pris-de-la-valeur\/","url":"https:\/\/www.athome.lu\/blog\/vendre\/estimer\/votre-appartement-a-t-il-pris-de-la-valeur\/","name":"Has your flat increased in value? - atHome Blog","isPartOf":{"@id":"https:\/\/www.athome.lu\/blog\/#website"},"primaryImageOfPage":{"@id":"https:\/\/www.athome.lu\/blog\/vendre\/estimer\/votre-appartement-a-t-il-pris-de-la-valeur\/#primaryimage"},"image":{"@id":"https:\/\/www.athome.lu\/blog\/vendre\/estimer\/votre-appartement-a-t-il-pris-de-la-valeur\/#primaryimage"},"thumbnailUrl":"https:\/\/www.athome.lu\/blog\/wp-content\/uploads\/2020\/01\/lamp-4720975_1280.jpg","datePublished":"2020-01-14T08:07:41+00:00","dateModified":"2024-10-16T09:34:19+00:00","author":{"@id":"https:\/\/www.athome.lu\/blog\/#\/schema\/person\/47f7a38089f837e792876ceddc4cb2dc"},"description":"You bought your flat several years ago and have decided to sell? But you are wondering what the selling price would be today? Here's how to value your flat.","breadcrumb":{"@id":"https:\/\/www.athome.lu\/blog\/vendre\/estimer\/votre-appartement-a-t-il-pris-de-la-valeur\/#breadcrumb"},"inLanguage":"en-GB","potentialAction":[{"@type":"ReadAction","target":["https:\/\/www.athome.lu\/blog\/vendre\/estimer\/votre-appartement-a-t-il-pris-de-la-valeur\/"]}]},{"@type":"ImageObject","inLanguage":"en-GB","@id":"https:\/\/www.athome.lu\/blog\/vendre\/estimer\/votre-appartement-a-t-il-pris-de-la-valeur\/#primaryimage","url":"https:\/\/www.athome.lu\/blog\/wp-content\/uploads\/2020\/01\/lamp-4720975_1280.jpg","contentUrl":"https:\/\/www.athome.lu\/blog\/wp-content\/uploads\/2020\/01\/lamp-4720975_1280.jpg","width":1215,"height":811,"caption":"Estimer un appartement"},{"@type":"BreadcrumbList","@id":"https:\/\/www.athome.lu\/blog\/vendre\/estimer\/votre-appartement-a-t-il-pris-de-la-valeur\/#breadcrumb","itemListElement":[{"@type":"ListItem","position":1,"name":"Accueil","item":"https:\/\/www.athome.lu\/blog\/"},{"@type":"ListItem","position":2,"name":"Vendre","item":"https:\/\/www.athome.lu\/blog\/en\/category\/sell\/"},{"@type":"ListItem","position":3,"name":"Estimer","item":"https:\/\/www.athome.lu\/blog\/category\/vendre\/estimer\/"},{"@type":"ListItem","position":4,"name":"Votre appartement a-t-il pris de la valeur\u00a0?"}]},{"@type":"WebSite","@id":"https:\/\/www.athome.lu\/blog\/#website","url":"https:\/\/www.athome.lu\/blog\/","name":"atHome Blog","description":"Real estate ads in Luxembourg. The n\u00b01 real estate portal in Luxembourg.","potentialAction":[{"@type":"SearchAction","target":{"@type":"EntryPoint","urlTemplate":"https:\/\/www.athome.lu\/blog\/?s={search_term_string}"},"query-input":{"@type":"PropertyValueSpecification","valueRequired":true,"valueName":"search_term_string"}}],"inLanguage":"en-GB"},{"@type":"Person","@id":"https:\/\/www.athome.lu\/blog\/#\/schema\/person\/47f7a38089f837e792876ceddc4cb2dc","name":"Fanny Pimentel","image":{"@type":"ImageObject","inLanguage":"en-GB","@id":"https:\/\/secure.gravatar.com\/avatar\/c60b27b93851dc9503f9cc9150e73dcb0a86ba6150657e5e4b11d988400bc633?s=96&d=mm&r=g","url":"https:\/\/secure.gravatar.com\/avatar\/c60b27b93851dc9503f9cc9150e73dcb0a86ba6150657e5e4b11d988400bc633?s=96&d=mm&r=g","contentUrl":"https:\/\/secure.gravatar.com\/avatar\/c60b27b93851dc9503f9cc9150e73dcb0a86ba6150657e5e4b11d988400bc633?s=96&d=mm&r=g","caption":"Fanny Pimentel"}}]}},"featured_media_src_url":"https:\/\/www.athome.lu\/blog\/wp-content\/uploads\/2020\/01\/lamp-4720975_1280-1024x684.jpg","_links":{"self":[{"href":"https:\/\/www.athome.lu\/blog\/en\/wp-json\/wp\/v2\/posts\/12582","targetHints":{"allow":["GET"]}}],"collection":[{"href":"https:\/\/www.athome.lu\/blog\/en\/wp-json\/wp\/v2\/posts"}],"about":[{"href":"https:\/\/www.athome.lu\/blog\/en\/wp-json\/wp\/v2\/types\/post"}],"author":[{"embeddable":true,"href":"https:\/\/www.athome.lu\/blog\/en\/wp-json\/wp\/v2\/users\/17"}],"replies":[{"embeddable":true,"href":"https:\/\/www.athome.lu\/blog\/en\/wp-json\/wp\/v2\/comments?post=12582"}],"version-history":[{"count":2,"href":"https:\/\/www.athome.lu\/blog\/en\/wp-json\/wp\/v2\/posts\/12582\/revisions"}],"predecessor-version":[{"id":14992,"href":"https:\/\/www.athome.lu\/blog\/en\/wp-json\/wp\/v2\/posts\/12582\/revisions\/14992"}],"wp:featuredmedia":[{"embeddable":true,"href":"https:\/\/www.athome.lu\/blog\/en\/wp-json\/wp\/v2\/media\/12584"}],"wp:attachment":[{"href":"https:\/\/www.athome.lu\/blog\/en\/wp-json\/wp\/v2\/media?parent=12582"}],"wp:term":[{"taxonomy":"category","embeddable":true,"href":"https:\/\/www.athome.lu\/blog\/en\/wp-json\/wp\/v2\/categories?post=12582"},{"taxonomy":"post_tag","embeddable":true,"href":"https:\/\/www.athome.lu\/blog\/en\/wp-json\/wp\/v2\/tags?post=12582"}],"curies":[{"name":"wp","href":"https:\/\/api.w.org\/{rel}","templated":true}]}}