{"id":12615,"date":"2020-02-04T09:35:48","date_gmt":"2020-02-04T08:35:48","guid":{"rendered":"https:\/\/www.athome.lu\/blog\/?p=12615"},"modified":"2022-05-11T14:39:51","modified_gmt":"2022-05-11T12:39:51","slug":"belair-latout-chic-de-la-capitale","status":"publish","type":"post","link":"https:\/\/www.athome.lu\/blog\/en\/marche-immobilier\/villes\/belair-latout-chic-de-la-capitale\/","title":{"rendered":"Belair, the capital's chic asset"},"content":{"rendered":"<p><span style=\"color: #000000;\">The Belair district is one of the most fashionable and popular areas for new residents in the capital. The tranquillity of the area, only a few minutes from the city centre, makes it a popular neighbourhood. The same applies to the many recreational areas for young people and the excellent transport connections.<\/span><\/p>\n\n\n\n<p><span style=\"color: #000000;\">Belair is located in the west of the Upper Town and is surrounded by the districts of Merl in the southwest, Hollerich in the south and Rollingergrund\/Belair-Nord in the north. It is undoubtedly one of the most popular areas. Many people seem to want to settle here nowadays, attracted by its tranquillity.<\/span><\/p>\n\n\n\n<div class=\"wp-block-image\"><figure class=\"aligncenter\"><a href=\"https:\/\/www.athome.lu\/blog\/blog\/wp-content\/uploads\/2020\/02\/belair-2.jpg\"><img loading=\"lazy\" decoding=\"async\" width=\"1024\" height=\"683\" src=\"https:\/\/www.athome.lu\/blog\/blog\/wp-content\/uploads\/2020\/02\/belair-2-1024x683.jpg\" alt=\"Belair district, Luxembourg\" class=\"wp-image-12618\" srcset=\"https:\/\/www.athome.lu\/blog\/wp-content\/uploads\/2020\/02\/belair-2-1024x683.jpg 1024w, https:\/\/www.athome.lu\/blog\/wp-content\/uploads\/2020\/02\/belair-2-300x200.jpg 300w, https:\/\/www.athome.lu\/blog\/wp-content\/uploads\/2020\/02\/belair-2-768x512.jpg 768w, https:\/\/www.athome.lu\/blog\/wp-content\/uploads\/2020\/02\/belair-2-18x12.jpg 18w, https:\/\/www.athome.lu\/blog\/wp-content\/uploads\/2020\/02\/belair-2.jpg 1200w\" sizes=\"auto, (max-width: 1024px) 100vw, 1024px\" \/><\/a><\/figure><\/div>\n\n\n\n<h2 class=\"wp-block-heading\"><span style=\"color: #000000;\"><strong>A rather young population<\/strong><\/span><\/h2>\n\n\n\n<p><span style=\"color: #000000;\">With its 11,494 inhabitants (as of 31 December 2018), Belair is one of the most densely populated districts in the capital. Indeed, its population is constantly increasing. It now accounts for almost 10 % of the City's population. The population is relatively young, with a slight majority of women. It is mainly composed of people aged between 25 and 48. In other words, they are young and active people of family-building age. Finally, the population of Belair is predominantly foreign (69 %) and characterised by cosmopolitanism. No less than 111 nationalities are present. Luxembourgers, French, Italians, Germans, Portuguese, Belgians, Spaniards and British are among those most represented.<\/span><\/p>\n\n\n\n<h2 class=\"wp-block-heading\"><span style=\"color: #000000;\"><strong>An ideally located neighbourhood<\/strong><\/span><\/h2>\n\n\n\n<p><span style=\"color: #000000;\">Located between the Route d'Arlon to the north and the Route de Longwy to the south, the district is also bounded by the Avenue Guillaume on the south-eastern edge. However, Belair does not seem to suffer from the heavy traffic linked to these major roads. On the contrary, traffic within the district itself remains relatively limited. Belair enjoys the advantages of the city without suffering from its disadvantages. This is a great advantage for newcomers looking for a peaceful place to live.<\/span><\/p>\n\n\n\n<p><span style=\"color: #000000;\">Belair is also close to important sites such as the Josy Barthel Stadium and the Merl Park. A popular place for families with children.<\/span><\/p>\n\n\n\n<div class=\"wp-block-image\"><figure class=\"aligncenter\"><a href=\"https:\/\/www.athome.lu\/blog\/blog\/wp-content\/uploads\/2020\/02\/belair-4.jpg\"><img loading=\"lazy\" decoding=\"async\" width=\"1024\" height=\"683\" src=\"https:\/\/www.athome.lu\/blog\/blog\/wp-content\/uploads\/2020\/02\/belair-4-1024x683.jpg\" alt=\"\" class=\"wp-image-12620\" srcset=\"https:\/\/www.athome.lu\/blog\/wp-content\/uploads\/2020\/02\/belair-4-1024x683.jpg 1024w, https:\/\/www.athome.lu\/blog\/wp-content\/uploads\/2020\/02\/belair-4-300x200.jpg 300w, https:\/\/www.athome.lu\/blog\/wp-content\/uploads\/2020\/02\/belair-4-768x512.jpg 768w, https:\/\/www.athome.lu\/blog\/wp-content\/uploads\/2020\/02\/belair-4-18x12.jpg 18w, https:\/\/www.athome.lu\/blog\/wp-content\/uploads\/2020\/02\/belair-4.jpg 1200w\" sizes=\"auto, (max-width: 1024px) 100vw, 1024px\" \/><\/a><\/figure><\/div>\n\n\n\n<h2 class=\"wp-block-heading\"><span style=\"color: #000000;\"><strong>Enhanced mobility<\/strong><\/span><\/h2>\n\n\n\n<p><span style=\"color: #000000;\">Proximity to these points of interest and to the city centre obviously means a greater range of mobility options. The district is particularly well served. Numerous city bus lines run through the area and there are no fewer than 43 stops. Six vel'OH! stations are also available to the district's residents. Cars have not been forgotten. Nine surface car parks are available and a 400-space P+R is located near the stadium. Finally, nearly 20 spaces are reserved for people with reduced mobility.<\/span><\/p>\n\n\n\n<h2 class=\"wp-block-heading\"><span style=\"color: #000000;\"><strong>School facilities for young people<\/strong><\/span><\/h2>\n\n\n\n<p><span style=\"color: #000000;\">The population of the district is getting younger. It is therefore not surprising that there are many school facilities for the younger generation in the area. Belair has several schools. The Belair-Kayser and Belair-Diderich schools are spread over several buildings and cater for children in cycles 1 to 4. The Over the Rainbow International School offers bilingual French-English education for kindergarten, primary and secondary students. Two cr\u00e8ches and two school hostels complete the school offer and welcome toddlers or students after school.<\/span><\/p>\n\n\n<section id=\"section-3-14695\" class=\"ct-section\" ><div class=\"ct-section-inner-wrap\"><div id=\"div_block-4-14695\" class=\"ct-div-block\" ><div id=\"new_columns-7-14695\" class=\"ct-new-columns\" ><div id=\"div_block-8-14695\" class=\"ct-div-block\" ><div id=\"div_block-14-14695\" class=\"ct-div-block\" ><\/div><\/div><div id=\"div_block-9-14695\" class=\"ct-div-block\" ><h1 id=\"headline-11-14695\" class=\"ct-headline\">What are the property prices at the moment?<\/h1><div id=\"text_block-12-14695\" class=\"ct-text-block\" >Prices are slowing down. Interest rates are rising. What are the trends for the coming months?<\/div><a id=\"link_button-13-14695\" class=\"ct-link-button\" href=\"https:\/\/www.athome.lu\/blog\/blog\/marche-immobilier\/prix\/tendances-2022\/\" target=\"_blank\"  >Read the analysis<\/a><\/div><\/div><\/div><\/div><\/section>\n\n\n<h2 class=\"wp-block-heading\"><span style=\"color: #000000;\"><strong>Accessible sports and leisure <\/strong><\/span><\/h2>\n\n\n\n<p><span style=\"color: #000000;\">Another advantage of the district is its sports and leisure facilities. In addition to the football stadium, the athletics track and the throwing area, which attract the most athletic people, Belair has a swimming pool with a large pool. There is plenty of room for swimming for both experienced and inexperienced swimmers.<\/span><\/p>\n\n\n\n<p><span style=\"color: #000000;\">There is something for everyone in the neighbourhood. Fans of the little yellow ball can visit the Tennis Club Les Arquebusiers Belair Val Ste Croix. Sportsmen and women can also practice their favourite activity at the Belair-Merl sports complex or go to one of the two nearby gyms.<\/span><\/p>\n\n\n\n<p><span style=\"color: #000000;\">The strong point of Belair is undoubtedly its playgrounds for the youngest. There are seven of them, where you can play ball games or discover a fortress. A real adventure for the little ones.<\/span><\/p>\n\n\n\n<p><span style=\"color: #000000;\">Culture has not been forgotten. The Sch\u00e9iss Cultural Centre, which hosts conferences, exhibitions, concerts and banquets, is located in the district and is also close to the Th\u00e9\u00e2tre National du Luxembourg.&nbsp;<\/span><\/p>\n\n\n\n<h2 class=\"wp-block-heading\"><span style=\"color: #000000;\"><strong>Property prices on the rise<\/strong><\/span><\/h2>\n\n\n\n<p><span style=\"color: #000000;\">Every medal has its reverse side. Belair's residential vocation makes it an \"upmarket neighbourhood\". The quality of life and the offer of quality services and infrastructures have an impact on the price of real estate. Indeed, Belair is one of the most expensive neighbourhoods in the capital: an average of \u20ac10,000 per square metre to buy. However, this situation does not seem to repel the young households who are moving in en masse, in search of tranquillity and comfort.<\/span><\/p>\n\n\n\n<div class=\"wp-block-image\"><figure class=\"aligncenter\"><a href=\"https:\/\/www.athome.lu\/blog\/blog\/wp-content\/uploads\/2020\/02\/belair-3.jpg\"><img loading=\"lazy\" decoding=\"async\" width=\"1024\" height=\"683\" src=\"https:\/\/www.athome.lu\/blog\/blog\/wp-content\/uploads\/2020\/02\/belair-3-1024x683.jpg\" alt=\"Real estate Belair district\" class=\"wp-image-12619\" srcset=\"https:\/\/www.athome.lu\/blog\/wp-content\/uploads\/2020\/02\/belair-3-1024x683.jpg 1024w, https:\/\/www.athome.lu\/blog\/wp-content\/uploads\/2020\/02\/belair-3-300x200.jpg 300w, https:\/\/www.athome.lu\/blog\/wp-content\/uploads\/2020\/02\/belair-3-768x512.jpg 768w, https:\/\/www.athome.lu\/blog\/wp-content\/uploads\/2020\/02\/belair-3-18x12.jpg 18w, https:\/\/www.athome.lu\/blog\/wp-content\/uploads\/2020\/02\/belair-3.jpg 1200w\" sizes=\"auto, (max-width: 1024px) 100vw, 1024px\" \/><\/a><\/figure><\/div>\n\n\n\n<h2 class=\"wp-block-heading\"><span style=\"color: #000000;\"><strong>A renewal for the neighbourhood<\/strong><\/span><\/h2>\n\n\n\n<p><span style=\"color: #000000;\">There is no shortage of projects in the Belair district. With the forthcoming relocation of the stadium, a whole area of the district (10 ha) must be rethought. The city has invited urban planners and architects to design the future of the area. A neighbourhood that will be residential and lively. New, varied and affordable housing should be created.  Their number is still to be defined. However, no shopping centre or hypermarket is planned, but local shops, meeting places, sports complexes and playgrounds...<\/span><\/p>\n\n\n\n<p><span style=\"color: #000000;\">Some infrastructures are also benefiting from a small facelift. By the end of the year, the redevelopment of the Avenue des Archiducs and the all\u00e9e L\u00e9opold Goebel will be completed. The pipes and water connections will be replaced. The street lighting, electrical cables and the road surface will also be replaced. These improvements should make the area even more attractive.<\/span><\/p>","protected":false},"excerpt":{"rendered":"<p>Le quartier de Belair figure parmi les quartiers les plus en vogue et appr\u00e9ci\u00e9s des nouveaux habitants de la capitale. La tranquillit\u00e9 qui y r\u00e8gne, \u00e0 quelques minutes seulement du centre-ville, en fait un quartier pris\u00e9. De m\u00eame que ses nombreuses aires de loisirs pour les plus jeunes et ses excellentes connexions en mati\u00e8re de [&hellip;]<\/p>\n","protected":false},"author":17,"featured_media":12617,"comment_status":"closed","ping_status":"closed","sticky":false,"template":"","format":"standard","meta":{"_acf_changed":false,"footnotes":""},"categories":[218],"tags":[],"class_list":["post-12615","post","type-post","status-publish","format-standard","has-post-thumbnail","hentry","category-villes"],"acf":[],"yoast_head":"<!-- This site is optimized with the Yoast SEO plugin v27.4 - https:\/\/yoast.com\/product\/yoast-seo-wordpress\/ -->\n<title>Belair, l\u2019atout chic de la capitale - atHome Blog<\/title>\n<meta name=\"description\" content=\"Le quartier de Belair figure parmi les quartiers les plus en vogue et appr\u00e9ci\u00e9s des nouveaux habitants de la capitale. La tranquillit\u00e9 qui y r\u00e8gne en fait un quartier pris\u00e9.\" \/>\n<meta name=\"robots\" content=\"index, follow, max-snippet:-1, max-image-preview:large, max-video-preview:-1\" \/>\n<link rel=\"canonical\" href=\"https:\/\/www.athome.lu\/blog\/en\/real-estate-market\/towns\/belair-latout-chic-de-la-capitale\/\" \/>\n<meta property=\"og:locale\" content=\"en_GB\" \/>\n<meta property=\"og:type\" content=\"article\" \/>\n<meta property=\"og:title\" content=\"Belair, l\u2019atout chic de la capitale - atHome Blog\" \/>\n<meta property=\"og:description\" content=\"Le quartier de Belair figure parmi les quartiers les plus en vogue et appr\u00e9ci\u00e9s des nouveaux habitants de la capitale. La tranquillit\u00e9 qui y r\u00e8gne en fait un quartier pris\u00e9.\" \/>\n<meta property=\"og:url\" content=\"https:\/\/www.athome.lu\/blog\/en\/real-estate-market\/towns\/belair-latout-chic-de-la-capitale\/\" \/>\n<meta property=\"og:site_name\" content=\"atHome Blog\" \/>\n<meta property=\"article:publisher\" content=\"https:\/\/www.facebook.com\/atHome.lu\/\" \/>\n<meta property=\"article:published_time\" content=\"2020-02-04T08:35:48+00:00\" \/>\n<meta property=\"article:modified_time\" content=\"2022-05-11T12:39:51+00:00\" \/>\n<meta property=\"og:image\" content=\"https:\/\/www.athome.lu\/blog\/wp-content\/uploads\/2020\/02\/IMG_5586-belair-1.jpg\" \/>\n\t<meta property=\"og:image:width\" content=\"1200\" \/>\n\t<meta property=\"og:image:height\" content=\"800\" \/>\n\t<meta property=\"og:image:type\" content=\"image\/jpeg\" \/>\n<meta name=\"author\" content=\"Fanny Pimentel\" \/>\n<meta name=\"twitter:card\" content=\"summary_large_image\" \/>\n<meta name=\"twitter:creator\" content=\"@athomelu\" \/>\n<meta name=\"twitter:site\" content=\"@athomelu\" \/>\n<meta name=\"twitter:label1\" content=\"Written by\" \/>\n\t<meta name=\"twitter:data1\" content=\"Fanny Pimentel\" \/>\n\t<meta name=\"twitter:label2\" content=\"Estimated reading time\" \/>\n\t<meta name=\"twitter:data2\" content=\"6 minutes\" \/>\n<script type=\"application\/ld+json\" class=\"yoast-schema-graph\">{\"@context\":\"https:\\\/\\\/schema.org\",\"@graph\":[{\"@type\":\"Article\",\"@id\":\"https:\\\/\\\/www.athome.lu\\\/blog\\\/marche-immobilier\\\/villes\\\/belair-latout-chic-de-la-capitale\\\/#article\",\"isPartOf\":{\"@id\":\"https:\\\/\\\/www.athome.lu\\\/blog\\\/marche-immobilier\\\/villes\\\/belair-latout-chic-de-la-capitale\\\/\"},\"author\":{\"name\":\"Fanny Pimentel\",\"@id\":\"https:\\\/\\\/www.athome.lu\\\/blog\\\/#\\\/schema\\\/person\\\/47f7a38089f837e792876ceddc4cb2dc\"},\"headline\":\"Belair, l\u2019atout chic de la capitale\",\"datePublished\":\"2020-02-04T08:35:48+00:00\",\"dateModified\":\"2022-05-11T12:39:51+00:00\",\"mainEntityOfPage\":{\"@id\":\"https:\\\/\\\/www.athome.lu\\\/blog\\\/marche-immobilier\\\/villes\\\/belair-latout-chic-de-la-capitale\\\/\"},\"wordCount\":1063,\"image\":{\"@id\":\"https:\\\/\\\/www.athome.lu\\\/blog\\\/marche-immobilier\\\/villes\\\/belair-latout-chic-de-la-capitale\\\/#primaryimage\"},\"thumbnailUrl\":\"https:\\\/\\\/www.athome.lu\\\/blog\\\/wp-content\\\/uploads\\\/2020\\\/02\\\/IMG_5586-belair-1.jpg\",\"articleSection\":[\"Villes\"],\"inLanguage\":\"en-GB\"},{\"@type\":\"WebPage\",\"@id\":\"https:\\\/\\\/www.athome.lu\\\/blog\\\/marche-immobilier\\\/villes\\\/belair-latout-chic-de-la-capitale\\\/\",\"url\":\"https:\\\/\\\/www.athome.lu\\\/blog\\\/marche-immobilier\\\/villes\\\/belair-latout-chic-de-la-capitale\\\/\",\"name\":\"Belair, l\u2019atout chic de la capitale - atHome Blog\",\"isPartOf\":{\"@id\":\"https:\\\/\\\/www.athome.lu\\\/blog\\\/#website\"},\"primaryImageOfPage\":{\"@id\":\"https:\\\/\\\/www.athome.lu\\\/blog\\\/marche-immobilier\\\/villes\\\/belair-latout-chic-de-la-capitale\\\/#primaryimage\"},\"image\":{\"@id\":\"https:\\\/\\\/www.athome.lu\\\/blog\\\/marche-immobilier\\\/villes\\\/belair-latout-chic-de-la-capitale\\\/#primaryimage\"},\"thumbnailUrl\":\"https:\\\/\\\/www.athome.lu\\\/blog\\\/wp-content\\\/uploads\\\/2020\\\/02\\\/IMG_5586-belair-1.jpg\",\"datePublished\":\"2020-02-04T08:35:48+00:00\",\"dateModified\":\"2022-05-11T12:39:51+00:00\",\"author\":{\"@id\":\"https:\\\/\\\/www.athome.lu\\\/blog\\\/#\\\/schema\\\/person\\\/47f7a38089f837e792876ceddc4cb2dc\"},\"description\":\"Le quartier de Belair figure parmi les quartiers les plus en vogue et appr\u00e9ci\u00e9s des nouveaux habitants de la capitale. La tranquillit\u00e9 qui y r\u00e8gne en fait un quartier pris\u00e9.\",\"breadcrumb\":{\"@id\":\"https:\\\/\\\/www.athome.lu\\\/blog\\\/marche-immobilier\\\/villes\\\/belair-latout-chic-de-la-capitale\\\/#breadcrumb\"},\"inLanguage\":\"en-GB\",\"potentialAction\":[{\"@type\":\"ReadAction\",\"target\":[\"https:\\\/\\\/www.athome.lu\\\/blog\\\/marche-immobilier\\\/villes\\\/belair-latout-chic-de-la-capitale\\\/\"]}]},{\"@type\":\"ImageObject\",\"inLanguage\":\"en-GB\",\"@id\":\"https:\\\/\\\/www.athome.lu\\\/blog\\\/marche-immobilier\\\/villes\\\/belair-latout-chic-de-la-capitale\\\/#primaryimage\",\"url\":\"https:\\\/\\\/www.athome.lu\\\/blog\\\/wp-content\\\/uploads\\\/2020\\\/02\\\/IMG_5586-belair-1.jpg\",\"contentUrl\":\"https:\\\/\\\/www.athome.lu\\\/blog\\\/wp-content\\\/uploads\\\/2020\\\/02\\\/IMG_5586-belair-1.jpg\",\"width\":1200,\"height\":800,\"caption\":\"Belair Luxembourg\"},{\"@type\":\"BreadcrumbList\",\"@id\":\"https:\\\/\\\/www.athome.lu\\\/blog\\\/marche-immobilier\\\/villes\\\/belair-latout-chic-de-la-capitale\\\/#breadcrumb\",\"itemListElement\":[{\"@type\":\"ListItem\",\"position\":1,\"name\":\"Accueil\",\"item\":\"https:\\\/\\\/www.athome.lu\\\/blog\\\/\"},{\"@type\":\"ListItem\",\"position\":2,\"name\":\"March\u00e9 immobilier\",\"item\":\"https:\\\/\\\/www.athome.lu\\\/blog\\\/category\\\/marche-immobilier\\\/\"},{\"@type\":\"ListItem\",\"position\":3,\"name\":\"Villes\",\"item\":\"https:\\\/\\\/www.athome.lu\\\/blog\\\/category\\\/marche-immobilier\\\/villes\\\/\"},{\"@type\":\"ListItem\",\"position\":4,\"name\":\"Belair, l\u2019atout chic de la capitale\"}]},{\"@type\":\"WebSite\",\"@id\":\"https:\\\/\\\/www.athome.lu\\\/blog\\\/#website\",\"url\":\"https:\\\/\\\/www.athome.lu\\\/blog\\\/\",\"name\":\"atHome Blog\",\"description\":\"Annonces immobili\u00e8res au Luxembourg. Le portail immobilier n\u00b01 au Luxembourg.\",\"potentialAction\":[{\"@type\":\"SearchAction\",\"target\":{\"@type\":\"EntryPoint\",\"urlTemplate\":\"https:\\\/\\\/www.athome.lu\\\/blog\\\/?s={search_term_string}\"},\"query-input\":{\"@type\":\"PropertyValueSpecification\",\"valueRequired\":true,\"valueName\":\"search_term_string\"}}],\"inLanguage\":\"en-GB\"},{\"@type\":\"Person\",\"@id\":\"https:\\\/\\\/www.athome.lu\\\/blog\\\/#\\\/schema\\\/person\\\/47f7a38089f837e792876ceddc4cb2dc\",\"name\":\"Fanny Pimentel\",\"image\":{\"@type\":\"ImageObject\",\"inLanguage\":\"en-GB\",\"@id\":\"https:\\\/\\\/secure.gravatar.com\\\/avatar\\\/c60b27b93851dc9503f9cc9150e73dcb0a86ba6150657e5e4b11d988400bc633?s=96&d=mm&r=g\",\"url\":\"https:\\\/\\\/secure.gravatar.com\\\/avatar\\\/c60b27b93851dc9503f9cc9150e73dcb0a86ba6150657e5e4b11d988400bc633?s=96&d=mm&r=g\",\"contentUrl\":\"https:\\\/\\\/secure.gravatar.com\\\/avatar\\\/c60b27b93851dc9503f9cc9150e73dcb0a86ba6150657e5e4b11d988400bc633?s=96&d=mm&r=g\",\"caption\":\"Fanny Pimentel\"}}]}<\/script>\n<!-- \/ Yoast SEO plugin. -->","yoast_head_json":{"title":"Belair, the chic asset of the capital - atHome Blog","description":"The Belair district is one of the most fashionable and popular areas for new residents in the capital. The tranquillity that prevails here makes it a popular neighbourhood.","robots":{"index":"index","follow":"follow","max-snippet":"max-snippet:-1","max-image-preview":"max-image-preview:large","max-video-preview":"max-video-preview:-1"},"canonical":"https:\/\/www.athome.lu\/blog\/en\/real-estate-market\/towns\/belair-latout-chic-de-la-capitale\/","og_locale":"en_GB","og_type":"article","og_title":"Belair, l\u2019atout chic de la capitale - atHome Blog","og_description":"Le quartier de Belair figure parmi les quartiers les plus en vogue et appr\u00e9ci\u00e9s des nouveaux habitants de la capitale. La tranquillit\u00e9 qui y r\u00e8gne en fait un quartier pris\u00e9.","og_url":"https:\/\/www.athome.lu\/blog\/en\/real-estate-market\/towns\/belair-latout-chic-de-la-capitale\/","og_site_name":"atHome Blog","article_publisher":"https:\/\/www.facebook.com\/atHome.lu\/","article_published_time":"2020-02-04T08:35:48+00:00","article_modified_time":"2022-05-11T12:39:51+00:00","og_image":[{"width":1200,"height":800,"url":"https:\/\/www.athome.lu\/blog\/wp-content\/uploads\/2020\/02\/IMG_5586-belair-1.jpg","type":"image\/jpeg"}],"author":"Fanny Pimentel","twitter_card":"summary_large_image","twitter_creator":"@athomelu","twitter_site":"@athomelu","twitter_misc":{"Written by":"Fanny Pimentel","Estimated reading time":"6 minutes"},"schema":{"@context":"https:\/\/schema.org","@graph":[{"@type":"Article","@id":"https:\/\/www.athome.lu\/blog\/marche-immobilier\/villes\/belair-latout-chic-de-la-capitale\/#article","isPartOf":{"@id":"https:\/\/www.athome.lu\/blog\/marche-immobilier\/villes\/belair-latout-chic-de-la-capitale\/"},"author":{"name":"Fanny Pimentel","@id":"https:\/\/www.athome.lu\/blog\/#\/schema\/person\/47f7a38089f837e792876ceddc4cb2dc"},"headline":"Belair, l\u2019atout chic de la capitale","datePublished":"2020-02-04T08:35:48+00:00","dateModified":"2022-05-11T12:39:51+00:00","mainEntityOfPage":{"@id":"https:\/\/www.athome.lu\/blog\/marche-immobilier\/villes\/belair-latout-chic-de-la-capitale\/"},"wordCount":1063,"image":{"@id":"https:\/\/www.athome.lu\/blog\/marche-immobilier\/villes\/belair-latout-chic-de-la-capitale\/#primaryimage"},"thumbnailUrl":"https:\/\/www.athome.lu\/blog\/wp-content\/uploads\/2020\/02\/IMG_5586-belair-1.jpg","articleSection":["Villes"],"inLanguage":"en-GB"},{"@type":"WebPage","@id":"https:\/\/www.athome.lu\/blog\/marche-immobilier\/villes\/belair-latout-chic-de-la-capitale\/","url":"https:\/\/www.athome.lu\/blog\/marche-immobilier\/villes\/belair-latout-chic-de-la-capitale\/","name":"Belair, the chic asset of the capital - atHome Blog","isPartOf":{"@id":"https:\/\/www.athome.lu\/blog\/#website"},"primaryImageOfPage":{"@id":"https:\/\/www.athome.lu\/blog\/marche-immobilier\/villes\/belair-latout-chic-de-la-capitale\/#primaryimage"},"image":{"@id":"https:\/\/www.athome.lu\/blog\/marche-immobilier\/villes\/belair-latout-chic-de-la-capitale\/#primaryimage"},"thumbnailUrl":"https:\/\/www.athome.lu\/blog\/wp-content\/uploads\/2020\/02\/IMG_5586-belair-1.jpg","datePublished":"2020-02-04T08:35:48+00:00","dateModified":"2022-05-11T12:39:51+00:00","author":{"@id":"https:\/\/www.athome.lu\/blog\/#\/schema\/person\/47f7a38089f837e792876ceddc4cb2dc"},"description":"The Belair district is one of the most fashionable and popular areas for new residents in the capital. The tranquillity that prevails here makes it a popular neighbourhood.","breadcrumb":{"@id":"https:\/\/www.athome.lu\/blog\/marche-immobilier\/villes\/belair-latout-chic-de-la-capitale\/#breadcrumb"},"inLanguage":"en-GB","potentialAction":[{"@type":"ReadAction","target":["https:\/\/www.athome.lu\/blog\/marche-immobilier\/villes\/belair-latout-chic-de-la-capitale\/"]}]},{"@type":"ImageObject","inLanguage":"en-GB","@id":"https:\/\/www.athome.lu\/blog\/marche-immobilier\/villes\/belair-latout-chic-de-la-capitale\/#primaryimage","url":"https:\/\/www.athome.lu\/blog\/wp-content\/uploads\/2020\/02\/IMG_5586-belair-1.jpg","contentUrl":"https:\/\/www.athome.lu\/blog\/wp-content\/uploads\/2020\/02\/IMG_5586-belair-1.jpg","width":1200,"height":800,"caption":"Belair Luxembourg"},{"@type":"BreadcrumbList","@id":"https:\/\/www.athome.lu\/blog\/marche-immobilier\/villes\/belair-latout-chic-de-la-capitale\/#breadcrumb","itemListElement":[{"@type":"ListItem","position":1,"name":"Accueil","item":"https:\/\/www.athome.lu\/blog\/"},{"@type":"ListItem","position":2,"name":"March\u00e9 immobilier","item":"https:\/\/www.athome.lu\/blog\/category\/marche-immobilier\/"},{"@type":"ListItem","position":3,"name":"Villes","item":"https:\/\/www.athome.lu\/blog\/category\/marche-immobilier\/villes\/"},{"@type":"ListItem","position":4,"name":"Belair, l\u2019atout chic de la capitale"}]},{"@type":"WebSite","@id":"https:\/\/www.athome.lu\/blog\/#website","url":"https:\/\/www.athome.lu\/blog\/","name":"atHome Blog","description":"Real estate ads in Luxembourg. The n\u00b01 real estate portal in Luxembourg.","potentialAction":[{"@type":"SearchAction","target":{"@type":"EntryPoint","urlTemplate":"https:\/\/www.athome.lu\/blog\/?s={search_term_string}"},"query-input":{"@type":"PropertyValueSpecification","valueRequired":true,"valueName":"search_term_string"}}],"inLanguage":"en-GB"},{"@type":"Person","@id":"https:\/\/www.athome.lu\/blog\/#\/schema\/person\/47f7a38089f837e792876ceddc4cb2dc","name":"Fanny Pimentel","image":{"@type":"ImageObject","inLanguage":"en-GB","@id":"https:\/\/secure.gravatar.com\/avatar\/c60b27b93851dc9503f9cc9150e73dcb0a86ba6150657e5e4b11d988400bc633?s=96&d=mm&r=g","url":"https:\/\/secure.gravatar.com\/avatar\/c60b27b93851dc9503f9cc9150e73dcb0a86ba6150657e5e4b11d988400bc633?s=96&d=mm&r=g","contentUrl":"https:\/\/secure.gravatar.com\/avatar\/c60b27b93851dc9503f9cc9150e73dcb0a86ba6150657e5e4b11d988400bc633?s=96&d=mm&r=g","caption":"Fanny Pimentel"}}]}},"featured_media_src_url":"https:\/\/www.athome.lu\/blog\/wp-content\/uploads\/2020\/02\/IMG_5586-belair-1-1024x683.jpg","_links":{"self":[{"href":"https:\/\/www.athome.lu\/blog\/en\/wp-json\/wp\/v2\/posts\/12615","targetHints":{"allow":["GET"]}}],"collection":[{"href":"https:\/\/www.athome.lu\/blog\/en\/wp-json\/wp\/v2\/posts"}],"about":[{"href":"https:\/\/www.athome.lu\/blog\/en\/wp-json\/wp\/v2\/types\/post"}],"author":[{"embeddable":true,"href":"https:\/\/www.athome.lu\/blog\/en\/wp-json\/wp\/v2\/users\/17"}],"replies":[{"embeddable":true,"href":"https:\/\/www.athome.lu\/blog\/en\/wp-json\/wp\/v2\/comments?post=12615"}],"version-history":[{"count":2,"href":"https:\/\/www.athome.lu\/blog\/en\/wp-json\/wp\/v2\/posts\/12615\/revisions"}],"predecessor-version":[{"id":14988,"href":"https:\/\/www.athome.lu\/blog\/en\/wp-json\/wp\/v2\/posts\/12615\/revisions\/14988"}],"wp:featuredmedia":[{"embeddable":true,"href":"https:\/\/www.athome.lu\/blog\/en\/wp-json\/wp\/v2\/media\/12617"}],"wp:attachment":[{"href":"https:\/\/www.athome.lu\/blog\/en\/wp-json\/wp\/v2\/media?parent=12615"}],"wp:term":[{"taxonomy":"category","embeddable":true,"href":"https:\/\/www.athome.lu\/blog\/en\/wp-json\/wp\/v2\/categories?post=12615"},{"taxonomy":"post_tag","embeddable":true,"href":"https:\/\/www.athome.lu\/blog\/en\/wp-json\/wp\/v2\/tags?post=12615"}],"curies":[{"name":"wp","href":"https:\/\/api.w.org\/{rel}","templated":true}]}}