{"id":12738,"date":"2020-04-14T12:11:15","date_gmt":"2020-04-14T11:11:15","guid":{"rendered":"https:\/\/www.athome.lu\/blog\/?p=12738"},"modified":"2022-05-11T12:03:58","modified_gmt":"2022-05-11T10:03:58","slug":"a-deco-external-a-zero-euro-or-so","status":"publish","type":"post","link":"https:\/\/www.athome.lu\/blog\/en\/mon-logement\/meuble-decoration\/une-deco-exterieure-a-zero-euro-ou-presque\/","title":{"rendered":"Outdoor decoration for zero euros (or almost)"},"content":{"rendered":"<p><span style=\"color: #000000;\">With a small budget or a zero waste approach, here are our decorating ideas for a patio, a garden or a terrace with everyday objects that can be diverted for a bohemian or inebriated, but eco-friendly, outdoor look! <\/span><\/p>\n<h2><span style=\"color: #000000;\"><strong>Wooden pallets, crates and logs <\/strong><\/span><\/h2>\n<p><span style=\"color: #000000;\">Natural or repainted, they can be used to make coffee tables, storage units or beds. Get your pallets! Fixed to the wall, you can hang plants and\/or candle holders for a cosy atmosphere on the terrace. Better still, you can install a vertical vegetable garden and grow aromatic plants. Horizontally, the pallets can be transformed into a garden bed, provided a mattress is added for greater comfort! For the more do-it-yourselfers, consider building a swing! For a side table, use different sized logs and paint the ends for a more cheerful look! The crates, assembled and linked together, can be used for outdoor storage or as planters. It's up to you to imagine the graphic combinations to create your dream outdoor.<\/span><\/p>\n<p><a href=\"https:\/\/www.athome.lu\/blog\/blog\/wp-content\/uploads\/2020\/04\/palette-salon-cafe-436082_1920.jpg\"><img loading=\"lazy\" decoding=\"async\" class=\"normal aligncenter wp-image-12744\" src=\"https:\/\/www.athome.lu\/blog\/blog\/wp-content\/uploads\/2020\/04\/palette-salon-cafe-436082_1920-1024x683.jpg\" alt=\"\" width=\"800\" height=\"533\" srcset=\"https:\/\/www.athome.lu\/blog\/wp-content\/uploads\/2020\/04\/palette-salon-cafe-436082_1920-1024x683.jpg 1024w, https:\/\/www.athome.lu\/blog\/wp-content\/uploads\/2020\/04\/palette-salon-cafe-436082_1920-300x200.jpg 300w, https:\/\/www.athome.lu\/blog\/wp-content\/uploads\/2020\/04\/palette-salon-cafe-436082_1920-768x512.jpg 768w, https:\/\/www.athome.lu\/blog\/wp-content\/uploads\/2020\/04\/palette-salon-cafe-436082_1920-18x12.jpg 18w, https:\/\/www.athome.lu\/blog\/wp-content\/uploads\/2020\/04\/palette-salon-cafe-436082_1920.jpg 1200w\" sizes=\"auto, (max-width: 800px) 100vw, 800px\" \/><\/a><\/p>\n<h2><span style=\"color: #000000;\"><strong>The fabrics <\/strong><\/span><\/h2>\n<p><span style=\"color: #000000;\">We all have old sheets, plaids or scarves! We put them together to create a temporary tent that will delight the children. Tie them together with a rubber band and hang them from a tree branch and they become a teepee.  You can also use them to make cushion covers for garden chairs or armchairs. Mix and match the colours to create a beautiful, colourful outdoor scene!<\/span><\/p>\n<h2><span style=\"color: #000000;\"><strong>Glass jars\u00a0 <\/strong><\/span><\/h2>\n<p><span style=\"color: #000000;\">Glass bottles, yoghurt pots or jugs ... recycled, they will make pretty vases for a country bouquet. Combined on a windowsill, they give an immediate country look to the house! With the help of tea lights, they can also be transformed into candle holders (preferably using glass yoghurt pots). Larger jars can be filled with water, citrus fruits, a few herbs and a mini candle to decorate the table and keep the mosquitoes away. Simple glass bottles hanging from a tree become beautiful soliflores and will provide the most bucolic look to your garden.<\/span><\/p>\n<p><span style=\"color: #000000;\">Take advantage of this time to evaluate the potential of your home's decoration, before throwing away an object that is considered to be worn out, imagine its usefulness once it has been diverted!<\/span><\/p>\n<p><a href=\"https:\/\/www.athome.lu\/blog\/blog\/wp-content\/uploads\/2020\/04\/bocaux-fresh-3574405_1280.jpg\"><img loading=\"lazy\" decoding=\"async\" class=\"normal aligncenter wp-image-12741\" src=\"https:\/\/www.athome.lu\/blog\/blog\/wp-content\/uploads\/2020\/04\/bocaux-fresh-3574405_1280.jpg\" alt=\"\" width=\"800\" height=\"588\" srcset=\"https:\/\/www.athome.lu\/blog\/wp-content\/uploads\/2020\/04\/bocaux-fresh-3574405_1280.jpg 1280w, https:\/\/www.athome.lu\/blog\/wp-content\/uploads\/2020\/04\/bocaux-fresh-3574405_1280-300x221.jpg 300w, https:\/\/www.athome.lu\/blog\/wp-content\/uploads\/2020\/04\/bocaux-fresh-3574405_1280-1024x753.jpg 1024w, https:\/\/www.athome.lu\/blog\/wp-content\/uploads\/2020\/04\/bocaux-fresh-3574405_1280-768x565.jpg 768w, https:\/\/www.athome.lu\/blog\/wp-content\/uploads\/2020\/04\/bocaux-fresh-3574405_1280-16x12.jpg 16w\" sizes=\"auto, (max-width: 800px) 100vw, 800px\" \/><\/a><\/p>\n\n<section id=\"section-3-14695\" class=\"ct-section\" ><div class=\"ct-section-inner-wrap\"><div id=\"div_block-4-14695\" class=\"ct-div-block\" ><div id=\"new_columns-7-14695\" class=\"ct-new-columns\" ><div id=\"div_block-8-14695\" class=\"ct-div-block\" ><div id=\"div_block-14-14695\" class=\"ct-div-block\" ><\/div><\/div><div id=\"div_block-9-14695\" class=\"ct-div-block\" ><h1 id=\"headline-11-14695\" class=\"ct-headline\">What are the property prices at the moment?<\/h1><div id=\"text_block-12-14695\" class=\"ct-text-block\" >Prices are slowing down. Interest rates are rising. What are the trends for the coming months?<\/div><a id=\"link_button-13-14695\" class=\"ct-link-button\" href=\"https:\/\/www.athome.lu\/blog\/blog\/marche-immobilier\/prix\/tendances-2022\/\" target=\"_blank\"  >Read the analysis<\/a><\/div><\/div><\/div><\/div><\/section>","protected":false},"excerpt":{"rendered":"<p>Petit budget ou optique z\u00e9ro d\u00e9chets, voici nos id\u00e9es d\u00e9co pour un patio, un jardin ou une terrasse avec des objets du quotidien \u00e0 d\u00e9tourner pour un ext\u00e9rieur au look boh\u00e8me ou indu, mais \u00e9colo\u00a0! Les palettes en bois, cagettes et rondins de bois Au naturel ou repeints, on les d\u00e9tourne pour en faire des [&hellip;]<\/p>\n","protected":false},"author":17,"featured_media":12739,"comment_status":"closed","ping_status":"closed","sticky":false,"template":"","format":"standard","meta":{"_acf_changed":false,"footnotes":""},"categories":[210],"tags":[89],"class_list":["post-12738","post","type-post","status-publish","format-standard","has-post-thumbnail","hentry","category-meuble-decoration","tag-jardin-terrasse"],"acf":[],"yoast_head":"<!-- This site is optimized with the Yoast SEO plugin v27.4 - https:\/\/yoast.com\/product\/yoast-seo-wordpress\/ -->\n<title>Une d\u00e9co ext\u00e9rieure \u00e0 z\u00e9ro euro (ou presque) - atHome Blog<\/title>\n<meta name=\"description\" content=\"Petit budget ou optique z\u00e9ro d\u00e9chets, voici nos id\u00e9es d\u00e9co pour un patio, un jardin ou une terrasse avec des objets du quotidien \u00e0 d\u00e9tourner pour un ext\u00e9rieur au look boh\u00e8me ou indu, mais \u00e9colo\u00a0!\" \/>\n<meta name=\"robots\" content=\"index, follow, max-snippet:-1, max-image-preview:large, max-video-preview:-1\" \/>\n<link rel=\"canonical\" href=\"https:\/\/www.athome.lu\/blog\/en\/my-home\/decoration-2\/a-deco-external-a-zero-euro-or-so\/\" \/>\n<meta property=\"og:locale\" content=\"en_GB\" \/>\n<meta property=\"og:type\" content=\"article\" \/>\n<meta property=\"og:title\" content=\"Une d\u00e9co ext\u00e9rieure \u00e0 z\u00e9ro euro (ou presque) - atHome Blog\" \/>\n<meta property=\"og:description\" content=\"Petit budget ou optique z\u00e9ro d\u00e9chets, voici nos id\u00e9es d\u00e9co pour un patio, un jardin ou une terrasse avec des objets du quotidien \u00e0 d\u00e9tourner pour un ext\u00e9rieur au look boh\u00e8me ou indu, mais \u00e9colo\u00a0!\" \/>\n<meta property=\"og:url\" content=\"https:\/\/www.athome.lu\/blog\/en\/my-home\/decoration-2\/a-deco-external-a-zero-euro-or-so\/\" \/>\n<meta property=\"og:site_name\" content=\"atHome Blog\" \/>\n<meta property=\"article:publisher\" content=\"https:\/\/www.facebook.com\/atHome.lu\/\" \/>\n<meta property=\"article:published_time\" content=\"2020-04-14T11:11:15+00:00\" \/>\n<meta property=\"article:modified_time\" content=\"2022-05-11T10:03:58+00:00\" \/>\n<meta property=\"og:image\" content=\"https:\/\/www.athome.lu\/blog\/wp-content\/uploads\/2020\/04\/palette-cover-wood-1558089_1920.jpg\" \/>\n\t<meta property=\"og:image:width\" content=\"1200\" \/>\n\t<meta property=\"og:image:height\" content=\"800\" \/>\n\t<meta property=\"og:image:type\" content=\"image\/jpeg\" \/>\n<meta name=\"author\" content=\"Fanny Pimentel\" \/>\n<meta name=\"twitter:card\" content=\"summary_large_image\" \/>\n<meta name=\"twitter:creator\" content=\"@athomelu\" \/>\n<meta name=\"twitter:site\" content=\"@athomelu\" \/>\n<meta name=\"twitter:label1\" content=\"Written by\" \/>\n\t<meta name=\"twitter:data1\" content=\"Fanny Pimentel\" \/>\n\t<meta name=\"twitter:label2\" content=\"Estimated reading time\" \/>\n\t<meta name=\"twitter:data2\" content=\"3 minutes\" \/>\n<script type=\"application\/ld+json\" class=\"yoast-schema-graph\">{\"@context\":\"https:\\\/\\\/schema.org\",\"@graph\":[{\"@type\":\"Article\",\"@id\":\"https:\\\/\\\/www.athome.lu\\\/blog\\\/mon-logement\\\/meuble-decoration\\\/une-deco-exterieure-a-zero-euro-ou-presque\\\/#article\",\"isPartOf\":{\"@id\":\"https:\\\/\\\/www.athome.lu\\\/blog\\\/mon-logement\\\/meuble-decoration\\\/une-deco-exterieure-a-zero-euro-ou-presque\\\/\"},\"author\":{\"name\":\"Fanny Pimentel\",\"@id\":\"https:\\\/\\\/www.athome.lu\\\/blog\\\/#\\\/schema\\\/person\\\/47f7a38089f837e792876ceddc4cb2dc\"},\"headline\":\"Une d\u00e9co ext\u00e9rieure \u00e0 z\u00e9ro euro (ou presque)\",\"datePublished\":\"2020-04-14T11:11:15+00:00\",\"dateModified\":\"2022-05-11T10:03:58+00:00\",\"mainEntityOfPage\":{\"@id\":\"https:\\\/\\\/www.athome.lu\\\/blog\\\/mon-logement\\\/meuble-decoration\\\/une-deco-exterieure-a-zero-euro-ou-presque\\\/\"},\"wordCount\":443,\"image\":{\"@id\":\"https:\\\/\\\/www.athome.lu\\\/blog\\\/mon-logement\\\/meuble-decoration\\\/une-deco-exterieure-a-zero-euro-ou-presque\\\/#primaryimage\"},\"thumbnailUrl\":\"https:\\\/\\\/www.athome.lu\\\/blog\\\/wp-content\\\/uploads\\\/2020\\\/04\\\/palette-cover-wood-1558089_1920.jpg\",\"keywords\":[\"Jardin &amp; terrasse\"],\"articleSection\":[\"Meubler et D\u00e9corer\"],\"inLanguage\":\"en-GB\"},{\"@type\":\"WebPage\",\"@id\":\"https:\\\/\\\/www.athome.lu\\\/blog\\\/mon-logement\\\/meuble-decoration\\\/une-deco-exterieure-a-zero-euro-ou-presque\\\/\",\"url\":\"https:\\\/\\\/www.athome.lu\\\/blog\\\/mon-logement\\\/meuble-decoration\\\/une-deco-exterieure-a-zero-euro-ou-presque\\\/\",\"name\":\"Une d\u00e9co ext\u00e9rieure \u00e0 z\u00e9ro euro (ou presque) - atHome Blog\",\"isPartOf\":{\"@id\":\"https:\\\/\\\/www.athome.lu\\\/blog\\\/#website\"},\"primaryImageOfPage\":{\"@id\":\"https:\\\/\\\/www.athome.lu\\\/blog\\\/mon-logement\\\/meuble-decoration\\\/une-deco-exterieure-a-zero-euro-ou-presque\\\/#primaryimage\"},\"image\":{\"@id\":\"https:\\\/\\\/www.athome.lu\\\/blog\\\/mon-logement\\\/meuble-decoration\\\/une-deco-exterieure-a-zero-euro-ou-presque\\\/#primaryimage\"},\"thumbnailUrl\":\"https:\\\/\\\/www.athome.lu\\\/blog\\\/wp-content\\\/uploads\\\/2020\\\/04\\\/palette-cover-wood-1558089_1920.jpg\",\"datePublished\":\"2020-04-14T11:11:15+00:00\",\"dateModified\":\"2022-05-11T10:03:58+00:00\",\"author\":{\"@id\":\"https:\\\/\\\/www.athome.lu\\\/blog\\\/#\\\/schema\\\/person\\\/47f7a38089f837e792876ceddc4cb2dc\"},\"description\":\"Petit budget ou optique z\u00e9ro d\u00e9chets, voici nos id\u00e9es d\u00e9co pour un patio, un jardin ou une terrasse avec des objets du quotidien \u00e0 d\u00e9tourner pour un ext\u00e9rieur au look boh\u00e8me ou indu, mais \u00e9colo\u00a0!\",\"breadcrumb\":{\"@id\":\"https:\\\/\\\/www.athome.lu\\\/blog\\\/mon-logement\\\/meuble-decoration\\\/une-deco-exterieure-a-zero-euro-ou-presque\\\/#breadcrumb\"},\"inLanguage\":\"en-GB\",\"potentialAction\":[{\"@type\":\"ReadAction\",\"target\":[\"https:\\\/\\\/www.athome.lu\\\/blog\\\/mon-logement\\\/meuble-decoration\\\/une-deco-exterieure-a-zero-euro-ou-presque\\\/\"]}]},{\"@type\":\"ImageObject\",\"inLanguage\":\"en-GB\",\"@id\":\"https:\\\/\\\/www.athome.lu\\\/blog\\\/mon-logement\\\/meuble-decoration\\\/une-deco-exterieure-a-zero-euro-ou-presque\\\/#primaryimage\",\"url\":\"https:\\\/\\\/www.athome.lu\\\/blog\\\/wp-content\\\/uploads\\\/2020\\\/04\\\/palette-cover-wood-1558089_1920.jpg\",\"contentUrl\":\"https:\\\/\\\/www.athome.lu\\\/blog\\\/wp-content\\\/uploads\\\/2020\\\/04\\\/palette-cover-wood-1558089_1920.jpg\",\"width\":1200,\"height\":800,\"caption\":\"D\u00e9co ext\u00e9rieure r\u00e9cup\"},{\"@type\":\"BreadcrumbList\",\"@id\":\"https:\\\/\\\/www.athome.lu\\\/blog\\\/mon-logement\\\/meuble-decoration\\\/une-deco-exterieure-a-zero-euro-ou-presque\\\/#breadcrumb\",\"itemListElement\":[{\"@type\":\"ListItem\",\"position\":1,\"name\":\"Accueil\",\"item\":\"https:\\\/\\\/www.athome.lu\\\/blog\\\/\"},{\"@type\":\"ListItem\",\"position\":2,\"name\":\"Mon logement\",\"item\":\"https:\\\/\\\/www.athome.lu\\\/blog\\\/de\\\/category\\\/mein-haus\\\/\"},{\"@type\":\"ListItem\",\"position\":3,\"name\":\"Meubler et D\u00e9corer\",\"item\":\"https:\\\/\\\/www.athome.lu\\\/blog\\\/de\\\/category\\\/mein-haus\\\/deko-mobel\\\/\"},{\"@type\":\"ListItem\",\"position\":4,\"name\":\"Une d\u00e9co ext\u00e9rieure \u00e0 z\u00e9ro euro (ou presque)\"}]},{\"@type\":\"WebSite\",\"@id\":\"https:\\\/\\\/www.athome.lu\\\/blog\\\/#website\",\"url\":\"https:\\\/\\\/www.athome.lu\\\/blog\\\/\",\"name\":\"atHome Blog\",\"description\":\"Annonces immobili\u00e8res au Luxembourg. Le portail immobilier n\u00b01 au Luxembourg.\",\"potentialAction\":[{\"@type\":\"SearchAction\",\"target\":{\"@type\":\"EntryPoint\",\"urlTemplate\":\"https:\\\/\\\/www.athome.lu\\\/blog\\\/?s={search_term_string}\"},\"query-input\":{\"@type\":\"PropertyValueSpecification\",\"valueRequired\":true,\"valueName\":\"search_term_string\"}}],\"inLanguage\":\"en-GB\"},{\"@type\":\"Person\",\"@id\":\"https:\\\/\\\/www.athome.lu\\\/blog\\\/#\\\/schema\\\/person\\\/47f7a38089f837e792876ceddc4cb2dc\",\"name\":\"Fanny Pimentel\",\"image\":{\"@type\":\"ImageObject\",\"inLanguage\":\"en-GB\",\"@id\":\"https:\\\/\\\/secure.gravatar.com\\\/avatar\\\/c60b27b93851dc9503f9cc9150e73dcb0a86ba6150657e5e4b11d988400bc633?s=96&d=mm&r=g\",\"url\":\"https:\\\/\\\/secure.gravatar.com\\\/avatar\\\/c60b27b93851dc9503f9cc9150e73dcb0a86ba6150657e5e4b11d988400bc633?s=96&d=mm&r=g\",\"contentUrl\":\"https:\\\/\\\/secure.gravatar.com\\\/avatar\\\/c60b27b93851dc9503f9cc9150e73dcb0a86ba6150657e5e4b11d988400bc633?s=96&d=mm&r=g\",\"caption\":\"Fanny Pimentel\"}}]}<\/script>\n<!-- \/ Yoast SEO plugin. -->","yoast_head_json":{"title":"Outdoor decoration for zero euros (or almost) - atHome Blog","description":"With a small budget or a zero waste approach, here are our decorating ideas for a patio, a garden or a terrace with everyday objects that can be diverted for a bohemian or inebriated, but eco-friendly, outdoor look!","robots":{"index":"index","follow":"follow","max-snippet":"max-snippet:-1","max-image-preview":"max-image-preview:large","max-video-preview":"max-video-preview:-1"},"canonical":"https:\/\/www.athome.lu\/blog\/en\/my-home\/decoration-2\/a-deco-external-a-zero-euro-or-so\/","og_locale":"en_GB","og_type":"article","og_title":"Une d\u00e9co ext\u00e9rieure \u00e0 z\u00e9ro euro (ou presque) - atHome Blog","og_description":"Petit budget ou optique z\u00e9ro d\u00e9chets, voici nos id\u00e9es d\u00e9co pour un patio, un jardin ou une terrasse avec des objets du quotidien \u00e0 d\u00e9tourner pour un ext\u00e9rieur au look boh\u00e8me ou indu, mais \u00e9colo\u00a0!","og_url":"https:\/\/www.athome.lu\/blog\/en\/my-home\/decoration-2\/a-deco-external-a-zero-euro-or-so\/","og_site_name":"atHome Blog","article_publisher":"https:\/\/www.facebook.com\/atHome.lu\/","article_published_time":"2020-04-14T11:11:15+00:00","article_modified_time":"2022-05-11T10:03:58+00:00","og_image":[{"width":1200,"height":800,"url":"https:\/\/www.athome.lu\/blog\/wp-content\/uploads\/2020\/04\/palette-cover-wood-1558089_1920.jpg","type":"image\/jpeg"}],"author":"Fanny Pimentel","twitter_card":"summary_large_image","twitter_creator":"@athomelu","twitter_site":"@athomelu","twitter_misc":{"Written by":"Fanny Pimentel","Estimated reading time":"3 minutes"},"schema":{"@context":"https:\/\/schema.org","@graph":[{"@type":"Article","@id":"https:\/\/www.athome.lu\/blog\/mon-logement\/meuble-decoration\/une-deco-exterieure-a-zero-euro-ou-presque\/#article","isPartOf":{"@id":"https:\/\/www.athome.lu\/blog\/mon-logement\/meuble-decoration\/une-deco-exterieure-a-zero-euro-ou-presque\/"},"author":{"name":"Fanny Pimentel","@id":"https:\/\/www.athome.lu\/blog\/#\/schema\/person\/47f7a38089f837e792876ceddc4cb2dc"},"headline":"Une d\u00e9co ext\u00e9rieure \u00e0 z\u00e9ro euro (ou presque)","datePublished":"2020-04-14T11:11:15+00:00","dateModified":"2022-05-11T10:03:58+00:00","mainEntityOfPage":{"@id":"https:\/\/www.athome.lu\/blog\/mon-logement\/meuble-decoration\/une-deco-exterieure-a-zero-euro-ou-presque\/"},"wordCount":443,"image":{"@id":"https:\/\/www.athome.lu\/blog\/mon-logement\/meuble-decoration\/une-deco-exterieure-a-zero-euro-ou-presque\/#primaryimage"},"thumbnailUrl":"https:\/\/www.athome.lu\/blog\/wp-content\/uploads\/2020\/04\/palette-cover-wood-1558089_1920.jpg","keywords":["Jardin &amp; terrasse"],"articleSection":["Meubler et D\u00e9corer"],"inLanguage":"en-GB"},{"@type":"WebPage","@id":"https:\/\/www.athome.lu\/blog\/mon-logement\/meuble-decoration\/une-deco-exterieure-a-zero-euro-ou-presque\/","url":"https:\/\/www.athome.lu\/blog\/mon-logement\/meuble-decoration\/une-deco-exterieure-a-zero-euro-ou-presque\/","name":"Outdoor decoration for zero euros (or almost) - atHome Blog","isPartOf":{"@id":"https:\/\/www.athome.lu\/blog\/#website"},"primaryImageOfPage":{"@id":"https:\/\/www.athome.lu\/blog\/mon-logement\/meuble-decoration\/une-deco-exterieure-a-zero-euro-ou-presque\/#primaryimage"},"image":{"@id":"https:\/\/www.athome.lu\/blog\/mon-logement\/meuble-decoration\/une-deco-exterieure-a-zero-euro-ou-presque\/#primaryimage"},"thumbnailUrl":"https:\/\/www.athome.lu\/blog\/wp-content\/uploads\/2020\/04\/palette-cover-wood-1558089_1920.jpg","datePublished":"2020-04-14T11:11:15+00:00","dateModified":"2022-05-11T10:03:58+00:00","author":{"@id":"https:\/\/www.athome.lu\/blog\/#\/schema\/person\/47f7a38089f837e792876ceddc4cb2dc"},"description":"With a small budget or a zero waste approach, here are our decorating ideas for a patio, a garden or a terrace with everyday objects that can be diverted for a bohemian or inebriated, but eco-friendly, outdoor look!","breadcrumb":{"@id":"https:\/\/www.athome.lu\/blog\/mon-logement\/meuble-decoration\/une-deco-exterieure-a-zero-euro-ou-presque\/#breadcrumb"},"inLanguage":"en-GB","potentialAction":[{"@type":"ReadAction","target":["https:\/\/www.athome.lu\/blog\/mon-logement\/meuble-decoration\/une-deco-exterieure-a-zero-euro-ou-presque\/"]}]},{"@type":"ImageObject","inLanguage":"en-GB","@id":"https:\/\/www.athome.lu\/blog\/mon-logement\/meuble-decoration\/une-deco-exterieure-a-zero-euro-ou-presque\/#primaryimage","url":"https:\/\/www.athome.lu\/blog\/wp-content\/uploads\/2020\/04\/palette-cover-wood-1558089_1920.jpg","contentUrl":"https:\/\/www.athome.lu\/blog\/wp-content\/uploads\/2020\/04\/palette-cover-wood-1558089_1920.jpg","width":1200,"height":800,"caption":"D\u00e9co ext\u00e9rieure r\u00e9cup"},{"@type":"BreadcrumbList","@id":"https:\/\/www.athome.lu\/blog\/mon-logement\/meuble-decoration\/une-deco-exterieure-a-zero-euro-ou-presque\/#breadcrumb","itemListElement":[{"@type":"ListItem","position":1,"name":"Accueil","item":"https:\/\/www.athome.lu\/blog\/"},{"@type":"ListItem","position":2,"name":"Mon logement","item":"https:\/\/www.athome.lu\/blog\/de\/category\/mein-haus\/"},{"@type":"ListItem","position":3,"name":"Meubler et D\u00e9corer","item":"https:\/\/www.athome.lu\/blog\/de\/category\/mein-haus\/deko-mobel\/"},{"@type":"ListItem","position":4,"name":"Une d\u00e9co ext\u00e9rieure \u00e0 z\u00e9ro euro (ou presque)"}]},{"@type":"WebSite","@id":"https:\/\/www.athome.lu\/blog\/#website","url":"https:\/\/www.athome.lu\/blog\/","name":"atHome Blog","description":"Real estate ads in Luxembourg. The n\u00b01 real estate portal in Luxembourg.","potentialAction":[{"@type":"SearchAction","target":{"@type":"EntryPoint","urlTemplate":"https:\/\/www.athome.lu\/blog\/?s={search_term_string}"},"query-input":{"@type":"PropertyValueSpecification","valueRequired":true,"valueName":"search_term_string"}}],"inLanguage":"en-GB"},{"@type":"Person","@id":"https:\/\/www.athome.lu\/blog\/#\/schema\/person\/47f7a38089f837e792876ceddc4cb2dc","name":"Fanny Pimentel","image":{"@type":"ImageObject","inLanguage":"en-GB","@id":"https:\/\/secure.gravatar.com\/avatar\/c60b27b93851dc9503f9cc9150e73dcb0a86ba6150657e5e4b11d988400bc633?s=96&d=mm&r=g","url":"https:\/\/secure.gravatar.com\/avatar\/c60b27b93851dc9503f9cc9150e73dcb0a86ba6150657e5e4b11d988400bc633?s=96&d=mm&r=g","contentUrl":"https:\/\/secure.gravatar.com\/avatar\/c60b27b93851dc9503f9cc9150e73dcb0a86ba6150657e5e4b11d988400bc633?s=96&d=mm&r=g","caption":"Fanny Pimentel"}}]}},"featured_media_src_url":"https:\/\/www.athome.lu\/blog\/wp-content\/uploads\/2020\/04\/palette-cover-wood-1558089_1920-1024x683.jpg","_links":{"self":[{"href":"https:\/\/www.athome.lu\/blog\/en\/wp-json\/wp\/v2\/posts\/12738","targetHints":{"allow":["GET"]}}],"collection":[{"href":"https:\/\/www.athome.lu\/blog\/en\/wp-json\/wp\/v2\/posts"}],"about":[{"href":"https:\/\/www.athome.lu\/blog\/en\/wp-json\/wp\/v2\/types\/post"}],"author":[{"embeddable":true,"href":"https:\/\/www.athome.lu\/blog\/en\/wp-json\/wp\/v2\/users\/17"}],"replies":[{"embeddable":true,"href":"https:\/\/www.athome.lu\/blog\/en\/wp-json\/wp\/v2\/comments?post=12738"}],"version-history":[{"count":2,"href":"https:\/\/www.athome.lu\/blog\/en\/wp-json\/wp\/v2\/posts\/12738\/revisions"}],"predecessor-version":[{"id":14974,"href":"https:\/\/www.athome.lu\/blog\/en\/wp-json\/wp\/v2\/posts\/12738\/revisions\/14974"}],"wp:featuredmedia":[{"embeddable":true,"href":"https:\/\/www.athome.lu\/blog\/en\/wp-json\/wp\/v2\/media\/12739"}],"wp:attachment":[{"href":"https:\/\/www.athome.lu\/blog\/en\/wp-json\/wp\/v2\/media?parent=12738"}],"wp:term":[{"taxonomy":"category","embeddable":true,"href":"https:\/\/www.athome.lu\/blog\/en\/wp-json\/wp\/v2\/categories?post=12738"},{"taxonomy":"post_tag","embeddable":true,"href":"https:\/\/www.athome.lu\/blog\/en\/wp-json\/wp\/v2\/tags?post=12738"}],"curies":[{"name":"wp","href":"https:\/\/api.w.org\/{rel}","templated":true}]}}