{"id":12896,"date":"2020-07-06T13:53:45","date_gmt":"2020-07-06T12:53:45","guid":{"rendered":"https:\/\/www.athome.lu\/blog\/?p=12896"},"modified":"2022-05-11T11:30:13","modified_gmt":"2022-05-11T09:30:13","slug":"esch-sur-alzette-des-projets-plein-la-tete","status":"publish","type":"post","link":"https:\/\/www.athome.lu\/blog\/en\/marche-immobilier\/villes\/esch-sur-alzette-des-projets-plein-la-tete\/","title":{"rendered":"Esch-sur-Alzette, a head full of projects"},"content":{"rendered":"<p><span style=\"color: #000000;\">In the south of the country, Esch-sur-Alzette is the second most populated town in the Grand Duchy after Luxembourg City. Marked by its industrial past, the town has managed to renew itself to attract new inhabitants.<\/span><\/p>\n\n\n\n<div class=\"wp-block-image\"><figure class=\"aligncenter\"><a href=\"https:\/\/www.athome.lu\/blog\/blog\/wp-content\/uploads\/2020\/07\/esch2.jpg\"><img loading=\"lazy\" decoding=\"async\" width=\"1024\" height=\"683\" src=\"https:\/\/www.athome.lu\/blog\/blog\/wp-content\/uploads\/2020\/07\/esch2-1024x683.jpg\" alt=\"\" class=\"wp-image-12901\" srcset=\"https:\/\/www.athome.lu\/blog\/wp-content\/uploads\/2020\/07\/esch2-1024x683.jpg 1024w, https:\/\/www.athome.lu\/blog\/wp-content\/uploads\/2020\/07\/esch2-300x200.jpg 300w, https:\/\/www.athome.lu\/blog\/wp-content\/uploads\/2020\/07\/esch2-768x512.jpg 768w, https:\/\/www.athome.lu\/blog\/wp-content\/uploads\/2020\/07\/esch2-18x12.jpg 18w, https:\/\/www.athome.lu\/blog\/wp-content\/uploads\/2020\/07\/esch2.jpg 1200w\" sizes=\"auto, (max-width: 1024px) 100vw, 1024px\" \/><\/a><\/figure><\/div>\n\n\n\n<h2 class=\"wp-block-heading\"><span style=\"color: #000000;\"><strong>Key figures <\/strong><\/span><\/h2>\n\n\n\n<p><span style=\"color: #000000;\">Area: 14.4 km2<\/span><br><span style=\"color: #000000;\">Population: 35,382<\/span><br><span style=\"color: #000000;\">Density: 2,465.6 inhabitants\/km2<\/span><\/p>\n\n\n\n<h2 class=\"wp-block-heading\"><span style=\"color: #000000;\"><strong>Living in Esch-sur-Alzette<\/strong><\/span><\/h2>\n\n\n\n<p><span style=\"color: #000000;\">The town of Esch-sur-Alzette has been undergoing a process of change for several years and has multiplied its projects to enrich its offer in terms of housing, shops and services.<\/span><\/p>\n\n\n\n<p><span style=\"color: #000000;\">One example is the Belval district, which has been transformed from a former steelworks site into a centre for training, commercial and cultural activities.<strong><em><br><\/em><\/strong>A true urban district that includes housing, businesses, leisure facilities, shops and the University of Luxembourg. Numerous buildings, all of which are environmentally friendly, adjoin elements of the former industrial site that have been preserved, renovated and integrated into the new concept in a unique way.<\/span><\/p>\n\n\n\n<p><span style=\"color: #000000;\">In the town centre of Esch-sur-Alzette, there is also a large number of shops and restaurants. There is enough to satisfy the expectations and needs of the inhabitants but also those of the many visitors.<\/span><\/p>\n\n\n\n<div class=\"wp-block-image\"><figure class=\"aligncenter\"><a href=\"https:\/\/www.athome.lu\/blog\/blog\/wp-content\/uploads\/2020\/07\/esch3.jpg\"><img loading=\"lazy\" decoding=\"async\" width=\"1024\" height=\"683\" src=\"https:\/\/www.athome.lu\/blog\/blog\/wp-content\/uploads\/2020\/07\/esch3-1024x683.jpg\" alt=\"\" class=\"wp-image-12900\" srcset=\"https:\/\/www.athome.lu\/blog\/wp-content\/uploads\/2020\/07\/esch3-1024x683.jpg 1024w, https:\/\/www.athome.lu\/blog\/wp-content\/uploads\/2020\/07\/esch3-300x200.jpg 300w, https:\/\/www.athome.lu\/blog\/wp-content\/uploads\/2020\/07\/esch3-768x512.jpg 768w, https:\/\/www.athome.lu\/blog\/wp-content\/uploads\/2020\/07\/esch3-18x12.jpg 18w, https:\/\/www.athome.lu\/blog\/wp-content\/uploads\/2020\/07\/esch3.jpg 1200w\" sizes=\"auto, (max-width: 1024px) 100vw, 1024px\" \/><\/a><\/figure><\/div>\n\n\n\n<p><span style=\"color: #000000;\">As everywhere in Luxembourg, the housing problem is a daily concern for the municipality. The limited space available forces local officials to be imaginative. Attracted by much more attractive property prices than in the centre of the Grand Duchy, many Luxembourg residents wish to settle in this part of the country.<\/span><\/p>\n\n\n\n<p><span style=\"color: #000000;\">Finally, it should be noted that although space is limited, the inhabitants can still take advantage of green spaces! Esch-sur-Alzette has retained an attractive green lung: the Gaalgebierg, a hill overlooking the town and covered by a vast forest. There are parks, a football pitch, a camping site, a wildlife park and a natural ice rink in winter.<\/span><\/p>\n\n\n<section id=\"section-3-14695\" class=\"ct-section\" ><div class=\"ct-section-inner-wrap\"><div id=\"div_block-4-14695\" class=\"ct-div-block\" ><div id=\"new_columns-7-14695\" class=\"ct-new-columns\" ><div id=\"div_block-8-14695\" class=\"ct-div-block\" ><div id=\"div_block-14-14695\" class=\"ct-div-block\" ><\/div><\/div><div id=\"div_block-9-14695\" class=\"ct-div-block\" ><h1 id=\"headline-11-14695\" class=\"ct-headline\">What are the property prices at the moment?<\/h1><div id=\"text_block-12-14695\" class=\"ct-text-block\" >Prices are slowing down. Interest rates are rising. What are the trends for the coming months?<\/div><a id=\"link_button-13-14695\" class=\"ct-link-button\" href=\"https:\/\/www.athome.lu\/blog\/blog\/marche-immobilier\/prix\/tendances-2022\/\" target=\"_blank\"  >Read the analysis<\/a><\/div><\/div><\/div><\/div><\/section>\n\n\n<h2 class=\"wp-block-heading\"><span style=\"color: #000000;\"><strong>Property prices in Esch-sur-Alzette<\/strong><\/span><\/h2>\n\n\n\n<p><span style=\"color: #000000;\">Esch-sur-Alzette, the second most important city in the country, has much lower property prices than the Luxembourg capital.<\/span><br><span style=\"color: #000000;\">The average price of a flat is around \u20ac417,000 and the average price of a house is \u20ac753,000 (average prices posted in March 2020).<\/span><\/p>\n\n\n\n<div class=\"wp-block-image\"><figure class=\"aligncenter\"><a href=\"https:\/\/www.athome.lu\/blog\/blog\/wp-content\/uploads\/2020\/07\/prix-esch.jpg\"><img loading=\"lazy\" decoding=\"async\" width=\"519\" height=\"489\" src=\"https:\/\/www.athome.lu\/blog\/blog\/wp-content\/uploads\/2020\/07\/prix-esch.jpg\" alt=\"\" class=\"wp-image-12897\" srcset=\"https:\/\/www.athome.lu\/blog\/wp-content\/uploads\/2020\/07\/prix-esch.jpg 519w, https:\/\/www.athome.lu\/blog\/wp-content\/uploads\/2020\/07\/prix-esch-300x283.jpg 300w, https:\/\/www.athome.lu\/blog\/wp-content\/uploads\/2020\/07\/prix-esch-13x12.jpg 13w\" sizes=\"auto, (max-width: 519px) 100vw, 519px\" \/><\/a><\/figure><\/div>","protected":false},"excerpt":{"rendered":"<p>Au sud du pays, Esch-sur-Alzette est la deuxi\u00e8me ville la plus peupl\u00e9e du Grand-Duch\u00e9 apr\u00e8s Luxembourg-ville. Marqu\u00e9e par son pass\u00e9 industriel, la commune a su se renouveler pour attirer de nouveaux habitants. Chiffres cl\u00e9s Superficie&nbsp;: &nbsp;14,4 km2Population&nbsp;: 35 382 habitantsDensit\u00e9&nbsp;: 2&nbsp;465,6 hab\/km2 Habiter \u00e0 Esch-sur-Alzette En mutation depuis plusieurs ann\u00e9es, la ville d\u2019Esch-sur-Alzette a multipli\u00e9 [&hellip;]<\/p>\n","protected":false},"author":17,"featured_media":12899,"comment_status":"closed","ping_status":"closed","sticky":false,"template":"","format":"standard","meta":{"_acf_changed":false,"footnotes":""},"categories":[218],"tags":[],"class_list":["post-12896","post","type-post","status-publish","format-standard","has-post-thumbnail","hentry","category-villes"],"acf":[],"yoast_head":"<!-- This site is optimized with the Yoast SEO plugin v27.4 - https:\/\/yoast.com\/product\/yoast-seo-wordpress\/ -->\n<title>Esch-sur-Alzette, des projets plein la t\u00eate - atHome Blog<\/title>\n<meta name=\"robots\" content=\"index, follow, max-snippet:-1, max-image-preview:large, max-video-preview:-1\" \/>\n<link rel=\"canonical\" href=\"https:\/\/www.athome.lu\/blog\/en\/real-estate-market\/towns\/esch-sur-alzette-des-projets-plein-la-tete\/\" \/>\n<meta property=\"og:locale\" content=\"en_GB\" \/>\n<meta property=\"og:type\" content=\"article\" \/>\n<meta property=\"og:title\" content=\"Esch-sur-Alzette, des projets plein la t\u00eate - atHome Blog\" \/>\n<meta property=\"og:description\" content=\"Au sud du pays, Esch-sur-Alzette est la deuxi\u00e8me ville la plus peupl\u00e9e du Grand-Duch\u00e9 apr\u00e8s Luxembourg-ville. Marqu\u00e9e par son pass\u00e9 industriel, la commune a su se renouveler pour attirer de nouveaux habitants. Chiffres cl\u00e9s Superficie&nbsp;: &nbsp;14,4 km2Population&nbsp;: 35 382 habitantsDensit\u00e9&nbsp;: 2&nbsp;465,6 hab\/km2 Habiter \u00e0 Esch-sur-Alzette En mutation depuis plusieurs ann\u00e9es, la ville d\u2019Esch-sur-Alzette a multipli\u00e9 [&hellip;]\" \/>\n<meta property=\"og:url\" content=\"https:\/\/www.athome.lu\/blog\/en\/real-estate-market\/towns\/esch-sur-alzette-des-projets-plein-la-tete\/\" \/>\n<meta property=\"og:site_name\" content=\"atHome Blog\" \/>\n<meta property=\"article:publisher\" content=\"https:\/\/www.facebook.com\/atHome.lu\/\" \/>\n<meta property=\"article:published_time\" content=\"2020-07-06T12:53:45+00:00\" \/>\n<meta property=\"article:modified_time\" content=\"2022-05-11T09:30:13+00:00\" \/>\n<meta property=\"og:image\" content=\"https:\/\/www.athome.lu\/blog\/wp-content\/uploads\/2020\/07\/esch1.jpg\" \/>\n\t<meta property=\"og:image:width\" content=\"1440\" \/>\n\t<meta property=\"og:image:height\" content=\"960\" \/>\n\t<meta property=\"og:image:type\" content=\"image\/jpeg\" \/>\n<meta name=\"author\" content=\"Fanny Pimentel\" \/>\n<meta name=\"twitter:card\" content=\"summary_large_image\" \/>\n<meta name=\"twitter:creator\" content=\"@athomelu\" \/>\n<meta name=\"twitter:site\" content=\"@athomelu\" \/>\n<meta name=\"twitter:label1\" content=\"Written by\" \/>\n\t<meta name=\"twitter:data1\" content=\"Fanny Pimentel\" \/>\n\t<meta name=\"twitter:label2\" content=\"Estimated reading time\" \/>\n\t<meta name=\"twitter:data2\" content=\"3 minutes\" \/>\n<script type=\"application\/ld+json\" class=\"yoast-schema-graph\">{\"@context\":\"https:\\\/\\\/schema.org\",\"@graph\":[{\"@type\":\"Article\",\"@id\":\"https:\\\/\\\/www.athome.lu\\\/blog\\\/marche-immobilier\\\/villes\\\/esch-sur-alzette-des-projets-plein-la-tete\\\/#article\",\"isPartOf\":{\"@id\":\"https:\\\/\\\/www.athome.lu\\\/blog\\\/marche-immobilier\\\/villes\\\/esch-sur-alzette-des-projets-plein-la-tete\\\/\"},\"author\":{\"name\":\"Fanny Pimentel\",\"@id\":\"https:\\\/\\\/www.athome.lu\\\/blog\\\/#\\\/schema\\\/person\\\/47f7a38089f837e792876ceddc4cb2dc\"},\"headline\":\"Esch-sur-Alzette, des projets plein la t\u00eate\",\"datePublished\":\"2020-07-06T12:53:45+00:00\",\"dateModified\":\"2022-05-11T09:30:13+00:00\",\"mainEntityOfPage\":{\"@id\":\"https:\\\/\\\/www.athome.lu\\\/blog\\\/marche-immobilier\\\/villes\\\/esch-sur-alzette-des-projets-plein-la-tete\\\/\"},\"wordCount\":383,\"image\":{\"@id\":\"https:\\\/\\\/www.athome.lu\\\/blog\\\/marche-immobilier\\\/villes\\\/esch-sur-alzette-des-projets-plein-la-tete\\\/#primaryimage\"},\"thumbnailUrl\":\"https:\\\/\\\/www.athome.lu\\\/blog\\\/wp-content\\\/uploads\\\/2020\\\/07\\\/esch1.jpg\",\"articleSection\":[\"Villes\"],\"inLanguage\":\"en-GB\"},{\"@type\":\"WebPage\",\"@id\":\"https:\\\/\\\/www.athome.lu\\\/blog\\\/marche-immobilier\\\/villes\\\/esch-sur-alzette-des-projets-plein-la-tete\\\/\",\"url\":\"https:\\\/\\\/www.athome.lu\\\/blog\\\/marche-immobilier\\\/villes\\\/esch-sur-alzette-des-projets-plein-la-tete\\\/\",\"name\":\"Esch-sur-Alzette, des projets plein la t\u00eate - atHome Blog\",\"isPartOf\":{\"@id\":\"https:\\\/\\\/www.athome.lu\\\/blog\\\/#website\"},\"primaryImageOfPage\":{\"@id\":\"https:\\\/\\\/www.athome.lu\\\/blog\\\/marche-immobilier\\\/villes\\\/esch-sur-alzette-des-projets-plein-la-tete\\\/#primaryimage\"},\"image\":{\"@id\":\"https:\\\/\\\/www.athome.lu\\\/blog\\\/marche-immobilier\\\/villes\\\/esch-sur-alzette-des-projets-plein-la-tete\\\/#primaryimage\"},\"thumbnailUrl\":\"https:\\\/\\\/www.athome.lu\\\/blog\\\/wp-content\\\/uploads\\\/2020\\\/07\\\/esch1.jpg\",\"datePublished\":\"2020-07-06T12:53:45+00:00\",\"dateModified\":\"2022-05-11T09:30:13+00:00\",\"author\":{\"@id\":\"https:\\\/\\\/www.athome.lu\\\/blog\\\/#\\\/schema\\\/person\\\/47f7a38089f837e792876ceddc4cb2dc\"},\"breadcrumb\":{\"@id\":\"https:\\\/\\\/www.athome.lu\\\/blog\\\/marche-immobilier\\\/villes\\\/esch-sur-alzette-des-projets-plein-la-tete\\\/#breadcrumb\"},\"inLanguage\":\"en-GB\",\"potentialAction\":[{\"@type\":\"ReadAction\",\"target\":[\"https:\\\/\\\/www.athome.lu\\\/blog\\\/marche-immobilier\\\/villes\\\/esch-sur-alzette-des-projets-plein-la-tete\\\/\"]}]},{\"@type\":\"ImageObject\",\"inLanguage\":\"en-GB\",\"@id\":\"https:\\\/\\\/www.athome.lu\\\/blog\\\/marche-immobilier\\\/villes\\\/esch-sur-alzette-des-projets-plein-la-tete\\\/#primaryimage\",\"url\":\"https:\\\/\\\/www.athome.lu\\\/blog\\\/wp-content\\\/uploads\\\/2020\\\/07\\\/esch1.jpg\",\"contentUrl\":\"https:\\\/\\\/www.athome.lu\\\/blog\\\/wp-content\\\/uploads\\\/2020\\\/07\\\/esch1.jpg\",\"width\":1440,\"height\":960},{\"@type\":\"BreadcrumbList\",\"@id\":\"https:\\\/\\\/www.athome.lu\\\/blog\\\/marche-immobilier\\\/villes\\\/esch-sur-alzette-des-projets-plein-la-tete\\\/#breadcrumb\",\"itemListElement\":[{\"@type\":\"ListItem\",\"position\":1,\"name\":\"Accueil\",\"item\":\"https:\\\/\\\/www.athome.lu\\\/blog\\\/\"},{\"@type\":\"ListItem\",\"position\":2,\"name\":\"March\u00e9 immobilier\",\"item\":\"https:\\\/\\\/www.athome.lu\\\/blog\\\/category\\\/marche-immobilier\\\/\"},{\"@type\":\"ListItem\",\"position\":3,\"name\":\"Villes\",\"item\":\"https:\\\/\\\/www.athome.lu\\\/blog\\\/category\\\/marche-immobilier\\\/villes\\\/\"},{\"@type\":\"ListItem\",\"position\":4,\"name\":\"Esch-sur-Alzette, des projets plein la t\u00eate\"}]},{\"@type\":\"WebSite\",\"@id\":\"https:\\\/\\\/www.athome.lu\\\/blog\\\/#website\",\"url\":\"https:\\\/\\\/www.athome.lu\\\/blog\\\/\",\"name\":\"atHome Blog\",\"description\":\"Annonces immobili\u00e8res au Luxembourg. Le portail immobilier n\u00b01 au Luxembourg.\",\"potentialAction\":[{\"@type\":\"SearchAction\",\"target\":{\"@type\":\"EntryPoint\",\"urlTemplate\":\"https:\\\/\\\/www.athome.lu\\\/blog\\\/?s={search_term_string}\"},\"query-input\":{\"@type\":\"PropertyValueSpecification\",\"valueRequired\":true,\"valueName\":\"search_term_string\"}}],\"inLanguage\":\"en-GB\"},{\"@type\":\"Person\",\"@id\":\"https:\\\/\\\/www.athome.lu\\\/blog\\\/#\\\/schema\\\/person\\\/47f7a38089f837e792876ceddc4cb2dc\",\"name\":\"Fanny Pimentel\",\"image\":{\"@type\":\"ImageObject\",\"inLanguage\":\"en-GB\",\"@id\":\"https:\\\/\\\/secure.gravatar.com\\\/avatar\\\/c60b27b93851dc9503f9cc9150e73dcb0a86ba6150657e5e4b11d988400bc633?s=96&d=mm&r=g\",\"url\":\"https:\\\/\\\/secure.gravatar.com\\\/avatar\\\/c60b27b93851dc9503f9cc9150e73dcb0a86ba6150657e5e4b11d988400bc633?s=96&d=mm&r=g\",\"contentUrl\":\"https:\\\/\\\/secure.gravatar.com\\\/avatar\\\/c60b27b93851dc9503f9cc9150e73dcb0a86ba6150657e5e4b11d988400bc633?s=96&d=mm&r=g\",\"caption\":\"Fanny Pimentel\"}}]}<\/script>\n<!-- \/ Yoast SEO plugin. -->","yoast_head_json":{"title":"Esch-sur-Alzette, a head full of projects - atHome Blog","robots":{"index":"index","follow":"follow","max-snippet":"max-snippet:-1","max-image-preview":"max-image-preview:large","max-video-preview":"max-video-preview:-1"},"canonical":"https:\/\/www.athome.lu\/blog\/en\/real-estate-market\/towns\/esch-sur-alzette-des-projets-plein-la-tete\/","og_locale":"en_GB","og_type":"article","og_title":"Esch-sur-Alzette, des projets plein la t\u00eate - atHome Blog","og_description":"Au sud du pays, Esch-sur-Alzette est la deuxi\u00e8me ville la plus peupl\u00e9e du Grand-Duch\u00e9 apr\u00e8s Luxembourg-ville. Marqu\u00e9e par son pass\u00e9 industriel, la commune a su se renouveler pour attirer de nouveaux habitants. Chiffres cl\u00e9s Superficie&nbsp;: &nbsp;14,4 km2Population&nbsp;: 35 382 habitantsDensit\u00e9&nbsp;: 2&nbsp;465,6 hab\/km2 Habiter \u00e0 Esch-sur-Alzette En mutation depuis plusieurs ann\u00e9es, la ville d\u2019Esch-sur-Alzette a multipli\u00e9 [&hellip;]","og_url":"https:\/\/www.athome.lu\/blog\/en\/real-estate-market\/towns\/esch-sur-alzette-des-projets-plein-la-tete\/","og_site_name":"atHome Blog","article_publisher":"https:\/\/www.facebook.com\/atHome.lu\/","article_published_time":"2020-07-06T12:53:45+00:00","article_modified_time":"2022-05-11T09:30:13+00:00","og_image":[{"width":1440,"height":960,"url":"https:\/\/www.athome.lu\/blog\/wp-content\/uploads\/2020\/07\/esch1.jpg","type":"image\/jpeg"}],"author":"Fanny Pimentel","twitter_card":"summary_large_image","twitter_creator":"@athomelu","twitter_site":"@athomelu","twitter_misc":{"Written by":"Fanny Pimentel","Estimated reading time":"3 minutes"},"schema":{"@context":"https:\/\/schema.org","@graph":[{"@type":"Article","@id":"https:\/\/www.athome.lu\/blog\/marche-immobilier\/villes\/esch-sur-alzette-des-projets-plein-la-tete\/#article","isPartOf":{"@id":"https:\/\/www.athome.lu\/blog\/marche-immobilier\/villes\/esch-sur-alzette-des-projets-plein-la-tete\/"},"author":{"name":"Fanny Pimentel","@id":"https:\/\/www.athome.lu\/blog\/#\/schema\/person\/47f7a38089f837e792876ceddc4cb2dc"},"headline":"Esch-sur-Alzette, des projets plein la t\u00eate","datePublished":"2020-07-06T12:53:45+00:00","dateModified":"2022-05-11T09:30:13+00:00","mainEntityOfPage":{"@id":"https:\/\/www.athome.lu\/blog\/marche-immobilier\/villes\/esch-sur-alzette-des-projets-plein-la-tete\/"},"wordCount":383,"image":{"@id":"https:\/\/www.athome.lu\/blog\/marche-immobilier\/villes\/esch-sur-alzette-des-projets-plein-la-tete\/#primaryimage"},"thumbnailUrl":"https:\/\/www.athome.lu\/blog\/wp-content\/uploads\/2020\/07\/esch1.jpg","articleSection":["Villes"],"inLanguage":"en-GB"},{"@type":"WebPage","@id":"https:\/\/www.athome.lu\/blog\/marche-immobilier\/villes\/esch-sur-alzette-des-projets-plein-la-tete\/","url":"https:\/\/www.athome.lu\/blog\/marche-immobilier\/villes\/esch-sur-alzette-des-projets-plein-la-tete\/","name":"Esch-sur-Alzette, a head full of projects - atHome Blog","isPartOf":{"@id":"https:\/\/www.athome.lu\/blog\/#website"},"primaryImageOfPage":{"@id":"https:\/\/www.athome.lu\/blog\/marche-immobilier\/villes\/esch-sur-alzette-des-projets-plein-la-tete\/#primaryimage"},"image":{"@id":"https:\/\/www.athome.lu\/blog\/marche-immobilier\/villes\/esch-sur-alzette-des-projets-plein-la-tete\/#primaryimage"},"thumbnailUrl":"https:\/\/www.athome.lu\/blog\/wp-content\/uploads\/2020\/07\/esch1.jpg","datePublished":"2020-07-06T12:53:45+00:00","dateModified":"2022-05-11T09:30:13+00:00","author":{"@id":"https:\/\/www.athome.lu\/blog\/#\/schema\/person\/47f7a38089f837e792876ceddc4cb2dc"},"breadcrumb":{"@id":"https:\/\/www.athome.lu\/blog\/marche-immobilier\/villes\/esch-sur-alzette-des-projets-plein-la-tete\/#breadcrumb"},"inLanguage":"en-GB","potentialAction":[{"@type":"ReadAction","target":["https:\/\/www.athome.lu\/blog\/marche-immobilier\/villes\/esch-sur-alzette-des-projets-plein-la-tete\/"]}]},{"@type":"ImageObject","inLanguage":"en-GB","@id":"https:\/\/www.athome.lu\/blog\/marche-immobilier\/villes\/esch-sur-alzette-des-projets-plein-la-tete\/#primaryimage","url":"https:\/\/www.athome.lu\/blog\/wp-content\/uploads\/2020\/07\/esch1.jpg","contentUrl":"https:\/\/www.athome.lu\/blog\/wp-content\/uploads\/2020\/07\/esch1.jpg","width":1440,"height":960},{"@type":"BreadcrumbList","@id":"https:\/\/www.athome.lu\/blog\/marche-immobilier\/villes\/esch-sur-alzette-des-projets-plein-la-tete\/#breadcrumb","itemListElement":[{"@type":"ListItem","position":1,"name":"Accueil","item":"https:\/\/www.athome.lu\/blog\/"},{"@type":"ListItem","position":2,"name":"March\u00e9 immobilier","item":"https:\/\/www.athome.lu\/blog\/category\/marche-immobilier\/"},{"@type":"ListItem","position":3,"name":"Villes","item":"https:\/\/www.athome.lu\/blog\/category\/marche-immobilier\/villes\/"},{"@type":"ListItem","position":4,"name":"Esch-sur-Alzette, des projets plein la t\u00eate"}]},{"@type":"WebSite","@id":"https:\/\/www.athome.lu\/blog\/#website","url":"https:\/\/www.athome.lu\/blog\/","name":"atHome Blog","description":"Real estate ads in Luxembourg. The n\u00b01 real estate portal in Luxembourg.","potentialAction":[{"@type":"SearchAction","target":{"@type":"EntryPoint","urlTemplate":"https:\/\/www.athome.lu\/blog\/?s={search_term_string}"},"query-input":{"@type":"PropertyValueSpecification","valueRequired":true,"valueName":"search_term_string"}}],"inLanguage":"en-GB"},{"@type":"Person","@id":"https:\/\/www.athome.lu\/blog\/#\/schema\/person\/47f7a38089f837e792876ceddc4cb2dc","name":"Fanny Pimentel","image":{"@type":"ImageObject","inLanguage":"en-GB","@id":"https:\/\/secure.gravatar.com\/avatar\/c60b27b93851dc9503f9cc9150e73dcb0a86ba6150657e5e4b11d988400bc633?s=96&d=mm&r=g","url":"https:\/\/secure.gravatar.com\/avatar\/c60b27b93851dc9503f9cc9150e73dcb0a86ba6150657e5e4b11d988400bc633?s=96&d=mm&r=g","contentUrl":"https:\/\/secure.gravatar.com\/avatar\/c60b27b93851dc9503f9cc9150e73dcb0a86ba6150657e5e4b11d988400bc633?s=96&d=mm&r=g","caption":"Fanny Pimentel"}}]}},"featured_media_src_url":"https:\/\/www.athome.lu\/blog\/wp-content\/uploads\/2020\/07\/esch1-1024x683.jpg","_links":{"self":[{"href":"https:\/\/www.athome.lu\/blog\/en\/wp-json\/wp\/v2\/posts\/12896","targetHints":{"allow":["GET"]}}],"collection":[{"href":"https:\/\/www.athome.lu\/blog\/en\/wp-json\/wp\/v2\/posts"}],"about":[{"href":"https:\/\/www.athome.lu\/blog\/en\/wp-json\/wp\/v2\/types\/post"}],"author":[{"embeddable":true,"href":"https:\/\/www.athome.lu\/blog\/en\/wp-json\/wp\/v2\/users\/17"}],"replies":[{"embeddable":true,"href":"https:\/\/www.athome.lu\/blog\/en\/wp-json\/wp\/v2\/comments?post=12896"}],"version-history":[{"count":2,"href":"https:\/\/www.athome.lu\/blog\/en\/wp-json\/wp\/v2\/posts\/12896\/revisions"}],"predecessor-version":[{"id":14960,"href":"https:\/\/www.athome.lu\/blog\/en\/wp-json\/wp\/v2\/posts\/12896\/revisions\/14960"}],"wp:featuredmedia":[{"embeddable":true,"href":"https:\/\/www.athome.lu\/blog\/en\/wp-json\/wp\/v2\/media\/12899"}],"wp:attachment":[{"href":"https:\/\/www.athome.lu\/blog\/en\/wp-json\/wp\/v2\/media?parent=12896"}],"wp:term":[{"taxonomy":"category","embeddable":true,"href":"https:\/\/www.athome.lu\/blog\/en\/wp-json\/wp\/v2\/categories?post=12896"},{"taxonomy":"post_tag","embeddable":true,"href":"https:\/\/www.athome.lu\/blog\/en\/wp-json\/wp\/v2\/tags?post=12896"}],"curies":[{"name":"wp","href":"https:\/\/api.w.org\/{rel}","templated":true}]}}