{"id":12908,"date":"2020-07-14T10:35:00","date_gmt":"2020-07-14T09:35:00","guid":{"rendered":"https:\/\/www.athome.lu\/blog\/?p=12908"},"modified":"2022-05-11T11:29:46","modified_gmt":"2022-05-11T09:29:46","slug":"terrace-and-balcony-how-to-protect-yourself-from-the-face","status":"publish","type":"post","link":"https:\/\/www.athome.lu\/blog\/en\/mon-logement\/meuble-decoration\/terrasse-et-balcon-comment-se-proteger-du-vis-a-vis\/","title":{"rendered":"Terrace and balcony: how to protect yourself from being overlooked"},"content":{"rendered":"<p><span style=\"color: #000000;\">It's not always easy to feel alone in the world on your balcony when you live in a city residence! How can you drink your coffee in complete privacy? Our decorative solutions to protect this area, which is often exposed to outside eyes.<\/span><\/p>\n\n\n\n<h2 class=\"wp-block-heading\"><span style=\"color: #000000;\"><strong>The easiest way to protect yourself from the neighbours: Curtains <\/strong><\/span><\/h2>\n\n\n\n<p><span style=\"color: #000000;\">We opt for a fabric suitable for outdoor use that we attach to the railing of our balcony. The advantages? They are completely removable and interchangeable, so they can be removed in winter, but above all they vary the patterns according to the desired atmosphere. Light colours preserve transparency and do not accumulate heat.<\/span><\/p>\n\n\n\n<h2 class=\"wp-block-heading\"><span style=\"color: #000000;\"><strong>The plants <\/strong><\/span><\/h2>\n\n\n\n<p><span style=\"color: #000000;\">They will keep your privacy while creating a green cocoon. If you take good care of them, they will grow all summer long. Bamboo, lavender, Japanese maple or rose, prefer colourful and fragrant flowers or shrubs. Climbing plants such as jasmine or honeysuckle can flourish on the railing. Use large pots or planters, taking into account the size of the roots so that they do not suffocate. For example, a 70 litre pot is needed for a shrub that will grow to 50 cm.<\/span><\/p>\n\n\n\n<h2 class=\"wp-block-heading\"><span style=\"color: #000000;\"><strong>A wall with or without patterns <\/strong><\/span><\/h2>\n\n\n\n<p><span style=\"color: #000000;\">If your neighbours are really close, a translucent wall protruding from the railing will be enough to create an intimate setting. The light will filter through, but no one will see you. However, it is advisable to check with your condominium to find out what your options are.<\/span><\/p>\n\n\n\n<p><span style=\"color: #000000;\">These solutions are very popular with those who want to gain height without losing light. An openwork wall with plants or lanterns will dress up your exterior while providing privacy.<\/span><\/p>\n\n\n\n<p><span style=\"color: #000000;\"><strong>To remember<\/strong> Consult the condominium rules which govern the rights and duties of each owner or tenant. You will no doubt find regulations relating to planting or other arrangements on the balcony. The exterior appearance of the building must be respected.<\/span><\/p>\n\n\n<section id=\"section-3-14695\" class=\"ct-section\" ><div class=\"ct-section-inner-wrap\"><div id=\"div_block-4-14695\" class=\"ct-div-block\" ><div id=\"new_columns-7-14695\" class=\"ct-new-columns\" ><div id=\"div_block-8-14695\" class=\"ct-div-block\" ><div id=\"div_block-14-14695\" class=\"ct-div-block\" ><\/div><\/div><div id=\"div_block-9-14695\" class=\"ct-div-block\" ><h1 id=\"headline-11-14695\" class=\"ct-headline\">What are the property prices at the moment?<\/h1><div id=\"text_block-12-14695\" class=\"ct-text-block\" >Prices are slowing down. Interest rates are rising. What are the trends for the coming months?<\/div><a id=\"link_button-13-14695\" class=\"ct-link-button\" href=\"https:\/\/www.athome.lu\/blog\/blog\/marche-immobilier\/prix\/tendances-2022\/\" target=\"_blank\"  >Read the analysis<\/a><\/div><\/div><\/div><\/div><\/section>","protected":false},"excerpt":{"rendered":"<p>Pas toujours simple de se sentir seul au monde sur son balcon quand on habite une r\u00e9sidence en ville&nbsp;! Comment faire pour boire son caf\u00e9 en toute intimit\u00e9&nbsp;? Nos solutions d\u00e9co pour prot\u00e9ger cette zone souvent expos\u00e9e aux regards ext\u00e9rieurs. Le plus facile \u00e0 installer&nbsp;pour se prot\u00e9ger des voisins&nbsp;: Les voilages On opte pour un [&hellip;]<\/p>\n","protected":false},"author":17,"featured_media":12911,"comment_status":"closed","ping_status":"closed","sticky":false,"template":"","format":"standard","meta":{"_acf_changed":false,"footnotes":""},"categories":[210],"tags":[89],"class_list":["post-12908","post","type-post","status-publish","format-standard","has-post-thumbnail","hentry","category-meuble-decoration","tag-jardin-terrasse"],"acf":[],"yoast_head":"<!-- This site is optimized with the Yoast SEO plugin v27.4 - https:\/\/yoast.com\/product\/yoast-seo-wordpress\/ -->\n<title>Terrasse et balcon : comment se prot\u00e9ger du vis-\u00e0-vis - atHome Blog<\/title>\n<meta name=\"description\" content=\"Pas toujours simple de se sentir seul au monde sur son balcon quand on habite en ville ! Nos solutions d\u00e9co pour prot\u00e9ger cette zone souvent expos\u00e9e aux regards ext\u00e9rieurs.\" \/>\n<meta name=\"robots\" content=\"index, follow, max-snippet:-1, max-image-preview:large, max-video-preview:-1\" \/>\n<link rel=\"canonical\" href=\"https:\/\/www.athome.lu\/blog\/en\/my-home\/decoration-2\/terrace-and-balcony-how-to-protect-yourself-from-the-face\/\" \/>\n<meta property=\"og:locale\" content=\"en_GB\" \/>\n<meta property=\"og:type\" content=\"article\" \/>\n<meta property=\"og:title\" content=\"Terrasse et balcon : comment se prot\u00e9ger du vis-\u00e0-vis - atHome Blog\" \/>\n<meta property=\"og:description\" content=\"Pas toujours simple de se sentir seul au monde sur son balcon quand on habite en ville ! Nos solutions d\u00e9co pour prot\u00e9ger cette zone souvent expos\u00e9e aux regards ext\u00e9rieurs.\" \/>\n<meta property=\"og:url\" content=\"https:\/\/www.athome.lu\/blog\/en\/my-home\/decoration-2\/terrace-and-balcony-how-to-protect-yourself-from-the-face\/\" \/>\n<meta property=\"og:site_name\" content=\"atHome Blog\" \/>\n<meta property=\"article:publisher\" content=\"https:\/\/www.facebook.com\/atHome.lu\/\" \/>\n<meta property=\"article:published_time\" content=\"2020-07-14T09:35:00+00:00\" \/>\n<meta property=\"article:modified_time\" content=\"2022-05-11T09:29:46+00:00\" \/>\n<meta property=\"og:image\" content=\"https:\/\/www.athome.lu\/blog\/wp-content\/uploads\/2020\/07\/garden-5394782_1280.jpg\" \/>\n\t<meta property=\"og:image:width\" content=\"1280\" \/>\n\t<meta property=\"og:image:height\" content=\"854\" \/>\n\t<meta property=\"og:image:type\" content=\"image\/jpeg\" \/>\n<meta name=\"author\" content=\"Fanny Pimentel\" \/>\n<meta name=\"twitter:card\" content=\"summary_large_image\" \/>\n<meta name=\"twitter:creator\" content=\"@athomelu\" \/>\n<meta name=\"twitter:site\" content=\"@athomelu\" \/>\n<meta name=\"twitter:label1\" content=\"Written by\" \/>\n\t<meta name=\"twitter:data1\" content=\"Fanny Pimentel\" \/>\n\t<meta name=\"twitter:label2\" content=\"Estimated reading time\" \/>\n\t<meta name=\"twitter:data2\" content=\"2 minutes\" \/>\n<script type=\"application\/ld+json\" class=\"yoast-schema-graph\">{\"@context\":\"https:\\\/\\\/schema.org\",\"@graph\":[{\"@type\":\"Article\",\"@id\":\"https:\\\/\\\/www.athome.lu\\\/blog\\\/mon-logement\\\/meuble-decoration\\\/terrasse-et-balcon-comment-se-proteger-du-vis-a-vis\\\/#article\",\"isPartOf\":{\"@id\":\"https:\\\/\\\/www.athome.lu\\\/blog\\\/mon-logement\\\/meuble-decoration\\\/terrasse-et-balcon-comment-se-proteger-du-vis-a-vis\\\/\"},\"author\":{\"name\":\"Fanny Pimentel\",\"@id\":\"https:\\\/\\\/www.athome.lu\\\/blog\\\/#\\\/schema\\\/person\\\/47f7a38089f837e792876ceddc4cb2dc\"},\"headline\":\"Terrasse et balcon : comment se prot\u00e9ger du vis-\u00e0-vis\",\"datePublished\":\"2020-07-14T09:35:00+00:00\",\"dateModified\":\"2022-05-11T09:29:46+00:00\",\"mainEntityOfPage\":{\"@id\":\"https:\\\/\\\/www.athome.lu\\\/blog\\\/mon-logement\\\/meuble-decoration\\\/terrasse-et-balcon-comment-se-proteger-du-vis-a-vis\\\/\"},\"wordCount\":389,\"image\":{\"@id\":\"https:\\\/\\\/www.athome.lu\\\/blog\\\/mon-logement\\\/meuble-decoration\\\/terrasse-et-balcon-comment-se-proteger-du-vis-a-vis\\\/#primaryimage\"},\"thumbnailUrl\":\"https:\\\/\\\/www.athome.lu\\\/blog\\\/wp-content\\\/uploads\\\/2020\\\/07\\\/garden-5394782_1280.jpg\",\"keywords\":[\"Jardin &amp; terrasse\"],\"articleSection\":[\"Meubler et D\u00e9corer\"],\"inLanguage\":\"en-GB\"},{\"@type\":\"WebPage\",\"@id\":\"https:\\\/\\\/www.athome.lu\\\/blog\\\/mon-logement\\\/meuble-decoration\\\/terrasse-et-balcon-comment-se-proteger-du-vis-a-vis\\\/\",\"url\":\"https:\\\/\\\/www.athome.lu\\\/blog\\\/mon-logement\\\/meuble-decoration\\\/terrasse-et-balcon-comment-se-proteger-du-vis-a-vis\\\/\",\"name\":\"Terrasse et balcon : comment se prot\u00e9ger du vis-\u00e0-vis - atHome Blog\",\"isPartOf\":{\"@id\":\"https:\\\/\\\/www.athome.lu\\\/blog\\\/#website\"},\"primaryImageOfPage\":{\"@id\":\"https:\\\/\\\/www.athome.lu\\\/blog\\\/mon-logement\\\/meuble-decoration\\\/terrasse-et-balcon-comment-se-proteger-du-vis-a-vis\\\/#primaryimage\"},\"image\":{\"@id\":\"https:\\\/\\\/www.athome.lu\\\/blog\\\/mon-logement\\\/meuble-decoration\\\/terrasse-et-balcon-comment-se-proteger-du-vis-a-vis\\\/#primaryimage\"},\"thumbnailUrl\":\"https:\\\/\\\/www.athome.lu\\\/blog\\\/wp-content\\\/uploads\\\/2020\\\/07\\\/garden-5394782_1280.jpg\",\"datePublished\":\"2020-07-14T09:35:00+00:00\",\"dateModified\":\"2022-05-11T09:29:46+00:00\",\"author\":{\"@id\":\"https:\\\/\\\/www.athome.lu\\\/blog\\\/#\\\/schema\\\/person\\\/47f7a38089f837e792876ceddc4cb2dc\"},\"description\":\"Pas toujours simple de se sentir seul au monde sur son balcon quand on habite en ville ! Nos solutions d\u00e9co pour prot\u00e9ger cette zone souvent expos\u00e9e aux regards ext\u00e9rieurs.\",\"breadcrumb\":{\"@id\":\"https:\\\/\\\/www.athome.lu\\\/blog\\\/mon-logement\\\/meuble-decoration\\\/terrasse-et-balcon-comment-se-proteger-du-vis-a-vis\\\/#breadcrumb\"},\"inLanguage\":\"en-GB\",\"potentialAction\":[{\"@type\":\"ReadAction\",\"target\":[\"https:\\\/\\\/www.athome.lu\\\/blog\\\/mon-logement\\\/meuble-decoration\\\/terrasse-et-balcon-comment-se-proteger-du-vis-a-vis\\\/\"]}]},{\"@type\":\"ImageObject\",\"inLanguage\":\"en-GB\",\"@id\":\"https:\\\/\\\/www.athome.lu\\\/blog\\\/mon-logement\\\/meuble-decoration\\\/terrasse-et-balcon-comment-se-proteger-du-vis-a-vis\\\/#primaryimage\",\"url\":\"https:\\\/\\\/www.athome.lu\\\/blog\\\/wp-content\\\/uploads\\\/2020\\\/07\\\/garden-5394782_1280.jpg\",\"contentUrl\":\"https:\\\/\\\/www.athome.lu\\\/blog\\\/wp-content\\\/uploads\\\/2020\\\/07\\\/garden-5394782_1280.jpg\",\"width\":1280,\"height\":854},{\"@type\":\"BreadcrumbList\",\"@id\":\"https:\\\/\\\/www.athome.lu\\\/blog\\\/mon-logement\\\/meuble-decoration\\\/terrasse-et-balcon-comment-se-proteger-du-vis-a-vis\\\/#breadcrumb\",\"itemListElement\":[{\"@type\":\"ListItem\",\"position\":1,\"name\":\"Accueil\",\"item\":\"https:\\\/\\\/www.athome.lu\\\/blog\\\/\"},{\"@type\":\"ListItem\",\"position\":2,\"name\":\"Mon logement\",\"item\":\"https:\\\/\\\/www.athome.lu\\\/blog\\\/de\\\/category\\\/mein-haus\\\/\"},{\"@type\":\"ListItem\",\"position\":3,\"name\":\"Meubler et D\u00e9corer\",\"item\":\"https:\\\/\\\/www.athome.lu\\\/blog\\\/de\\\/category\\\/mein-haus\\\/deko-mobel\\\/\"},{\"@type\":\"ListItem\",\"position\":4,\"name\":\"Terrasse et balcon : comment se prot\u00e9ger du vis-\u00e0-vis\"}]},{\"@type\":\"WebSite\",\"@id\":\"https:\\\/\\\/www.athome.lu\\\/blog\\\/#website\",\"url\":\"https:\\\/\\\/www.athome.lu\\\/blog\\\/\",\"name\":\"atHome Blog\",\"description\":\"Annonces immobili\u00e8res au Luxembourg. Le portail immobilier n\u00b01 au Luxembourg.\",\"potentialAction\":[{\"@type\":\"SearchAction\",\"target\":{\"@type\":\"EntryPoint\",\"urlTemplate\":\"https:\\\/\\\/www.athome.lu\\\/blog\\\/?s={search_term_string}\"},\"query-input\":{\"@type\":\"PropertyValueSpecification\",\"valueRequired\":true,\"valueName\":\"search_term_string\"}}],\"inLanguage\":\"en-GB\"},{\"@type\":\"Person\",\"@id\":\"https:\\\/\\\/www.athome.lu\\\/blog\\\/#\\\/schema\\\/person\\\/47f7a38089f837e792876ceddc4cb2dc\",\"name\":\"Fanny Pimentel\",\"image\":{\"@type\":\"ImageObject\",\"inLanguage\":\"en-GB\",\"@id\":\"https:\\\/\\\/secure.gravatar.com\\\/avatar\\\/c60b27b93851dc9503f9cc9150e73dcb0a86ba6150657e5e4b11d988400bc633?s=96&d=mm&r=g\",\"url\":\"https:\\\/\\\/secure.gravatar.com\\\/avatar\\\/c60b27b93851dc9503f9cc9150e73dcb0a86ba6150657e5e4b11d988400bc633?s=96&d=mm&r=g\",\"contentUrl\":\"https:\\\/\\\/secure.gravatar.com\\\/avatar\\\/c60b27b93851dc9503f9cc9150e73dcb0a86ba6150657e5e4b11d988400bc633?s=96&d=mm&r=g\",\"caption\":\"Fanny Pimentel\"}}]}<\/script>\n<!-- \/ Yoast SEO plugin. -->","yoast_head_json":{"title":"Terrace and balcony: how to protect yourself from being overlooked - atHome Blog","description":"It's not always easy to feel alone in the world on your balcony when you live in the city! Our decorative solutions to protect this area, which is often exposed to outside eyes.","robots":{"index":"index","follow":"follow","max-snippet":"max-snippet:-1","max-image-preview":"max-image-preview:large","max-video-preview":"max-video-preview:-1"},"canonical":"https:\/\/www.athome.lu\/blog\/en\/my-home\/decoration-2\/terrace-and-balcony-how-to-protect-yourself-from-the-face\/","og_locale":"en_GB","og_type":"article","og_title":"Terrasse et balcon : comment se prot\u00e9ger du vis-\u00e0-vis - atHome Blog","og_description":"Pas toujours simple de se sentir seul au monde sur son balcon quand on habite en ville ! Nos solutions d\u00e9co pour prot\u00e9ger cette zone souvent expos\u00e9e aux regards ext\u00e9rieurs.","og_url":"https:\/\/www.athome.lu\/blog\/en\/my-home\/decoration-2\/terrace-and-balcony-how-to-protect-yourself-from-the-face\/","og_site_name":"atHome Blog","article_publisher":"https:\/\/www.facebook.com\/atHome.lu\/","article_published_time":"2020-07-14T09:35:00+00:00","article_modified_time":"2022-05-11T09:29:46+00:00","og_image":[{"width":1280,"height":854,"url":"https:\/\/www.athome.lu\/blog\/wp-content\/uploads\/2020\/07\/garden-5394782_1280.jpg","type":"image\/jpeg"}],"author":"Fanny Pimentel","twitter_card":"summary_large_image","twitter_creator":"@athomelu","twitter_site":"@athomelu","twitter_misc":{"Written by":"Fanny Pimentel","Estimated reading time":"2 minutes"},"schema":{"@context":"https:\/\/schema.org","@graph":[{"@type":"Article","@id":"https:\/\/www.athome.lu\/blog\/mon-logement\/meuble-decoration\/terrasse-et-balcon-comment-se-proteger-du-vis-a-vis\/#article","isPartOf":{"@id":"https:\/\/www.athome.lu\/blog\/mon-logement\/meuble-decoration\/terrasse-et-balcon-comment-se-proteger-du-vis-a-vis\/"},"author":{"name":"Fanny Pimentel","@id":"https:\/\/www.athome.lu\/blog\/#\/schema\/person\/47f7a38089f837e792876ceddc4cb2dc"},"headline":"Terrasse et balcon : comment se prot\u00e9ger du vis-\u00e0-vis","datePublished":"2020-07-14T09:35:00+00:00","dateModified":"2022-05-11T09:29:46+00:00","mainEntityOfPage":{"@id":"https:\/\/www.athome.lu\/blog\/mon-logement\/meuble-decoration\/terrasse-et-balcon-comment-se-proteger-du-vis-a-vis\/"},"wordCount":389,"image":{"@id":"https:\/\/www.athome.lu\/blog\/mon-logement\/meuble-decoration\/terrasse-et-balcon-comment-se-proteger-du-vis-a-vis\/#primaryimage"},"thumbnailUrl":"https:\/\/www.athome.lu\/blog\/wp-content\/uploads\/2020\/07\/garden-5394782_1280.jpg","keywords":["Jardin &amp; terrasse"],"articleSection":["Meubler et D\u00e9corer"],"inLanguage":"en-GB"},{"@type":"WebPage","@id":"https:\/\/www.athome.lu\/blog\/mon-logement\/meuble-decoration\/terrasse-et-balcon-comment-se-proteger-du-vis-a-vis\/","url":"https:\/\/www.athome.lu\/blog\/mon-logement\/meuble-decoration\/terrasse-et-balcon-comment-se-proteger-du-vis-a-vis\/","name":"Terrace and balcony: how to protect yourself from being overlooked - atHome Blog","isPartOf":{"@id":"https:\/\/www.athome.lu\/blog\/#website"},"primaryImageOfPage":{"@id":"https:\/\/www.athome.lu\/blog\/mon-logement\/meuble-decoration\/terrasse-et-balcon-comment-se-proteger-du-vis-a-vis\/#primaryimage"},"image":{"@id":"https:\/\/www.athome.lu\/blog\/mon-logement\/meuble-decoration\/terrasse-et-balcon-comment-se-proteger-du-vis-a-vis\/#primaryimage"},"thumbnailUrl":"https:\/\/www.athome.lu\/blog\/wp-content\/uploads\/2020\/07\/garden-5394782_1280.jpg","datePublished":"2020-07-14T09:35:00+00:00","dateModified":"2022-05-11T09:29:46+00:00","author":{"@id":"https:\/\/www.athome.lu\/blog\/#\/schema\/person\/47f7a38089f837e792876ceddc4cb2dc"},"description":"It's not always easy to feel alone in the world on your balcony when you live in the city! Our decorative solutions to protect this area, which is often exposed to outside eyes.","breadcrumb":{"@id":"https:\/\/www.athome.lu\/blog\/mon-logement\/meuble-decoration\/terrasse-et-balcon-comment-se-proteger-du-vis-a-vis\/#breadcrumb"},"inLanguage":"en-GB","potentialAction":[{"@type":"ReadAction","target":["https:\/\/www.athome.lu\/blog\/mon-logement\/meuble-decoration\/terrasse-et-balcon-comment-se-proteger-du-vis-a-vis\/"]}]},{"@type":"ImageObject","inLanguage":"en-GB","@id":"https:\/\/www.athome.lu\/blog\/mon-logement\/meuble-decoration\/terrasse-et-balcon-comment-se-proteger-du-vis-a-vis\/#primaryimage","url":"https:\/\/www.athome.lu\/blog\/wp-content\/uploads\/2020\/07\/garden-5394782_1280.jpg","contentUrl":"https:\/\/www.athome.lu\/blog\/wp-content\/uploads\/2020\/07\/garden-5394782_1280.jpg","width":1280,"height":854},{"@type":"BreadcrumbList","@id":"https:\/\/www.athome.lu\/blog\/mon-logement\/meuble-decoration\/terrasse-et-balcon-comment-se-proteger-du-vis-a-vis\/#breadcrumb","itemListElement":[{"@type":"ListItem","position":1,"name":"Accueil","item":"https:\/\/www.athome.lu\/blog\/"},{"@type":"ListItem","position":2,"name":"Mon logement","item":"https:\/\/www.athome.lu\/blog\/de\/category\/mein-haus\/"},{"@type":"ListItem","position":3,"name":"Meubler et D\u00e9corer","item":"https:\/\/www.athome.lu\/blog\/de\/category\/mein-haus\/deko-mobel\/"},{"@type":"ListItem","position":4,"name":"Terrasse et balcon : comment se prot\u00e9ger du vis-\u00e0-vis"}]},{"@type":"WebSite","@id":"https:\/\/www.athome.lu\/blog\/#website","url":"https:\/\/www.athome.lu\/blog\/","name":"atHome Blog","description":"Real estate ads in Luxembourg. The n\u00b01 real estate portal in Luxembourg.","potentialAction":[{"@type":"SearchAction","target":{"@type":"EntryPoint","urlTemplate":"https:\/\/www.athome.lu\/blog\/?s={search_term_string}"},"query-input":{"@type":"PropertyValueSpecification","valueRequired":true,"valueName":"search_term_string"}}],"inLanguage":"en-GB"},{"@type":"Person","@id":"https:\/\/www.athome.lu\/blog\/#\/schema\/person\/47f7a38089f837e792876ceddc4cb2dc","name":"Fanny Pimentel","image":{"@type":"ImageObject","inLanguage":"en-GB","@id":"https:\/\/secure.gravatar.com\/avatar\/c60b27b93851dc9503f9cc9150e73dcb0a86ba6150657e5e4b11d988400bc633?s=96&d=mm&r=g","url":"https:\/\/secure.gravatar.com\/avatar\/c60b27b93851dc9503f9cc9150e73dcb0a86ba6150657e5e4b11d988400bc633?s=96&d=mm&r=g","contentUrl":"https:\/\/secure.gravatar.com\/avatar\/c60b27b93851dc9503f9cc9150e73dcb0a86ba6150657e5e4b11d988400bc633?s=96&d=mm&r=g","caption":"Fanny Pimentel"}}]}},"featured_media_src_url":"https:\/\/www.athome.lu\/blog\/wp-content\/uploads\/2020\/07\/garden-5394782_1280-1024x683.jpg","_links":{"self":[{"href":"https:\/\/www.athome.lu\/blog\/en\/wp-json\/wp\/v2\/posts\/12908","targetHints":{"allow":["GET"]}}],"collection":[{"href":"https:\/\/www.athome.lu\/blog\/en\/wp-json\/wp\/v2\/posts"}],"about":[{"href":"https:\/\/www.athome.lu\/blog\/en\/wp-json\/wp\/v2\/types\/post"}],"author":[{"embeddable":true,"href":"https:\/\/www.athome.lu\/blog\/en\/wp-json\/wp\/v2\/users\/17"}],"replies":[{"embeddable":true,"href":"https:\/\/www.athome.lu\/blog\/en\/wp-json\/wp\/v2\/comments?post=12908"}],"version-history":[{"count":2,"href":"https:\/\/www.athome.lu\/blog\/en\/wp-json\/wp\/v2\/posts\/12908\/revisions"}],"predecessor-version":[{"id":14959,"href":"https:\/\/www.athome.lu\/blog\/en\/wp-json\/wp\/v2\/posts\/12908\/revisions\/14959"}],"wp:featuredmedia":[{"embeddable":true,"href":"https:\/\/www.athome.lu\/blog\/en\/wp-json\/wp\/v2\/media\/12911"}],"wp:attachment":[{"href":"https:\/\/www.athome.lu\/blog\/en\/wp-json\/wp\/v2\/media?parent=12908"}],"wp:term":[{"taxonomy":"category","embeddable":true,"href":"https:\/\/www.athome.lu\/blog\/en\/wp-json\/wp\/v2\/categories?post=12908"},{"taxonomy":"post_tag","embeddable":true,"href":"https:\/\/www.athome.lu\/blog\/en\/wp-json\/wp\/v2\/tags?post=12908"}],"curies":[{"name":"wp","href":"https:\/\/api.w.org\/{rel}","templated":true}]}}