{"id":12913,"date":"2020-07-30T15:37:36","date_gmt":"2020-07-30T14:37:36","guid":{"rendered":"https:\/\/www.athome.lu\/blog\/?p=12913"},"modified":"2022-05-11T11:29:23","modified_gmt":"2022-05-11T09:29:23","slug":"a-new-housing-pact-2-0-veil","status":"publish","type":"post","link":"https:\/\/www.athome.lu\/blog\/en\/mon-logement\/actualites\/un-nouveau-pacte-logement-2-0-devoile\/","title":{"rendered":"New Housing Pact 2.0 unveiled"},"content":{"rendered":"<p><span class=\"normaltextrun\" style=\"color: #000000;\"><span lang=\"FR\">During the press conference of 30 July 2020, Minister of Housing Henri Kox and Minister of the Interior Taina Bofferding presented the bill that defines the future collaboration between the state and the municipalities in order to stimulate the supply of affordable housing. The bill also includes the introduction of a new rule allowing the public sector to acquire a certain number of affordable dwellings in special \"new neighbourhood\" development plans.<\/span><\/span><\/p>\n\n\n\n<h2 class=\"wp-block-heading\"><span style=\"color: #000000;\"><strong>Ministers Henri Kox and Taina Bofferding present the new Housing Pact&nbsp;<\/strong><\/span><\/h2>\n\n\n\n<p><span style=\"color: #000000;\">On 31 December 2020, the current Housing Pact expires. Since 2017, the Ministry of Housing has been preparing a new support programme for municipalities to further develop the supply of affordable housing. The Ministry of Housing has opted to develop the Housing Pact 2.0 on the basis of a&nbsp;<strong>participatory process with the municipalities<\/strong>.<\/span><\/p>\n\n\n\n<p><span style=\"color: #000000;\">For example, the Ministry of Housing carried out in&nbsp;<strong>2019 six regional interactive workshops<\/strong>&nbsp;The results of these exchanges were presented to the Chamber of Deputies and discussed in a consultation debate. The results of these exchanges were presented to the Chamber of Deputies and were the subject of a consultation debate.<\/span><\/p>\n\n\n\n<p><span style=\"color: #000000;\">Subsequently, the concrete work on the implementation of the draft law for the New Housing Pact was started. On 29 July 2020 the Government Council approved&nbsp;<strong>the draft law of the New Housing Pact<\/strong>.<\/span><\/p>\n\n\n\n<p><span style=\"color: #000000;\">The Housing Pact 2.0 will be in force until 2032 and allows for a new approach to housing policy at the municipal level. The aim is to better support the municipalities as partners of the state in order to increase the supply of housing, to mobilise land potential and to improve residential quality.<\/span><\/p>\n\n\n\n<p><span style=\"color: #000000;\">To that end,&nbsp;<strong>new instruments and mechanisms<\/strong>&nbsp;are introduced:<\/span><\/p>\n\n\n\n<ol class=\"wp-block-list\"><li><span style=\"color: #000000;\"><u>the housing advisor<\/u>This is a service that assists municipalities in the development of a housing strategy and in its implementation;<\/span><\/li><li><span style=\"color: #000000;\"><u>the local action programme - housing<\/u>&nbsp;(PAL), which is a real communal strategy for the promotion of affordable housing that defines the priorities and lists the commune's housing projects;<\/span><\/li><li><span style=\"color: #000000;\"><u>financial support from the State<\/u>This will be directly dependent on the number of affordable homes created and is aimed at the delivery of projects that support the objectives of the Housing Pact.<\/span><\/li><\/ol>\n\n\n\n<p><span style=\"color: #000000;\">\"The municipalities are the privileged partners of the State to create this necessary supply of affordable housing, which is unfortunately lacking today. The Housing Pact 2.0 will be the lever that will contribute to changing the course of housing\", emphasised Housing Minister Henri Kox at the press conference.<\/span><\/p>\n\n\n\n<p><span style=\"color: #000000;\">In order to provide municipalities with an effective means of acquiring affordable housing or land for affordable housing, it is proposed to insert a new Article 29<em>bis<\/em>\u00a0in the amended law of 19 July 2004 on municipal planning and urban development. Indeed, the instrument introduced by the first Housing Pact proved to be ineffective, as many of the dwellings created in this way were sooner or later sold at market prices.<\/span><\/p>\n\n\n<section id=\"section-3-14695\" class=\"ct-section\" ><div class=\"ct-section-inner-wrap\"><div id=\"div_block-4-14695\" class=\"ct-div-block\" ><div id=\"new_columns-7-14695\" class=\"ct-new-columns\" ><div id=\"div_block-8-14695\" class=\"ct-div-block\" ><div id=\"div_block-14-14695\" class=\"ct-div-block\" ><\/div><\/div><div id=\"div_block-9-14695\" class=\"ct-div-block\" ><h1 id=\"headline-11-14695\" class=\"ct-headline\">What are the property prices at the moment?<\/h1><div id=\"text_block-12-14695\" class=\"ct-text-block\" >Prices are slowing down. Interest rates are rising. What are the trends for the coming months?<\/div><a id=\"link_button-13-14695\" class=\"ct-link-button\" href=\"https:\/\/www.athome.lu\/blog\/blog\/marche-immobilier\/prix\/tendances-2022\/\" target=\"_blank\"  >Read the analysis<\/a><\/div><\/div><\/div><\/div><\/section>\n\n\n<p><span style=\"color: #000000;\">The new provision therefore foresees that the land for affordable housing is to be transferred by the developers either to the municipalities or to the state, so that the latter can acquire the housing. The acquisition of a significant number of dwellings by the public sector is indeed essential to increase the supply of affordable housing and to maintain a good social mix in future housing areas.<\/span><\/p>\n\n\n\n<p><span style=\"color: #000000;\">In addition, the provision of affordable housing will be strengthened by the requirement to set aside a significantly higher proportion of land for this purpose. According to the current legislation, only special development plans (SDPs) with more than 25 dwellings must reserve 10% of the built area for housing for affordable housing. The Housing Pact Bill proposes to include smaller SPPs and to provide for a reservation of up to 30% of the larger built area.<\/span><\/p>\n\n\n\n<p><span style=\"color: #000000;\">\"If we want to prevent the social divide from widening in Luxembourg, it is the duty of the public authorities to further develop their own housing stock and to actively intervene in the housing market. The measures of the new Housing Pact will give them the necessary and effective means to do so\", concluded the Minister of the Interior, Taina Bofferding.<\/span><\/p>\n\n\n\n<p><em>Press release Ministry of Housing and Ministry of the Interior<\/em><\/p>","protected":false},"excerpt":{"rendered":"<p>Lors de la conf\u00e9rence de presse du 30 juillet 2020, le ministre du Logement, Henri Kox, et la ministre de l\u2019Int\u00e9rieur, Taina Bofferding, ont pr\u00e9sent\u00e9 le projet de loi d\u00e9finissant la collaboration future entre l\u2019Etat et les communes afin de stimuler l\u2019offre de logements abordables. Le projet de loi pr\u00e9voit \u00e9galement l\u2019introduction d\u2019une nouvelle r\u00e8gle [&hellip;]<\/p>\n","protected":false},"author":17,"featured_media":12914,"comment_status":"closed","ping_status":"closed","sticky":false,"template":"","format":"standard","meta":{"_acf_changed":false,"footnotes":""},"categories":[222],"tags":[],"class_list":["post-12913","post","type-post","status-publish","format-standard","has-post-thumbnail","hentry","category-actualites"],"acf":[],"yoast_head":"<!-- This site is optimized with the Yoast SEO plugin v27.4 - https:\/\/yoast.com\/product\/yoast-seo-wordpress\/ -->\n<title>Un nouveau Pacte Logement 2.0 d\u00e9voil\u00e9 - atHome Blog<\/title>\n<meta name=\"description\" content=\"Lors de la conf\u00e9rence de presse du 30 juillet 2020, le ministre du Logement, Henri Kox, et la ministre de l\u2019Int\u00e9rieur, Taina Bofferding, ont pr\u00e9sent\u00e9 le projet de loi d\u00e9finissant la collaboration future entre l\u2019Etat et les communes afin de stimuler l\u2019offre de logements abordables\" \/>\n<meta name=\"robots\" content=\"index, follow, max-snippet:-1, max-image-preview:large, max-video-preview:-1\" \/>\n<link rel=\"canonical\" href=\"https:\/\/www.athome.lu\/blog\/en\/my-home\/news\/a-new-housing-pact-2-0-veil\/\" \/>\n<meta property=\"og:locale\" content=\"en_GB\" \/>\n<meta property=\"og:type\" content=\"article\" \/>\n<meta property=\"og:title\" content=\"Un nouveau Pacte Logement 2.0 d\u00e9voil\u00e9 - atHome Blog\" \/>\n<meta property=\"og:description\" content=\"Lors de la conf\u00e9rence de presse du 30 juillet 2020, le ministre du Logement, Henri Kox, et la ministre de l\u2019Int\u00e9rieur, Taina Bofferding, ont pr\u00e9sent\u00e9 le projet de loi d\u00e9finissant la collaboration future entre l\u2019Etat et les communes afin de stimuler l\u2019offre de logements abordables\" \/>\n<meta property=\"og:url\" content=\"https:\/\/www.athome.lu\/blog\/en\/my-home\/news\/a-new-housing-pact-2-0-veil\/\" \/>\n<meta property=\"og:site_name\" content=\"atHome Blog\" \/>\n<meta property=\"article:publisher\" content=\"https:\/\/www.facebook.com\/atHome.lu\/\" \/>\n<meta property=\"article:published_time\" content=\"2020-07-30T14:37:36+00:00\" \/>\n<meta property=\"article:modified_time\" content=\"2022-05-11T09:29:23+00:00\" \/>\n<meta property=\"og:image\" content=\"https:\/\/www.athome.lu\/blog\/wp-content\/uploads\/2020\/07\/thumb-xxhdpi.jpg\" \/>\n\t<meta property=\"og:image:width\" content=\"1281\" \/>\n\t<meta property=\"og:image:height\" content=\"905\" \/>\n\t<meta property=\"og:image:type\" content=\"image\/jpeg\" \/>\n<meta name=\"author\" content=\"Fanny Pimentel\" \/>\n<meta name=\"twitter:card\" content=\"summary_large_image\" \/>\n<meta name=\"twitter:creator\" content=\"@athomelu\" \/>\n<meta name=\"twitter:site\" content=\"@athomelu\" \/>\n<meta name=\"twitter:label1\" content=\"Written by\" \/>\n\t<meta name=\"twitter:data1\" content=\"Fanny Pimentel\" \/>\n\t<meta name=\"twitter:label2\" content=\"Estimated reading time\" \/>\n\t<meta name=\"twitter:data2\" content=\"4 minutes\" \/>\n<script type=\"application\/ld+json\" class=\"yoast-schema-graph\">{\"@context\":\"https:\\\/\\\/schema.org\",\"@graph\":[{\"@type\":\"Article\",\"@id\":\"https:\\\/\\\/www.athome.lu\\\/blog\\\/mon-logement\\\/actualites\\\/un-nouveau-pacte-logement-2-0-devoile\\\/#article\",\"isPartOf\":{\"@id\":\"https:\\\/\\\/www.athome.lu\\\/blog\\\/mon-logement\\\/actualites\\\/un-nouveau-pacte-logement-2-0-devoile\\\/\"},\"author\":{\"name\":\"Fanny Pimentel\",\"@id\":\"https:\\\/\\\/www.athome.lu\\\/blog\\\/#\\\/schema\\\/person\\\/47f7a38089f837e792876ceddc4cb2dc\"},\"headline\":\"Un nouveau Pacte Logement 2.0 d\u00e9voil\u00e9\",\"datePublished\":\"2020-07-30T14:37:36+00:00\",\"dateModified\":\"2022-05-11T09:29:23+00:00\",\"mainEntityOfPage\":{\"@id\":\"https:\\\/\\\/www.athome.lu\\\/blog\\\/mon-logement\\\/actualites\\\/un-nouveau-pacte-logement-2-0-devoile\\\/\"},\"wordCount\":886,\"image\":{\"@id\":\"https:\\\/\\\/www.athome.lu\\\/blog\\\/mon-logement\\\/actualites\\\/un-nouveau-pacte-logement-2-0-devoile\\\/#primaryimage\"},\"thumbnailUrl\":\"https:\\\/\\\/www.athome.lu\\\/blog\\\/wp-content\\\/uploads\\\/2020\\\/07\\\/thumb-xxhdpi.jpg\",\"articleSection\":[\"Actualit\u00e9s\"],\"inLanguage\":\"en-GB\"},{\"@type\":\"WebPage\",\"@id\":\"https:\\\/\\\/www.athome.lu\\\/blog\\\/mon-logement\\\/actualites\\\/un-nouveau-pacte-logement-2-0-devoile\\\/\",\"url\":\"https:\\\/\\\/www.athome.lu\\\/blog\\\/mon-logement\\\/actualites\\\/un-nouveau-pacte-logement-2-0-devoile\\\/\",\"name\":\"Un nouveau Pacte Logement 2.0 d\u00e9voil\u00e9 - atHome Blog\",\"isPartOf\":{\"@id\":\"https:\\\/\\\/www.athome.lu\\\/blog\\\/#website\"},\"primaryImageOfPage\":{\"@id\":\"https:\\\/\\\/www.athome.lu\\\/blog\\\/mon-logement\\\/actualites\\\/un-nouveau-pacte-logement-2-0-devoile\\\/#primaryimage\"},\"image\":{\"@id\":\"https:\\\/\\\/www.athome.lu\\\/blog\\\/mon-logement\\\/actualites\\\/un-nouveau-pacte-logement-2-0-devoile\\\/#primaryimage\"},\"thumbnailUrl\":\"https:\\\/\\\/www.athome.lu\\\/blog\\\/wp-content\\\/uploads\\\/2020\\\/07\\\/thumb-xxhdpi.jpg\",\"datePublished\":\"2020-07-30T14:37:36+00:00\",\"dateModified\":\"2022-05-11T09:29:23+00:00\",\"author\":{\"@id\":\"https:\\\/\\\/www.athome.lu\\\/blog\\\/#\\\/schema\\\/person\\\/47f7a38089f837e792876ceddc4cb2dc\"},\"description\":\"Lors de la conf\u00e9rence de presse du 30 juillet 2020, le ministre du Logement, Henri Kox, et la ministre de l\u2019Int\u00e9rieur, Taina Bofferding, ont pr\u00e9sent\u00e9 le projet de loi d\u00e9finissant la collaboration future entre l\u2019Etat et les communes afin de stimuler l\u2019offre de logements abordables\",\"breadcrumb\":{\"@id\":\"https:\\\/\\\/www.athome.lu\\\/blog\\\/mon-logement\\\/actualites\\\/un-nouveau-pacte-logement-2-0-devoile\\\/#breadcrumb\"},\"inLanguage\":\"en-GB\",\"potentialAction\":[{\"@type\":\"ReadAction\",\"target\":[\"https:\\\/\\\/www.athome.lu\\\/blog\\\/mon-logement\\\/actualites\\\/un-nouveau-pacte-logement-2-0-devoile\\\/\"]}]},{\"@type\":\"ImageObject\",\"inLanguage\":\"en-GB\",\"@id\":\"https:\\\/\\\/www.athome.lu\\\/blog\\\/mon-logement\\\/actualites\\\/un-nouveau-pacte-logement-2-0-devoile\\\/#primaryimage\",\"url\":\"https:\\\/\\\/www.athome.lu\\\/blog\\\/wp-content\\\/uploads\\\/2020\\\/07\\\/thumb-xxhdpi.jpg\",\"contentUrl\":\"https:\\\/\\\/www.athome.lu\\\/blog\\\/wp-content\\\/uploads\\\/2020\\\/07\\\/thumb-xxhdpi.jpg\",\"width\":1281,\"height\":905,\"caption\":\"Cr\u00e9dit photo : Minist\u00e8re du Logement\"},{\"@type\":\"BreadcrumbList\",\"@id\":\"https:\\\/\\\/www.athome.lu\\\/blog\\\/mon-logement\\\/actualites\\\/un-nouveau-pacte-logement-2-0-devoile\\\/#breadcrumb\",\"itemListElement\":[{\"@type\":\"ListItem\",\"position\":1,\"name\":\"Accueil\",\"item\":\"https:\\\/\\\/www.athome.lu\\\/blog\\\/\"},{\"@type\":\"ListItem\",\"position\":2,\"name\":\"Mon logement\",\"item\":\"https:\\\/\\\/www.athome.lu\\\/blog\\\/de\\\/category\\\/mein-haus\\\/\"},{\"@type\":\"ListItem\",\"position\":3,\"name\":\"Actualit\u00e9s\",\"item\":\"https:\\\/\\\/www.athome.lu\\\/blog\\\/en\\\/category\\\/my-home\\\/news\\\/\"},{\"@type\":\"ListItem\",\"position\":4,\"name\":\"Un nouveau Pacte Logement 2.0 d\u00e9voil\u00e9\"}]},{\"@type\":\"WebSite\",\"@id\":\"https:\\\/\\\/www.athome.lu\\\/blog\\\/#website\",\"url\":\"https:\\\/\\\/www.athome.lu\\\/blog\\\/\",\"name\":\"atHome Blog\",\"description\":\"Annonces immobili\u00e8res au Luxembourg. Le portail immobilier n\u00b01 au Luxembourg.\",\"potentialAction\":[{\"@type\":\"SearchAction\",\"target\":{\"@type\":\"EntryPoint\",\"urlTemplate\":\"https:\\\/\\\/www.athome.lu\\\/blog\\\/?s={search_term_string}\"},\"query-input\":{\"@type\":\"PropertyValueSpecification\",\"valueRequired\":true,\"valueName\":\"search_term_string\"}}],\"inLanguage\":\"en-GB\"},{\"@type\":\"Person\",\"@id\":\"https:\\\/\\\/www.athome.lu\\\/blog\\\/#\\\/schema\\\/person\\\/47f7a38089f837e792876ceddc4cb2dc\",\"name\":\"Fanny Pimentel\",\"image\":{\"@type\":\"ImageObject\",\"inLanguage\":\"en-GB\",\"@id\":\"https:\\\/\\\/secure.gravatar.com\\\/avatar\\\/c60b27b93851dc9503f9cc9150e73dcb0a86ba6150657e5e4b11d988400bc633?s=96&d=mm&r=g\",\"url\":\"https:\\\/\\\/secure.gravatar.com\\\/avatar\\\/c60b27b93851dc9503f9cc9150e73dcb0a86ba6150657e5e4b11d988400bc633?s=96&d=mm&r=g\",\"contentUrl\":\"https:\\\/\\\/secure.gravatar.com\\\/avatar\\\/c60b27b93851dc9503f9cc9150e73dcb0a86ba6150657e5e4b11d988400bc633?s=96&d=mm&r=g\",\"caption\":\"Fanny Pimentel\"}}]}<\/script>\n<!-- \/ Yoast SEO plugin. -->","yoast_head_json":{"title":"New Housing Pact 2.0 unveiled - atHome Blog","description":"During the press conference of 30 July 2020, Minister of Housing Henri Kox and Minister of the Interior Taina Bofferding presented the draft law defining the future collaboration between the State and the municipalities in order to stimulate the supply of affordable housing","robots":{"index":"index","follow":"follow","max-snippet":"max-snippet:-1","max-image-preview":"max-image-preview:large","max-video-preview":"max-video-preview:-1"},"canonical":"https:\/\/www.athome.lu\/blog\/en\/my-home\/news\/a-new-housing-pact-2-0-veil\/","og_locale":"en_GB","og_type":"article","og_title":"Un nouveau Pacte Logement 2.0 d\u00e9voil\u00e9 - atHome Blog","og_description":"Lors de la conf\u00e9rence de presse du 30 juillet 2020, le ministre du Logement, Henri Kox, et la ministre de l\u2019Int\u00e9rieur, Taina Bofferding, ont pr\u00e9sent\u00e9 le projet de loi d\u00e9finissant la collaboration future entre l\u2019Etat et les communes afin de stimuler l\u2019offre de logements abordables","og_url":"https:\/\/www.athome.lu\/blog\/en\/my-home\/news\/a-new-housing-pact-2-0-veil\/","og_site_name":"atHome Blog","article_publisher":"https:\/\/www.facebook.com\/atHome.lu\/","article_published_time":"2020-07-30T14:37:36+00:00","article_modified_time":"2022-05-11T09:29:23+00:00","og_image":[{"width":1281,"height":905,"url":"https:\/\/www.athome.lu\/blog\/wp-content\/uploads\/2020\/07\/thumb-xxhdpi.jpg","type":"image\/jpeg"}],"author":"Fanny Pimentel","twitter_card":"summary_large_image","twitter_creator":"@athomelu","twitter_site":"@athomelu","twitter_misc":{"Written by":"Fanny Pimentel","Estimated reading time":"4 minutes"},"schema":{"@context":"https:\/\/schema.org","@graph":[{"@type":"Article","@id":"https:\/\/www.athome.lu\/blog\/mon-logement\/actualites\/un-nouveau-pacte-logement-2-0-devoile\/#article","isPartOf":{"@id":"https:\/\/www.athome.lu\/blog\/mon-logement\/actualites\/un-nouveau-pacte-logement-2-0-devoile\/"},"author":{"name":"Fanny Pimentel","@id":"https:\/\/www.athome.lu\/blog\/#\/schema\/person\/47f7a38089f837e792876ceddc4cb2dc"},"headline":"Un nouveau Pacte Logement 2.0 d\u00e9voil\u00e9","datePublished":"2020-07-30T14:37:36+00:00","dateModified":"2022-05-11T09:29:23+00:00","mainEntityOfPage":{"@id":"https:\/\/www.athome.lu\/blog\/mon-logement\/actualites\/un-nouveau-pacte-logement-2-0-devoile\/"},"wordCount":886,"image":{"@id":"https:\/\/www.athome.lu\/blog\/mon-logement\/actualites\/un-nouveau-pacte-logement-2-0-devoile\/#primaryimage"},"thumbnailUrl":"https:\/\/www.athome.lu\/blog\/wp-content\/uploads\/2020\/07\/thumb-xxhdpi.jpg","articleSection":["Actualit\u00e9s"],"inLanguage":"en-GB"},{"@type":"WebPage","@id":"https:\/\/www.athome.lu\/blog\/mon-logement\/actualites\/un-nouveau-pacte-logement-2-0-devoile\/","url":"https:\/\/www.athome.lu\/blog\/mon-logement\/actualites\/un-nouveau-pacte-logement-2-0-devoile\/","name":"New Housing Pact 2.0 unveiled - atHome Blog","isPartOf":{"@id":"https:\/\/www.athome.lu\/blog\/#website"},"primaryImageOfPage":{"@id":"https:\/\/www.athome.lu\/blog\/mon-logement\/actualites\/un-nouveau-pacte-logement-2-0-devoile\/#primaryimage"},"image":{"@id":"https:\/\/www.athome.lu\/blog\/mon-logement\/actualites\/un-nouveau-pacte-logement-2-0-devoile\/#primaryimage"},"thumbnailUrl":"https:\/\/www.athome.lu\/blog\/wp-content\/uploads\/2020\/07\/thumb-xxhdpi.jpg","datePublished":"2020-07-30T14:37:36+00:00","dateModified":"2022-05-11T09:29:23+00:00","author":{"@id":"https:\/\/www.athome.lu\/blog\/#\/schema\/person\/47f7a38089f837e792876ceddc4cb2dc"},"description":"During the press conference of 30 July 2020, Minister of Housing Henri Kox and Minister of the Interior Taina Bofferding presented the draft law defining the future collaboration between the State and the municipalities in order to stimulate the supply of affordable housing","breadcrumb":{"@id":"https:\/\/www.athome.lu\/blog\/mon-logement\/actualites\/un-nouveau-pacte-logement-2-0-devoile\/#breadcrumb"},"inLanguage":"en-GB","potentialAction":[{"@type":"ReadAction","target":["https:\/\/www.athome.lu\/blog\/mon-logement\/actualites\/un-nouveau-pacte-logement-2-0-devoile\/"]}]},{"@type":"ImageObject","inLanguage":"en-GB","@id":"https:\/\/www.athome.lu\/blog\/mon-logement\/actualites\/un-nouveau-pacte-logement-2-0-devoile\/#primaryimage","url":"https:\/\/www.athome.lu\/blog\/wp-content\/uploads\/2020\/07\/thumb-xxhdpi.jpg","contentUrl":"https:\/\/www.athome.lu\/blog\/wp-content\/uploads\/2020\/07\/thumb-xxhdpi.jpg","width":1281,"height":905,"caption":"Cr\u00e9dit photo : Minist\u00e8re du Logement"},{"@type":"BreadcrumbList","@id":"https:\/\/www.athome.lu\/blog\/mon-logement\/actualites\/un-nouveau-pacte-logement-2-0-devoile\/#breadcrumb","itemListElement":[{"@type":"ListItem","position":1,"name":"Accueil","item":"https:\/\/www.athome.lu\/blog\/"},{"@type":"ListItem","position":2,"name":"Mon logement","item":"https:\/\/www.athome.lu\/blog\/de\/category\/mein-haus\/"},{"@type":"ListItem","position":3,"name":"Actualit\u00e9s","item":"https:\/\/www.athome.lu\/blog\/en\/category\/my-home\/news\/"},{"@type":"ListItem","position":4,"name":"Un nouveau Pacte Logement 2.0 d\u00e9voil\u00e9"}]},{"@type":"WebSite","@id":"https:\/\/www.athome.lu\/blog\/#website","url":"https:\/\/www.athome.lu\/blog\/","name":"atHome Blog","description":"Real estate ads in Luxembourg. The n\u00b01 real estate portal in Luxembourg.","potentialAction":[{"@type":"SearchAction","target":{"@type":"EntryPoint","urlTemplate":"https:\/\/www.athome.lu\/blog\/?s={search_term_string}"},"query-input":{"@type":"PropertyValueSpecification","valueRequired":true,"valueName":"search_term_string"}}],"inLanguage":"en-GB"},{"@type":"Person","@id":"https:\/\/www.athome.lu\/blog\/#\/schema\/person\/47f7a38089f837e792876ceddc4cb2dc","name":"Fanny Pimentel","image":{"@type":"ImageObject","inLanguage":"en-GB","@id":"https:\/\/secure.gravatar.com\/avatar\/c60b27b93851dc9503f9cc9150e73dcb0a86ba6150657e5e4b11d988400bc633?s=96&d=mm&r=g","url":"https:\/\/secure.gravatar.com\/avatar\/c60b27b93851dc9503f9cc9150e73dcb0a86ba6150657e5e4b11d988400bc633?s=96&d=mm&r=g","contentUrl":"https:\/\/secure.gravatar.com\/avatar\/c60b27b93851dc9503f9cc9150e73dcb0a86ba6150657e5e4b11d988400bc633?s=96&d=mm&r=g","caption":"Fanny Pimentel"}}]}},"featured_media_src_url":"https:\/\/www.athome.lu\/blog\/wp-content\/uploads\/2020\/07\/thumb-xxhdpi-1024x723.jpg","_links":{"self":[{"href":"https:\/\/www.athome.lu\/blog\/en\/wp-json\/wp\/v2\/posts\/12913","targetHints":{"allow":["GET"]}}],"collection":[{"href":"https:\/\/www.athome.lu\/blog\/en\/wp-json\/wp\/v2\/posts"}],"about":[{"href":"https:\/\/www.athome.lu\/blog\/en\/wp-json\/wp\/v2\/types\/post"}],"author":[{"embeddable":true,"href":"https:\/\/www.athome.lu\/blog\/en\/wp-json\/wp\/v2\/users\/17"}],"replies":[{"embeddable":true,"href":"https:\/\/www.athome.lu\/blog\/en\/wp-json\/wp\/v2\/comments?post=12913"}],"version-history":[{"count":2,"href":"https:\/\/www.athome.lu\/blog\/en\/wp-json\/wp\/v2\/posts\/12913\/revisions"}],"predecessor-version":[{"id":14958,"href":"https:\/\/www.athome.lu\/blog\/en\/wp-json\/wp\/v2\/posts\/12913\/revisions\/14958"}],"wp:featuredmedia":[{"embeddable":true,"href":"https:\/\/www.athome.lu\/blog\/en\/wp-json\/wp\/v2\/media\/12914"}],"wp:attachment":[{"href":"https:\/\/www.athome.lu\/blog\/en\/wp-json\/wp\/v2\/media?parent=12913"}],"wp:term":[{"taxonomy":"category","embeddable":true,"href":"https:\/\/www.athome.lu\/blog\/en\/wp-json\/wp\/v2\/categories?post=12913"},{"taxonomy":"post_tag","embeddable":true,"href":"https:\/\/www.athome.lu\/blog\/en\/wp-json\/wp\/v2\/tags?post=12913"}],"curies":[{"name":"wp","href":"https:\/\/api.w.org\/{rel}","templated":true}]}}