{"id":13217,"date":"2021-02-18T13:58:57","date_gmt":"2021-02-18T12:58:57","guid":{"rendered":"https:\/\/www.athome.lu\/blog\/?p=13217"},"modified":"2022-05-11T11:13:31","modified_gmt":"2022-05-11T09:13:31","slug":"the-testimony-of-joan-sara","status":"publish","type":"post","link":"https:\/\/www.athome.lu\/blog\/en\/acheter\/pret-immobilier\/le-temoignage-de-joan-sara\/","title":{"rendered":"Joan &amp; Sara's testimony"},"content":{"rendered":"<p><span style=\"color: #000000;\">The most common 1TP4 loan? You need a large budget to become a homeowner in Luxembourg. Each week, discover the testimonies of our atHomeFinance customers who became homeowners with a small budget.<\/span><\/p>\n<p><img loading=\"lazy\" decoding=\"async\" class=\"alignnone size-medium\" src=\"https:\/\/media.giphy.com\/media\/wKKnvfqzNOzo3Q3TwY\/giphy.gif\" width=\"480\" height=\"332\"><\/p>\n<h4><span style=\"color: #333333;\">Was this your first purchase and did you buy alone or as a couple?<\/span><\/h4>\n<p><strong><span style=\"color: #000000;\">\"Yes, this is our first purchase, and we did it as a couple.\"<\/span><\/strong><\/p>\n<h4><span style=\"color: #333333;\"><br \/>\nWhat was your approximate monthly salary (combined if purchased as a couple) at the time of purchase?<\/span><\/h4>\n<p><strong><span style=\"color: #000000;\">\"About 5200 euros net for two, but with a 600 euro loan to pay back so more like 4600.\"<\/span><\/strong><\/p>\n<h4><span style=\"color: #333333;\"><br \/>\nHow much did you buy your property for?<\/span><\/h4>\n<p><strong><span style=\"color: #000000;\">\"650,000 flat + 55,000 parking (+20,000 euro kitchen budget).<\/span><\/strong><\/p>\n<h4><span style=\"color: #333333;\"><br \/>\nWhat was the date of purchase?<\/span><\/h4>\n<p><strong><span style=\"color: #000000;\">\"Notary signature May 2020, loan signature January 2020.\"<\/span><\/strong><\/p>\n<h4><span style=\"color: #333333;\"><br \/>\nDid you negotiate?<\/span><\/h4>\n<p><strong><span style=\"color: #000000;\">\"No, it's new.\"<\/span><\/strong><\/p>\n<h4><img loading=\"lazy\" decoding=\"async\" class=\"alignnone size-medium\" src=\"https:\/\/media.giphy.com\/media\/xT5LMyJumn03ezhDvW\/giphy.gif\" width=\"480\" height=\"362\"><\/h4>\n<h4><span style=\"color: #333333;\"><br \/>\nHave you chosen a fixed or variable rate?<\/span><\/h4>\n<p><strong><span style=\"color: #000000;\">\"A mixture of both, 10 years fixed rate and then 20 years variable rate.\"<\/span><\/strong><\/p>\n<h4><span style=\"color: #333333;\"><br \/>\nOver how many years will you repay your loan and how much are your monthly payments?<\/span><\/h4>\n<p><strong><span style=\"color: #000000;\">\"2450\u20ac excluding insurance for 30 years.\"<\/span><\/strong><\/p>\n<h4><span style=\"color: #333333;\"><br \/>\nWhat does your property look like?<\/span><\/h4>\n<p><strong><span style=\"color: #000000;\">\"Apartment of 62m2 on plan, 1 master bedroom with dressing room and bathroom, living room and separate wc. Cellar and parking.\"<\/span><\/strong><\/p>\n<h4><span style=\"color: #333333;\"><br \/>\nHave you done or planned any work?<\/span><\/h4>\n<p><strong><span style=\"color: #000000;\">\"As it's new we have a choice of everything, no need for work :)\"<\/span><\/strong><\/p>\n<h4><span style=\"color: #333333;\"><br \/>\nHow long did it take from the time I contacted atHome Finance to the time I signed for your property?<\/span><\/h4>\n<p><strong><span style=\"color: #000000;\">\"We first carried out a borrowing capacity test in October to define the budget and found a property in December by chance. The broker already had all the information so the file was put together very quickly. As it was an off-plan purchase we had paid money to block the reservation contract and had a very short deadline to find a bank but fortunately the broker was very reactive.\"<\/span><\/strong><\/p>\n<h4><span style=\"color: #333333;\"><br \/>\nDo you have any feedback on your experience with atHome Finance?<\/span><\/h4>\n<p><strong><span style=\"color: #000000;\">\"I think that without this service we would never have been able to buy this property. The property was above our estimated budget and the broker was able to put forward our profile and our stable situation to obtain the loan. Today we have absolutely no regrets about our purchase and if we had to repeat the experience we would contact atHomeFinance without hesitation.<\/span><\/strong><\/p>","protected":false},"excerpt":{"rendered":"<p>Le #pr\u00eatjug\u00e9 le plus r\u00e9pandu ? Il faut un budget cons\u00e9quent pour devenir propri\u00e9taire au Luxembourg. Chaque semaine, d\u00e9couvrez le t\u00e9moignage de nos clients atHomeFinance qui sont devenus propri\u00e9taires avec un petit budget. Etait-ce votre premier achat et avez-vous achet\u00e9 seul(e) ou en couple ? \"Oui, c'est notre premier achat, et nous l'avons r\u00e9alis\u00e9 en [&hellip;]<\/p>\n","protected":false},"author":17,"featured_media":13218,"comment_status":"closed","ping_status":"closed","sticky":false,"template":"","format":"standard","meta":{"_acf_changed":false,"footnotes":""},"categories":[207],"tags":[144,146,147,145],"class_list":["post-13217","post","type-post","status-publish","format-standard","has-post-thumbnail","hentry","category-pret-immobilier","tag-capacite-demprunt","tag-prejuge","tag-pretjuge","tag-temoignage"],"acf":[],"yoast_head":"<!-- This site is optimized with the Yoast SEO plugin v27.4 - https:\/\/yoast.com\/product\/yoast-seo-wordpress\/ -->\n<title>Le t\u00e9moignage de Joan &amp; Sara - atHome Blog<\/title>\n<meta name=\"robots\" content=\"index, follow, max-snippet:-1, max-image-preview:large, max-video-preview:-1\" \/>\n<link rel=\"canonical\" href=\"https:\/\/www.athome.lu\/blog\/en\/buy\/home-loan\/the-testimony-of-joan-sara\/\" \/>\n<meta property=\"og:locale\" content=\"en_GB\" \/>\n<meta property=\"og:type\" content=\"article\" \/>\n<meta property=\"og:title\" content=\"Le t\u00e9moignage de Joan &amp; Sara - atHome Blog\" \/>\n<meta property=\"og:description\" content=\"Le #pr\u00eatjug\u00e9 le plus r\u00e9pandu ? Il faut un budget cons\u00e9quent pour devenir propri\u00e9taire au Luxembourg. Chaque semaine, d\u00e9couvrez le t\u00e9moignage de nos clients atHomeFinance qui sont devenus propri\u00e9taires avec un petit budget. Etait-ce votre premier achat et avez-vous achet\u00e9 seul(e) ou en couple ? &quot;Oui, c&#039;est notre premier achat, et nous l&#039;avons r\u00e9alis\u00e9 en [&hellip;]\" \/>\n<meta property=\"og:url\" content=\"https:\/\/www.athome.lu\/blog\/en\/buy\/home-loan\/the-testimony-of-joan-sara\/\" \/>\n<meta property=\"og:site_name\" content=\"atHome Blog\" \/>\n<meta property=\"article:publisher\" content=\"https:\/\/www.facebook.com\/atHome.lu\/\" \/>\n<meta property=\"article:published_time\" content=\"2021-02-18T12:58:57+00:00\" \/>\n<meta property=\"article:modified_time\" content=\"2022-05-11T09:13:31+00:00\" \/>\n<meta property=\"og:image\" content=\"https:\/\/www.athome.lu\/blog\/wp-content\/uploads\/2021\/02\/maria-ziegler-jJnZg7vBfMs-unsplash-scaled.jpg\" \/>\n\t<meta property=\"og:image:width\" content=\"2560\" \/>\n\t<meta property=\"og:image:height\" content=\"1922\" \/>\n\t<meta property=\"og:image:type\" content=\"image\/jpeg\" \/>\n<meta name=\"author\" content=\"Fanny Pimentel\" \/>\n<meta name=\"twitter:card\" content=\"summary_large_image\" \/>\n<meta name=\"twitter:creator\" content=\"@athomelu\" \/>\n<meta name=\"twitter:site\" content=\"@athomelu\" \/>\n<meta name=\"twitter:label1\" content=\"Written by\" \/>\n\t<meta name=\"twitter:data1\" content=\"Fanny Pimentel\" \/>\n\t<meta name=\"twitter:label2\" content=\"Estimated reading time\" \/>\n\t<meta name=\"twitter:data2\" content=\"3 minutes\" \/>\n<script type=\"application\/ld+json\" class=\"yoast-schema-graph\">{\"@context\":\"https:\\\/\\\/schema.org\",\"@graph\":[{\"@type\":\"Article\",\"@id\":\"https:\\\/\\\/www.athome.lu\\\/blog\\\/acheter\\\/pret-immobilier\\\/le-temoignage-de-joan-sara\\\/#article\",\"isPartOf\":{\"@id\":\"https:\\\/\\\/www.athome.lu\\\/blog\\\/acheter\\\/pret-immobilier\\\/le-temoignage-de-joan-sara\\\/\"},\"author\":{\"name\":\"Fanny Pimentel\",\"@id\":\"https:\\\/\\\/www.athome.lu\\\/blog\\\/#\\\/schema\\\/person\\\/47f7a38089f837e792876ceddc4cb2dc\"},\"headline\":\"Le t\u00e9moignage de Joan &#038; Sara\",\"datePublished\":\"2021-02-18T12:58:57+00:00\",\"dateModified\":\"2022-05-11T09:13:31+00:00\",\"mainEntityOfPage\":{\"@id\":\"https:\\\/\\\/www.athome.lu\\\/blog\\\/acheter\\\/pret-immobilier\\\/le-temoignage-de-joan-sara\\\/\"},\"wordCount\":410,\"image\":{\"@id\":\"https:\\\/\\\/www.athome.lu\\\/blog\\\/acheter\\\/pret-immobilier\\\/le-temoignage-de-joan-sara\\\/#primaryimage\"},\"thumbnailUrl\":\"https:\\\/\\\/www.athome.lu\\\/blog\\\/wp-content\\\/uploads\\\/2021\\\/02\\\/maria-ziegler-jJnZg7vBfMs-unsplash-scaled.jpg\",\"keywords\":[\"capacit\u00e9 d'emprunt\",\"pr\u00e9jug\u00e9\",\"pr\u00eatjug\u00e9\",\"t\u00e9moignage\"],\"articleSection\":[\"Pr\u00eat Immobilier\"],\"inLanguage\":\"en-GB\"},{\"@type\":\"WebPage\",\"@id\":\"https:\\\/\\\/www.athome.lu\\\/blog\\\/acheter\\\/pret-immobilier\\\/le-temoignage-de-joan-sara\\\/\",\"url\":\"https:\\\/\\\/www.athome.lu\\\/blog\\\/acheter\\\/pret-immobilier\\\/le-temoignage-de-joan-sara\\\/\",\"name\":\"Le t\u00e9moignage de Joan & Sara - atHome Blog\",\"isPartOf\":{\"@id\":\"https:\\\/\\\/www.athome.lu\\\/blog\\\/#website\"},\"primaryImageOfPage\":{\"@id\":\"https:\\\/\\\/www.athome.lu\\\/blog\\\/acheter\\\/pret-immobilier\\\/le-temoignage-de-joan-sara\\\/#primaryimage\"},\"image\":{\"@id\":\"https:\\\/\\\/www.athome.lu\\\/blog\\\/acheter\\\/pret-immobilier\\\/le-temoignage-de-joan-sara\\\/#primaryimage\"},\"thumbnailUrl\":\"https:\\\/\\\/www.athome.lu\\\/blog\\\/wp-content\\\/uploads\\\/2021\\\/02\\\/maria-ziegler-jJnZg7vBfMs-unsplash-scaled.jpg\",\"datePublished\":\"2021-02-18T12:58:57+00:00\",\"dateModified\":\"2022-05-11T09:13:31+00:00\",\"author\":{\"@id\":\"https:\\\/\\\/www.athome.lu\\\/blog\\\/#\\\/schema\\\/person\\\/47f7a38089f837e792876ceddc4cb2dc\"},\"breadcrumb\":{\"@id\":\"https:\\\/\\\/www.athome.lu\\\/blog\\\/acheter\\\/pret-immobilier\\\/le-temoignage-de-joan-sara\\\/#breadcrumb\"},\"inLanguage\":\"en-GB\",\"potentialAction\":[{\"@type\":\"ReadAction\",\"target\":[\"https:\\\/\\\/www.athome.lu\\\/blog\\\/acheter\\\/pret-immobilier\\\/le-temoignage-de-joan-sara\\\/\"]}]},{\"@type\":\"ImageObject\",\"inLanguage\":\"en-GB\",\"@id\":\"https:\\\/\\\/www.athome.lu\\\/blog\\\/acheter\\\/pret-immobilier\\\/le-temoignage-de-joan-sara\\\/#primaryimage\",\"url\":\"https:\\\/\\\/www.athome.lu\\\/blog\\\/wp-content\\\/uploads\\\/2021\\\/02\\\/maria-ziegler-jJnZg7vBfMs-unsplash-scaled.jpg\",\"contentUrl\":\"https:\\\/\\\/www.athome.lu\\\/blog\\\/wp-content\\\/uploads\\\/2021\\\/02\\\/maria-ziegler-jJnZg7vBfMs-unsplash-scaled.jpg\",\"width\":2560,\"height\":1922},{\"@type\":\"BreadcrumbList\",\"@id\":\"https:\\\/\\\/www.athome.lu\\\/blog\\\/acheter\\\/pret-immobilier\\\/le-temoignage-de-joan-sara\\\/#breadcrumb\",\"itemListElement\":[{\"@type\":\"ListItem\",\"position\":1,\"name\":\"Accueil\",\"item\":\"https:\\\/\\\/www.athome.lu\\\/blog\\\/\"},{\"@type\":\"ListItem\",\"position\":2,\"name\":\"Acheter\",\"item\":\"https:\\\/\\\/www.athome.lu\\\/blog\\\/en\\\/category\\\/buy\\\/\"},{\"@type\":\"ListItem\",\"position\":3,\"name\":\"Pr\u00eat Immobilier\",\"item\":\"https:\\\/\\\/www.athome.lu\\\/blog\\\/en\\\/category\\\/buy\\\/home-loan\\\/\"},{\"@type\":\"ListItem\",\"position\":4,\"name\":\"Le t\u00e9moignage de Joan &#038; Sara\"}]},{\"@type\":\"WebSite\",\"@id\":\"https:\\\/\\\/www.athome.lu\\\/blog\\\/#website\",\"url\":\"https:\\\/\\\/www.athome.lu\\\/blog\\\/\",\"name\":\"atHome Blog\",\"description\":\"Annonces immobili\u00e8res au Luxembourg. Le portail immobilier n\u00b01 au Luxembourg.\",\"potentialAction\":[{\"@type\":\"SearchAction\",\"target\":{\"@type\":\"EntryPoint\",\"urlTemplate\":\"https:\\\/\\\/www.athome.lu\\\/blog\\\/?s={search_term_string}\"},\"query-input\":{\"@type\":\"PropertyValueSpecification\",\"valueRequired\":true,\"valueName\":\"search_term_string\"}}],\"inLanguage\":\"en-GB\"},{\"@type\":\"Person\",\"@id\":\"https:\\\/\\\/www.athome.lu\\\/blog\\\/#\\\/schema\\\/person\\\/47f7a38089f837e792876ceddc4cb2dc\",\"name\":\"Fanny Pimentel\",\"image\":{\"@type\":\"ImageObject\",\"inLanguage\":\"en-GB\",\"@id\":\"https:\\\/\\\/secure.gravatar.com\\\/avatar\\\/c60b27b93851dc9503f9cc9150e73dcb0a86ba6150657e5e4b11d988400bc633?s=96&d=mm&r=g\",\"url\":\"https:\\\/\\\/secure.gravatar.com\\\/avatar\\\/c60b27b93851dc9503f9cc9150e73dcb0a86ba6150657e5e4b11d988400bc633?s=96&d=mm&r=g\",\"contentUrl\":\"https:\\\/\\\/secure.gravatar.com\\\/avatar\\\/c60b27b93851dc9503f9cc9150e73dcb0a86ba6150657e5e4b11d988400bc633?s=96&d=mm&r=g\",\"caption\":\"Fanny Pimentel\"}}]}<\/script>\n<!-- \/ Yoast SEO plugin. -->","yoast_head_json":{"title":"Joan &amp; Sara's testimony - atHome Blog","robots":{"index":"index","follow":"follow","max-snippet":"max-snippet:-1","max-image-preview":"max-image-preview:large","max-video-preview":"max-video-preview:-1"},"canonical":"https:\/\/www.athome.lu\/blog\/en\/buy\/home-loan\/the-testimony-of-joan-sara\/","og_locale":"en_GB","og_type":"article","og_title":"Le t\u00e9moignage de Joan & Sara - atHome Blog","og_description":"Le #pr\u00eatjug\u00e9 le plus r\u00e9pandu ? Il faut un budget cons\u00e9quent pour devenir propri\u00e9taire au Luxembourg. Chaque semaine, d\u00e9couvrez le t\u00e9moignage de nos clients atHomeFinance qui sont devenus propri\u00e9taires avec un petit budget. Etait-ce votre premier achat et avez-vous achet\u00e9 seul(e) ou en couple ? \"Oui, c'est notre premier achat, et nous l'avons r\u00e9alis\u00e9 en [&hellip;]","og_url":"https:\/\/www.athome.lu\/blog\/en\/buy\/home-loan\/the-testimony-of-joan-sara\/","og_site_name":"atHome Blog","article_publisher":"https:\/\/www.facebook.com\/atHome.lu\/","article_published_time":"2021-02-18T12:58:57+00:00","article_modified_time":"2022-05-11T09:13:31+00:00","og_image":[{"width":2560,"height":1922,"url":"https:\/\/www.athome.lu\/blog\/wp-content\/uploads\/2021\/02\/maria-ziegler-jJnZg7vBfMs-unsplash-scaled.jpg","type":"image\/jpeg"}],"author":"Fanny Pimentel","twitter_card":"summary_large_image","twitter_creator":"@athomelu","twitter_site":"@athomelu","twitter_misc":{"Written by":"Fanny Pimentel","Estimated reading time":"3 minutes"},"schema":{"@context":"https:\/\/schema.org","@graph":[{"@type":"Article","@id":"https:\/\/www.athome.lu\/blog\/acheter\/pret-immobilier\/le-temoignage-de-joan-sara\/#article","isPartOf":{"@id":"https:\/\/www.athome.lu\/blog\/acheter\/pret-immobilier\/le-temoignage-de-joan-sara\/"},"author":{"name":"Fanny Pimentel","@id":"https:\/\/www.athome.lu\/blog\/#\/schema\/person\/47f7a38089f837e792876ceddc4cb2dc"},"headline":"Le t\u00e9moignage de Joan &#038; Sara","datePublished":"2021-02-18T12:58:57+00:00","dateModified":"2022-05-11T09:13:31+00:00","mainEntityOfPage":{"@id":"https:\/\/www.athome.lu\/blog\/acheter\/pret-immobilier\/le-temoignage-de-joan-sara\/"},"wordCount":410,"image":{"@id":"https:\/\/www.athome.lu\/blog\/acheter\/pret-immobilier\/le-temoignage-de-joan-sara\/#primaryimage"},"thumbnailUrl":"https:\/\/www.athome.lu\/blog\/wp-content\/uploads\/2021\/02\/maria-ziegler-jJnZg7vBfMs-unsplash-scaled.jpg","keywords":["capacit\u00e9 d'emprunt","pr\u00e9jug\u00e9","pr\u00eatjug\u00e9","t\u00e9moignage"],"articleSection":["Pr\u00eat Immobilier"],"inLanguage":"en-GB"},{"@type":"WebPage","@id":"https:\/\/www.athome.lu\/blog\/acheter\/pret-immobilier\/le-temoignage-de-joan-sara\/","url":"https:\/\/www.athome.lu\/blog\/acheter\/pret-immobilier\/le-temoignage-de-joan-sara\/","name":"Joan &amp; Sara's testimony - atHome Blog","isPartOf":{"@id":"https:\/\/www.athome.lu\/blog\/#website"},"primaryImageOfPage":{"@id":"https:\/\/www.athome.lu\/blog\/acheter\/pret-immobilier\/le-temoignage-de-joan-sara\/#primaryimage"},"image":{"@id":"https:\/\/www.athome.lu\/blog\/acheter\/pret-immobilier\/le-temoignage-de-joan-sara\/#primaryimage"},"thumbnailUrl":"https:\/\/www.athome.lu\/blog\/wp-content\/uploads\/2021\/02\/maria-ziegler-jJnZg7vBfMs-unsplash-scaled.jpg","datePublished":"2021-02-18T12:58:57+00:00","dateModified":"2022-05-11T09:13:31+00:00","author":{"@id":"https:\/\/www.athome.lu\/blog\/#\/schema\/person\/47f7a38089f837e792876ceddc4cb2dc"},"breadcrumb":{"@id":"https:\/\/www.athome.lu\/blog\/acheter\/pret-immobilier\/le-temoignage-de-joan-sara\/#breadcrumb"},"inLanguage":"en-GB","potentialAction":[{"@type":"ReadAction","target":["https:\/\/www.athome.lu\/blog\/acheter\/pret-immobilier\/le-temoignage-de-joan-sara\/"]}]},{"@type":"ImageObject","inLanguage":"en-GB","@id":"https:\/\/www.athome.lu\/blog\/acheter\/pret-immobilier\/le-temoignage-de-joan-sara\/#primaryimage","url":"https:\/\/www.athome.lu\/blog\/wp-content\/uploads\/2021\/02\/maria-ziegler-jJnZg7vBfMs-unsplash-scaled.jpg","contentUrl":"https:\/\/www.athome.lu\/blog\/wp-content\/uploads\/2021\/02\/maria-ziegler-jJnZg7vBfMs-unsplash-scaled.jpg","width":2560,"height":1922},{"@type":"BreadcrumbList","@id":"https:\/\/www.athome.lu\/blog\/acheter\/pret-immobilier\/le-temoignage-de-joan-sara\/#breadcrumb","itemListElement":[{"@type":"ListItem","position":1,"name":"Accueil","item":"https:\/\/www.athome.lu\/blog\/"},{"@type":"ListItem","position":2,"name":"Acheter","item":"https:\/\/www.athome.lu\/blog\/en\/category\/buy\/"},{"@type":"ListItem","position":3,"name":"Pr\u00eat Immobilier","item":"https:\/\/www.athome.lu\/blog\/en\/category\/buy\/home-loan\/"},{"@type":"ListItem","position":4,"name":"Le t\u00e9moignage de Joan &#038; Sara"}]},{"@type":"WebSite","@id":"https:\/\/www.athome.lu\/blog\/#website","url":"https:\/\/www.athome.lu\/blog\/","name":"atHome Blog","description":"Real estate ads in Luxembourg. The n\u00b01 real estate portal in Luxembourg.","potentialAction":[{"@type":"SearchAction","target":{"@type":"EntryPoint","urlTemplate":"https:\/\/www.athome.lu\/blog\/?s={search_term_string}"},"query-input":{"@type":"PropertyValueSpecification","valueRequired":true,"valueName":"search_term_string"}}],"inLanguage":"en-GB"},{"@type":"Person","@id":"https:\/\/www.athome.lu\/blog\/#\/schema\/person\/47f7a38089f837e792876ceddc4cb2dc","name":"Fanny Pimentel","image":{"@type":"ImageObject","inLanguage":"en-GB","@id":"https:\/\/secure.gravatar.com\/avatar\/c60b27b93851dc9503f9cc9150e73dcb0a86ba6150657e5e4b11d988400bc633?s=96&d=mm&r=g","url":"https:\/\/secure.gravatar.com\/avatar\/c60b27b93851dc9503f9cc9150e73dcb0a86ba6150657e5e4b11d988400bc633?s=96&d=mm&r=g","contentUrl":"https:\/\/secure.gravatar.com\/avatar\/c60b27b93851dc9503f9cc9150e73dcb0a86ba6150657e5e4b11d988400bc633?s=96&d=mm&r=g","caption":"Fanny Pimentel"}}]}},"featured_media_src_url":"https:\/\/www.athome.lu\/blog\/wp-content\/uploads\/2021\/02\/maria-ziegler-jJnZg7vBfMs-unsplash-scaled-1024x769.jpg","_links":{"self":[{"href":"https:\/\/www.athome.lu\/blog\/en\/wp-json\/wp\/v2\/posts\/13217","targetHints":{"allow":["GET"]}}],"collection":[{"href":"https:\/\/www.athome.lu\/blog\/en\/wp-json\/wp\/v2\/posts"}],"about":[{"href":"https:\/\/www.athome.lu\/blog\/en\/wp-json\/wp\/v2\/types\/post"}],"author":[{"embeddable":true,"href":"https:\/\/www.athome.lu\/blog\/en\/wp-json\/wp\/v2\/users\/17"}],"replies":[{"embeddable":true,"href":"https:\/\/www.athome.lu\/blog\/en\/wp-json\/wp\/v2\/comments?post=13217"}],"version-history":[{"count":2,"href":"https:\/\/www.athome.lu\/blog\/en\/wp-json\/wp\/v2\/posts\/13217\/revisions"}],"predecessor-version":[{"id":14923,"href":"https:\/\/www.athome.lu\/blog\/en\/wp-json\/wp\/v2\/posts\/13217\/revisions\/14923"}],"wp:featuredmedia":[{"embeddable":true,"href":"https:\/\/www.athome.lu\/blog\/en\/wp-json\/wp\/v2\/media\/13218"}],"wp:attachment":[{"href":"https:\/\/www.athome.lu\/blog\/en\/wp-json\/wp\/v2\/media?parent=13217"}],"wp:term":[{"taxonomy":"category","embeddable":true,"href":"https:\/\/www.athome.lu\/blog\/en\/wp-json\/wp\/v2\/categories?post=13217"},{"taxonomy":"post_tag","embeddable":true,"href":"https:\/\/www.athome.lu\/blog\/en\/wp-json\/wp\/v2\/tags?post=13217"}],"curies":[{"name":"wp","href":"https:\/\/api.w.org\/{rel}","templated":true}]}}