{"id":13530,"date":"2021-05-07T15:24:44","date_gmt":"2021-05-07T14:24:44","guid":{"rendered":"https:\/\/www.athome.lu\/blog\/?p=13530"},"modified":"2022-05-11T10:56:37","modified_gmt":"2022-05-11T08:56:37","slug":"europe-day-top-announcements","status":"publish","type":"post","link":"https:\/\/www.athome.lu\/blog\/en\/marche-immobilier\/villes\/journee-de-leurope-top-des-annonces\/","title":{"rendered":"Europe Day: top announcements from border countries"},"content":{"rendered":"<p>The\u00a0<b>Europe Day<\/b>\u00a0is an international day celebrated on\u00a0<time class=\"nowrap\" datetime=\"05-09\" data-sort-value=\"05-09\">9 May<\/time> in the EU member states to commemorate the Schuman Declaration of\u00a0<time class=\"nowrap\" datetime=\"1950-05-09\" data-sort-value=\"1950-05-09\">9 May 1950,<\/time>\u00a0considered the founding text of the Union.<\/p>\n<p>On this occasion, we present you our favourite real estate projects in the border countries!<\/p>\n<h3>France<\/h3>\n<p>Metz<\/p>\n<p><img loading=\"lazy\" decoding=\"async\" class=\"normal alignnone size-medium wp-image-13544\" src=\"https:\/\/www.athome.lu\/blog\/blog\/wp-content\/uploads\/2021\/05\/f327aa3182861b984ba66e581b70de05aa7d05f1-300x297.jpeg\" alt=\"\" width=\"300\" height=\"297\" srcset=\"https:\/\/www.athome.lu\/blog\/wp-content\/uploads\/2021\/05\/f327aa3182861b984ba66e581b70de05aa7d05f1-300x297.jpeg 300w, https:\/\/www.athome.lu\/blog\/wp-content\/uploads\/2021\/05\/f327aa3182861b984ba66e581b70de05aa7d05f1-150x150.jpeg 150w, https:\/\/www.athome.lu\/blog\/wp-content\/uploads\/2021\/05\/f327aa3182861b984ba66e581b70de05aa7d05f1-12x12.jpeg 12w, https:\/\/www.athome.lu\/blog\/wp-content\/uploads\/2021\/05\/f327aa3182861b984ba66e581b70de05aa7d05f1.jpeg 466w\" sizes=\"auto, (max-width: 300px) 100vw, 300px\" \/><\/p>\n<p>Le Ban Saint-Martin<\/p>\n<p><img loading=\"lazy\" decoding=\"async\" class=\"normal alignnone size-medium wp-image-13545\" src=\"https:\/\/www.athome.lu\/blog\/blog\/wp-content\/uploads\/2021\/05\/4d131206f0814ecdf1df31dc1de9e9cd71aaaaa4-300x171.jpeg\" alt=\"\" width=\"300\" height=\"171\" srcset=\"https:\/\/www.athome.lu\/blog\/wp-content\/uploads\/2021\/05\/4d131206f0814ecdf1df31dc1de9e9cd71aaaaa4-300x171.jpeg 300w, https:\/\/www.athome.lu\/blog\/wp-content\/uploads\/2021\/05\/4d131206f0814ecdf1df31dc1de9e9cd71aaaaa4-768x439.jpeg 768w, https:\/\/www.athome.lu\/blog\/wp-content\/uploads\/2021\/05\/4d131206f0814ecdf1df31dc1de9e9cd71aaaaa4-18x10.jpeg 18w, https:\/\/www.athome.lu\/blog\/wp-content\/uploads\/2021\/05\/4d131206f0814ecdf1df31dc1de9e9cd71aaaaa4.jpeg 900w\" sizes=\"auto, (max-width: 300px) 100vw, 300px\" \/><\/p>\n<p>Port-sur-Seille<\/p>\n<p><img loading=\"lazy\" decoding=\"async\" class=\"normal alignnone size-medium wp-image-13546\" src=\"https:\/\/www.athome.lu\/blog\/blog\/wp-content\/uploads\/2021\/05\/e1300610306af5f56f7c18c49425eb2edc1c9120-300x200.jpeg\" alt=\"\" width=\"300\" height=\"200\" srcset=\"https:\/\/www.athome.lu\/blog\/wp-content\/uploads\/2021\/05\/e1300610306af5f56f7c18c49425eb2edc1c9120-300x200.jpeg 300w, https:\/\/www.athome.lu\/blog\/wp-content\/uploads\/2021\/05\/e1300610306af5f56f7c18c49425eb2edc1c9120-18x12.jpeg 18w, https:\/\/www.athome.lu\/blog\/wp-content\/uploads\/2021\/05\/e1300610306af5f56f7c18c49425eb2edc1c9120.jpeg 700w\" sizes=\"auto, (max-width: 300px) 100vw, 300px\" \/><\/p>\n<p>Sierck-les-Bains<\/p>\n<p><img loading=\"lazy\" decoding=\"async\" class=\"normal alignnone size-medium wp-image-13547\" src=\"https:\/\/www.athome.lu\/blog\/blog\/wp-content\/uploads\/2021\/05\/9884753e3b291896965e23f054609cef_1-300x200.jpeg\" alt=\"\" width=\"300\" height=\"200\" srcset=\"https:\/\/www.athome.lu\/blog\/wp-content\/uploads\/2021\/05\/9884753e3b291896965e23f054609cef_1-300x200.jpeg 300w, https:\/\/www.athome.lu\/blog\/wp-content\/uploads\/2021\/05\/9884753e3b291896965e23f054609cef_1-768x511.jpeg 768w, https:\/\/www.athome.lu\/blog\/wp-content\/uploads\/2021\/05\/9884753e3b291896965e23f054609cef_1-18x12.jpeg 18w, https:\/\/www.athome.lu\/blog\/wp-content\/uploads\/2021\/05\/9884753e3b291896965e23f054609cef_1.jpeg 900w\" sizes=\"auto, (max-width: 300px) 100vw, 300px\" \/><\/p>\n<p>Sorbey<\/p>\n<p><img loading=\"lazy\" decoding=\"async\" class=\"normal alignnone size-medium wp-image-13548\" src=\"https:\/\/www.athome.lu\/blog\/blog\/wp-content\/uploads\/2021\/05\/c53d33fdbeb2bf74f465a56bd7393b32d06a48f7-300x200.jpeg\" alt=\"\" width=\"300\" height=\"200\" srcset=\"https:\/\/www.athome.lu\/blog\/wp-content\/uploads\/2021\/05\/c53d33fdbeb2bf74f465a56bd7393b32d06a48f7-300x200.jpeg 300w, https:\/\/www.athome.lu\/blog\/wp-content\/uploads\/2021\/05\/c53d33fdbeb2bf74f465a56bd7393b32d06a48f7-768x512.jpeg 768w, https:\/\/www.athome.lu\/blog\/wp-content\/uploads\/2021\/05\/c53d33fdbeb2bf74f465a56bd7393b32d06a48f7-18x12.jpeg 18w, https:\/\/www.athome.lu\/blog\/wp-content\/uploads\/2021\/05\/c53d33fdbeb2bf74f465a56bd7393b32d06a48f7.jpeg 900w\" sizes=\"auto, (max-width: 300px) 100vw, 300px\" \/><\/p>\n<p>\u00a0<\/p>\n<h3>Belgium<\/h3>\n<p>Ittre<\/p>\n<p><img loading=\"lazy\" decoding=\"async\" class=\"normal alignnone size-medium wp-image-13531\" src=\"https:\/\/www.athome.lu\/blog\/blog\/wp-content\/uploads\/2021\/05\/b20e3fd7679653453746dea1c9d7f18bd882d0c5-300x225.jpeg\" alt=\"\" width=\"300\" height=\"225\" srcset=\"https:\/\/www.athome.lu\/blog\/wp-content\/uploads\/2021\/05\/b20e3fd7679653453746dea1c9d7f18bd882d0c5-300x225.jpeg 300w, https:\/\/www.athome.lu\/blog\/wp-content\/uploads\/2021\/05\/b20e3fd7679653453746dea1c9d7f18bd882d0c5-768x576.jpeg 768w, https:\/\/www.athome.lu\/blog\/wp-content\/uploads\/2021\/05\/b20e3fd7679653453746dea1c9d7f18bd882d0c5-16x12.jpeg 16w, https:\/\/www.athome.lu\/blog\/wp-content\/uploads\/2021\/05\/b20e3fd7679653453746dea1c9d7f18bd882d0c5.jpeg 800w\" sizes=\"auto, (max-width: 300px) 100vw, 300px\" \/><\/p>\n<p>Ittre<\/p>\n<h3><img loading=\"lazy\" decoding=\"async\" class=\"normal alignnone size-medium wp-image-13534\" src=\"https:\/\/www.athome.lu\/blog\/blog\/wp-content\/uploads\/2021\/05\/578dc549616d2b850ed62a0a35bb98be7ff02608-300x225.jpeg\" alt=\"\" width=\"300\" height=\"225\" srcset=\"https:\/\/www.athome.lu\/blog\/wp-content\/uploads\/2021\/05\/578dc549616d2b850ed62a0a35bb98be7ff02608-300x225.jpeg 300w, https:\/\/www.athome.lu\/blog\/wp-content\/uploads\/2021\/05\/578dc549616d2b850ed62a0a35bb98be7ff02608-768x576.jpeg 768w, https:\/\/www.athome.lu\/blog\/wp-content\/uploads\/2021\/05\/578dc549616d2b850ed62a0a35bb98be7ff02608-16x12.jpeg 16w, https:\/\/www.athome.lu\/blog\/wp-content\/uploads\/2021\/05\/578dc549616d2b850ed62a0a35bb98be7ff02608.jpeg 800w\" sizes=\"auto, (max-width: 300px) 100vw, 300px\" \/><\/h3>\n<p>Tournai<\/p>\n<h3><img loading=\"lazy\" decoding=\"async\" class=\"normal alignnone size-medium wp-image-13535\" src=\"https:\/\/www.athome.lu\/blog\/blog\/wp-content\/uploads\/2021\/05\/a8d9d27a960c8e3a765d5876f513ef6b4c6f906b-300x200.jpeg\" alt=\"\" width=\"300\" height=\"200\" srcset=\"https:\/\/www.athome.lu\/blog\/wp-content\/uploads\/2021\/05\/a8d9d27a960c8e3a765d5876f513ef6b4c6f906b-300x200.jpeg 300w, https:\/\/www.athome.lu\/blog\/wp-content\/uploads\/2021\/05\/a8d9d27a960c8e3a765d5876f513ef6b4c6f906b-768x513.jpeg 768w, https:\/\/www.athome.lu\/blog\/wp-content\/uploads\/2021\/05\/a8d9d27a960c8e3a765d5876f513ef6b4c6f906b-18x12.jpeg 18w, https:\/\/www.athome.lu\/blog\/wp-content\/uploads\/2021\/05\/a8d9d27a960c8e3a765d5876f513ef6b4c6f906b.jpeg 800w\" sizes=\"auto, (max-width: 300px) 100vw, 300px\" \/><\/h3>\n<p>Grez-Doiceau<\/p>\n<p><img loading=\"lazy\" decoding=\"async\" class=\"normal alignnone size-medium wp-image-13538\" src=\"https:\/\/www.athome.lu\/blog\/blog\/wp-content\/uploads\/2021\/05\/dae3560777de5768b62c2b69c8ec746737938e84-300x225.jpeg\" alt=\"\" width=\"300\" height=\"225\" srcset=\"https:\/\/www.athome.lu\/blog\/wp-content\/uploads\/2021\/05\/dae3560777de5768b62c2b69c8ec746737938e84-300x225.jpeg 300w, https:\/\/www.athome.lu\/blog\/wp-content\/uploads\/2021\/05\/dae3560777de5768b62c2b69c8ec746737938e84-768x576.jpeg 768w, https:\/\/www.athome.lu\/blog\/wp-content\/uploads\/2021\/05\/dae3560777de5768b62c2b69c8ec746737938e84-16x12.jpeg 16w, https:\/\/www.athome.lu\/blog\/wp-content\/uploads\/2021\/05\/dae3560777de5768b62c2b69c8ec746737938e84.jpeg 800w\" sizes=\"auto, (max-width: 300px) 100vw, 300px\" \/><\/p>\n<h3>\u00a0<\/h3>\n<p>\u00a0<\/p>\n<h3>Germany<\/h3>\n<p class=\"KeyInfoBlockStyle__PdpTitle-sc-1o1h56e-2 hWEtva\">Newel-Be\u00dflich<\/p>\n<p><img loading=\"lazy\" decoding=\"async\" class=\"normal alignnone size-medium wp-image-13540\" src=\"https:\/\/www.athome.lu\/blog\/blog\/wp-content\/uploads\/2021\/05\/57ac4a5c549b0e0ad784eb6af4227764_1-300x225.jpeg\" alt=\"\" width=\"300\" height=\"225\" srcset=\"https:\/\/www.athome.lu\/blog\/wp-content\/uploads\/2021\/05\/57ac4a5c549b0e0ad784eb6af4227764_1-300x225.jpeg 300w, https:\/\/www.athome.lu\/blog\/wp-content\/uploads\/2021\/05\/57ac4a5c549b0e0ad784eb6af4227764_1-16x12.jpeg 16w, https:\/\/www.athome.lu\/blog\/wp-content\/uploads\/2021\/05\/57ac4a5c549b0e0ad784eb6af4227764_1.jpeg 640w\" sizes=\"auto, (max-width: 300px) 100vw, 300px\" \/><\/p>\n<p>Serrig<\/p>\n<p><img loading=\"lazy\" decoding=\"async\" class=\"normal alignnone size-medium wp-image-13542\" src=\"https:\/\/www.athome.lu\/blog\/blog\/wp-content\/uploads\/2021\/05\/a931360a2d660e6c12f4b3b3c5088b80_2-300x168.jpeg\" alt=\"\" width=\"300\" height=\"168\" srcset=\"https:\/\/www.athome.lu\/blog\/wp-content\/uploads\/2021\/05\/a931360a2d660e6c12f4b3b3c5088b80_2-300x168.jpeg 300w, https:\/\/www.athome.lu\/blog\/wp-content\/uploads\/2021\/05\/a931360a2d660e6c12f4b3b3c5088b80_2-768x431.jpeg 768w, https:\/\/www.athome.lu\/blog\/wp-content\/uploads\/2021\/05\/a931360a2d660e6c12f4b3b3c5088b80_2-18x10.jpeg 18w, https:\/\/www.athome.lu\/blog\/wp-content\/uploads\/2021\/05\/a931360a2d660e6c12f4b3b3c5088b80_2.jpeg 900w\" sizes=\"auto, (max-width: 300px) 100vw, 300px\" \/><\/p>\n<p class=\"KeyInfoBlockStyle__PdpTitle-sc-1o1h56e-2 hWEtva\">Perl-Besch<\/p>\n<p><img loading=\"lazy\" decoding=\"async\" class=\"normal alignnone size-medium wp-image-13543\" src=\"https:\/\/www.athome.lu\/blog\/blog\/wp-content\/uploads\/2021\/05\/d547183b29b0831996d826e4c7352dd5_5-300x200.jpeg\" alt=\"\" width=\"300\" height=\"200\" srcset=\"https:\/\/www.athome.lu\/blog\/wp-content\/uploads\/2021\/05\/d547183b29b0831996d826e4c7352dd5_5-300x200.jpeg 300w, https:\/\/www.athome.lu\/blog\/wp-content\/uploads\/2021\/05\/d547183b29b0831996d826e4c7352dd5_5-768x512.jpeg 768w, https:\/\/www.athome.lu\/blog\/wp-content\/uploads\/2021\/05\/d547183b29b0831996d826e4c7352dd5_5-18x12.jpeg 18w, https:\/\/www.athome.lu\/blog\/wp-content\/uploads\/2021\/05\/d547183b29b0831996d826e4c7352dd5_5.jpeg 900w\" sizes=\"auto, (max-width: 300px) 100vw, 300px\" \/><\/p>\n\n<section id=\"section-3-14695\" class=\"ct-section\" ><div class=\"ct-section-inner-wrap\"><div id=\"div_block-4-14695\" class=\"ct-div-block\" ><div id=\"new_columns-7-14695\" class=\"ct-new-columns\" ><div id=\"div_block-8-14695\" class=\"ct-div-block\" ><div id=\"div_block-14-14695\" class=\"ct-div-block\" ><\/div><\/div><div id=\"div_block-9-14695\" class=\"ct-div-block\" ><h1 id=\"headline-11-14695\" class=\"ct-headline\">What are the property prices at the moment?<\/h1><div id=\"text_block-12-14695\" class=\"ct-text-block\" >Prices are slowing down. Interest rates are rising. What are the trends for the coming months?<\/div><a id=\"link_button-13-14695\" class=\"ct-link-button\" href=\"https:\/\/www.athome.lu\/blog\/blog\/marche-immobilier\/prix\/tendances-2022\/\" target=\"_blank\"  >Read the analysis<\/a><\/div><\/div><\/div><\/div><\/section>","protected":false},"excerpt":{"rendered":"<p>La\u00a0Journ\u00e9e de l'Europe\u00a0est une\u00a0journ\u00e9e internationale\u00a0c\u00e9l\u00e9br\u00e9e le\u00a09 mai dans les pays membres de l'Union europ\u00e9enne\u00a0pour\u00a0comm\u00e9morer\u00a0la\u00a0D\u00e9claration Schuman\u00a0du\u00a09 mai 1950,\u00a0consid\u00e9r\u00e9 comme le texte fondateur de l'Union. A cette occasion, nous vous pr\u00e9sentons nos coups de c\u0153ur immobiliers des pays frontaliers ! France Metz Le Ban Saint-Martin Port-sur-Seille Sierck-les-Bains Sorbey \u00a0 Belgique Ittre Ittre Tournai Grez-Doiceau \u00a0 \u00a0 Allemagne [&hellip;]<\/p>\n","protected":false},"author":17,"featured_media":13551,"comment_status":"closed","ping_status":"closed","sticky":false,"template":"","format":"standard","meta":{"_acf_changed":false,"footnotes":""},"categories":[218],"tags":[176,178,177,175,70,174],"class_list":["post-13530","post","type-post","status-publish","format-standard","has-post-thumbnail","hentry","category-villes","tag-allemagne","tag-belgique","tag-france","tag-grande-region","tag-immobilier","tag-journee-de-leurope"],"acf":[],"yoast_head":"<!-- This site is optimized with the Yoast SEO plugin v27.4 - https:\/\/yoast.com\/product\/yoast-seo-wordpress\/ -->\n<title>Journ\u00e9e de l&#039;Europe : top des annonces des pays frontaliers - atHome Blog<\/title>\n<meta name=\"robots\" content=\"index, follow, max-snippet:-1, max-image-preview:large, max-video-preview:-1\" \/>\n<link rel=\"canonical\" href=\"https:\/\/www.athome.lu\/blog\/en\/real-estate-market\/towns\/europe-day-top-announcements\/\" \/>\n<meta property=\"og:locale\" content=\"en_GB\" \/>\n<meta property=\"og:type\" content=\"article\" \/>\n<meta property=\"og:title\" content=\"Journ\u00e9e de l&#039;Europe : top des annonces des pays frontaliers - atHome Blog\" \/>\n<meta property=\"og:description\" content=\"La\u00a0Journ\u00e9e de l&#039;Europe\u00a0est une\u00a0journ\u00e9e internationale\u00a0c\u00e9l\u00e9br\u00e9e le\u00a09 mai dans les pays membres de l&#039;Union europ\u00e9enne\u00a0pour\u00a0comm\u00e9morer\u00a0la\u00a0D\u00e9claration Schuman\u00a0du\u00a09 mai 1950,\u00a0consid\u00e9r\u00e9 comme le texte fondateur de l&#039;Union. A cette occasion, nous vous pr\u00e9sentons nos coups de c\u0153ur immobiliers des pays frontaliers ! France Metz Le Ban Saint-Martin Port-sur-Seille Sierck-les-Bains Sorbey \u00a0 Belgique Ittre Ittre Tournai Grez-Doiceau \u00a0 \u00a0 Allemagne [&hellip;]\" \/>\n<meta property=\"og:url\" content=\"https:\/\/www.athome.lu\/blog\/en\/real-estate-market\/towns\/europe-day-top-announcements\/\" \/>\n<meta property=\"og:site_name\" content=\"atHome Blog\" \/>\n<meta property=\"article:publisher\" content=\"https:\/\/www.facebook.com\/atHome.lu\/\" \/>\n<meta property=\"article:published_time\" content=\"2021-05-07T14:24:44+00:00\" \/>\n<meta property=\"article:modified_time\" content=\"2022-05-11T08:56:37+00:00\" \/>\n<meta property=\"og:image\" content=\"https:\/\/www.athome.lu\/blog\/wp-content\/uploads\/2021\/05\/thomas-bormans-jXlz_iffTE-unsplash-scaled.jpg\" \/>\n\t<meta property=\"og:image:width\" content=\"1707\" \/>\n\t<meta property=\"og:image:height\" content=\"2560\" \/>\n\t<meta property=\"og:image:type\" content=\"image\/jpeg\" \/>\n<meta name=\"author\" content=\"Fanny Pimentel\" \/>\n<meta name=\"twitter:card\" content=\"summary_large_image\" \/>\n<meta name=\"twitter:creator\" content=\"@athomelu\" \/>\n<meta name=\"twitter:site\" content=\"@athomelu\" \/>\n<meta name=\"twitter:label1\" content=\"Written by\" \/>\n\t<meta name=\"twitter:data1\" content=\"Fanny Pimentel\" \/>\n\t<meta name=\"twitter:label2\" content=\"Estimated reading time\" \/>\n\t<meta name=\"twitter:data2\" content=\"3 minutes\" \/>\n<script type=\"application\/ld+json\" class=\"yoast-schema-graph\">{\"@context\":\"https:\\\/\\\/schema.org\",\"@graph\":[{\"@type\":\"Article\",\"@id\":\"https:\\\/\\\/www.athome.lu\\\/blog\\\/marche-immobilier\\\/villes\\\/journee-de-leurope-top-des-annonces\\\/#article\",\"isPartOf\":{\"@id\":\"https:\\\/\\\/www.athome.lu\\\/blog\\\/marche-immobilier\\\/villes\\\/journee-de-leurope-top-des-annonces\\\/\"},\"author\":{\"name\":\"Fanny Pimentel\",\"@id\":\"https:\\\/\\\/www.athome.lu\\\/blog\\\/#\\\/schema\\\/person\\\/47f7a38089f837e792876ceddc4cb2dc\"},\"headline\":\"Journ\u00e9e de l'Europe : top des annonces des pays frontaliers\",\"datePublished\":\"2021-05-07T14:24:44+00:00\",\"dateModified\":\"2022-05-11T08:56:37+00:00\",\"mainEntityOfPage\":{\"@id\":\"https:\\\/\\\/www.athome.lu\\\/blog\\\/marche-immobilier\\\/villes\\\/journee-de-leurope-top-des-annonces\\\/\"},\"wordCount\":85,\"image\":{\"@id\":\"https:\\\/\\\/www.athome.lu\\\/blog\\\/marche-immobilier\\\/villes\\\/journee-de-leurope-top-des-annonces\\\/#primaryimage\"},\"thumbnailUrl\":\"https:\\\/\\\/www.athome.lu\\\/blog\\\/wp-content\\\/uploads\\\/2021\\\/05\\\/thomas-bormans-jXlz_iffTE-unsplash-scaled.jpg\",\"keywords\":[\"allemagne\",\"belgique\",\"france\",\"grande r\u00e9gion\",\"immobilier\",\"journ\u00e9e de l'europe\"],\"articleSection\":[\"Villes\"],\"inLanguage\":\"en-GB\"},{\"@type\":\"WebPage\",\"@id\":\"https:\\\/\\\/www.athome.lu\\\/blog\\\/marche-immobilier\\\/villes\\\/journee-de-leurope-top-des-annonces\\\/\",\"url\":\"https:\\\/\\\/www.athome.lu\\\/blog\\\/marche-immobilier\\\/villes\\\/journee-de-leurope-top-des-annonces\\\/\",\"name\":\"Journ\u00e9e de l'Europe : top des annonces des pays frontaliers - atHome Blog\",\"isPartOf\":{\"@id\":\"https:\\\/\\\/www.athome.lu\\\/blog\\\/#website\"},\"primaryImageOfPage\":{\"@id\":\"https:\\\/\\\/www.athome.lu\\\/blog\\\/marche-immobilier\\\/villes\\\/journee-de-leurope-top-des-annonces\\\/#primaryimage\"},\"image\":{\"@id\":\"https:\\\/\\\/www.athome.lu\\\/blog\\\/marche-immobilier\\\/villes\\\/journee-de-leurope-top-des-annonces\\\/#primaryimage\"},\"thumbnailUrl\":\"https:\\\/\\\/www.athome.lu\\\/blog\\\/wp-content\\\/uploads\\\/2021\\\/05\\\/thomas-bormans-jXlz_iffTE-unsplash-scaled.jpg\",\"datePublished\":\"2021-05-07T14:24:44+00:00\",\"dateModified\":\"2022-05-11T08:56:37+00:00\",\"author\":{\"@id\":\"https:\\\/\\\/www.athome.lu\\\/blog\\\/#\\\/schema\\\/person\\\/47f7a38089f837e792876ceddc4cb2dc\"},\"breadcrumb\":{\"@id\":\"https:\\\/\\\/www.athome.lu\\\/blog\\\/marche-immobilier\\\/villes\\\/journee-de-leurope-top-des-annonces\\\/#breadcrumb\"},\"inLanguage\":\"en-GB\",\"potentialAction\":[{\"@type\":\"ReadAction\",\"target\":[\"https:\\\/\\\/www.athome.lu\\\/blog\\\/marche-immobilier\\\/villes\\\/journee-de-leurope-top-des-annonces\\\/\"]}]},{\"@type\":\"ImageObject\",\"inLanguage\":\"en-GB\",\"@id\":\"https:\\\/\\\/www.athome.lu\\\/blog\\\/marche-immobilier\\\/villes\\\/journee-de-leurope-top-des-annonces\\\/#primaryimage\",\"url\":\"https:\\\/\\\/www.athome.lu\\\/blog\\\/wp-content\\\/uploads\\\/2021\\\/05\\\/thomas-bormans-jXlz_iffTE-unsplash-scaled.jpg\",\"contentUrl\":\"https:\\\/\\\/www.athome.lu\\\/blog\\\/wp-content\\\/uploads\\\/2021\\\/05\\\/thomas-bormans-jXlz_iffTE-unsplash-scaled.jpg\",\"width\":1707,\"height\":2560},{\"@type\":\"BreadcrumbList\",\"@id\":\"https:\\\/\\\/www.athome.lu\\\/blog\\\/marche-immobilier\\\/villes\\\/journee-de-leurope-top-des-annonces\\\/#breadcrumb\",\"itemListElement\":[{\"@type\":\"ListItem\",\"position\":1,\"name\":\"Accueil\",\"item\":\"https:\\\/\\\/www.athome.lu\\\/blog\\\/\"},{\"@type\":\"ListItem\",\"position\":2,\"name\":\"March\u00e9 immobilier\",\"item\":\"https:\\\/\\\/www.athome.lu\\\/blog\\\/category\\\/marche-immobilier\\\/\"},{\"@type\":\"ListItem\",\"position\":3,\"name\":\"Villes\",\"item\":\"https:\\\/\\\/www.athome.lu\\\/blog\\\/category\\\/marche-immobilier\\\/villes\\\/\"},{\"@type\":\"ListItem\",\"position\":4,\"name\":\"Journ\u00e9e de l'Europe : top des annonces des pays frontaliers\"}]},{\"@type\":\"WebSite\",\"@id\":\"https:\\\/\\\/www.athome.lu\\\/blog\\\/#website\",\"url\":\"https:\\\/\\\/www.athome.lu\\\/blog\\\/\",\"name\":\"atHome Blog\",\"description\":\"Annonces immobili\u00e8res au Luxembourg. Le portail immobilier n\u00b01 au Luxembourg.\",\"potentialAction\":[{\"@type\":\"SearchAction\",\"target\":{\"@type\":\"EntryPoint\",\"urlTemplate\":\"https:\\\/\\\/www.athome.lu\\\/blog\\\/?s={search_term_string}\"},\"query-input\":{\"@type\":\"PropertyValueSpecification\",\"valueRequired\":true,\"valueName\":\"search_term_string\"}}],\"inLanguage\":\"en-GB\"},{\"@type\":\"Person\",\"@id\":\"https:\\\/\\\/www.athome.lu\\\/blog\\\/#\\\/schema\\\/person\\\/47f7a38089f837e792876ceddc4cb2dc\",\"name\":\"Fanny Pimentel\",\"image\":{\"@type\":\"ImageObject\",\"inLanguage\":\"en-GB\",\"@id\":\"https:\\\/\\\/secure.gravatar.com\\\/avatar\\\/c60b27b93851dc9503f9cc9150e73dcb0a86ba6150657e5e4b11d988400bc633?s=96&d=mm&r=g\",\"url\":\"https:\\\/\\\/secure.gravatar.com\\\/avatar\\\/c60b27b93851dc9503f9cc9150e73dcb0a86ba6150657e5e4b11d988400bc633?s=96&d=mm&r=g\",\"contentUrl\":\"https:\\\/\\\/secure.gravatar.com\\\/avatar\\\/c60b27b93851dc9503f9cc9150e73dcb0a86ba6150657e5e4b11d988400bc633?s=96&d=mm&r=g\",\"caption\":\"Fanny Pimentel\"}}]}<\/script>\n<!-- \/ Yoast SEO plugin. -->","yoast_head_json":{"title":"Europe Day: top announcements from border countries - atHome Blog","robots":{"index":"index","follow":"follow","max-snippet":"max-snippet:-1","max-image-preview":"max-image-preview:large","max-video-preview":"max-video-preview:-1"},"canonical":"https:\/\/www.athome.lu\/blog\/en\/real-estate-market\/towns\/europe-day-top-announcements\/","og_locale":"en_GB","og_type":"article","og_title":"Journ\u00e9e de l'Europe : top des annonces des pays frontaliers - atHome Blog","og_description":"La\u00a0Journ\u00e9e de l'Europe\u00a0est une\u00a0journ\u00e9e internationale\u00a0c\u00e9l\u00e9br\u00e9e le\u00a09 mai dans les pays membres de l'Union europ\u00e9enne\u00a0pour\u00a0comm\u00e9morer\u00a0la\u00a0D\u00e9claration Schuman\u00a0du\u00a09 mai 1950,\u00a0consid\u00e9r\u00e9 comme le texte fondateur de l'Union. A cette occasion, nous vous pr\u00e9sentons nos coups de c\u0153ur immobiliers des pays frontaliers ! France Metz Le Ban Saint-Martin Port-sur-Seille Sierck-les-Bains Sorbey \u00a0 Belgique Ittre Ittre Tournai Grez-Doiceau \u00a0 \u00a0 Allemagne [&hellip;]","og_url":"https:\/\/www.athome.lu\/blog\/en\/real-estate-market\/towns\/europe-day-top-announcements\/","og_site_name":"atHome Blog","article_publisher":"https:\/\/www.facebook.com\/atHome.lu\/","article_published_time":"2021-05-07T14:24:44+00:00","article_modified_time":"2022-05-11T08:56:37+00:00","og_image":[{"width":1707,"height":2560,"url":"https:\/\/www.athome.lu\/blog\/wp-content\/uploads\/2021\/05\/thomas-bormans-jXlz_iffTE-unsplash-scaled.jpg","type":"image\/jpeg"}],"author":"Fanny Pimentel","twitter_card":"summary_large_image","twitter_creator":"@athomelu","twitter_site":"@athomelu","twitter_misc":{"Written by":"Fanny Pimentel","Estimated reading time":"3 minutes"},"schema":{"@context":"https:\/\/schema.org","@graph":[{"@type":"Article","@id":"https:\/\/www.athome.lu\/blog\/marche-immobilier\/villes\/journee-de-leurope-top-des-annonces\/#article","isPartOf":{"@id":"https:\/\/www.athome.lu\/blog\/marche-immobilier\/villes\/journee-de-leurope-top-des-annonces\/"},"author":{"name":"Fanny Pimentel","@id":"https:\/\/www.athome.lu\/blog\/#\/schema\/person\/47f7a38089f837e792876ceddc4cb2dc"},"headline":"Journ\u00e9e de l'Europe : top des annonces des pays frontaliers","datePublished":"2021-05-07T14:24:44+00:00","dateModified":"2022-05-11T08:56:37+00:00","mainEntityOfPage":{"@id":"https:\/\/www.athome.lu\/blog\/marche-immobilier\/villes\/journee-de-leurope-top-des-annonces\/"},"wordCount":85,"image":{"@id":"https:\/\/www.athome.lu\/blog\/marche-immobilier\/villes\/journee-de-leurope-top-des-annonces\/#primaryimage"},"thumbnailUrl":"https:\/\/www.athome.lu\/blog\/wp-content\/uploads\/2021\/05\/thomas-bormans-jXlz_iffTE-unsplash-scaled.jpg","keywords":["allemagne","belgique","france","grande r\u00e9gion","immobilier","journ\u00e9e de l'europe"],"articleSection":["Villes"],"inLanguage":"en-GB"},{"@type":"WebPage","@id":"https:\/\/www.athome.lu\/blog\/marche-immobilier\/villes\/journee-de-leurope-top-des-annonces\/","url":"https:\/\/www.athome.lu\/blog\/marche-immobilier\/villes\/journee-de-leurope-top-des-annonces\/","name":"Europe Day: top announcements from border countries - atHome Blog","isPartOf":{"@id":"https:\/\/www.athome.lu\/blog\/#website"},"primaryImageOfPage":{"@id":"https:\/\/www.athome.lu\/blog\/marche-immobilier\/villes\/journee-de-leurope-top-des-annonces\/#primaryimage"},"image":{"@id":"https:\/\/www.athome.lu\/blog\/marche-immobilier\/villes\/journee-de-leurope-top-des-annonces\/#primaryimage"},"thumbnailUrl":"https:\/\/www.athome.lu\/blog\/wp-content\/uploads\/2021\/05\/thomas-bormans-jXlz_iffTE-unsplash-scaled.jpg","datePublished":"2021-05-07T14:24:44+00:00","dateModified":"2022-05-11T08:56:37+00:00","author":{"@id":"https:\/\/www.athome.lu\/blog\/#\/schema\/person\/47f7a38089f837e792876ceddc4cb2dc"},"breadcrumb":{"@id":"https:\/\/www.athome.lu\/blog\/marche-immobilier\/villes\/journee-de-leurope-top-des-annonces\/#breadcrumb"},"inLanguage":"en-GB","potentialAction":[{"@type":"ReadAction","target":["https:\/\/www.athome.lu\/blog\/marche-immobilier\/villes\/journee-de-leurope-top-des-annonces\/"]}]},{"@type":"ImageObject","inLanguage":"en-GB","@id":"https:\/\/www.athome.lu\/blog\/marche-immobilier\/villes\/journee-de-leurope-top-des-annonces\/#primaryimage","url":"https:\/\/www.athome.lu\/blog\/wp-content\/uploads\/2021\/05\/thomas-bormans-jXlz_iffTE-unsplash-scaled.jpg","contentUrl":"https:\/\/www.athome.lu\/blog\/wp-content\/uploads\/2021\/05\/thomas-bormans-jXlz_iffTE-unsplash-scaled.jpg","width":1707,"height":2560},{"@type":"BreadcrumbList","@id":"https:\/\/www.athome.lu\/blog\/marche-immobilier\/villes\/journee-de-leurope-top-des-annonces\/#breadcrumb","itemListElement":[{"@type":"ListItem","position":1,"name":"Accueil","item":"https:\/\/www.athome.lu\/blog\/"},{"@type":"ListItem","position":2,"name":"March\u00e9 immobilier","item":"https:\/\/www.athome.lu\/blog\/category\/marche-immobilier\/"},{"@type":"ListItem","position":3,"name":"Villes","item":"https:\/\/www.athome.lu\/blog\/category\/marche-immobilier\/villes\/"},{"@type":"ListItem","position":4,"name":"Journ\u00e9e de l'Europe : top des annonces des pays frontaliers"}]},{"@type":"WebSite","@id":"https:\/\/www.athome.lu\/blog\/#website","url":"https:\/\/www.athome.lu\/blog\/","name":"atHome Blog","description":"Real estate ads in Luxembourg. The n\u00b01 real estate portal in Luxembourg.","potentialAction":[{"@type":"SearchAction","target":{"@type":"EntryPoint","urlTemplate":"https:\/\/www.athome.lu\/blog\/?s={search_term_string}"},"query-input":{"@type":"PropertyValueSpecification","valueRequired":true,"valueName":"search_term_string"}}],"inLanguage":"en-GB"},{"@type":"Person","@id":"https:\/\/www.athome.lu\/blog\/#\/schema\/person\/47f7a38089f837e792876ceddc4cb2dc","name":"Fanny Pimentel","image":{"@type":"ImageObject","inLanguage":"en-GB","@id":"https:\/\/secure.gravatar.com\/avatar\/c60b27b93851dc9503f9cc9150e73dcb0a86ba6150657e5e4b11d988400bc633?s=96&d=mm&r=g","url":"https:\/\/secure.gravatar.com\/avatar\/c60b27b93851dc9503f9cc9150e73dcb0a86ba6150657e5e4b11d988400bc633?s=96&d=mm&r=g","contentUrl":"https:\/\/secure.gravatar.com\/avatar\/c60b27b93851dc9503f9cc9150e73dcb0a86ba6150657e5e4b11d988400bc633?s=96&d=mm&r=g","caption":"Fanny Pimentel"}}]}},"featured_media_src_url":"https:\/\/www.athome.lu\/blog\/wp-content\/uploads\/2021\/05\/thomas-bormans-jXlz_iffTE-unsplash-scaled-683x1024.jpg","_links":{"self":[{"href":"https:\/\/www.athome.lu\/blog\/en\/wp-json\/wp\/v2\/posts\/13530","targetHints":{"allow":["GET"]}}],"collection":[{"href":"https:\/\/www.athome.lu\/blog\/en\/wp-json\/wp\/v2\/posts"}],"about":[{"href":"https:\/\/www.athome.lu\/blog\/en\/wp-json\/wp\/v2\/types\/post"}],"author":[{"embeddable":true,"href":"https:\/\/www.athome.lu\/blog\/en\/wp-json\/wp\/v2\/users\/17"}],"replies":[{"embeddable":true,"href":"https:\/\/www.athome.lu\/blog\/en\/wp-json\/wp\/v2\/comments?post=13530"}],"version-history":[{"count":3,"href":"https:\/\/www.athome.lu\/blog\/en\/wp-json\/wp\/v2\/posts\/13530\/revisions"}],"predecessor-version":[{"id":14894,"href":"https:\/\/www.athome.lu\/blog\/en\/wp-json\/wp\/v2\/posts\/13530\/revisions\/14894"}],"wp:featuredmedia":[{"embeddable":true,"href":"https:\/\/www.athome.lu\/blog\/en\/wp-json\/wp\/v2\/media\/13551"}],"wp:attachment":[{"href":"https:\/\/www.athome.lu\/blog\/en\/wp-json\/wp\/v2\/media?parent=13530"}],"wp:term":[{"taxonomy":"category","embeddable":true,"href":"https:\/\/www.athome.lu\/blog\/en\/wp-json\/wp\/v2\/categories?post=13530"},{"taxonomy":"post_tag","embeddable":true,"href":"https:\/\/www.athome.lu\/blog\/en\/wp-json\/wp\/v2\/tags?post=13530"}],"curies":[{"name":"wp","href":"https:\/\/api.w.org\/{rel}","templated":true}]}}