{"id":13926,"date":"2023-02-24T15:54:06","date_gmt":"2023-02-24T14:54:06","guid":{"rendered":"https:\/\/www.athome.lu\/blogpro\/?p=13926"},"modified":"2024-04-23T09:40:45","modified_gmt":"2024-04-23T07:40:45","slug":"athome-rtl-luxembourg-partnership","status":"publish","type":"post","link":"https:\/\/www.athome.lu\/blog\/en\/pro\/actualites-athome\/partenariat-athome-rtl-luxembourg\/","title":{"rendered":"RTL Luxembourg and atHome join forces"},"content":{"rendered":"<h1>Take advantage of the power of RTL Luxembourg!<\/h1>\n<p><span style=\"color: #808080;\"><strong><em>At the end of 2021, we entered into a strategic partnership with the Grand Duchy's No. 1 media company: <span style=\"color: #e00f22;\"><a style=\"color: #e00f22;\" href=\"https:\/\/www.rtl.lu\/\" target=\"_blank\" rel=\"noopener\">RTL<\/a><\/span><\/em><\/strong><\/span><strong><em>.<\/em><\/strong><span style=\"color: #808080;\"><strong><em> This collaboration means you can offer your ads to a shared audience. (Re)discover how RTL Luxembourg and atHome join forces.<\/em><\/strong><\/span><\/p>\n<div id='gallery-1' class='gallery galleryid-13926 gallery-columns-1 gallery-size-large'><figure class='gallery-item'>\n\t\t\t<div class='gallery-icon landscape'>\n\t\t\t\t<a href='https:\/\/www.athome.lu\/blog\/wp-content\/uploads\/2023\/02\/RTLxatHome-scaled-1.jpg'><img loading=\"lazy\" decoding=\"async\" width=\"1024\" height=\"683\" src=\"https:\/\/www.athome.lu\/blog\/wp-content\/uploads\/2023\/02\/RTLxatHome-scaled-1-1024x683.jpg\" class=\"attachment-large size-large\" alt=\"\" aria-describedby=\"gallery-1-16330\" srcset=\"https:\/\/www.athome.lu\/blog\/wp-content\/uploads\/2023\/02\/RTLxatHome-scaled-1-1024x683.jpg 1024w, https:\/\/www.athome.lu\/blog\/wp-content\/uploads\/2023\/02\/RTLxatHome-scaled-1-300x200.jpg 300w, https:\/\/www.athome.lu\/blog\/wp-content\/uploads\/2023\/02\/RTLxatHome-scaled-1-768x512.jpg 768w, https:\/\/www.athome.lu\/blog\/wp-content\/uploads\/2023\/02\/RTLxatHome-scaled-1-1536x1024.jpg 1536w, https:\/\/www.athome.lu\/blog\/wp-content\/uploads\/2023\/02\/RTLxatHome-scaled-1-2048x1366.jpg 2048w, https:\/\/www.athome.lu\/blog\/wp-content\/uploads\/2023\/02\/RTLxatHome-scaled-1-18x12.jpg 18w, https:\/\/www.athome.lu\/blog\/wp-content\/uploads\/2023\/02\/RTLxatHome-scaled-1.jpg 2560w\" sizes=\"auto, (max-width: 1024px) 100vw, 1024px\" \/><\/a>\n\t\t\t<\/div>\n\t\t\t\t<figcaption class='wp-caption-text gallery-caption' id='gallery-1-16330'>\n\t\t\t\tChristophe Goossens, CEO of RTL, and Soufiane Saadi, CEO of atHome Group.\n\t\t\t\t<\/figcaption><\/figure>\n\t\t<\/div>\n\n<p><strong>RTL Luxembourg and atHome Group<\/strong> have joined forces to offer content to a shared audience. RTL broadcasts\u00a0<strong>atHomeTV and LuxautoTV<\/strong>\u00a0<strong>on its television channel from Monday to Friday: 8am-9am, 11am-12am, 1pm-2pm, 5pm-6pm.<\/strong><\/p>\n<h2 class=\"last-child\"><strong>\ud83d\udc49 Increase your audience with atHome TV<\/strong><\/h2>\n<p><a href=\"https:\/\/www.rtl.lu\/tele\/live\" target=\"_blank\" rel=\"noopener\"><img loading=\"lazy\" decoding=\"async\" class=\"normal alignnone wp-image-13932\" src=\"https:\/\/www.athome.lu\/blog\/blog\/wp-content\/uploads\/2023\/02\/6e45a0ec-a2b4-e8b4-0769-faf4462d3261.png\" alt=\"more than 2,500 QR Codes scanned \" width=\"577\" height=\"220\" \/><\/a><\/p>\n<p><strong>atHome becomes part of your TV \ud83d\udcfa<\/strong> for 4 hours of broadcasting per day with a slideshow of ads with photos, logos and key information about the property. A QR code allows you to browse the advert directly from your mobile phone.<\/p>\n<p>Since the partnership was launched, over 2,500 QR codes have been scanned. This shared audience allows ads to <span style=\"color: #e4002b;\"><a style=\"color: #e4002b;\" href=\"https:\/\/www.athome.lu\/blog\/\" target=\"_blank\" rel=\"noopener\"><strong>atHome.lu <\/strong><\/a><\/span>to explore a new channel, television. Another opportunity for partner agencies.<\/p>\n<blockquote><p><em>\"Our partnership with RTL enables us to respond even more effectively to the needs of our estate agent customers (...). We are offering them an additional, highly qualified audience to support the development of their business,\" says Soufiane Saadi, CEO atHomeGroup.<\/em><\/p><\/blockquote>\n<h2 class=\"last-child\"><strong>\ud83d\udc49 Get more visibility with the RTL.lu portal<\/strong><\/h2>\n<p>Our <strong>search engine<\/strong>\u00a0<a href=\"https:\/\/www.athome.lu\/blog\/\" target=\"_blank\" rel=\"noopener\">atHome.lu<\/a> is integrated into the RTL Luxembourg medium to enable the audience of the <strong>media N\u00b01<\/strong> in Luxembourg to access your ads. All property advertisements are available on the following websites: <a href=\"https:\/\/www.rtl.lu\/immo\" target=\"_blank\" rel=\"noopener\"><strong>RTL.lu<\/strong><\/a><strong>,\u00a0<\/strong><a href=\"https:\/\/5minutes.rtl.lu\/immo\" target=\"_blank\" rel=\"noopener\"><strong>RTL 5 minutes<\/strong><\/a><strong>\u00a0and\u00a0<\/strong><a href=\"https:\/\/today.rtl.lu\/life\/real-estate\" target=\"_blank\" rel=\"noopener\"><strong>RTL Today.<\/strong><\/a><\/p>\n<p>It's the perfect combination to meet demand and gain widespread visibility across the Greater Region.<\/p>\n<p><a href=\"https:\/\/www.rtl.lu\/immo\" target=\"_blank\" rel=\"noopener\"><img loading=\"lazy\" decoding=\"async\" class=\"normal alignnone wp-image-13934\" src=\"https:\/\/www.athome.lu\/blog\/blog\/wp-content\/uploads\/2023\/02\/4c8169bc-7206-c314-b298-9e6976e40834.png\" alt=\"illustration of the integration of the atHome search engine via the RTL website\" width=\"600\" height=\"225\" srcset=\"https:\/\/www.athome.lu\/blog\/wp-content\/uploads\/2023\/02\/4c8169bc-7206-c314-b298-9e6976e40834.png 1144w, https:\/\/www.athome.lu\/blog\/wp-content\/uploads\/2023\/02\/4c8169bc-7206-c314-b298-9e6976e40834-300x112.png 300w, https:\/\/www.athome.lu\/blog\/wp-content\/uploads\/2023\/02\/4c8169bc-7206-c314-b298-9e6976e40834-1024x383.png 1024w, https:\/\/www.athome.lu\/blog\/wp-content\/uploads\/2023\/02\/4c8169bc-7206-c314-b298-9e6976e40834-768x287.png 768w, https:\/\/www.athome.lu\/blog\/wp-content\/uploads\/2023\/02\/4c8169bc-7206-c314-b298-9e6976e40834-18x7.png 18w\" sizes=\"auto, (max-width: 600px) 100vw, 600px\" \/><\/a><\/p>","protected":false},"excerpt":{"rendered":"<p>Profitez de la puissance de RTL Luxembourg ! Fin 2021, nous avons conclu un partenariat strat\u00e9gique avec le N\u00b01 des m\u00e9dias au Grand-Duch\u00e9 : RTL. Cette collaboration permet de proposer vos annonces \u00e0 une audience commune. (Re)-d\u00e9couvrez comment RTL Luxembourg et atHome unissent leurs forces. RTL Luxembourg et atHome Group se sont rapproch\u00e9s pour proposer [&hellip;]<\/p>\n","protected":false},"author":17,"featured_media":16330,"comment_status":"closed","ping_status":"closed","sticky":false,"template":"","format":"standard","meta":{"_acf_changed":false,"footnotes":""},"categories":[234],"tags":[],"class_list":["post-13926","post","type-post","status-publish","format-standard","has-post-thumbnail","hentry","category-actualites-athome"],"acf":[],"yoast_head":"<!-- This site is optimized with the Yoast SEO plugin v27.4 - https:\/\/yoast.com\/product\/yoast-seo-wordpress\/ -->\n<title>\u25b7 RTL Luxembourg et atHome unissent leurs forces | atHomePro<\/title>\n<meta name=\"robots\" content=\"index, follow, max-snippet:-1, max-image-preview:large, max-video-preview:-1\" \/>\n<link rel=\"canonical\" href=\"https:\/\/www.athome.lu\/blog\/en\/pro\/news-athome\/athome-rtl-luxembourg-partnership\/\" \/>\n<meta property=\"og:locale\" content=\"en_GB\" \/>\n<meta property=\"og:type\" content=\"article\" \/>\n<meta property=\"og:title\" content=\"\u25b7 RTL Luxembourg et atHome unissent leurs forces | atHomePro\" \/>\n<meta property=\"og:description\" content=\"Profitez de la puissance de RTL Luxembourg ! Fin 2021, nous avons conclu un partenariat strat\u00e9gique avec le N\u00b01 des m\u00e9dias au Grand-Duch\u00e9 : RTL. Cette collaboration permet de proposer vos annonces \u00e0 une audience commune. (Re)-d\u00e9couvrez comment RTL Luxembourg et atHome unissent leurs forces. RTL Luxembourg et atHome Group se sont rapproch\u00e9s pour proposer [&hellip;]\" \/>\n<meta property=\"og:url\" content=\"https:\/\/www.athome.lu\/blog\/en\/pro\/news-athome\/athome-rtl-luxembourg-partnership\/\" \/>\n<meta property=\"og:site_name\" content=\"atHome Blog\" \/>\n<meta property=\"article:publisher\" content=\"https:\/\/www.facebook.com\/atHome.lu\/\" \/>\n<meta property=\"article:published_time\" content=\"2023-02-24T14:54:06+00:00\" \/>\n<meta property=\"article:modified_time\" content=\"2024-04-23T07:40:45+00:00\" \/>\n<meta property=\"og:image\" content=\"https:\/\/www.athome.lu\/blog\/wp-content\/uploads\/2023\/02\/RTLxatHome-scaled-1.jpg\" \/>\n\t<meta property=\"og:image:width\" content=\"2560\" \/>\n\t<meta property=\"og:image:height\" content=\"1707\" \/>\n\t<meta property=\"og:image:type\" content=\"image\/jpeg\" \/>\n<meta name=\"author\" content=\"Fanny Pimentel\" \/>\n<meta name=\"twitter:card\" content=\"summary_large_image\" \/>\n<meta name=\"twitter:creator\" content=\"@athomelu\" \/>\n<meta name=\"twitter:site\" content=\"@athomelu\" \/>\n<meta name=\"twitter:label1\" content=\"Written by\" \/>\n\t<meta name=\"twitter:data1\" content=\"Fanny Pimentel\" \/>\n\t<meta name=\"twitter:label2\" content=\"Estimated reading time\" \/>\n\t<meta name=\"twitter:data2\" content=\"2 minutes\" \/>\n<script type=\"application\/ld+json\" class=\"yoast-schema-graph\">{\"@context\":\"https:\\\/\\\/schema.org\",\"@graph\":[{\"@type\":\"Article\",\"@id\":\"https:\\\/\\\/www.athome.lu\\\/blog\\\/pro\\\/actualites-athome\\\/partenariat-athome-rtl-luxembourg\\\/#article\",\"isPartOf\":{\"@id\":\"https:\\\/\\\/www.athome.lu\\\/blog\\\/pro\\\/actualites-athome\\\/partenariat-athome-rtl-luxembourg\\\/\"},\"author\":{\"name\":\"Fanny Pimentel\",\"@id\":\"https:\\\/\\\/www.athome.lu\\\/blog\\\/#\\\/schema\\\/person\\\/47f7a38089f837e792876ceddc4cb2dc\"},\"headline\":\"RTL Luxembourg et atHome unissent leurs forces\",\"datePublished\":\"2023-02-24T14:54:06+00:00\",\"dateModified\":\"2024-04-23T07:40:45+00:00\",\"mainEntityOfPage\":{\"@id\":\"https:\\\/\\\/www.athome.lu\\\/blog\\\/pro\\\/actualites-athome\\\/partenariat-athome-rtl-luxembourg\\\/\"},\"wordCount\":308,\"image\":{\"@id\":\"https:\\\/\\\/www.athome.lu\\\/blog\\\/pro\\\/actualites-athome\\\/partenariat-athome-rtl-luxembourg\\\/#primaryimage\"},\"thumbnailUrl\":\"https:\\\/\\\/www.athome.lu\\\/blog\\\/wp-content\\\/uploads\\\/2023\\\/02\\\/RTLxatHome-scaled-1.jpg\",\"articleSection\":[\"Actualit\u00e9s atHome\"],\"inLanguage\":\"en-GB\"},{\"@type\":\"WebPage\",\"@id\":\"https:\\\/\\\/www.athome.lu\\\/blog\\\/pro\\\/actualites-athome\\\/partenariat-athome-rtl-luxembourg\\\/\",\"url\":\"https:\\\/\\\/www.athome.lu\\\/blog\\\/pro\\\/actualites-athome\\\/partenariat-athome-rtl-luxembourg\\\/\",\"name\":\"\u25b7 RTL Luxembourg et atHome unissent leurs forces | atHomePro\",\"isPartOf\":{\"@id\":\"https:\\\/\\\/www.athome.lu\\\/blog\\\/#website\"},\"primaryImageOfPage\":{\"@id\":\"https:\\\/\\\/www.athome.lu\\\/blog\\\/pro\\\/actualites-athome\\\/partenariat-athome-rtl-luxembourg\\\/#primaryimage\"},\"image\":{\"@id\":\"https:\\\/\\\/www.athome.lu\\\/blog\\\/pro\\\/actualites-athome\\\/partenariat-athome-rtl-luxembourg\\\/#primaryimage\"},\"thumbnailUrl\":\"https:\\\/\\\/www.athome.lu\\\/blog\\\/wp-content\\\/uploads\\\/2023\\\/02\\\/RTLxatHome-scaled-1.jpg\",\"datePublished\":\"2023-02-24T14:54:06+00:00\",\"dateModified\":\"2024-04-23T07:40:45+00:00\",\"author\":{\"@id\":\"https:\\\/\\\/www.athome.lu\\\/blog\\\/#\\\/schema\\\/person\\\/47f7a38089f837e792876ceddc4cb2dc\"},\"breadcrumb\":{\"@id\":\"https:\\\/\\\/www.athome.lu\\\/blog\\\/pro\\\/actualites-athome\\\/partenariat-athome-rtl-luxembourg\\\/#breadcrumb\"},\"inLanguage\":\"en-GB\",\"potentialAction\":[{\"@type\":\"ReadAction\",\"target\":[\"https:\\\/\\\/www.athome.lu\\\/blog\\\/pro\\\/actualites-athome\\\/partenariat-athome-rtl-luxembourg\\\/\"]}]},{\"@type\":\"ImageObject\",\"inLanguage\":\"en-GB\",\"@id\":\"https:\\\/\\\/www.athome.lu\\\/blog\\\/pro\\\/actualites-athome\\\/partenariat-athome-rtl-luxembourg\\\/#primaryimage\",\"url\":\"https:\\\/\\\/www.athome.lu\\\/blog\\\/wp-content\\\/uploads\\\/2023\\\/02\\\/RTLxatHome-scaled-1.jpg\",\"contentUrl\":\"https:\\\/\\\/www.athome.lu\\\/blog\\\/wp-content\\\/uploads\\\/2023\\\/02\\\/RTLxatHome-scaled-1.jpg\",\"width\":2560,\"height\":1707,\"caption\":\"Christophe Goossens, CEO d\u2019RTL, et Soufiane Saadi, CEO d\u2019atHome Group.\"},{\"@type\":\"BreadcrumbList\",\"@id\":\"https:\\\/\\\/www.athome.lu\\\/blog\\\/pro\\\/actualites-athome\\\/partenariat-athome-rtl-luxembourg\\\/#breadcrumb\",\"itemListElement\":[{\"@type\":\"ListItem\",\"position\":1,\"name\":\"Accueil\",\"item\":\"https:\\\/\\\/www.athome.lu\\\/blog\\\/\"},{\"@type\":\"ListItem\",\"position\":2,\"name\":\"Pro\",\"item\":\"https:\\\/\\\/www.athome.lu\\\/blog\\\/category\\\/pro\\\/\"},{\"@type\":\"ListItem\",\"position\":3,\"name\":\"Actualit\u00e9s atHome\",\"item\":\"https:\\\/\\\/www.athome.lu\\\/blog\\\/category\\\/pro\\\/actualites-athome\\\/\"},{\"@type\":\"ListItem\",\"position\":4,\"name\":\"RTL Luxembourg et atHome unissent leurs forces\"}]},{\"@type\":\"WebSite\",\"@id\":\"https:\\\/\\\/www.athome.lu\\\/blog\\\/#website\",\"url\":\"https:\\\/\\\/www.athome.lu\\\/blog\\\/\",\"name\":\"atHome Blog\",\"description\":\"Annonces immobili\u00e8res au Luxembourg. Le portail immobilier n\u00b01 au Luxembourg.\",\"potentialAction\":[{\"@type\":\"SearchAction\",\"target\":{\"@type\":\"EntryPoint\",\"urlTemplate\":\"https:\\\/\\\/www.athome.lu\\\/blog\\\/?s={search_term_string}\"},\"query-input\":{\"@type\":\"PropertyValueSpecification\",\"valueRequired\":true,\"valueName\":\"search_term_string\"}}],\"inLanguage\":\"en-GB\"},{\"@type\":\"Person\",\"@id\":\"https:\\\/\\\/www.athome.lu\\\/blog\\\/#\\\/schema\\\/person\\\/47f7a38089f837e792876ceddc4cb2dc\",\"name\":\"Fanny Pimentel\",\"image\":{\"@type\":\"ImageObject\",\"inLanguage\":\"en-GB\",\"@id\":\"https:\\\/\\\/secure.gravatar.com\\\/avatar\\\/c60b27b93851dc9503f9cc9150e73dcb0a86ba6150657e5e4b11d988400bc633?s=96&d=mm&r=g\",\"url\":\"https:\\\/\\\/secure.gravatar.com\\\/avatar\\\/c60b27b93851dc9503f9cc9150e73dcb0a86ba6150657e5e4b11d988400bc633?s=96&d=mm&r=g\",\"contentUrl\":\"https:\\\/\\\/secure.gravatar.com\\\/avatar\\\/c60b27b93851dc9503f9cc9150e73dcb0a86ba6150657e5e4b11d988400bc633?s=96&d=mm&r=g\",\"caption\":\"Fanny Pimentel\"}}]}<\/script>\n<!-- \/ Yoast SEO plugin. -->","yoast_head_json":{"title":"\u25b7 RTL Luxembourg and atHome join forces | atHomePro","robots":{"index":"index","follow":"follow","max-snippet":"max-snippet:-1","max-image-preview":"max-image-preview:large","max-video-preview":"max-video-preview:-1"},"canonical":"https:\/\/www.athome.lu\/blog\/en\/pro\/news-athome\/athome-rtl-luxembourg-partnership\/","og_locale":"en_GB","og_type":"article","og_title":"\u25b7 RTL Luxembourg et atHome unissent leurs forces | atHomePro","og_description":"Profitez de la puissance de RTL Luxembourg ! Fin 2021, nous avons conclu un partenariat strat\u00e9gique avec le N\u00b01 des m\u00e9dias au Grand-Duch\u00e9 : RTL. Cette collaboration permet de proposer vos annonces \u00e0 une audience commune. (Re)-d\u00e9couvrez comment RTL Luxembourg et atHome unissent leurs forces. RTL Luxembourg et atHome Group se sont rapproch\u00e9s pour proposer [&hellip;]","og_url":"https:\/\/www.athome.lu\/blog\/en\/pro\/news-athome\/athome-rtl-luxembourg-partnership\/","og_site_name":"atHome Blog","article_publisher":"https:\/\/www.facebook.com\/atHome.lu\/","article_published_time":"2023-02-24T14:54:06+00:00","article_modified_time":"2024-04-23T07:40:45+00:00","og_image":[{"width":2560,"height":1707,"url":"https:\/\/www.athome.lu\/blog\/wp-content\/uploads\/2023\/02\/RTLxatHome-scaled-1.jpg","type":"image\/jpeg"}],"author":"Fanny Pimentel","twitter_card":"summary_large_image","twitter_creator":"@athomelu","twitter_site":"@athomelu","twitter_misc":{"Written by":"Fanny Pimentel","Estimated reading time":"2 minutes"},"schema":{"@context":"https:\/\/schema.org","@graph":[{"@type":"Article","@id":"https:\/\/www.athome.lu\/blog\/pro\/actualites-athome\/partenariat-athome-rtl-luxembourg\/#article","isPartOf":{"@id":"https:\/\/www.athome.lu\/blog\/pro\/actualites-athome\/partenariat-athome-rtl-luxembourg\/"},"author":{"name":"Fanny Pimentel","@id":"https:\/\/www.athome.lu\/blog\/#\/schema\/person\/47f7a38089f837e792876ceddc4cb2dc"},"headline":"RTL Luxembourg et atHome unissent leurs forces","datePublished":"2023-02-24T14:54:06+00:00","dateModified":"2024-04-23T07:40:45+00:00","mainEntityOfPage":{"@id":"https:\/\/www.athome.lu\/blog\/pro\/actualites-athome\/partenariat-athome-rtl-luxembourg\/"},"wordCount":308,"image":{"@id":"https:\/\/www.athome.lu\/blog\/pro\/actualites-athome\/partenariat-athome-rtl-luxembourg\/#primaryimage"},"thumbnailUrl":"https:\/\/www.athome.lu\/blog\/wp-content\/uploads\/2023\/02\/RTLxatHome-scaled-1.jpg","articleSection":["Actualit\u00e9s atHome"],"inLanguage":"en-GB"},{"@type":"WebPage","@id":"https:\/\/www.athome.lu\/blog\/pro\/actualites-athome\/partenariat-athome-rtl-luxembourg\/","url":"https:\/\/www.athome.lu\/blog\/pro\/actualites-athome\/partenariat-athome-rtl-luxembourg\/","name":"\u25b7 RTL Luxembourg and atHome join forces | atHomePro","isPartOf":{"@id":"https:\/\/www.athome.lu\/blog\/#website"},"primaryImageOfPage":{"@id":"https:\/\/www.athome.lu\/blog\/pro\/actualites-athome\/partenariat-athome-rtl-luxembourg\/#primaryimage"},"image":{"@id":"https:\/\/www.athome.lu\/blog\/pro\/actualites-athome\/partenariat-athome-rtl-luxembourg\/#primaryimage"},"thumbnailUrl":"https:\/\/www.athome.lu\/blog\/wp-content\/uploads\/2023\/02\/RTLxatHome-scaled-1.jpg","datePublished":"2023-02-24T14:54:06+00:00","dateModified":"2024-04-23T07:40:45+00:00","author":{"@id":"https:\/\/www.athome.lu\/blog\/#\/schema\/person\/47f7a38089f837e792876ceddc4cb2dc"},"breadcrumb":{"@id":"https:\/\/www.athome.lu\/blog\/pro\/actualites-athome\/partenariat-athome-rtl-luxembourg\/#breadcrumb"},"inLanguage":"en-GB","potentialAction":[{"@type":"ReadAction","target":["https:\/\/www.athome.lu\/blog\/pro\/actualites-athome\/partenariat-athome-rtl-luxembourg\/"]}]},{"@type":"ImageObject","inLanguage":"en-GB","@id":"https:\/\/www.athome.lu\/blog\/pro\/actualites-athome\/partenariat-athome-rtl-luxembourg\/#primaryimage","url":"https:\/\/www.athome.lu\/blog\/wp-content\/uploads\/2023\/02\/RTLxatHome-scaled-1.jpg","contentUrl":"https:\/\/www.athome.lu\/blog\/wp-content\/uploads\/2023\/02\/RTLxatHome-scaled-1.jpg","width":2560,"height":1707,"caption":"Christophe Goossens, CEO d\u2019RTL, et Soufiane Saadi, CEO d\u2019atHome Group."},{"@type":"BreadcrumbList","@id":"https:\/\/www.athome.lu\/blog\/pro\/actualites-athome\/partenariat-athome-rtl-luxembourg\/#breadcrumb","itemListElement":[{"@type":"ListItem","position":1,"name":"Accueil","item":"https:\/\/www.athome.lu\/blog\/"},{"@type":"ListItem","position":2,"name":"Pro","item":"https:\/\/www.athome.lu\/blog\/category\/pro\/"},{"@type":"ListItem","position":3,"name":"Actualit\u00e9s atHome","item":"https:\/\/www.athome.lu\/blog\/category\/pro\/actualites-athome\/"},{"@type":"ListItem","position":4,"name":"RTL Luxembourg et atHome unissent leurs forces"}]},{"@type":"WebSite","@id":"https:\/\/www.athome.lu\/blog\/#website","url":"https:\/\/www.athome.lu\/blog\/","name":"atHome Blog","description":"Real estate ads in Luxembourg. The n\u00b01 real estate portal in Luxembourg.","potentialAction":[{"@type":"SearchAction","target":{"@type":"EntryPoint","urlTemplate":"https:\/\/www.athome.lu\/blog\/?s={search_term_string}"},"query-input":{"@type":"PropertyValueSpecification","valueRequired":true,"valueName":"search_term_string"}}],"inLanguage":"en-GB"},{"@type":"Person","@id":"https:\/\/www.athome.lu\/blog\/#\/schema\/person\/47f7a38089f837e792876ceddc4cb2dc","name":"Fanny Pimentel","image":{"@type":"ImageObject","inLanguage":"en-GB","@id":"https:\/\/secure.gravatar.com\/avatar\/c60b27b93851dc9503f9cc9150e73dcb0a86ba6150657e5e4b11d988400bc633?s=96&d=mm&r=g","url":"https:\/\/secure.gravatar.com\/avatar\/c60b27b93851dc9503f9cc9150e73dcb0a86ba6150657e5e4b11d988400bc633?s=96&d=mm&r=g","contentUrl":"https:\/\/secure.gravatar.com\/avatar\/c60b27b93851dc9503f9cc9150e73dcb0a86ba6150657e5e4b11d988400bc633?s=96&d=mm&r=g","caption":"Fanny Pimentel"}}]}},"featured_media_src_url":"https:\/\/www.athome.lu\/blog\/wp-content\/uploads\/2023\/02\/RTLxatHome-scaled-1-1024x683.jpg","_links":{"self":[{"href":"https:\/\/www.athome.lu\/blog\/en\/wp-json\/wp\/v2\/posts\/13926","targetHints":{"allow":["GET"]}}],"collection":[{"href":"https:\/\/www.athome.lu\/blog\/en\/wp-json\/wp\/v2\/posts"}],"about":[{"href":"https:\/\/www.athome.lu\/blog\/en\/wp-json\/wp\/v2\/types\/post"}],"author":[{"embeddable":true,"href":"https:\/\/www.athome.lu\/blog\/en\/wp-json\/wp\/v2\/users\/17"}],"replies":[{"embeddable":true,"href":"https:\/\/www.athome.lu\/blog\/en\/wp-json\/wp\/v2\/comments?post=13926"}],"version-history":[{"count":2,"href":"https:\/\/www.athome.lu\/blog\/en\/wp-json\/wp\/v2\/posts\/13926\/revisions"}],"predecessor-version":[{"id":16389,"href":"https:\/\/www.athome.lu\/blog\/en\/wp-json\/wp\/v2\/posts\/13926\/revisions\/16389"}],"wp:featuredmedia":[{"embeddable":true,"href":"https:\/\/www.athome.lu\/blog\/en\/wp-json\/wp\/v2\/media\/16330"}],"wp:attachment":[{"href":"https:\/\/www.athome.lu\/blog\/en\/wp-json\/wp\/v2\/media?parent=13926"}],"wp:term":[{"taxonomy":"category","embeddable":true,"href":"https:\/\/www.athome.lu\/blog\/en\/wp-json\/wp\/v2\/categories?post=13926"},{"taxonomy":"post_tag","embeddable":true,"href":"https:\/\/www.athome.lu\/blog\/en\/wp-json\/wp\/v2\/tags?post=13926"}],"curies":[{"name":"wp","href":"https:\/\/api.w.org\/{rel}","templated":true}]}}