{"id":16872,"date":"2025-01-16T09:17:12","date_gmt":"2025-01-16T08:17:12","guid":{"rendered":"https:\/\/www.athome.lu\/blog\/?p=16872"},"modified":"2025-10-01T09:08:53","modified_gmt":"2025-10-01T07:08:53","slug":"property-tax-measures-extended-until-1%e1%b5%89%ca%b3-july-2025","status":"publish","type":"post","link":"https:\/\/www.athome.lu\/blog\/en\/acheter\/les-mesures-fiscales-immobilieres-prolongees-jusquau-1%e1%b5%89%ca%b3-juillet-2025\/","title":{"rendered":"Property tax measures extended to 30 June 2025"},"content":{"rendered":"<p><strong>The property market in Luxembourg has been given a further boost. Announced on 13 December 2024 by Prime Minister Luc Frieden, several major tax measures that were due to expire at the end of 2024 have been extended until 30 June 2025.<\/strong><\/p>\n\n\n\n<h2 class=\"wp-block-heading\">Extended measures: what you need to know<\/h2>\n\n\n\n<ul class=\"wp-block-list\">\n<li><strong>B\u00ebllegen Akt \"doped\" :<\/strong> A reduction in registration fees to reduce your costs when buying a property.<\/li>\n<\/ul>\n\n\n\n<p><\/p>\n\n\n\n<ul class=\"wp-block-list\">\n<li><strong>B\u00ebllegen Akt for rental investors<\/strong> Tax benefits for those who invest in buy-to-let properties.<\/li>\n<\/ul>\n\n\n\n<p><\/p>\n\n\n\n<ul class=\"wp-block-list\">\n<li><strong>Accelerated depreciation at 6%<\/strong> A quick tax deduction for homeowners, ideal for reducing your tax bill.<\/li>\n<\/ul>\n\n\n\n<p><\/p>\n\n\n\n<ul class=\"wp-block-list\">\n<li><strong>Reduced taxation on capital gains<\/strong> Less tax to pay if you sell a property, making transactions more attractive.<\/li>\n<\/ul>\n\n\n\n<h2 class=\"wp-block-heading\">What does this mean in practical terms?<\/h2>\n\n\n\n<ul class=\"wp-block-list\">\n<li><strong>For buyers <\/strong>Less acquisition costs thanks to B\u00ebllegen Akt.<\/li>\n<\/ul>\n\n\n\n<p><\/p>\n\n\n\n<ul class=\"wp-block-list\">\n<li><strong>For investors<\/strong> A tax framework that supports your rental projects.<\/li>\n<\/ul>\n\n\n\n<p><\/p>\n\n\n\n<ul class=\"wp-block-list\">\n<li><strong>For sellers <\/strong>: Reduced taxation to make it easier for you to sell.<\/li>\n<\/ul>\n\n\n\n<p><\/p>\n\n\n\n<ul class=\"wp-block-list\">\n<li><strong>For homeowners <\/strong>: The possibility of continuing to depreciate your property quickly.<\/li>\n<\/ul>\n\n\n\n<h2 class=\"wp-block-heading\">Last chance!<\/h2>\n\n\n\n<p>These schemes are extended until <strong>30 June 2025<\/strong>with retroactive effect to <strong>1\u1d49\u02b3 January 2025<\/strong>, but will not be renewed afterwards. If you have a project in mind, now is the time to get started.<\/p>\n\n\n\n<p>Whether you're buying, investing or selling, these measures represent a real opportunity not to be missed. Talk to <strong>a real estate advisor <\/strong>or with one of<strong> <a href=\"https:\/\/www.athome.lu\/finance\/pret-immobilier\/nos-experts\">our finance brokers<\/a><\/strong> to make the most of them before they expire.<\/p>\n\n\n\n<p><\/p>","protected":false},"excerpt":{"rendered":"<p>Le march\u00e9 immobilier au Luxembourg b\u00e9n\u00e9ficie d\u2019un petit coup de pouce suppl\u00e9mentaire. Annonc\u00e9es le 13 d\u00e9cembre 2024 par le Premier ministre Luc Frieden, plusieurs mesures fiscales importantes, qui devaient expirer fin 2024, sont prolong\u00e9es jusqu\u2019au 30 juin 2025. Les mesures prolong\u00e9es : ce qu\u2019il faut retenir Concr\u00e8tement, qu\u2019est-ce que cela change ? Attention, derni\u00e8re chance [&hellip;]<\/p>\n","protected":false},"author":19,"featured_media":16917,"comment_status":"closed","ping_status":"closed","sticky":false,"template":"","format":"standard","meta":{"_acf_changed":false,"footnotes":""},"categories":[3,11],"tags":[],"class_list":["post-16872","post","type-post","status-publish","format-standard","has-post-thumbnail","hentry","category-acheter","category-fiscalite"],"acf":[],"yoast_head":"<!-- This site is optimized with the Yoast SEO plugin v27.4 - https:\/\/yoast.com\/product\/yoast-seo-wordpress\/ -->\n<title>Les mesures fiscales immobili\u00e8res prolong\u00e9es jusqu&#039;au 30 juin 2025 - atHome Blog<\/title>\n<meta name=\"robots\" content=\"index, follow, max-snippet:-1, max-image-preview:large, max-video-preview:-1\" \/>\n<link rel=\"canonical\" href=\"https:\/\/www.athome.lu\/blog\/en\/buy\/property-tax-measures-extended-until-1\u1d49\u02b3-july-2025\/\" \/>\n<meta property=\"og:locale\" content=\"en_GB\" \/>\n<meta property=\"og:type\" content=\"article\" \/>\n<meta property=\"og:title\" content=\"Les mesures fiscales immobili\u00e8res prolong\u00e9es jusqu&#039;au 30 juin 2025 - atHome Blog\" \/>\n<meta property=\"og:description\" content=\"Le march\u00e9 immobilier au Luxembourg b\u00e9n\u00e9ficie d\u2019un petit coup de pouce suppl\u00e9mentaire. Annonc\u00e9es le 13 d\u00e9cembre 2024 par le Premier ministre Luc Frieden, plusieurs mesures fiscales importantes, qui devaient expirer fin 2024, sont prolong\u00e9es jusqu\u2019au 30 juin 2025. Les mesures prolong\u00e9es : ce qu\u2019il faut retenir Concr\u00e8tement, qu\u2019est-ce que cela change ? Attention, derni\u00e8re chance [&hellip;]\" \/>\n<meta property=\"og:url\" content=\"https:\/\/www.athome.lu\/blog\/en\/buy\/property-tax-measures-extended-until-1\u1d49\u02b3-july-2025\/\" \/>\n<meta property=\"og:site_name\" content=\"atHome Blog\" \/>\n<meta property=\"article:publisher\" content=\"https:\/\/www.facebook.com\/atHome.lu\/\" \/>\n<meta property=\"article:published_time\" content=\"2025-01-16T08:17:12+00:00\" \/>\n<meta property=\"article:modified_time\" content=\"2025-10-01T07:08:53+00:00\" \/>\n<meta property=\"og:image\" content=\"https:\/\/www.athome.lu\/blog\/wp-content\/uploads\/2025\/01\/Design-sans-titre-3-1024x305.png\" \/>\n\t<meta property=\"og:image:width\" content=\"1024\" \/>\n\t<meta property=\"og:image:height\" content=\"305\" \/>\n\t<meta property=\"og:image:type\" content=\"image\/png\" \/>\n<meta name=\"author\" content=\"atHome.lu\" \/>\n<meta name=\"twitter:card\" content=\"summary_large_image\" \/>\n<meta name=\"twitter:creator\" content=\"@athomelu\" \/>\n<meta name=\"twitter:site\" content=\"@athomelu\" \/>\n<meta name=\"twitter:label1\" content=\"Written by\" \/>\n\t<meta name=\"twitter:data1\" content=\"atHome.lu\" \/>\n\t<meta name=\"twitter:label2\" content=\"Estimated reading time\" \/>\n\t<meta name=\"twitter:data2\" content=\"2 minutes\" \/>\n<script type=\"application\/ld+json\" class=\"yoast-schema-graph\">{\"@context\":\"https:\\\/\\\/schema.org\",\"@graph\":[{\"@type\":\"Article\",\"@id\":\"https:\\\/\\\/www.athome.lu\\\/blog\\\/acheter\\\/les-mesures-fiscales-immobilieres-prolongees-jusquau-1%e1%b5%89%ca%b3-juillet-2025\\\/#article\",\"isPartOf\":{\"@id\":\"https:\\\/\\\/www.athome.lu\\\/blog\\\/acheter\\\/les-mesures-fiscales-immobilieres-prolongees-jusquau-1%e1%b5%89%ca%b3-juillet-2025\\\/\"},\"author\":{\"name\":\"atHome.lu\",\"@id\":\"https:\\\/\\\/www.athome.lu\\\/blog\\\/#\\\/schema\\\/person\\\/6b0cae19a94059156faf7f0ce969b4a0\"},\"headline\":\"Les mesures fiscales immobili\u00e8res prolong\u00e9es jusqu'au 30 juin 2025\",\"datePublished\":\"2025-01-16T08:17:12+00:00\",\"dateModified\":\"2025-10-01T07:08:53+00:00\",\"mainEntityOfPage\":{\"@id\":\"https:\\\/\\\/www.athome.lu\\\/blog\\\/acheter\\\/les-mesures-fiscales-immobilieres-prolongees-jusquau-1%e1%b5%89%ca%b3-juillet-2025\\\/\"},\"wordCount\":281,\"image\":{\"@id\":\"https:\\\/\\\/www.athome.lu\\\/blog\\\/acheter\\\/les-mesures-fiscales-immobilieres-prolongees-jusquau-1%e1%b5%89%ca%b3-juillet-2025\\\/#primaryimage\"},\"thumbnailUrl\":\"https:\\\/\\\/www.athome.lu\\\/blog\\\/wp-content\\\/uploads\\\/2025\\\/01\\\/Design-sans-titre-3.png\",\"articleSection\":[\"Acheter\",\"Fiscalit\u00e9\"],\"inLanguage\":\"en-GB\"},{\"@type\":\"WebPage\",\"@id\":\"https:\\\/\\\/www.athome.lu\\\/blog\\\/acheter\\\/les-mesures-fiscales-immobilieres-prolongees-jusquau-1%e1%b5%89%ca%b3-juillet-2025\\\/\",\"url\":\"https:\\\/\\\/www.athome.lu\\\/blog\\\/acheter\\\/les-mesures-fiscales-immobilieres-prolongees-jusquau-1%e1%b5%89%ca%b3-juillet-2025\\\/\",\"name\":\"Les mesures fiscales immobili\u00e8res prolong\u00e9es jusqu'au 30 juin 2025 - atHome Blog\",\"isPartOf\":{\"@id\":\"https:\\\/\\\/www.athome.lu\\\/blog\\\/#website\"},\"primaryImageOfPage\":{\"@id\":\"https:\\\/\\\/www.athome.lu\\\/blog\\\/acheter\\\/les-mesures-fiscales-immobilieres-prolongees-jusquau-1%e1%b5%89%ca%b3-juillet-2025\\\/#primaryimage\"},\"image\":{\"@id\":\"https:\\\/\\\/www.athome.lu\\\/blog\\\/acheter\\\/les-mesures-fiscales-immobilieres-prolongees-jusquau-1%e1%b5%89%ca%b3-juillet-2025\\\/#primaryimage\"},\"thumbnailUrl\":\"https:\\\/\\\/www.athome.lu\\\/blog\\\/wp-content\\\/uploads\\\/2025\\\/01\\\/Design-sans-titre-3.png\",\"datePublished\":\"2025-01-16T08:17:12+00:00\",\"dateModified\":\"2025-10-01T07:08:53+00:00\",\"author\":{\"@id\":\"https:\\\/\\\/www.athome.lu\\\/blog\\\/#\\\/schema\\\/person\\\/6b0cae19a94059156faf7f0ce969b4a0\"},\"breadcrumb\":{\"@id\":\"https:\\\/\\\/www.athome.lu\\\/blog\\\/acheter\\\/les-mesures-fiscales-immobilieres-prolongees-jusquau-1%e1%b5%89%ca%b3-juillet-2025\\\/#breadcrumb\"},\"inLanguage\":\"en-GB\",\"potentialAction\":[{\"@type\":\"ReadAction\",\"target\":[\"https:\\\/\\\/www.athome.lu\\\/blog\\\/acheter\\\/les-mesures-fiscales-immobilieres-prolongees-jusquau-1%e1%b5%89%ca%b3-juillet-2025\\\/\"]}]},{\"@type\":\"ImageObject\",\"inLanguage\":\"en-GB\",\"@id\":\"https:\\\/\\\/www.athome.lu\\\/blog\\\/acheter\\\/les-mesures-fiscales-immobilieres-prolongees-jusquau-1%e1%b5%89%ca%b3-juillet-2025\\\/#primaryimage\",\"url\":\"https:\\\/\\\/www.athome.lu\\\/blog\\\/wp-content\\\/uploads\\\/2025\\\/01\\\/Design-sans-titre-3.png\",\"contentUrl\":\"https:\\\/\\\/www.athome.lu\\\/blog\\\/wp-content\\\/uploads\\\/2025\\\/01\\\/Design-sans-titre-3.png\",\"width\":5769,\"height\":1719},{\"@type\":\"BreadcrumbList\",\"@id\":\"https:\\\/\\\/www.athome.lu\\\/blog\\\/acheter\\\/les-mesures-fiscales-immobilieres-prolongees-jusquau-1%e1%b5%89%ca%b3-juillet-2025\\\/#breadcrumb\",\"itemListElement\":[{\"@type\":\"ListItem\",\"position\":1,\"name\":\"Accueil\",\"item\":\"https:\\\/\\\/www.athome.lu\\\/blog\\\/\"},{\"@type\":\"ListItem\",\"position\":2,\"name\":\"Acheter\",\"item\":\"https:\\\/\\\/www.athome.lu\\\/blog\\\/en\\\/category\\\/buy\\\/\"},{\"@type\":\"ListItem\",\"position\":3,\"name\":\"Les mesures fiscales immobili\u00e8res prolong\u00e9es jusqu'au 30 juin 2025\"}]},{\"@type\":\"WebSite\",\"@id\":\"https:\\\/\\\/www.athome.lu\\\/blog\\\/#website\",\"url\":\"https:\\\/\\\/www.athome.lu\\\/blog\\\/\",\"name\":\"atHome Blog\",\"description\":\"Annonces immobili\u00e8res au Luxembourg. Le portail immobilier n\u00b01 au Luxembourg.\",\"potentialAction\":[{\"@type\":\"SearchAction\",\"target\":{\"@type\":\"EntryPoint\",\"urlTemplate\":\"https:\\\/\\\/www.athome.lu\\\/blog\\\/?s={search_term_string}\"},\"query-input\":{\"@type\":\"PropertyValueSpecification\",\"valueRequired\":true,\"valueName\":\"search_term_string\"}}],\"inLanguage\":\"en-GB\"},{\"@type\":\"Person\",\"@id\":\"https:\\\/\\\/www.athome.lu\\\/blog\\\/#\\\/schema\\\/person\\\/6b0cae19a94059156faf7f0ce969b4a0\",\"name\":\"atHome.lu\",\"image\":{\"@type\":\"ImageObject\",\"inLanguage\":\"en-GB\",\"@id\":\"https:\\\/\\\/secure.gravatar.com\\\/avatar\\\/aaf3e502d7787af3ce4793c226e9640b6ab8f2b336039142fc34b438e2e085e8?s=96&d=mm&r=g\",\"url\":\"https:\\\/\\\/secure.gravatar.com\\\/avatar\\\/aaf3e502d7787af3ce4793c226e9640b6ab8f2b336039142fc34b438e2e085e8?s=96&d=mm&r=g\",\"contentUrl\":\"https:\\\/\\\/secure.gravatar.com\\\/avatar\\\/aaf3e502d7787af3ce4793c226e9640b6ab8f2b336039142fc34b438e2e085e8?s=96&d=mm&r=g\",\"caption\":\"atHome.lu\"}}]}<\/script>\n<!-- \/ Yoast SEO plugin. -->","yoast_head_json":{"title":"Property tax measures extended until 30 June 2025 - atHome Blog","robots":{"index":"index","follow":"follow","max-snippet":"max-snippet:-1","max-image-preview":"max-image-preview:large","max-video-preview":"max-video-preview:-1"},"canonical":"https:\/\/www.athome.lu\/blog\/en\/buy\/property-tax-measures-extended-until-1\u1d49\u02b3-july-2025\/","og_locale":"en_GB","og_type":"article","og_title":"Les mesures fiscales immobili\u00e8res prolong\u00e9es jusqu'au 30 juin 2025 - atHome Blog","og_description":"Le march\u00e9 immobilier au Luxembourg b\u00e9n\u00e9ficie d\u2019un petit coup de pouce suppl\u00e9mentaire. Annonc\u00e9es le 13 d\u00e9cembre 2024 par le Premier ministre Luc Frieden, plusieurs mesures fiscales importantes, qui devaient expirer fin 2024, sont prolong\u00e9es jusqu\u2019au 30 juin 2025. Les mesures prolong\u00e9es : ce qu\u2019il faut retenir Concr\u00e8tement, qu\u2019est-ce que cela change ? Attention, derni\u00e8re chance [&hellip;]","og_url":"https:\/\/www.athome.lu\/blog\/en\/buy\/property-tax-measures-extended-until-1\u1d49\u02b3-july-2025\/","og_site_name":"atHome Blog","article_publisher":"https:\/\/www.facebook.com\/atHome.lu\/","article_published_time":"2025-01-16T08:17:12+00:00","article_modified_time":"2025-10-01T07:08:53+00:00","og_image":[{"width":1024,"height":305,"url":"https:\/\/www.athome.lu\/blog\/wp-content\/uploads\/2025\/01\/Design-sans-titre-3-1024x305.png","type":"image\/png"}],"author":"atHome.lu","twitter_card":"summary_large_image","twitter_creator":"@athomelu","twitter_site":"@athomelu","twitter_misc":{"Written by":"atHome.lu","Estimated reading time":"2 minutes"},"schema":{"@context":"https:\/\/schema.org","@graph":[{"@type":"Article","@id":"https:\/\/www.athome.lu\/blog\/acheter\/les-mesures-fiscales-immobilieres-prolongees-jusquau-1%e1%b5%89%ca%b3-juillet-2025\/#article","isPartOf":{"@id":"https:\/\/www.athome.lu\/blog\/acheter\/les-mesures-fiscales-immobilieres-prolongees-jusquau-1%e1%b5%89%ca%b3-juillet-2025\/"},"author":{"name":"atHome.lu","@id":"https:\/\/www.athome.lu\/blog\/#\/schema\/person\/6b0cae19a94059156faf7f0ce969b4a0"},"headline":"Les mesures fiscales immobili\u00e8res prolong\u00e9es jusqu'au 30 juin 2025","datePublished":"2025-01-16T08:17:12+00:00","dateModified":"2025-10-01T07:08:53+00:00","mainEntityOfPage":{"@id":"https:\/\/www.athome.lu\/blog\/acheter\/les-mesures-fiscales-immobilieres-prolongees-jusquau-1%e1%b5%89%ca%b3-juillet-2025\/"},"wordCount":281,"image":{"@id":"https:\/\/www.athome.lu\/blog\/acheter\/les-mesures-fiscales-immobilieres-prolongees-jusquau-1%e1%b5%89%ca%b3-juillet-2025\/#primaryimage"},"thumbnailUrl":"https:\/\/www.athome.lu\/blog\/wp-content\/uploads\/2025\/01\/Design-sans-titre-3.png","articleSection":["Acheter","Fiscalit\u00e9"],"inLanguage":"en-GB"},{"@type":"WebPage","@id":"https:\/\/www.athome.lu\/blog\/acheter\/les-mesures-fiscales-immobilieres-prolongees-jusquau-1%e1%b5%89%ca%b3-juillet-2025\/","url":"https:\/\/www.athome.lu\/blog\/acheter\/les-mesures-fiscales-immobilieres-prolongees-jusquau-1%e1%b5%89%ca%b3-juillet-2025\/","name":"Property tax measures extended until 30 June 2025 - atHome Blog","isPartOf":{"@id":"https:\/\/www.athome.lu\/blog\/#website"},"primaryImageOfPage":{"@id":"https:\/\/www.athome.lu\/blog\/acheter\/les-mesures-fiscales-immobilieres-prolongees-jusquau-1%e1%b5%89%ca%b3-juillet-2025\/#primaryimage"},"image":{"@id":"https:\/\/www.athome.lu\/blog\/acheter\/les-mesures-fiscales-immobilieres-prolongees-jusquau-1%e1%b5%89%ca%b3-juillet-2025\/#primaryimage"},"thumbnailUrl":"https:\/\/www.athome.lu\/blog\/wp-content\/uploads\/2025\/01\/Design-sans-titre-3.png","datePublished":"2025-01-16T08:17:12+00:00","dateModified":"2025-10-01T07:08:53+00:00","author":{"@id":"https:\/\/www.athome.lu\/blog\/#\/schema\/person\/6b0cae19a94059156faf7f0ce969b4a0"},"breadcrumb":{"@id":"https:\/\/www.athome.lu\/blog\/acheter\/les-mesures-fiscales-immobilieres-prolongees-jusquau-1%e1%b5%89%ca%b3-juillet-2025\/#breadcrumb"},"inLanguage":"en-GB","potentialAction":[{"@type":"ReadAction","target":["https:\/\/www.athome.lu\/blog\/acheter\/les-mesures-fiscales-immobilieres-prolongees-jusquau-1%e1%b5%89%ca%b3-juillet-2025\/"]}]},{"@type":"ImageObject","inLanguage":"en-GB","@id":"https:\/\/www.athome.lu\/blog\/acheter\/les-mesures-fiscales-immobilieres-prolongees-jusquau-1%e1%b5%89%ca%b3-juillet-2025\/#primaryimage","url":"https:\/\/www.athome.lu\/blog\/wp-content\/uploads\/2025\/01\/Design-sans-titre-3.png","contentUrl":"https:\/\/www.athome.lu\/blog\/wp-content\/uploads\/2025\/01\/Design-sans-titre-3.png","width":5769,"height":1719},{"@type":"BreadcrumbList","@id":"https:\/\/www.athome.lu\/blog\/acheter\/les-mesures-fiscales-immobilieres-prolongees-jusquau-1%e1%b5%89%ca%b3-juillet-2025\/#breadcrumb","itemListElement":[{"@type":"ListItem","position":1,"name":"Accueil","item":"https:\/\/www.athome.lu\/blog\/"},{"@type":"ListItem","position":2,"name":"Acheter","item":"https:\/\/www.athome.lu\/blog\/en\/category\/buy\/"},{"@type":"ListItem","position":3,"name":"Les mesures fiscales immobili\u00e8res prolong\u00e9es jusqu'au 30 juin 2025"}]},{"@type":"WebSite","@id":"https:\/\/www.athome.lu\/blog\/#website","url":"https:\/\/www.athome.lu\/blog\/","name":"atHome Blog","description":"Real estate ads in Luxembourg. The n\u00b01 real estate portal in Luxembourg.","potentialAction":[{"@type":"SearchAction","target":{"@type":"EntryPoint","urlTemplate":"https:\/\/www.athome.lu\/blog\/?s={search_term_string}"},"query-input":{"@type":"PropertyValueSpecification","valueRequired":true,"valueName":"search_term_string"}}],"inLanguage":"en-GB"},{"@type":"Person","@id":"https:\/\/www.athome.lu\/blog\/#\/schema\/person\/6b0cae19a94059156faf7f0ce969b4a0","name":"atHome.lu","image":{"@type":"ImageObject","inLanguage":"en-GB","@id":"https:\/\/secure.gravatar.com\/avatar\/aaf3e502d7787af3ce4793c226e9640b6ab8f2b336039142fc34b438e2e085e8?s=96&d=mm&r=g","url":"https:\/\/secure.gravatar.com\/avatar\/aaf3e502d7787af3ce4793c226e9640b6ab8f2b336039142fc34b438e2e085e8?s=96&d=mm&r=g","contentUrl":"https:\/\/secure.gravatar.com\/avatar\/aaf3e502d7787af3ce4793c226e9640b6ab8f2b336039142fc34b438e2e085e8?s=96&d=mm&r=g","caption":"atHome.lu"}}]}},"featured_media_src_url":"https:\/\/www.athome.lu\/blog\/wp-content\/uploads\/2025\/01\/Design-sans-titre-3-1024x305.png","_links":{"self":[{"href":"https:\/\/www.athome.lu\/blog\/en\/wp-json\/wp\/v2\/posts\/16872","targetHints":{"allow":["GET"]}}],"collection":[{"href":"https:\/\/www.athome.lu\/blog\/en\/wp-json\/wp\/v2\/posts"}],"about":[{"href":"https:\/\/www.athome.lu\/blog\/en\/wp-json\/wp\/v2\/types\/post"}],"author":[{"embeddable":true,"href":"https:\/\/www.athome.lu\/blog\/en\/wp-json\/wp\/v2\/users\/19"}],"replies":[{"embeddable":true,"href":"https:\/\/www.athome.lu\/blog\/en\/wp-json\/wp\/v2\/comments?post=16872"}],"version-history":[{"count":5,"href":"https:\/\/www.athome.lu\/blog\/en\/wp-json\/wp\/v2\/posts\/16872\/revisions"}],"predecessor-version":[{"id":17493,"href":"https:\/\/www.athome.lu\/blog\/en\/wp-json\/wp\/v2\/posts\/16872\/revisions\/17493"}],"wp:featuredmedia":[{"embeddable":true,"href":"https:\/\/www.athome.lu\/blog\/en\/wp-json\/wp\/v2\/media\/16917"}],"wp:attachment":[{"href":"https:\/\/www.athome.lu\/blog\/en\/wp-json\/wp\/v2\/media?parent=16872"}],"wp:term":[{"taxonomy":"category","embeddable":true,"href":"https:\/\/www.athome.lu\/blog\/en\/wp-json\/wp\/v2\/categories?post=16872"},{"taxonomy":"post_tag","embeddable":true,"href":"https:\/\/www.athome.lu\/blog\/en\/wp-json\/wp\/v2\/tags?post=16872"}],"curies":[{"name":"wp","href":"https:\/\/api.w.org\/{rel}","templated":true}]}}