{"id":17336,"date":"2025-04-01T11:00:56","date_gmt":"2025-04-01T09:00:56","guid":{"rendered":"https:\/\/www.athome.lu\/blog\/?p=17336"},"modified":"2025-06-30T18:25:15","modified_gmt":"2025-06-30T16:25:15","slug":"q1-2025-towards-a-gradual-recovery-in-selling-prices-and-a-rebalancing-of-the-rental-market","status":"publish","type":"post","link":"https:\/\/www.athome.lu\/blog\/en\/marche-immobilier\/t1-2025-vers-une-reprise-progressive-des-prix-de-vente-et-un-reequilibrage-du-marche-locatif\/","title":{"rendered":"Q1 2025: Towards a gradual recovery in selling prices and a rebalancing of the rental market"},"content":{"rendered":"<p>The first quarter of 2025 marks a <strong>turning point <\/strong>for the Luxembourg property market, with a slight <strong>recovery <\/strong>sales prices and <strong>adjustment <\/strong>in the rental market as a result of<strong> marked increase<\/strong>e sales in the last quarter of 2024.<\/p>\n\n\n\n<p>After a phase of <strong>stabilisation<\/strong>prices for existing homes are up <strong>increase <\/strong>by +3.51TP3Q compared with the previous quarter, confirming renewed interest in this segment. The market for existing flats remains generally <strong>stable <\/strong>(+0.11TP3Q), while new flat sales continued to rise. <strong>an upward trend<\/strong> (+1.2%). These trends will need to be monitored over the coming months to assess their impact. <strong>sustainability<\/strong>. The average price of an old house in Luxembourg, all surface areas combined, is \u20ac5,905\/m\u00b2, and that of an old flat is \u20ac7,790\/m\u00b2.<\/p>\n\n\n\n<p><strong>A sales market that varies from region to region<\/strong><\/p>\n\n\n\n<p>In the space of a year, house prices have risen by <strong>increased <\/strong>in several areas, notably in the East, Centre and South, where the <strong>request <\/strong>remains <strong>strong<\/strong>. On the other hand, prices of old flats are down <strong>slight falls<\/strong>except in the east and north, where a <strong>increase <\/strong>has been observed. In the case of new flats, the market is showing signs of recovery. <strong>Contrasting trends<\/strong> prices <strong>decrease <\/strong>the country as a whole, with the exception of the south, where the trend is more marked. <strong>stable<\/strong>. These trends reflect a <strong>readjustment <\/strong>market and a <strong>increased pressure<\/strong> on older homes, reflecting the return of buyers to this type of property.<\/p>\n\n\n\n<p><strong>The rental market: rents begin to fall<\/strong><\/p>\n\n\n\n<p>The <strong>drop <\/strong>rents, which began at the end of 2024, will continue to be <strong>confirms <\/strong>in the first quarter of 2025. House rents have risen <strong>drop <\/strong>by -1.81TP3Q, compared with the previous quarter, while rents for flats are down by <strong>back <\/strong>(-2.5%). This decline reflects a <strong>rebalancing <\/strong>of the rental market, with supply <strong>adapts <\/strong>After a period of tension, rents are gradually coming into line with demand. The average rent for a flat in Luxembourg is \u20ac1,779\/month, while the average rent for a house is \u20ac3,152\/month. <\/p>\n\n\n\n<p><strong>Varied regional trends<\/strong><\/p>\n\n\n\n<p>Variations in rents are highly dependent on the region. The East is recording a strong <strong>increase<\/strong>while the Centre is pulling the national trend downwards <strong>bottom<\/strong>with a <strong>decrease <\/strong>rents. The West is also experiencing a <strong>drop <\/strong>rents, while the south and north of the country continue to see a downward trend. <strong>bullish<\/strong>. These regional differences reflect <strong>local dynamics <\/strong>and <strong>adaptation <\/strong>the market to the new balance of supply and demand.<\/p>\n\n\n\n<p><strong>Favourable conditions for continued recovery<\/strong><\/p>\n\n\n\n<p>In this context, the <strong>extension <\/strong>tax measures in force continues to <strong>support <\/strong>the property market. At the same time, interest rates remain <strong>competitive<\/strong>contributing to a more dynamic <strong>favourable <\/strong>for buyers. Taken together, these factors suggest that the recovery that began in 2024 will continue, with the sales market growing steadily. <strong>progress <\/strong>over the last 4 quarters and a rental market that <strong>adjusts <\/strong>gradually.<\/p>\n\n\n\n<h2 class=\"wp-block-heading\">Sales: slight rise in prices, momentum to be confirmed in the next quarter<\/h2>\n\n\n\n<p><strong>Change in advertised sales prices per square metre per quarter<\/strong><\/p>\n\n\n\n<p>After a period of <strong>stabilisation<\/strong>prices for existing homes are up<strong> slight increase<\/strong> this quarter (+3.5 1Q3 compared with Q4 2024). In the case of existing flats, the market remains broadly flat. <strong>stable <\/strong>(+0.1 1Q3), while the trend for new flats continued unabated. <strong>slightly up <\/strong>(+1.2 1Q3Q). We will be watching these trends over the coming months to see if they are confirmed.<\/p>\n\n\n\n<figure data-wp-context=\"{&quot;imageId&quot;:&quot;69f0f2e950a06&quot;}\" data-wp-interactive=\"core\/image\" data-wp-key=\"69f0f2e950a06\" class=\"wp-block-image size-large wp-lightbox-container\"><img loading=\"lazy\" decoding=\"async\" width=\"965\" height=\"1024\" data-wp-class--hide=\"state.isContentHidden\" data-wp-class--show=\"state.isContentVisible\" data-wp-init=\"callbacks.setButtonStyles\" data-wp-on--click=\"actions.showLightbox\" data-wp-on--load=\"callbacks.setButtonStyles\" data-wp-on-window--resize=\"callbacks.setButtonStyles\" src=\"https:\/\/www.athome.lu\/blog\/wp-content\/uploads\/2025\/04\/atHome_MU-T1-2025_Vente_M2-965x1024.png\" alt=\"\" class=\"wp-image-17402\" srcset=\"https:\/\/www.athome.lu\/blog\/wp-content\/uploads\/2025\/04\/atHome_MU-T1-2025_Vente_M2-965x1024.png 965w, https:\/\/www.athome.lu\/blog\/wp-content\/uploads\/2025\/04\/atHome_MU-T1-2025_Vente_M2-283x300.png 283w, https:\/\/www.athome.lu\/blog\/wp-content\/uploads\/2025\/04\/atHome_MU-T1-2025_Vente_M2-768x815.png 768w, https:\/\/www.athome.lu\/blog\/wp-content\/uploads\/2025\/04\/atHome_MU-T1-2025_Vente_M2-11x12.png 11w, https:\/\/www.athome.lu\/blog\/wp-content\/uploads\/2025\/04\/atHome_MU-T1-2025_Vente_M2.png 1104w\" sizes=\"auto, (max-width: 965px) 100vw, 965px\" \/><button\n\t\t\tclass=\"lightbox-trigger\"\n\t\t\ttype=\"button\"\n\t\t\taria-haspopup=\"dialog\"\n\t\t\taria-label=\"Enlarge\"\n\t\t\tdata-wp-init=\"callbacks.initTriggerButton\"\n\t\t\tdata-wp-on--click=\"actions.showLightbox\"\n\t\t\tdata-wp-style--right=\"state.imageButtonRight\"\n\t\t\tdata-wp-style--top=\"state.imageButtonTop\"\n\t\t>\n\t\t\t<svg xmlns=\"http:\/\/www.w3.org\/2000\/svg\" width=\"12\" height=\"12\" fill=\"none\" viewbox=\"0 0 12 12\">\n\t\t\t\t<path fill=\"#fff\" d=\"M2 0a2 2 0 0 0-2 2v2h1.5V2a.5.5 0 0 1 .5-.5h2V0H2Zm2 10.5H2a.5.5 0 0 1-.5-.5V8H0v2a2 2 0 0 0 2 2h2v-1.5ZM8 12v-1.5h2a.5.5 0 0 0 .5-.5V8H12v2a2 2 0 0 1-2 2H8Zm2-12a2 2 0 0 1 2 2v2h-1.5V2a.5.5 0 0 0-.5-.5H8V0h2Z\" \/>\n\t\t\t<\/svg>\n\t\t<\/button><\/figure>\n\n\n\n<p><strong>Trends in advertised selling prices per square metre by region: a market of contrasts, marked by rising prices for older homes<\/strong><\/p>\n\n\n\n<p>Prices of older homes continue to rise <strong>increase<\/strong>This is particularly true in the east, centre and south of France. Conversely, prices of old flats <strong>down slightly<\/strong>except in the east and north, where the <strong>are progressing<\/strong>. As for new flats, they recorded <strong>significant falls<\/strong>especially in the West and East, while the South remains more <strong>dynamics<\/strong>. These trends reflect a market in <strong>readjustment<\/strong>with a request <strong>increased <\/strong>for older houses.<\/p>\n\n\n\n<figure data-wp-context=\"{&quot;imageId&quot;:&quot;69f0f2e951252&quot;}\" data-wp-interactive=\"core\/image\" data-wp-key=\"69f0f2e951252\" class=\"wp-block-image size-large wp-lightbox-container\"><img loading=\"lazy\" decoding=\"async\" width=\"908\" height=\"1024\" data-wp-class--hide=\"state.isContentHidden\" data-wp-class--show=\"state.isContentVisible\" data-wp-init=\"callbacks.setButtonStyles\" data-wp-on--click=\"actions.showLightbox\" data-wp-on--load=\"callbacks.setButtonStyles\" data-wp-on-window--resize=\"callbacks.setButtonStyles\" src=\"https:\/\/www.athome.lu\/blog\/wp-content\/uploads\/2025\/04\/atHome_MU-T1-2025_Vente_Map-908x1024.png\" alt=\"\" class=\"wp-image-17400\" srcset=\"https:\/\/www.athome.lu\/blog\/wp-content\/uploads\/2025\/04\/atHome_MU-T1-2025_Vente_Map-908x1024.png 908w, https:\/\/www.athome.lu\/blog\/wp-content\/uploads\/2025\/04\/atHome_MU-T1-2025_Vente_Map-266x300.png 266w, https:\/\/www.athome.lu\/blog\/wp-content\/uploads\/2025\/04\/atHome_MU-T1-2025_Vente_Map-768x866.png 768w, https:\/\/www.athome.lu\/blog\/wp-content\/uploads\/2025\/04\/atHome_MU-T1-2025_Vente_Map-11x12.png 11w, https:\/\/www.athome.lu\/blog\/wp-content\/uploads\/2025\/04\/atHome_MU-T1-2025_Vente_Map.png 1191w\" sizes=\"auto, (max-width: 908px) 100vw, 908px\" \/><button\n\t\t\tclass=\"lightbox-trigger\"\n\t\t\ttype=\"button\"\n\t\t\taria-haspopup=\"dialog\"\n\t\t\taria-label=\"Enlarge\"\n\t\t\tdata-wp-init=\"callbacks.initTriggerButton\"\n\t\t\tdata-wp-on--click=\"actions.showLightbox\"\n\t\t\tdata-wp-style--right=\"state.imageButtonRight\"\n\t\t\tdata-wp-style--top=\"state.imageButtonTop\"\n\t\t>\n\t\t\t<svg xmlns=\"http:\/\/www.w3.org\/2000\/svg\" width=\"12\" height=\"12\" fill=\"none\" viewbox=\"0 0 12 12\">\n\t\t\t\t<path fill=\"#fff\" d=\"M2 0a2 2 0 0 0-2 2v2h1.5V2a.5.5 0 0 1 .5-.5h2V0H2Zm2 10.5H2a.5.5 0 0 1-.5-.5V8H0v2a2 2 0 0 0 2 2h2v-1.5ZM8 12v-1.5h2a.5.5 0 0 0 .5-.5V8H12v2a2 2 0 0 1-2 2H8Zm2-12a2 2 0 0 1 2 2v2h-1.5V2a.5.5 0 0 0-.5-.5H8V0h2Z\" \/>\n\t\t\t<\/svg>\n\t\t<\/button><\/figure>\n\n\n\n<h2 class=\"wp-block-heading\">Rentals: a confirmed fall in rents at the start of the year<\/h2>\n\n\n\n<p><strong>Change in advertised rents per quarter<\/strong><\/p>\n\n\n\n<p>After a rise in 2024, rents for houses <strong>back off <\/strong>for the second consecutive quarter (-1.81TP3Q compared with Q4 2024). Flat rents, meanwhile, continued their upward trend. <strong>drop<\/strong>with a more <strong>marked <\/strong>(-2.5 %), confirming a <strong>adjustment <\/strong>of the rental market. These trends reflect a <strong>gradual rebalancing <\/strong>after several successive increases.<\/p>\n\n\n\n<figure data-wp-context=\"{&quot;imageId&quot;:&quot;69f0f2e9519b9&quot;}\" data-wp-interactive=\"core\/image\" data-wp-key=\"69f0f2e9519b9\" class=\"wp-block-image size-large wp-lightbox-container\"><img loading=\"lazy\" decoding=\"async\" width=\"1020\" height=\"1024\" data-wp-class--hide=\"state.isContentHidden\" data-wp-class--show=\"state.isContentVisible\" data-wp-init=\"callbacks.setButtonStyles\" data-wp-on--click=\"actions.showLightbox\" data-wp-on--load=\"callbacks.setButtonStyles\" data-wp-on-window--resize=\"callbacks.setButtonStyles\" src=\"https:\/\/www.athome.lu\/blog\/wp-content\/uploads\/2025\/04\/atHome_MU-T1-2025_Loc_Loyers-1-1020x1024.png\" alt=\"\" class=\"wp-image-17398\" srcset=\"https:\/\/www.athome.lu\/blog\/wp-content\/uploads\/2025\/04\/atHome_MU-T1-2025_Loc_Loyers-1-1020x1024.png 1020w, https:\/\/www.athome.lu\/blog\/wp-content\/uploads\/2025\/04\/atHome_MU-T1-2025_Loc_Loyers-1-300x300.png 300w, https:\/\/www.athome.lu\/blog\/wp-content\/uploads\/2025\/04\/atHome_MU-T1-2025_Loc_Loyers-1-150x150.png 150w, https:\/\/www.athome.lu\/blog\/wp-content\/uploads\/2025\/04\/atHome_MU-T1-2025_Loc_Loyers-1-768x771.png 768w, https:\/\/www.athome.lu\/blog\/wp-content\/uploads\/2025\/04\/atHome_MU-T1-2025_Loc_Loyers-1-12x12.png 12w, https:\/\/www.athome.lu\/blog\/wp-content\/uploads\/2025\/04\/atHome_MU-T1-2025_Loc_Loyers-1.png 1095w\" sizes=\"auto, (max-width: 1020px) 100vw, 1020px\" \/><button\n\t\t\tclass=\"lightbox-trigger\"\n\t\t\ttype=\"button\"\n\t\t\taria-haspopup=\"dialog\"\n\t\t\taria-label=\"Enlarge\"\n\t\t\tdata-wp-init=\"callbacks.initTriggerButton\"\n\t\t\tdata-wp-on--click=\"actions.showLightbox\"\n\t\t\tdata-wp-style--right=\"state.imageButtonRight\"\n\t\t\tdata-wp-style--top=\"state.imageButtonTop\"\n\t\t>\n\t\t\t<svg xmlns=\"http:\/\/www.w3.org\/2000\/svg\" width=\"12\" height=\"12\" fill=\"none\" viewbox=\"0 0 12 12\">\n\t\t\t\t<path fill=\"#fff\" d=\"M2 0a2 2 0 0 0-2 2v2h1.5V2a.5.5 0 0 1 .5-.5h2V0H2Zm2 10.5H2a.5.5 0 0 1-.5-.5V8H0v2a2 2 0 0 0 2 2h2v-1.5ZM8 12v-1.5h2a.5.5 0 0 0 .5-.5V8H12v2a2 2 0 0 1-2 2H8Zm2-12a2 2 0 0 1 2 2v2h-1.5V2a.5.5 0 0 0-.5-.5H8V0h2Z\" \/>\n\t\t\t<\/svg>\n\t\t<\/button><\/figure>\n\n\n\n<p><strong>Trends in advertised rents by region: marked variations<\/strong><\/p>\n\n\n\n<p>Rents in Luxembourg vary from region to region. Some areas, such as the South and the North, are experiencing a <strong>increase<\/strong>Others, notably the Centre, are pulling the overall trend downwards with a <strong>decrease <\/strong>more <strong>marked <\/strong>in flat rents. The West also recorded a <strong>drop <\/strong>rents, while the South and North continued on a downward trend. <strong>upward trend<\/strong>. These variations reflect changes in demand and the local dynamics specific to each region.<\/p>\n\n\n\n<figure data-wp-context=\"{&quot;imageId&quot;:&quot;69f0f2e9520d7&quot;}\" data-wp-interactive=\"core\/image\" data-wp-key=\"69f0f2e9520d7\" class=\"wp-block-image size-large wp-lightbox-container\"><img loading=\"lazy\" decoding=\"async\" width=\"911\" height=\"1024\" data-wp-class--hide=\"state.isContentHidden\" data-wp-class--show=\"state.isContentVisible\" data-wp-init=\"callbacks.setButtonStyles\" data-wp-on--click=\"actions.showLightbox\" data-wp-on--load=\"callbacks.setButtonStyles\" data-wp-on-window--resize=\"callbacks.setButtonStyles\" src=\"https:\/\/www.athome.lu\/blog\/wp-content\/uploads\/2025\/04\/atHome_MU-T1-2025_Loc_Map-911x1024.png\" alt=\"\" class=\"wp-image-17391\" srcset=\"https:\/\/www.athome.lu\/blog\/wp-content\/uploads\/2025\/04\/atHome_MU-T1-2025_Loc_Map-911x1024.png 911w, https:\/\/www.athome.lu\/blog\/wp-content\/uploads\/2025\/04\/atHome_MU-T1-2025_Loc_Map-267x300.png 267w, https:\/\/www.athome.lu\/blog\/wp-content\/uploads\/2025\/04\/atHome_MU-T1-2025_Loc_Map-768x863.png 768w, https:\/\/www.athome.lu\/blog\/wp-content\/uploads\/2025\/04\/atHome_MU-T1-2025_Loc_Map-11x12.png 11w, https:\/\/www.athome.lu\/blog\/wp-content\/uploads\/2025\/04\/atHome_MU-T1-2025_Loc_Map.png 1191w\" sizes=\"auto, (max-width: 911px) 100vw, 911px\" \/><button\n\t\t\tclass=\"lightbox-trigger\"\n\t\t\ttype=\"button\"\n\t\t\taria-haspopup=\"dialog\"\n\t\t\taria-label=\"Enlarge\"\n\t\t\tdata-wp-init=\"callbacks.initTriggerButton\"\n\t\t\tdata-wp-on--click=\"actions.showLightbox\"\n\t\t\tdata-wp-style--right=\"state.imageButtonRight\"\n\t\t\tdata-wp-style--top=\"state.imageButtonTop\"\n\t\t>\n\t\t\t<svg xmlns=\"http:\/\/www.w3.org\/2000\/svg\" width=\"12\" height=\"12\" fill=\"none\" viewbox=\"0 0 12 12\">\n\t\t\t\t<path fill=\"#fff\" d=\"M2 0a2 2 0 0 0-2 2v2h1.5V2a.5.5 0 0 1 .5-.5h2V0H2Zm2 10.5H2a.5.5 0 0 1-.5-.5V8H0v2a2 2 0 0 0 2 2h2v-1.5ZM8 12v-1.5h2a.5.5 0 0 0 .5-.5V8H12v2a2 2 0 0 1-2 2H8Zm2-12a2 2 0 0 1 2 2v2h-1.5V2a.5.5 0 0 0-.5-.5H8V0h2Z\" \/>\n\t\t\t<\/svg>\n\t\t<\/button><\/figure>\n\n\n\n<h2 class=\"wp-block-heading\">Taxation: 2025 tax: ceilings and interest deductions for principal residence<\/h2>\n\n\n\n<figure data-wp-context=\"{&quot;imageId&quot;:&quot;69f0f2e952829&quot;}\" data-wp-interactive=\"core\/image\" data-wp-key=\"69f0f2e952829\" class=\"wp-block-image size-large wp-lightbox-container\"><img loading=\"lazy\" decoding=\"async\" width=\"724\" height=\"1024\" data-wp-class--hide=\"state.isContentHidden\" data-wp-class--show=\"state.isContentVisible\" data-wp-init=\"callbacks.setButtonStyles\" data-wp-on--click=\"actions.showLightbox\" data-wp-on--load=\"callbacks.setButtonStyles\" data-wp-on-window--resize=\"callbacks.setButtonStyles\" src=\"https:\/\/www.athome.lu\/blog\/wp-content\/uploads\/2025\/04\/atHome_MU-T1-2025_Fiscalite-724x1024.png\" alt=\"\" class=\"wp-image-17404\" srcset=\"https:\/\/www.athome.lu\/blog\/wp-content\/uploads\/2025\/04\/atHome_MU-T1-2025_Fiscalite-724x1024.png 724w, https:\/\/www.athome.lu\/blog\/wp-content\/uploads\/2025\/04\/atHome_MU-T1-2025_Fiscalite-212x300.png 212w, https:\/\/www.athome.lu\/blog\/wp-content\/uploads\/2025\/04\/atHome_MU-T1-2025_Fiscalite-768x1086.png 768w, https:\/\/www.athome.lu\/blog\/wp-content\/uploads\/2025\/04\/atHome_MU-T1-2025_Fiscalite-1086x1536.png 1086w, https:\/\/www.athome.lu\/blog\/wp-content\/uploads\/2025\/04\/atHome_MU-T1-2025_Fiscalite-8x12.png 8w, https:\/\/www.athome.lu\/blog\/wp-content\/uploads\/2025\/04\/atHome_MU-T1-2025_Fiscalite.png 1191w\" sizes=\"auto, (max-width: 724px) 100vw, 724px\" \/><button\n\t\t\tclass=\"lightbox-trigger\"\n\t\t\ttype=\"button\"\n\t\t\taria-haspopup=\"dialog\"\n\t\t\taria-label=\"Enlarge\"\n\t\t\tdata-wp-init=\"callbacks.initTriggerButton\"\n\t\t\tdata-wp-on--click=\"actions.showLightbox\"\n\t\t\tdata-wp-style--right=\"state.imageButtonRight\"\n\t\t\tdata-wp-style--top=\"state.imageButtonTop\"\n\t\t>\n\t\t\t<svg xmlns=\"http:\/\/www.w3.org\/2000\/svg\" width=\"12\" height=\"12\" fill=\"none\" viewbox=\"0 0 12 12\">\n\t\t\t\t<path fill=\"#fff\" d=\"M2 0a2 2 0 0 0-2 2v2h1.5V2a.5.5 0 0 1 .5-.5h2V0H2Zm2 10.5H2a.5.5 0 0 1-.5-.5V8H0v2a2 2 0 0 0 2 2h2v-1.5ZM8 12v-1.5h2a.5.5 0 0 0 .5-.5V8H12v2a2 2 0 0 1-2 2H8Zm2-12a2 2 0 0 1 2 2v2h-1.5V2a.5.5 0 0 0-.5-.5H8V0h2Z\" \/>\n\t\t\t<\/svg>\n\t\t<\/button><\/figure>\n\n\n\n<h2 class=\"wp-block-heading\">What the experts say<\/h2>\n\n\n\n<figure data-wp-context=\"{&quot;imageId&quot;:&quot;69f0f2e952f0c&quot;}\" data-wp-interactive=\"core\/image\" data-wp-key=\"69f0f2e952f0c\" class=\"wp-block-image size-large wp-lightbox-container\"><img loading=\"lazy\" decoding=\"async\" width=\"724\" height=\"1024\" data-wp-class--hide=\"state.isContentHidden\" data-wp-class--show=\"state.isContentVisible\" data-wp-init=\"callbacks.setButtonStyles\" data-wp-on--click=\"actions.showLightbox\" data-wp-on--load=\"callbacks.setButtonStyles\" data-wp-on-window--resize=\"callbacks.setButtonStyles\" src=\"https:\/\/www.athome.lu\/blog\/wp-content\/uploads\/2025\/04\/atHome_MU-T1-2025_Experts-724x1024.png\" alt=\"\" class=\"wp-image-17388\" srcset=\"https:\/\/www.athome.lu\/blog\/wp-content\/uploads\/2025\/04\/atHome_MU-T1-2025_Experts-724x1024.png 724w, https:\/\/www.athome.lu\/blog\/wp-content\/uploads\/2025\/04\/atHome_MU-T1-2025_Experts-212x300.png 212w, https:\/\/www.athome.lu\/blog\/wp-content\/uploads\/2025\/04\/atHome_MU-T1-2025_Experts-768x1086.png 768w, https:\/\/www.athome.lu\/blog\/wp-content\/uploads\/2025\/04\/atHome_MU-T1-2025_Experts-1086x1536.png 1086w, https:\/\/www.athome.lu\/blog\/wp-content\/uploads\/2025\/04\/atHome_MU-T1-2025_Experts-8x12.png 8w, https:\/\/www.athome.lu\/blog\/wp-content\/uploads\/2025\/04\/atHome_MU-T1-2025_Experts.png 1191w\" sizes=\"auto, (max-width: 724px) 100vw, 724px\" \/><button\n\t\t\tclass=\"lightbox-trigger\"\n\t\t\ttype=\"button\"\n\t\t\taria-haspopup=\"dialog\"\n\t\t\taria-label=\"Enlarge\"\n\t\t\tdata-wp-init=\"callbacks.initTriggerButton\"\n\t\t\tdata-wp-on--click=\"actions.showLightbox\"\n\t\t\tdata-wp-style--right=\"state.imageButtonRight\"\n\t\t\tdata-wp-style--top=\"state.imageButtonTop\"\n\t\t>\n\t\t\t<svg xmlns=\"http:\/\/www.w3.org\/2000\/svg\" width=\"12\" height=\"12\" fill=\"none\" viewbox=\"0 0 12 12\">\n\t\t\t\t<path fill=\"#fff\" d=\"M2 0a2 2 0 0 0-2 2v2h1.5V2a.5.5 0 0 1 .5-.5h2V0H2Zm2 10.5H2a.5.5 0 0 1-.5-.5V8H0v2a2 2 0 0 0 2 2h2v-1.5ZM8 12v-1.5h2a.5.5 0 0 0 .5-.5V8H12v2a2 2 0 0 1-2 2H8Zm2-12a2 2 0 0 1 2 2v2h-1.5V2a.5.5 0 0 0-.5-.5H8V0h2Z\" \/>\n\t\t\t<\/svg>\n\t\t<\/button><\/figure>\n\n\n\n<p><\/p>","protected":false},"excerpt":{"rendered":"<p>Le premier trimestre 2025 marque un tournant pour le march\u00e9 immobilier luxembourgeois, avec une l\u00e9g\u00e8re reprise des prix de vente et un ajustement du march\u00e9 locatif, cons\u00e9quence de l'augmentation marqu\u00e9e des ventes au dernier trimestre 2024. Apr\u00e8s une phase de stabilisation, les prix des maisons anciennes enregistrent une hausse de +3,5% par rapport au trimestre [&hellip;]<\/p>\n","protected":false},"author":19,"featured_media":17410,"comment_status":"closed","ping_status":"closed","sticky":false,"template":"","format":"standard","meta":{"_acf_changed":false,"footnotes":""},"categories":[217],"tags":[],"class_list":["post-17336","post","type-post","status-publish","format-standard","has-post-thumbnail","hentry","category-marche-immobilier"],"acf":[],"yoast_head":"<!-- This site is optimized with the Yoast SEO plugin v27.4 - https:\/\/yoast.com\/product\/yoast-seo-wordpress\/ -->\n<title>T1 2025 : Vers une reprise progressive des prix de vente et un r\u00e9\u00e9quilibrage du march\u00e9 locatif - atHome Blog<\/title>\n<meta name=\"robots\" content=\"index, follow, max-snippet:-1, max-image-preview:large, max-video-preview:-1\" \/>\n<link rel=\"canonical\" href=\"https:\/\/www.athome.lu\/blog\/en\/real-estate-market\/q1-2025-towards-a-gradual-recovery-in-selling-prices-and-a-rebalancing-of-the-rental-market\/\" \/>\n<meta property=\"og:locale\" content=\"en_GB\" \/>\n<meta property=\"og:type\" content=\"article\" \/>\n<meta property=\"og:title\" content=\"T1 2025 : Vers une reprise progressive des prix de vente et un r\u00e9\u00e9quilibrage du march\u00e9 locatif - atHome Blog\" \/>\n<meta property=\"og:description\" content=\"Le premier trimestre 2025 marque un tournant pour le march\u00e9 immobilier luxembourgeois, avec une l\u00e9g\u00e8re reprise des prix de vente et un ajustement du march\u00e9 locatif, cons\u00e9quence de l&#039;augmentation marqu\u00e9e des ventes au dernier trimestre 2024. Apr\u00e8s une phase de stabilisation, les prix des maisons anciennes enregistrent une hausse de +3,5% par rapport au trimestre [&hellip;]\" \/>\n<meta property=\"og:url\" content=\"https:\/\/www.athome.lu\/blog\/en\/real-estate-market\/q1-2025-towards-a-gradual-recovery-in-selling-prices-and-a-rebalancing-of-the-rental-market\/\" \/>\n<meta property=\"og:site_name\" content=\"atHome Blog\" \/>\n<meta property=\"article:publisher\" content=\"https:\/\/www.facebook.com\/atHome.lu\/\" \/>\n<meta property=\"article:published_time\" content=\"2025-04-01T09:00:56+00:00\" \/>\n<meta property=\"article:modified_time\" content=\"2025-06-30T16:25:15+00:00\" \/>\n<meta property=\"og:image\" content=\"https:\/\/www.athome.lu\/blog\/wp-content\/uploads\/2025\/04\/Dimensions-banniere-Wordpress-10-1024x305.png\" \/>\n\t<meta property=\"og:image:width\" content=\"1024\" \/>\n\t<meta property=\"og:image:height\" content=\"305\" \/>\n\t<meta property=\"og:image:type\" content=\"image\/png\" \/>\n<meta name=\"author\" content=\"atHome.lu\" \/>\n<meta name=\"twitter:card\" content=\"summary_large_image\" \/>\n<meta name=\"twitter:creator\" content=\"@athomelu\" \/>\n<meta name=\"twitter:site\" content=\"@athomelu\" \/>\n<meta name=\"twitter:label1\" content=\"Written by\" \/>\n\t<meta name=\"twitter:data1\" content=\"atHome.lu\" \/>\n\t<meta name=\"twitter:label2\" content=\"Estimated reading time\" \/>\n\t<meta name=\"twitter:data2\" content=\"6 minutes\" \/>\n<script type=\"application\/ld+json\" class=\"yoast-schema-graph\">{\"@context\":\"https:\\\/\\\/schema.org\",\"@graph\":[{\"@type\":\"Article\",\"@id\":\"https:\\\/\\\/www.athome.lu\\\/blog\\\/marche-immobilier\\\/t1-2025-vers-une-reprise-progressive-des-prix-de-vente-et-un-reequilibrage-du-marche-locatif\\\/#article\",\"isPartOf\":{\"@id\":\"https:\\\/\\\/www.athome.lu\\\/blog\\\/marche-immobilier\\\/t1-2025-vers-une-reprise-progressive-des-prix-de-vente-et-un-reequilibrage-du-marche-locatif\\\/\"},\"author\":{\"name\":\"atHome.lu\",\"@id\":\"https:\\\/\\\/www.athome.lu\\\/blog\\\/#\\\/schema\\\/person\\\/6b0cae19a94059156faf7f0ce969b4a0\"},\"headline\":\"T1 2025 : Vers une reprise progressive des prix de vente et un r\u00e9\u00e9quilibrage du march\u00e9 locatif\",\"datePublished\":\"2025-04-01T09:00:56+00:00\",\"dateModified\":\"2025-06-30T16:25:15+00:00\",\"mainEntityOfPage\":{\"@id\":\"https:\\\/\\\/www.athome.lu\\\/blog\\\/marche-immobilier\\\/t1-2025-vers-une-reprise-progressive-des-prix-de-vente-et-un-reequilibrage-du-marche-locatif\\\/\"},\"wordCount\":920,\"image\":{\"@id\":\"https:\\\/\\\/www.athome.lu\\\/blog\\\/marche-immobilier\\\/t1-2025-vers-une-reprise-progressive-des-prix-de-vente-et-un-reequilibrage-du-marche-locatif\\\/#primaryimage\"},\"thumbnailUrl\":\"https:\\\/\\\/www.athome.lu\\\/blog\\\/wp-content\\\/uploads\\\/2025\\\/04\\\/Dimensions-banniere-Wordpress-10.png\",\"articleSection\":[\"March\u00e9 immobilier\"],\"inLanguage\":\"en-GB\"},{\"@type\":\"WebPage\",\"@id\":\"https:\\\/\\\/www.athome.lu\\\/blog\\\/marche-immobilier\\\/t1-2025-vers-une-reprise-progressive-des-prix-de-vente-et-un-reequilibrage-du-marche-locatif\\\/\",\"url\":\"https:\\\/\\\/www.athome.lu\\\/blog\\\/marche-immobilier\\\/t1-2025-vers-une-reprise-progressive-des-prix-de-vente-et-un-reequilibrage-du-marche-locatif\\\/\",\"name\":\"T1 2025 : Vers une reprise progressive des prix de vente et un r\u00e9\u00e9quilibrage du march\u00e9 locatif - atHome Blog\",\"isPartOf\":{\"@id\":\"https:\\\/\\\/www.athome.lu\\\/blog\\\/#website\"},\"primaryImageOfPage\":{\"@id\":\"https:\\\/\\\/www.athome.lu\\\/blog\\\/marche-immobilier\\\/t1-2025-vers-une-reprise-progressive-des-prix-de-vente-et-un-reequilibrage-du-marche-locatif\\\/#primaryimage\"},\"image\":{\"@id\":\"https:\\\/\\\/www.athome.lu\\\/blog\\\/marche-immobilier\\\/t1-2025-vers-une-reprise-progressive-des-prix-de-vente-et-un-reequilibrage-du-marche-locatif\\\/#primaryimage\"},\"thumbnailUrl\":\"https:\\\/\\\/www.athome.lu\\\/blog\\\/wp-content\\\/uploads\\\/2025\\\/04\\\/Dimensions-banniere-Wordpress-10.png\",\"datePublished\":\"2025-04-01T09:00:56+00:00\",\"dateModified\":\"2025-06-30T16:25:15+00:00\",\"author\":{\"@id\":\"https:\\\/\\\/www.athome.lu\\\/blog\\\/#\\\/schema\\\/person\\\/6b0cae19a94059156faf7f0ce969b4a0\"},\"breadcrumb\":{\"@id\":\"https:\\\/\\\/www.athome.lu\\\/blog\\\/marche-immobilier\\\/t1-2025-vers-une-reprise-progressive-des-prix-de-vente-et-un-reequilibrage-du-marche-locatif\\\/#breadcrumb\"},\"inLanguage\":\"en-GB\",\"potentialAction\":[{\"@type\":\"ReadAction\",\"target\":[\"https:\\\/\\\/www.athome.lu\\\/blog\\\/marche-immobilier\\\/t1-2025-vers-une-reprise-progressive-des-prix-de-vente-et-un-reequilibrage-du-marche-locatif\\\/\"]}]},{\"@type\":\"ImageObject\",\"inLanguage\":\"en-GB\",\"@id\":\"https:\\\/\\\/www.athome.lu\\\/blog\\\/marche-immobilier\\\/t1-2025-vers-une-reprise-progressive-des-prix-de-vente-et-un-reequilibrage-du-marche-locatif\\\/#primaryimage\",\"url\":\"https:\\\/\\\/www.athome.lu\\\/blog\\\/wp-content\\\/uploads\\\/2025\\\/04\\\/Dimensions-banniere-Wordpress-10.png\",\"contentUrl\":\"https:\\\/\\\/www.athome.lu\\\/blog\\\/wp-content\\\/uploads\\\/2025\\\/04\\\/Dimensions-banniere-Wordpress-10.png\",\"width\":5769,\"height\":1719},{\"@type\":\"BreadcrumbList\",\"@id\":\"https:\\\/\\\/www.athome.lu\\\/blog\\\/marche-immobilier\\\/t1-2025-vers-une-reprise-progressive-des-prix-de-vente-et-un-reequilibrage-du-marche-locatif\\\/#breadcrumb\",\"itemListElement\":[{\"@type\":\"ListItem\",\"position\":1,\"name\":\"Accueil\",\"item\":\"https:\\\/\\\/www.athome.lu\\\/blog\\\/\"},{\"@type\":\"ListItem\",\"position\":2,\"name\":\"March\u00e9 immobilier\",\"item\":\"https:\\\/\\\/www.athome.lu\\\/blog\\\/category\\\/marche-immobilier\\\/\"},{\"@type\":\"ListItem\",\"position\":3,\"name\":\"T1 2025 : Vers une reprise progressive des prix de vente et un r\u00e9\u00e9quilibrage du march\u00e9 locatif\"}]},{\"@type\":\"WebSite\",\"@id\":\"https:\\\/\\\/www.athome.lu\\\/blog\\\/#website\",\"url\":\"https:\\\/\\\/www.athome.lu\\\/blog\\\/\",\"name\":\"atHome Blog\",\"description\":\"Annonces immobili\u00e8res au Luxembourg. Le portail immobilier n\u00b01 au Luxembourg.\",\"potentialAction\":[{\"@type\":\"SearchAction\",\"target\":{\"@type\":\"EntryPoint\",\"urlTemplate\":\"https:\\\/\\\/www.athome.lu\\\/blog\\\/?s={search_term_string}\"},\"query-input\":{\"@type\":\"PropertyValueSpecification\",\"valueRequired\":true,\"valueName\":\"search_term_string\"}}],\"inLanguage\":\"en-GB\"},{\"@type\":\"Person\",\"@id\":\"https:\\\/\\\/www.athome.lu\\\/blog\\\/#\\\/schema\\\/person\\\/6b0cae19a94059156faf7f0ce969b4a0\",\"name\":\"atHome.lu\",\"image\":{\"@type\":\"ImageObject\",\"inLanguage\":\"en-GB\",\"@id\":\"https:\\\/\\\/secure.gravatar.com\\\/avatar\\\/aaf3e502d7787af3ce4793c226e9640b6ab8f2b336039142fc34b438e2e085e8?s=96&d=mm&r=g\",\"url\":\"https:\\\/\\\/secure.gravatar.com\\\/avatar\\\/aaf3e502d7787af3ce4793c226e9640b6ab8f2b336039142fc34b438e2e085e8?s=96&d=mm&r=g\",\"contentUrl\":\"https:\\\/\\\/secure.gravatar.com\\\/avatar\\\/aaf3e502d7787af3ce4793c226e9640b6ab8f2b336039142fc34b438e2e085e8?s=96&d=mm&r=g\",\"caption\":\"atHome.lu\"}}]}<\/script>\n<!-- \/ Yoast SEO plugin. -->","yoast_head_json":{"title":"Q1 2025: Towards a gradual recovery in sales prices and a rebalancing of the rental market - atHome Blog","robots":{"index":"index","follow":"follow","max-snippet":"max-snippet:-1","max-image-preview":"max-image-preview:large","max-video-preview":"max-video-preview:-1"},"canonical":"https:\/\/www.athome.lu\/blog\/en\/real-estate-market\/q1-2025-towards-a-gradual-recovery-in-selling-prices-and-a-rebalancing-of-the-rental-market\/","og_locale":"en_GB","og_type":"article","og_title":"T1 2025 : Vers une reprise progressive des prix de vente et un r\u00e9\u00e9quilibrage du march\u00e9 locatif - atHome Blog","og_description":"Le premier trimestre 2025 marque un tournant pour le march\u00e9 immobilier luxembourgeois, avec une l\u00e9g\u00e8re reprise des prix de vente et un ajustement du march\u00e9 locatif, cons\u00e9quence de l'augmentation marqu\u00e9e des ventes au dernier trimestre 2024. Apr\u00e8s une phase de stabilisation, les prix des maisons anciennes enregistrent une hausse de +3,5% par rapport au trimestre [&hellip;]","og_url":"https:\/\/www.athome.lu\/blog\/en\/real-estate-market\/q1-2025-towards-a-gradual-recovery-in-selling-prices-and-a-rebalancing-of-the-rental-market\/","og_site_name":"atHome Blog","article_publisher":"https:\/\/www.facebook.com\/atHome.lu\/","article_published_time":"2025-04-01T09:00:56+00:00","article_modified_time":"2025-06-30T16:25:15+00:00","og_image":[{"width":1024,"height":305,"url":"https:\/\/www.athome.lu\/blog\/wp-content\/uploads\/2025\/04\/Dimensions-banniere-Wordpress-10-1024x305.png","type":"image\/png"}],"author":"atHome.lu","twitter_card":"summary_large_image","twitter_creator":"@athomelu","twitter_site":"@athomelu","twitter_misc":{"Written by":"atHome.lu","Estimated reading time":"6 minutes"},"schema":{"@context":"https:\/\/schema.org","@graph":[{"@type":"Article","@id":"https:\/\/www.athome.lu\/blog\/marche-immobilier\/t1-2025-vers-une-reprise-progressive-des-prix-de-vente-et-un-reequilibrage-du-marche-locatif\/#article","isPartOf":{"@id":"https:\/\/www.athome.lu\/blog\/marche-immobilier\/t1-2025-vers-une-reprise-progressive-des-prix-de-vente-et-un-reequilibrage-du-marche-locatif\/"},"author":{"name":"atHome.lu","@id":"https:\/\/www.athome.lu\/blog\/#\/schema\/person\/6b0cae19a94059156faf7f0ce969b4a0"},"headline":"T1 2025 : Vers une reprise progressive des prix de vente et un r\u00e9\u00e9quilibrage du march\u00e9 locatif","datePublished":"2025-04-01T09:00:56+00:00","dateModified":"2025-06-30T16:25:15+00:00","mainEntityOfPage":{"@id":"https:\/\/www.athome.lu\/blog\/marche-immobilier\/t1-2025-vers-une-reprise-progressive-des-prix-de-vente-et-un-reequilibrage-du-marche-locatif\/"},"wordCount":920,"image":{"@id":"https:\/\/www.athome.lu\/blog\/marche-immobilier\/t1-2025-vers-une-reprise-progressive-des-prix-de-vente-et-un-reequilibrage-du-marche-locatif\/#primaryimage"},"thumbnailUrl":"https:\/\/www.athome.lu\/blog\/wp-content\/uploads\/2025\/04\/Dimensions-banniere-Wordpress-10.png","articleSection":["March\u00e9 immobilier"],"inLanguage":"en-GB"},{"@type":"WebPage","@id":"https:\/\/www.athome.lu\/blog\/marche-immobilier\/t1-2025-vers-une-reprise-progressive-des-prix-de-vente-et-un-reequilibrage-du-marche-locatif\/","url":"https:\/\/www.athome.lu\/blog\/marche-immobilier\/t1-2025-vers-une-reprise-progressive-des-prix-de-vente-et-un-reequilibrage-du-marche-locatif\/","name":"Q1 2025: Towards a gradual recovery in sales prices and a rebalancing of the rental market - atHome Blog","isPartOf":{"@id":"https:\/\/www.athome.lu\/blog\/#website"},"primaryImageOfPage":{"@id":"https:\/\/www.athome.lu\/blog\/marche-immobilier\/t1-2025-vers-une-reprise-progressive-des-prix-de-vente-et-un-reequilibrage-du-marche-locatif\/#primaryimage"},"image":{"@id":"https:\/\/www.athome.lu\/blog\/marche-immobilier\/t1-2025-vers-une-reprise-progressive-des-prix-de-vente-et-un-reequilibrage-du-marche-locatif\/#primaryimage"},"thumbnailUrl":"https:\/\/www.athome.lu\/blog\/wp-content\/uploads\/2025\/04\/Dimensions-banniere-Wordpress-10.png","datePublished":"2025-04-01T09:00:56+00:00","dateModified":"2025-06-30T16:25:15+00:00","author":{"@id":"https:\/\/www.athome.lu\/blog\/#\/schema\/person\/6b0cae19a94059156faf7f0ce969b4a0"},"breadcrumb":{"@id":"https:\/\/www.athome.lu\/blog\/marche-immobilier\/t1-2025-vers-une-reprise-progressive-des-prix-de-vente-et-un-reequilibrage-du-marche-locatif\/#breadcrumb"},"inLanguage":"en-GB","potentialAction":[{"@type":"ReadAction","target":["https:\/\/www.athome.lu\/blog\/marche-immobilier\/t1-2025-vers-une-reprise-progressive-des-prix-de-vente-et-un-reequilibrage-du-marche-locatif\/"]}]},{"@type":"ImageObject","inLanguage":"en-GB","@id":"https:\/\/www.athome.lu\/blog\/marche-immobilier\/t1-2025-vers-une-reprise-progressive-des-prix-de-vente-et-un-reequilibrage-du-marche-locatif\/#primaryimage","url":"https:\/\/www.athome.lu\/blog\/wp-content\/uploads\/2025\/04\/Dimensions-banniere-Wordpress-10.png","contentUrl":"https:\/\/www.athome.lu\/blog\/wp-content\/uploads\/2025\/04\/Dimensions-banniere-Wordpress-10.png","width":5769,"height":1719},{"@type":"BreadcrumbList","@id":"https:\/\/www.athome.lu\/blog\/marche-immobilier\/t1-2025-vers-une-reprise-progressive-des-prix-de-vente-et-un-reequilibrage-du-marche-locatif\/#breadcrumb","itemListElement":[{"@type":"ListItem","position":1,"name":"Accueil","item":"https:\/\/www.athome.lu\/blog\/"},{"@type":"ListItem","position":2,"name":"March\u00e9 immobilier","item":"https:\/\/www.athome.lu\/blog\/category\/marche-immobilier\/"},{"@type":"ListItem","position":3,"name":"T1 2025 : Vers une reprise progressive des prix de vente et un r\u00e9\u00e9quilibrage du march\u00e9 locatif"}]},{"@type":"WebSite","@id":"https:\/\/www.athome.lu\/blog\/#website","url":"https:\/\/www.athome.lu\/blog\/","name":"atHome Blog","description":"Real estate ads in Luxembourg. The n\u00b01 real estate portal in Luxembourg.","potentialAction":[{"@type":"SearchAction","target":{"@type":"EntryPoint","urlTemplate":"https:\/\/www.athome.lu\/blog\/?s={search_term_string}"},"query-input":{"@type":"PropertyValueSpecification","valueRequired":true,"valueName":"search_term_string"}}],"inLanguage":"en-GB"},{"@type":"Person","@id":"https:\/\/www.athome.lu\/blog\/#\/schema\/person\/6b0cae19a94059156faf7f0ce969b4a0","name":"atHome.lu","image":{"@type":"ImageObject","inLanguage":"en-GB","@id":"https:\/\/secure.gravatar.com\/avatar\/aaf3e502d7787af3ce4793c226e9640b6ab8f2b336039142fc34b438e2e085e8?s=96&d=mm&r=g","url":"https:\/\/secure.gravatar.com\/avatar\/aaf3e502d7787af3ce4793c226e9640b6ab8f2b336039142fc34b438e2e085e8?s=96&d=mm&r=g","contentUrl":"https:\/\/secure.gravatar.com\/avatar\/aaf3e502d7787af3ce4793c226e9640b6ab8f2b336039142fc34b438e2e085e8?s=96&d=mm&r=g","caption":"atHome.lu"}}]}},"featured_media_src_url":"https:\/\/www.athome.lu\/blog\/wp-content\/uploads\/2025\/04\/Dimensions-banniere-Wordpress-10-1024x305.png","_links":{"self":[{"href":"https:\/\/www.athome.lu\/blog\/en\/wp-json\/wp\/v2\/posts\/17336","targetHints":{"allow":["GET"]}}],"collection":[{"href":"https:\/\/www.athome.lu\/blog\/en\/wp-json\/wp\/v2\/posts"}],"about":[{"href":"https:\/\/www.athome.lu\/blog\/en\/wp-json\/wp\/v2\/types\/post"}],"author":[{"embeddable":true,"href":"https:\/\/www.athome.lu\/blog\/en\/wp-json\/wp\/v2\/users\/19"}],"replies":[{"embeddable":true,"href":"https:\/\/www.athome.lu\/blog\/en\/wp-json\/wp\/v2\/comments?post=17336"}],"version-history":[{"count":5,"href":"https:\/\/www.athome.lu\/blog\/en\/wp-json\/wp\/v2\/posts\/17336\/revisions"}],"predecessor-version":[{"id":17412,"href":"https:\/\/www.athome.lu\/blog\/en\/wp-json\/wp\/v2\/posts\/17336\/revisions\/17412"}],"wp:featuredmedia":[{"embeddable":true,"href":"https:\/\/www.athome.lu\/blog\/en\/wp-json\/wp\/v2\/media\/17410"}],"wp:attachment":[{"href":"https:\/\/www.athome.lu\/blog\/en\/wp-json\/wp\/v2\/media?parent=17336"}],"wp:term":[{"taxonomy":"category","embeddable":true,"href":"https:\/\/www.athome.lu\/blog\/en\/wp-json\/wp\/v2\/categories?post=17336"},{"taxonomy":"post_tag","embeddable":true,"href":"https:\/\/www.athome.lu\/blog\/en\/wp-json\/wp\/v2\/tags?post=17336"}],"curies":[{"name":"wp","href":"https:\/\/api.w.org\/{rel}","templated":true}]}}