{"id":17537,"date":"2025-07-01T00:00:00","date_gmt":"2025-06-30T22:00:00","guid":{"rendered":"https:\/\/www.athome.lu\/blog\/?p=17537"},"modified":"2025-10-01T09:08:10","modified_gmt":"2025-10-01T07:08:10","slug":"q2-2025-upturn-in-sales-prices-and-new-momentum-in-the-rental-market","status":"publish","type":"post","link":"https:\/\/www.athome.lu\/blog\/en\/marche-immobilier\/t2-2025-reprise-des-prix-de-vente-et-nouvelle-dynamique-sur-le-marche-locatif\/","title":{"rendered":"Q2 2025: Confirmed recovery in selling prices and new momentum in the rental market"},"content":{"rendered":"<p><\/p>\n\n\n\n<p><strong>The second quarter of 2025 saw a continuation of the recovery that began at the start of the year, with an increase in selling prices and a turnaround in the rental market. This trend is indicative of a revival in activity, even if the dynamics continue to vary according to segment and region.<\/strong><\/p>\n\n\n\n<p>On the sales front, prices for existing homes are up <strong>significant increase<\/strong> (+4.01TP3Q compared with the previous quarter), confirming their role as the driving force behind the recovery. Older flats are also continuing to <strong>increase <\/strong>(+3.71TP3Q), while new flats posted<strong> the biggest increase<\/strong> (+6.1%). The average price of an old house is \u20ac6,138\/m\u00b2, compared with \u20ac8,077\/m\u00b2 for an old flat.<\/p>\n\n\n\n<p><strong>Sales still driven by older homes<\/strong><\/p>\n\n\n\n<p>The <strong>upward trend<\/strong> can be seen across the country, with some <strong>significant increases<\/strong> for existing houses in the west and south of France (+6.6% in one year). Older flats show stronger growth <strong>moderately<\/strong>This is despite a fall in the West (-2.01TP3Q). New flats show <strong>Contrasting trends<\/strong> These include a sharp rise in the West (+10.5%), a moderate rise in the South (+3.6%) and a fall in the East (-6.5%). These differences reflect <strong>differentiated market dynamics <\/strong>by segment and by zone.<\/p>\n\n\n\n<p><strong>The rental market is on the up again<\/strong><\/p>\n\n\n\n<p>After several quarters of decline, rents <strong>go to <\/strong>in the second quarter of 2025. Houses record a <strong>strong growth<\/strong> (+8.8% compared with the previous quarter), followed by flats (+4.2%). This trend can be explained in particular by a <strong>request <\/strong>always <strong>supported <\/strong>in the most sought-after areas, such as the Centre and certain nearby municipalities. The average rent for a flat is \u20ac1,854\/month, compared with \u20ac3,430\/month for a house.<\/p>\n\n\n\n<p><strong>Marked regional disparities<\/strong><\/p>\n\n\n\n<p>House rents <strong>increase <\/strong>in the Centre (+6.4%) and the South (+2.8%). As for flats, the Centre stands out with a <strong>moderate increase<\/strong> (+1.8%), while <strong>cuts <\/strong>are appearing in the east and south. The <strong>request <\/strong>relatively more <strong>important <\/strong>in the Centre, combined with its <strong>attractiveness<\/strong>is helping to drive down the general trend in rents. <strong>increase<\/strong>.<\/p>\n\n\n\n<p><strong>A still buoyant environment for buyers<\/strong><\/p>\n\n\n\n<p>Despite the expiry of certain tax incentives on 30 June, schemes such as the \"<strong>B\u00ebllegen Akt<\/strong>\"or the<strong> deduction of loan interest <\/strong>remain in force and continue to support projects. With <strong>falling rates<\/strong>These are helping to maintain a certain momentum. The coming months should confirm the trends seen over the first six months.<\/p>\n\n\n\n<h2 class=\"wp-block-heading\">For sale : <strong>upward trend in sales prices confirmed<\/strong><\/h2>\n\n\n\n<p><strong>Change in advertised sales prices per square metre per quarter<\/strong><\/p>\n\n\n\n<p>The <strong>increase <\/strong>prices, which began in the previous quarter <strong>confirms<\/strong>This is a positive sign for the property market as a whole, due to renewed interest on the part of buyers. Old houses (+4.0%), old flats (+3.7%) and new flats (+6.1 %) are all on an upward trend. <strong>increase<\/strong>. We'll be watching closely to see if this trend continues in the second half of 2025.<\/p>\n\n\n\n<figure class=\"wp-block-image size-full\"><a href=\"https:\/\/www.athome.lu\/blog\/wp-content\/uploads\/2025\/06\/Vente-graph-t2-2025.png\"><img loading=\"lazy\" decoding=\"async\" width=\"681\" height=\"738\" src=\"https:\/\/www.athome.lu\/blog\/wp-content\/uploads\/2025\/06\/Vente-graph-t2-2025.png\" alt=\"\" class=\"wp-image-17541\" srcset=\"https:\/\/www.athome.lu\/blog\/wp-content\/uploads\/2025\/06\/Vente-graph-t2-2025.png 681w, https:\/\/www.athome.lu\/blog\/wp-content\/uploads\/2025\/06\/Vente-graph-t2-2025-277x300.png 277w, https:\/\/www.athome.lu\/blog\/wp-content\/uploads\/2025\/06\/Vente-graph-t2-2025-11x12.png 11w\" sizes=\"auto, (max-width: 681px) 100vw, 681px\" \/><\/a><\/figure>\n\n\n\n<p><strong>Trend in advertised selling prices per square metre by region: upward momentum intensifies, driven by older homes<\/strong><\/p>\n\n\n\n<p>Old house prices <strong>increase <\/strong>This was particularly the case in the west and south of France, with a marked increase of +6.6 1Q3 in one year. Existing flats <strong>are developing more moderately<\/strong>with slight rises except in the West, where they were <strong>back off <\/strong>by -2.0 1Q3. New flat prices <strong>vary <\/strong>by region, against a backdrop of continuing transaction volumes <strong>limited <\/strong>These include a sharp rise in the West (+10.5 %), a moderate increase in the South (+3.6 %) and a fall in the East (-6.5 %). This dynamic confirms a<strong> global increase<\/strong> in posted prices, driven mainly by older homes.<\/p>\n\n\n\n<figure class=\"wp-block-image size-full\"><a href=\"https:\/\/www.athome.lu\/blog\/wp-content\/uploads\/2025\/06\/Vente-carte-t2-2025.png\"><img loading=\"lazy\" decoding=\"async\" width=\"742\" height=\"831\" src=\"https:\/\/www.athome.lu\/blog\/wp-content\/uploads\/2025\/06\/Vente-carte-t2-2025.png\" alt=\"\" class=\"wp-image-17543\" srcset=\"https:\/\/www.athome.lu\/blog\/wp-content\/uploads\/2025\/06\/Vente-carte-t2-2025.png 742w, https:\/\/www.athome.lu\/blog\/wp-content\/uploads\/2025\/06\/Vente-carte-t2-2025-268x300.png 268w, https:\/\/www.athome.lu\/blog\/wp-content\/uploads\/2025\/06\/Vente-carte-t2-2025-11x12.png 11w\" sizes=\"auto, (max-width: 742px) 100vw, 742px\" \/><\/a><\/figure>\n\n\n\n<h2 class=\"wp-block-heading\">Location : <strong>a recovery in rental income after several quarters of decline<\/strong><\/h2>\n\n\n\n<p><strong>Change in advertised rents per quarter<\/strong><\/p>\n\n\n\n<p>After several quarters of decline, rents <strong>leave <\/strong>clearly to the <strong>increase <\/strong>in the second quarter of 2025. House rents have risen sharply <strong>increase <\/strong>(+8.8 1Q3Q), while flat prices are also back on the rise. <strong>increase <\/strong>(+4.2 1Q3Q) compared with the previous quarter. This trend reversal marks a possible <strong>restart <\/strong>of the rental market, after a sharp downturn since mid-2024. This upward trend should be followed closely in the months ahead.<\/p>\n\n\n\n<figure class=\"wp-block-image size-full\"><a href=\"https:\/\/www.athome.lu\/blog\/wp-content\/uploads\/2025\/06\/Loc-graph-t2-2025.png\"><img loading=\"lazy\" decoding=\"async\" width=\"778\" height=\"775\" src=\"https:\/\/www.athome.lu\/blog\/wp-content\/uploads\/2025\/06\/Loc-graph-t2-2025.png\" alt=\"\" class=\"wp-image-17545\" srcset=\"https:\/\/www.athome.lu\/blog\/wp-content\/uploads\/2025\/06\/Loc-graph-t2-2025.png 778w, https:\/\/www.athome.lu\/blog\/wp-content\/uploads\/2025\/06\/Loc-graph-t2-2025-300x300.png 300w, https:\/\/www.athome.lu\/blog\/wp-content\/uploads\/2025\/06\/Loc-graph-t2-2025-150x150.png 150w, https:\/\/www.athome.lu\/blog\/wp-content\/uploads\/2025\/06\/Loc-graph-t2-2025-768x765.png 768w, https:\/\/www.athome.lu\/blog\/wp-content\/uploads\/2025\/06\/Loc-graph-t2-2025-12x12.png 12w\" sizes=\"auto, (max-width: 778px) 100vw, 778px\" \/><\/a><\/figure>\n\n\n\n<p><strong>Change in advertised rents by region: rental trends vary from region to region<\/strong><\/p>\n\n\n\n<p>Rents are not rising uniformly across the region. The Centre stands out with a<strong> sharp rise<\/strong> for houses (+6.4 1TP3Q over 12 months) and a<strong> moderate increase <\/strong>flats (+1.8 1Q3). The West recorded a<strong> significant increase<\/strong> rents (+6.5 1Q3). In contrast, the East recorded a <strong>sharp drop<\/strong> homes (-7.2 1TP3Q) and the North <strong>back off <\/strong>(-4.2 1TP3Q). The South remains more <strong>stable<\/strong>with moderate variations depending on the type of property. These variations can be explained by <strong>regional disparities<\/strong> in terms of demand, supply and attractiveness.<\/p>\n\n\n\n<figure class=\"wp-block-image size-full\"><a href=\"https:\/\/www.athome.lu\/blog\/wp-content\/uploads\/2025\/06\/Loc-carte-t2-2025.png\"><img loading=\"lazy\" decoding=\"async\" width=\"723\" height=\"825\" src=\"https:\/\/www.athome.lu\/blog\/wp-content\/uploads\/2025\/06\/Loc-carte-t2-2025.png\" alt=\"\" class=\"wp-image-17547\" srcset=\"https:\/\/www.athome.lu\/blog\/wp-content\/uploads\/2025\/06\/Loc-carte-t2-2025.png 723w, https:\/\/www.athome.lu\/blog\/wp-content\/uploads\/2025\/06\/Loc-carte-t2-2025-263x300.png 263w, https:\/\/www.athome.lu\/blog\/wp-content\/uploads\/2025\/06\/Loc-carte-t2-2025-11x12.png 11w\" sizes=\"auto, (max-width: 723px) 100vw, 723px\" \/><\/a><\/figure>\n\n\n\n<h2 class=\"wp-block-heading\">Taxation and financing<\/h2>\n\n\n\n<p><strong>A still buoyant environment despite the end of certain subsidies<\/strong><\/p>\n\n\n\n<p>Since<strong> 1st July 2025<\/strong>A number of exceptional tax measures put in place to support the Luxembourg property market have taken effect. <strong>end<\/strong>However, some key forms of support remain in place and continue to benefit homebuyers.<\/p>\n\n\n\n<p>These include the tax credit for<strong>B\u00ebllegen Akt<\/strong>\"remains in full force. It allows<strong> reduced registration fees<\/strong> up to<strong> 40 000 \u20ac<\/strong> per person, i.e. up to <strong>80 000 \u20ac <\/strong>for a couple, for the purchase of a property intended to become their principal residence. This scheme is now the<strong> the main fiscal lever <\/strong>still in place to reduce acquisition costs.<\/p>\n\n\n\n<p>In addition, the<strong> tax deductibility of mortgage interest <\/strong>remains applicable as part of the annual tax return, in accordance with the rules in force. This interest can be partially or fully deducted, depending on the year in which the property is made available, enabling households to<strong> reduce their overall tax burden<\/strong>.<\/p>\n\n\n\n<p>Despite the disappearance of certain temporary aids, these mechanisms still in place contribute to <strong>maintain<\/strong> an environment <strong>favourable <\/strong>for property purchases, particularly for<strong> primary residences<\/strong>. In this way, they are supporting the recovery seen since 2024.<br><br><em>Sources: taxx.lu - chd.lu<\/em><\/p>\n\n\n\n<p><strong>Contrasting situations depending on the type of interest rate<\/strong><\/p>\n\n\n<div class=\"wp-block-image\">\n<figure class=\"alignleft size-full\"><a href=\"https:\/\/www.athome.lu\/blog\/wp-content\/uploads\/2025\/07\/atHome_MU-T2-2025_Fiscalite-Copie.png\"><img loading=\"lazy\" decoding=\"async\" width=\"1191\" height=\"720\" src=\"https:\/\/www.athome.lu\/blog\/wp-content\/uploads\/2025\/07\/atHome_MU-T2-2025_Fiscalite-Copie.png\" alt=\"\" class=\"wp-image-17586\" srcset=\"https:\/\/www.athome.lu\/blog\/wp-content\/uploads\/2025\/07\/atHome_MU-T2-2025_Fiscalite-Copie.png 1191w, https:\/\/www.athome.lu\/blog\/wp-content\/uploads\/2025\/07\/atHome_MU-T2-2025_Fiscalite-Copie-300x181.png 300w, https:\/\/www.athome.lu\/blog\/wp-content\/uploads\/2025\/07\/atHome_MU-T2-2025_Fiscalite-Copie-1024x619.png 1024w, https:\/\/www.athome.lu\/blog\/wp-content\/uploads\/2025\/07\/atHome_MU-T2-2025_Fiscalite-Copie-768x464.png 768w, https:\/\/www.athome.lu\/blog\/wp-content\/uploads\/2025\/07\/atHome_MU-T2-2025_Fiscalite-Copie-18x12.png 18w\" sizes=\"auto, (max-width: 1191px) 100vw, 1191px\" \/><\/a><\/figure>\n<\/div>\n\n\n<p><\/p>\n\n\n\n<h2 class=\"wp-block-heading\">What the experts say<\/h2>\n\n\n\n<figure class=\"wp-block-image size-full\"><a href=\"https:\/\/www.athome.lu\/blog\/wp-content\/uploads\/2025\/07\/atHome_MU-T2-2025_Experts-4.png\"><img loading=\"lazy\" decoding=\"async\" width=\"1191\" height=\"1619\" src=\"https:\/\/www.athome.lu\/blog\/wp-content\/uploads\/2025\/07\/atHome_MU-T2-2025_Experts-4.png\" alt=\"\" class=\"wp-image-17597\" srcset=\"https:\/\/www.athome.lu\/blog\/wp-content\/uploads\/2025\/07\/atHome_MU-T2-2025_Experts-4.png 1191w, https:\/\/www.athome.lu\/blog\/wp-content\/uploads\/2025\/07\/atHome_MU-T2-2025_Experts-4-221x300.png 221w, https:\/\/www.athome.lu\/blog\/wp-content\/uploads\/2025\/07\/atHome_MU-T2-2025_Experts-4-753x1024.png 753w, https:\/\/www.athome.lu\/blog\/wp-content\/uploads\/2025\/07\/atHome_MU-T2-2025_Experts-4-768x1044.png 768w, https:\/\/www.athome.lu\/blog\/wp-content\/uploads\/2025\/07\/atHome_MU-T2-2025_Experts-4-1130x1536.png 1130w, https:\/\/www.athome.lu\/blog\/wp-content\/uploads\/2025\/07\/atHome_MU-T2-2025_Experts-4-9x12.png 9w\" sizes=\"auto, (max-width: 1191px) 100vw, 1191px\" \/><\/a><\/figure>\n\n\n\n<p><\/p>","protected":false},"excerpt":{"rendered":"<p>Le deuxi\u00e8me trimestre 2025 s\u2019inscrit dans la continuit\u00e9 de la reprise amorc\u00e9e en d\u00e9but d\u2019ann\u00e9e, avec une hausse des prix de vente et un retournement du march\u00e9 locatif. Une tendance qui t\u00e9moigne d\u2019un regain d\u2019activit\u00e9, m\u00eame si les dynamiques restent diff\u00e9renci\u00e9es selon les segments et les r\u00e9gions. C\u00f4t\u00e9 vente, les prix des maisons anciennes enregistrent [&hellip;]<\/p>\n","protected":false},"author":19,"featured_media":17555,"comment_status":"closed","ping_status":"closed","sticky":false,"template":"","format":"standard","meta":{"_acf_changed":false,"footnotes":""},"categories":[217],"tags":[],"class_list":["post-17537","post","type-post","status-publish","format-standard","has-post-thumbnail","hentry","category-marche-immobilier"],"acf":[],"yoast_head":"<!-- This site is optimized with the Yoast SEO plugin v27.4 - https:\/\/yoast.com\/product\/yoast-seo-wordpress\/ -->\n<title>T2 2025 : Reprise confirm\u00e9e des prix de vente et nouvelle dynamique sur le march\u00e9 locatif - atHome Blog<\/title>\n<meta name=\"robots\" content=\"index, follow, max-snippet:-1, max-image-preview:large, max-video-preview:-1\" \/>\n<link rel=\"canonical\" href=\"https:\/\/www.athome.lu\/blog\/en\/real-estate-market\/q2-2025-upturn-in-sales-prices-and-new-momentum-in-the-rental-market\/\" \/>\n<meta property=\"og:locale\" content=\"en_GB\" \/>\n<meta property=\"og:type\" content=\"article\" \/>\n<meta property=\"og:title\" content=\"T2 2025 : Reprise confirm\u00e9e des prix de vente et nouvelle dynamique sur le march\u00e9 locatif - atHome Blog\" \/>\n<meta property=\"og:description\" content=\"Le deuxi\u00e8me trimestre 2025 s\u2019inscrit dans la continuit\u00e9 de la reprise amorc\u00e9e en d\u00e9but d\u2019ann\u00e9e, avec une hausse des prix de vente et un retournement du march\u00e9 locatif. Une tendance qui t\u00e9moigne d\u2019un regain d\u2019activit\u00e9, m\u00eame si les dynamiques restent diff\u00e9renci\u00e9es selon les segments et les r\u00e9gions. C\u00f4t\u00e9 vente, les prix des maisons anciennes enregistrent [&hellip;]\" \/>\n<meta property=\"og:url\" content=\"https:\/\/www.athome.lu\/blog\/en\/real-estate-market\/q2-2025-upturn-in-sales-prices-and-new-momentum-in-the-rental-market\/\" \/>\n<meta property=\"og:site_name\" content=\"atHome Blog\" \/>\n<meta property=\"article:publisher\" content=\"https:\/\/www.facebook.com\/atHome.lu\/\" \/>\n<meta property=\"article:published_time\" content=\"2025-06-30T22:00:00+00:00\" \/>\n<meta property=\"article:modified_time\" content=\"2025-10-01T07:08:10+00:00\" \/>\n<meta property=\"og:image\" content=\"https:\/\/www.athome.lu\/blog\/wp-content\/uploads\/2025\/06\/Wordpress-dimensions-banniere-2-1-1024x305.png\" \/>\n\t<meta property=\"og:image:width\" content=\"1024\" \/>\n\t<meta property=\"og:image:height\" content=\"305\" \/>\n\t<meta property=\"og:image:type\" content=\"image\/png\" \/>\n<meta name=\"author\" content=\"atHome.lu\" \/>\n<meta name=\"twitter:card\" content=\"summary_large_image\" \/>\n<meta name=\"twitter:creator\" content=\"@athomelu\" \/>\n<meta name=\"twitter:site\" content=\"@athomelu\" \/>\n<meta name=\"twitter:label1\" content=\"Written by\" \/>\n\t<meta name=\"twitter:data1\" content=\"atHome.lu\" \/>\n\t<meta name=\"twitter:label2\" content=\"Estimated reading time\" \/>\n\t<meta name=\"twitter:data2\" content=\"7 minutes\" \/>\n<script type=\"application\/ld+json\" class=\"yoast-schema-graph\">{\"@context\":\"https:\\\/\\\/schema.org\",\"@graph\":[{\"@type\":\"Article\",\"@id\":\"https:\\\/\\\/www.athome.lu\\\/blog\\\/marche-immobilier\\\/t2-2025-reprise-des-prix-de-vente-et-nouvelle-dynamique-sur-le-marche-locatif\\\/#article\",\"isPartOf\":{\"@id\":\"https:\\\/\\\/www.athome.lu\\\/blog\\\/marche-immobilier\\\/t2-2025-reprise-des-prix-de-vente-et-nouvelle-dynamique-sur-le-marche-locatif\\\/\"},\"author\":{\"name\":\"atHome.lu\",\"@id\":\"https:\\\/\\\/www.athome.lu\\\/blog\\\/#\\\/schema\\\/person\\\/6b0cae19a94059156faf7f0ce969b4a0\"},\"headline\":\"T2 2025 : Reprise confirm\u00e9e des prix de vente et nouvelle dynamique sur le march\u00e9 locatif\",\"datePublished\":\"2025-06-30T22:00:00+00:00\",\"dateModified\":\"2025-10-01T07:08:10+00:00\",\"mainEntityOfPage\":{\"@id\":\"https:\\\/\\\/www.athome.lu\\\/blog\\\/marche-immobilier\\\/t2-2025-reprise-des-prix-de-vente-et-nouvelle-dynamique-sur-le-marche-locatif\\\/\"},\"wordCount\":1095,\"image\":{\"@id\":\"https:\\\/\\\/www.athome.lu\\\/blog\\\/marche-immobilier\\\/t2-2025-reprise-des-prix-de-vente-et-nouvelle-dynamique-sur-le-marche-locatif\\\/#primaryimage\"},\"thumbnailUrl\":\"https:\\\/\\\/www.athome.lu\\\/blog\\\/wp-content\\\/uploads\\\/2025\\\/06\\\/Wordpress-dimensions-banniere-2-1-scaled.png\",\"articleSection\":[\"March\u00e9 immobilier\"],\"inLanguage\":\"en-GB\"},{\"@type\":\"WebPage\",\"@id\":\"https:\\\/\\\/www.athome.lu\\\/blog\\\/marche-immobilier\\\/t2-2025-reprise-des-prix-de-vente-et-nouvelle-dynamique-sur-le-marche-locatif\\\/\",\"url\":\"https:\\\/\\\/www.athome.lu\\\/blog\\\/marche-immobilier\\\/t2-2025-reprise-des-prix-de-vente-et-nouvelle-dynamique-sur-le-marche-locatif\\\/\",\"name\":\"T2 2025 : Reprise confirm\u00e9e des prix de vente et nouvelle dynamique sur le march\u00e9 locatif - atHome Blog\",\"isPartOf\":{\"@id\":\"https:\\\/\\\/www.athome.lu\\\/blog\\\/#website\"},\"primaryImageOfPage\":{\"@id\":\"https:\\\/\\\/www.athome.lu\\\/blog\\\/marche-immobilier\\\/t2-2025-reprise-des-prix-de-vente-et-nouvelle-dynamique-sur-le-marche-locatif\\\/#primaryimage\"},\"image\":{\"@id\":\"https:\\\/\\\/www.athome.lu\\\/blog\\\/marche-immobilier\\\/t2-2025-reprise-des-prix-de-vente-et-nouvelle-dynamique-sur-le-marche-locatif\\\/#primaryimage\"},\"thumbnailUrl\":\"https:\\\/\\\/www.athome.lu\\\/blog\\\/wp-content\\\/uploads\\\/2025\\\/06\\\/Wordpress-dimensions-banniere-2-1-scaled.png\",\"datePublished\":\"2025-06-30T22:00:00+00:00\",\"dateModified\":\"2025-10-01T07:08:10+00:00\",\"author\":{\"@id\":\"https:\\\/\\\/www.athome.lu\\\/blog\\\/#\\\/schema\\\/person\\\/6b0cae19a94059156faf7f0ce969b4a0\"},\"breadcrumb\":{\"@id\":\"https:\\\/\\\/www.athome.lu\\\/blog\\\/marche-immobilier\\\/t2-2025-reprise-des-prix-de-vente-et-nouvelle-dynamique-sur-le-marche-locatif\\\/#breadcrumb\"},\"inLanguage\":\"en-GB\",\"potentialAction\":[{\"@type\":\"ReadAction\",\"target\":[\"https:\\\/\\\/www.athome.lu\\\/blog\\\/marche-immobilier\\\/t2-2025-reprise-des-prix-de-vente-et-nouvelle-dynamique-sur-le-marche-locatif\\\/\"]}]},{\"@type\":\"ImageObject\",\"inLanguage\":\"en-GB\",\"@id\":\"https:\\\/\\\/www.athome.lu\\\/blog\\\/marche-immobilier\\\/t2-2025-reprise-des-prix-de-vente-et-nouvelle-dynamique-sur-le-marche-locatif\\\/#primaryimage\",\"url\":\"https:\\\/\\\/www.athome.lu\\\/blog\\\/wp-content\\\/uploads\\\/2025\\\/06\\\/Wordpress-dimensions-banniere-2-1-scaled.png\",\"contentUrl\":\"https:\\\/\\\/www.athome.lu\\\/blog\\\/wp-content\\\/uploads\\\/2025\\\/06\\\/Wordpress-dimensions-banniere-2-1-scaled.png\",\"width\":2560,\"height\":763},{\"@type\":\"BreadcrumbList\",\"@id\":\"https:\\\/\\\/www.athome.lu\\\/blog\\\/marche-immobilier\\\/t2-2025-reprise-des-prix-de-vente-et-nouvelle-dynamique-sur-le-marche-locatif\\\/#breadcrumb\",\"itemListElement\":[{\"@type\":\"ListItem\",\"position\":1,\"name\":\"Accueil\",\"item\":\"https:\\\/\\\/www.athome.lu\\\/blog\\\/\"},{\"@type\":\"ListItem\",\"position\":2,\"name\":\"March\u00e9 immobilier\",\"item\":\"https:\\\/\\\/www.athome.lu\\\/blog\\\/category\\\/marche-immobilier\\\/\"},{\"@type\":\"ListItem\",\"position\":3,\"name\":\"T2 2025 : Reprise confirm\u00e9e des prix de vente et nouvelle dynamique sur le march\u00e9 locatif\"}]},{\"@type\":\"WebSite\",\"@id\":\"https:\\\/\\\/www.athome.lu\\\/blog\\\/#website\",\"url\":\"https:\\\/\\\/www.athome.lu\\\/blog\\\/\",\"name\":\"atHome Blog\",\"description\":\"Annonces immobili\u00e8res au Luxembourg. Le portail immobilier n\u00b01 au Luxembourg.\",\"potentialAction\":[{\"@type\":\"SearchAction\",\"target\":{\"@type\":\"EntryPoint\",\"urlTemplate\":\"https:\\\/\\\/www.athome.lu\\\/blog\\\/?s={search_term_string}\"},\"query-input\":{\"@type\":\"PropertyValueSpecification\",\"valueRequired\":true,\"valueName\":\"search_term_string\"}}],\"inLanguage\":\"en-GB\"},{\"@type\":\"Person\",\"@id\":\"https:\\\/\\\/www.athome.lu\\\/blog\\\/#\\\/schema\\\/person\\\/6b0cae19a94059156faf7f0ce969b4a0\",\"name\":\"atHome.lu\",\"image\":{\"@type\":\"ImageObject\",\"inLanguage\":\"en-GB\",\"@id\":\"https:\\\/\\\/secure.gravatar.com\\\/avatar\\\/aaf3e502d7787af3ce4793c226e9640b6ab8f2b336039142fc34b438e2e085e8?s=96&d=mm&r=g\",\"url\":\"https:\\\/\\\/secure.gravatar.com\\\/avatar\\\/aaf3e502d7787af3ce4793c226e9640b6ab8f2b336039142fc34b438e2e085e8?s=96&d=mm&r=g\",\"contentUrl\":\"https:\\\/\\\/secure.gravatar.com\\\/avatar\\\/aaf3e502d7787af3ce4793c226e9640b6ab8f2b336039142fc34b438e2e085e8?s=96&d=mm&r=g\",\"caption\":\"atHome.lu\"}}]}<\/script>\n<!-- \/ Yoast SEO plugin. -->","yoast_head_json":{"title":"Q2 2025: Confirmed recovery in selling prices and new momentum in the rental market - atHome Blog","robots":{"index":"index","follow":"follow","max-snippet":"max-snippet:-1","max-image-preview":"max-image-preview:large","max-video-preview":"max-video-preview:-1"},"canonical":"https:\/\/www.athome.lu\/blog\/en\/real-estate-market\/q2-2025-upturn-in-sales-prices-and-new-momentum-in-the-rental-market\/","og_locale":"en_GB","og_type":"article","og_title":"T2 2025 : Reprise confirm\u00e9e des prix de vente et nouvelle dynamique sur le march\u00e9 locatif - atHome Blog","og_description":"Le deuxi\u00e8me trimestre 2025 s\u2019inscrit dans la continuit\u00e9 de la reprise amorc\u00e9e en d\u00e9but d\u2019ann\u00e9e, avec une hausse des prix de vente et un retournement du march\u00e9 locatif. Une tendance qui t\u00e9moigne d\u2019un regain d\u2019activit\u00e9, m\u00eame si les dynamiques restent diff\u00e9renci\u00e9es selon les segments et les r\u00e9gions. C\u00f4t\u00e9 vente, les prix des maisons anciennes enregistrent [&hellip;]","og_url":"https:\/\/www.athome.lu\/blog\/en\/real-estate-market\/q2-2025-upturn-in-sales-prices-and-new-momentum-in-the-rental-market\/","og_site_name":"atHome Blog","article_publisher":"https:\/\/www.facebook.com\/atHome.lu\/","article_published_time":"2025-06-30T22:00:00+00:00","article_modified_time":"2025-10-01T07:08:10+00:00","og_image":[{"width":1024,"height":305,"url":"https:\/\/www.athome.lu\/blog\/wp-content\/uploads\/2025\/06\/Wordpress-dimensions-banniere-2-1-1024x305.png","type":"image\/png"}],"author":"atHome.lu","twitter_card":"summary_large_image","twitter_creator":"@athomelu","twitter_site":"@athomelu","twitter_misc":{"Written by":"atHome.lu","Estimated reading time":"7 minutes"},"schema":{"@context":"https:\/\/schema.org","@graph":[{"@type":"Article","@id":"https:\/\/www.athome.lu\/blog\/marche-immobilier\/t2-2025-reprise-des-prix-de-vente-et-nouvelle-dynamique-sur-le-marche-locatif\/#article","isPartOf":{"@id":"https:\/\/www.athome.lu\/blog\/marche-immobilier\/t2-2025-reprise-des-prix-de-vente-et-nouvelle-dynamique-sur-le-marche-locatif\/"},"author":{"name":"atHome.lu","@id":"https:\/\/www.athome.lu\/blog\/#\/schema\/person\/6b0cae19a94059156faf7f0ce969b4a0"},"headline":"T2 2025 : Reprise confirm\u00e9e des prix de vente et nouvelle dynamique sur le march\u00e9 locatif","datePublished":"2025-06-30T22:00:00+00:00","dateModified":"2025-10-01T07:08:10+00:00","mainEntityOfPage":{"@id":"https:\/\/www.athome.lu\/blog\/marche-immobilier\/t2-2025-reprise-des-prix-de-vente-et-nouvelle-dynamique-sur-le-marche-locatif\/"},"wordCount":1095,"image":{"@id":"https:\/\/www.athome.lu\/blog\/marche-immobilier\/t2-2025-reprise-des-prix-de-vente-et-nouvelle-dynamique-sur-le-marche-locatif\/#primaryimage"},"thumbnailUrl":"https:\/\/www.athome.lu\/blog\/wp-content\/uploads\/2025\/06\/Wordpress-dimensions-banniere-2-1-scaled.png","articleSection":["March\u00e9 immobilier"],"inLanguage":"en-GB"},{"@type":"WebPage","@id":"https:\/\/www.athome.lu\/blog\/marche-immobilier\/t2-2025-reprise-des-prix-de-vente-et-nouvelle-dynamique-sur-le-marche-locatif\/","url":"https:\/\/www.athome.lu\/blog\/marche-immobilier\/t2-2025-reprise-des-prix-de-vente-et-nouvelle-dynamique-sur-le-marche-locatif\/","name":"Q2 2025: Confirmed recovery in selling prices and new momentum in the rental market - atHome Blog","isPartOf":{"@id":"https:\/\/www.athome.lu\/blog\/#website"},"primaryImageOfPage":{"@id":"https:\/\/www.athome.lu\/blog\/marche-immobilier\/t2-2025-reprise-des-prix-de-vente-et-nouvelle-dynamique-sur-le-marche-locatif\/#primaryimage"},"image":{"@id":"https:\/\/www.athome.lu\/blog\/marche-immobilier\/t2-2025-reprise-des-prix-de-vente-et-nouvelle-dynamique-sur-le-marche-locatif\/#primaryimage"},"thumbnailUrl":"https:\/\/www.athome.lu\/blog\/wp-content\/uploads\/2025\/06\/Wordpress-dimensions-banniere-2-1-scaled.png","datePublished":"2025-06-30T22:00:00+00:00","dateModified":"2025-10-01T07:08:10+00:00","author":{"@id":"https:\/\/www.athome.lu\/blog\/#\/schema\/person\/6b0cae19a94059156faf7f0ce969b4a0"},"breadcrumb":{"@id":"https:\/\/www.athome.lu\/blog\/marche-immobilier\/t2-2025-reprise-des-prix-de-vente-et-nouvelle-dynamique-sur-le-marche-locatif\/#breadcrumb"},"inLanguage":"en-GB","potentialAction":[{"@type":"ReadAction","target":["https:\/\/www.athome.lu\/blog\/marche-immobilier\/t2-2025-reprise-des-prix-de-vente-et-nouvelle-dynamique-sur-le-marche-locatif\/"]}]},{"@type":"ImageObject","inLanguage":"en-GB","@id":"https:\/\/www.athome.lu\/blog\/marche-immobilier\/t2-2025-reprise-des-prix-de-vente-et-nouvelle-dynamique-sur-le-marche-locatif\/#primaryimage","url":"https:\/\/www.athome.lu\/blog\/wp-content\/uploads\/2025\/06\/Wordpress-dimensions-banniere-2-1-scaled.png","contentUrl":"https:\/\/www.athome.lu\/blog\/wp-content\/uploads\/2025\/06\/Wordpress-dimensions-banniere-2-1-scaled.png","width":2560,"height":763},{"@type":"BreadcrumbList","@id":"https:\/\/www.athome.lu\/blog\/marche-immobilier\/t2-2025-reprise-des-prix-de-vente-et-nouvelle-dynamique-sur-le-marche-locatif\/#breadcrumb","itemListElement":[{"@type":"ListItem","position":1,"name":"Accueil","item":"https:\/\/www.athome.lu\/blog\/"},{"@type":"ListItem","position":2,"name":"March\u00e9 immobilier","item":"https:\/\/www.athome.lu\/blog\/category\/marche-immobilier\/"},{"@type":"ListItem","position":3,"name":"T2 2025 : Reprise confirm\u00e9e des prix de vente et nouvelle dynamique sur le march\u00e9 locatif"}]},{"@type":"WebSite","@id":"https:\/\/www.athome.lu\/blog\/#website","url":"https:\/\/www.athome.lu\/blog\/","name":"atHome Blog","description":"Real estate ads in Luxembourg. The n\u00b01 real estate portal in Luxembourg.","potentialAction":[{"@type":"SearchAction","target":{"@type":"EntryPoint","urlTemplate":"https:\/\/www.athome.lu\/blog\/?s={search_term_string}"},"query-input":{"@type":"PropertyValueSpecification","valueRequired":true,"valueName":"search_term_string"}}],"inLanguage":"en-GB"},{"@type":"Person","@id":"https:\/\/www.athome.lu\/blog\/#\/schema\/person\/6b0cae19a94059156faf7f0ce969b4a0","name":"atHome.lu","image":{"@type":"ImageObject","inLanguage":"en-GB","@id":"https:\/\/secure.gravatar.com\/avatar\/aaf3e502d7787af3ce4793c226e9640b6ab8f2b336039142fc34b438e2e085e8?s=96&d=mm&r=g","url":"https:\/\/secure.gravatar.com\/avatar\/aaf3e502d7787af3ce4793c226e9640b6ab8f2b336039142fc34b438e2e085e8?s=96&d=mm&r=g","contentUrl":"https:\/\/secure.gravatar.com\/avatar\/aaf3e502d7787af3ce4793c226e9640b6ab8f2b336039142fc34b438e2e085e8?s=96&d=mm&r=g","caption":"atHome.lu"}}]}},"featured_media_src_url":"https:\/\/www.athome.lu\/blog\/wp-content\/uploads\/2025\/06\/Wordpress-dimensions-banniere-2-1-1024x305.png","_links":{"self":[{"href":"https:\/\/www.athome.lu\/blog\/en\/wp-json\/wp\/v2\/posts\/17537","targetHints":{"allow":["GET"]}}],"collection":[{"href":"https:\/\/www.athome.lu\/blog\/en\/wp-json\/wp\/v2\/posts"}],"about":[{"href":"https:\/\/www.athome.lu\/blog\/en\/wp-json\/wp\/v2\/types\/post"}],"author":[{"embeddable":true,"href":"https:\/\/www.athome.lu\/blog\/en\/wp-json\/wp\/v2\/users\/19"}],"replies":[{"embeddable":true,"href":"https:\/\/www.athome.lu\/blog\/en\/wp-json\/wp\/v2\/comments?post=17537"}],"version-history":[{"count":4,"href":"https:\/\/www.athome.lu\/blog\/en\/wp-json\/wp\/v2\/posts\/17537\/revisions"}],"predecessor-version":[{"id":17609,"href":"https:\/\/www.athome.lu\/blog\/en\/wp-json\/wp\/v2\/posts\/17537\/revisions\/17609"}],"wp:featuredmedia":[{"embeddable":true,"href":"https:\/\/www.athome.lu\/blog\/en\/wp-json\/wp\/v2\/media\/17555"}],"wp:attachment":[{"href":"https:\/\/www.athome.lu\/blog\/en\/wp-json\/wp\/v2\/media?parent=17537"}],"wp:term":[{"taxonomy":"category","embeddable":true,"href":"https:\/\/www.athome.lu\/blog\/en\/wp-json\/wp\/v2\/categories?post=17537"},{"taxonomy":"post_tag","embeddable":true,"href":"https:\/\/www.athome.lu\/blog\/en\/wp-json\/wp\/v2\/tags?post=17537"}],"curies":[{"name":"wp","href":"https:\/\/api.w.org\/{rel}","templated":true}]}}