{"id":17611,"date":"2025-07-16T12:00:00","date_gmt":"2025-07-16T10:00:00","guid":{"rendered":"https:\/\/www.athome.lu\/blog\/?p=17611"},"modified":"2025-07-21T10:37:15","modified_gmt":"2025-07-21T08:37:15","slug":"focus-on-the-cloche-dor-district","status":"publish","type":"post","link":"https:\/\/www.athome.lu\/blog\/en\/acheter\/demenager\/focus-sur-le-quartier-de-la-cloche-dor\/","title":{"rendered":"Focus on the Cloche d'Or district"},"content":{"rendered":"<p><\/p>\n\n\n\n<p>Located to the south of Luxembourg City, La Cloche d'Or has established itself in just a few years as one of the country's most dynamic districts. With its mix of residential, service and shopping facilities, it appeals to families, young professionals and investors alike.<\/p>\n\n\n\n<h2 class=\"wp-block-heading\">A strategic location, at the heart of connections \ud83d\uddfa\ufe0f<\/h2>\n\n\n\n<p>The strength of La Cloche d'Or lies first and foremost in its ideal location. Right on the edge of the city centre, just a few minutes from the station and perfectly served by tram and bus routes, it offers remarkable accessibility.<\/p>\n\n\n\n<p>The A3 and A1 motorways provide quick access to France and Germany, making the area even more attractive. And for families, the proximity of the highly popular Lyc\u00e9e Vauban is a real plus.<\/p>\n\n\n\n<h2 class=\"wp-block-heading\">A living environment designed for everyday life \ud83c\udfd9\ufe0f<\/h2>\n\n\n\n<p>Living in La Cloche d'Or means enjoying an environment where everything is close at hand. The shopping centre of the same name, with over 100 stores, attracts residents and visitors alike.<\/p>\n\n\n\n<p>Restaurants, caf\u00e9s, local services, cr\u00e8ches, schools, offices... Here, life is lived on foot, with no compromise between comfort and modernity.<\/p>\n\n\n\n<h2 class=\"wp-block-heading\">A breath of fresh air in the heart of the city \ud83c\udf3f<\/h2>\n\n\n\n<p>Despite its urban dynamism, La Cloche d'Or has sacrificed nothing in terms of quality of life. Parc de Gasperich covers 16 hectares, with play areas, water features and sports facilities.<\/p>\n\n\n\n<p>Cycle and pedestrian paths easily link the different parts of the district. This is one of the greenest areas of the capital.<\/p>\n\n\n\n<h2 class=\"wp-block-heading\">Real estate: a market on the move \ud83c\udfe1<\/h2>\n\n\n\n<p>La Cloche d'Or offers a range of predominantly new homes with contemporary architecture and high energy efficiency standards. From studios to penthouses, the properties are varied and suited to all profiles. The area is also very attractive to rent, thanks to its proximity to offices and the Lyc\u00e9e Vauban.<\/p>\n\n\n\n<p>\ud83d\udd0d Discover our selection of properties for sale at la Cloche d'Or on <a href=\"https:\/\/www.athome.lu\/srp\/?tr=buy&amp;q=5c12d5b4\"><strong>atHome.lu<\/strong><\/a><\/p>\n\n\n\n<h2 class=\"wp-block-heading\">A thriving economic hub \ud83d\ude80<\/h2>\n\n\n\n<p>The district is already home to the headquarters of major companies such as PwC, Deloitte and even atHomeGroup, and continues to grow. New tertiary sector projects are being launched, opening up ever more opportunities for businesses and investors.<\/p>\n\n\n\n<h2 class=\"wp-block-heading\">Why choose the Cloche d'Or? \ud83d\udcac<\/h2>\n\n\n\n<p>Because it simplifies everyday life, combines urban living with green spaces, and represents a sure bet for the future. Modern, connected, sustainable... the Cloche d'Or is much more than just a district.<\/p>\n\n\n\n<p>What if this is where it all began? \ud83c\udf1f<\/p>\n\n\n\n<p><\/p>","protected":false},"excerpt":{"rendered":"<p>Situ\u00e9e au sud de Luxembourg-ville, la Cloche d\u2019Or s\u2019est impos\u00e9e en quelques ann\u00e9es comme l\u2019un des quartiers les plus dynamiques du pays. \u00c0 la fois r\u00e9sidentiel, tertiaire et commer\u00e7ant, il s\u00e9duit autant les familles que les jeunes actifs ou les investisseurs. Une localisation strat\u00e9gique, au c\u0153ur des connexions \ud83d\uddfa\ufe0f Ce qui fait d\u2019abord la force [&hellip;]<\/p>\n","protected":false},"author":19,"featured_media":17682,"comment_status":"closed","ping_status":"closed","sticky":false,"template":"","format":"standard","meta":{"_acf_changed":false,"footnotes":""},"categories":[65],"tags":[],"class_list":["post-17611","post","type-post","status-publish","format-standard","has-post-thumbnail","hentry","category-demenager"],"acf":[],"yoast_head":"<!-- This site is optimized with the Yoast SEO plugin v27.4 - https:\/\/yoast.com\/product\/yoast-seo-wordpress\/ -->\n<title>Focus sur le quartier de la Cloche d&#039;Or - atHome Blog<\/title>\n<meta name=\"robots\" content=\"index, follow, max-snippet:-1, max-image-preview:large, max-video-preview:-1\" \/>\n<link rel=\"canonical\" href=\"https:\/\/www.athome.lu\/blog\/en\/buy\/move-in\/focus-on-the-cloche-dor-district\/\" \/>\n<meta property=\"og:locale\" content=\"en_GB\" \/>\n<meta property=\"og:type\" content=\"article\" \/>\n<meta property=\"og:title\" content=\"Focus sur le quartier de la Cloche d&#039;Or - atHome Blog\" \/>\n<meta property=\"og:description\" content=\"Situ\u00e9e au sud de Luxembourg-ville, la Cloche d\u2019Or s\u2019est impos\u00e9e en quelques ann\u00e9es comme l\u2019un des quartiers les plus dynamiques du pays. \u00c0 la fois r\u00e9sidentiel, tertiaire et commer\u00e7ant, il s\u00e9duit autant les familles que les jeunes actifs ou les investisseurs. Une localisation strat\u00e9gique, au c\u0153ur des connexions \ud83d\uddfa\ufe0f Ce qui fait d\u2019abord la force [&hellip;]\" \/>\n<meta property=\"og:url\" content=\"https:\/\/www.athome.lu\/blog\/en\/buy\/move-in\/focus-on-the-cloche-dor-district\/\" \/>\n<meta property=\"og:site_name\" content=\"atHome Blog\" \/>\n<meta property=\"article:publisher\" content=\"https:\/\/www.facebook.com\/atHome.lu\/\" \/>\n<meta property=\"article:published_time\" content=\"2025-07-16T10:00:00+00:00\" \/>\n<meta property=\"article:modified_time\" content=\"2025-07-21T08:37:15+00:00\" \/>\n<meta property=\"og:image\" content=\"https:\/\/www.athome.lu\/blog\/wp-content\/uploads\/2025\/07\/Wordpress-dimensions-banniere-4-1024x305.png\" \/>\n\t<meta property=\"og:image:width\" content=\"1024\" \/>\n\t<meta property=\"og:image:height\" content=\"305\" \/>\n\t<meta property=\"og:image:type\" content=\"image\/png\" \/>\n<meta name=\"author\" content=\"atHome.lu\" \/>\n<meta name=\"twitter:card\" content=\"summary_large_image\" \/>\n<meta name=\"twitter:creator\" content=\"@athomelu\" \/>\n<meta name=\"twitter:site\" content=\"@athomelu\" \/>\n<meta name=\"twitter:label1\" content=\"Written by\" \/>\n\t<meta name=\"twitter:data1\" content=\"atHome.lu\" \/>\n\t<meta name=\"twitter:label2\" content=\"Estimated reading time\" \/>\n\t<meta name=\"twitter:data2\" content=\"3 minutes\" \/>\n<script type=\"application\/ld+json\" class=\"yoast-schema-graph\">{\"@context\":\"https:\\\/\\\/schema.org\",\"@graph\":[{\"@type\":\"Article\",\"@id\":\"https:\\\/\\\/www.athome.lu\\\/blog\\\/acheter\\\/demenager\\\/focus-sur-le-quartier-de-la-cloche-dor\\\/#article\",\"isPartOf\":{\"@id\":\"https:\\\/\\\/www.athome.lu\\\/blog\\\/acheter\\\/demenager\\\/focus-sur-le-quartier-de-la-cloche-dor\\\/\"},\"author\":{\"name\":\"atHome.lu\",\"@id\":\"https:\\\/\\\/www.athome.lu\\\/blog\\\/#\\\/schema\\\/person\\\/6b0cae19a94059156faf7f0ce969b4a0\"},\"headline\":\"Focus sur le quartier de la Cloche d'Or\",\"datePublished\":\"2025-07-16T10:00:00+00:00\",\"dateModified\":\"2025-07-21T08:37:15+00:00\",\"mainEntityOfPage\":{\"@id\":\"https:\\\/\\\/www.athome.lu\\\/blog\\\/acheter\\\/demenager\\\/focus-sur-le-quartier-de-la-cloche-dor\\\/\"},\"wordCount\":469,\"image\":{\"@id\":\"https:\\\/\\\/www.athome.lu\\\/blog\\\/acheter\\\/demenager\\\/focus-sur-le-quartier-de-la-cloche-dor\\\/#primaryimage\"},\"thumbnailUrl\":\"https:\\\/\\\/www.athome.lu\\\/blog\\\/wp-content\\\/uploads\\\/2025\\\/07\\\/Wordpress-dimensions-banniere-4-scaled.png\",\"articleSection\":[\"D\u00e9m\u00e9nager\"],\"inLanguage\":\"en-GB\"},{\"@type\":\"WebPage\",\"@id\":\"https:\\\/\\\/www.athome.lu\\\/blog\\\/acheter\\\/demenager\\\/focus-sur-le-quartier-de-la-cloche-dor\\\/\",\"url\":\"https:\\\/\\\/www.athome.lu\\\/blog\\\/acheter\\\/demenager\\\/focus-sur-le-quartier-de-la-cloche-dor\\\/\",\"name\":\"Focus sur le quartier de la Cloche d'Or - atHome Blog\",\"isPartOf\":{\"@id\":\"https:\\\/\\\/www.athome.lu\\\/blog\\\/#website\"},\"primaryImageOfPage\":{\"@id\":\"https:\\\/\\\/www.athome.lu\\\/blog\\\/acheter\\\/demenager\\\/focus-sur-le-quartier-de-la-cloche-dor\\\/#primaryimage\"},\"image\":{\"@id\":\"https:\\\/\\\/www.athome.lu\\\/blog\\\/acheter\\\/demenager\\\/focus-sur-le-quartier-de-la-cloche-dor\\\/#primaryimage\"},\"thumbnailUrl\":\"https:\\\/\\\/www.athome.lu\\\/blog\\\/wp-content\\\/uploads\\\/2025\\\/07\\\/Wordpress-dimensions-banniere-4-scaled.png\",\"datePublished\":\"2025-07-16T10:00:00+00:00\",\"dateModified\":\"2025-07-21T08:37:15+00:00\",\"author\":{\"@id\":\"https:\\\/\\\/www.athome.lu\\\/blog\\\/#\\\/schema\\\/person\\\/6b0cae19a94059156faf7f0ce969b4a0\"},\"breadcrumb\":{\"@id\":\"https:\\\/\\\/www.athome.lu\\\/blog\\\/acheter\\\/demenager\\\/focus-sur-le-quartier-de-la-cloche-dor\\\/#breadcrumb\"},\"inLanguage\":\"en-GB\",\"potentialAction\":[{\"@type\":\"ReadAction\",\"target\":[\"https:\\\/\\\/www.athome.lu\\\/blog\\\/acheter\\\/demenager\\\/focus-sur-le-quartier-de-la-cloche-dor\\\/\"]}]},{\"@type\":\"ImageObject\",\"inLanguage\":\"en-GB\",\"@id\":\"https:\\\/\\\/www.athome.lu\\\/blog\\\/acheter\\\/demenager\\\/focus-sur-le-quartier-de-la-cloche-dor\\\/#primaryimage\",\"url\":\"https:\\\/\\\/www.athome.lu\\\/blog\\\/wp-content\\\/uploads\\\/2025\\\/07\\\/Wordpress-dimensions-banniere-4-scaled.png\",\"contentUrl\":\"https:\\\/\\\/www.athome.lu\\\/blog\\\/wp-content\\\/uploads\\\/2025\\\/07\\\/Wordpress-dimensions-banniere-4-scaled.png\",\"width\":2560,\"height\":763},{\"@type\":\"BreadcrumbList\",\"@id\":\"https:\\\/\\\/www.athome.lu\\\/blog\\\/acheter\\\/demenager\\\/focus-sur-le-quartier-de-la-cloche-dor\\\/#breadcrumb\",\"itemListElement\":[{\"@type\":\"ListItem\",\"position\":1,\"name\":\"Accueil\",\"item\":\"https:\\\/\\\/www.athome.lu\\\/blog\\\/\"},{\"@type\":\"ListItem\",\"position\":2,\"name\":\"Acheter\",\"item\":\"https:\\\/\\\/www.athome.lu\\\/blog\\\/en\\\/category\\\/buy\\\/\"},{\"@type\":\"ListItem\",\"position\":3,\"name\":\"D\u00e9m\u00e9nager\",\"item\":\"https:\\\/\\\/www.athome.lu\\\/blog\\\/category\\\/acheter\\\/demenager\\\/\"},{\"@type\":\"ListItem\",\"position\":4,\"name\":\"Focus sur le quartier de la Cloche d'Or\"}]},{\"@type\":\"WebSite\",\"@id\":\"https:\\\/\\\/www.athome.lu\\\/blog\\\/#website\",\"url\":\"https:\\\/\\\/www.athome.lu\\\/blog\\\/\",\"name\":\"atHome Blog\",\"description\":\"Annonces immobili\u00e8res au Luxembourg. Le portail immobilier n\u00b01 au Luxembourg.\",\"potentialAction\":[{\"@type\":\"SearchAction\",\"target\":{\"@type\":\"EntryPoint\",\"urlTemplate\":\"https:\\\/\\\/www.athome.lu\\\/blog\\\/?s={search_term_string}\"},\"query-input\":{\"@type\":\"PropertyValueSpecification\",\"valueRequired\":true,\"valueName\":\"search_term_string\"}}],\"inLanguage\":\"en-GB\"},{\"@type\":\"Person\",\"@id\":\"https:\\\/\\\/www.athome.lu\\\/blog\\\/#\\\/schema\\\/person\\\/6b0cae19a94059156faf7f0ce969b4a0\",\"name\":\"atHome.lu\",\"image\":{\"@type\":\"ImageObject\",\"inLanguage\":\"en-GB\",\"@id\":\"https:\\\/\\\/secure.gravatar.com\\\/avatar\\\/aaf3e502d7787af3ce4793c226e9640b6ab8f2b336039142fc34b438e2e085e8?s=96&d=mm&r=g\",\"url\":\"https:\\\/\\\/secure.gravatar.com\\\/avatar\\\/aaf3e502d7787af3ce4793c226e9640b6ab8f2b336039142fc34b438e2e085e8?s=96&d=mm&r=g\",\"contentUrl\":\"https:\\\/\\\/secure.gravatar.com\\\/avatar\\\/aaf3e502d7787af3ce4793c226e9640b6ab8f2b336039142fc34b438e2e085e8?s=96&d=mm&r=g\",\"caption\":\"atHome.lu\"}}]}<\/script>\n<!-- \/ Yoast SEO plugin. -->","yoast_head_json":{"title":"Focus on the Cloche d'Or district - atHome Blog","robots":{"index":"index","follow":"follow","max-snippet":"max-snippet:-1","max-image-preview":"max-image-preview:large","max-video-preview":"max-video-preview:-1"},"canonical":"https:\/\/www.athome.lu\/blog\/en\/buy\/move-in\/focus-on-the-cloche-dor-district\/","og_locale":"en_GB","og_type":"article","og_title":"Focus sur le quartier de la Cloche d'Or - atHome Blog","og_description":"Situ\u00e9e au sud de Luxembourg-ville, la Cloche d\u2019Or s\u2019est impos\u00e9e en quelques ann\u00e9es comme l\u2019un des quartiers les plus dynamiques du pays. \u00c0 la fois r\u00e9sidentiel, tertiaire et commer\u00e7ant, il s\u00e9duit autant les familles que les jeunes actifs ou les investisseurs. Une localisation strat\u00e9gique, au c\u0153ur des connexions \ud83d\uddfa\ufe0f Ce qui fait d\u2019abord la force [&hellip;]","og_url":"https:\/\/www.athome.lu\/blog\/en\/buy\/move-in\/focus-on-the-cloche-dor-district\/","og_site_name":"atHome Blog","article_publisher":"https:\/\/www.facebook.com\/atHome.lu\/","article_published_time":"2025-07-16T10:00:00+00:00","article_modified_time":"2025-07-21T08:37:15+00:00","og_image":[{"width":1024,"height":305,"url":"https:\/\/www.athome.lu\/blog\/wp-content\/uploads\/2025\/07\/Wordpress-dimensions-banniere-4-1024x305.png","type":"image\/png"}],"author":"atHome.lu","twitter_card":"summary_large_image","twitter_creator":"@athomelu","twitter_site":"@athomelu","twitter_misc":{"Written by":"atHome.lu","Estimated reading time":"3 minutes"},"schema":{"@context":"https:\/\/schema.org","@graph":[{"@type":"Article","@id":"https:\/\/www.athome.lu\/blog\/acheter\/demenager\/focus-sur-le-quartier-de-la-cloche-dor\/#article","isPartOf":{"@id":"https:\/\/www.athome.lu\/blog\/acheter\/demenager\/focus-sur-le-quartier-de-la-cloche-dor\/"},"author":{"name":"atHome.lu","@id":"https:\/\/www.athome.lu\/blog\/#\/schema\/person\/6b0cae19a94059156faf7f0ce969b4a0"},"headline":"Focus sur le quartier de la Cloche d'Or","datePublished":"2025-07-16T10:00:00+00:00","dateModified":"2025-07-21T08:37:15+00:00","mainEntityOfPage":{"@id":"https:\/\/www.athome.lu\/blog\/acheter\/demenager\/focus-sur-le-quartier-de-la-cloche-dor\/"},"wordCount":469,"image":{"@id":"https:\/\/www.athome.lu\/blog\/acheter\/demenager\/focus-sur-le-quartier-de-la-cloche-dor\/#primaryimage"},"thumbnailUrl":"https:\/\/www.athome.lu\/blog\/wp-content\/uploads\/2025\/07\/Wordpress-dimensions-banniere-4-scaled.png","articleSection":["D\u00e9m\u00e9nager"],"inLanguage":"en-GB"},{"@type":"WebPage","@id":"https:\/\/www.athome.lu\/blog\/acheter\/demenager\/focus-sur-le-quartier-de-la-cloche-dor\/","url":"https:\/\/www.athome.lu\/blog\/acheter\/demenager\/focus-sur-le-quartier-de-la-cloche-dor\/","name":"Focus on the Cloche d'Or district - atHome Blog","isPartOf":{"@id":"https:\/\/www.athome.lu\/blog\/#website"},"primaryImageOfPage":{"@id":"https:\/\/www.athome.lu\/blog\/acheter\/demenager\/focus-sur-le-quartier-de-la-cloche-dor\/#primaryimage"},"image":{"@id":"https:\/\/www.athome.lu\/blog\/acheter\/demenager\/focus-sur-le-quartier-de-la-cloche-dor\/#primaryimage"},"thumbnailUrl":"https:\/\/www.athome.lu\/blog\/wp-content\/uploads\/2025\/07\/Wordpress-dimensions-banniere-4-scaled.png","datePublished":"2025-07-16T10:00:00+00:00","dateModified":"2025-07-21T08:37:15+00:00","author":{"@id":"https:\/\/www.athome.lu\/blog\/#\/schema\/person\/6b0cae19a94059156faf7f0ce969b4a0"},"breadcrumb":{"@id":"https:\/\/www.athome.lu\/blog\/acheter\/demenager\/focus-sur-le-quartier-de-la-cloche-dor\/#breadcrumb"},"inLanguage":"en-GB","potentialAction":[{"@type":"ReadAction","target":["https:\/\/www.athome.lu\/blog\/acheter\/demenager\/focus-sur-le-quartier-de-la-cloche-dor\/"]}]},{"@type":"ImageObject","inLanguage":"en-GB","@id":"https:\/\/www.athome.lu\/blog\/acheter\/demenager\/focus-sur-le-quartier-de-la-cloche-dor\/#primaryimage","url":"https:\/\/www.athome.lu\/blog\/wp-content\/uploads\/2025\/07\/Wordpress-dimensions-banniere-4-scaled.png","contentUrl":"https:\/\/www.athome.lu\/blog\/wp-content\/uploads\/2025\/07\/Wordpress-dimensions-banniere-4-scaled.png","width":2560,"height":763},{"@type":"BreadcrumbList","@id":"https:\/\/www.athome.lu\/blog\/acheter\/demenager\/focus-sur-le-quartier-de-la-cloche-dor\/#breadcrumb","itemListElement":[{"@type":"ListItem","position":1,"name":"Accueil","item":"https:\/\/www.athome.lu\/blog\/"},{"@type":"ListItem","position":2,"name":"Acheter","item":"https:\/\/www.athome.lu\/blog\/en\/category\/buy\/"},{"@type":"ListItem","position":3,"name":"D\u00e9m\u00e9nager","item":"https:\/\/www.athome.lu\/blog\/category\/acheter\/demenager\/"},{"@type":"ListItem","position":4,"name":"Focus sur le quartier de la Cloche d'Or"}]},{"@type":"WebSite","@id":"https:\/\/www.athome.lu\/blog\/#website","url":"https:\/\/www.athome.lu\/blog\/","name":"atHome Blog","description":"Real estate ads in Luxembourg. The n\u00b01 real estate portal in Luxembourg.","potentialAction":[{"@type":"SearchAction","target":{"@type":"EntryPoint","urlTemplate":"https:\/\/www.athome.lu\/blog\/?s={search_term_string}"},"query-input":{"@type":"PropertyValueSpecification","valueRequired":true,"valueName":"search_term_string"}}],"inLanguage":"en-GB"},{"@type":"Person","@id":"https:\/\/www.athome.lu\/blog\/#\/schema\/person\/6b0cae19a94059156faf7f0ce969b4a0","name":"atHome.lu","image":{"@type":"ImageObject","inLanguage":"en-GB","@id":"https:\/\/secure.gravatar.com\/avatar\/aaf3e502d7787af3ce4793c226e9640b6ab8f2b336039142fc34b438e2e085e8?s=96&d=mm&r=g","url":"https:\/\/secure.gravatar.com\/avatar\/aaf3e502d7787af3ce4793c226e9640b6ab8f2b336039142fc34b438e2e085e8?s=96&d=mm&r=g","contentUrl":"https:\/\/secure.gravatar.com\/avatar\/aaf3e502d7787af3ce4793c226e9640b6ab8f2b336039142fc34b438e2e085e8?s=96&d=mm&r=g","caption":"atHome.lu"}}]}},"featured_media_src_url":"https:\/\/www.athome.lu\/blog\/wp-content\/uploads\/2025\/07\/Wordpress-dimensions-banniere-4-1024x305.png","_links":{"self":[{"href":"https:\/\/www.athome.lu\/blog\/en\/wp-json\/wp\/v2\/posts\/17611","targetHints":{"allow":["GET"]}}],"collection":[{"href":"https:\/\/www.athome.lu\/blog\/en\/wp-json\/wp\/v2\/posts"}],"about":[{"href":"https:\/\/www.athome.lu\/blog\/en\/wp-json\/wp\/v2\/types\/post"}],"author":[{"embeddable":true,"href":"https:\/\/www.athome.lu\/blog\/en\/wp-json\/wp\/v2\/users\/19"}],"replies":[{"embeddable":true,"href":"https:\/\/www.athome.lu\/blog\/en\/wp-json\/wp\/v2\/comments?post=17611"}],"version-history":[{"count":5,"href":"https:\/\/www.athome.lu\/blog\/en\/wp-json\/wp\/v2\/posts\/17611\/revisions"}],"predecessor-version":[{"id":17688,"href":"https:\/\/www.athome.lu\/blog\/en\/wp-json\/wp\/v2\/posts\/17611\/revisions\/17688"}],"wp:featuredmedia":[{"embeddable":true,"href":"https:\/\/www.athome.lu\/blog\/en\/wp-json\/wp\/v2\/media\/17682"}],"wp:attachment":[{"href":"https:\/\/www.athome.lu\/blog\/en\/wp-json\/wp\/v2\/media?parent=17611"}],"wp:term":[{"taxonomy":"category","embeddable":true,"href":"https:\/\/www.athome.lu\/blog\/en\/wp-json\/wp\/v2\/categories?post=17611"},{"taxonomy":"post_tag","embeddable":true,"href":"https:\/\/www.athome.lu\/blog\/en\/wp-json\/wp\/v2\/tags?post=17611"}],"curies":[{"name":"wp","href":"https:\/\/api.w.org\/{rel}","templated":true}]}}