{"id":17758,"date":"2025-08-20T11:00:00","date_gmt":"2025-08-20T09:00:00","guid":{"rendered":"https:\/\/www.athome.lu\/blog\/?p=17758"},"modified":"2025-08-19T15:00:23","modified_gmt":"2025-08-19T13:00:23","slug":"get-back-into-the-property-market-keep-the-holiday-spirit-at-home","status":"publish","type":"post","link":"https:\/\/www.athome.lu\/blog\/en\/mon-logement\/rentree-immobiliere-gardez-lesprit-vacances-a-la-maison\/","title":{"rendered":"Back to the real estate market: keep the holiday spirit at home"},"content":{"rendered":"<p>Back to school is just around the corner, but there's still time to make the most of the fine weather. Why not give your home a summery touch to prolong the holiday spirit, while preparing your property projects?<\/p>\n\n\n\n<h2 class=\"wp-block-heading\">Extend the summer at home \u2600\ufe0f<\/h2>\n\n\n\n<p>A balcony transformed into a reading corner, a few green plants or light colours: sometimes it doesn't take much to keep your home light and sunny. A few simple accessories, like colourful cushions or an outdoor rug, can also make all the difference and create a cosy little cocoon.<\/p>\n\n\n\n<h2 class=\"wp-block-heading\">An interior ready for September \u2728<\/h2>\n\n\n\n<p>Back to school is also the perfect time to reorganise your home. Whether you need to create a corner office for teleworking, optimise your storage space after the summer or rethink your living space for greater comfort, a few simple adjustments can transform your everyday life.<\/p>\n\n\n\n<h2 class=\"wp-block-heading\">What if now was the right time to make your property project a reality? \ud83c\udfe1<\/h2>\n\n\n\n<p>Back to school is often synonymous with new beginnings. It's the perfect time to bring your plans to life: moving house, investing in property or finding a home with a garden or balcony to extend the warm weather. This time of year is the perfect opportunity to bring a breath of fresh air into your daily life and turn your real estate dreams into reality. With a few simple adjustments, you can keep the summer spirit alive while preparing for the new school year with peace of mind.<\/p>\n\n\n\n<p>\ud83d\udc49 Discover our properties to extend your summer on <a href=\"http:\/\/athome.lu\">atHome.lu<\/a> \ud83d\udd11<\/p>","protected":false},"excerpt":{"rendered":"<p>La rentr\u00e9e approche \u00e0 grands pas, mais il est encore temps de profiter des beaux jours. Et si vous donniez \u00e0 votre logement une petite touche estivale pour prolonger l\u2019esprit vacances, tout en pr\u00e9parant vos projets immobiliers\u202f? Prolongez l\u2019\u00e9t\u00e9 chez vous \u2600\ufe0f Un balcon transform\u00e9 en coin lecture, quelques plantes vertes ou des couleurs claires [&hellip;]<\/p>\n","protected":false},"author":19,"featured_media":17780,"comment_status":"closed","ping_status":"closed","sticky":false,"template":"","format":"standard","meta":{"_acf_changed":false,"footnotes":""},"categories":[6],"tags":[],"class_list":["post-17758","post","type-post","status-publish","format-standard","has-post-thumbnail","hentry","category-mon-logement"],"acf":[],"yoast_head":"<!-- This site is optimized with the Yoast SEO plugin v27.4 - https:\/\/yoast.com\/product\/yoast-seo-wordpress\/ -->\n<title>Rentr\u00e9e immobili\u00e8re : gardez l\u2019esprit vacances \u00e0 la maison - atHome Blog<\/title>\n<meta name=\"robots\" content=\"index, follow, max-snippet:-1, max-image-preview:large, max-video-preview:-1\" \/>\n<link rel=\"canonical\" href=\"https:\/\/www.athome.lu\/blog\/en\/my-home\/get-back-into-the-property-market-keep-the-holiday-spirit-at-home\/\" \/>\n<meta property=\"og:locale\" content=\"en_GB\" \/>\n<meta property=\"og:type\" content=\"article\" \/>\n<meta property=\"og:title\" content=\"Rentr\u00e9e immobili\u00e8re : gardez l\u2019esprit vacances \u00e0 la maison - atHome Blog\" \/>\n<meta property=\"og:description\" content=\"La rentr\u00e9e approche \u00e0 grands pas, mais il est encore temps de profiter des beaux jours. Et si vous donniez \u00e0 votre logement une petite touche estivale pour prolonger l\u2019esprit vacances, tout en pr\u00e9parant vos projets immobiliers\u202f? Prolongez l\u2019\u00e9t\u00e9 chez vous \u2600\ufe0f Un balcon transform\u00e9 en coin lecture, quelques plantes vertes ou des couleurs claires [&hellip;]\" \/>\n<meta property=\"og:url\" content=\"https:\/\/www.athome.lu\/blog\/en\/my-home\/get-back-into-the-property-market-keep-the-holiday-spirit-at-home\/\" \/>\n<meta property=\"og:site_name\" content=\"atHome Blog\" \/>\n<meta property=\"article:publisher\" content=\"https:\/\/www.facebook.com\/atHome.lu\/\" \/>\n<meta property=\"article:published_time\" content=\"2025-08-20T09:00:00+00:00\" \/>\n<meta property=\"og:image\" content=\"https:\/\/www.athome.lu\/blog\/wp-content\/uploads\/2025\/08\/iStock-1157620534-1024x683.jpg\" \/>\n\t<meta property=\"og:image:width\" content=\"1024\" \/>\n\t<meta property=\"og:image:height\" content=\"683\" \/>\n\t<meta property=\"og:image:type\" content=\"image\/jpeg\" \/>\n<meta name=\"author\" content=\"atHome.lu\" \/>\n<meta name=\"twitter:card\" content=\"summary_large_image\" \/>\n<meta name=\"twitter:creator\" content=\"@athomelu\" \/>\n<meta name=\"twitter:site\" content=\"@athomelu\" \/>\n<meta name=\"twitter:label1\" content=\"Written by\" \/>\n\t<meta name=\"twitter:data1\" content=\"atHome.lu\" \/>\n\t<meta name=\"twitter:label2\" content=\"Estimated reading time\" \/>\n\t<meta name=\"twitter:data2\" content=\"2 minutes\" \/>\n<script type=\"application\/ld+json\" class=\"yoast-schema-graph\">{\"@context\":\"https:\\\/\\\/schema.org\",\"@graph\":[{\"@type\":\"Article\",\"@id\":\"https:\\\/\\\/www.athome.lu\\\/blog\\\/mon-logement\\\/rentree-immobiliere-gardez-lesprit-vacances-a-la-maison\\\/#article\",\"isPartOf\":{\"@id\":\"https:\\\/\\\/www.athome.lu\\\/blog\\\/mon-logement\\\/rentree-immobiliere-gardez-lesprit-vacances-a-la-maison\\\/\"},\"author\":{\"name\":\"atHome.lu\",\"@id\":\"https:\\\/\\\/www.athome.lu\\\/blog\\\/#\\\/schema\\\/person\\\/6b0cae19a94059156faf7f0ce969b4a0\"},\"headline\":\"Rentr\u00e9e immobili\u00e8re : gardez l\u2019esprit vacances \u00e0 la maison\",\"datePublished\":\"2025-08-20T09:00:00+00:00\",\"mainEntityOfPage\":{\"@id\":\"https:\\\/\\\/www.athome.lu\\\/blog\\\/mon-logement\\\/rentree-immobiliere-gardez-lesprit-vacances-a-la-maison\\\/\"},\"wordCount\":277,\"image\":{\"@id\":\"https:\\\/\\\/www.athome.lu\\\/blog\\\/mon-logement\\\/rentree-immobiliere-gardez-lesprit-vacances-a-la-maison\\\/#primaryimage\"},\"thumbnailUrl\":\"https:\\\/\\\/www.athome.lu\\\/blog\\\/wp-content\\\/uploads\\\/2025\\\/08\\\/iStock-1157620534.jpg\",\"articleSection\":[\"Mon logement\"],\"inLanguage\":\"en-GB\"},{\"@type\":\"WebPage\",\"@id\":\"https:\\\/\\\/www.athome.lu\\\/blog\\\/mon-logement\\\/rentree-immobiliere-gardez-lesprit-vacances-a-la-maison\\\/\",\"url\":\"https:\\\/\\\/www.athome.lu\\\/blog\\\/mon-logement\\\/rentree-immobiliere-gardez-lesprit-vacances-a-la-maison\\\/\",\"name\":\"Rentr\u00e9e immobili\u00e8re : gardez l\u2019esprit vacances \u00e0 la maison - atHome Blog\",\"isPartOf\":{\"@id\":\"https:\\\/\\\/www.athome.lu\\\/blog\\\/#website\"},\"primaryImageOfPage\":{\"@id\":\"https:\\\/\\\/www.athome.lu\\\/blog\\\/mon-logement\\\/rentree-immobiliere-gardez-lesprit-vacances-a-la-maison\\\/#primaryimage\"},\"image\":{\"@id\":\"https:\\\/\\\/www.athome.lu\\\/blog\\\/mon-logement\\\/rentree-immobiliere-gardez-lesprit-vacances-a-la-maison\\\/#primaryimage\"},\"thumbnailUrl\":\"https:\\\/\\\/www.athome.lu\\\/blog\\\/wp-content\\\/uploads\\\/2025\\\/08\\\/iStock-1157620534.jpg\",\"datePublished\":\"2025-08-20T09:00:00+00:00\",\"author\":{\"@id\":\"https:\\\/\\\/www.athome.lu\\\/blog\\\/#\\\/schema\\\/person\\\/6b0cae19a94059156faf7f0ce969b4a0\"},\"breadcrumb\":{\"@id\":\"https:\\\/\\\/www.athome.lu\\\/blog\\\/mon-logement\\\/rentree-immobiliere-gardez-lesprit-vacances-a-la-maison\\\/#breadcrumb\"},\"inLanguage\":\"en-GB\",\"potentialAction\":[{\"@type\":\"ReadAction\",\"target\":[\"https:\\\/\\\/www.athome.lu\\\/blog\\\/mon-logement\\\/rentree-immobiliere-gardez-lesprit-vacances-a-la-maison\\\/\"]}]},{\"@type\":\"ImageObject\",\"inLanguage\":\"en-GB\",\"@id\":\"https:\\\/\\\/www.athome.lu\\\/blog\\\/mon-logement\\\/rentree-immobiliere-gardez-lesprit-vacances-a-la-maison\\\/#primaryimage\",\"url\":\"https:\\\/\\\/www.athome.lu\\\/blog\\\/wp-content\\\/uploads\\\/2025\\\/08\\\/iStock-1157620534.jpg\",\"contentUrl\":\"https:\\\/\\\/www.athome.lu\\\/blog\\\/wp-content\\\/uploads\\\/2025\\\/08\\\/iStock-1157620534.jpg\",\"width\":2121,\"height\":1414,\"caption\":\"Pouf next to rattan couch and armchair on wooden terrace with flowers and lamps\"},{\"@type\":\"BreadcrumbList\",\"@id\":\"https:\\\/\\\/www.athome.lu\\\/blog\\\/mon-logement\\\/rentree-immobiliere-gardez-lesprit-vacances-a-la-maison\\\/#breadcrumb\",\"itemListElement\":[{\"@type\":\"ListItem\",\"position\":1,\"name\":\"Accueil\",\"item\":\"https:\\\/\\\/www.athome.lu\\\/blog\\\/\"},{\"@type\":\"ListItem\",\"position\":2,\"name\":\"Mon logement\",\"item\":\"https:\\\/\\\/www.athome.lu\\\/blog\\\/de\\\/category\\\/mein-haus\\\/\"},{\"@type\":\"ListItem\",\"position\":3,\"name\":\"Rentr\u00e9e immobili\u00e8re : gardez l\u2019esprit vacances \u00e0 la maison\"}]},{\"@type\":\"WebSite\",\"@id\":\"https:\\\/\\\/www.athome.lu\\\/blog\\\/#website\",\"url\":\"https:\\\/\\\/www.athome.lu\\\/blog\\\/\",\"name\":\"atHome Blog\",\"description\":\"Annonces immobili\u00e8res au Luxembourg. Le portail immobilier n\u00b01 au Luxembourg.\",\"potentialAction\":[{\"@type\":\"SearchAction\",\"target\":{\"@type\":\"EntryPoint\",\"urlTemplate\":\"https:\\\/\\\/www.athome.lu\\\/blog\\\/?s={search_term_string}\"},\"query-input\":{\"@type\":\"PropertyValueSpecification\",\"valueRequired\":true,\"valueName\":\"search_term_string\"}}],\"inLanguage\":\"en-GB\"},{\"@type\":\"Person\",\"@id\":\"https:\\\/\\\/www.athome.lu\\\/blog\\\/#\\\/schema\\\/person\\\/6b0cae19a94059156faf7f0ce969b4a0\",\"name\":\"atHome.lu\",\"image\":{\"@type\":\"ImageObject\",\"inLanguage\":\"en-GB\",\"@id\":\"https:\\\/\\\/secure.gravatar.com\\\/avatar\\\/aaf3e502d7787af3ce4793c226e9640b6ab8f2b336039142fc34b438e2e085e8?s=96&d=mm&r=g\",\"url\":\"https:\\\/\\\/secure.gravatar.com\\\/avatar\\\/aaf3e502d7787af3ce4793c226e9640b6ab8f2b336039142fc34b438e2e085e8?s=96&d=mm&r=g\",\"contentUrl\":\"https:\\\/\\\/secure.gravatar.com\\\/avatar\\\/aaf3e502d7787af3ce4793c226e9640b6ab8f2b336039142fc34b438e2e085e8?s=96&d=mm&r=g\",\"caption\":\"atHome.lu\"}}]}<\/script>\n<!-- \/ Yoast SEO plugin. -->","yoast_head_json":{"title":"Back to property: keep the holiday spirit at home - atHome Blog","robots":{"index":"index","follow":"follow","max-snippet":"max-snippet:-1","max-image-preview":"max-image-preview:large","max-video-preview":"max-video-preview:-1"},"canonical":"https:\/\/www.athome.lu\/blog\/en\/my-home\/get-back-into-the-property-market-keep-the-holiday-spirit-at-home\/","og_locale":"en_GB","og_type":"article","og_title":"Rentr\u00e9e immobili\u00e8re : gardez l\u2019esprit vacances \u00e0 la maison - atHome Blog","og_description":"La rentr\u00e9e approche \u00e0 grands pas, mais il est encore temps de profiter des beaux jours. Et si vous donniez \u00e0 votre logement une petite touche estivale pour prolonger l\u2019esprit vacances, tout en pr\u00e9parant vos projets immobiliers\u202f? Prolongez l\u2019\u00e9t\u00e9 chez vous \u2600\ufe0f Un balcon transform\u00e9 en coin lecture, quelques plantes vertes ou des couleurs claires [&hellip;]","og_url":"https:\/\/www.athome.lu\/blog\/en\/my-home\/get-back-into-the-property-market-keep-the-holiday-spirit-at-home\/","og_site_name":"atHome Blog","article_publisher":"https:\/\/www.facebook.com\/atHome.lu\/","article_published_time":"2025-08-20T09:00:00+00:00","og_image":[{"width":1024,"height":683,"url":"https:\/\/www.athome.lu\/blog\/wp-content\/uploads\/2025\/08\/iStock-1157620534-1024x683.jpg","type":"image\/jpeg"}],"author":"atHome.lu","twitter_card":"summary_large_image","twitter_creator":"@athomelu","twitter_site":"@athomelu","twitter_misc":{"Written by":"atHome.lu","Estimated reading time":"2 minutes"},"schema":{"@context":"https:\/\/schema.org","@graph":[{"@type":"Article","@id":"https:\/\/www.athome.lu\/blog\/mon-logement\/rentree-immobiliere-gardez-lesprit-vacances-a-la-maison\/#article","isPartOf":{"@id":"https:\/\/www.athome.lu\/blog\/mon-logement\/rentree-immobiliere-gardez-lesprit-vacances-a-la-maison\/"},"author":{"name":"atHome.lu","@id":"https:\/\/www.athome.lu\/blog\/#\/schema\/person\/6b0cae19a94059156faf7f0ce969b4a0"},"headline":"Rentr\u00e9e immobili\u00e8re : gardez l\u2019esprit vacances \u00e0 la maison","datePublished":"2025-08-20T09:00:00+00:00","mainEntityOfPage":{"@id":"https:\/\/www.athome.lu\/blog\/mon-logement\/rentree-immobiliere-gardez-lesprit-vacances-a-la-maison\/"},"wordCount":277,"image":{"@id":"https:\/\/www.athome.lu\/blog\/mon-logement\/rentree-immobiliere-gardez-lesprit-vacances-a-la-maison\/#primaryimage"},"thumbnailUrl":"https:\/\/www.athome.lu\/blog\/wp-content\/uploads\/2025\/08\/iStock-1157620534.jpg","articleSection":["Mon logement"],"inLanguage":"en-GB"},{"@type":"WebPage","@id":"https:\/\/www.athome.lu\/blog\/mon-logement\/rentree-immobiliere-gardez-lesprit-vacances-a-la-maison\/","url":"https:\/\/www.athome.lu\/blog\/mon-logement\/rentree-immobiliere-gardez-lesprit-vacances-a-la-maison\/","name":"Back to property: keep the holiday spirit at home - atHome Blog","isPartOf":{"@id":"https:\/\/www.athome.lu\/blog\/#website"},"primaryImageOfPage":{"@id":"https:\/\/www.athome.lu\/blog\/mon-logement\/rentree-immobiliere-gardez-lesprit-vacances-a-la-maison\/#primaryimage"},"image":{"@id":"https:\/\/www.athome.lu\/blog\/mon-logement\/rentree-immobiliere-gardez-lesprit-vacances-a-la-maison\/#primaryimage"},"thumbnailUrl":"https:\/\/www.athome.lu\/blog\/wp-content\/uploads\/2025\/08\/iStock-1157620534.jpg","datePublished":"2025-08-20T09:00:00+00:00","author":{"@id":"https:\/\/www.athome.lu\/blog\/#\/schema\/person\/6b0cae19a94059156faf7f0ce969b4a0"},"breadcrumb":{"@id":"https:\/\/www.athome.lu\/blog\/mon-logement\/rentree-immobiliere-gardez-lesprit-vacances-a-la-maison\/#breadcrumb"},"inLanguage":"en-GB","potentialAction":[{"@type":"ReadAction","target":["https:\/\/www.athome.lu\/blog\/mon-logement\/rentree-immobiliere-gardez-lesprit-vacances-a-la-maison\/"]}]},{"@type":"ImageObject","inLanguage":"en-GB","@id":"https:\/\/www.athome.lu\/blog\/mon-logement\/rentree-immobiliere-gardez-lesprit-vacances-a-la-maison\/#primaryimage","url":"https:\/\/www.athome.lu\/blog\/wp-content\/uploads\/2025\/08\/iStock-1157620534.jpg","contentUrl":"https:\/\/www.athome.lu\/blog\/wp-content\/uploads\/2025\/08\/iStock-1157620534.jpg","width":2121,"height":1414,"caption":"Pouf next to rattan couch and armchair on wooden terrace with flowers and lamps"},{"@type":"BreadcrumbList","@id":"https:\/\/www.athome.lu\/blog\/mon-logement\/rentree-immobiliere-gardez-lesprit-vacances-a-la-maison\/#breadcrumb","itemListElement":[{"@type":"ListItem","position":1,"name":"Accueil","item":"https:\/\/www.athome.lu\/blog\/"},{"@type":"ListItem","position":2,"name":"Mon logement","item":"https:\/\/www.athome.lu\/blog\/de\/category\/mein-haus\/"},{"@type":"ListItem","position":3,"name":"Rentr\u00e9e immobili\u00e8re : gardez l\u2019esprit vacances \u00e0 la maison"}]},{"@type":"WebSite","@id":"https:\/\/www.athome.lu\/blog\/#website","url":"https:\/\/www.athome.lu\/blog\/","name":"atHome Blog","description":"Real estate ads in Luxembourg. The n\u00b01 real estate portal in Luxembourg.","potentialAction":[{"@type":"SearchAction","target":{"@type":"EntryPoint","urlTemplate":"https:\/\/www.athome.lu\/blog\/?s={search_term_string}"},"query-input":{"@type":"PropertyValueSpecification","valueRequired":true,"valueName":"search_term_string"}}],"inLanguage":"en-GB"},{"@type":"Person","@id":"https:\/\/www.athome.lu\/blog\/#\/schema\/person\/6b0cae19a94059156faf7f0ce969b4a0","name":"atHome.lu","image":{"@type":"ImageObject","inLanguage":"en-GB","@id":"https:\/\/secure.gravatar.com\/avatar\/aaf3e502d7787af3ce4793c226e9640b6ab8f2b336039142fc34b438e2e085e8?s=96&d=mm&r=g","url":"https:\/\/secure.gravatar.com\/avatar\/aaf3e502d7787af3ce4793c226e9640b6ab8f2b336039142fc34b438e2e085e8?s=96&d=mm&r=g","contentUrl":"https:\/\/secure.gravatar.com\/avatar\/aaf3e502d7787af3ce4793c226e9640b6ab8f2b336039142fc34b438e2e085e8?s=96&d=mm&r=g","caption":"atHome.lu"}}]}},"featured_media_src_url":"https:\/\/www.athome.lu\/blog\/wp-content\/uploads\/2025\/08\/iStock-1157620534-1024x683.jpg","_links":{"self":[{"href":"https:\/\/www.athome.lu\/blog\/en\/wp-json\/wp\/v2\/posts\/17758","targetHints":{"allow":["GET"]}}],"collection":[{"href":"https:\/\/www.athome.lu\/blog\/en\/wp-json\/wp\/v2\/posts"}],"about":[{"href":"https:\/\/www.athome.lu\/blog\/en\/wp-json\/wp\/v2\/types\/post"}],"author":[{"embeddable":true,"href":"https:\/\/www.athome.lu\/blog\/en\/wp-json\/wp\/v2\/users\/19"}],"replies":[{"embeddable":true,"href":"https:\/\/www.athome.lu\/blog\/en\/wp-json\/wp\/v2\/comments?post=17758"}],"version-history":[{"count":5,"href":"https:\/\/www.athome.lu\/blog\/en\/wp-json\/wp\/v2\/posts\/17758\/revisions"}],"predecessor-version":[{"id":17782,"href":"https:\/\/www.athome.lu\/blog\/en\/wp-json\/wp\/v2\/posts\/17758\/revisions\/17782"}],"wp:featuredmedia":[{"embeddable":true,"href":"https:\/\/www.athome.lu\/blog\/en\/wp-json\/wp\/v2\/media\/17780"}],"wp:attachment":[{"href":"https:\/\/www.athome.lu\/blog\/en\/wp-json\/wp\/v2\/media?parent=17758"}],"wp:term":[{"taxonomy":"category","embeddable":true,"href":"https:\/\/www.athome.lu\/blog\/en\/wp-json\/wp\/v2\/categories?post=17758"},{"taxonomy":"post_tag","embeddable":true,"href":"https:\/\/www.athome.lu\/blog\/en\/wp-json\/wp\/v2\/tags?post=17758"}],"curies":[{"name":"wp","href":"https:\/\/api.w.org\/{rel}","templated":true}]}}