{"id":17803,"date":"2025-09-03T11:00:00","date_gmt":"2025-09-03T09:00:00","guid":{"rendered":"https:\/\/www.athome.lu\/blog\/?p=17803"},"modified":"2025-09-02T15:03:16","modified_gmt":"2025-09-02T13:03:16","slug":"interior-design-trends-for-2025","status":"publish","type":"post","link":"https:\/\/www.athome.lu\/blog\/en\/mon-logement\/tendances-deco-interieur-rentree-2025\/","title":{"rendered":"Interior design trends - Back to school 2025"},"content":{"rendered":"<p>The start of the 2025 season marks the return of warm, expressive interiors. Deep colours, natural materials and rooms that tell a story. Here are the key trends to adopt for a stylish and inspiring cocoon.<\/p>\n\n\n\n<h2 class=\"wp-block-heading\">\ud83c\udfa8<strong> Warm, enveloping colours<\/strong><\/h2>\n\n\n\n<p>Terracotta, chocolate brown, burgundy or plum: earthy tones dominate. They create a cosy atmosphere, ideal for facing autumn in style.<\/p>\n\n\n\n<h2 class=\"wp-block-heading\">\ud83e\ude9e<strong> The authenticity of vintage<\/strong><\/h2>\n\n\n\n<p>Retro furniture, antique pieces and natural textiles are making a comeback. The idea is to add character to your home with unique, timeless objects.<\/p>\n\n\n\n<h2 class=\"wp-block-heading\">\ud83c\udf3f<strong> Sensory materials and textures<\/strong><\/h2>\n\n\n\n<p>Wood, stone, ceramic, terrycloth or velvet: textures take centre stage. Materials are layered to create a rich, welcoming interior.<\/p>\n\n\n\n<h2 class=\"wp-block-heading\">\ud83d\udca1<strong> Sculptural lighting<\/strong><\/h2>\n\n\n\n<p>Lamps become works of art. Curved shapes, pleated lamps, designer pendant lights... lighting becomes a decorative element in its own right.<\/p>\n\n\n\n<div style=\"height:10px\" aria-hidden=\"true\" class=\"wp-block-spacer\"><\/div>\n\n\n\n<p>\u2728 To sum up: the 2025 autumn decor is all about <strong>warm, personal and tactile<\/strong>. We dare to use deep colours, mix materials and choose objects with a soul.<\/p>\n\n\n\n<div style=\"height:10px\" aria-hidden=\"true\" class=\"wp-block-spacer\"><\/div>\n\n\n<div class=\"wp-block-image is-style-default\">\n<figure class=\"alignleft size-large\"><img loading=\"lazy\" decoding=\"async\" width=\"1024\" height=\"576\" src=\"https:\/\/www.athome.lu\/blog\/wp-content\/uploads\/2025\/09\/AHP-Moodboard-article-de-blog-1-1024x576.png\" alt=\"\" class=\"wp-image-17816\" srcset=\"https:\/\/www.athome.lu\/blog\/wp-content\/uploads\/2025\/09\/AHP-Moodboard-article-de-blog-1-1024x576.png 1024w, https:\/\/www.athome.lu\/blog\/wp-content\/uploads\/2025\/09\/AHP-Moodboard-article-de-blog-1-300x169.png 300w, https:\/\/www.athome.lu\/blog\/wp-content\/uploads\/2025\/09\/AHP-Moodboard-article-de-blog-1-768x432.png 768w, https:\/\/www.athome.lu\/blog\/wp-content\/uploads\/2025\/09\/AHP-Moodboard-article-de-blog-1-1536x864.png 1536w, https:\/\/www.athome.lu\/blog\/wp-content\/uploads\/2025\/09\/AHP-Moodboard-article-de-blog-1-2048x1152.png 2048w, https:\/\/www.athome.lu\/blog\/wp-content\/uploads\/2025\/09\/AHP-Moodboard-article-de-blog-1-18x10.png 18w, https:\/\/www.athome.lu\/blog\/wp-content\/uploads\/2025\/09\/AHP-Moodboard-article-de-blog-1-scaled.png 2560w\" sizes=\"auto, (max-width: 1024px) 100vw, 1024px\" \/><\/figure>\n<\/div>","protected":false},"excerpt":{"rendered":"<p>La rentr\u00e9e 2025 signe le retour des int\u00e9rieurs chaleureux et expressifs. Place aux couleurs profondes, aux mati\u00e8res naturelles et aux pi\u00e8ces qui racontent une histoire. Voici les grandes tendances \u00e0 adopter pour un cocon styl\u00e9 et inspirant. \ud83c\udfa8 Couleurs chaudes et enveloppantes Terracotta, brun chocolat, bordeaux ou prune : les teintes terreuses dominent. Elles cr\u00e9ent [&hellip;]<\/p>\n","protected":false},"author":19,"featured_media":17807,"comment_status":"closed","ping_status":"closed","sticky":false,"template":"","format":"standard","meta":{"_acf_changed":false,"footnotes":""},"categories":[210,6],"tags":[],"class_list":["post-17803","post","type-post","status-publish","format-standard","has-post-thumbnail","hentry","category-meuble-decoration","category-mon-logement"],"acf":[],"yoast_head":"<!-- This site is optimized with the Yoast SEO plugin v27.4 - https:\/\/yoast.com\/product\/yoast-seo-wordpress\/ -->\n<title>Tendances d\u00e9co int\u00e9rieur - Rentr\u00e9e 2025 - atHome Blog<\/title>\n<meta name=\"robots\" content=\"index, follow, max-snippet:-1, max-image-preview:large, max-video-preview:-1\" \/>\n<link rel=\"canonical\" href=\"https:\/\/www.athome.lu\/blog\/en\/my-home\/interior-design-trends-for-2025\/\" \/>\n<meta property=\"og:locale\" content=\"en_GB\" \/>\n<meta property=\"og:type\" content=\"article\" \/>\n<meta property=\"og:title\" content=\"Tendances d\u00e9co int\u00e9rieur - Rentr\u00e9e 2025 - atHome Blog\" \/>\n<meta property=\"og:description\" content=\"La rentr\u00e9e 2025 signe le retour des int\u00e9rieurs chaleureux et expressifs. Place aux couleurs profondes, aux mati\u00e8res naturelles et aux pi\u00e8ces qui racontent une histoire. Voici les grandes tendances \u00e0 adopter pour un cocon styl\u00e9 et inspirant. \ud83c\udfa8 Couleurs chaudes et enveloppantes Terracotta, brun chocolat, bordeaux ou prune : les teintes terreuses dominent. Elles cr\u00e9ent [&hellip;]\" \/>\n<meta property=\"og:url\" content=\"https:\/\/www.athome.lu\/blog\/en\/my-home\/interior-design-trends-for-2025\/\" \/>\n<meta property=\"og:site_name\" content=\"atHome Blog\" \/>\n<meta property=\"article:publisher\" content=\"https:\/\/www.facebook.com\/atHome.lu\/\" \/>\n<meta property=\"article:published_time\" content=\"2025-09-03T09:00:00+00:00\" \/>\n<meta property=\"og:image\" content=\"https:\/\/www.athome.lu\/blog\/wp-content\/uploads\/2025\/09\/AHP-Article-blog-Deco-rentree-2025-scaled.png\" \/>\n\t<meta property=\"og:image:width\" content=\"2560\" \/>\n\t<meta property=\"og:image:height\" content=\"763\" \/>\n\t<meta property=\"og:image:type\" content=\"image\/png\" \/>\n<meta name=\"author\" content=\"atHome.lu\" \/>\n<meta name=\"twitter:card\" content=\"summary_large_image\" \/>\n<meta name=\"twitter:creator\" content=\"@athomelu\" \/>\n<meta name=\"twitter:site\" content=\"@athomelu\" \/>\n<meta name=\"twitter:label1\" content=\"Written by\" \/>\n\t<meta name=\"twitter:data1\" content=\"atHome.lu\" \/>\n\t<meta name=\"twitter:label2\" content=\"Estimated reading time\" \/>\n\t<meta name=\"twitter:data2\" content=\"2 minutes\" \/>\n<script type=\"application\/ld+json\" class=\"yoast-schema-graph\">{\"@context\":\"https:\\\/\\\/schema.org\",\"@graph\":[{\"@type\":\"Article\",\"@id\":\"https:\\\/\\\/www.athome.lu\\\/blog\\\/mon-logement\\\/tendances-deco-interieur-rentree-2025\\\/#article\",\"isPartOf\":{\"@id\":\"https:\\\/\\\/www.athome.lu\\\/blog\\\/mon-logement\\\/tendances-deco-interieur-rentree-2025\\\/\"},\"author\":{\"name\":\"atHome.lu\",\"@id\":\"https:\\\/\\\/www.athome.lu\\\/blog\\\/#\\\/schema\\\/person\\\/6b0cae19a94059156faf7f0ce969b4a0\"},\"headline\":\"Tendances d\u00e9co int\u00e9rieur - Rentr\u00e9e 2025\",\"datePublished\":\"2025-09-03T09:00:00+00:00\",\"mainEntityOfPage\":{\"@id\":\"https:\\\/\\\/www.athome.lu\\\/blog\\\/mon-logement\\\/tendances-deco-interieur-rentree-2025\\\/\"},\"wordCount\":206,\"image\":{\"@id\":\"https:\\\/\\\/www.athome.lu\\\/blog\\\/mon-logement\\\/tendances-deco-interieur-rentree-2025\\\/#primaryimage\"},\"thumbnailUrl\":\"https:\\\/\\\/www.athome.lu\\\/blog\\\/wp-content\\\/uploads\\\/2025\\\/09\\\/AHP-Article-blog-Deco-rentree-2025-scaled.png\",\"articleSection\":[\"Meubler et D\u00e9corer\",\"Mon logement\"],\"inLanguage\":\"en-GB\"},{\"@type\":\"WebPage\",\"@id\":\"https:\\\/\\\/www.athome.lu\\\/blog\\\/mon-logement\\\/tendances-deco-interieur-rentree-2025\\\/\",\"url\":\"https:\\\/\\\/www.athome.lu\\\/blog\\\/mon-logement\\\/tendances-deco-interieur-rentree-2025\\\/\",\"name\":\"Tendances d\u00e9co int\u00e9rieur - Rentr\u00e9e 2025 - atHome Blog\",\"isPartOf\":{\"@id\":\"https:\\\/\\\/www.athome.lu\\\/blog\\\/#website\"},\"primaryImageOfPage\":{\"@id\":\"https:\\\/\\\/www.athome.lu\\\/blog\\\/mon-logement\\\/tendances-deco-interieur-rentree-2025\\\/#primaryimage\"},\"image\":{\"@id\":\"https:\\\/\\\/www.athome.lu\\\/blog\\\/mon-logement\\\/tendances-deco-interieur-rentree-2025\\\/#primaryimage\"},\"thumbnailUrl\":\"https:\\\/\\\/www.athome.lu\\\/blog\\\/wp-content\\\/uploads\\\/2025\\\/09\\\/AHP-Article-blog-Deco-rentree-2025-scaled.png\",\"datePublished\":\"2025-09-03T09:00:00+00:00\",\"author\":{\"@id\":\"https:\\\/\\\/www.athome.lu\\\/blog\\\/#\\\/schema\\\/person\\\/6b0cae19a94059156faf7f0ce969b4a0\"},\"breadcrumb\":{\"@id\":\"https:\\\/\\\/www.athome.lu\\\/blog\\\/mon-logement\\\/tendances-deco-interieur-rentree-2025\\\/#breadcrumb\"},\"inLanguage\":\"en-GB\",\"potentialAction\":[{\"@type\":\"ReadAction\",\"target\":[\"https:\\\/\\\/www.athome.lu\\\/blog\\\/mon-logement\\\/tendances-deco-interieur-rentree-2025\\\/\"]}]},{\"@type\":\"ImageObject\",\"inLanguage\":\"en-GB\",\"@id\":\"https:\\\/\\\/www.athome.lu\\\/blog\\\/mon-logement\\\/tendances-deco-interieur-rentree-2025\\\/#primaryimage\",\"url\":\"https:\\\/\\\/www.athome.lu\\\/blog\\\/wp-content\\\/uploads\\\/2025\\\/09\\\/AHP-Article-blog-Deco-rentree-2025-scaled.png\",\"contentUrl\":\"https:\\\/\\\/www.athome.lu\\\/blog\\\/wp-content\\\/uploads\\\/2025\\\/09\\\/AHP-Article-blog-Deco-rentree-2025-scaled.png\",\"width\":2560,\"height\":763},{\"@type\":\"BreadcrumbList\",\"@id\":\"https:\\\/\\\/www.athome.lu\\\/blog\\\/mon-logement\\\/tendances-deco-interieur-rentree-2025\\\/#breadcrumb\",\"itemListElement\":[{\"@type\":\"ListItem\",\"position\":1,\"name\":\"Accueil\",\"item\":\"https:\\\/\\\/www.athome.lu\\\/blog\\\/\"},{\"@type\":\"ListItem\",\"position\":2,\"name\":\"Mon logement\",\"item\":\"https:\\\/\\\/www.athome.lu\\\/blog\\\/de\\\/category\\\/mein-haus\\\/\"},{\"@type\":\"ListItem\",\"position\":3,\"name\":\"Meubler et D\u00e9corer\",\"item\":\"https:\\\/\\\/www.athome.lu\\\/blog\\\/de\\\/category\\\/mein-haus\\\/deko-mobel\\\/\"},{\"@type\":\"ListItem\",\"position\":4,\"name\":\"Tendances d\u00e9co int\u00e9rieur - Rentr\u00e9e 2025\"}]},{\"@type\":\"WebSite\",\"@id\":\"https:\\\/\\\/www.athome.lu\\\/blog\\\/#website\",\"url\":\"https:\\\/\\\/www.athome.lu\\\/blog\\\/\",\"name\":\"atHome Blog\",\"description\":\"Annonces immobili\u00e8res au Luxembourg. Le portail immobilier n\u00b01 au Luxembourg.\",\"potentialAction\":[{\"@type\":\"SearchAction\",\"target\":{\"@type\":\"EntryPoint\",\"urlTemplate\":\"https:\\\/\\\/www.athome.lu\\\/blog\\\/?s={search_term_string}\"},\"query-input\":{\"@type\":\"PropertyValueSpecification\",\"valueRequired\":true,\"valueName\":\"search_term_string\"}}],\"inLanguage\":\"en-GB\"},{\"@type\":\"Person\",\"@id\":\"https:\\\/\\\/www.athome.lu\\\/blog\\\/#\\\/schema\\\/person\\\/6b0cae19a94059156faf7f0ce969b4a0\",\"name\":\"atHome.lu\",\"image\":{\"@type\":\"ImageObject\",\"inLanguage\":\"en-GB\",\"@id\":\"https:\\\/\\\/secure.gravatar.com\\\/avatar\\\/aaf3e502d7787af3ce4793c226e9640b6ab8f2b336039142fc34b438e2e085e8?s=96&d=mm&r=g\",\"url\":\"https:\\\/\\\/secure.gravatar.com\\\/avatar\\\/aaf3e502d7787af3ce4793c226e9640b6ab8f2b336039142fc34b438e2e085e8?s=96&d=mm&r=g\",\"contentUrl\":\"https:\\\/\\\/secure.gravatar.com\\\/avatar\\\/aaf3e502d7787af3ce4793c226e9640b6ab8f2b336039142fc34b438e2e085e8?s=96&d=mm&r=g\",\"caption\":\"atHome.lu\"}}]}<\/script>\n<!-- \/ Yoast SEO plugin. -->","yoast_head_json":{"title":"Interior design trends - Back to school 2025 - atHome Blog","robots":{"index":"index","follow":"follow","max-snippet":"max-snippet:-1","max-image-preview":"max-image-preview:large","max-video-preview":"max-video-preview:-1"},"canonical":"https:\/\/www.athome.lu\/blog\/en\/my-home\/interior-design-trends-for-2025\/","og_locale":"en_GB","og_type":"article","og_title":"Tendances d\u00e9co int\u00e9rieur - Rentr\u00e9e 2025 - atHome Blog","og_description":"La rentr\u00e9e 2025 signe le retour des int\u00e9rieurs chaleureux et expressifs. Place aux couleurs profondes, aux mati\u00e8res naturelles et aux pi\u00e8ces qui racontent une histoire. Voici les grandes tendances \u00e0 adopter pour un cocon styl\u00e9 et inspirant. \ud83c\udfa8 Couleurs chaudes et enveloppantes Terracotta, brun chocolat, bordeaux ou prune : les teintes terreuses dominent. Elles cr\u00e9ent [&hellip;]","og_url":"https:\/\/www.athome.lu\/blog\/en\/my-home\/interior-design-trends-for-2025\/","og_site_name":"atHome Blog","article_publisher":"https:\/\/www.facebook.com\/atHome.lu\/","article_published_time":"2025-09-03T09:00:00+00:00","og_image":[{"width":2560,"height":763,"url":"https:\/\/www.athome.lu\/blog\/wp-content\/uploads\/2025\/09\/AHP-Article-blog-Deco-rentree-2025-scaled.png","type":"image\/png"}],"author":"atHome.lu","twitter_card":"summary_large_image","twitter_creator":"@athomelu","twitter_site":"@athomelu","twitter_misc":{"Written by":"atHome.lu","Estimated reading time":"2 minutes"},"schema":{"@context":"https:\/\/schema.org","@graph":[{"@type":"Article","@id":"https:\/\/www.athome.lu\/blog\/mon-logement\/tendances-deco-interieur-rentree-2025\/#article","isPartOf":{"@id":"https:\/\/www.athome.lu\/blog\/mon-logement\/tendances-deco-interieur-rentree-2025\/"},"author":{"name":"atHome.lu","@id":"https:\/\/www.athome.lu\/blog\/#\/schema\/person\/6b0cae19a94059156faf7f0ce969b4a0"},"headline":"Tendances d\u00e9co int\u00e9rieur - Rentr\u00e9e 2025","datePublished":"2025-09-03T09:00:00+00:00","mainEntityOfPage":{"@id":"https:\/\/www.athome.lu\/blog\/mon-logement\/tendances-deco-interieur-rentree-2025\/"},"wordCount":206,"image":{"@id":"https:\/\/www.athome.lu\/blog\/mon-logement\/tendances-deco-interieur-rentree-2025\/#primaryimage"},"thumbnailUrl":"https:\/\/www.athome.lu\/blog\/wp-content\/uploads\/2025\/09\/AHP-Article-blog-Deco-rentree-2025-scaled.png","articleSection":["Meubler et D\u00e9corer","Mon logement"],"inLanguage":"en-GB"},{"@type":"WebPage","@id":"https:\/\/www.athome.lu\/blog\/mon-logement\/tendances-deco-interieur-rentree-2025\/","url":"https:\/\/www.athome.lu\/blog\/mon-logement\/tendances-deco-interieur-rentree-2025\/","name":"Interior design trends - Back to school 2025 - atHome Blog","isPartOf":{"@id":"https:\/\/www.athome.lu\/blog\/#website"},"primaryImageOfPage":{"@id":"https:\/\/www.athome.lu\/blog\/mon-logement\/tendances-deco-interieur-rentree-2025\/#primaryimage"},"image":{"@id":"https:\/\/www.athome.lu\/blog\/mon-logement\/tendances-deco-interieur-rentree-2025\/#primaryimage"},"thumbnailUrl":"https:\/\/www.athome.lu\/blog\/wp-content\/uploads\/2025\/09\/AHP-Article-blog-Deco-rentree-2025-scaled.png","datePublished":"2025-09-03T09:00:00+00:00","author":{"@id":"https:\/\/www.athome.lu\/blog\/#\/schema\/person\/6b0cae19a94059156faf7f0ce969b4a0"},"breadcrumb":{"@id":"https:\/\/www.athome.lu\/blog\/mon-logement\/tendances-deco-interieur-rentree-2025\/#breadcrumb"},"inLanguage":"en-GB","potentialAction":[{"@type":"ReadAction","target":["https:\/\/www.athome.lu\/blog\/mon-logement\/tendances-deco-interieur-rentree-2025\/"]}]},{"@type":"ImageObject","inLanguage":"en-GB","@id":"https:\/\/www.athome.lu\/blog\/mon-logement\/tendances-deco-interieur-rentree-2025\/#primaryimage","url":"https:\/\/www.athome.lu\/blog\/wp-content\/uploads\/2025\/09\/AHP-Article-blog-Deco-rentree-2025-scaled.png","contentUrl":"https:\/\/www.athome.lu\/blog\/wp-content\/uploads\/2025\/09\/AHP-Article-blog-Deco-rentree-2025-scaled.png","width":2560,"height":763},{"@type":"BreadcrumbList","@id":"https:\/\/www.athome.lu\/blog\/mon-logement\/tendances-deco-interieur-rentree-2025\/#breadcrumb","itemListElement":[{"@type":"ListItem","position":1,"name":"Accueil","item":"https:\/\/www.athome.lu\/blog\/"},{"@type":"ListItem","position":2,"name":"Mon logement","item":"https:\/\/www.athome.lu\/blog\/de\/category\/mein-haus\/"},{"@type":"ListItem","position":3,"name":"Meubler et D\u00e9corer","item":"https:\/\/www.athome.lu\/blog\/de\/category\/mein-haus\/deko-mobel\/"},{"@type":"ListItem","position":4,"name":"Tendances d\u00e9co int\u00e9rieur - Rentr\u00e9e 2025"}]},{"@type":"WebSite","@id":"https:\/\/www.athome.lu\/blog\/#website","url":"https:\/\/www.athome.lu\/blog\/","name":"atHome Blog","description":"Real estate ads in Luxembourg. The n\u00b01 real estate portal in Luxembourg.","potentialAction":[{"@type":"SearchAction","target":{"@type":"EntryPoint","urlTemplate":"https:\/\/www.athome.lu\/blog\/?s={search_term_string}"},"query-input":{"@type":"PropertyValueSpecification","valueRequired":true,"valueName":"search_term_string"}}],"inLanguage":"en-GB"},{"@type":"Person","@id":"https:\/\/www.athome.lu\/blog\/#\/schema\/person\/6b0cae19a94059156faf7f0ce969b4a0","name":"atHome.lu","image":{"@type":"ImageObject","inLanguage":"en-GB","@id":"https:\/\/secure.gravatar.com\/avatar\/aaf3e502d7787af3ce4793c226e9640b6ab8f2b336039142fc34b438e2e085e8?s=96&d=mm&r=g","url":"https:\/\/secure.gravatar.com\/avatar\/aaf3e502d7787af3ce4793c226e9640b6ab8f2b336039142fc34b438e2e085e8?s=96&d=mm&r=g","contentUrl":"https:\/\/secure.gravatar.com\/avatar\/aaf3e502d7787af3ce4793c226e9640b6ab8f2b336039142fc34b438e2e085e8?s=96&d=mm&r=g","caption":"atHome.lu"}}]}},"featured_media_src_url":"https:\/\/www.athome.lu\/blog\/wp-content\/uploads\/2025\/09\/AHP-Article-blog-Deco-rentree-2025-1024x305.png","_links":{"self":[{"href":"https:\/\/www.athome.lu\/blog\/en\/wp-json\/wp\/v2\/posts\/17803","targetHints":{"allow":["GET"]}}],"collection":[{"href":"https:\/\/www.athome.lu\/blog\/en\/wp-json\/wp\/v2\/posts"}],"about":[{"href":"https:\/\/www.athome.lu\/blog\/en\/wp-json\/wp\/v2\/types\/post"}],"author":[{"embeddable":true,"href":"https:\/\/www.athome.lu\/blog\/en\/wp-json\/wp\/v2\/users\/19"}],"replies":[{"embeddable":true,"href":"https:\/\/www.athome.lu\/blog\/en\/wp-json\/wp\/v2\/comments?post=17803"}],"version-history":[{"count":5,"href":"https:\/\/www.athome.lu\/blog\/en\/wp-json\/wp\/v2\/posts\/17803\/revisions"}],"predecessor-version":[{"id":17817,"href":"https:\/\/www.athome.lu\/blog\/en\/wp-json\/wp\/v2\/posts\/17803\/revisions\/17817"}],"wp:featuredmedia":[{"embeddable":true,"href":"https:\/\/www.athome.lu\/blog\/en\/wp-json\/wp\/v2\/media\/17807"}],"wp:attachment":[{"href":"https:\/\/www.athome.lu\/blog\/en\/wp-json\/wp\/v2\/media?parent=17803"}],"wp:term":[{"taxonomy":"category","embeddable":true,"href":"https:\/\/www.athome.lu\/blog\/en\/wp-json\/wp\/v2\/categories?post=17803"},{"taxonomy":"post_tag","embeddable":true,"href":"https:\/\/www.athome.lu\/blog\/en\/wp-json\/wp\/v2\/tags?post=17803"}],"curies":[{"name":"wp","href":"https:\/\/api.w.org\/{rel}","templated":true}]}}