{"id":17985,"date":"2025-10-02T13:58:36","date_gmt":"2025-10-02T11:58:36","guid":{"rendered":"https:\/\/www.athome.lu\/blog\/?p=17985"},"modified":"2025-10-14T09:43:34","modified_gmt":"2025-10-14T07:43:34","slug":"%e2%9c%a8-inspire-your-everyday-life-transform-your-home-%e2%9c%a8","status":"publish","type":"post","link":"https:\/\/www.athome.lu\/blog\/en\/mon-logement\/%e2%9c%a8-inspirez-votre-quotidien-transformez-votre-habitat-%e2%9c%a8\/","title":{"rendered":"\u2728 Inspire your everyday life, transform your home \u2728"},"content":{"rendered":"<p>Do you dream of renovating, buying or redesigning your home to make it the place you want it to be? From <strong>9 to 12 October 2025<\/strong>, <strong>HOME EXPO<\/strong> is <strong>Luxexpo The Box<\/strong> to guide you through all your projects, large or small.<\/p>\n\n\n\n<p>Whether you're looking to modernise a bathroom, optimise a living space or launch a complete renovation project, more than <strong>150 exhibitors<\/strong> with inspiring ideas, innovative materials and sustainable solutions. From construction and energy renovation to furnishings, home automation and alternative habitats, meet the experts who can help you make the right choices.<\/p>\n\n\n\n<p>Associated with <strong>National Housing Week<\/strong>This 2025 edition also provides concrete answers in terms of financing, public aid, affordable housing and eco-construction.<\/p>\n\n\n\n<p>An event designed to support you, inspire you... and turn your desires into reality.<\/p>\n\n\n\n<div style=\"height:14px\" aria-hidden=\"true\" class=\"wp-block-spacer\"><\/div>\n\n\n\n<p>\ud83c\udf9f\ufe0f Download your <strong>free admission<\/strong> on <strong><a href=\"https:\/\/home-expo.lu\/?utm_source=athome&amp;utm_medium=website&amp;utm_campaign=homeexpo2025\" target=\"_blank\" rel=\"noreferrer noopener\">https:\/\/home-expo.lu\/?utm_source=athome&amp;utm_medium=website&amp;utm_campaign=homeexpo2025<\/a><\/strong><\/p>\n\n\n\n<div style=\"height:14px\" aria-hidden=\"true\" class=\"wp-block-spacer\"><\/div>\n\n\n\n<div style=\"height:0px\" aria-hidden=\"true\" class=\"wp-block-spacer\"><\/div>\n\n\n\n<p><strong>HOME EXPO - Bring your projects to life.<\/strong><\/p>\n\n\n\n<div style=\"height:14px\" aria-hidden=\"true\" class=\"wp-block-spacer\"><\/div>\n\n\n<div class=\"wp-block-image\">\n<figure class=\"aligncenter size-full\"><img loading=\"lazy\" decoding=\"async\" width=\"580\" height=\"100\" src=\"https:\/\/www.athome.lu\/blog\/wp-content\/uploads\/2025\/10\/Luxexpo-Athome-580x100-1.png\" alt=\"\" class=\"wp-image-17988\" srcset=\"https:\/\/www.athome.lu\/blog\/wp-content\/uploads\/2025\/10\/Luxexpo-Athome-580x100-1.png 580w, https:\/\/www.athome.lu\/blog\/wp-content\/uploads\/2025\/10\/Luxexpo-Athome-580x100-1-300x52.png 300w, https:\/\/www.athome.lu\/blog\/wp-content\/uploads\/2025\/10\/Luxexpo-Athome-580x100-1-18x3.png 18w\" sizes=\"auto, (max-width: 580px) 100vw, 580px\" \/><\/figure>\n<\/div>\n\n\n<div style=\"height:14px\" aria-hidden=\"true\" class=\"wp-block-spacer\"><\/div>\n\n\n\n<p><a href=\"https:\/\/home-expo.lu\/preparez-votre-visite\/?utm_source=athome&amp;utm_medium=website&amp;utm_campaign=homeexpo2025&amp;utm_content=display\" target=\"_blank\" rel=\"noreferrer noopener\">https:\/\/home-expo.lu\/preparez-votre-visite\/?utm_source=athome&amp;utm_medium=website&amp;utm_campaign=homeexpo2025&amp;utm_content=display<\/a><\/p>","protected":false},"excerpt":{"rendered":"<p>Vous r\u00eavez de r\u00e9nover, d\u2019acheter ou de repenser votre int\u00e9rieur pour en faire un lieu \u00e0 votre image&nbsp;? Du 9 au 12 octobre 2025, HOME EXPO revient \u00e0 Luxexpo The Box pour vous guider dans tous vos projets, petits ou grands. Qu\u2019il s\u2019agisse de moderniser une salle de bain, d\u2019optimiser un espace de vie ou [&hellip;]<\/p>\n","protected":false},"author":19,"featured_media":17993,"comment_status":"closed","ping_status":"closed","sticky":false,"template":"","format":"standard","meta":{"_acf_changed":false,"footnotes":""},"categories":[6],"tags":[],"class_list":["post-17985","post","type-post","status-publish","format-standard","has-post-thumbnail","hentry","category-mon-logement"],"acf":[],"yoast_head":"<!-- This site is optimized with the Yoast SEO plugin v27.4 - https:\/\/yoast.com\/product\/yoast-seo-wordpress\/ -->\n<title>\u2728 Inspirez votre quotidien, transformez votre habitat \u2728 - atHome Blog<\/title>\n<meta name=\"robots\" content=\"index, follow, max-snippet:-1, max-image-preview:large, max-video-preview:-1\" \/>\n<link rel=\"canonical\" href=\"https:\/\/www.athome.lu\/blog\/en\/my-home\/\u2728-inspire-your-everyday-life-transform-your-home-\u2728\/\" \/>\n<meta property=\"og:locale\" content=\"en_GB\" \/>\n<meta property=\"og:type\" content=\"article\" \/>\n<meta property=\"og:title\" content=\"\u2728 Inspirez votre quotidien, transformez votre habitat \u2728 - atHome Blog\" \/>\n<meta property=\"og:description\" content=\"Vous r\u00eavez de r\u00e9nover, d\u2019acheter ou de repenser votre int\u00e9rieur pour en faire un lieu \u00e0 votre image&nbsp;? Du 9 au 12 octobre 2025, HOME EXPO revient \u00e0 Luxexpo The Box pour vous guider dans tous vos projets, petits ou grands. Qu\u2019il s\u2019agisse de moderniser une salle de bain, d\u2019optimiser un espace de vie ou [&hellip;]\" \/>\n<meta property=\"og:url\" content=\"https:\/\/www.athome.lu\/blog\/en\/my-home\/\u2728-inspire-your-everyday-life-transform-your-home-\u2728\/\" \/>\n<meta property=\"og:site_name\" content=\"atHome Blog\" \/>\n<meta property=\"article:publisher\" content=\"https:\/\/www.facebook.com\/atHome.lu\/\" \/>\n<meta property=\"article:published_time\" content=\"2025-10-02T11:58:36+00:00\" \/>\n<meta property=\"article:modified_time\" content=\"2025-10-14T07:43:34+00:00\" \/>\n<meta property=\"og:image\" content=\"https:\/\/www.athome.lu\/blog\/wp-content\/uploads\/2025\/10\/AHP-Banniere-Wordpress-1-scaled.png\" \/>\n\t<meta property=\"og:image:width\" content=\"2560\" \/>\n\t<meta property=\"og:image:height\" content=\"763\" \/>\n\t<meta property=\"og:image:type\" content=\"image\/png\" \/>\n<meta name=\"author\" content=\"atHome.lu\" \/>\n<meta name=\"twitter:card\" content=\"summary_large_image\" \/>\n<meta name=\"twitter:creator\" content=\"@athomelu\" \/>\n<meta name=\"twitter:site\" content=\"@athomelu\" \/>\n<meta name=\"twitter:label1\" content=\"Written by\" \/>\n\t<meta name=\"twitter:data1\" content=\"atHome.lu\" \/>\n\t<meta name=\"twitter:label2\" content=\"Estimated reading time\" \/>\n\t<meta name=\"twitter:data2\" content=\"2 minutes\" \/>\n<script type=\"application\/ld+json\" class=\"yoast-schema-graph\">{\"@context\":\"https:\\\/\\\/schema.org\",\"@graph\":[{\"@type\":\"Article\",\"@id\":\"https:\\\/\\\/www.athome.lu\\\/blog\\\/mon-logement\\\/%e2%9c%a8-inspirez-votre-quotidien-transformez-votre-habitat-%e2%9c%a8\\\/#article\",\"isPartOf\":{\"@id\":\"https:\\\/\\\/www.athome.lu\\\/blog\\\/mon-logement\\\/%e2%9c%a8-inspirez-votre-quotidien-transformez-votre-habitat-%e2%9c%a8\\\/\"},\"author\":{\"name\":\"atHome.lu\",\"@id\":\"https:\\\/\\\/www.athome.lu\\\/blog\\\/#\\\/schema\\\/person\\\/6b0cae19a94059156faf7f0ce969b4a0\"},\"headline\":\"\u2728 Inspirez votre quotidien, transformez votre habitat \u2728\",\"datePublished\":\"2025-10-02T11:58:36+00:00\",\"dateModified\":\"2025-10-14T07:43:34+00:00\",\"mainEntityOfPage\":{\"@id\":\"https:\\\/\\\/www.athome.lu\\\/blog\\\/mon-logement\\\/%e2%9c%a8-inspirez-votre-quotidien-transformez-votre-habitat-%e2%9c%a8\\\/\"},\"wordCount\":202,\"image\":{\"@id\":\"https:\\\/\\\/www.athome.lu\\\/blog\\\/mon-logement\\\/%e2%9c%a8-inspirez-votre-quotidien-transformez-votre-habitat-%e2%9c%a8\\\/#primaryimage\"},\"thumbnailUrl\":\"https:\\\/\\\/www.athome.lu\\\/blog\\\/wp-content\\\/uploads\\\/2025\\\/10\\\/AHP-Banniere-Wordpress-1-scaled.png\",\"articleSection\":[\"Mon logement\"],\"inLanguage\":\"en-GB\"},{\"@type\":\"WebPage\",\"@id\":\"https:\\\/\\\/www.athome.lu\\\/blog\\\/mon-logement\\\/%e2%9c%a8-inspirez-votre-quotidien-transformez-votre-habitat-%e2%9c%a8\\\/\",\"url\":\"https:\\\/\\\/www.athome.lu\\\/blog\\\/mon-logement\\\/%e2%9c%a8-inspirez-votre-quotidien-transformez-votre-habitat-%e2%9c%a8\\\/\",\"name\":\"\u2728 Inspirez votre quotidien, transformez votre habitat \u2728 - atHome Blog\",\"isPartOf\":{\"@id\":\"https:\\\/\\\/www.athome.lu\\\/blog\\\/#website\"},\"primaryImageOfPage\":{\"@id\":\"https:\\\/\\\/www.athome.lu\\\/blog\\\/mon-logement\\\/%e2%9c%a8-inspirez-votre-quotidien-transformez-votre-habitat-%e2%9c%a8\\\/#primaryimage\"},\"image\":{\"@id\":\"https:\\\/\\\/www.athome.lu\\\/blog\\\/mon-logement\\\/%e2%9c%a8-inspirez-votre-quotidien-transformez-votre-habitat-%e2%9c%a8\\\/#primaryimage\"},\"thumbnailUrl\":\"https:\\\/\\\/www.athome.lu\\\/blog\\\/wp-content\\\/uploads\\\/2025\\\/10\\\/AHP-Banniere-Wordpress-1-scaled.png\",\"datePublished\":\"2025-10-02T11:58:36+00:00\",\"dateModified\":\"2025-10-14T07:43:34+00:00\",\"author\":{\"@id\":\"https:\\\/\\\/www.athome.lu\\\/blog\\\/#\\\/schema\\\/person\\\/6b0cae19a94059156faf7f0ce969b4a0\"},\"breadcrumb\":{\"@id\":\"https:\\\/\\\/www.athome.lu\\\/blog\\\/mon-logement\\\/%e2%9c%a8-inspirez-votre-quotidien-transformez-votre-habitat-%e2%9c%a8\\\/#breadcrumb\"},\"inLanguage\":\"en-GB\",\"potentialAction\":[{\"@type\":\"ReadAction\",\"target\":[\"https:\\\/\\\/www.athome.lu\\\/blog\\\/mon-logement\\\/%e2%9c%a8-inspirez-votre-quotidien-transformez-votre-habitat-%e2%9c%a8\\\/\"]}]},{\"@type\":\"ImageObject\",\"inLanguage\":\"en-GB\",\"@id\":\"https:\\\/\\\/www.athome.lu\\\/blog\\\/mon-logement\\\/%e2%9c%a8-inspirez-votre-quotidien-transformez-votre-habitat-%e2%9c%a8\\\/#primaryimage\",\"url\":\"https:\\\/\\\/www.athome.lu\\\/blog\\\/wp-content\\\/uploads\\\/2025\\\/10\\\/AHP-Banniere-Wordpress-1-scaled.png\",\"contentUrl\":\"https:\\\/\\\/www.athome.lu\\\/blog\\\/wp-content\\\/uploads\\\/2025\\\/10\\\/AHP-Banniere-Wordpress-1-scaled.png\",\"width\":2560,\"height\":763},{\"@type\":\"BreadcrumbList\",\"@id\":\"https:\\\/\\\/www.athome.lu\\\/blog\\\/mon-logement\\\/%e2%9c%a8-inspirez-votre-quotidien-transformez-votre-habitat-%e2%9c%a8\\\/#breadcrumb\",\"itemListElement\":[{\"@type\":\"ListItem\",\"position\":1,\"name\":\"Accueil\",\"item\":\"https:\\\/\\\/www.athome.lu\\\/blog\\\/\"},{\"@type\":\"ListItem\",\"position\":2,\"name\":\"Mon logement\",\"item\":\"https:\\\/\\\/www.athome.lu\\\/blog\\\/de\\\/category\\\/mein-haus\\\/\"},{\"@type\":\"ListItem\",\"position\":3,\"name\":\"\u2728 Inspirez votre quotidien, transformez votre habitat \u2728\"}]},{\"@type\":\"WebSite\",\"@id\":\"https:\\\/\\\/www.athome.lu\\\/blog\\\/#website\",\"url\":\"https:\\\/\\\/www.athome.lu\\\/blog\\\/\",\"name\":\"atHome Blog\",\"description\":\"Annonces immobili\u00e8res au Luxembourg. Le portail immobilier n\u00b01 au Luxembourg.\",\"potentialAction\":[{\"@type\":\"SearchAction\",\"target\":{\"@type\":\"EntryPoint\",\"urlTemplate\":\"https:\\\/\\\/www.athome.lu\\\/blog\\\/?s={search_term_string}\"},\"query-input\":{\"@type\":\"PropertyValueSpecification\",\"valueRequired\":true,\"valueName\":\"search_term_string\"}}],\"inLanguage\":\"en-GB\"},{\"@type\":\"Person\",\"@id\":\"https:\\\/\\\/www.athome.lu\\\/blog\\\/#\\\/schema\\\/person\\\/6b0cae19a94059156faf7f0ce969b4a0\",\"name\":\"atHome.lu\",\"image\":{\"@type\":\"ImageObject\",\"inLanguage\":\"en-GB\",\"@id\":\"https:\\\/\\\/secure.gravatar.com\\\/avatar\\\/aaf3e502d7787af3ce4793c226e9640b6ab8f2b336039142fc34b438e2e085e8?s=96&d=mm&r=g\",\"url\":\"https:\\\/\\\/secure.gravatar.com\\\/avatar\\\/aaf3e502d7787af3ce4793c226e9640b6ab8f2b336039142fc34b438e2e085e8?s=96&d=mm&r=g\",\"contentUrl\":\"https:\\\/\\\/secure.gravatar.com\\\/avatar\\\/aaf3e502d7787af3ce4793c226e9640b6ab8f2b336039142fc34b438e2e085e8?s=96&d=mm&r=g\",\"caption\":\"atHome.lu\"}}]}<\/script>\n<!-- \/ Yoast SEO plugin. -->","yoast_head_json":{"title":"\u2728 Inspire your everyday life, transform your home \u2728 - atHome Blog","robots":{"index":"index","follow":"follow","max-snippet":"max-snippet:-1","max-image-preview":"max-image-preview:large","max-video-preview":"max-video-preview:-1"},"canonical":"https:\/\/www.athome.lu\/blog\/en\/my-home\/\u2728-inspire-your-everyday-life-transform-your-home-\u2728\/","og_locale":"en_GB","og_type":"article","og_title":"\u2728 Inspirez votre quotidien, transformez votre habitat \u2728 - atHome Blog","og_description":"Vous r\u00eavez de r\u00e9nover, d\u2019acheter ou de repenser votre int\u00e9rieur pour en faire un lieu \u00e0 votre image&nbsp;? Du 9 au 12 octobre 2025, HOME EXPO revient \u00e0 Luxexpo The Box pour vous guider dans tous vos projets, petits ou grands. Qu\u2019il s\u2019agisse de moderniser une salle de bain, d\u2019optimiser un espace de vie ou [&hellip;]","og_url":"https:\/\/www.athome.lu\/blog\/en\/my-home\/\u2728-inspire-your-everyday-life-transform-your-home-\u2728\/","og_site_name":"atHome Blog","article_publisher":"https:\/\/www.facebook.com\/atHome.lu\/","article_published_time":"2025-10-02T11:58:36+00:00","article_modified_time":"2025-10-14T07:43:34+00:00","og_image":[{"width":2560,"height":763,"url":"https:\/\/www.athome.lu\/blog\/wp-content\/uploads\/2025\/10\/AHP-Banniere-Wordpress-1-scaled.png","type":"image\/png"}],"author":"atHome.lu","twitter_card":"summary_large_image","twitter_creator":"@athomelu","twitter_site":"@athomelu","twitter_misc":{"Written by":"atHome.lu","Estimated reading time":"2 minutes"},"schema":{"@context":"https:\/\/schema.org","@graph":[{"@type":"Article","@id":"https:\/\/www.athome.lu\/blog\/mon-logement\/%e2%9c%a8-inspirez-votre-quotidien-transformez-votre-habitat-%e2%9c%a8\/#article","isPartOf":{"@id":"https:\/\/www.athome.lu\/blog\/mon-logement\/%e2%9c%a8-inspirez-votre-quotidien-transformez-votre-habitat-%e2%9c%a8\/"},"author":{"name":"atHome.lu","@id":"https:\/\/www.athome.lu\/blog\/#\/schema\/person\/6b0cae19a94059156faf7f0ce969b4a0"},"headline":"\u2728 Inspirez votre quotidien, transformez votre habitat \u2728","datePublished":"2025-10-02T11:58:36+00:00","dateModified":"2025-10-14T07:43:34+00:00","mainEntityOfPage":{"@id":"https:\/\/www.athome.lu\/blog\/mon-logement\/%e2%9c%a8-inspirez-votre-quotidien-transformez-votre-habitat-%e2%9c%a8\/"},"wordCount":202,"image":{"@id":"https:\/\/www.athome.lu\/blog\/mon-logement\/%e2%9c%a8-inspirez-votre-quotidien-transformez-votre-habitat-%e2%9c%a8\/#primaryimage"},"thumbnailUrl":"https:\/\/www.athome.lu\/blog\/wp-content\/uploads\/2025\/10\/AHP-Banniere-Wordpress-1-scaled.png","articleSection":["Mon logement"],"inLanguage":"en-GB"},{"@type":"WebPage","@id":"https:\/\/www.athome.lu\/blog\/mon-logement\/%e2%9c%a8-inspirez-votre-quotidien-transformez-votre-habitat-%e2%9c%a8\/","url":"https:\/\/www.athome.lu\/blog\/mon-logement\/%e2%9c%a8-inspirez-votre-quotidien-transformez-votre-habitat-%e2%9c%a8\/","name":"\u2728 Inspire your everyday life, transform your home \u2728 - atHome Blog","isPartOf":{"@id":"https:\/\/www.athome.lu\/blog\/#website"},"primaryImageOfPage":{"@id":"https:\/\/www.athome.lu\/blog\/mon-logement\/%e2%9c%a8-inspirez-votre-quotidien-transformez-votre-habitat-%e2%9c%a8\/#primaryimage"},"image":{"@id":"https:\/\/www.athome.lu\/blog\/mon-logement\/%e2%9c%a8-inspirez-votre-quotidien-transformez-votre-habitat-%e2%9c%a8\/#primaryimage"},"thumbnailUrl":"https:\/\/www.athome.lu\/blog\/wp-content\/uploads\/2025\/10\/AHP-Banniere-Wordpress-1-scaled.png","datePublished":"2025-10-02T11:58:36+00:00","dateModified":"2025-10-14T07:43:34+00:00","author":{"@id":"https:\/\/www.athome.lu\/blog\/#\/schema\/person\/6b0cae19a94059156faf7f0ce969b4a0"},"breadcrumb":{"@id":"https:\/\/www.athome.lu\/blog\/mon-logement\/%e2%9c%a8-inspirez-votre-quotidien-transformez-votre-habitat-%e2%9c%a8\/#breadcrumb"},"inLanguage":"en-GB","potentialAction":[{"@type":"ReadAction","target":["https:\/\/www.athome.lu\/blog\/mon-logement\/%e2%9c%a8-inspirez-votre-quotidien-transformez-votre-habitat-%e2%9c%a8\/"]}]},{"@type":"ImageObject","inLanguage":"en-GB","@id":"https:\/\/www.athome.lu\/blog\/mon-logement\/%e2%9c%a8-inspirez-votre-quotidien-transformez-votre-habitat-%e2%9c%a8\/#primaryimage","url":"https:\/\/www.athome.lu\/blog\/wp-content\/uploads\/2025\/10\/AHP-Banniere-Wordpress-1-scaled.png","contentUrl":"https:\/\/www.athome.lu\/blog\/wp-content\/uploads\/2025\/10\/AHP-Banniere-Wordpress-1-scaled.png","width":2560,"height":763},{"@type":"BreadcrumbList","@id":"https:\/\/www.athome.lu\/blog\/mon-logement\/%e2%9c%a8-inspirez-votre-quotidien-transformez-votre-habitat-%e2%9c%a8\/#breadcrumb","itemListElement":[{"@type":"ListItem","position":1,"name":"Accueil","item":"https:\/\/www.athome.lu\/blog\/"},{"@type":"ListItem","position":2,"name":"Mon logement","item":"https:\/\/www.athome.lu\/blog\/de\/category\/mein-haus\/"},{"@type":"ListItem","position":3,"name":"\u2728 Inspirez votre quotidien, transformez votre habitat \u2728"}]},{"@type":"WebSite","@id":"https:\/\/www.athome.lu\/blog\/#website","url":"https:\/\/www.athome.lu\/blog\/","name":"atHome Blog","description":"Real estate ads in Luxembourg. The n\u00b01 real estate portal in Luxembourg.","potentialAction":[{"@type":"SearchAction","target":{"@type":"EntryPoint","urlTemplate":"https:\/\/www.athome.lu\/blog\/?s={search_term_string}"},"query-input":{"@type":"PropertyValueSpecification","valueRequired":true,"valueName":"search_term_string"}}],"inLanguage":"en-GB"},{"@type":"Person","@id":"https:\/\/www.athome.lu\/blog\/#\/schema\/person\/6b0cae19a94059156faf7f0ce969b4a0","name":"atHome.lu","image":{"@type":"ImageObject","inLanguage":"en-GB","@id":"https:\/\/secure.gravatar.com\/avatar\/aaf3e502d7787af3ce4793c226e9640b6ab8f2b336039142fc34b438e2e085e8?s=96&d=mm&r=g","url":"https:\/\/secure.gravatar.com\/avatar\/aaf3e502d7787af3ce4793c226e9640b6ab8f2b336039142fc34b438e2e085e8?s=96&d=mm&r=g","contentUrl":"https:\/\/secure.gravatar.com\/avatar\/aaf3e502d7787af3ce4793c226e9640b6ab8f2b336039142fc34b438e2e085e8?s=96&d=mm&r=g","caption":"atHome.lu"}}]}},"featured_media_src_url":"https:\/\/www.athome.lu\/blog\/wp-content\/uploads\/2025\/10\/AHP-Banniere-Wordpress-1-1024x305.png","_links":{"self":[{"href":"https:\/\/www.athome.lu\/blog\/en\/wp-json\/wp\/v2\/posts\/17985","targetHints":{"allow":["GET"]}}],"collection":[{"href":"https:\/\/www.athome.lu\/blog\/en\/wp-json\/wp\/v2\/posts"}],"about":[{"href":"https:\/\/www.athome.lu\/blog\/en\/wp-json\/wp\/v2\/types\/post"}],"author":[{"embeddable":true,"href":"https:\/\/www.athome.lu\/blog\/en\/wp-json\/wp\/v2\/users\/19"}],"replies":[{"embeddable":true,"href":"https:\/\/www.athome.lu\/blog\/en\/wp-json\/wp\/v2\/comments?post=17985"}],"version-history":[{"count":13,"href":"https:\/\/www.athome.lu\/blog\/en\/wp-json\/wp\/v2\/posts\/17985\/revisions"}],"predecessor-version":[{"id":18006,"href":"https:\/\/www.athome.lu\/blog\/en\/wp-json\/wp\/v2\/posts\/17985\/revisions\/18006"}],"wp:featuredmedia":[{"embeddable":true,"href":"https:\/\/www.athome.lu\/blog\/en\/wp-json\/wp\/v2\/media\/17993"}],"wp:attachment":[{"href":"https:\/\/www.athome.lu\/blog\/en\/wp-json\/wp\/v2\/media?parent=17985"}],"wp:term":[{"taxonomy":"category","embeddable":true,"href":"https:\/\/www.athome.lu\/blog\/en\/wp-json\/wp\/v2\/categories?post=17985"},{"taxonomy":"post_tag","embeddable":true,"href":"https:\/\/www.athome.lu\/blog\/en\/wp-json\/wp\/v2\/tags?post=17985"}],"curies":[{"name":"wp","href":"https:\/\/api.w.org\/{rel}","templated":true}]}}