{"id":18412,"date":"2026-01-09T08:50:40","date_gmt":"2026-01-09T07:50:40","guid":{"rendered":"https:\/\/www.athome.lu\/blog\/?p=18412"},"modified":"2026-03-27T14:16:50","modified_gmt":"2026-03-27T13:16:50","slug":"stabilisation-of-the-property-market-confirmed-at-the-end-of-2025","status":"publish","type":"post","link":"https:\/\/www.athome.lu\/blog\/en\/marche-immobilier\/la-stabilisation-du-marche-immobilier-se-confirme-a-la-fin-de-lannee-2025\/","title":{"rendered":"Stabilisation of the property market confirmed at the end of 2025"},"content":{"rendered":"<p>The fourth quarter of 2025 saw a continuation of the dynamic trends seen throughout the year, with the Luxembourg property market in a phase of stabilisation. Sales prices remain steady overall, with a slight fall for new flats, which remain attractive thanks to their quality and modernity. The rental sector, meanwhile, remains broadly balanced, with relatively constant short-term trends, testifying to lasting market stability and sustained demand.<\/p>\n\n\n\n<p>On the sales side, trends compared with the previous quarter confirm this stability. Old houses and flats recorded a slight fall of -0.9 1Q3Q, while new flats saw a more marked decline (-3.6 1Q3Q), with prices falling back below \u20ac10,000 per square metre in several districts. Over a year, however, the trend remains upwards for all segments, with increases of +5.5 % for old houses, +3.1 % for old flats and +1.7 % for new flats. These figures reflect persistent regional disparities, underlining the diversity of the Luxembourg market and the need for buyers and investors to find out about local dynamics before positioning themselves. This trend also reflects a gradual adaptation of supply to demand, to changing buyer expectations and to the dynamics of ongoing construction projects.<\/p>\n\n\n\n<p>On the rental side, the market continues to evolve within a controlled framework. In the short term, rents are broadly stable: compared with the previous quarter, rents for houses are up slightly (+1.9 1Q3Q), while rents for flats are down slightly (-1.3 1Q3Q). On an annual basis, rents rose moderately, with contrasting dynamics across regions and property types. These local variations reflect not only the geographical distribution of supply and demand, but also the specific features linked to the quality, size and modernity of the homes available. Central districts and areas close to public transport continue to enjoy strong appeal, while some outlying municipalities are experiencing more limited adjustments.<\/p>\n\n\n\n<p>Overall, the fourth quarter of 2025 confirms that the Luxembourg property market is evolving in a more balanced phase, with measured adjustments and a homogeneous trend. While trends differ according to segment and geographical area, the general dynamic is one of gradual stabilisation in both the sales and rental markets. This period of relative stability gives market players, whether buyers, sellers or investors, greater visibility with which to plan their decisions. From 2026 onwards, the market should continue this trend, with moderate changes and general stability. Local characteristics and neighbourhood dynamics will naturally continue to influence market movements, providing players with a solid basis for anticipating and organising their projects.<\/p>\n\n\n\n<h2 class=\"wp-block-heading\">For sale : <strong>sales prices continue to stabilise<\/strong><\/h2>\n\n\n\n<p><strong>Change in advertised sales prices per square metre per quarter<\/strong><\/p>\n\n\n\n<p>After several quarters marked by a relative stabilisation in prices, the sales market confirmed this trend in Q4 2025. Compared with the previous quarter, prices for existing houses and flats fell slightly (-0.9 1Q3\/Q), reflecting overall stability, while prices for new flats fell more sharply (-3.6 1Q3\/Q), with prices once again dropping below the \u20ac10,000\/m\u00b2 threshold.<\/p>\n\n\n\n<figure class=\"wp-block-image size-full\"><a href=\"https:\/\/www.athome.lu\/blog\/?attachment_id=18428\"><img loading=\"lazy\" decoding=\"async\" width=\"844\" height=\"792\" src=\"https:\/\/www.athome.lu\/blog\/wp-content\/uploads\/2026\/01\/Capture-decran-2025-12-17-110708.png\" alt=\"\" class=\"wp-image-18428\" srcset=\"https:\/\/www.athome.lu\/blog\/wp-content\/uploads\/2026\/01\/Capture-decran-2025-12-17-110708.png 844w, https:\/\/www.athome.lu\/blog\/wp-content\/uploads\/2026\/01\/Capture-decran-2025-12-17-110708-300x282.png 300w, https:\/\/www.athome.lu\/blog\/wp-content\/uploads\/2026\/01\/Capture-decran-2025-12-17-110708-768x721.png 768w, https:\/\/www.athome.lu\/blog\/wp-content\/uploads\/2026\/01\/Capture-decran-2025-12-17-110708-13x12.png 13w\" sizes=\"auto, (max-width: 844px) 100vw, 844px\" \/><\/a><\/figure>\n\n\n\n<p><strong>Trend in advertised sales prices per square metre by region: an annual upward trend for most properties and regions<\/strong><\/p>\n\n\n\n<p>Year-on-year, sales prices are continuing their upward trend, despite contrasting regional dynamics. Prices for existing houses rose in particular in the West (+6.9 %), the Centre (+6.7 %) and the South (+4.5 %), while prices for existing flats rose more moderately, for example in the Centre (+1.9 %) and the South (+0.6 %). Conversely, the West and East recorded falls in some segments, illustrating a market with local contrasts.<\/p>\n\n\n\n<figure class=\"wp-block-image size-full\"><a href=\"https:\/\/www.athome.lu\/blog\/?attachment_id=18434\"><img loading=\"lazy\" decoding=\"async\" width=\"741\" height=\"830\" src=\"https:\/\/www.athome.lu\/blog\/wp-content\/uploads\/2026\/01\/Capture-decran-2025-12-17-111231.png\" alt=\"\" class=\"wp-image-18434\" srcset=\"https:\/\/www.athome.lu\/blog\/wp-content\/uploads\/2026\/01\/Capture-decran-2025-12-17-111231.png 741w, https:\/\/www.athome.lu\/blog\/wp-content\/uploads\/2026\/01\/Capture-decran-2025-12-17-111231-268x300.png 268w, https:\/\/www.athome.lu\/blog\/wp-content\/uploads\/2026\/01\/Capture-decran-2025-12-17-111231-11x12.png 11w\" sizes=\"auto, (max-width: 741px) 100vw, 741px\" \/><\/a><\/figure>\n\n\n\n<h2 class=\"wp-block-heading\">Location : <strong>continuing overall stability in the rental market<\/strong><\/h2>\n\n\n\n<p><strong>Change in advertised rents per quarter<\/strong><\/p>\n\n\n\n<p>In the fourth quarter of 2025, the rental market remained stable overall, in line with previous quarters. Compared with the previous quarter, rents for houses rose slightly (+1.9 1Q3Q), while rents for flats fell slightly (-1.3 1Q3Q). These moderate trends reflect an overall balanced rental market.<\/p>\n\n\n\n<figure class=\"wp-block-image size-full\"><a href=\"https:\/\/www.athome.lu\/blog\/?attachment_id=18432\"><img loading=\"lazy\" decoding=\"async\" width=\"845\" height=\"741\" src=\"https:\/\/www.athome.lu\/blog\/wp-content\/uploads\/2026\/01\/Capture-decran-2025-12-17-111116.png\" alt=\"\" class=\"wp-image-18432\" srcset=\"https:\/\/www.athome.lu\/blog\/wp-content\/uploads\/2026\/01\/Capture-decran-2025-12-17-111116.png 845w, https:\/\/www.athome.lu\/blog\/wp-content\/uploads\/2026\/01\/Capture-decran-2025-12-17-111116-300x263.png 300w, https:\/\/www.athome.lu\/blog\/wp-content\/uploads\/2026\/01\/Capture-decran-2025-12-17-111116-768x673.png 768w, https:\/\/www.athome.lu\/blog\/wp-content\/uploads\/2026\/01\/Capture-decran-2025-12-17-111116-14x12.png 14w\" sizes=\"auto, (max-width: 845px) 100vw, 845px\" \/><\/a><\/figure>\n\n\n\n<p><strong>Change in advertised rents by region: rents up slightly year-on-year, with contrasting regional trends<\/strong><\/p>\n\n\n\n<p>Rents for houses rose sharply in the West (+11.6 %), while they fell in the North (-2.5 %) and more sharply in the East (-10.6 %). For flats, the changes were more moderate, with increases seen particularly in the North (+2.3 %), the Centre (+0.4 %) and the South (+3.2 %). These variations reflect different dynamics according to region and property type, in a rental market that remains balanced overall.<\/p>\n\n\n\n<figure class=\"wp-block-image size-full\"><a href=\"https:\/\/www.athome.lu\/blog\/?attachment_id=18436\"><img loading=\"lazy\" decoding=\"async\" width=\"748\" height=\"861\" src=\"https:\/\/www.athome.lu\/blog\/wp-content\/uploads\/2026\/01\/Capture-decran-2025-12-17-112412.png\" alt=\"\" class=\"wp-image-18436\" srcset=\"https:\/\/www.athome.lu\/blog\/wp-content\/uploads\/2026\/01\/Capture-decran-2025-12-17-112412.png 748w, https:\/\/www.athome.lu\/blog\/wp-content\/uploads\/2026\/01\/Capture-decran-2025-12-17-112412-261x300.png 261w, https:\/\/www.athome.lu\/blog\/wp-content\/uploads\/2026\/01\/Capture-decran-2025-12-17-112412-10x12.png 10w\" sizes=\"auto, (max-width: 748px) 100vw, 748px\" \/><\/a><\/figure>\n\n\n\n<h2 class=\"wp-block-heading\">What the experts say<\/h2>\n\n\n\n<figure class=\"wp-block-image size-large\"><a href=\"https:\/\/www.athome.lu\/blog\/wp-content\/uploads\/2026\/01\/paroles_experts-scaled.jpg\"><img loading=\"lazy\" decoding=\"async\" width=\"724\" height=\"1024\" src=\"https:\/\/www.athome.lu\/blog\/wp-content\/uploads\/2026\/01\/paroles_experts-724x1024.jpg\" alt=\"\" class=\"wp-image-18457\" srcset=\"https:\/\/www.athome.lu\/blog\/wp-content\/uploads\/2026\/01\/paroles_experts-724x1024.jpg 724w, https:\/\/www.athome.lu\/blog\/wp-content\/uploads\/2026\/01\/paroles_experts-212x300.jpg 212w, https:\/\/www.athome.lu\/blog\/wp-content\/uploads\/2026\/01\/paroles_experts-768x1086.jpg 768w, https:\/\/www.athome.lu\/blog\/wp-content\/uploads\/2026\/01\/paroles_experts-1086x1536.jpg 1086w, https:\/\/www.athome.lu\/blog\/wp-content\/uploads\/2026\/01\/paroles_experts-1448x2048.jpg 1448w, https:\/\/www.athome.lu\/blog\/wp-content\/uploads\/2026\/01\/paroles_experts-8x12.jpg 8w, https:\/\/www.athome.lu\/blog\/wp-content\/uploads\/2026\/01\/paroles_experts-scaled.jpg 1810w\" sizes=\"auto, (max-width: 724px) 100vw, 724px\" \/><\/a><\/figure>\n\n\n\n<p><\/p>","protected":false},"excerpt":{"rendered":"<p>Le quatri\u00e8me trimestre 2025 s\u2019inscrit dans la continuit\u00e9 des dynamiques observ\u00e9es tout au long de l\u2019ann\u00e9e, avec un march\u00e9 immobilier luxembourgeois marqu\u00e9 par une phase de stabilisation. Les prix de vente restent globalement r\u00e9guliers, avec une l\u00e9g\u00e8re baisse pour les appartements neufs, qui restent attractifs gr\u00e2ce \u00e0 leur qualit\u00e9 et \u00e0 leur modernit\u00e9. Le secteur [&hellip;]<\/p>\n","protected":false},"author":19,"featured_media":18427,"comment_status":"closed","ping_status":"closed","sticky":false,"template":"","format":"standard","meta":{"_acf_changed":false,"footnotes":""},"categories":[217],"tags":[],"class_list":["post-18412","post","type-post","status-publish","format-standard","has-post-thumbnail","hentry","category-marche-immobilier"],"acf":[],"yoast_head":"<!-- This site is optimized with the Yoast SEO plugin v27.4 - https:\/\/yoast.com\/product\/yoast-seo-wordpress\/ -->\n<title>La stabilisation du march\u00e9 immobilier se confirme \u00e0 la fin de l&#039;ann\u00e9e 2025 - atHome Blog<\/title>\n<meta name=\"robots\" content=\"index, follow, max-snippet:-1, max-image-preview:large, max-video-preview:-1\" \/>\n<link rel=\"canonical\" href=\"https:\/\/www.athome.lu\/blog\/en\/real-estate-market\/stabilisation-of-the-property-market-confirmed-at-the-end-of-2025\/\" \/>\n<meta property=\"og:locale\" content=\"en_GB\" \/>\n<meta property=\"og:type\" content=\"article\" \/>\n<meta property=\"og:title\" content=\"La stabilisation du march\u00e9 immobilier se confirme \u00e0 la fin de l&#039;ann\u00e9e 2025 - atHome Blog\" \/>\n<meta property=\"og:description\" content=\"Le quatri\u00e8me trimestre 2025 s\u2019inscrit dans la continuit\u00e9 des dynamiques observ\u00e9es tout au long de l\u2019ann\u00e9e, avec un march\u00e9 immobilier luxembourgeois marqu\u00e9 par une phase de stabilisation. Les prix de vente restent globalement r\u00e9guliers, avec une l\u00e9g\u00e8re baisse pour les appartements neufs, qui restent attractifs gr\u00e2ce \u00e0 leur qualit\u00e9 et \u00e0 leur modernit\u00e9. Le secteur [&hellip;]\" \/>\n<meta property=\"og:url\" content=\"https:\/\/www.athome.lu\/blog\/en\/real-estate-market\/stabilisation-of-the-property-market-confirmed-at-the-end-of-2025\/\" \/>\n<meta property=\"og:site_name\" content=\"atHome Blog\" \/>\n<meta property=\"article:publisher\" content=\"https:\/\/www.facebook.com\/atHome.lu\/\" \/>\n<meta property=\"article:published_time\" content=\"2026-01-09T07:50:40+00:00\" \/>\n<meta property=\"article:modified_time\" content=\"2026-03-27T13:16:50+00:00\" \/>\n<meta property=\"og:image\" content=\"https:\/\/www.athome.lu\/blog\/wp-content\/uploads\/2026\/01\/AHP-Banniere-Wordpress-11.png\" \/>\n\t<meta property=\"og:image:width\" content=\"1846\" \/>\n\t<meta property=\"og:image:height\" content=\"550\" \/>\n\t<meta property=\"og:image:type\" content=\"image\/png\" \/>\n<meta name=\"author\" content=\"atHome.lu\" \/>\n<meta name=\"twitter:card\" content=\"summary_large_image\" \/>\n<meta name=\"twitter:creator\" content=\"@athomelu\" \/>\n<meta name=\"twitter:site\" content=\"@athomelu\" \/>\n<meta name=\"twitter:label1\" content=\"Written by\" \/>\n\t<meta name=\"twitter:data1\" content=\"atHome.lu\" \/>\n\t<meta name=\"twitter:label2\" content=\"Estimated reading time\" \/>\n\t<meta name=\"twitter:data2\" content=\"6 minutes\" \/>\n<script type=\"application\/ld+json\" class=\"yoast-schema-graph\">{\"@context\":\"https:\\\/\\\/schema.org\",\"@graph\":[{\"@type\":\"Article\",\"@id\":\"https:\\\/\\\/www.athome.lu\\\/blog\\\/marche-immobilier\\\/la-stabilisation-du-marche-immobilier-se-confirme-a-la-fin-de-lannee-2025\\\/#article\",\"isPartOf\":{\"@id\":\"https:\\\/\\\/www.athome.lu\\\/blog\\\/marche-immobilier\\\/la-stabilisation-du-marche-immobilier-se-confirme-a-la-fin-de-lannee-2025\\\/\"},\"author\":{\"name\":\"atHome.lu\",\"@id\":\"https:\\\/\\\/www.athome.lu\\\/blog\\\/#\\\/schema\\\/person\\\/6b0cae19a94059156faf7f0ce969b4a0\"},\"headline\":\"La stabilisation du march\u00e9 immobilier se confirme \u00e0 la fin de l'ann\u00e9e 2025\",\"datePublished\":\"2026-01-09T07:50:40+00:00\",\"dateModified\":\"2026-03-27T13:16:50+00:00\",\"mainEntityOfPage\":{\"@id\":\"https:\\\/\\\/www.athome.lu\\\/blog\\\/marche-immobilier\\\/la-stabilisation-du-marche-immobilier-se-confirme-a-la-fin-de-lannee-2025\\\/\"},\"wordCount\":920,\"image\":{\"@id\":\"https:\\\/\\\/www.athome.lu\\\/blog\\\/marche-immobilier\\\/la-stabilisation-du-marche-immobilier-se-confirme-a-la-fin-de-lannee-2025\\\/#primaryimage\"},\"thumbnailUrl\":\"https:\\\/\\\/www.athome.lu\\\/blog\\\/wp-content\\\/uploads\\\/2026\\\/01\\\/AHP-Banniere-Wordpress-11.png\",\"articleSection\":[\"March\u00e9 immobilier\"],\"inLanguage\":\"en-GB\"},{\"@type\":\"WebPage\",\"@id\":\"https:\\\/\\\/www.athome.lu\\\/blog\\\/marche-immobilier\\\/la-stabilisation-du-marche-immobilier-se-confirme-a-la-fin-de-lannee-2025\\\/\",\"url\":\"https:\\\/\\\/www.athome.lu\\\/blog\\\/marche-immobilier\\\/la-stabilisation-du-marche-immobilier-se-confirme-a-la-fin-de-lannee-2025\\\/\",\"name\":\"La stabilisation du march\u00e9 immobilier se confirme \u00e0 la fin de l'ann\u00e9e 2025 - atHome Blog\",\"isPartOf\":{\"@id\":\"https:\\\/\\\/www.athome.lu\\\/blog\\\/#website\"},\"primaryImageOfPage\":{\"@id\":\"https:\\\/\\\/www.athome.lu\\\/blog\\\/marche-immobilier\\\/la-stabilisation-du-marche-immobilier-se-confirme-a-la-fin-de-lannee-2025\\\/#primaryimage\"},\"image\":{\"@id\":\"https:\\\/\\\/www.athome.lu\\\/blog\\\/marche-immobilier\\\/la-stabilisation-du-marche-immobilier-se-confirme-a-la-fin-de-lannee-2025\\\/#primaryimage\"},\"thumbnailUrl\":\"https:\\\/\\\/www.athome.lu\\\/blog\\\/wp-content\\\/uploads\\\/2026\\\/01\\\/AHP-Banniere-Wordpress-11.png\",\"datePublished\":\"2026-01-09T07:50:40+00:00\",\"dateModified\":\"2026-03-27T13:16:50+00:00\",\"author\":{\"@id\":\"https:\\\/\\\/www.athome.lu\\\/blog\\\/#\\\/schema\\\/person\\\/6b0cae19a94059156faf7f0ce969b4a0\"},\"breadcrumb\":{\"@id\":\"https:\\\/\\\/www.athome.lu\\\/blog\\\/marche-immobilier\\\/la-stabilisation-du-marche-immobilier-se-confirme-a-la-fin-de-lannee-2025\\\/#breadcrumb\"},\"inLanguage\":\"en-GB\",\"potentialAction\":[{\"@type\":\"ReadAction\",\"target\":[\"https:\\\/\\\/www.athome.lu\\\/blog\\\/marche-immobilier\\\/la-stabilisation-du-marche-immobilier-se-confirme-a-la-fin-de-lannee-2025\\\/\"]}]},{\"@type\":\"ImageObject\",\"inLanguage\":\"en-GB\",\"@id\":\"https:\\\/\\\/www.athome.lu\\\/blog\\\/marche-immobilier\\\/la-stabilisation-du-marche-immobilier-se-confirme-a-la-fin-de-lannee-2025\\\/#primaryimage\",\"url\":\"https:\\\/\\\/www.athome.lu\\\/blog\\\/wp-content\\\/uploads\\\/2026\\\/01\\\/AHP-Banniere-Wordpress-11.png\",\"contentUrl\":\"https:\\\/\\\/www.athome.lu\\\/blog\\\/wp-content\\\/uploads\\\/2026\\\/01\\\/AHP-Banniere-Wordpress-11.png\",\"width\":1846,\"height\":550},{\"@type\":\"BreadcrumbList\",\"@id\":\"https:\\\/\\\/www.athome.lu\\\/blog\\\/marche-immobilier\\\/la-stabilisation-du-marche-immobilier-se-confirme-a-la-fin-de-lannee-2025\\\/#breadcrumb\",\"itemListElement\":[{\"@type\":\"ListItem\",\"position\":1,\"name\":\"Accueil\",\"item\":\"https:\\\/\\\/www.athome.lu\\\/blog\\\/\"},{\"@type\":\"ListItem\",\"position\":2,\"name\":\"March\u00e9 immobilier\",\"item\":\"https:\\\/\\\/www.athome.lu\\\/blog\\\/category\\\/marche-immobilier\\\/\"},{\"@type\":\"ListItem\",\"position\":3,\"name\":\"La stabilisation du march\u00e9 immobilier se confirme \u00e0 la fin de l'ann\u00e9e 2025\"}]},{\"@type\":\"WebSite\",\"@id\":\"https:\\\/\\\/www.athome.lu\\\/blog\\\/#website\",\"url\":\"https:\\\/\\\/www.athome.lu\\\/blog\\\/\",\"name\":\"atHome Blog\",\"description\":\"Annonces immobili\u00e8res au Luxembourg. Le portail immobilier n\u00b01 au Luxembourg.\",\"potentialAction\":[{\"@type\":\"SearchAction\",\"target\":{\"@type\":\"EntryPoint\",\"urlTemplate\":\"https:\\\/\\\/www.athome.lu\\\/blog\\\/?s={search_term_string}\"},\"query-input\":{\"@type\":\"PropertyValueSpecification\",\"valueRequired\":true,\"valueName\":\"search_term_string\"}}],\"inLanguage\":\"en-GB\"},{\"@type\":\"Person\",\"@id\":\"https:\\\/\\\/www.athome.lu\\\/blog\\\/#\\\/schema\\\/person\\\/6b0cae19a94059156faf7f0ce969b4a0\",\"name\":\"atHome.lu\",\"image\":{\"@type\":\"ImageObject\",\"inLanguage\":\"en-GB\",\"@id\":\"https:\\\/\\\/secure.gravatar.com\\\/avatar\\\/aaf3e502d7787af3ce4793c226e9640b6ab8f2b336039142fc34b438e2e085e8?s=96&d=mm&r=g\",\"url\":\"https:\\\/\\\/secure.gravatar.com\\\/avatar\\\/aaf3e502d7787af3ce4793c226e9640b6ab8f2b336039142fc34b438e2e085e8?s=96&d=mm&r=g\",\"contentUrl\":\"https:\\\/\\\/secure.gravatar.com\\\/avatar\\\/aaf3e502d7787af3ce4793c226e9640b6ab8f2b336039142fc34b438e2e085e8?s=96&d=mm&r=g\",\"caption\":\"atHome.lu\"}}]}<\/script>\n<!-- \/ Yoast SEO plugin. -->","yoast_head_json":{"title":"Stabilisation of the property market confirmed at the end of 2025 - atHome Blog","robots":{"index":"index","follow":"follow","max-snippet":"max-snippet:-1","max-image-preview":"max-image-preview:large","max-video-preview":"max-video-preview:-1"},"canonical":"https:\/\/www.athome.lu\/blog\/en\/real-estate-market\/stabilisation-of-the-property-market-confirmed-at-the-end-of-2025\/","og_locale":"en_GB","og_type":"article","og_title":"La stabilisation du march\u00e9 immobilier se confirme \u00e0 la fin de l'ann\u00e9e 2025 - atHome Blog","og_description":"Le quatri\u00e8me trimestre 2025 s\u2019inscrit dans la continuit\u00e9 des dynamiques observ\u00e9es tout au long de l\u2019ann\u00e9e, avec un march\u00e9 immobilier luxembourgeois marqu\u00e9 par une phase de stabilisation. Les prix de vente restent globalement r\u00e9guliers, avec une l\u00e9g\u00e8re baisse pour les appartements neufs, qui restent attractifs gr\u00e2ce \u00e0 leur qualit\u00e9 et \u00e0 leur modernit\u00e9. Le secteur [&hellip;]","og_url":"https:\/\/www.athome.lu\/blog\/en\/real-estate-market\/stabilisation-of-the-property-market-confirmed-at-the-end-of-2025\/","og_site_name":"atHome Blog","article_publisher":"https:\/\/www.facebook.com\/atHome.lu\/","article_published_time":"2026-01-09T07:50:40+00:00","article_modified_time":"2026-03-27T13:16:50+00:00","og_image":[{"width":1846,"height":550,"url":"https:\/\/www.athome.lu\/blog\/wp-content\/uploads\/2026\/01\/AHP-Banniere-Wordpress-11.png","type":"image\/png"}],"author":"atHome.lu","twitter_card":"summary_large_image","twitter_creator":"@athomelu","twitter_site":"@athomelu","twitter_misc":{"Written by":"atHome.lu","Estimated reading time":"6 minutes"},"schema":{"@context":"https:\/\/schema.org","@graph":[{"@type":"Article","@id":"https:\/\/www.athome.lu\/blog\/marche-immobilier\/la-stabilisation-du-marche-immobilier-se-confirme-a-la-fin-de-lannee-2025\/#article","isPartOf":{"@id":"https:\/\/www.athome.lu\/blog\/marche-immobilier\/la-stabilisation-du-marche-immobilier-se-confirme-a-la-fin-de-lannee-2025\/"},"author":{"name":"atHome.lu","@id":"https:\/\/www.athome.lu\/blog\/#\/schema\/person\/6b0cae19a94059156faf7f0ce969b4a0"},"headline":"La stabilisation du march\u00e9 immobilier se confirme \u00e0 la fin de l'ann\u00e9e 2025","datePublished":"2026-01-09T07:50:40+00:00","dateModified":"2026-03-27T13:16:50+00:00","mainEntityOfPage":{"@id":"https:\/\/www.athome.lu\/blog\/marche-immobilier\/la-stabilisation-du-marche-immobilier-se-confirme-a-la-fin-de-lannee-2025\/"},"wordCount":920,"image":{"@id":"https:\/\/www.athome.lu\/blog\/marche-immobilier\/la-stabilisation-du-marche-immobilier-se-confirme-a-la-fin-de-lannee-2025\/#primaryimage"},"thumbnailUrl":"https:\/\/www.athome.lu\/blog\/wp-content\/uploads\/2026\/01\/AHP-Banniere-Wordpress-11.png","articleSection":["March\u00e9 immobilier"],"inLanguage":"en-GB"},{"@type":"WebPage","@id":"https:\/\/www.athome.lu\/blog\/marche-immobilier\/la-stabilisation-du-marche-immobilier-se-confirme-a-la-fin-de-lannee-2025\/","url":"https:\/\/www.athome.lu\/blog\/marche-immobilier\/la-stabilisation-du-marche-immobilier-se-confirme-a-la-fin-de-lannee-2025\/","name":"Stabilisation of the property market confirmed at the end of 2025 - atHome Blog","isPartOf":{"@id":"https:\/\/www.athome.lu\/blog\/#website"},"primaryImageOfPage":{"@id":"https:\/\/www.athome.lu\/blog\/marche-immobilier\/la-stabilisation-du-marche-immobilier-se-confirme-a-la-fin-de-lannee-2025\/#primaryimage"},"image":{"@id":"https:\/\/www.athome.lu\/blog\/marche-immobilier\/la-stabilisation-du-marche-immobilier-se-confirme-a-la-fin-de-lannee-2025\/#primaryimage"},"thumbnailUrl":"https:\/\/www.athome.lu\/blog\/wp-content\/uploads\/2026\/01\/AHP-Banniere-Wordpress-11.png","datePublished":"2026-01-09T07:50:40+00:00","dateModified":"2026-03-27T13:16:50+00:00","author":{"@id":"https:\/\/www.athome.lu\/blog\/#\/schema\/person\/6b0cae19a94059156faf7f0ce969b4a0"},"breadcrumb":{"@id":"https:\/\/www.athome.lu\/blog\/marche-immobilier\/la-stabilisation-du-marche-immobilier-se-confirme-a-la-fin-de-lannee-2025\/#breadcrumb"},"inLanguage":"en-GB","potentialAction":[{"@type":"ReadAction","target":["https:\/\/www.athome.lu\/blog\/marche-immobilier\/la-stabilisation-du-marche-immobilier-se-confirme-a-la-fin-de-lannee-2025\/"]}]},{"@type":"ImageObject","inLanguage":"en-GB","@id":"https:\/\/www.athome.lu\/blog\/marche-immobilier\/la-stabilisation-du-marche-immobilier-se-confirme-a-la-fin-de-lannee-2025\/#primaryimage","url":"https:\/\/www.athome.lu\/blog\/wp-content\/uploads\/2026\/01\/AHP-Banniere-Wordpress-11.png","contentUrl":"https:\/\/www.athome.lu\/blog\/wp-content\/uploads\/2026\/01\/AHP-Banniere-Wordpress-11.png","width":1846,"height":550},{"@type":"BreadcrumbList","@id":"https:\/\/www.athome.lu\/blog\/marche-immobilier\/la-stabilisation-du-marche-immobilier-se-confirme-a-la-fin-de-lannee-2025\/#breadcrumb","itemListElement":[{"@type":"ListItem","position":1,"name":"Accueil","item":"https:\/\/www.athome.lu\/blog\/"},{"@type":"ListItem","position":2,"name":"March\u00e9 immobilier","item":"https:\/\/www.athome.lu\/blog\/category\/marche-immobilier\/"},{"@type":"ListItem","position":3,"name":"La stabilisation du march\u00e9 immobilier se confirme \u00e0 la fin de l'ann\u00e9e 2025"}]},{"@type":"WebSite","@id":"https:\/\/www.athome.lu\/blog\/#website","url":"https:\/\/www.athome.lu\/blog\/","name":"atHome Blog","description":"Real estate ads in Luxembourg. The n\u00b01 real estate portal in Luxembourg.","potentialAction":[{"@type":"SearchAction","target":{"@type":"EntryPoint","urlTemplate":"https:\/\/www.athome.lu\/blog\/?s={search_term_string}"},"query-input":{"@type":"PropertyValueSpecification","valueRequired":true,"valueName":"search_term_string"}}],"inLanguage":"en-GB"},{"@type":"Person","@id":"https:\/\/www.athome.lu\/blog\/#\/schema\/person\/6b0cae19a94059156faf7f0ce969b4a0","name":"atHome.lu","image":{"@type":"ImageObject","inLanguage":"en-GB","@id":"https:\/\/secure.gravatar.com\/avatar\/aaf3e502d7787af3ce4793c226e9640b6ab8f2b336039142fc34b438e2e085e8?s=96&d=mm&r=g","url":"https:\/\/secure.gravatar.com\/avatar\/aaf3e502d7787af3ce4793c226e9640b6ab8f2b336039142fc34b438e2e085e8?s=96&d=mm&r=g","contentUrl":"https:\/\/secure.gravatar.com\/avatar\/aaf3e502d7787af3ce4793c226e9640b6ab8f2b336039142fc34b438e2e085e8?s=96&d=mm&r=g","caption":"atHome.lu"}}]}},"featured_media_src_url":"https:\/\/www.athome.lu\/blog\/wp-content\/uploads\/2026\/01\/AHP-Banniere-Wordpress-11-1024x305.png","_links":{"self":[{"href":"https:\/\/www.athome.lu\/blog\/en\/wp-json\/wp\/v2\/posts\/18412","targetHints":{"allow":["GET"]}}],"collection":[{"href":"https:\/\/www.athome.lu\/blog\/en\/wp-json\/wp\/v2\/posts"}],"about":[{"href":"https:\/\/www.athome.lu\/blog\/en\/wp-json\/wp\/v2\/types\/post"}],"author":[{"embeddable":true,"href":"https:\/\/www.athome.lu\/blog\/en\/wp-json\/wp\/v2\/users\/19"}],"replies":[{"embeddable":true,"href":"https:\/\/www.athome.lu\/blog\/en\/wp-json\/wp\/v2\/comments?post=18412"}],"version-history":[{"count":16,"href":"https:\/\/www.athome.lu\/blog\/en\/wp-json\/wp\/v2\/posts\/18412\/revisions"}],"predecessor-version":[{"id":18458,"href":"https:\/\/www.athome.lu\/blog\/en\/wp-json\/wp\/v2\/posts\/18412\/revisions\/18458"}],"wp:featuredmedia":[{"embeddable":true,"href":"https:\/\/www.athome.lu\/blog\/en\/wp-json\/wp\/v2\/media\/18427"}],"wp:attachment":[{"href":"https:\/\/www.athome.lu\/blog\/en\/wp-json\/wp\/v2\/media?parent=18412"}],"wp:term":[{"taxonomy":"category","embeddable":true,"href":"https:\/\/www.athome.lu\/blog\/en\/wp-json\/wp\/v2\/categories?post=18412"},{"taxonomy":"post_tag","embeddable":true,"href":"https:\/\/www.athome.lu\/blog\/en\/wp-json\/wp\/v2\/tags?post=18412"}],"curies":[{"name":"wp","href":"https:\/\/api.w.org\/{rel}","templated":true}]}}