{"id":18414,"date":"2026-01-12T10:21:57","date_gmt":"2026-01-12T09:21:57","guid":{"rendered":"https:\/\/www.athome.lu\/blog\/?p=18414"},"modified":"2026-03-30T16:47:58","modified_gmt":"2026-03-30T14:47:58","slug":"what-the-experts-have-to-say-about-the-property-market-in-q4-2025","status":"publish","type":"post","link":"https:\/\/www.athome.lu\/blog\/en\/marche-immobilier\/paroles-dexperts-ce-quil-faut-retenir-du-marche-immobilier-au-t4-2025\/","title":{"rendered":"What the experts have to say about the property market in Q4 2025"},"content":{"rendered":"<p>Stable sales prices, a downward adjustment for new flats under \u20ac10,000\/m\u00b2, and a rental market that is stable overall depending on the property and the region: the end-of-2025 assessment is confirmed.<\/p>\n\n\n\n<p>To decipher these developments, we have gathered the views of several specialists in the sector: <strong>Pierre Cl\u00e9ment (Nexvia)<\/strong>, <strong>Julien Licheron (LISER\/Housing Observatory)<\/strong> and <strong>Kim Felten (Hektar)<\/strong>. Sales volumes, price trends, buyer behaviour... these are just some of the indicators we use to understand current dynamics and anticipate future market movements.<\/p>\n\n\n\n<div style=\"height:14px\" aria-hidden=\"true\" class=\"wp-block-spacer\"><\/div>\n\n\n\n<h2 class=\"wp-block-heading has-text-align-center\"><strong>Pierre Cl\u00e9ment - Managing Director of Nexvia<\/strong><\/h2>\n\n\n<div class=\"wp-block-image\">\n<figure class=\"aligncenter size-large is-resized has-custom-border\"><img loading=\"lazy\" decoding=\"async\" width=\"1024\" height=\"572\" src=\"https:\/\/www.athome.lu\/blog\/wp-content\/uploads\/2025\/07\/images_experts03-1-1024x572.jpg\" alt=\"\" class=\"wp-image-17619\" style=\"border-top-left-radius:13px;border-top-right-radius:13px;border-bottom-left-radius:13px;border-bottom-right-radius:13px;width:360px\" srcset=\"https:\/\/www.athome.lu\/blog\/wp-content\/uploads\/2025\/07\/images_experts03-1-1024x572.jpg 1024w, https:\/\/www.athome.lu\/blog\/wp-content\/uploads\/2025\/07\/images_experts03-1-300x168.jpg 300w, https:\/\/www.athome.lu\/blog\/wp-content\/uploads\/2025\/07\/images_experts03-1-768x429.jpg 768w, https:\/\/www.athome.lu\/blog\/wp-content\/uploads\/2025\/07\/images_experts03-1-18x10.jpg 18w, https:\/\/www.athome.lu\/blog\/wp-content\/uploads\/2025\/07\/images_experts03-1.jpg 1200w\" sizes=\"auto, (max-width: 1024px) 100vw, 1024px\" \/><\/figure>\n<\/div>\n\n\n<p>The return to pre-crisis transaction volumes in the existing property segment, with stable prices over the last 18 months (excluding quarterly variations linked to tax deadlines), shows that the price adjustment of 15 % that took place in 2023 corresponded to the necessary correction in the face of changes in borrowing rates.<\/p>\n\n\n\n<blockquote class=\"wp-block-quote has-text-align-center is-style-default is-layout-flow wp-block-quote-is-layout-flow\" style=\"border-style:none;border-width:0px;padding-top:var(--wp--preset--spacing--20);padding-right:0;padding-bottom:var(--wp--preset--spacing--20);padding-left:0\">\n<p class=\"has-text-align-center\"><strong>On the ground, negotiations have become healthier once again, with a balance of power between sellers and sellers' representatives.<br>and buyers.<\/strong><\/p>\n<\/blockquote>\n\n\n\n<p>Effective prices once again take full account of the intrinsic characteristics of properties, such as location, age and quality of construction. While the recovery at these new price levels is certain, this new equilibrium remains fragile because the cost of financing is still high, particularly for long-term debt, and shows no sign of easing in the short term.<\/p>\n\n\n\n<div style=\"height:14px\" aria-hidden=\"true\" class=\"wp-block-spacer\"><\/div>\n\n\n\n<h2 class=\"wp-block-heading has-text-align-center\">Julien Licheron - Economist at Liser \/ Housing Observatory<\/h2>\n\n\n<div class=\"wp-block-image\">\n<figure class=\"aligncenter size-large is-resized has-custom-border\"><img loading=\"lazy\" decoding=\"async\" width=\"1024\" height=\"572\" src=\"https:\/\/www.athome.lu\/blog\/wp-content\/uploads\/2025\/07\/photo_expert_licheron-1024x572.jpg\" alt=\"\" class=\"wp-image-17634\" style=\"border-top-left-radius:13px;border-top-right-radius:13px;border-bottom-left-radius:13px;border-bottom-right-radius:13px;width:360px\" srcset=\"https:\/\/www.athome.lu\/blog\/wp-content\/uploads\/2025\/07\/photo_expert_licheron-1024x572.jpg 1024w, https:\/\/www.athome.lu\/blog\/wp-content\/uploads\/2025\/07\/photo_expert_licheron-300x168.jpg 300w, https:\/\/www.athome.lu\/blog\/wp-content\/uploads\/2025\/07\/photo_expert_licheron-768x429.jpg 768w, https:\/\/www.athome.lu\/blog\/wp-content\/uploads\/2025\/07\/photo_expert_licheron-18x10.jpg 18w, https:\/\/www.athome.lu\/blog\/wp-content\/uploads\/2025\/07\/photo_expert_licheron.jpg 1200w\" sizes=\"auto, (max-width: 1024px) 100vw, 1024px\" \/><\/figure>\n<\/div>\n\n\n<p>The residential property market has been showing signs of improvement since mid-2024, although it has not yet returned to a fully comparable pre-crisis dynamic. The recovery has mainly been in the existing homes segment, where activity has been supported by more stable interest rates, temporary tax measures and the price adjustment that took place between 2022 and 2024. <\/p>\n\n\n\n<p>After this correction phase, prices seem to have reached a plateau, with limited and sometimes heterogeneous variations depending on the period and the segment, suggesting a stabilisation phase rather than a true upward cycle. However, activity remains sensitive to the timing of government incentives, which has led to anticipation effects and sharp fluctuations in transaction volumes.<\/p>\n\n\n\n<p>The contrast with the new housing market remains stark. The number of new-build flat sales remains well below pre-crisis levels, due to the combined effect of a persistent price differential with existing properties, still-fragile buyer confidence and a withdrawal of investors, faced with tighter financing constraints.<\/p>\n\n\n\n<blockquote class=\"wp-block-quote has-text-align-center is-layout-flow wp-block-quote-is-layout-flow\" style=\"border-style:none;border-width:0px;padding-top:var(--wp--preset--spacing--20);padding-bottom:var(--wp--preset--spacing--20)\">\n<p><strong>Looking ahead to 2026, the outlook is mixed but open. In the absence of a macroeconomic shock, the existing housing market could evolve in an environment of sustained but more stable activity, with prices held down overall.<\/strong><\/p>\n<\/blockquote>\n\n\n\n<p>The upturn in new-build will depend more on structural factors - financing conditions, land price trends, supply policies - the effects of which could be gradual, suggesting a slow recovery rather than a rapid rebound.<\/p>\n\n\n\n<div style=\"height:14px\" aria-hidden=\"true\" class=\"wp-block-spacer\"><\/div>\n\n\n\n<h2 class=\"wp-block-heading has-text-align-center\"><strong>Kim Felten - Managing Partner at Hektar<\/strong><\/h2>\n\n\n<div class=\"wp-block-image\">\n<figure class=\"aligncenter size-large is-resized has-custom-border\"><img loading=\"lazy\" decoding=\"async\" width=\"1024\" height=\"572\" src=\"https:\/\/www.athome.lu\/blog\/wp-content\/uploads\/2026\/01\/images_experts02-1024x572.jpg\" alt=\"\" class=\"wp-image-18472\" style=\"border-top-left-radius:13px;border-top-right-radius:13px;border-bottom-left-radius:13px;border-bottom-right-radius:13px;width:360px;height:auto\" srcset=\"https:\/\/www.athome.lu\/blog\/wp-content\/uploads\/2026\/01\/images_experts02-1024x572.jpg 1024w, https:\/\/www.athome.lu\/blog\/wp-content\/uploads\/2026\/01\/images_experts02-300x168.jpg 300w, https:\/\/www.athome.lu\/blog\/wp-content\/uploads\/2026\/01\/images_experts02-768x429.jpg 768w, https:\/\/www.athome.lu\/blog\/wp-content\/uploads\/2026\/01\/images_experts02-18x10.jpg 18w, https:\/\/www.athome.lu\/blog\/wp-content\/uploads\/2026\/01\/images_experts02.jpg 1200w\" sizes=\"auto, (max-width: 1024px) 100vw, 1024px\" \/><\/figure>\n<\/div>\n\n\n<p>HEKTAR notes that by 2025 the residential property market has stabilised, with a higher number of transactions compared with the previous year, and a general stabilisation of sales prices after the price corrections of 2024 .<\/p>\n\n\n\n<p>Demand for existing properties has gradually increased. On the other hand, buyers are taking slightly longer to think about buying a property, which means that sales are taking longer to materialise.<\/p>\n\n\n\n<p>As for VEFA, there is a major difference between projects under construction or nearing completion, and projects still requiring a certain amount of pre-sales. While there is strong demand for new projects in the completion phase, projects with uncertain delivery times are still generating reluctance among buyers. We would point out that government measures had boosted the rental investment market over the past year by attracting investors; but the end of these measures has unfortunately dampened investor interest once again, which explains why the current market is heavily dominated by buyers looking for a primary residence.<\/p>\n\n\n\n<blockquote class=\"wp-block-quote has-text-align-center is-style-default is-layout-flow wp-block-quote-is-layout-flow\" style=\"border-style:none;border-width:0px;border-top-left-radius:0px;border-top-right-radius:0px;border-bottom-left-radius:0px;border-bottom-right-radius:0px;padding-top:var(--wp--preset--spacing--20);padding-right:0;padding-bottom:var(--wp--preset--spacing--20);padding-left:0\">\n<p class=\"has-text-align-center\"><strong>For 2026, we expect a more dynamic year, with a gradual rise in demand and slight growth in prices.<\/strong><\/p>\n<\/blockquote>\n\n\n\n<div style=\"height:17px\" aria-hidden=\"true\" class=\"wp-block-spacer\"><\/div>\n\n\n\n<p class=\"has-text-align-center\"><strong>Read our full analysis of the Luxembourg property market in the last quarter of 2025 here. <\/strong>\ud83d\udc47\ud83c\udffb<\/p>\n\n\n\n<div class=\"wp-block-buttons is-content-justification-center is-layout-flex wp-container-core-buttons-is-layout-a89b3969 wp-block-buttons-is-layout-flex\">\n<div class=\"wp-block-button is-style-fill\"><a class=\"wp-block-button__link has-background-color has-vivid-red-background-color has-text-color has-background has-link-color wp-element-button\" href=\"https:\/\/www.athome.lu\/blog\/marche-immobilier\/la-stabilisation-du-marche-immobilier-se-confirme-a-la-fin-de-lannee-2025\/\" target=\"_blank\" rel=\"noreferrer noopener\">Analysis of Q4 2025<\/a><\/div>\n<\/div>\n\n\n\n<p><\/p>","protected":false},"excerpt":{"rendered":"<p>Stabilit\u00e9 des prix de vente, ajustement \u00e0 la baisse pour les appartements neufs sous les 10\u202f000\u202f\u20ac\/m\u00b2, et march\u00e9 locatif globalement stable selon les biens et les r\u00e9gions : le bilan de fin d\u2019ann\u00e9e 2025 se confirme. Pour d\u00e9crypter ces \u00e9volutions, nous avons recueilli les points de vue de plusieurs sp\u00e9cialistes du secteur : Pierre Cl\u00e9ment [&hellip;]<\/p>\n","protected":false},"author":19,"featured_media":18475,"comment_status":"closed","ping_status":"closed","sticky":false,"template":"","format":"standard","meta":{"_acf_changed":false,"footnotes":""},"categories":[217],"tags":[],"class_list":["post-18414","post","type-post","status-publish","format-standard","has-post-thumbnail","hentry","category-marche-immobilier"],"acf":[],"yoast_head":"<!-- This site is optimized with the Yoast SEO plugin v27.4 - https:\/\/yoast.com\/product\/yoast-seo-wordpress\/ -->\n<title>Paroles d\u2019experts : ce qu\u2019il faut retenir du march\u00e9 immobilier au T4 2025 - atHome Blog<\/title>\n<meta name=\"robots\" content=\"index, follow, max-snippet:-1, max-image-preview:large, max-video-preview:-1\" \/>\n<link rel=\"canonical\" href=\"https:\/\/www.athome.lu\/blog\/en\/real-estate-market\/what-the-experts-have-to-say-about-the-property-market-in-q4-2025\/\" \/>\n<meta property=\"og:locale\" content=\"en_GB\" \/>\n<meta property=\"og:type\" content=\"article\" \/>\n<meta property=\"og:title\" content=\"Paroles d\u2019experts : ce qu\u2019il faut retenir du march\u00e9 immobilier au T4 2025 - atHome Blog\" \/>\n<meta property=\"og:description\" content=\"Stabilit\u00e9 des prix de vente, ajustement \u00e0 la baisse pour les appartements neufs sous les 10\u202f000\u202f\u20ac\/m\u00b2, et march\u00e9 locatif globalement stable selon les biens et les r\u00e9gions : le bilan de fin d\u2019ann\u00e9e 2025 se confirme. Pour d\u00e9crypter ces \u00e9volutions, nous avons recueilli les points de vue de plusieurs sp\u00e9cialistes du secteur : Pierre Cl\u00e9ment [&hellip;]\" \/>\n<meta property=\"og:url\" content=\"https:\/\/www.athome.lu\/blog\/en\/real-estate-market\/what-the-experts-have-to-say-about-the-property-market-in-q4-2025\/\" \/>\n<meta property=\"og:site_name\" content=\"atHome Blog\" \/>\n<meta property=\"article:publisher\" content=\"https:\/\/www.facebook.com\/atHome.lu\/\" \/>\n<meta property=\"article:published_time\" content=\"2026-01-12T09:21:57+00:00\" \/>\n<meta property=\"article:modified_time\" content=\"2026-03-30T14:47:58+00:00\" \/>\n<meta property=\"og:image\" content=\"https:\/\/www.athome.lu\/blog\/wp-content\/uploads\/2026\/01\/AHP-Banniere-Wordpress-12.png\" \/>\n\t<meta property=\"og:image:width\" content=\"1846\" \/>\n\t<meta property=\"og:image:height\" content=\"550\" \/>\n\t<meta property=\"og:image:type\" content=\"image\/png\" \/>\n<meta name=\"author\" content=\"atHome.lu\" \/>\n<meta name=\"twitter:card\" content=\"summary_large_image\" \/>\n<meta name=\"twitter:creator\" content=\"@athomelu\" \/>\n<meta name=\"twitter:site\" content=\"@athomelu\" \/>\n<meta name=\"twitter:label1\" content=\"Written by\" \/>\n\t<meta name=\"twitter:data1\" content=\"atHome.lu\" \/>\n\t<meta name=\"twitter:label2\" content=\"Estimated reading time\" \/>\n\t<meta name=\"twitter:data2\" content=\"5 minutes\" \/>\n<script type=\"application\/ld+json\" class=\"yoast-schema-graph\">{\"@context\":\"https:\\\/\\\/schema.org\",\"@graph\":[{\"@type\":\"Article\",\"@id\":\"https:\\\/\\\/www.athome.lu\\\/blog\\\/marche-immobilier\\\/paroles-dexperts-ce-quil-faut-retenir-du-marche-immobilier-au-t4-2025\\\/#article\",\"isPartOf\":{\"@id\":\"https:\\\/\\\/www.athome.lu\\\/blog\\\/marche-immobilier\\\/paroles-dexperts-ce-quil-faut-retenir-du-marche-immobilier-au-t4-2025\\\/\"},\"author\":{\"name\":\"atHome.lu\",\"@id\":\"https:\\\/\\\/www.athome.lu\\\/blog\\\/#\\\/schema\\\/person\\\/6b0cae19a94059156faf7f0ce969b4a0\"},\"headline\":\"Paroles d\u2019experts : ce qu\u2019il faut retenir du march\u00e9 immobilier au T4 2025\",\"datePublished\":\"2026-01-12T09:21:57+00:00\",\"dateModified\":\"2026-03-30T14:47:58+00:00\",\"mainEntityOfPage\":{\"@id\":\"https:\\\/\\\/www.athome.lu\\\/blog\\\/marche-immobilier\\\/paroles-dexperts-ce-quil-faut-retenir-du-marche-immobilier-au-t4-2025\\\/\"},\"wordCount\":825,\"image\":{\"@id\":\"https:\\\/\\\/www.athome.lu\\\/blog\\\/marche-immobilier\\\/paroles-dexperts-ce-quil-faut-retenir-du-marche-immobilier-au-t4-2025\\\/#primaryimage\"},\"thumbnailUrl\":\"https:\\\/\\\/www.athome.lu\\\/blog\\\/wp-content\\\/uploads\\\/2026\\\/01\\\/AHP-Banniere-Wordpress-12.png\",\"articleSection\":[\"March\u00e9 immobilier\"],\"inLanguage\":\"en-GB\"},{\"@type\":\"WebPage\",\"@id\":\"https:\\\/\\\/www.athome.lu\\\/blog\\\/marche-immobilier\\\/paroles-dexperts-ce-quil-faut-retenir-du-marche-immobilier-au-t4-2025\\\/\",\"url\":\"https:\\\/\\\/www.athome.lu\\\/blog\\\/marche-immobilier\\\/paroles-dexperts-ce-quil-faut-retenir-du-marche-immobilier-au-t4-2025\\\/\",\"name\":\"Paroles d\u2019experts : ce qu\u2019il faut retenir du march\u00e9 immobilier au T4 2025 - atHome Blog\",\"isPartOf\":{\"@id\":\"https:\\\/\\\/www.athome.lu\\\/blog\\\/#website\"},\"primaryImageOfPage\":{\"@id\":\"https:\\\/\\\/www.athome.lu\\\/blog\\\/marche-immobilier\\\/paroles-dexperts-ce-quil-faut-retenir-du-marche-immobilier-au-t4-2025\\\/#primaryimage\"},\"image\":{\"@id\":\"https:\\\/\\\/www.athome.lu\\\/blog\\\/marche-immobilier\\\/paroles-dexperts-ce-quil-faut-retenir-du-marche-immobilier-au-t4-2025\\\/#primaryimage\"},\"thumbnailUrl\":\"https:\\\/\\\/www.athome.lu\\\/blog\\\/wp-content\\\/uploads\\\/2026\\\/01\\\/AHP-Banniere-Wordpress-12.png\",\"datePublished\":\"2026-01-12T09:21:57+00:00\",\"dateModified\":\"2026-03-30T14:47:58+00:00\",\"author\":{\"@id\":\"https:\\\/\\\/www.athome.lu\\\/blog\\\/#\\\/schema\\\/person\\\/6b0cae19a94059156faf7f0ce969b4a0\"},\"breadcrumb\":{\"@id\":\"https:\\\/\\\/www.athome.lu\\\/blog\\\/marche-immobilier\\\/paroles-dexperts-ce-quil-faut-retenir-du-marche-immobilier-au-t4-2025\\\/#breadcrumb\"},\"inLanguage\":\"en-GB\",\"potentialAction\":[{\"@type\":\"ReadAction\",\"target\":[\"https:\\\/\\\/www.athome.lu\\\/blog\\\/marche-immobilier\\\/paroles-dexperts-ce-quil-faut-retenir-du-marche-immobilier-au-t4-2025\\\/\"]}]},{\"@type\":\"ImageObject\",\"inLanguage\":\"en-GB\",\"@id\":\"https:\\\/\\\/www.athome.lu\\\/blog\\\/marche-immobilier\\\/paroles-dexperts-ce-quil-faut-retenir-du-marche-immobilier-au-t4-2025\\\/#primaryimage\",\"url\":\"https:\\\/\\\/www.athome.lu\\\/blog\\\/wp-content\\\/uploads\\\/2026\\\/01\\\/AHP-Banniere-Wordpress-12.png\",\"contentUrl\":\"https:\\\/\\\/www.athome.lu\\\/blog\\\/wp-content\\\/uploads\\\/2026\\\/01\\\/AHP-Banniere-Wordpress-12.png\",\"width\":1846,\"height\":550},{\"@type\":\"BreadcrumbList\",\"@id\":\"https:\\\/\\\/www.athome.lu\\\/blog\\\/marche-immobilier\\\/paroles-dexperts-ce-quil-faut-retenir-du-marche-immobilier-au-t4-2025\\\/#breadcrumb\",\"itemListElement\":[{\"@type\":\"ListItem\",\"position\":1,\"name\":\"Accueil\",\"item\":\"https:\\\/\\\/www.athome.lu\\\/blog\\\/\"},{\"@type\":\"ListItem\",\"position\":2,\"name\":\"March\u00e9 immobilier\",\"item\":\"https:\\\/\\\/www.athome.lu\\\/blog\\\/category\\\/marche-immobilier\\\/\"},{\"@type\":\"ListItem\",\"position\":3,\"name\":\"Paroles d\u2019experts : ce qu\u2019il faut retenir du march\u00e9 immobilier au T4 2025\"}]},{\"@type\":\"WebSite\",\"@id\":\"https:\\\/\\\/www.athome.lu\\\/blog\\\/#website\",\"url\":\"https:\\\/\\\/www.athome.lu\\\/blog\\\/\",\"name\":\"atHome Blog\",\"description\":\"Annonces immobili\u00e8res au Luxembourg. Le portail immobilier n\u00b01 au Luxembourg.\",\"potentialAction\":[{\"@type\":\"SearchAction\",\"target\":{\"@type\":\"EntryPoint\",\"urlTemplate\":\"https:\\\/\\\/www.athome.lu\\\/blog\\\/?s={search_term_string}\"},\"query-input\":{\"@type\":\"PropertyValueSpecification\",\"valueRequired\":true,\"valueName\":\"search_term_string\"}}],\"inLanguage\":\"en-GB\"},{\"@type\":\"Person\",\"@id\":\"https:\\\/\\\/www.athome.lu\\\/blog\\\/#\\\/schema\\\/person\\\/6b0cae19a94059156faf7f0ce969b4a0\",\"name\":\"atHome.lu\",\"image\":{\"@type\":\"ImageObject\",\"inLanguage\":\"en-GB\",\"@id\":\"https:\\\/\\\/secure.gravatar.com\\\/avatar\\\/aaf3e502d7787af3ce4793c226e9640b6ab8f2b336039142fc34b438e2e085e8?s=96&d=mm&r=g\",\"url\":\"https:\\\/\\\/secure.gravatar.com\\\/avatar\\\/aaf3e502d7787af3ce4793c226e9640b6ab8f2b336039142fc34b438e2e085e8?s=96&d=mm&r=g\",\"contentUrl\":\"https:\\\/\\\/secure.gravatar.com\\\/avatar\\\/aaf3e502d7787af3ce4793c226e9640b6ab8f2b336039142fc34b438e2e085e8?s=96&d=mm&r=g\",\"caption\":\"atHome.lu\"}}]}<\/script>\n<!-- \/ Yoast SEO plugin. -->","yoast_head_json":{"title":"What the experts have to say about the property market in Q4 2025 - atHome Blog","robots":{"index":"index","follow":"follow","max-snippet":"max-snippet:-1","max-image-preview":"max-image-preview:large","max-video-preview":"max-video-preview:-1"},"canonical":"https:\/\/www.athome.lu\/blog\/en\/real-estate-market\/what-the-experts-have-to-say-about-the-property-market-in-q4-2025\/","og_locale":"en_GB","og_type":"article","og_title":"Paroles d\u2019experts : ce qu\u2019il faut retenir du march\u00e9 immobilier au T4 2025 - atHome Blog","og_description":"Stabilit\u00e9 des prix de vente, ajustement \u00e0 la baisse pour les appartements neufs sous les 10\u202f000\u202f\u20ac\/m\u00b2, et march\u00e9 locatif globalement stable selon les biens et les r\u00e9gions : le bilan de fin d\u2019ann\u00e9e 2025 se confirme. Pour d\u00e9crypter ces \u00e9volutions, nous avons recueilli les points de vue de plusieurs sp\u00e9cialistes du secteur : Pierre Cl\u00e9ment [&hellip;]","og_url":"https:\/\/www.athome.lu\/blog\/en\/real-estate-market\/what-the-experts-have-to-say-about-the-property-market-in-q4-2025\/","og_site_name":"atHome Blog","article_publisher":"https:\/\/www.facebook.com\/atHome.lu\/","article_published_time":"2026-01-12T09:21:57+00:00","article_modified_time":"2026-03-30T14:47:58+00:00","og_image":[{"width":1846,"height":550,"url":"https:\/\/www.athome.lu\/blog\/wp-content\/uploads\/2026\/01\/AHP-Banniere-Wordpress-12.png","type":"image\/png"}],"author":"atHome.lu","twitter_card":"summary_large_image","twitter_creator":"@athomelu","twitter_site":"@athomelu","twitter_misc":{"Written by":"atHome.lu","Estimated reading time":"5 minutes"},"schema":{"@context":"https:\/\/schema.org","@graph":[{"@type":"Article","@id":"https:\/\/www.athome.lu\/blog\/marche-immobilier\/paroles-dexperts-ce-quil-faut-retenir-du-marche-immobilier-au-t4-2025\/#article","isPartOf":{"@id":"https:\/\/www.athome.lu\/blog\/marche-immobilier\/paroles-dexperts-ce-quil-faut-retenir-du-marche-immobilier-au-t4-2025\/"},"author":{"name":"atHome.lu","@id":"https:\/\/www.athome.lu\/blog\/#\/schema\/person\/6b0cae19a94059156faf7f0ce969b4a0"},"headline":"Paroles d\u2019experts : ce qu\u2019il faut retenir du march\u00e9 immobilier au T4 2025","datePublished":"2026-01-12T09:21:57+00:00","dateModified":"2026-03-30T14:47:58+00:00","mainEntityOfPage":{"@id":"https:\/\/www.athome.lu\/blog\/marche-immobilier\/paroles-dexperts-ce-quil-faut-retenir-du-marche-immobilier-au-t4-2025\/"},"wordCount":825,"image":{"@id":"https:\/\/www.athome.lu\/blog\/marche-immobilier\/paroles-dexperts-ce-quil-faut-retenir-du-marche-immobilier-au-t4-2025\/#primaryimage"},"thumbnailUrl":"https:\/\/www.athome.lu\/blog\/wp-content\/uploads\/2026\/01\/AHP-Banniere-Wordpress-12.png","articleSection":["March\u00e9 immobilier"],"inLanguage":"en-GB"},{"@type":"WebPage","@id":"https:\/\/www.athome.lu\/blog\/marche-immobilier\/paroles-dexperts-ce-quil-faut-retenir-du-marche-immobilier-au-t4-2025\/","url":"https:\/\/www.athome.lu\/blog\/marche-immobilier\/paroles-dexperts-ce-quil-faut-retenir-du-marche-immobilier-au-t4-2025\/","name":"What the experts have to say about the property market in Q4 2025 - atHome Blog","isPartOf":{"@id":"https:\/\/www.athome.lu\/blog\/#website"},"primaryImageOfPage":{"@id":"https:\/\/www.athome.lu\/blog\/marche-immobilier\/paroles-dexperts-ce-quil-faut-retenir-du-marche-immobilier-au-t4-2025\/#primaryimage"},"image":{"@id":"https:\/\/www.athome.lu\/blog\/marche-immobilier\/paroles-dexperts-ce-quil-faut-retenir-du-marche-immobilier-au-t4-2025\/#primaryimage"},"thumbnailUrl":"https:\/\/www.athome.lu\/blog\/wp-content\/uploads\/2026\/01\/AHP-Banniere-Wordpress-12.png","datePublished":"2026-01-12T09:21:57+00:00","dateModified":"2026-03-30T14:47:58+00:00","author":{"@id":"https:\/\/www.athome.lu\/blog\/#\/schema\/person\/6b0cae19a94059156faf7f0ce969b4a0"},"breadcrumb":{"@id":"https:\/\/www.athome.lu\/blog\/marche-immobilier\/paroles-dexperts-ce-quil-faut-retenir-du-marche-immobilier-au-t4-2025\/#breadcrumb"},"inLanguage":"en-GB","potentialAction":[{"@type":"ReadAction","target":["https:\/\/www.athome.lu\/blog\/marche-immobilier\/paroles-dexperts-ce-quil-faut-retenir-du-marche-immobilier-au-t4-2025\/"]}]},{"@type":"ImageObject","inLanguage":"en-GB","@id":"https:\/\/www.athome.lu\/blog\/marche-immobilier\/paroles-dexperts-ce-quil-faut-retenir-du-marche-immobilier-au-t4-2025\/#primaryimage","url":"https:\/\/www.athome.lu\/blog\/wp-content\/uploads\/2026\/01\/AHP-Banniere-Wordpress-12.png","contentUrl":"https:\/\/www.athome.lu\/blog\/wp-content\/uploads\/2026\/01\/AHP-Banniere-Wordpress-12.png","width":1846,"height":550},{"@type":"BreadcrumbList","@id":"https:\/\/www.athome.lu\/blog\/marche-immobilier\/paroles-dexperts-ce-quil-faut-retenir-du-marche-immobilier-au-t4-2025\/#breadcrumb","itemListElement":[{"@type":"ListItem","position":1,"name":"Accueil","item":"https:\/\/www.athome.lu\/blog\/"},{"@type":"ListItem","position":2,"name":"March\u00e9 immobilier","item":"https:\/\/www.athome.lu\/blog\/category\/marche-immobilier\/"},{"@type":"ListItem","position":3,"name":"Paroles d\u2019experts : ce qu\u2019il faut retenir du march\u00e9 immobilier au T4 2025"}]},{"@type":"WebSite","@id":"https:\/\/www.athome.lu\/blog\/#website","url":"https:\/\/www.athome.lu\/blog\/","name":"atHome Blog","description":"Real estate ads in Luxembourg. The n\u00b01 real estate portal in Luxembourg.","potentialAction":[{"@type":"SearchAction","target":{"@type":"EntryPoint","urlTemplate":"https:\/\/www.athome.lu\/blog\/?s={search_term_string}"},"query-input":{"@type":"PropertyValueSpecification","valueRequired":true,"valueName":"search_term_string"}}],"inLanguage":"en-GB"},{"@type":"Person","@id":"https:\/\/www.athome.lu\/blog\/#\/schema\/person\/6b0cae19a94059156faf7f0ce969b4a0","name":"atHome.lu","image":{"@type":"ImageObject","inLanguage":"en-GB","@id":"https:\/\/secure.gravatar.com\/avatar\/aaf3e502d7787af3ce4793c226e9640b6ab8f2b336039142fc34b438e2e085e8?s=96&d=mm&r=g","url":"https:\/\/secure.gravatar.com\/avatar\/aaf3e502d7787af3ce4793c226e9640b6ab8f2b336039142fc34b438e2e085e8?s=96&d=mm&r=g","contentUrl":"https:\/\/secure.gravatar.com\/avatar\/aaf3e502d7787af3ce4793c226e9640b6ab8f2b336039142fc34b438e2e085e8?s=96&d=mm&r=g","caption":"atHome.lu"}}]}},"featured_media_src_url":"https:\/\/www.athome.lu\/blog\/wp-content\/uploads\/2026\/01\/AHP-Banniere-Wordpress-12-1024x305.png","_links":{"self":[{"href":"https:\/\/www.athome.lu\/blog\/en\/wp-json\/wp\/v2\/posts\/18414","targetHints":{"allow":["GET"]}}],"collection":[{"href":"https:\/\/www.athome.lu\/blog\/en\/wp-json\/wp\/v2\/posts"}],"about":[{"href":"https:\/\/www.athome.lu\/blog\/en\/wp-json\/wp\/v2\/types\/post"}],"author":[{"embeddable":true,"href":"https:\/\/www.athome.lu\/blog\/en\/wp-json\/wp\/v2\/users\/19"}],"replies":[{"embeddable":true,"href":"https:\/\/www.athome.lu\/blog\/en\/wp-json\/wp\/v2\/comments?post=18414"}],"version-history":[{"count":26,"href":"https:\/\/www.athome.lu\/blog\/en\/wp-json\/wp\/v2\/posts\/18414\/revisions"}],"predecessor-version":[{"id":18586,"href":"https:\/\/www.athome.lu\/blog\/en\/wp-json\/wp\/v2\/posts\/18414\/revisions\/18586"}],"wp:featuredmedia":[{"embeddable":true,"href":"https:\/\/www.athome.lu\/blog\/en\/wp-json\/wp\/v2\/media\/18475"}],"wp:attachment":[{"href":"https:\/\/www.athome.lu\/blog\/en\/wp-json\/wp\/v2\/media?parent=18414"}],"wp:term":[{"taxonomy":"category","embeddable":true,"href":"https:\/\/www.athome.lu\/blog\/en\/wp-json\/wp\/v2\/categories?post=18414"},{"taxonomy":"post_tag","embeddable":true,"href":"https:\/\/www.athome.lu\/blog\/en\/wp-json\/wp\/v2\/tags?post=18414"}],"curies":[{"name":"wp","href":"https:\/\/api.w.org\/{rel}","templated":true}]}}