{"id":18534,"date":"2026-04-02T07:00:00","date_gmt":"2026-04-02T05:00:00","guid":{"rendered":"https:\/\/www.athome.lu\/blog\/?p=18534"},"modified":"2026-04-01T17:00:56","modified_gmt":"2026-04-01T15:00:56","slug":"q1-2026-rents-under-pressure-and-selling-prices-on-a-downward-trend","status":"publish","type":"post","link":"https:\/\/www.athome.lu\/blog\/en\/marche-immobilier\/t1-2026-loyers-sous-tension-et-prix-de-vente-orientes-a-la-baisse\/","title":{"rendered":"Q1 2026: Rents under pressure and selling prices on the decline"},"content":{"rendered":"<p>In the first quarter of 2026, the Luxembourg property market confirmed a slowdown in the transition that began in 2024, following the rebound seen in early 2025. Sales prices are continuing to adjust, with a slightly downward trend that confirms the dynamic begun in the previous quarter.<br><br>This movement is reflected in a gradual return to the levels seen a year earlier. Old houses are back below \u20ac6,000 per square metre, while old flats are back below \u20ac8,000 per square metre after a year of higher levels. While this trend confirms a downturn, it remains measured and is more akin to an adjustment linked to lower transaction volumes.<br><br>The new-build segment appears to be more directly affected. After peaking between the first and second quarters of 2025, prices for new flats are continuing to fall, staying below \u20ac10,000\/m\u00b2. This trend is taking place against a backdrop of a slowdown in the construction sector and more difficult marketing of off-plan developments.<br><br>At the same time, the rental market is characterised by a high degree of stability. After rising at the start of 2025, rents are now moving very slightly from one quarter to the next, particularly for flats, where levels remain high. This situation reflects continuing strong demand, particularly in the most attractive areas, which is helping to keep pressure on prices.<br><br>Finally, the trends observed confirm the importance of local specificities in price formation. While some regions are experiencing more pronounced variations, the majority of movements remain contained, reflecting gradual adjustments rather than a uniform national trend. Against this backdrop, the Luxembourg property market is continuing to transform, with balances gradually being redefined between segments and geographical areas.<\/p>\n\n\n\n<h2 class=\"wp-block-heading\">Sales: selling prices down slightly<\/h2>\n\n\n\n<p><strong>Change in advertised sales prices per square metre per quarter<\/strong><\/p>\n\n\n\n<p>After rebounding in early 2025, sales prices are continuing to adjust. Older houses are back below \u20ac6,000 per square metre (-3.3 1Q3Q compared with the previous quarter), while older flats are back below \u20ac8,000 per square metre (-1.4 1Q3Q). The new-build segment continues to be more affected, with a more marked fall (-3.3 1Q3Q). These trends reflect a gradual return to the levels seen a year earlier.<\/p>\n\n\n\n<figure class=\"wp-block-image size-full\"><a href=\"https:\/\/www.athome.lu\/blog\/?attachment_id=18561\"><img loading=\"lazy\" decoding=\"async\" width=\"745\" height=\"698\" src=\"https:\/\/www.athome.lu\/blog\/wp-content\/uploads\/2026\/03\/Capture-decran-2026-03-30-graph-vente.png\" alt=\"\" class=\"wp-image-18561\" srcset=\"https:\/\/www.athome.lu\/blog\/wp-content\/uploads\/2026\/03\/Capture-decran-2026-03-30-graph-vente.png 745w, https:\/\/www.athome.lu\/blog\/wp-content\/uploads\/2026\/03\/Capture-decran-2026-03-30-graph-vente-300x281.png 300w, https:\/\/www.athome.lu\/blog\/wp-content\/uploads\/2026\/03\/Capture-decran-2026-03-30-graph-vente-13x12.png 13w\" sizes=\"auto, (max-width: 745px) 100vw, 745px\" \/><\/a><\/figure>\n\n\n\n<p><strong>Change in advertised sales prices per square metre by region :<\/strong> <strong>different dynamics in different regions<\/strong><\/p>\n\n\n\n<p>Sales prices are evolving unevenly from region to region, with variations contained overall. While some areas are seeing sharper falls, particularly in the north (down by as much as 8.5 % for houses), others are still seeing occasional rises, as in the east for old flats. Overall, the variations remain moderate and reflect local adjustments rather than a general trend.<\/p>\n\n\n\n<figure class=\"wp-block-image size-full\"><a href=\"https:\/\/www.athome.lu\/blog\/?attachment_id=18564\"><img loading=\"lazy\" decoding=\"async\" width=\"737\" height=\"831\" src=\"https:\/\/www.athome.lu\/blog\/wp-content\/uploads\/2026\/03\/carte-vente.png\" alt=\"\" class=\"wp-image-18564\" srcset=\"https:\/\/www.athome.lu\/blog\/wp-content\/uploads\/2026\/03\/carte-vente.png 737w, https:\/\/www.athome.lu\/blog\/wp-content\/uploads\/2026\/03\/carte-vente-266x300.png 266w, https:\/\/www.athome.lu\/blog\/wp-content\/uploads\/2026\/03\/carte-vente-11x12.png 11w\" sizes=\"auto, (max-width: 737px) 100vw, 737px\" \/><\/a><\/figure>\n\n\n\n<h2 class=\"wp-block-heading\">Location : <strong>a stable rental market, but still under pressure<\/strong><\/h2>\n\n\n\n<p><strong>Change in advertised rents per quarter<\/strong><\/p>\n\n\n\n<p>After rising at the start of 2025, rents are now stabilising. Rents for flats showed virtually no change over the quarter (+0.3 %), confirming a trend that has been very linear for several months. For houses, there was a slight fall (-2.2 1Q3Q compared with the previous quarter), but this did not call into question the price levels seen for several quarters. The rental market is thus reaching a plateau, buoyed by continuing strong demand.<\/p>\n\n\n\n<figure class=\"wp-block-image size-full\"><a href=\"https:\/\/www.athome.lu\/blog\/?attachment_id=18566\"><img loading=\"lazy\" decoding=\"async\" width=\"747\" height=\"648\" src=\"https:\/\/www.athome.lu\/blog\/wp-content\/uploads\/2026\/03\/Capture-decran-2026-03-30-155336.png\" alt=\"\" class=\"wp-image-18566\" srcset=\"https:\/\/www.athome.lu\/blog\/wp-content\/uploads\/2026\/03\/Capture-decran-2026-03-30-155336.png 747w, https:\/\/www.athome.lu\/blog\/wp-content\/uploads\/2026\/03\/Capture-decran-2026-03-30-155336-300x260.png 300w, https:\/\/www.athome.lu\/blog\/wp-content\/uploads\/2026\/03\/Capture-decran-2026-03-30-155336-14x12.png 14w\" sizes=\"auto, (max-width: 747px) 100vw, 747px\" \/><\/a><\/figure>\n\n\n\n<p><strong>Change in advertised rents by region :<\/strong> <strong>the attractiveness of regions shapes rental trends<\/strong><\/p>\n\n\n\n<p>Rents are developing differently in different regions, depending on their attractiveness and the structure of supply. Much of the demand is concentrated in the Centre region, resulting in a significant rise in flat rents (+6.2 1Q3). In the other regions, variations remain more measured, with some downward adjustments, particularly for houses (up to -10.4 % in the South). These variations illustrate a market in which local factors take precedence over a uniform national trend.<\/p>\n\n\n\n<figure class=\"wp-block-image size-full\"><a href=\"https:\/\/www.athome.lu\/blog\/?attachment_id=18568\"><img loading=\"lazy\" decoding=\"async\" width=\"745\" height=\"843\" src=\"https:\/\/www.athome.lu\/blog\/wp-content\/uploads\/2026\/03\/Capture-decran-2026-03-30-155458.png\" alt=\"\" class=\"wp-image-18568\" srcset=\"https:\/\/www.athome.lu\/blog\/wp-content\/uploads\/2026\/03\/Capture-decran-2026-03-30-155458.png 745w, https:\/\/www.athome.lu\/blog\/wp-content\/uploads\/2026\/03\/Capture-decran-2026-03-30-155458-265x300.png 265w, https:\/\/www.athome.lu\/blog\/wp-content\/uploads\/2026\/03\/Capture-decran-2026-03-30-155458-11x12.png 11w\" sizes=\"auto, (max-width: 745px) 100vw, 745px\" \/><\/a><\/figure>\n\n\n\n<h2 class=\"wp-block-heading\">What the experts say<\/h2>\n\n\n\n<figure class=\"wp-block-image size-large\"><a href=\"https:\/\/www.athome.lu\/blog\/?attachment_id=18599\"><img loading=\"lazy\" decoding=\"async\" width=\"738\" height=\"1024\" src=\"https:\/\/www.athome.lu\/blog\/wp-content\/uploads\/2026\/04\/atHome_MU_T1-2026_Page_7-738x1024.png\" alt=\"\" class=\"wp-image-18599\" srcset=\"https:\/\/www.athome.lu\/blog\/wp-content\/uploads\/2026\/04\/atHome_MU_T1-2026_Page_7-738x1024.png 738w, https:\/\/www.athome.lu\/blog\/wp-content\/uploads\/2026\/04\/atHome_MU_T1-2026_Page_7-216x300.png 216w, https:\/\/www.athome.lu\/blog\/wp-content\/uploads\/2026\/04\/atHome_MU_T1-2026_Page_7-768x1066.png 768w, https:\/\/www.athome.lu\/blog\/wp-content\/uploads\/2026\/04\/atHome_MU_T1-2026_Page_7-1107x1536.png 1107w, https:\/\/www.athome.lu\/blog\/wp-content\/uploads\/2026\/04\/atHome_MU_T1-2026_Page_7-1475x2048.png 1475w, https:\/\/www.athome.lu\/blog\/wp-content\/uploads\/2026\/04\/atHome_MU_T1-2026_Page_7-9x12.png 9w, https:\/\/www.athome.lu\/blog\/wp-content\/uploads\/2026\/04\/atHome_MU_T1-2026_Page_7-scaled.png 1844w\" sizes=\"auto, (max-width: 738px) 100vw, 738px\" \/><\/a><\/figure>\n\n\n\n<figure class=\"wp-block-image size-large\"><a href=\"https:\/\/www.athome.lu\/blog\/?attachment_id=18598\"><img loading=\"lazy\" decoding=\"async\" width=\"860\" height=\"1024\" src=\"https:\/\/www.athome.lu\/blog\/wp-content\/uploads\/2026\/04\/atHome_MU_T1-2026_Page_8-3-860x1024.png\" alt=\"\" class=\"wp-image-18598\" srcset=\"https:\/\/www.athome.lu\/blog\/wp-content\/uploads\/2026\/04\/atHome_MU_T1-2026_Page_8-3-860x1024.png 860w, https:\/\/www.athome.lu\/blog\/wp-content\/uploads\/2026\/04\/atHome_MU_T1-2026_Page_8-3-252x300.png 252w, https:\/\/www.athome.lu\/blog\/wp-content\/uploads\/2026\/04\/atHome_MU_T1-2026_Page_8-3-768x914.png 768w, https:\/\/www.athome.lu\/blog\/wp-content\/uploads\/2026\/04\/atHome_MU_T1-2026_Page_8-3-1290x1536.png 1290w, https:\/\/www.athome.lu\/blog\/wp-content\/uploads\/2026\/04\/atHome_MU_T1-2026_Page_8-3-1720x2048.png 1720w, https:\/\/www.athome.lu\/blog\/wp-content\/uploads\/2026\/04\/atHome_MU_T1-2026_Page_8-3-10x12.png 10w, https:\/\/www.athome.lu\/blog\/wp-content\/uploads\/2026\/04\/atHome_MU_T1-2026_Page_8-3-scaled.png 2150w\" sizes=\"auto, (max-width: 860px) 100vw, 860px\" \/><\/a><\/figure>\n\n\n\n<p><\/p>","protected":false},"excerpt":{"rendered":"<p>Au premier trimestre 2026, le march\u00e9 immobilier luxembourgeois confirme une phase de ralentissement dans la transition amorc\u00e9e depuis 2024, apr\u00e8s le rebond enregistr\u00e9 d\u00e9but 2025. Les prix de vente poursuivent leur ajustement, avec une tendance l\u00e9g\u00e8rement baissi\u00e8re qui confirme la dynamique amorc\u00e9e au trimestre pr\u00e9c\u00e9dent. Ce mouvement se traduit par un retour progressif \u00e0 des [&hellip;]<\/p>\n","protected":false},"author":19,"featured_media":18560,"comment_status":"closed","ping_status":"closed","sticky":true,"template":"","format":"standard","meta":{"_acf_changed":false,"footnotes":""},"categories":[217],"tags":[256],"class_list":["post-18534","post","type-post","status-publish","format-standard","has-post-thumbnail","hentry","category-marche-immobilier","tag-rtl-infos"],"acf":[],"yoast_head":"<!-- This site is optimized with the Yoast SEO plugin v27.4 - https:\/\/yoast.com\/product\/yoast-seo-wordpress\/ -->\n<title>T1 2026 : Loyers sous tension et prix de vente orient\u00e9s \u00e0 la baisse - atHome Blog<\/title>\n<meta name=\"robots\" content=\"index, follow, max-snippet:-1, max-image-preview:large, max-video-preview:-1\" \/>\n<link rel=\"canonical\" href=\"https:\/\/www.athome.lu\/blog\/en\/real-estate-market\/q1-2026-rents-under-pressure-and-selling-prices-on-a-downward-trend\/\" \/>\n<meta property=\"og:locale\" content=\"en_GB\" \/>\n<meta property=\"og:type\" content=\"article\" \/>\n<meta property=\"og:title\" content=\"T1 2026 : Loyers sous tension et prix de vente orient\u00e9s \u00e0 la baisse - atHome Blog\" \/>\n<meta property=\"og:description\" content=\"Au premier trimestre 2026, le march\u00e9 immobilier luxembourgeois confirme une phase de ralentissement dans la transition amorc\u00e9e depuis 2024, apr\u00e8s le rebond enregistr\u00e9 d\u00e9but 2025. Les prix de vente poursuivent leur ajustement, avec une tendance l\u00e9g\u00e8rement baissi\u00e8re qui confirme la dynamique amorc\u00e9e au trimestre pr\u00e9c\u00e9dent. Ce mouvement se traduit par un retour progressif \u00e0 des [&hellip;]\" \/>\n<meta property=\"og:url\" content=\"https:\/\/www.athome.lu\/blog\/en\/real-estate-market\/q1-2026-rents-under-pressure-and-selling-prices-on-a-downward-trend\/\" \/>\n<meta property=\"og:site_name\" content=\"atHome Blog\" \/>\n<meta property=\"article:publisher\" content=\"https:\/\/www.facebook.com\/atHome.lu\/\" \/>\n<meta property=\"article:published_time\" content=\"2026-04-02T05:00:00+00:00\" \/>\n<meta property=\"og:image\" content=\"https:\/\/www.athome.lu\/blog\/wp-content\/uploads\/2026\/03\/AHP-Banniere-Wordpress-1-1024x305.png\" \/>\n\t<meta property=\"og:image:width\" content=\"1024\" \/>\n\t<meta property=\"og:image:height\" content=\"305\" \/>\n\t<meta property=\"og:image:type\" content=\"image\/png\" \/>\n<meta name=\"author\" content=\"atHome.lu\" \/>\n<meta name=\"twitter:card\" content=\"summary_large_image\" \/>\n<meta name=\"twitter:creator\" content=\"@athomelu\" \/>\n<meta name=\"twitter:site\" content=\"@athomelu\" \/>\n<meta name=\"twitter:label1\" content=\"Written by\" \/>\n\t<meta name=\"twitter:data1\" content=\"atHome.lu\" \/>\n\t<meta name=\"twitter:label2\" content=\"Estimated reading time\" \/>\n\t<meta name=\"twitter:data2\" content=\"5 minutes\" \/>\n<script type=\"application\/ld+json\" class=\"yoast-schema-graph\">{\"@context\":\"https:\\\/\\\/schema.org\",\"@graph\":[{\"@type\":\"Article\",\"@id\":\"https:\\\/\\\/www.athome.lu\\\/blog\\\/marche-immobilier\\\/t1-2026-loyers-sous-tension-et-prix-de-vente-orientes-a-la-baisse\\\/#article\",\"isPartOf\":{\"@id\":\"https:\\\/\\\/www.athome.lu\\\/blog\\\/marche-immobilier\\\/t1-2026-loyers-sous-tension-et-prix-de-vente-orientes-a-la-baisse\\\/\"},\"author\":{\"name\":\"atHome.lu\",\"@id\":\"https:\\\/\\\/www.athome.lu\\\/blog\\\/#\\\/schema\\\/person\\\/6b0cae19a94059156faf7f0ce969b4a0\"},\"headline\":\"T1 2026 : Loyers sous tension et prix de vente orient\u00e9s \u00e0 la baisse\",\"datePublished\":\"2026-04-02T05:00:00+00:00\",\"mainEntityOfPage\":{\"@id\":\"https:\\\/\\\/www.athome.lu\\\/blog\\\/marche-immobilier\\\/t1-2026-loyers-sous-tension-et-prix-de-vente-orientes-a-la-baisse\\\/\"},\"wordCount\":723,\"image\":{\"@id\":\"https:\\\/\\\/www.athome.lu\\\/blog\\\/marche-immobilier\\\/t1-2026-loyers-sous-tension-et-prix-de-vente-orientes-a-la-baisse\\\/#primaryimage\"},\"thumbnailUrl\":\"https:\\\/\\\/www.athome.lu\\\/blog\\\/wp-content\\\/uploads\\\/2026\\\/03\\\/AHP-Banniere-Wordpress-1-scaled.png\",\"keywords\":[\"RTL Infos\"],\"articleSection\":[\"March\u00e9 immobilier\"],\"inLanguage\":\"en-GB\"},{\"@type\":\"WebPage\",\"@id\":\"https:\\\/\\\/www.athome.lu\\\/blog\\\/marche-immobilier\\\/t1-2026-loyers-sous-tension-et-prix-de-vente-orientes-a-la-baisse\\\/\",\"url\":\"https:\\\/\\\/www.athome.lu\\\/blog\\\/marche-immobilier\\\/t1-2026-loyers-sous-tension-et-prix-de-vente-orientes-a-la-baisse\\\/\",\"name\":\"T1 2026 : Loyers sous tension et prix de vente orient\u00e9s \u00e0 la baisse - atHome Blog\",\"isPartOf\":{\"@id\":\"https:\\\/\\\/www.athome.lu\\\/blog\\\/#website\"},\"primaryImageOfPage\":{\"@id\":\"https:\\\/\\\/www.athome.lu\\\/blog\\\/marche-immobilier\\\/t1-2026-loyers-sous-tension-et-prix-de-vente-orientes-a-la-baisse\\\/#primaryimage\"},\"image\":{\"@id\":\"https:\\\/\\\/www.athome.lu\\\/blog\\\/marche-immobilier\\\/t1-2026-loyers-sous-tension-et-prix-de-vente-orientes-a-la-baisse\\\/#primaryimage\"},\"thumbnailUrl\":\"https:\\\/\\\/www.athome.lu\\\/blog\\\/wp-content\\\/uploads\\\/2026\\\/03\\\/AHP-Banniere-Wordpress-1-scaled.png\",\"datePublished\":\"2026-04-02T05:00:00+00:00\",\"author\":{\"@id\":\"https:\\\/\\\/www.athome.lu\\\/blog\\\/#\\\/schema\\\/person\\\/6b0cae19a94059156faf7f0ce969b4a0\"},\"breadcrumb\":{\"@id\":\"https:\\\/\\\/www.athome.lu\\\/blog\\\/marche-immobilier\\\/t1-2026-loyers-sous-tension-et-prix-de-vente-orientes-a-la-baisse\\\/#breadcrumb\"},\"inLanguage\":\"en-GB\",\"potentialAction\":[{\"@type\":\"ReadAction\",\"target\":[\"https:\\\/\\\/www.athome.lu\\\/blog\\\/marche-immobilier\\\/t1-2026-loyers-sous-tension-et-prix-de-vente-orientes-a-la-baisse\\\/\"]}]},{\"@type\":\"ImageObject\",\"inLanguage\":\"en-GB\",\"@id\":\"https:\\\/\\\/www.athome.lu\\\/blog\\\/marche-immobilier\\\/t1-2026-loyers-sous-tension-et-prix-de-vente-orientes-a-la-baisse\\\/#primaryimage\",\"url\":\"https:\\\/\\\/www.athome.lu\\\/blog\\\/wp-content\\\/uploads\\\/2026\\\/03\\\/AHP-Banniere-Wordpress-1-scaled.png\",\"contentUrl\":\"https:\\\/\\\/www.athome.lu\\\/blog\\\/wp-content\\\/uploads\\\/2026\\\/03\\\/AHP-Banniere-Wordpress-1-scaled.png\",\"width\":2560,\"height\":763},{\"@type\":\"BreadcrumbList\",\"@id\":\"https:\\\/\\\/www.athome.lu\\\/blog\\\/marche-immobilier\\\/t1-2026-loyers-sous-tension-et-prix-de-vente-orientes-a-la-baisse\\\/#breadcrumb\",\"itemListElement\":[{\"@type\":\"ListItem\",\"position\":1,\"name\":\"Accueil\",\"item\":\"https:\\\/\\\/www.athome.lu\\\/blog\\\/\"},{\"@type\":\"ListItem\",\"position\":2,\"name\":\"March\u00e9 immobilier\",\"item\":\"https:\\\/\\\/www.athome.lu\\\/blog\\\/category\\\/marche-immobilier\\\/\"},{\"@type\":\"ListItem\",\"position\":3,\"name\":\"T1 2026 : Loyers sous tension et prix de vente orient\u00e9s \u00e0 la baisse\"}]},{\"@type\":\"WebSite\",\"@id\":\"https:\\\/\\\/www.athome.lu\\\/blog\\\/#website\",\"url\":\"https:\\\/\\\/www.athome.lu\\\/blog\\\/\",\"name\":\"atHome Blog\",\"description\":\"Annonces immobili\u00e8res au Luxembourg. Le portail immobilier n\u00b01 au Luxembourg.\",\"potentialAction\":[{\"@type\":\"SearchAction\",\"target\":{\"@type\":\"EntryPoint\",\"urlTemplate\":\"https:\\\/\\\/www.athome.lu\\\/blog\\\/?s={search_term_string}\"},\"query-input\":{\"@type\":\"PropertyValueSpecification\",\"valueRequired\":true,\"valueName\":\"search_term_string\"}}],\"inLanguage\":\"en-GB\"},{\"@type\":\"Person\",\"@id\":\"https:\\\/\\\/www.athome.lu\\\/blog\\\/#\\\/schema\\\/person\\\/6b0cae19a94059156faf7f0ce969b4a0\",\"name\":\"atHome.lu\",\"image\":{\"@type\":\"ImageObject\",\"inLanguage\":\"en-GB\",\"@id\":\"https:\\\/\\\/secure.gravatar.com\\\/avatar\\\/aaf3e502d7787af3ce4793c226e9640b6ab8f2b336039142fc34b438e2e085e8?s=96&d=mm&r=g\",\"url\":\"https:\\\/\\\/secure.gravatar.com\\\/avatar\\\/aaf3e502d7787af3ce4793c226e9640b6ab8f2b336039142fc34b438e2e085e8?s=96&d=mm&r=g\",\"contentUrl\":\"https:\\\/\\\/secure.gravatar.com\\\/avatar\\\/aaf3e502d7787af3ce4793c226e9640b6ab8f2b336039142fc34b438e2e085e8?s=96&d=mm&r=g\",\"caption\":\"atHome.lu\"}}]}<\/script>\n<!-- \/ Yoast SEO plugin. -->","yoast_head_json":{"title":"Q1 2026: Rents under pressure and sales prices on a downward trend - atHome Blog","robots":{"index":"index","follow":"follow","max-snippet":"max-snippet:-1","max-image-preview":"max-image-preview:large","max-video-preview":"max-video-preview:-1"},"canonical":"https:\/\/www.athome.lu\/blog\/en\/real-estate-market\/q1-2026-rents-under-pressure-and-selling-prices-on-a-downward-trend\/","og_locale":"en_GB","og_type":"article","og_title":"T1 2026 : Loyers sous tension et prix de vente orient\u00e9s \u00e0 la baisse - atHome Blog","og_description":"Au premier trimestre 2026, le march\u00e9 immobilier luxembourgeois confirme une phase de ralentissement dans la transition amorc\u00e9e depuis 2024, apr\u00e8s le rebond enregistr\u00e9 d\u00e9but 2025. Les prix de vente poursuivent leur ajustement, avec une tendance l\u00e9g\u00e8rement baissi\u00e8re qui confirme la dynamique amorc\u00e9e au trimestre pr\u00e9c\u00e9dent. Ce mouvement se traduit par un retour progressif \u00e0 des [&hellip;]","og_url":"https:\/\/www.athome.lu\/blog\/en\/real-estate-market\/q1-2026-rents-under-pressure-and-selling-prices-on-a-downward-trend\/","og_site_name":"atHome Blog","article_publisher":"https:\/\/www.facebook.com\/atHome.lu\/","article_published_time":"2026-04-02T05:00:00+00:00","og_image":[{"width":1024,"height":305,"url":"https:\/\/www.athome.lu\/blog\/wp-content\/uploads\/2026\/03\/AHP-Banniere-Wordpress-1-1024x305.png","type":"image\/png"}],"author":"atHome.lu","twitter_card":"summary_large_image","twitter_creator":"@athomelu","twitter_site":"@athomelu","twitter_misc":{"Written by":"atHome.lu","Estimated reading time":"5 minutes"},"schema":{"@context":"https:\/\/schema.org","@graph":[{"@type":"Article","@id":"https:\/\/www.athome.lu\/blog\/marche-immobilier\/t1-2026-loyers-sous-tension-et-prix-de-vente-orientes-a-la-baisse\/#article","isPartOf":{"@id":"https:\/\/www.athome.lu\/blog\/marche-immobilier\/t1-2026-loyers-sous-tension-et-prix-de-vente-orientes-a-la-baisse\/"},"author":{"name":"atHome.lu","@id":"https:\/\/www.athome.lu\/blog\/#\/schema\/person\/6b0cae19a94059156faf7f0ce969b4a0"},"headline":"T1 2026 : Loyers sous tension et prix de vente orient\u00e9s \u00e0 la baisse","datePublished":"2026-04-02T05:00:00+00:00","mainEntityOfPage":{"@id":"https:\/\/www.athome.lu\/blog\/marche-immobilier\/t1-2026-loyers-sous-tension-et-prix-de-vente-orientes-a-la-baisse\/"},"wordCount":723,"image":{"@id":"https:\/\/www.athome.lu\/blog\/marche-immobilier\/t1-2026-loyers-sous-tension-et-prix-de-vente-orientes-a-la-baisse\/#primaryimage"},"thumbnailUrl":"https:\/\/www.athome.lu\/blog\/wp-content\/uploads\/2026\/03\/AHP-Banniere-Wordpress-1-scaled.png","keywords":["RTL Infos"],"articleSection":["March\u00e9 immobilier"],"inLanguage":"en-GB"},{"@type":"WebPage","@id":"https:\/\/www.athome.lu\/blog\/marche-immobilier\/t1-2026-loyers-sous-tension-et-prix-de-vente-orientes-a-la-baisse\/","url":"https:\/\/www.athome.lu\/blog\/marche-immobilier\/t1-2026-loyers-sous-tension-et-prix-de-vente-orientes-a-la-baisse\/","name":"Q1 2026: Rents under pressure and sales prices on a downward trend - atHome Blog","isPartOf":{"@id":"https:\/\/www.athome.lu\/blog\/#website"},"primaryImageOfPage":{"@id":"https:\/\/www.athome.lu\/blog\/marche-immobilier\/t1-2026-loyers-sous-tension-et-prix-de-vente-orientes-a-la-baisse\/#primaryimage"},"image":{"@id":"https:\/\/www.athome.lu\/blog\/marche-immobilier\/t1-2026-loyers-sous-tension-et-prix-de-vente-orientes-a-la-baisse\/#primaryimage"},"thumbnailUrl":"https:\/\/www.athome.lu\/blog\/wp-content\/uploads\/2026\/03\/AHP-Banniere-Wordpress-1-scaled.png","datePublished":"2026-04-02T05:00:00+00:00","author":{"@id":"https:\/\/www.athome.lu\/blog\/#\/schema\/person\/6b0cae19a94059156faf7f0ce969b4a0"},"breadcrumb":{"@id":"https:\/\/www.athome.lu\/blog\/marche-immobilier\/t1-2026-loyers-sous-tension-et-prix-de-vente-orientes-a-la-baisse\/#breadcrumb"},"inLanguage":"en-GB","potentialAction":[{"@type":"ReadAction","target":["https:\/\/www.athome.lu\/blog\/marche-immobilier\/t1-2026-loyers-sous-tension-et-prix-de-vente-orientes-a-la-baisse\/"]}]},{"@type":"ImageObject","inLanguage":"en-GB","@id":"https:\/\/www.athome.lu\/blog\/marche-immobilier\/t1-2026-loyers-sous-tension-et-prix-de-vente-orientes-a-la-baisse\/#primaryimage","url":"https:\/\/www.athome.lu\/blog\/wp-content\/uploads\/2026\/03\/AHP-Banniere-Wordpress-1-scaled.png","contentUrl":"https:\/\/www.athome.lu\/blog\/wp-content\/uploads\/2026\/03\/AHP-Banniere-Wordpress-1-scaled.png","width":2560,"height":763},{"@type":"BreadcrumbList","@id":"https:\/\/www.athome.lu\/blog\/marche-immobilier\/t1-2026-loyers-sous-tension-et-prix-de-vente-orientes-a-la-baisse\/#breadcrumb","itemListElement":[{"@type":"ListItem","position":1,"name":"Accueil","item":"https:\/\/www.athome.lu\/blog\/"},{"@type":"ListItem","position":2,"name":"March\u00e9 immobilier","item":"https:\/\/www.athome.lu\/blog\/category\/marche-immobilier\/"},{"@type":"ListItem","position":3,"name":"T1 2026 : Loyers sous tension et prix de vente orient\u00e9s \u00e0 la baisse"}]},{"@type":"WebSite","@id":"https:\/\/www.athome.lu\/blog\/#website","url":"https:\/\/www.athome.lu\/blog\/","name":"atHome Blog","description":"Real estate ads in Luxembourg. The n\u00b01 real estate portal in Luxembourg.","potentialAction":[{"@type":"SearchAction","target":{"@type":"EntryPoint","urlTemplate":"https:\/\/www.athome.lu\/blog\/?s={search_term_string}"},"query-input":{"@type":"PropertyValueSpecification","valueRequired":true,"valueName":"search_term_string"}}],"inLanguage":"en-GB"},{"@type":"Person","@id":"https:\/\/www.athome.lu\/blog\/#\/schema\/person\/6b0cae19a94059156faf7f0ce969b4a0","name":"atHome.lu","image":{"@type":"ImageObject","inLanguage":"en-GB","@id":"https:\/\/secure.gravatar.com\/avatar\/aaf3e502d7787af3ce4793c226e9640b6ab8f2b336039142fc34b438e2e085e8?s=96&d=mm&r=g","url":"https:\/\/secure.gravatar.com\/avatar\/aaf3e502d7787af3ce4793c226e9640b6ab8f2b336039142fc34b438e2e085e8?s=96&d=mm&r=g","contentUrl":"https:\/\/secure.gravatar.com\/avatar\/aaf3e502d7787af3ce4793c226e9640b6ab8f2b336039142fc34b438e2e085e8?s=96&d=mm&r=g","caption":"atHome.lu"}}]}},"featured_media_src_url":"https:\/\/www.athome.lu\/blog\/wp-content\/uploads\/2026\/03\/AHP-Banniere-Wordpress-1-1024x305.png","_links":{"self":[{"href":"https:\/\/www.athome.lu\/blog\/en\/wp-json\/wp\/v2\/posts\/18534","targetHints":{"allow":["GET"]}}],"collection":[{"href":"https:\/\/www.athome.lu\/blog\/en\/wp-json\/wp\/v2\/posts"}],"about":[{"href":"https:\/\/www.athome.lu\/blog\/en\/wp-json\/wp\/v2\/types\/post"}],"author":[{"embeddable":true,"href":"https:\/\/www.athome.lu\/blog\/en\/wp-json\/wp\/v2\/users\/19"}],"replies":[{"embeddable":true,"href":"https:\/\/www.athome.lu\/blog\/en\/wp-json\/wp\/v2\/comments?post=18534"}],"version-history":[{"count":21,"href":"https:\/\/www.athome.lu\/blog\/en\/wp-json\/wp\/v2\/posts\/18534\/revisions"}],"predecessor-version":[{"id":18600,"href":"https:\/\/www.athome.lu\/blog\/en\/wp-json\/wp\/v2\/posts\/18534\/revisions\/18600"}],"wp:featuredmedia":[{"embeddable":true,"href":"https:\/\/www.athome.lu\/blog\/en\/wp-json\/wp\/v2\/media\/18560"}],"wp:attachment":[{"href":"https:\/\/www.athome.lu\/blog\/en\/wp-json\/wp\/v2\/media?parent=18534"}],"wp:term":[{"taxonomy":"category","embeddable":true,"href":"https:\/\/www.athome.lu\/blog\/en\/wp-json\/wp\/v2\/categories?post=18534"},{"taxonomy":"post_tag","embeddable":true,"href":"https:\/\/www.athome.lu\/blog\/en\/wp-json\/wp\/v2\/tags?post=18534"}],"curies":[{"name":"wp","href":"https:\/\/api.w.org\/{rel}","templated":true}]}}