{"id":18536,"date":"2026-04-07T09:34:30","date_gmt":"2026-04-07T07:34:30","guid":{"rendered":"https:\/\/www.athome.lu\/blog\/?p=18536"},"modified":"2026-04-07T09:35:26","modified_gmt":"2026-04-07T07:35:26","slug":"what-the-experts-have-to-say-about-the-property-market-in-q1-2026","status":"publish","type":"post","link":"https:\/\/www.athome.lu\/blog\/en\/marche-immobilier\/paroles-dexperts-ce-quil-faut-retenir-du-marche-immobilier-au-t1-2026\/","title":{"rendered":"What the experts have to say about the property market in Q1 2026"},"content":{"rendered":"<p>Sales prices continuing to adjust, a further fall in the number of new flats in a still difficult environment, and a rental market that is stable overall but still under pressure: these are some of the highlights of the first quarter of 2026.<\/p>\n\n\n\n<p>To decipher these developments, we have gathered the views of several specialists in the sector: <strong>Pierre Cl\u00e9ment (Nexvia)<\/strong>, <strong>Julien Licheron (LISER\/Housing Observatory)<\/strong>, <strong>Joe Schmit (Vevalo)<\/strong> and <strong>Maurits van Rijckevorsel<\/strong> <strong>(Van Maurits)<\/strong>. Sales volumes, price trends, buyer behaviour... these are just some of the indicators we use to understand current dynamics and anticipate future market movements.<\/p>\n\n\n\n<h2 class=\"wp-block-heading has-text-align-center\"><strong>Pierre Cl\u00e9ment - Managing Director of Nexvia<\/strong><\/h2>\n\n\n<div class=\"wp-block-image is-style-default\">\n<figure class=\"aligncenter size-large is-resized has-custom-border\" style=\"margin-top:0;margin-bottom:0\"><img loading=\"lazy\" decoding=\"async\" width=\"1024\" height=\"572\" src=\"https:\/\/www.athome.lu\/blog\/wp-content\/uploads\/2025\/07\/images_experts03-1-1024x572.jpg\" alt=\"\" class=\"wp-image-17619\" style=\"border-top-left-radius:13px;border-top-right-radius:13px;border-bottom-left-radius:13px;border-bottom-right-radius:13px;width:360px;height:auto\" srcset=\"https:\/\/www.athome.lu\/blog\/wp-content\/uploads\/2025\/07\/images_experts03-1-1024x572.jpg 1024w, https:\/\/www.athome.lu\/blog\/wp-content\/uploads\/2025\/07\/images_experts03-1-300x168.jpg 300w, https:\/\/www.athome.lu\/blog\/wp-content\/uploads\/2025\/07\/images_experts03-1-768x429.jpg 768w, https:\/\/www.athome.lu\/blog\/wp-content\/uploads\/2025\/07\/images_experts03-1-18x10.jpg 18w, https:\/\/www.athome.lu\/blog\/wp-content\/uploads\/2025\/07\/images_experts03-1.jpg 1200w\" sizes=\"auto, (max-width: 1024px) 100vw, 1024px\" \/><\/figure>\n<\/div>\n\n\n<p>Nexvia's data on transactions and sales commitments for the 1st quarter of 2026 confirms the continuation of the solid trend in the existing property segment.<\/p>\n\n\n\n<p>Our latest data from our partner banks and from our agency business suggest that the existing property market has returned to equilibrium and that prices have stabilised over the last 2 years.<\/p>\n\n\n\n<p>Actual sales prices therefore follow the trends in advertised prices in Luxembourg as recorded by atHome (+1.5% for old flats between the 1st quarter of 2025 and the 1st quarter of 2026). The sale of large houses has been penalised since the 3rd quarter of 2025 by the end of the halving of registration fees, leading to a slight correction in advertised prices (-1.4% for old houses between the 1st quarter of 2025 and the 1st quarter of 2026).<\/p>\n\n\n\n<p>In the absence of a major economic downturn, we expect sales volumes for the coming year as a whole to be at pre-crisis annual averages for existing flats, and slightly lower for existing houses.<\/p>\n\n\n\n<blockquote class=\"wp-block-quote has-text-align-center is-layout-flow wp-block-quote-is-layout-flow\" style=\"border-style:none;border-width:0px;margin-top:0;margin-bottom:0;padding-top:var(--wp--preset--spacing--30);padding-bottom:var(--wp--preset--spacing--30)\">\n<p class=\"has-text-align-center has-medium-font-size\"><strong>While there are enough would-be owner-occupiers to normalise the existing property market, would-be investors have deserted the market. And first and foremost the new-build market, where local investor-savers are so much needed.<\/strong><\/p>\n<\/blockquote>\n\n\n\n<div style=\"height:14px\" aria-hidden=\"true\" class=\"wp-block-spacer\"><\/div>\n\n\n\n<h2 class=\"wp-block-heading has-text-align-center\">Julien Licheron - Economist at Liser \/ Housing Observatory<\/h2>\n\n\n<div class=\"wp-block-image\">\n<figure class=\"aligncenter size-large is-resized has-custom-border\"><img loading=\"lazy\" decoding=\"async\" width=\"1024\" height=\"572\" src=\"https:\/\/www.athome.lu\/blog\/wp-content\/uploads\/2025\/07\/photo_expert_licheron-1024x572.jpg\" alt=\"\" class=\"wp-image-17634\" style=\"border-top-left-radius:13px;border-top-right-radius:13px;border-bottom-left-radius:13px;border-bottom-right-radius:13px;width:360px\" srcset=\"https:\/\/www.athome.lu\/blog\/wp-content\/uploads\/2025\/07\/photo_expert_licheron-1024x572.jpg 1024w, https:\/\/www.athome.lu\/blog\/wp-content\/uploads\/2025\/07\/photo_expert_licheron-300x168.jpg 300w, https:\/\/www.athome.lu\/blog\/wp-content\/uploads\/2025\/07\/photo_expert_licheron-768x429.jpg 768w, https:\/\/www.athome.lu\/blog\/wp-content\/uploads\/2025\/07\/photo_expert_licheron-18x10.jpg 18w, https:\/\/www.athome.lu\/blog\/wp-content\/uploads\/2025\/07\/photo_expert_licheron.jpg 1200w\" sizes=\"auto, (max-width: 1024px) 100vw, 1024px\" \/><\/figure>\n<\/div>\n\n\n<p>After the severe turbulence seen between 2022 and 2024, followed by the one-off effects of tax incentives in 2025, activity will return to a more predictable pace at the start of 2026, refocused on its fundamentals. The existing home market will be the main driving force: activity there is more dynamic, supported by stabilised financing conditions and prices that have stopped fluctuating wildly. <\/p>\n\n\n\n<p>Transactions are gradually approaching pre-crisis levels, a sign that buyer confidence is returning.<\/p>\n\n\n\n<p>Conversely, the new-build market remains in retreat. The sharp fall in VEFA sales and the slowdown in new housing starts illustrate a cyclical crisis in production that could, in time, exacerbate the structural shortfall in supply. This duality between a resilient existing housing market and a struggling new housing market remains a key feature of the current cycle.<\/p>\n\n\n\n<blockquote class=\"wp-block-quote has-text-align-center is-layout-flow wp-block-quote-is-layout-flow\" style=\"border-style:none;border-width:0px;margin-top:0;margin-bottom:0;padding-top:var(--wp--preset--spacing--20);padding-bottom:var(--wp--preset--spacing--20)\">\n<p class=\"has-text-align-center has-medium-font-size\"><strong>On the price front, the general trend is for prices to stabilise. After a period of wide fluctuations, values have changed little over the past year. <\/strong><\/p>\n<\/blockquote>\n\n\n\n<p>Negotiations between buyers and sellers are also more frequent, reflecting a more balanced market.<\/p>\n\n\n\n<p>All in all, the outlook is fairly encouraging, without being overly optimistic. In the absence of a macroeconomic shock, the market seems to be entering a healthier phase, with greater clarity, steadier activity and controlled prices, but tensions over housing supply will continue to weigh on the market for a long time to come.<\/p>\n\n\n\n<div style=\"height:14px\" aria-hidden=\"true\" class=\"wp-block-spacer\"><\/div>\n\n\n\n<h2 class=\"wp-block-heading has-text-align-center\">Joe Schmit - Managing Partner at Vevalo<\/h2>\n\n\n<div class=\"wp-block-image\">\n<figure class=\"aligncenter size-large is-resized has-custom-border\"><img loading=\"lazy\" decoding=\"async\" width=\"1024\" height=\"572\" src=\"https:\/\/www.athome.lu\/blog\/wp-content\/uploads\/2026\/03\/JS-1024x572.jpg\" alt=\"\" class=\"wp-image-18588\" style=\"border-top-left-radius:13px;border-top-right-radius:13px;border-bottom-left-radius:13px;border-bottom-right-radius:13px;width:360px\" srcset=\"https:\/\/www.athome.lu\/blog\/wp-content\/uploads\/2026\/03\/JS-1024x572.jpg 1024w, https:\/\/www.athome.lu\/blog\/wp-content\/uploads\/2026\/03\/JS-300x168.jpg 300w, https:\/\/www.athome.lu\/blog\/wp-content\/uploads\/2026\/03\/JS-768x429.jpg 768w, https:\/\/www.athome.lu\/blog\/wp-content\/uploads\/2026\/03\/JS-18x10.jpg 18w, https:\/\/www.athome.lu\/blog\/wp-content\/uploads\/2026\/03\/JS.jpg 1200w\" sizes=\"auto, (max-width: 1024px) 100vw, 1024px\" \/><\/figure>\n<\/div>\n\n\n<p>The Luxembourg property market is currently moving at two speeds. Older properties are holding up well, having already absorbed a number of falls, while new properties, and more specifically VEFA, have clearly lost traction. <\/p>\n\n\n\n<blockquote class=\"wp-block-quote has-text-align-center is-layout-flow wp-block-quote-is-layout-flow\" style=\"border-style:none;border-width:0px;margin-top:0;margin-bottom:0;padding-top:var(--wp--preset--spacing--20);padding-right:0;padding-bottom:var(--wp--preset--spacing--20);padding-left:0\">\n<p class=\"has-medium-font-size\"><strong>The figures for early 2026 confirm the seriousness of the situation, and without the purchases made by the State, this weakness would appear even more clearly in the statistics. <\/strong><\/p>\n<\/blockquote>\n\n\n\n<p>The off-plan market remains under pressure, but its prices cannot adjust in the same proportions as those of existing homes, as construction costs continue to rise due to a number of factors beyond the control of developers: increased technical requirements, the cost of materials, energy, financing and regulatory complexity. <\/p>\n\n\n\n<p>In this context, the priority is to restore confidence. We need to give the middle class back the desire and the means to invest in property, in order to support the production of new homes, expand the rental stock, keep rents under control for the long term and address the housing shortfall that has built up over the last ten years of strong demographic growth.<\/p>\n\n\n\n<div style=\"height:14px\" aria-hidden=\"true\" class=\"wp-block-spacer\"><\/div>\n\n\n\n<h2 class=\"wp-block-heading has-text-align-center\">Maurits van Rijckevorsel - CEO of Van Maurits Immobili\u00e8re<\/h2>\n\n\n<div class=\"wp-block-image\">\n<figure class=\"aligncenter size-large is-resized has-custom-border\"><img loading=\"lazy\" decoding=\"async\" width=\"1024\" height=\"572\" src=\"https:\/\/www.athome.lu\/blog\/wp-content\/uploads\/2026\/03\/vanmaurits-1024x572.jpg\" alt=\"\" class=\"wp-image-18575\" style=\"border-top-left-radius:13px;border-top-right-radius:13px;border-bottom-left-radius:13px;border-bottom-right-radius:13px;width:360px\" srcset=\"https:\/\/www.athome.lu\/blog\/wp-content\/uploads\/2026\/03\/vanmaurits-1024x572.jpg 1024w, https:\/\/www.athome.lu\/blog\/wp-content\/uploads\/2026\/03\/vanmaurits-300x168.jpg 300w, https:\/\/www.athome.lu\/blog\/wp-content\/uploads\/2026\/03\/vanmaurits-768x429.jpg 768w, https:\/\/www.athome.lu\/blog\/wp-content\/uploads\/2026\/03\/vanmaurits-18x10.jpg 18w, https:\/\/www.athome.lu\/blog\/wp-content\/uploads\/2026\/03\/vanmaurits.jpg 1200w\" sizes=\"auto, (max-width: 1024px) 100vw, 1024px\" \/><\/figure>\n<\/div>\n\n\n<p>War in Iran, oil under pressure, nervous bond markets: the global context at the start of 2026 is weighing heavily on Luxembourg real estate, and there is nothing to suggest that the situation will be resolved quickly. Lending rates are rising, driven by a risk premium that the markets are already predicting, irrespective of any decision by the ECB. <\/p>\n\n\n\n<blockquote class=\"wp-block-quote has-text-align-center is-layout-flow wp-block-quote-is-layout-flow\" style=\"border-style:none;border-width:0px;margin-top:var(--wp--preset--spacing--20);margin-bottom:var(--wp--preset--spacing--20);padding-top:var(--wp--preset--spacing--20);padding-bottom:var(--wp--preset--spacing--20)\">\n<p class=\"has-text-align-center has-medium-font-size\"><strong>For borrowers, each additional half-point means hundreds of euros in extra monthly payments, eroding property purchasing power that has only just begun to recover. <\/strong><\/p>\n<\/blockquote>\n\n\n\n<p>However, even the structural housing shortage, once an unassailable argument, is no longer enough to reassure: it is buyer sentiment that dictates the market, and this sentiment is showing a clear slowdown. The atHome data bear this out: new-builds are down, existing homes are barely holding up, and VEFA is still structurally in decline. On this last point, the optimistic rhetoric of some developers is hard to convince: without visibility on interest rates or a return from investors, new projects will remain timid.<\/p>\n\n\n\n<p>However, a geopolitical lull and an easing of credit conditions would be enough to reactivate demand, which is still there - our demography in Luxembourg is still solid!<\/p>\n\n\n\n<div style=\"height:17px\" aria-hidden=\"true\" class=\"wp-block-spacer\"><\/div>\n\n\n\n<p class=\"has-text-align-center\"><strong>Read our full analysis of the Luxembourg property market in the first quarter of 2026 here. <\/strong>\ud83d\udc47\ud83c\udffb<\/p>\n\n\n\n<div class=\"wp-block-buttons is-content-justification-center is-layout-flex wp-container-core-buttons-is-layout-a89b3969 wp-block-buttons-is-layout-flex\">\n<div class=\"wp-block-button\"><a class=\"wp-block-button__link has-vivid-red-background-color has-background wp-element-button\" href=\"https:\/\/www.athome.lu\/blog\/marche-immobilier\/t1-2026-loyers-sous-tension-et-prix-de-vente-orientes-a-la-baisse\/?utm_source=blog&amp;utm_medium=bouton&amp;utm_campaign=mu-t1-2026&amp;utm_content=08%2F04%2F2026\" target=\"_blank\" rel=\"noreferrer noopener\">Analysis of Q1 2026<\/a><\/div>\n<\/div>\n\n\n\n<p><\/p>","protected":false},"excerpt":{"rendered":"<p>Des prix de vente qui poursuivent leur ajustement, une baisse qui se confirme pour les appartements neufs dans un contexte encore difficile, et un march\u00e9 locatif globalement stable mais toujours sous tension : voici ce que l'on retient du premier trimestre 2026. Pour d\u00e9crypter ces \u00e9volutions, nous avons recueilli les points de vue de plusieurs [&hellip;]<\/p>\n","protected":false},"author":19,"featured_media":18613,"comment_status":"closed","ping_status":"closed","sticky":false,"template":"","format":"standard","meta":{"_acf_changed":false,"footnotes":""},"categories":[217],"tags":[],"class_list":["post-18536","post","type-post","status-publish","format-standard","has-post-thumbnail","hentry","category-marche-immobilier"],"acf":[],"yoast_head":"<!-- This site is optimized with the Yoast SEO plugin v27.4 - https:\/\/yoast.com\/product\/yoast-seo-wordpress\/ -->\n<title>Paroles d\u2019experts : ce qu\u2019il faut retenir du march\u00e9 immobilier au T1 2026 - atHome Blog<\/title>\n<meta name=\"robots\" content=\"index, follow, max-snippet:-1, max-image-preview:large, max-video-preview:-1\" \/>\n<link rel=\"canonical\" href=\"https:\/\/www.athome.lu\/blog\/en\/real-estate-market\/what-the-experts-have-to-say-about-the-property-market-in-q1-2026\/\" \/>\n<meta property=\"og:locale\" content=\"en_GB\" \/>\n<meta property=\"og:type\" content=\"article\" \/>\n<meta property=\"og:title\" content=\"Paroles d\u2019experts : ce qu\u2019il faut retenir du march\u00e9 immobilier au T1 2026 - atHome Blog\" \/>\n<meta property=\"og:description\" content=\"Des prix de vente qui poursuivent leur ajustement, une baisse qui se confirme pour les appartements neufs dans un contexte encore difficile, et un march\u00e9 locatif globalement stable mais toujours sous tension : voici ce que l&#039;on retient du premier trimestre 2026. Pour d\u00e9crypter ces \u00e9volutions, nous avons recueilli les points de vue de plusieurs [&hellip;]\" \/>\n<meta property=\"og:url\" content=\"https:\/\/www.athome.lu\/blog\/en\/real-estate-market\/what-the-experts-have-to-say-about-the-property-market-in-q1-2026\/\" \/>\n<meta property=\"og:site_name\" content=\"atHome Blog\" \/>\n<meta property=\"article:publisher\" content=\"https:\/\/www.facebook.com\/atHome.lu\/\" \/>\n<meta property=\"article:published_time\" content=\"2026-04-07T07:34:30+00:00\" \/>\n<meta property=\"article:modified_time\" content=\"2026-04-07T07:35:26+00:00\" \/>\n<meta property=\"og:image\" content=\"https:\/\/www.athome.lu\/blog\/wp-content\/uploads\/2026\/04\/AHP-Banniere-Wordpress-2-1024x305.png\" \/>\n\t<meta property=\"og:image:width\" content=\"1024\" \/>\n\t<meta property=\"og:image:height\" content=\"305\" \/>\n\t<meta property=\"og:image:type\" content=\"image\/png\" \/>\n<meta name=\"author\" content=\"atHome.lu\" \/>\n<meta name=\"twitter:card\" content=\"summary_large_image\" \/>\n<meta name=\"twitter:creator\" content=\"@athomelu\" \/>\n<meta name=\"twitter:site\" content=\"@athomelu\" \/>\n<meta name=\"twitter:label1\" content=\"Written by\" \/>\n\t<meta name=\"twitter:data1\" content=\"atHome.lu\" \/>\n\t<meta name=\"twitter:label2\" content=\"Estimated reading time\" \/>\n\t<meta name=\"twitter:data2\" content=\"6 minutes\" \/>\n<script type=\"application\/ld+json\" class=\"yoast-schema-graph\">{\"@context\":\"https:\\\/\\\/schema.org\",\"@graph\":[{\"@type\":\"Article\",\"@id\":\"https:\\\/\\\/www.athome.lu\\\/blog\\\/marche-immobilier\\\/paroles-dexperts-ce-quil-faut-retenir-du-marche-immobilier-au-t1-2026\\\/#article\",\"isPartOf\":{\"@id\":\"https:\\\/\\\/www.athome.lu\\\/blog\\\/marche-immobilier\\\/paroles-dexperts-ce-quil-faut-retenir-du-marche-immobilier-au-t1-2026\\\/\"},\"author\":{\"name\":\"atHome.lu\",\"@id\":\"https:\\\/\\\/www.athome.lu\\\/blog\\\/#\\\/schema\\\/person\\\/6b0cae19a94059156faf7f0ce969b4a0\"},\"headline\":\"Paroles d\u2019experts : ce qu\u2019il faut retenir du march\u00e9 immobilier au T1 2026\",\"datePublished\":\"2026-04-07T07:34:30+00:00\",\"dateModified\":\"2026-04-07T07:35:26+00:00\",\"mainEntityOfPage\":{\"@id\":\"https:\\\/\\\/www.athome.lu\\\/blog\\\/marche-immobilier\\\/paroles-dexperts-ce-quil-faut-retenir-du-marche-immobilier-au-t1-2026\\\/\"},\"wordCount\":1050,\"image\":{\"@id\":\"https:\\\/\\\/www.athome.lu\\\/blog\\\/marche-immobilier\\\/paroles-dexperts-ce-quil-faut-retenir-du-marche-immobilier-au-t1-2026\\\/#primaryimage\"},\"thumbnailUrl\":\"https:\\\/\\\/www.athome.lu\\\/blog\\\/wp-content\\\/uploads\\\/2026\\\/04\\\/AHP-Banniere-Wordpress-2-scaled.png\",\"articleSection\":[\"March\u00e9 immobilier\"],\"inLanguage\":\"en-GB\"},{\"@type\":\"WebPage\",\"@id\":\"https:\\\/\\\/www.athome.lu\\\/blog\\\/marche-immobilier\\\/paroles-dexperts-ce-quil-faut-retenir-du-marche-immobilier-au-t1-2026\\\/\",\"url\":\"https:\\\/\\\/www.athome.lu\\\/blog\\\/marche-immobilier\\\/paroles-dexperts-ce-quil-faut-retenir-du-marche-immobilier-au-t1-2026\\\/\",\"name\":\"Paroles d\u2019experts : ce qu\u2019il faut retenir du march\u00e9 immobilier au T1 2026 - atHome Blog\",\"isPartOf\":{\"@id\":\"https:\\\/\\\/www.athome.lu\\\/blog\\\/#website\"},\"primaryImageOfPage\":{\"@id\":\"https:\\\/\\\/www.athome.lu\\\/blog\\\/marche-immobilier\\\/paroles-dexperts-ce-quil-faut-retenir-du-marche-immobilier-au-t1-2026\\\/#primaryimage\"},\"image\":{\"@id\":\"https:\\\/\\\/www.athome.lu\\\/blog\\\/marche-immobilier\\\/paroles-dexperts-ce-quil-faut-retenir-du-marche-immobilier-au-t1-2026\\\/#primaryimage\"},\"thumbnailUrl\":\"https:\\\/\\\/www.athome.lu\\\/blog\\\/wp-content\\\/uploads\\\/2026\\\/04\\\/AHP-Banniere-Wordpress-2-scaled.png\",\"datePublished\":\"2026-04-07T07:34:30+00:00\",\"dateModified\":\"2026-04-07T07:35:26+00:00\",\"author\":{\"@id\":\"https:\\\/\\\/www.athome.lu\\\/blog\\\/#\\\/schema\\\/person\\\/6b0cae19a94059156faf7f0ce969b4a0\"},\"breadcrumb\":{\"@id\":\"https:\\\/\\\/www.athome.lu\\\/blog\\\/marche-immobilier\\\/paroles-dexperts-ce-quil-faut-retenir-du-marche-immobilier-au-t1-2026\\\/#breadcrumb\"},\"inLanguage\":\"en-GB\",\"potentialAction\":[{\"@type\":\"ReadAction\",\"target\":[\"https:\\\/\\\/www.athome.lu\\\/blog\\\/marche-immobilier\\\/paroles-dexperts-ce-quil-faut-retenir-du-marche-immobilier-au-t1-2026\\\/\"]}]},{\"@type\":\"ImageObject\",\"inLanguage\":\"en-GB\",\"@id\":\"https:\\\/\\\/www.athome.lu\\\/blog\\\/marche-immobilier\\\/paroles-dexperts-ce-quil-faut-retenir-du-marche-immobilier-au-t1-2026\\\/#primaryimage\",\"url\":\"https:\\\/\\\/www.athome.lu\\\/blog\\\/wp-content\\\/uploads\\\/2026\\\/04\\\/AHP-Banniere-Wordpress-2-scaled.png\",\"contentUrl\":\"https:\\\/\\\/www.athome.lu\\\/blog\\\/wp-content\\\/uploads\\\/2026\\\/04\\\/AHP-Banniere-Wordpress-2-scaled.png\",\"width\":2560,\"height\":763},{\"@type\":\"BreadcrumbList\",\"@id\":\"https:\\\/\\\/www.athome.lu\\\/blog\\\/marche-immobilier\\\/paroles-dexperts-ce-quil-faut-retenir-du-marche-immobilier-au-t1-2026\\\/#breadcrumb\",\"itemListElement\":[{\"@type\":\"ListItem\",\"position\":1,\"name\":\"Accueil\",\"item\":\"https:\\\/\\\/www.athome.lu\\\/blog\\\/\"},{\"@type\":\"ListItem\",\"position\":2,\"name\":\"March\u00e9 immobilier\",\"item\":\"https:\\\/\\\/www.athome.lu\\\/blog\\\/category\\\/marche-immobilier\\\/\"},{\"@type\":\"ListItem\",\"position\":3,\"name\":\"Paroles d\u2019experts : ce qu\u2019il faut retenir du march\u00e9 immobilier au T1 2026\"}]},{\"@type\":\"WebSite\",\"@id\":\"https:\\\/\\\/www.athome.lu\\\/blog\\\/#website\",\"url\":\"https:\\\/\\\/www.athome.lu\\\/blog\\\/\",\"name\":\"atHome Blog\",\"description\":\"Annonces immobili\u00e8res au Luxembourg. Le portail immobilier n\u00b01 au Luxembourg.\",\"potentialAction\":[{\"@type\":\"SearchAction\",\"target\":{\"@type\":\"EntryPoint\",\"urlTemplate\":\"https:\\\/\\\/www.athome.lu\\\/blog\\\/?s={search_term_string}\"},\"query-input\":{\"@type\":\"PropertyValueSpecification\",\"valueRequired\":true,\"valueName\":\"search_term_string\"}}],\"inLanguage\":\"en-GB\"},{\"@type\":\"Person\",\"@id\":\"https:\\\/\\\/www.athome.lu\\\/blog\\\/#\\\/schema\\\/person\\\/6b0cae19a94059156faf7f0ce969b4a0\",\"name\":\"atHome.lu\",\"image\":{\"@type\":\"ImageObject\",\"inLanguage\":\"en-GB\",\"@id\":\"https:\\\/\\\/secure.gravatar.com\\\/avatar\\\/aaf3e502d7787af3ce4793c226e9640b6ab8f2b336039142fc34b438e2e085e8?s=96&d=mm&r=g\",\"url\":\"https:\\\/\\\/secure.gravatar.com\\\/avatar\\\/aaf3e502d7787af3ce4793c226e9640b6ab8f2b336039142fc34b438e2e085e8?s=96&d=mm&r=g\",\"contentUrl\":\"https:\\\/\\\/secure.gravatar.com\\\/avatar\\\/aaf3e502d7787af3ce4793c226e9640b6ab8f2b336039142fc34b438e2e085e8?s=96&d=mm&r=g\",\"caption\":\"atHome.lu\"}}]}<\/script>\n<!-- \/ Yoast SEO plugin. -->","yoast_head_json":{"title":"What the experts have to say about the property market in Q1 2026 - atHome Blog","robots":{"index":"index","follow":"follow","max-snippet":"max-snippet:-1","max-image-preview":"max-image-preview:large","max-video-preview":"max-video-preview:-1"},"canonical":"https:\/\/www.athome.lu\/blog\/en\/real-estate-market\/what-the-experts-have-to-say-about-the-property-market-in-q1-2026\/","og_locale":"en_GB","og_type":"article","og_title":"Paroles d\u2019experts : ce qu\u2019il faut retenir du march\u00e9 immobilier au T1 2026 - atHome Blog","og_description":"Des prix de vente qui poursuivent leur ajustement, une baisse qui se confirme pour les appartements neufs dans un contexte encore difficile, et un march\u00e9 locatif globalement stable mais toujours sous tension : voici ce que l'on retient du premier trimestre 2026. Pour d\u00e9crypter ces \u00e9volutions, nous avons recueilli les points de vue de plusieurs [&hellip;]","og_url":"https:\/\/www.athome.lu\/blog\/en\/real-estate-market\/what-the-experts-have-to-say-about-the-property-market-in-q1-2026\/","og_site_name":"atHome Blog","article_publisher":"https:\/\/www.facebook.com\/atHome.lu\/","article_published_time":"2026-04-07T07:34:30+00:00","article_modified_time":"2026-04-07T07:35:26+00:00","og_image":[{"width":1024,"height":305,"url":"https:\/\/www.athome.lu\/blog\/wp-content\/uploads\/2026\/04\/AHP-Banniere-Wordpress-2-1024x305.png","type":"image\/png"}],"author":"atHome.lu","twitter_card":"summary_large_image","twitter_creator":"@athomelu","twitter_site":"@athomelu","twitter_misc":{"Written by":"atHome.lu","Estimated reading time":"6 minutes"},"schema":{"@context":"https:\/\/schema.org","@graph":[{"@type":"Article","@id":"https:\/\/www.athome.lu\/blog\/marche-immobilier\/paroles-dexperts-ce-quil-faut-retenir-du-marche-immobilier-au-t1-2026\/#article","isPartOf":{"@id":"https:\/\/www.athome.lu\/blog\/marche-immobilier\/paroles-dexperts-ce-quil-faut-retenir-du-marche-immobilier-au-t1-2026\/"},"author":{"name":"atHome.lu","@id":"https:\/\/www.athome.lu\/blog\/#\/schema\/person\/6b0cae19a94059156faf7f0ce969b4a0"},"headline":"Paroles d\u2019experts : ce qu\u2019il faut retenir du march\u00e9 immobilier au T1 2026","datePublished":"2026-04-07T07:34:30+00:00","dateModified":"2026-04-07T07:35:26+00:00","mainEntityOfPage":{"@id":"https:\/\/www.athome.lu\/blog\/marche-immobilier\/paroles-dexperts-ce-quil-faut-retenir-du-marche-immobilier-au-t1-2026\/"},"wordCount":1050,"image":{"@id":"https:\/\/www.athome.lu\/blog\/marche-immobilier\/paroles-dexperts-ce-quil-faut-retenir-du-marche-immobilier-au-t1-2026\/#primaryimage"},"thumbnailUrl":"https:\/\/www.athome.lu\/blog\/wp-content\/uploads\/2026\/04\/AHP-Banniere-Wordpress-2-scaled.png","articleSection":["March\u00e9 immobilier"],"inLanguage":"en-GB"},{"@type":"WebPage","@id":"https:\/\/www.athome.lu\/blog\/marche-immobilier\/paroles-dexperts-ce-quil-faut-retenir-du-marche-immobilier-au-t1-2026\/","url":"https:\/\/www.athome.lu\/blog\/marche-immobilier\/paroles-dexperts-ce-quil-faut-retenir-du-marche-immobilier-au-t1-2026\/","name":"What the experts have to say about the property market in Q1 2026 - atHome Blog","isPartOf":{"@id":"https:\/\/www.athome.lu\/blog\/#website"},"primaryImageOfPage":{"@id":"https:\/\/www.athome.lu\/blog\/marche-immobilier\/paroles-dexperts-ce-quil-faut-retenir-du-marche-immobilier-au-t1-2026\/#primaryimage"},"image":{"@id":"https:\/\/www.athome.lu\/blog\/marche-immobilier\/paroles-dexperts-ce-quil-faut-retenir-du-marche-immobilier-au-t1-2026\/#primaryimage"},"thumbnailUrl":"https:\/\/www.athome.lu\/blog\/wp-content\/uploads\/2026\/04\/AHP-Banniere-Wordpress-2-scaled.png","datePublished":"2026-04-07T07:34:30+00:00","dateModified":"2026-04-07T07:35:26+00:00","author":{"@id":"https:\/\/www.athome.lu\/blog\/#\/schema\/person\/6b0cae19a94059156faf7f0ce969b4a0"},"breadcrumb":{"@id":"https:\/\/www.athome.lu\/blog\/marche-immobilier\/paroles-dexperts-ce-quil-faut-retenir-du-marche-immobilier-au-t1-2026\/#breadcrumb"},"inLanguage":"en-GB","potentialAction":[{"@type":"ReadAction","target":["https:\/\/www.athome.lu\/blog\/marche-immobilier\/paroles-dexperts-ce-quil-faut-retenir-du-marche-immobilier-au-t1-2026\/"]}]},{"@type":"ImageObject","inLanguage":"en-GB","@id":"https:\/\/www.athome.lu\/blog\/marche-immobilier\/paroles-dexperts-ce-quil-faut-retenir-du-marche-immobilier-au-t1-2026\/#primaryimage","url":"https:\/\/www.athome.lu\/blog\/wp-content\/uploads\/2026\/04\/AHP-Banniere-Wordpress-2-scaled.png","contentUrl":"https:\/\/www.athome.lu\/blog\/wp-content\/uploads\/2026\/04\/AHP-Banniere-Wordpress-2-scaled.png","width":2560,"height":763},{"@type":"BreadcrumbList","@id":"https:\/\/www.athome.lu\/blog\/marche-immobilier\/paroles-dexperts-ce-quil-faut-retenir-du-marche-immobilier-au-t1-2026\/#breadcrumb","itemListElement":[{"@type":"ListItem","position":1,"name":"Accueil","item":"https:\/\/www.athome.lu\/blog\/"},{"@type":"ListItem","position":2,"name":"March\u00e9 immobilier","item":"https:\/\/www.athome.lu\/blog\/category\/marche-immobilier\/"},{"@type":"ListItem","position":3,"name":"Paroles d\u2019experts : ce qu\u2019il faut retenir du march\u00e9 immobilier au T1 2026"}]},{"@type":"WebSite","@id":"https:\/\/www.athome.lu\/blog\/#website","url":"https:\/\/www.athome.lu\/blog\/","name":"atHome Blog","description":"Real estate ads in Luxembourg. The n\u00b01 real estate portal in Luxembourg.","potentialAction":[{"@type":"SearchAction","target":{"@type":"EntryPoint","urlTemplate":"https:\/\/www.athome.lu\/blog\/?s={search_term_string}"},"query-input":{"@type":"PropertyValueSpecification","valueRequired":true,"valueName":"search_term_string"}}],"inLanguage":"en-GB"},{"@type":"Person","@id":"https:\/\/www.athome.lu\/blog\/#\/schema\/person\/6b0cae19a94059156faf7f0ce969b4a0","name":"atHome.lu","image":{"@type":"ImageObject","inLanguage":"en-GB","@id":"https:\/\/secure.gravatar.com\/avatar\/aaf3e502d7787af3ce4793c226e9640b6ab8f2b336039142fc34b438e2e085e8?s=96&d=mm&r=g","url":"https:\/\/secure.gravatar.com\/avatar\/aaf3e502d7787af3ce4793c226e9640b6ab8f2b336039142fc34b438e2e085e8?s=96&d=mm&r=g","contentUrl":"https:\/\/secure.gravatar.com\/avatar\/aaf3e502d7787af3ce4793c226e9640b6ab8f2b336039142fc34b438e2e085e8?s=96&d=mm&r=g","caption":"atHome.lu"}}]}},"featured_media_src_url":"https:\/\/www.athome.lu\/blog\/wp-content\/uploads\/2026\/04\/AHP-Banniere-Wordpress-2-1024x305.png","_links":{"self":[{"href":"https:\/\/www.athome.lu\/blog\/en\/wp-json\/wp\/v2\/posts\/18536","targetHints":{"allow":["GET"]}}],"collection":[{"href":"https:\/\/www.athome.lu\/blog\/en\/wp-json\/wp\/v2\/posts"}],"about":[{"href":"https:\/\/www.athome.lu\/blog\/en\/wp-json\/wp\/v2\/types\/post"}],"author":[{"embeddable":true,"href":"https:\/\/www.athome.lu\/blog\/en\/wp-json\/wp\/v2\/users\/19"}],"replies":[{"embeddable":true,"href":"https:\/\/www.athome.lu\/blog\/en\/wp-json\/wp\/v2\/comments?post=18536"}],"version-history":[{"count":35,"href":"https:\/\/www.athome.lu\/blog\/en\/wp-json\/wp\/v2\/posts\/18536\/revisions"}],"predecessor-version":[{"id":18624,"href":"https:\/\/www.athome.lu\/blog\/en\/wp-json\/wp\/v2\/posts\/18536\/revisions\/18624"}],"wp:featuredmedia":[{"embeddable":true,"href":"https:\/\/www.athome.lu\/blog\/en\/wp-json\/wp\/v2\/media\/18613"}],"wp:attachment":[{"href":"https:\/\/www.athome.lu\/blog\/en\/wp-json\/wp\/v2\/media?parent=18536"}],"wp:term":[{"taxonomy":"category","embeddable":true,"href":"https:\/\/www.athome.lu\/blog\/en\/wp-json\/wp\/v2\/categories?post=18536"},{"taxonomy":"post_tag","embeddable":true,"href":"https:\/\/www.athome.lu\/blog\/en\/wp-json\/wp\/v2\/tags?post=18536"}],"curies":[{"name":"wp","href":"https:\/\/api.w.org\/{rel}","templated":true}]}}